{"id":12869,"date":"2025-06-06T19:47:46","date_gmt":"2025-06-06T22:47:46","guid":{"rendered":"https:\/\/autofans.com.ar\/?p=12869"},"modified":"2025-06-06T19:47:46","modified_gmt":"2025-06-06T22:47:46","slug":"volkswagen-en-agroactiva-2025-estrenos-camiones-y-beneficios-exclusivos","status":"publish","type":"post","link":"https:\/\/autofans.com.ar\/index.php\/2025\/06\/06\/volkswagen-en-agroactiva-2025-estrenos-camiones-y-beneficios-exclusivos\/","title":{"rendered":"Volkswagen en Agroactiva 2025, estrenos, camiones y beneficios exclusivos"},"content":{"rendered":"<p class=\"ds-markdown-paragraph\">Del 4 al 7 de junio, Volkswagen participa en Agroactiva, la exposici\u00f3n agropecuaria m\u00e1s importante de Am\u00e9rica, que se realiza en Armstrong, Santa Fe. La marca presenta sus modelos m\u00e1s destacados, incluyendo el Taos Highline Bitono, la Saveiro cabina simple, dos versiones de la Amarok nacional y el estreno del nuevo T-Cross \u00abExtreme\u00bb.<\/p>\n<p class=\"ds-markdown-paragraph\">Los camiones Volkswagen tambi\u00e9n tienen un rol protag\u00f3nico, con el Delivery 9.180, los Constellation 17.280, 25.360 y 33.460, y el Meteor 28.460, completando la oferta de veh\u00edculos extrapesados.<\/p>\n<h3><\/h3>\n<p>Agroactiva &#8211; novedades y experiencias en el stand<\/p>\n<p>&nbsp;<\/p>\n<div id='gallery-1' class='gallery galleryid-12869 gallery-columns-2 gallery-size-full'><figure class='gallery-item'>\n\t\t\t<div class='gallery-icon landscape'>\n\t\t\t\t<a href='https:\/\/autofans.com.ar\/index.php\/2025\/06\/06\/volkswagen-en-agroactiva-2025-estrenos-camiones-y-beneficios-exclusivos\/volks-2\/'><img loading=\"lazy\" width=\"1000\" height=\"667\" src=\"https:\/\/autofans.com.ar\/wp-content\/uploads\/2025\/06\/volks-2.jpg\" class=\"attachment-full size-full\" alt=\"Agroactiva\" srcset=\"https:\/\/autofans.com.ar\/wp-content\/uploads\/2025\/06\/volks-2.jpg 1000w, https:\/\/autofans.com.ar\/wp-content\/uploads\/2025\/06\/volks-2-300x200.jpg 300w, https:\/\/autofans.com.ar\/wp-content\/uploads\/2025\/06\/volks-2-768x512.jpg 768w\" sizes=\"auto, (max-width: 1000px) 100vw, 1000px\" loading=\"lazy\" decoding=\"async\" \/><\/a>\n\t\t\t<\/div><\/figure><figure class='gallery-item'>\n\t\t\t<div class='gallery-icon landscape'>\n\t\t\t\t<a href='https:\/\/autofans.com.ar\/index.php\/2025\/06\/06\/volkswagen-en-agroactiva-2025-estrenos-camiones-y-beneficios-exclusivos\/volks-3\/'><img loading=\"lazy\" width=\"1000\" height=\"667\" src=\"https:\/\/autofans.com.ar\/wp-content\/uploads\/2025\/06\/volks-3.jpg\" class=\"attachment-full size-full\" alt=\"Agroactiva\" srcset=\"https:\/\/autofans.com.ar\/wp-content\/uploads\/2025\/06\/volks-3.jpg 1000w, https:\/\/autofans.com.ar\/wp-content\/uploads\/2025\/06\/volks-3-300x200.jpg 300w, https:\/\/autofans.com.ar\/wp-content\/uploads\/2025\/06\/volks-3-768x512.jpg 768w\" sizes=\"auto, (max-width: 1000px) 100vw, 1000px\" loading=\"lazy\" decoding=\"async\" \/><\/a>\n\t\t\t<\/div><\/figure>\n\t\t<\/div>\n\n<p>&nbsp;<\/p>\n<p class=\"ds-markdown-paragraph\">El espacio de Volkswagen en Agroactiva 2025 est\u00e1 renovado y ofrece:<\/p>\n<ul>\n<li>\n<p class=\"ds-markdown-paragraph\">Primera exhibici\u00f3n p\u00fablica del T-Cross \u00abExtreme\u00bb, con tecnolog\u00eda avanzada y detalles exclusivos.<\/p>\n<\/li>\n<li>\n<p class=\"ds-markdown-paragraph\">Simuladores de manejo para pick-ups Amarok y camiones.<\/p>\n<\/li>\n<li>\n<p class=\"ds-markdown-paragraph\">Realidad virtual y una pista de autos a escala para los visitantes.<\/p>\n<\/li>\n<\/ul>\n<p class=\"ds-markdown-paragraph\">Adem\u00e1s, se exhiben las versiones Trendline 4&#215;2 y Extreme V6 de la Amarok, junto con el Taos Highline y la Saveiro Trendline.<\/p>\n<p>&nbsp;<\/p>\n<h2>Camiones y buses &#8211; financiaci\u00f3n y charlas t\u00e9cnicas<\/h2>\n<p>&nbsp;<\/p>\n<p><img fetchpriority=\"high\" decoding=\"async\" class=\"aligncenter wp-image-12870 size-full\" src=\"https:\/\/autofans.com.ar\/wp-content\/uploads\/2025\/06\/volks-7.jpg\" alt=\"\" width=\"1000\" height=\"667\" srcset=\"https:\/\/autofans.com.ar\/wp-content\/uploads\/2025\/06\/volks-7.jpg 1000w, https:\/\/autofans.com.ar\/wp-content\/uploads\/2025\/06\/volks-7-300x200.jpg 300w, https:\/\/autofans.com.ar\/wp-content\/uploads\/2025\/06\/volks-7-768x512.jpg 768w\" sizes=\"(max-width: 1000px) 100vw, 1000px\" \/><\/p>\n<p>&nbsp;<\/p>\n<p class=\"ds-markdown-paragraph\">La divisi\u00f3n Camiones y Buses despliega su gama completa, con condiciones especiales:<\/p>\n<ul>\n<li>\n<p class=\"ds-markdown-paragraph\">Tasa 0% a 12 meses con cr\u00e9ditos prendarios UVA del Banco Santander R\u00edo (v\u00e1lido en junio).<\/p>\n<\/li>\n<li>\n<p class=\"ds-markdown-paragraph\">Charlas t\u00e9cnicas diarias sobre el Motor MAN D26 y la caja Traxon, a cargo de Jos\u00e9 Pandolfini, Gerente Zonal de Postventa.<\/p>\n<\/li>\n<\/ul>\n<p>&nbsp;<\/p>\n<h2>Agroactiva\u00a0postventa &#8211; servicios m\u00f3viles y accesorios<\/h2>\n<p>&nbsp;<\/p>\n<div id='gallery-2' class='gallery galleryid-12869 gallery-columns-2 gallery-size-full'><figure class='gallery-item'>\n\t\t\t<div class='gallery-icon landscape'>\n\t\t\t\t<a href='https:\/\/autofans.com.ar\/index.php\/2025\/06\/06\/volkswagen-en-agroactiva-2025-estrenos-camiones-y-beneficios-exclusivos\/volks-8\/'><img loading=\"lazy\" width=\"1000\" height=\"667\" src=\"https:\/\/autofans.com.ar\/wp-content\/uploads\/2025\/06\/volks-8.jpg\" class=\"attachment-full size-full\" alt=\"volks-8\" srcset=\"https:\/\/autofans.com.ar\/wp-content\/uploads\/2025\/06\/volks-8.jpg 1000w, https:\/\/autofans.com.ar\/wp-content\/uploads\/2025\/06\/volks-8-300x200.jpg 300w, https:\/\/autofans.com.ar\/wp-content\/uploads\/2025\/06\/volks-8-768x512.jpg 768w\" sizes=\"auto, (max-width: 1000px) 100vw, 1000px\" loading=\"lazy\" decoding=\"async\" \/><\/a>\n\t\t\t<\/div><\/figure><figure class='gallery-item'>\n\t\t\t<div class='gallery-icon landscape'>\n\t\t\t\t<a href='https:\/\/autofans.com.ar\/index.php\/2025\/06\/06\/volkswagen-en-agroactiva-2025-estrenos-camiones-y-beneficios-exclusivos\/volks-5\/'><img loading=\"lazy\" width=\"1000\" height=\"667\" src=\"https:\/\/autofans.com.ar\/wp-content\/uploads\/2025\/06\/volks-5.jpg\" class=\"attachment-full size-full\" alt=\"Agroactiva\" srcset=\"https:\/\/autofans.com.ar\/wp-content\/uploads\/2025\/06\/volks-5.jpg 1000w, https:\/\/autofans.com.ar\/wp-content\/uploads\/2025\/06\/volks-5-300x200.jpg 300w, https:\/\/autofans.com.ar\/wp-content\/uploads\/2025\/06\/volks-5-768x512.jpg 768w\" sizes=\"auto, (max-width: 1000px) 100vw, 1000px\" loading=\"lazy\" decoding=\"async\" \/><\/a>\n\t\t\t<\/div><\/figure>\n\t\t<\/div>\n\n<p>&nbsp;<\/p>\n<p class=\"ds-markdown-paragraph\">Volkswagen presenta su Unidad de Servicio M\u00f3vil, una Amarok equipada como taller para asistencia a domicilio. Entre los servicios destacan:<\/p>\n<ul>\n<li>\n<p class=\"ds-markdown-paragraph\">Mantenimiento b\u00e1sico.<\/p>\n<\/li>\n<li>\n<p class=\"ds-markdown-paragraph\">Cambio de discos y pastillas de freno.<\/p>\n<\/li>\n<li>\n<p class=\"ds-markdown-paragraph\">Instalaci\u00f3n de accesorios.<\/p>\n<\/li>\n<\/ul>\n<p class=\"ds-markdown-paragraph\">Tambi\u00e9n se exhibe la colecci\u00f3n de bicicletas Volkswagen (MTB Highline, MTB Starter, Urbana y Plegable) y la l\u00ednea de accesorios Lifestyle, disponibles en concesionarios y Mercado Libre.<\/p>\n<p class=\"ds-markdown-paragraph\">Como beneficio adicional, la marca ofrece el primer servicio de mantenimiento bonificado y contratos con precio fijo, aplicables en cualquier concesionario oficial.<\/p>\n<p>&nbsp;<\/p>\n<p>&nbsp;<\/p>\n<p>&nbsp;<\/p>\n<p><i>Para enterarte de m\u00e1s novedades, no dejes de leer\u00a0<\/i><a href=\"https:\/\/autofans.thebrandsoup.com\/\"><i>nuestras notas<\/i><\/a><i>, de ver\u00a0<\/i><a href=\"https:\/\/www.youtube.com\/channel\/UCgAC8UGHZYbT6P7PpmVnP7g\"><i>AUTOFANS TV<\/i><\/a><i>\u00a0en nuestro\u00a0canal de Youtube. Adem\u00e1s seguinos en\u00a0<\/i><a href=\"https:\/\/www.instagram.com\/autofanstv\/\"><i>INSTAGRAM<\/i><\/a><i> y <\/i><a href=\"https:\/\/www.facebook.com\/autofansmas\/\"><i>FACEBOOK<\/i><\/a><i> para no perderte nada sobre las novedades del segmento automotor de Argentina y el mundo.<\/i><\/p>\n","protected":false},"excerpt":{"rendered":"<p>Del 4 al 7 de junio, Volkswagen participa en Agroactiva, la exposici\u00f3n agropecuaria m\u00e1s importante&#8230;<\/p>\n","protected":false},"author":2,"featured_media":12873,"comment_status":"closed","ping_status":"closed","sticky":false,"template":"","format":"standard","meta":{"footnotes":""},"categories":[16,10],"tags":[6821,883,5694,4226,5559,4372,6851,444,382],"class_list":["post-12869","post","type-post","status-publish","format-standard","has-post-thumbnail","hentry","category-noticias","category-utilitarios-y-pesados-lanzamientos","tag-agroactiva-2025","tag-amarok","tag-camiones-argentinos","tag-feria-agropecuaria","tag-financiacion-tasa-0","tag-postventa-volkswagen","tag-t-cross-extreme","tag-vehiculos-comerciales","tag-volkswagen"],"yoast_head":"<!-- This site is optimized with the Yoast SEO plugin v27.5 - https:\/\/yoast.com\/product\/yoast-seo-wordpress\/ -->\n<title>Volkswagen en Agroactiva 2025, estrenos, camiones y beneficios exclusivos -<\/title>\n<meta name=\"description\" content=\"Del 4 al 7 de junio, Volkswagen participa en Agroactiva, la exposici\u00f3n agropecuaria de Am\u00e9rica, que se realiza en Armstrong, Santa Fe...\" \/>\n<meta name=\"robots\" content=\"index, follow, max-snippet:-1, max-image-preview:large, max-video-preview:-1\" \/>\n<link rel=\"canonical\" href=\"https:\/\/autofans.com.ar\/index.php\/2025\/06\/06\/volkswagen-en-agroactiva-2025-estrenos-camiones-y-beneficios-exclusivos\/\" \/>\n<meta property=\"og:locale\" content=\"es_ES\" \/>\n<meta property=\"og:type\" content=\"article\" \/>\n<meta property=\"og:title\" content=\"Volkswagen en Agroactiva 2025, estrenos, camiones y beneficios exclusivos -\" \/>\n<meta property=\"og:description\" content=\"Del 4 al 7 de junio, Volkswagen participa en Agroactiva, la exposici\u00f3n agropecuaria de Am\u00e9rica, que se realiza en Armstrong, Santa Fe...\" \/>\n<meta property=\"og:url\" content=\"https:\/\/autofans.com.ar\/index.php\/2025\/06\/06\/volkswagen-en-agroactiva-2025-estrenos-camiones-y-beneficios-exclusivos\/\" \/>\n<meta property=\"article:published_time\" content=\"2025-06-06T22:47:46+00:00\" \/>\n<meta property=\"og:image\" content=\"https:\/\/autofans.com.ar\/wp-content\/uploads\/2025\/06\/volks-4.jpg\" \/>\n\t<meta property=\"og:image:width\" content=\"1000\" \/>\n\t<meta property=\"og:image:height\" content=\"667\" \/>\n\t<meta property=\"og:image:type\" content=\"image\/jpeg\" \/>\n<meta name=\"author\" content=\"Alejandro Gabriel Rosito\" \/>\n<meta name=\"twitter:card\" content=\"summary_large_image\" \/>\n<meta name=\"twitter:label1\" content=\"Escrito por\" \/>\n\t<meta name=\"twitter:data1\" content=\"Alejandro Gabriel Rosito\" \/>\n\t<meta name=\"twitter:label2\" content=\"Tiempo de lectura\" \/>\n\t<meta name=\"twitter:data2\" content=\"2 minutos\" \/>\n<script type=\"application\/ld+json\" class=\"yoast-schema-graph\">{\"@context\":\"https:\\\/\\\/schema.org\",\"@graph\":[{\"@type\":\"Article\",\"@id\":\"https:\\\/\\\/autofans.com.ar\\\/index.php\\\/2025\\\/06\\\/06\\\/volkswagen-en-agroactiva-2025-estrenos-camiones-y-beneficios-exclusivos\\\/#article\",\"isPartOf\":{\"@id\":\"https:\\\/\\\/autofans.com.ar\\\/index.php\\\/2025\\\/06\\\/06\\\/volkswagen-en-agroactiva-2025-estrenos-camiones-y-beneficios-exclusivos\\\/\"},\"author\":{\"name\":\"Alejandro Gabriel Rosito\",\"@id\":\"https:\\\/\\\/autofans.com.ar\\\/#\\\/schema\\\/person\\\/4a8dda0b6df83ac3d6723e921274c2aa\"},\"headline\":\"Volkswagen en Agroactiva 2025, estrenos, camiones y beneficios exclusivos\",\"datePublished\":\"2025-06-06T22:47:46+00:00\",\"mainEntityOfPage\":{\"@id\":\"https:\\\/\\\/autofans.com.ar\\\/index.php\\\/2025\\\/06\\\/06\\\/volkswagen-en-agroactiva-2025-estrenos-camiones-y-beneficios-exclusivos\\\/\"},\"wordCount\":386,\"image\":{\"@id\":\"https:\\\/\\\/autofans.com.ar\\\/index.php\\\/2025\\\/06\\\/06\\\/volkswagen-en-agroactiva-2025-estrenos-camiones-y-beneficios-exclusivos\\\/#primaryimage\"},\"thumbnailUrl\":\"https:\\\/\\\/autofans.com.ar\\\/wp-content\\\/uploads\\\/2025\\\/06\\\/volks-4.jpg\",\"keywords\":[\"Agroactiva 2025\",\"Amarok\",\"camiones argentinos\",\"feria agropecuaria\",\"financiaci\u00f3n Tasa 0\",\"postventa Volkswagen\",\"T-Cross Extreme\",\"Veh\u00edculos Comerciales\",\"Volkswagen\"],\"articleSection\":[\"NOTICIAS\",\"Pick Ups, Utilitarios y Pesados\"],\"inLanguage\":\"es\"},{\"@type\":\"WebPage\",\"@id\":\"https:\\\/\\\/autofans.com.ar\\\/index.php\\\/2025\\\/06\\\/06\\\/volkswagen-en-agroactiva-2025-estrenos-camiones-y-beneficios-exclusivos\\\/\",\"url\":\"https:\\\/\\\/autofans.com.ar\\\/index.php\\\/2025\\\/06\\\/06\\\/volkswagen-en-agroactiva-2025-estrenos-camiones-y-beneficios-exclusivos\\\/\",\"name\":\"Volkswagen en Agroactiva 2025, estrenos, camiones y beneficios exclusivos -\",\"isPartOf\":{\"@id\":\"https:\\\/\\\/autofans.com.ar\\\/#website\"},\"primaryImageOfPage\":{\"@id\":\"https:\\\/\\\/autofans.com.ar\\\/index.php\\\/2025\\\/06\\\/06\\\/volkswagen-en-agroactiva-2025-estrenos-camiones-y-beneficios-exclusivos\\\/#primaryimage\"},\"image\":{\"@id\":\"https:\\\/\\\/autofans.com.ar\\\/index.php\\\/2025\\\/06\\\/06\\\/volkswagen-en-agroactiva-2025-estrenos-camiones-y-beneficios-exclusivos\\\/#primaryimage\"},\"thumbnailUrl\":\"https:\\\/\\\/autofans.com.ar\\\/wp-content\\\/uploads\\\/2025\\\/06\\\/volks-4.jpg\",\"datePublished\":\"2025-06-06T22:47:46+00:00\",\"author\":{\"@id\":\"https:\\\/\\\/autofans.com.ar\\\/#\\\/schema\\\/person\\\/4a8dda0b6df83ac3d6723e921274c2aa\"},\"description\":\"Del 4 al 7 de junio, Volkswagen participa en Agroactiva, la exposici\u00f3n agropecuaria de Am\u00e9rica, que se realiza en Armstrong, Santa Fe...\",\"breadcrumb\":{\"@id\":\"https:\\\/\\\/autofans.com.ar\\\/index.php\\\/2025\\\/06\\\/06\\\/volkswagen-en-agroactiva-2025-estrenos-camiones-y-beneficios-exclusivos\\\/#breadcrumb\"},\"inLanguage\":\"es\",\"potentialAction\":[{\"@type\":\"ReadAction\",\"target\":[\"https:\\\/\\\/autofans.com.ar\\\/index.php\\\/2025\\\/06\\\/06\\\/volkswagen-en-agroactiva-2025-estrenos-camiones-y-beneficios-exclusivos\\\/\"]}]},{\"@type\":\"ImageObject\",\"inLanguage\":\"es\",\"@id\":\"https:\\\/\\\/autofans.com.ar\\\/index.php\\\/2025\\\/06\\\/06\\\/volkswagen-en-agroactiva-2025-estrenos-camiones-y-beneficios-exclusivos\\\/#primaryimage\",\"url\":\"https:\\\/\\\/autofans.com.ar\\\/wp-content\\\/uploads\\\/2025\\\/06\\\/volks-4.jpg\",\"contentUrl\":\"https:\\\/\\\/autofans.com.ar\\\/wp-content\\\/uploads\\\/2025\\\/06\\\/volks-4.jpg\",\"width\":1000,\"height\":667,\"caption\":\"Agroactiva\"},{\"@type\":\"BreadcrumbList\",\"@id\":\"https:\\\/\\\/autofans.com.ar\\\/index.php\\\/2025\\\/06\\\/06\\\/volkswagen-en-agroactiva-2025-estrenos-camiones-y-beneficios-exclusivos\\\/#breadcrumb\",\"itemListElement\":[{\"@type\":\"ListItem\",\"position\":1,\"name\":\"Inicio\",\"item\":\"https:\\\/\\\/autofans.com.ar\\\/\"},{\"@type\":\"ListItem\",\"position\":2,\"name\":\"Volkswagen en Agroactiva 2025, estrenos, camiones y beneficios exclusivos\"}]},{\"@type\":\"WebSite\",\"@id\":\"https:\\\/\\\/autofans.com.ar\\\/#website\",\"url\":\"https:\\\/\\\/autofans.com.ar\\\/\",\"name\":\"\",\"description\":\"El multimedio referente de la industria automotriz\",\"potentialAction\":[{\"@type\":\"SearchAction\",\"target\":{\"@type\":\"EntryPoint\",\"urlTemplate\":\"https:\\\/\\\/autofans.com.ar\\\/?s={search_term_string}\"},\"query-input\":{\"@type\":\"PropertyValueSpecification\",\"valueRequired\":true,\"valueName\":\"search_term_string\"}}],\"inLanguage\":\"es\"},{\"@type\":\"Person\",\"@id\":\"https:\\\/\\\/autofans.com.ar\\\/#\\\/schema\\\/person\\\/4a8dda0b6df83ac3d6723e921274c2aa\",\"name\":\"Alejandro Gabriel Rosito\",\"image\":{\"@type\":\"ImageObject\",\"inLanguage\":\"es\",\"@id\":\"https:\\\/\\\/secure.gravatar.com\\\/avatar\\\/16c5dda1489adfc62618084dcbb91cffd879c374b13fe5dd8e44ed6733852c88?s=96&d=mm&r=g\",\"url\":\"https:\\\/\\\/secure.gravatar.com\\\/avatar\\\/16c5dda1489adfc62618084dcbb91cffd879c374b13fe5dd8e44ed6733852c88?s=96&d=mm&r=g\",\"contentUrl\":\"https:\\\/\\\/secure.gravatar.com\\\/avatar\\\/16c5dda1489adfc62618084dcbb91cffd879c374b13fe5dd8e44ed6733852c88?s=96&d=mm&r=g\",\"caption\":\"Alejandro Gabriel Rosito\"},\"url\":\"https:\\\/\\\/autofans.com.ar\\\/index.php\\\/author\\\/gabrielr\\\/\"}]}<\/script>\n<!-- \/ Yoast SEO plugin. -->","yoast_head_json":{"title":"Volkswagen en Agroactiva 2025, estrenos, camiones y beneficios exclusivos -","description":"Del 4 al 7 de junio, Volkswagen participa en Agroactiva, la exposici\u00f3n agropecuaria de Am\u00e9rica, que se realiza en Armstrong, Santa Fe...","robots":{"index":"index","follow":"follow","max-snippet":"max-snippet:-1","max-image-preview":"max-image-preview:large","max-video-preview":"max-video-preview:-1"},"canonical":"https:\/\/autofans.com.ar\/index.php\/2025\/06\/06\/volkswagen-en-agroactiva-2025-estrenos-camiones-y-beneficios-exclusivos\/","og_locale":"es_ES","og_type":"article","og_title":"Volkswagen en Agroactiva 2025, estrenos, camiones y beneficios exclusivos -","og_description":"Del 4 al 7 de junio, Volkswagen participa en Agroactiva, la exposici\u00f3n agropecuaria de Am\u00e9rica, que se realiza en Armstrong, Santa Fe...","og_url":"https:\/\/autofans.com.ar\/index.php\/2025\/06\/06\/volkswagen-en-agroactiva-2025-estrenos-camiones-y-beneficios-exclusivos\/","article_published_time":"2025-06-06T22:47:46+00:00","og_image":[{"width":1000,"height":667,"url":"https:\/\/autofans.com.ar\/wp-content\/uploads\/2025\/06\/volks-4.jpg","type":"image\/jpeg"}],"author":"Alejandro Gabriel Rosito","twitter_card":"summary_large_image","twitter_misc":{"Escrito por":"Alejandro Gabriel Rosito","Tiempo de lectura":"2 minutos"},"schema":{"@context":"https:\/\/schema.org","@graph":[{"@type":"Article","@id":"https:\/\/autofans.com.ar\/index.php\/2025\/06\/06\/volkswagen-en-agroactiva-2025-estrenos-camiones-y-beneficios-exclusivos\/#article","isPartOf":{"@id":"https:\/\/autofans.com.ar\/index.php\/2025\/06\/06\/volkswagen-en-agroactiva-2025-estrenos-camiones-y-beneficios-exclusivos\/"},"author":{"name":"Alejandro Gabriel Rosito","@id":"https:\/\/autofans.com.ar\/#\/schema\/person\/4a8dda0b6df83ac3d6723e921274c2aa"},"headline":"Volkswagen en Agroactiva 2025, estrenos, camiones y beneficios exclusivos","datePublished":"2025-06-06T22:47:46+00:00","mainEntityOfPage":{"@id":"https:\/\/autofans.com.ar\/index.php\/2025\/06\/06\/volkswagen-en-agroactiva-2025-estrenos-camiones-y-beneficios-exclusivos\/"},"wordCount":386,"image":{"@id":"https:\/\/autofans.com.ar\/index.php\/2025\/06\/06\/volkswagen-en-agroactiva-2025-estrenos-camiones-y-beneficios-exclusivos\/#primaryimage"},"thumbnailUrl":"https:\/\/autofans.com.ar\/wp-content\/uploads\/2025\/06\/volks-4.jpg","keywords":["Agroactiva 2025","Amarok","camiones argentinos","feria agropecuaria","financiaci\u00f3n Tasa 0","postventa Volkswagen","T-Cross Extreme","Veh\u00edculos Comerciales","Volkswagen"],"articleSection":["NOTICIAS","Pick Ups, Utilitarios y Pesados"],"inLanguage":"es"},{"@type":"WebPage","@id":"https:\/\/autofans.com.ar\/index.php\/2025\/06\/06\/volkswagen-en-agroactiva-2025-estrenos-camiones-y-beneficios-exclusivos\/","url":"https:\/\/autofans.com.ar\/index.php\/2025\/06\/06\/volkswagen-en-agroactiva-2025-estrenos-camiones-y-beneficios-exclusivos\/","name":"Volkswagen en Agroactiva 2025, estrenos, camiones y beneficios exclusivos -","isPartOf":{"@id":"https:\/\/autofans.com.ar\/#website"},"primaryImageOfPage":{"@id":"https:\/\/autofans.com.ar\/index.php\/2025\/06\/06\/volkswagen-en-agroactiva-2025-estrenos-camiones-y-beneficios-exclusivos\/#primaryimage"},"image":{"@id":"https:\/\/autofans.com.ar\/index.php\/2025\/06\/06\/volkswagen-en-agroactiva-2025-estrenos-camiones-y-beneficios-exclusivos\/#primaryimage"},"thumbnailUrl":"https:\/\/autofans.com.ar\/wp-content\/uploads\/2025\/06\/volks-4.jpg","datePublished":"2025-06-06T22:47:46+00:00","author":{"@id":"https:\/\/autofans.com.ar\/#\/schema\/person\/4a8dda0b6df83ac3d6723e921274c2aa"},"description":"Del 4 al 7 de junio, Volkswagen participa en Agroactiva, la exposici\u00f3n agropecuaria de Am\u00e9rica, que se realiza en Armstrong, Santa Fe...","breadcrumb":{"@id":"https:\/\/autofans.com.ar\/index.php\/2025\/06\/06\/volkswagen-en-agroactiva-2025-estrenos-camiones-y-beneficios-exclusivos\/#breadcrumb"},"inLanguage":"es","potentialAction":[{"@type":"ReadAction","target":["https:\/\/autofans.com.ar\/index.php\/2025\/06\/06\/volkswagen-en-agroactiva-2025-estrenos-camiones-y-beneficios-exclusivos\/"]}]},{"@type":"ImageObject","inLanguage":"es","@id":"https:\/\/autofans.com.ar\/index.php\/2025\/06\/06\/volkswagen-en-agroactiva-2025-estrenos-camiones-y-beneficios-exclusivos\/#primaryimage","url":"https:\/\/autofans.com.ar\/wp-content\/uploads\/2025\/06\/volks-4.jpg","contentUrl":"https:\/\/autofans.com.ar\/wp-content\/uploads\/2025\/06\/volks-4.jpg","width":1000,"height":667,"caption":"Agroactiva"},{"@type":"BreadcrumbList","@id":"https:\/\/autofans.com.ar\/index.php\/2025\/06\/06\/volkswagen-en-agroactiva-2025-estrenos-camiones-y-beneficios-exclusivos\/#breadcrumb","itemListElement":[{"@type":"ListItem","position":1,"name":"Inicio","item":"https:\/\/autofans.com.ar\/"},{"@type":"ListItem","position":2,"name":"Volkswagen en Agroactiva 2025, estrenos, camiones y beneficios exclusivos"}]},{"@type":"WebSite","@id":"https:\/\/autofans.com.ar\/#website","url":"https:\/\/autofans.com.ar\/","name":"","description":"El multimedio referente de la industria automotriz","potentialAction":[{"@type":"SearchAction","target":{"@type":"EntryPoint","urlTemplate":"https:\/\/autofans.com.ar\/?s={search_term_string}"},"query-input":{"@type":"PropertyValueSpecification","valueRequired":true,"valueName":"search_term_string"}}],"inLanguage":"es"},{"@type":"Person","@id":"https:\/\/autofans.com.ar\/#\/schema\/person\/4a8dda0b6df83ac3d6723e921274c2aa","name":"Alejandro Gabriel Rosito","image":{"@type":"ImageObject","inLanguage":"es","@id":"https:\/\/secure.gravatar.com\/avatar\/16c5dda1489adfc62618084dcbb91cffd879c374b13fe5dd8e44ed6733852c88?s=96&d=mm&r=g","url":"https:\/\/secure.gravatar.com\/avatar\/16c5dda1489adfc62618084dcbb91cffd879c374b13fe5dd8e44ed6733852c88?s=96&d=mm&r=g","contentUrl":"https:\/\/secure.gravatar.com\/avatar\/16c5dda1489adfc62618084dcbb91cffd879c374b13fe5dd8e44ed6733852c88?s=96&d=mm&r=g","caption":"Alejandro Gabriel Rosito"},"url":"https:\/\/autofans.com.ar\/index.php\/author\/gabrielr\/"}]}},"featured_image_urls":{"full":["https:\/\/autofans.com.ar\/wp-content\/uploads\/2025\/06\/volks-4.jpg",1000,667,false],"thumbnail":["https:\/\/autofans.com.ar\/wp-content\/uploads\/2025\/06\/volks-4-150x150.jpg",150,150,true],"medium":["https:\/\/autofans.com.ar\/wp-content\/uploads\/2025\/06\/volks-4-300x200.jpg",300,200,true],"medium_large":["https:\/\/autofans.com.ar\/wp-content\/uploads\/2025\/06\/volks-4-768x512.jpg",640,427,true],"large":["https:\/\/autofans.com.ar\/wp-content\/uploads\/2025\/06\/volks-4.jpg",640,427,false],"1536x1536":["https:\/\/autofans.com.ar\/wp-content\/uploads\/2025\/06\/volks-4.jpg",1000,667,false],"2048x2048":["https:\/\/autofans.com.ar\/wp-content\/uploads\/2025\/06\/volks-4.jpg",1000,667,false],"covernews-featured":["https:\/\/autofans.com.ar\/wp-content\/uploads\/2025\/06\/volks-4.jpg",1000,667,false],"covernews-medium":["https:\/\/autofans.com.ar\/wp-content\/uploads\/2025\/06\/volks-4-540x340.jpg",540,340,true]},"author_info":{"display_name":"Alejandro Gabriel Rosito","author_link":"https:\/\/autofans.com.ar\/index.php\/author\/gabrielr\/"},"category_info":"<a href=\"https:\/\/autofans.com.ar\/index.php\/category\/noticias\/\" rel=\"category tag\">NOTICIAS<\/a> <a href=\"https:\/\/autofans.com.ar\/index.php\/category\/lanzamientos\/utilitarios-y-pesados-lanzamientos\/\" rel=\"category tag\">Pick Ups, Utilitarios y Pesados<\/a>","tag_info":"Pick Ups, Utilitarios y Pesados","comment_count":0,"_links":{"self":[{"href":"https:\/\/autofans.com.ar\/index.php\/wp-json\/wp\/v2\/posts\/12869","targetHints":{"allow":["GET"]}}],"collection":[{"href":"https:\/\/autofans.com.ar\/index.php\/wp-json\/wp\/v2\/posts"}],"about":[{"href":"https:\/\/autofans.com.ar\/index.php\/wp-json\/wp\/v2\/types\/post"}],"author":[{"embeddable":true,"href":"https:\/\/autofans.com.ar\/index.php\/wp-json\/wp\/v2\/users\/2"}],"replies":[{"embeddable":true,"href":"https:\/\/autofans.com.ar\/index.php\/wp-json\/wp\/v2\/comments?post=12869"}],"version-history":[{"count":2,"href":"https:\/\/autofans.com.ar\/index.php\/wp-json\/wp\/v2\/posts\/12869\/revisions"}],"predecessor-version":[{"id":12879,"href":"https:\/\/autofans.com.ar\/index.php\/wp-json\/wp\/v2\/posts\/12869\/revisions\/12879"}],"wp:featuredmedia":[{"embeddable":true,"href":"https:\/\/autofans.com.ar\/index.php\/wp-json\/wp\/v2\/media\/12873"}],"wp:attachment":[{"href":"https:\/\/autofans.com.ar\/index.php\/wp-json\/wp\/v2\/media?parent=12869"}],"wp:term":[{"taxonomy":"category","embeddable":true,"href":"https:\/\/autofans.com.ar\/index.php\/wp-json\/wp\/v2\/categories?post=12869"},{"taxonomy":"post_tag","embeddable":true,"href":"https:\/\/autofans.com.ar\/index.php\/wp-json\/wp\/v2\/tags?post=12869"}],"curies":[{"name":"wp","href":"https:\/\/api.w.org\/{rel}","templated":true}]}}