{"id":12885,"date":"2025-06-09T19:35:38","date_gmt":"2025-06-09T22:35:38","guid":{"rendered":"https:\/\/autofans.com.ar\/?p=12885"},"modified":"2025-06-09T19:35:38","modified_gmt":"2025-06-09T22:35:38","slug":"mercedes-benz-en-agroactiva-2025-innovacion-para-el-campo","status":"publish","type":"post","link":"https:\/\/autofans.com.ar\/index.php\/2025\/06\/09\/mercedes-benz-en-agroactiva-2025-innovacion-para-el-campo\/","title":{"rendered":"Mercedes-Benz en Agroactiva 2025, innovaci\u00f3n para el campo"},"content":{"rendered":"<p class=\"ds-markdown-paragraph\">Del 4 al 7 de junio, Mercedes-Benz Camiones y Buses participa en Agroactiva 2025, la megamuestra agropecuaria en Armstrong, Santa Fe. Con un stand de 900 m\u00b2, la marca despliega su Nueva Generaci\u00f3n de Camiones, servicios avanzados y opciones de financiaci\u00f3n dise\u00f1adas para potenciar el sector.<\/p>\n<p>&nbsp;<\/p>\n<h2>La propuesta de camiones &#8211; tecnolog\u00eda y eficiencia<\/h2>\n<p>&nbsp;<\/p>\n<p><img fetchpriority=\"high\" decoding=\"async\" class=\"aligncenter wp-image-12886 size-full\" src=\"https:\/\/autofans.com.ar\/wp-content\/uploads\/2025\/06\/mercedes-4-1.jpg\" alt=\"Agroactiva 2025\" width=\"1000\" height=\"667\" srcset=\"https:\/\/autofans.com.ar\/wp-content\/uploads\/2025\/06\/mercedes-4-1.jpg 1000w, https:\/\/autofans.com.ar\/wp-content\/uploads\/2025\/06\/mercedes-4-1-300x200.jpg 300w, https:\/\/autofans.com.ar\/wp-content\/uploads\/2025\/06\/mercedes-4-1-768x512.jpg 768w\" sizes=\"(max-width: 1000px) 100vw, 1000px\" \/><\/p>\n<p>&nbsp;<\/p>\n<p class=\"ds-markdown-paragraph\">El portafolio incluye modelos nacionales e internacionales, destacados por su rendimiento y adaptabilidad:<\/p>\n<ul>\n<li>\n<p class=\"ds-markdown-paragraph\">Actros 2545 LS\/33: Ideal para transporte de larga distancia.<\/p>\n<\/li>\n<li>\n<p class=\"ds-markdown-paragraph\">Atego 1721\/48 y 1732\/42: Optimizados para cargas semipesadas.<\/p>\n<\/li>\n<li>\n<p class=\"ds-markdown-paragraph\">Atego 1932 LS\/36: Potencia para media y larga distancia.<\/p>\n<\/li>\n<li>\n<p class=\"ds-markdown-paragraph\">Accelo 1116\/39: Agilidad en transporte liviano con caja automatizada.<\/p>\n<\/li>\n<\/ul>\n<p>&nbsp;<\/p>\n<blockquote>\n<p style=\"text-align: center;\">\u00abAcompa\u00f1amos a quienes mueven al mundo y hacen crecer a la Argentina. En esta ocasi\u00f3n, con una propuesta especialmente pensada para el agro, nos encontraremos presentes en Agroactiva 2025 mostrando la nueva generaci\u00f3n de camiones Mercedes-Benz y un portfolio de servicios que est\u00e1n preparados para responder al ritmo del campo\u00bb, coment\u00f3 Roberto Faist, Gerente de Producto &amp; Marketing de Mercedes-Benz Camiones.<\/p>\n<\/blockquote>\n<p>&nbsp;<\/p>\n<h2>Servicios que marcan la diferencia<\/h2>\n<p>&nbsp;<\/p>\n<p><img decoding=\"async\" class=\"aligncenter wp-image-12888 size-full\" src=\"https:\/\/autofans.com.ar\/wp-content\/uploads\/2025\/06\/mercedes-2-1.jpg\" alt=\"Agroactiva 2025\" width=\"1000\" height=\"667\" srcset=\"https:\/\/autofans.com.ar\/wp-content\/uploads\/2025\/06\/mercedes-2-1.jpg 1000w, https:\/\/autofans.com.ar\/wp-content\/uploads\/2025\/06\/mercedes-2-1-300x200.jpg 300w, https:\/\/autofans.com.ar\/wp-content\/uploads\/2025\/06\/mercedes-2-1-768x512.jpg 768w\" sizes=\"(max-width: 1000px) 100vw, 1000px\" \/><\/p>\n<p>&nbsp;<\/p>\n<p>&nbsp;<\/p>\n<p class=\"ds-markdown-paragraph\">Mercedes-Benz refuerza su compromiso con herramientas que mejoran la rentabilidad y disponibilidad de las flotas:<\/p>\n<p class=\"ds-markdown-paragraph\">FleetBoard: Monitoreo en tiempo real con telemetr\u00eda, alertas personalizadas y an\u00e1lisis predictivo. Integrado con Truck Uptime para anticipar fallas.<\/p>\n<p class=\"ds-markdown-paragraph\">Serviceplus (Mantenimiento Flex): Planes adaptables seg\u00fan kilometraje, ideal para demandas estacionales del agro.<\/p>\n<p class=\"ds-markdown-paragraph\">Asistencia 24\/7: Soporte vial integral (gr\u00faas, mec\u00e1nica ligera) y atenci\u00f3n v\u00eda WhatsApp o al 0800-999-6222.<\/p>\n<p class=\"ds-markdown-paragraph\">Torre de Control: Agiliza reparaciones en talleres para modelos Actros y Arocs, reduciendo tiempos de inactividad.<\/p>\n<p>&nbsp;<\/p>\n<blockquote>\n<p style=\"text-align: center;\">\u201cEstamos presentes en una de las principales ferias regionales del pa\u00eds, acompa\u00f1ando a un sector clave para el desarrollo de la Argentina como es el campo. Cada cliente es \u00fanico, por eso ofrecemos una propuesta 360\u00b0, que abarca desde la adquisici\u00f3n del cami\u00f3n hasta el servicio postventa, con soluciones a medida que reducen costos, optimizan tiempos y aseguran la m\u00e1xima disponibilidad operativa en cada etapa del camino\u201d, afirm\u00f3 Paula D\u00edaz, Gerenta de Servicios al Cliente y Conectividad de Mercedes-Benz Camiones y Buses.<\/p>\n<\/blockquote>\n<p>&nbsp;<\/p>\n<h2>Agroactiva 2025 &#8211; financiaci\u00f3n a medida para el agro<\/h2>\n<p>&nbsp;<\/p>\n<p><img decoding=\"async\" class=\"aligncenter wp-image-12889 size-full\" src=\"https:\/\/autofans.com.ar\/wp-content\/uploads\/2025\/06\/mercedes-1-1.jpg\" alt=\"Agroactiva 2025\" width=\"1000\" height=\"667\" srcset=\"https:\/\/autofans.com.ar\/wp-content\/uploads\/2025\/06\/mercedes-1-1.jpg 1000w, https:\/\/autofans.com.ar\/wp-content\/uploads\/2025\/06\/mercedes-1-1-300x200.jpg 300w, https:\/\/autofans.com.ar\/wp-content\/uploads\/2025\/06\/mercedes-1-1-768x512.jpg 768w\" sizes=\"(max-width: 1000px) 100vw, 1000px\" \/><\/p>\n<p>&nbsp;<\/p>\n<p class=\"ds-markdown-paragraph\">Mercedes-Benz Compa\u00f1\u00eda Financiera lanz\u00f3 una l\u00ednea en d\u00f3lares para clientes con ingresos en esa moneda, en alianza con Banco Galicia. Adem\u00e1s, ofrece:<\/p>\n<ul>\n<li>\n<p class=\"ds-markdown-paragraph\">Leasing con cobertura del 100% del veh\u00edculo.<\/p>\n<\/li>\n<li>\n<p class=\"ds-markdown-paragraph\">Cr\u00e9ditos prendarios y capital de trabajo para flotas, repuestos y productos REMAN.<\/p>\n<\/li>\n<\/ul>\n<p class=\"ds-markdown-paragraph\">Con 45 puntos de atenci\u00f3n en el pa\u00eds, la marca consolida su rol como aliado estrat\u00e9gico del campo argentino.<\/p>\n<p class=\"ds-markdown-paragraph\">Descarg\u00e1 las fichas t\u00e9cnicas ac\u00e1: <a href=\"https:\/\/www.mercedes-benz-trucks.com.ar\/fichatecnica\/#!\/\" target=\"_blank\" rel=\"noopener noreferrer\">Mercedes-Benz Trucks Argentina<\/a><\/p>\n<p>&nbsp;<\/p>\n<p>&nbsp;<\/p>\n<p>&nbsp;<\/p>\n<p><i>Para enterarte de m\u00e1s novedades, no dejes de leer\u00a0<\/i><a href=\"https:\/\/autofans.thebrandsoup.com\/\"><i>nuestras notas<\/i><\/a><i>, de ver\u00a0<\/i><a href=\"https:\/\/www.youtube.com\/channel\/UCgAC8UGHZYbT6P7PpmVnP7g\"><i>AUTOFANS TV<\/i><\/a><i>\u00a0en nuestro\u00a0canal de Youtube. Adem\u00e1s seguinos en\u00a0<\/i><a href=\"https:\/\/www.instagram.com\/autofanstv\/\"><i>INSTAGRAM<\/i><\/a><i> y <\/i><a href=\"https:\/\/www.facebook.com\/autofansmas\/\"><i>FACEBOOK<\/i><\/a><i> para no perderte nada sobre las novedades del segmento automotor de Argentina y el mundo.<\/i><\/p>\n","protected":false},"excerpt":{"rendered":"<p>Del 4 al 7 de junio, Mercedes-Benz Camiones y Buses participa en Agroactiva 2025, la&#8230;<\/p>\n","protected":false},"author":2,"featured_media":12887,"comment_status":"closed","ping_status":"closed","sticky":false,"template":"","format":"standard","meta":{"footnotes":""},"categories":[16,10],"tags":[1000,6860,6821,6863,6861,6857,6858,5079,6862,364,6859,797],"class_list":["post-12885","post","type-post","status-publish","format-standard","has-post-thumbnail","hentry","category-noticias","category-utilitarios-y-pesados-lanzamientos","tag-accelo","tag-actros","tag-agroactiva-2025","tag-asistencia-vial-24-7","tag-atego","tag-camiones-agropecuarios","tag-financiacion-para-el-campo","tag-fleetboard","tag-leasing-camiones","tag-mercedes-benz","tag-serviceplus","tag-transporte-de-carga"],"yoast_head":"<!-- This site is optimized with the Yoast SEO plugin v27.5 - https:\/\/yoast.com\/product\/yoast-seo-wordpress\/ -->\n<title>Mercedes-Benz en Agroactiva 2025, innovaci\u00f3n para el campo -<\/title>\n<meta name=\"description\" content=\"Del 4 al 7 de junio, Mercedes-Benz Camiones y Buses participa en Agroactiva 2025, la megamuestra agropecuaria en Armstrong, Santa Fe...\" \/>\n<meta name=\"robots\" content=\"index, follow, max-snippet:-1, max-image-preview:large, max-video-preview:-1\" \/>\n<link rel=\"canonical\" href=\"https:\/\/autofans.com.ar\/index.php\/2025\/06\/09\/mercedes-benz-en-agroactiva-2025-innovacion-para-el-campo\/\" \/>\n<meta property=\"og:locale\" content=\"es_ES\" \/>\n<meta property=\"og:type\" content=\"article\" \/>\n<meta property=\"og:title\" content=\"Mercedes-Benz en Agroactiva 2025, innovaci\u00f3n para el campo -\" \/>\n<meta property=\"og:description\" content=\"Del 4 al 7 de junio, Mercedes-Benz Camiones y Buses participa en Agroactiva 2025, la megamuestra agropecuaria en Armstrong, Santa Fe...\" \/>\n<meta property=\"og:url\" content=\"https:\/\/autofans.com.ar\/index.php\/2025\/06\/09\/mercedes-benz-en-agroactiva-2025-innovacion-para-el-campo\/\" \/>\n<meta property=\"article:published_time\" content=\"2025-06-09T22:35:38+00:00\" \/>\n<meta property=\"og:image\" content=\"https:\/\/autofans.com.ar\/wp-content\/uploads\/2025\/06\/mercedes-3-1.jpg\" \/>\n\t<meta property=\"og:image:width\" content=\"1000\" \/>\n\t<meta property=\"og:image:height\" content=\"667\" \/>\n\t<meta property=\"og:image:type\" content=\"image\/jpeg\" \/>\n<meta name=\"author\" content=\"Alejandro Gabriel Rosito\" \/>\n<meta name=\"twitter:card\" content=\"summary_large_image\" \/>\n<meta name=\"twitter:label1\" content=\"Escrito por\" \/>\n\t<meta name=\"twitter:data1\" content=\"Alejandro Gabriel Rosito\" \/>\n\t<meta name=\"twitter:label2\" content=\"Tiempo de lectura\" \/>\n\t<meta name=\"twitter:data2\" content=\"3 minutos\" \/>\n<script type=\"application\/ld+json\" class=\"yoast-schema-graph\">{\"@context\":\"https:\\\/\\\/schema.org\",\"@graph\":[{\"@type\":\"Article\",\"@id\":\"https:\\\/\\\/autofans.com.ar\\\/index.php\\\/2025\\\/06\\\/09\\\/mercedes-benz-en-agroactiva-2025-innovacion-para-el-campo\\\/#article\",\"isPartOf\":{\"@id\":\"https:\\\/\\\/autofans.com.ar\\\/index.php\\\/2025\\\/06\\\/09\\\/mercedes-benz-en-agroactiva-2025-innovacion-para-el-campo\\\/\"},\"author\":{\"name\":\"Alejandro Gabriel Rosito\",\"@id\":\"https:\\\/\\\/autofans.com.ar\\\/#\\\/schema\\\/person\\\/4a8dda0b6df83ac3d6723e921274c2aa\"},\"headline\":\"Mercedes-Benz en Agroactiva 2025, innovaci\u00f3n para el campo\",\"datePublished\":\"2025-06-09T22:35:38+00:00\",\"mainEntityOfPage\":{\"@id\":\"https:\\\/\\\/autofans.com.ar\\\/index.php\\\/2025\\\/06\\\/09\\\/mercedes-benz-en-agroactiva-2025-innovacion-para-el-campo\\\/\"},\"wordCount\":489,\"image\":{\"@id\":\"https:\\\/\\\/autofans.com.ar\\\/index.php\\\/2025\\\/06\\\/09\\\/mercedes-benz-en-agroactiva-2025-innovacion-para-el-campo\\\/#primaryimage\"},\"thumbnailUrl\":\"https:\\\/\\\/autofans.com.ar\\\/wp-content\\\/uploads\\\/2025\\\/06\\\/mercedes-3-1.jpg\",\"keywords\":[\"Accelo\",\"Actros\",\"Agroactiva 2025\",\"asistencia vial 24\\\/7\",\"Atego\",\"camiones agropecuarios\",\"financiaci\u00f3n para el campo\",\"Fleetboard\",\"leasing camiones\",\"Mercedes-Benz\",\"Serviceplus\",\"transporte de carga\"],\"articleSection\":[\"NOTICIAS\",\"Pick Ups, Utilitarios y Pesados\"],\"inLanguage\":\"es\"},{\"@type\":\"WebPage\",\"@id\":\"https:\\\/\\\/autofans.com.ar\\\/index.php\\\/2025\\\/06\\\/09\\\/mercedes-benz-en-agroactiva-2025-innovacion-para-el-campo\\\/\",\"url\":\"https:\\\/\\\/autofans.com.ar\\\/index.php\\\/2025\\\/06\\\/09\\\/mercedes-benz-en-agroactiva-2025-innovacion-para-el-campo\\\/\",\"name\":\"Mercedes-Benz en Agroactiva 2025, innovaci\u00f3n para el campo -\",\"isPartOf\":{\"@id\":\"https:\\\/\\\/autofans.com.ar\\\/#website\"},\"primaryImageOfPage\":{\"@id\":\"https:\\\/\\\/autofans.com.ar\\\/index.php\\\/2025\\\/06\\\/09\\\/mercedes-benz-en-agroactiva-2025-innovacion-para-el-campo\\\/#primaryimage\"},\"image\":{\"@id\":\"https:\\\/\\\/autofans.com.ar\\\/index.php\\\/2025\\\/06\\\/09\\\/mercedes-benz-en-agroactiva-2025-innovacion-para-el-campo\\\/#primaryimage\"},\"thumbnailUrl\":\"https:\\\/\\\/autofans.com.ar\\\/wp-content\\\/uploads\\\/2025\\\/06\\\/mercedes-3-1.jpg\",\"datePublished\":\"2025-06-09T22:35:38+00:00\",\"author\":{\"@id\":\"https:\\\/\\\/autofans.com.ar\\\/#\\\/schema\\\/person\\\/4a8dda0b6df83ac3d6723e921274c2aa\"},\"description\":\"Del 4 al 7 de junio, Mercedes-Benz Camiones y Buses participa en Agroactiva 2025, la megamuestra agropecuaria en Armstrong, Santa Fe...\",\"breadcrumb\":{\"@id\":\"https:\\\/\\\/autofans.com.ar\\\/index.php\\\/2025\\\/06\\\/09\\\/mercedes-benz-en-agroactiva-2025-innovacion-para-el-campo\\\/#breadcrumb\"},\"inLanguage\":\"es\",\"potentialAction\":[{\"@type\":\"ReadAction\",\"target\":[\"https:\\\/\\\/autofans.com.ar\\\/index.php\\\/2025\\\/06\\\/09\\\/mercedes-benz-en-agroactiva-2025-innovacion-para-el-campo\\\/\"]}]},{\"@type\":\"ImageObject\",\"inLanguage\":\"es\",\"@id\":\"https:\\\/\\\/autofans.com.ar\\\/index.php\\\/2025\\\/06\\\/09\\\/mercedes-benz-en-agroactiva-2025-innovacion-para-el-campo\\\/#primaryimage\",\"url\":\"https:\\\/\\\/autofans.com.ar\\\/wp-content\\\/uploads\\\/2025\\\/06\\\/mercedes-3-1.jpg\",\"contentUrl\":\"https:\\\/\\\/autofans.com.ar\\\/wp-content\\\/uploads\\\/2025\\\/06\\\/mercedes-3-1.jpg\",\"width\":1000,\"height\":667,\"caption\":\"Agroactiva 2025\"},{\"@type\":\"BreadcrumbList\",\"@id\":\"https:\\\/\\\/autofans.com.ar\\\/index.php\\\/2025\\\/06\\\/09\\\/mercedes-benz-en-agroactiva-2025-innovacion-para-el-campo\\\/#breadcrumb\",\"itemListElement\":[{\"@type\":\"ListItem\",\"position\":1,\"name\":\"Inicio\",\"item\":\"https:\\\/\\\/autofans.com.ar\\\/\"},{\"@type\":\"ListItem\",\"position\":2,\"name\":\"Mercedes-Benz en Agroactiva 2025, innovaci\u00f3n para el campo\"}]},{\"@type\":\"WebSite\",\"@id\":\"https:\\\/\\\/autofans.com.ar\\\/#website\",\"url\":\"https:\\\/\\\/autofans.com.ar\\\/\",\"name\":\"\",\"description\":\"El multimedio referente de la industria automotriz\",\"potentialAction\":[{\"@type\":\"SearchAction\",\"target\":{\"@type\":\"EntryPoint\",\"urlTemplate\":\"https:\\\/\\\/autofans.com.ar\\\/?s={search_term_string}\"},\"query-input\":{\"@type\":\"PropertyValueSpecification\",\"valueRequired\":true,\"valueName\":\"search_term_string\"}}],\"inLanguage\":\"es\"},{\"@type\":\"Person\",\"@id\":\"https:\\\/\\\/autofans.com.ar\\\/#\\\/schema\\\/person\\\/4a8dda0b6df83ac3d6723e921274c2aa\",\"name\":\"Alejandro Gabriel Rosito\",\"image\":{\"@type\":\"ImageObject\",\"inLanguage\":\"es\",\"@id\":\"https:\\\/\\\/secure.gravatar.com\\\/avatar\\\/16c5dda1489adfc62618084dcbb91cffd879c374b13fe5dd8e44ed6733852c88?s=96&d=mm&r=g\",\"url\":\"https:\\\/\\\/secure.gravatar.com\\\/avatar\\\/16c5dda1489adfc62618084dcbb91cffd879c374b13fe5dd8e44ed6733852c88?s=96&d=mm&r=g\",\"contentUrl\":\"https:\\\/\\\/secure.gravatar.com\\\/avatar\\\/16c5dda1489adfc62618084dcbb91cffd879c374b13fe5dd8e44ed6733852c88?s=96&d=mm&r=g\",\"caption\":\"Alejandro Gabriel Rosito\"},\"url\":\"https:\\\/\\\/autofans.com.ar\\\/index.php\\\/author\\\/gabrielr\\\/\"}]}<\/script>\n<!-- \/ Yoast SEO plugin. -->","yoast_head_json":{"title":"Mercedes-Benz en Agroactiva 2025, innovaci\u00f3n para el campo -","description":"Del 4 al 7 de junio, Mercedes-Benz Camiones y Buses participa en Agroactiva 2025, la megamuestra agropecuaria en Armstrong, Santa Fe...","robots":{"index":"index","follow":"follow","max-snippet":"max-snippet:-1","max-image-preview":"max-image-preview:large","max-video-preview":"max-video-preview:-1"},"canonical":"https:\/\/autofans.com.ar\/index.php\/2025\/06\/09\/mercedes-benz-en-agroactiva-2025-innovacion-para-el-campo\/","og_locale":"es_ES","og_type":"article","og_title":"Mercedes-Benz en Agroactiva 2025, innovaci\u00f3n para el campo -","og_description":"Del 4 al 7 de junio, Mercedes-Benz Camiones y Buses participa en Agroactiva 2025, la megamuestra agropecuaria en Armstrong, Santa Fe...","og_url":"https:\/\/autofans.com.ar\/index.php\/2025\/06\/09\/mercedes-benz-en-agroactiva-2025-innovacion-para-el-campo\/","article_published_time":"2025-06-09T22:35:38+00:00","og_image":[{"width":1000,"height":667,"url":"https:\/\/autofans.com.ar\/wp-content\/uploads\/2025\/06\/mercedes-3-1.jpg","type":"image\/jpeg"}],"author":"Alejandro Gabriel Rosito","twitter_card":"summary_large_image","twitter_misc":{"Escrito por":"Alejandro Gabriel Rosito","Tiempo de lectura":"3 minutos"},"schema":{"@context":"https:\/\/schema.org","@graph":[{"@type":"Article","@id":"https:\/\/autofans.com.ar\/index.php\/2025\/06\/09\/mercedes-benz-en-agroactiva-2025-innovacion-para-el-campo\/#article","isPartOf":{"@id":"https:\/\/autofans.com.ar\/index.php\/2025\/06\/09\/mercedes-benz-en-agroactiva-2025-innovacion-para-el-campo\/"},"author":{"name":"Alejandro Gabriel Rosito","@id":"https:\/\/autofans.com.ar\/#\/schema\/person\/4a8dda0b6df83ac3d6723e921274c2aa"},"headline":"Mercedes-Benz en Agroactiva 2025, innovaci\u00f3n para el campo","datePublished":"2025-06-09T22:35:38+00:00","mainEntityOfPage":{"@id":"https:\/\/autofans.com.ar\/index.php\/2025\/06\/09\/mercedes-benz-en-agroactiva-2025-innovacion-para-el-campo\/"},"wordCount":489,"image":{"@id":"https:\/\/autofans.com.ar\/index.php\/2025\/06\/09\/mercedes-benz-en-agroactiva-2025-innovacion-para-el-campo\/#primaryimage"},"thumbnailUrl":"https:\/\/autofans.com.ar\/wp-content\/uploads\/2025\/06\/mercedes-3-1.jpg","keywords":["Accelo","Actros","Agroactiva 2025","asistencia vial 24\/7","Atego","camiones agropecuarios","financiaci\u00f3n para el campo","Fleetboard","leasing camiones","Mercedes-Benz","Serviceplus","transporte de carga"],"articleSection":["NOTICIAS","Pick Ups, Utilitarios y Pesados"],"inLanguage":"es"},{"@type":"WebPage","@id":"https:\/\/autofans.com.ar\/index.php\/2025\/06\/09\/mercedes-benz-en-agroactiva-2025-innovacion-para-el-campo\/","url":"https:\/\/autofans.com.ar\/index.php\/2025\/06\/09\/mercedes-benz-en-agroactiva-2025-innovacion-para-el-campo\/","name":"Mercedes-Benz en Agroactiva 2025, innovaci\u00f3n para el campo -","isPartOf":{"@id":"https:\/\/autofans.com.ar\/#website"},"primaryImageOfPage":{"@id":"https:\/\/autofans.com.ar\/index.php\/2025\/06\/09\/mercedes-benz-en-agroactiva-2025-innovacion-para-el-campo\/#primaryimage"},"image":{"@id":"https:\/\/autofans.com.ar\/index.php\/2025\/06\/09\/mercedes-benz-en-agroactiva-2025-innovacion-para-el-campo\/#primaryimage"},"thumbnailUrl":"https:\/\/autofans.com.ar\/wp-content\/uploads\/2025\/06\/mercedes-3-1.jpg","datePublished":"2025-06-09T22:35:38+00:00","author":{"@id":"https:\/\/autofans.com.ar\/#\/schema\/person\/4a8dda0b6df83ac3d6723e921274c2aa"},"description":"Del 4 al 7 de junio, Mercedes-Benz Camiones y Buses participa en Agroactiva 2025, la megamuestra agropecuaria en Armstrong, Santa Fe...","breadcrumb":{"@id":"https:\/\/autofans.com.ar\/index.php\/2025\/06\/09\/mercedes-benz-en-agroactiva-2025-innovacion-para-el-campo\/#breadcrumb"},"inLanguage":"es","potentialAction":[{"@type":"ReadAction","target":["https:\/\/autofans.com.ar\/index.php\/2025\/06\/09\/mercedes-benz-en-agroactiva-2025-innovacion-para-el-campo\/"]}]},{"@type":"ImageObject","inLanguage":"es","@id":"https:\/\/autofans.com.ar\/index.php\/2025\/06\/09\/mercedes-benz-en-agroactiva-2025-innovacion-para-el-campo\/#primaryimage","url":"https:\/\/autofans.com.ar\/wp-content\/uploads\/2025\/06\/mercedes-3-1.jpg","contentUrl":"https:\/\/autofans.com.ar\/wp-content\/uploads\/2025\/06\/mercedes-3-1.jpg","width":1000,"height":667,"caption":"Agroactiva 2025"},{"@type":"BreadcrumbList","@id":"https:\/\/autofans.com.ar\/index.php\/2025\/06\/09\/mercedes-benz-en-agroactiva-2025-innovacion-para-el-campo\/#breadcrumb","itemListElement":[{"@type":"ListItem","position":1,"name":"Inicio","item":"https:\/\/autofans.com.ar\/"},{"@type":"ListItem","position":2,"name":"Mercedes-Benz en Agroactiva 2025, innovaci\u00f3n para el campo"}]},{"@type":"WebSite","@id":"https:\/\/autofans.com.ar\/#website","url":"https:\/\/autofans.com.ar\/","name":"","description":"El multimedio referente de la industria automotriz","potentialAction":[{"@type":"SearchAction","target":{"@type":"EntryPoint","urlTemplate":"https:\/\/autofans.com.ar\/?s={search_term_string}"},"query-input":{"@type":"PropertyValueSpecification","valueRequired":true,"valueName":"search_term_string"}}],"inLanguage":"es"},{"@type":"Person","@id":"https:\/\/autofans.com.ar\/#\/schema\/person\/4a8dda0b6df83ac3d6723e921274c2aa","name":"Alejandro Gabriel Rosito","image":{"@type":"ImageObject","inLanguage":"es","@id":"https:\/\/secure.gravatar.com\/avatar\/16c5dda1489adfc62618084dcbb91cffd879c374b13fe5dd8e44ed6733852c88?s=96&d=mm&r=g","url":"https:\/\/secure.gravatar.com\/avatar\/16c5dda1489adfc62618084dcbb91cffd879c374b13fe5dd8e44ed6733852c88?s=96&d=mm&r=g","contentUrl":"https:\/\/secure.gravatar.com\/avatar\/16c5dda1489adfc62618084dcbb91cffd879c374b13fe5dd8e44ed6733852c88?s=96&d=mm&r=g","caption":"Alejandro Gabriel Rosito"},"url":"https:\/\/autofans.com.ar\/index.php\/author\/gabrielr\/"}]}},"featured_image_urls":{"full":["https:\/\/autofans.com.ar\/wp-content\/uploads\/2025\/06\/mercedes-3-1.jpg",1000,667,false],"thumbnail":["https:\/\/autofans.com.ar\/wp-content\/uploads\/2025\/06\/mercedes-3-1-150x150.jpg",150,150,true],"medium":["https:\/\/autofans.com.ar\/wp-content\/uploads\/2025\/06\/mercedes-3-1-300x200.jpg",300,200,true],"medium_large":["https:\/\/autofans.com.ar\/wp-content\/uploads\/2025\/06\/mercedes-3-1-768x512.jpg",640,427,true],"large":["https:\/\/autofans.com.ar\/wp-content\/uploads\/2025\/06\/mercedes-3-1.jpg",640,427,false],"1536x1536":["https:\/\/autofans.com.ar\/wp-content\/uploads\/2025\/06\/mercedes-3-1.jpg",1000,667,false],"2048x2048":["https:\/\/autofans.com.ar\/wp-content\/uploads\/2025\/06\/mercedes-3-1.jpg",1000,667,false],"covernews-featured":["https:\/\/autofans.com.ar\/wp-content\/uploads\/2025\/06\/mercedes-3-1.jpg",1000,667,false],"covernews-medium":["https:\/\/autofans.com.ar\/wp-content\/uploads\/2025\/06\/mercedes-3-1-540x340.jpg",540,340,true]},"author_info":{"display_name":"Alejandro Gabriel Rosito","author_link":"https:\/\/autofans.com.ar\/index.php\/author\/gabrielr\/"},"category_info":"<a href=\"https:\/\/autofans.com.ar\/index.php\/category\/noticias\/\" rel=\"category tag\">NOTICIAS<\/a> <a href=\"https:\/\/autofans.com.ar\/index.php\/category\/lanzamientos\/utilitarios-y-pesados-lanzamientos\/\" rel=\"category tag\">Pick Ups, Utilitarios y Pesados<\/a>","tag_info":"Pick Ups, Utilitarios y Pesados","comment_count":0,"_links":{"self":[{"href":"https:\/\/autofans.com.ar\/index.php\/wp-json\/wp\/v2\/posts\/12885","targetHints":{"allow":["GET"]}}],"collection":[{"href":"https:\/\/autofans.com.ar\/index.php\/wp-json\/wp\/v2\/posts"}],"about":[{"href":"https:\/\/autofans.com.ar\/index.php\/wp-json\/wp\/v2\/types\/post"}],"author":[{"embeddable":true,"href":"https:\/\/autofans.com.ar\/index.php\/wp-json\/wp\/v2\/users\/2"}],"replies":[{"embeddable":true,"href":"https:\/\/autofans.com.ar\/index.php\/wp-json\/wp\/v2\/comments?post=12885"}],"version-history":[{"count":3,"href":"https:\/\/autofans.com.ar\/index.php\/wp-json\/wp\/v2\/posts\/12885\/revisions"}],"predecessor-version":[{"id":12892,"href":"https:\/\/autofans.com.ar\/index.php\/wp-json\/wp\/v2\/posts\/12885\/revisions\/12892"}],"wp:featuredmedia":[{"embeddable":true,"href":"https:\/\/autofans.com.ar\/index.php\/wp-json\/wp\/v2\/media\/12887"}],"wp:attachment":[{"href":"https:\/\/autofans.com.ar\/index.php\/wp-json\/wp\/v2\/media?parent=12885"}],"wp:term":[{"taxonomy":"category","embeddable":true,"href":"https:\/\/autofans.com.ar\/index.php\/wp-json\/wp\/v2\/categories?post=12885"},{"taxonomy":"post_tag","embeddable":true,"href":"https:\/\/autofans.com.ar\/index.php\/wp-json\/wp\/v2\/tags?post=12885"}],"curies":[{"name":"wp","href":"https:\/\/api.w.org\/{rel}","templated":true}]}}