{"id":12903,"date":"2025-06-10T14:34:02","date_gmt":"2025-06-10T17:34:02","guid":{"rendered":"https:\/\/autofans.com.ar\/?p=12903"},"modified":"2025-06-10T19:53:22","modified_gmt":"2025-06-10T22:53:22","slug":"llegan-los-ds-hibridos-el-ds-3-y-ds-4-hybrid","status":"publish","type":"post","link":"https:\/\/autofans.com.ar\/index.php\/2025\/06\/10\/llegan-los-ds-hibridos-el-ds-3-y-ds-4-hybrid\/","title":{"rendered":"Llegan los DS h\u00edbridos, el DS 3 y DS 4 Hybrid"},"content":{"rendered":"<p class=\"ds-markdown-paragraph\">DS Automobiles present\u00f3 en el pa\u00eds las versiones h\u00edbridas autorrecargables del DS 3 Hybrid y DS 4 Hybrid, fabricados en Europa. Estos modelos se integran a la gama existente, ofreciendo una alternativa m\u00e1s eficiente sin necesidad de enchufe.<\/p>\n<p>&nbsp;<\/p>\n<h2>Motorizaci\u00f3n y rendimiento &#8211; combustible y electricidad en equilibrio<\/h2>\n<p>&nbsp;<\/p>\n<div id='gallery-1' class='gallery galleryid-12903 gallery-columns-2 gallery-size-full'><figure class='gallery-item'>\n\t\t\t<div class='gallery-icon landscape'>\n\t\t\t\t<a href='https:\/\/autofans.com.ar\/index.php\/2025\/06\/10\/llegan-los-ds-hibridos-el-ds-3-y-ds-4-hybrid\/ds-1-9\/'><img loading=\"lazy\" width=\"1000\" height=\"667\" src=\"https:\/\/autofans.com.ar\/wp-content\/uploads\/2025\/06\/ds-1-1.jpg\" class=\"attachment-full size-full\" alt=\"DS\" srcset=\"https:\/\/autofans.com.ar\/wp-content\/uploads\/2025\/06\/ds-1-1.jpg 1000w, https:\/\/autofans.com.ar\/wp-content\/uploads\/2025\/06\/ds-1-1-300x200.jpg 300w, https:\/\/autofans.com.ar\/wp-content\/uploads\/2025\/06\/ds-1-1-768x512.jpg 768w\" sizes=\"auto, (max-width: 1000px) 100vw, 1000px\" loading=\"lazy\" decoding=\"async\" \/><\/a>\n\t\t\t<\/div><\/figure><figure class='gallery-item'>\n\t\t\t<div class='gallery-icon landscape'>\n\t\t\t\t<a href='https:\/\/autofans.com.ar\/index.php\/2025\/06\/10\/llegan-los-ds-hibridos-el-ds-3-y-ds-4-hybrid\/ds-2-9\/'><img loading=\"lazy\" width=\"1000\" height=\"667\" src=\"https:\/\/autofans.com.ar\/wp-content\/uploads\/2025\/06\/ds-2-1.jpg\" class=\"attachment-full size-full\" alt=\"DS\" srcset=\"https:\/\/autofans.com.ar\/wp-content\/uploads\/2025\/06\/ds-2-1.jpg 1000w, https:\/\/autofans.com.ar\/wp-content\/uploads\/2025\/06\/ds-2-1-300x200.jpg 300w, https:\/\/autofans.com.ar\/wp-content\/uploads\/2025\/06\/ds-2-1-768x512.jpg 768w\" sizes=\"auto, (max-width: 1000px) 100vw, 1000px\" loading=\"lazy\" decoding=\"async\" \/><\/a>\n\t\t\t<\/div><\/figure>\n\t\t<\/div>\n\n<p>&nbsp;<\/p>\n<p class=\"ds-markdown-paragraph\">Ambos veh\u00edculos combinan:<\/p>\n<ul>\n<li>\n<p class=\"ds-markdown-paragraph\">Motor naftero 1.2 turbo (3 cilindros, 136 CV, 230 Nm).<\/p>\n<\/li>\n<li>\n<p class=\"ds-markdown-paragraph\">Motor el\u00e9ctrico (28 CV, 55 Nm) integrado en una caja autom\u00e1tica de doble embrague.<\/p>\n<\/li>\n<li>\n<p class=\"ds-markdown-paragraph\">Bater\u00eda de iones de litio (0,9 kWh) ubicada bajo el piso, que se recarga en marcha.<\/p>\n<\/li>\n<\/ul>\n<p class=\"ds-markdown-paragraph\">La potencia combinada alcanza 145 CV, con reducci\u00f3n de consumo y emisiones de CO\u2082. El sistema permite circulaci\u00f3n 100% el\u00e9ctrica en ciertas condiciones y recupera energ\u00eda al frenar.<\/p>\n<p>&nbsp;<\/p>\n<h2>DS tecnolog\u00eda y experiencia de manejo<\/h2>\n<p>&nbsp;<\/p>\n<p><img fetchpriority=\"high\" decoding=\"async\" class=\"aligncenter wp-image-12906 size-full\" src=\"https:\/\/autofans.com.ar\/wp-content\/uploads\/2025\/06\/ds-3-1.jpg\" alt=\"DS\" width=\"1000\" height=\"667\" srcset=\"https:\/\/autofans.com.ar\/wp-content\/uploads\/2025\/06\/ds-3-1.jpg 1000w, https:\/\/autofans.com.ar\/wp-content\/uploads\/2025\/06\/ds-3-1-300x200.jpg 300w, https:\/\/autofans.com.ar\/wp-content\/uploads\/2025\/06\/ds-3-1-768x512.jpg 768w\" sizes=\"(max-width: 1000px) 100vw, 1000px\" \/><\/p>\n<p>&nbsp;<\/p>\n<ul>\n<li>\n<p class=\"ds-markdown-paragraph\">Transici\u00f3n imperceptible entre motores.<\/p>\n<\/li>\n<li>\n<p class=\"ds-markdown-paragraph\">Veloc\u00edmetro con modo azul en funcionamiento el\u00e9ctrico.<\/p>\n<\/li>\n<li>\n<p class=\"ds-markdown-paragraph\">Pantalla informativa con flujo de energ\u00eda, carga de bater\u00eda y distancia recorrida sin emisiones.<\/p>\n<\/li>\n<\/ul>\n<p>&nbsp;<\/p>\n<h2>Precios y garant\u00eda<\/h2>\n<p>&nbsp;<\/p>\n<p><center><iframe title=\"Lanzamiento los DS h\u00edbridos, el DS 3 y DS 4 Hybrid #dsautomobiles\" width=\"640\" height=\"360\" src=\"https:\/\/www.youtube.com\/embed\/VrVGNiDLeQk?feature=oembed\" frameborder=\"0\" allow=\"accelerometer; autoplay; clipboard-write; encrypted-media; gyroscope; picture-in-picture; web-share\" referrerpolicy=\"strict-origin-when-cross-origin\" allowfullscreen><\/iframe><\/p>\n<p><\/center>&nbsp;<\/p>\n<ul>\n<li>\n<p class=\"ds-markdown-paragraph\">DS 3 Hybrid: U$D 53.500.<\/p>\n<\/li>\n<li>\n<p class=\"ds-markdown-paragraph\">DS 4 Hybrid: U$D 59.700.<\/p>\n<\/li>\n<li>\n<p class=\"ds-markdown-paragraph\">Garant\u00eda: 3 a\u00f1os o 100.000 km.<\/p>\n<\/li>\n<\/ul>\n<p>&nbsp;<\/p>\n<p>&nbsp;<\/p>\n<p>&nbsp;<\/p>\n<p><i>Para enterarte de m\u00e1s novedades, no dejes de leer\u00a0<\/i><a href=\"https:\/\/autofans.thebrandsoup.com\/\"><i>nuestras notas<\/i><\/a><i>, de ver\u00a0<\/i><a href=\"https:\/\/www.youtube.com\/channel\/UCgAC8UGHZYbT6P7PpmVnP7g\"><i>AUTOFANS TV<\/i><\/a><i>\u00a0en nuestro\u00a0canal de Youtube. Adem\u00e1s seguinos en\u00a0<\/i><a href=\"https:\/\/www.instagram.com\/autofanstv\/\"><i>INSTAGRAM<\/i><\/a><i> y <\/i><a href=\"https:\/\/www.facebook.com\/autofansmas\/\"><i>FACEBOOK<\/i><\/a><i> para no perderte nada sobre las novedades del segmento automotor de Argentina y el mundo.<\/i><\/p>\n","protected":false},"excerpt":{"rendered":"<p>DS Automobiles present\u00f3 en el pa\u00eds las versiones h\u00edbridas autorrecargables del DS 3 Hybrid y&#8230;<\/p>\n","protected":false},"author":2,"featured_media":12904,"comment_status":"closed","ping_status":"closed","sticky":false,"template":"","format":"standard","meta":{"footnotes":""},"categories":[341,1],"tags":[4303,6074,6776,6827,6828,545,6864,6865],"class_list":["post-12903","post","type-post","status-publish","format-standard","has-post-thumbnail","hentry","category-hibridos-y-electricos","category-lanzamientos","tag-autos-hibridos-argentina","tag-autos-premium-argentina","tag-coches-ecologicos","tag-ds-3-hybrid","tag-ds-4-hybrid","tag-ds-automobiles","tag-hibridos-sin-enchufe","tag-motores-eficientes"],"yoast_head":"<!-- This site is optimized with the Yoast SEO plugin v27.5 - https:\/\/yoast.com\/product\/yoast-seo-wordpress\/ -->\n<title>Llegan los DS h\u00edbridos, el DS 3 y DS 4 Hybrid -<\/title>\n<meta name=\"description\" content=\"DS Automobiles present\u00f3 en el pa\u00eds las versiones h\u00edbridas autorrecargables del DS 3 Hybrid y 4 Hybrid, fabricados en Europa...\" \/>\n<meta name=\"robots\" content=\"index, follow, max-snippet:-1, max-image-preview:large, max-video-preview:-1\" \/>\n<link rel=\"canonical\" href=\"https:\/\/autofans.com.ar\/index.php\/2025\/06\/10\/llegan-los-ds-hibridos-el-ds-3-y-ds-4-hybrid\/\" \/>\n<meta property=\"og:locale\" content=\"es_ES\" \/>\n<meta property=\"og:type\" content=\"article\" \/>\n<meta property=\"og:title\" content=\"Llegan los DS h\u00edbridos, el DS 3 y DS 4 Hybrid -\" \/>\n<meta property=\"og:description\" content=\"DS Automobiles present\u00f3 en el pa\u00eds las versiones h\u00edbridas autorrecargables del DS 3 Hybrid y 4 Hybrid, fabricados en Europa...\" \/>\n<meta property=\"og:url\" content=\"https:\/\/autofans.com.ar\/index.php\/2025\/06\/10\/llegan-los-ds-hibridos-el-ds-3-y-ds-4-hybrid\/\" \/>\n<meta property=\"article:published_time\" content=\"2025-06-10T17:34:02+00:00\" \/>\n<meta property=\"article:modified_time\" content=\"2025-06-10T22:53:22+00:00\" \/>\n<meta property=\"og:image\" content=\"https:\/\/autofans.com.ar\/wp-content\/uploads\/2025\/06\/ds-5-1.jpg\" \/>\n\t<meta property=\"og:image:width\" content=\"1000\" \/>\n\t<meta property=\"og:image:height\" content=\"667\" \/>\n\t<meta property=\"og:image:type\" content=\"image\/jpeg\" \/>\n<meta name=\"author\" content=\"Alejandro Gabriel Rosito\" \/>\n<meta name=\"twitter:card\" content=\"summary_large_image\" \/>\n<meta name=\"twitter:label1\" content=\"Escrito por\" \/>\n\t<meta name=\"twitter:data1\" content=\"Alejandro Gabriel Rosito\" \/>\n\t<meta name=\"twitter:label2\" content=\"Tiempo de lectura\" \/>\n\t<meta name=\"twitter:data2\" content=\"2 minutos\" \/>\n<script type=\"application\/ld+json\" class=\"yoast-schema-graph\">{\"@context\":\"https:\\\/\\\/schema.org\",\"@graph\":[{\"@type\":\"Article\",\"@id\":\"https:\\\/\\\/autofans.com.ar\\\/index.php\\\/2025\\\/06\\\/10\\\/llegan-los-ds-hibridos-el-ds-3-y-ds-4-hybrid\\\/#article\",\"isPartOf\":{\"@id\":\"https:\\\/\\\/autofans.com.ar\\\/index.php\\\/2025\\\/06\\\/10\\\/llegan-los-ds-hibridos-el-ds-3-y-ds-4-hybrid\\\/\"},\"author\":{\"name\":\"Alejandro Gabriel Rosito\",\"@id\":\"https:\\\/\\\/autofans.com.ar\\\/#\\\/schema\\\/person\\\/4a8dda0b6df83ac3d6723e921274c2aa\"},\"headline\":\"Llegan los DS h\u00edbridos, el DS 3 y DS 4 Hybrid\",\"datePublished\":\"2025-06-10T17:34:02+00:00\",\"dateModified\":\"2025-06-10T22:53:22+00:00\",\"mainEntityOfPage\":{\"@id\":\"https:\\\/\\\/autofans.com.ar\\\/index.php\\\/2025\\\/06\\\/10\\\/llegan-los-ds-hibridos-el-ds-3-y-ds-4-hybrid\\\/\"},\"wordCount\":250,\"image\":{\"@id\":\"https:\\\/\\\/autofans.com.ar\\\/index.php\\\/2025\\\/06\\\/10\\\/llegan-los-ds-hibridos-el-ds-3-y-ds-4-hybrid\\\/#primaryimage\"},\"thumbnailUrl\":\"https:\\\/\\\/autofans.com.ar\\\/wp-content\\\/uploads\\\/2025\\\/06\\\/ds-5-1.jpg\",\"keywords\":[\"autos h\u00edbridos Argentina\",\"autos premium Argentina\",\"coches ecol\u00f3gicos\",\"DS 3 HYBRID\",\"DS 4 HYBRID\",\"DS Automobiles\",\"h\u00edbridos sin enchufe\",\"motores eficientes\"],\"articleSection\":[\"HIBRIDOS, ELECTRICOS y otros\",\"LANZAMIENTOS\"],\"inLanguage\":\"es\"},{\"@type\":\"WebPage\",\"@id\":\"https:\\\/\\\/autofans.com.ar\\\/index.php\\\/2025\\\/06\\\/10\\\/llegan-los-ds-hibridos-el-ds-3-y-ds-4-hybrid\\\/\",\"url\":\"https:\\\/\\\/autofans.com.ar\\\/index.php\\\/2025\\\/06\\\/10\\\/llegan-los-ds-hibridos-el-ds-3-y-ds-4-hybrid\\\/\",\"name\":\"Llegan los DS h\u00edbridos, el DS 3 y DS 4 Hybrid -\",\"isPartOf\":{\"@id\":\"https:\\\/\\\/autofans.com.ar\\\/#website\"},\"primaryImageOfPage\":{\"@id\":\"https:\\\/\\\/autofans.com.ar\\\/index.php\\\/2025\\\/06\\\/10\\\/llegan-los-ds-hibridos-el-ds-3-y-ds-4-hybrid\\\/#primaryimage\"},\"image\":{\"@id\":\"https:\\\/\\\/autofans.com.ar\\\/index.php\\\/2025\\\/06\\\/10\\\/llegan-los-ds-hibridos-el-ds-3-y-ds-4-hybrid\\\/#primaryimage\"},\"thumbnailUrl\":\"https:\\\/\\\/autofans.com.ar\\\/wp-content\\\/uploads\\\/2025\\\/06\\\/ds-5-1.jpg\",\"datePublished\":\"2025-06-10T17:34:02+00:00\",\"dateModified\":\"2025-06-10T22:53:22+00:00\",\"author\":{\"@id\":\"https:\\\/\\\/autofans.com.ar\\\/#\\\/schema\\\/person\\\/4a8dda0b6df83ac3d6723e921274c2aa\"},\"description\":\"DS Automobiles present\u00f3 en el pa\u00eds las versiones h\u00edbridas autorrecargables del DS 3 Hybrid y 4 Hybrid, fabricados en Europa...\",\"breadcrumb\":{\"@id\":\"https:\\\/\\\/autofans.com.ar\\\/index.php\\\/2025\\\/06\\\/10\\\/llegan-los-ds-hibridos-el-ds-3-y-ds-4-hybrid\\\/#breadcrumb\"},\"inLanguage\":\"es\",\"potentialAction\":[{\"@type\":\"ReadAction\",\"target\":[\"https:\\\/\\\/autofans.com.ar\\\/index.php\\\/2025\\\/06\\\/10\\\/llegan-los-ds-hibridos-el-ds-3-y-ds-4-hybrid\\\/\"]}]},{\"@type\":\"ImageObject\",\"inLanguage\":\"es\",\"@id\":\"https:\\\/\\\/autofans.com.ar\\\/index.php\\\/2025\\\/06\\\/10\\\/llegan-los-ds-hibridos-el-ds-3-y-ds-4-hybrid\\\/#primaryimage\",\"url\":\"https:\\\/\\\/autofans.com.ar\\\/wp-content\\\/uploads\\\/2025\\\/06\\\/ds-5-1.jpg\",\"contentUrl\":\"https:\\\/\\\/autofans.com.ar\\\/wp-content\\\/uploads\\\/2025\\\/06\\\/ds-5-1.jpg\",\"width\":1000,\"height\":667,\"caption\":\"DS\"},{\"@type\":\"BreadcrumbList\",\"@id\":\"https:\\\/\\\/autofans.com.ar\\\/index.php\\\/2025\\\/06\\\/10\\\/llegan-los-ds-hibridos-el-ds-3-y-ds-4-hybrid\\\/#breadcrumb\",\"itemListElement\":[{\"@type\":\"ListItem\",\"position\":1,\"name\":\"Inicio\",\"item\":\"https:\\\/\\\/autofans.com.ar\\\/\"},{\"@type\":\"ListItem\",\"position\":2,\"name\":\"Llegan los DS h\u00edbridos, el DS 3 y DS 4 Hybrid\"}]},{\"@type\":\"WebSite\",\"@id\":\"https:\\\/\\\/autofans.com.ar\\\/#website\",\"url\":\"https:\\\/\\\/autofans.com.ar\\\/\",\"name\":\"\",\"description\":\"El multimedio referente de la industria automotriz\",\"potentialAction\":[{\"@type\":\"SearchAction\",\"target\":{\"@type\":\"EntryPoint\",\"urlTemplate\":\"https:\\\/\\\/autofans.com.ar\\\/?s={search_term_string}\"},\"query-input\":{\"@type\":\"PropertyValueSpecification\",\"valueRequired\":true,\"valueName\":\"search_term_string\"}}],\"inLanguage\":\"es\"},{\"@type\":\"Person\",\"@id\":\"https:\\\/\\\/autofans.com.ar\\\/#\\\/schema\\\/person\\\/4a8dda0b6df83ac3d6723e921274c2aa\",\"name\":\"Alejandro Gabriel Rosito\",\"image\":{\"@type\":\"ImageObject\",\"inLanguage\":\"es\",\"@id\":\"https:\\\/\\\/secure.gravatar.com\\\/avatar\\\/16c5dda1489adfc62618084dcbb91cffd879c374b13fe5dd8e44ed6733852c88?s=96&d=mm&r=g\",\"url\":\"https:\\\/\\\/secure.gravatar.com\\\/avatar\\\/16c5dda1489adfc62618084dcbb91cffd879c374b13fe5dd8e44ed6733852c88?s=96&d=mm&r=g\",\"contentUrl\":\"https:\\\/\\\/secure.gravatar.com\\\/avatar\\\/16c5dda1489adfc62618084dcbb91cffd879c374b13fe5dd8e44ed6733852c88?s=96&d=mm&r=g\",\"caption\":\"Alejandro Gabriel Rosito\"},\"url\":\"https:\\\/\\\/autofans.com.ar\\\/index.php\\\/author\\\/gabrielr\\\/\"}]}<\/script>\n<!-- \/ Yoast SEO plugin. -->","yoast_head_json":{"title":"Llegan los DS h\u00edbridos, el DS 3 y DS 4 Hybrid -","description":"DS Automobiles present\u00f3 en el pa\u00eds las versiones h\u00edbridas autorrecargables del DS 3 Hybrid y 4 Hybrid, fabricados en Europa...","robots":{"index":"index","follow":"follow","max-snippet":"max-snippet:-1","max-image-preview":"max-image-preview:large","max-video-preview":"max-video-preview:-1"},"canonical":"https:\/\/autofans.com.ar\/index.php\/2025\/06\/10\/llegan-los-ds-hibridos-el-ds-3-y-ds-4-hybrid\/","og_locale":"es_ES","og_type":"article","og_title":"Llegan los DS h\u00edbridos, el DS 3 y DS 4 Hybrid -","og_description":"DS Automobiles present\u00f3 en el pa\u00eds las versiones h\u00edbridas autorrecargables del DS 3 Hybrid y 4 Hybrid, fabricados en Europa...","og_url":"https:\/\/autofans.com.ar\/index.php\/2025\/06\/10\/llegan-los-ds-hibridos-el-ds-3-y-ds-4-hybrid\/","article_published_time":"2025-06-10T17:34:02+00:00","article_modified_time":"2025-06-10T22:53:22+00:00","og_image":[{"width":1000,"height":667,"url":"https:\/\/autofans.com.ar\/wp-content\/uploads\/2025\/06\/ds-5-1.jpg","type":"image\/jpeg"}],"author":"Alejandro Gabriel Rosito","twitter_card":"summary_large_image","twitter_misc":{"Escrito por":"Alejandro Gabriel Rosito","Tiempo de lectura":"2 minutos"},"schema":{"@context":"https:\/\/schema.org","@graph":[{"@type":"Article","@id":"https:\/\/autofans.com.ar\/index.php\/2025\/06\/10\/llegan-los-ds-hibridos-el-ds-3-y-ds-4-hybrid\/#article","isPartOf":{"@id":"https:\/\/autofans.com.ar\/index.php\/2025\/06\/10\/llegan-los-ds-hibridos-el-ds-3-y-ds-4-hybrid\/"},"author":{"name":"Alejandro Gabriel Rosito","@id":"https:\/\/autofans.com.ar\/#\/schema\/person\/4a8dda0b6df83ac3d6723e921274c2aa"},"headline":"Llegan los DS h\u00edbridos, el DS 3 y DS 4 Hybrid","datePublished":"2025-06-10T17:34:02+00:00","dateModified":"2025-06-10T22:53:22+00:00","mainEntityOfPage":{"@id":"https:\/\/autofans.com.ar\/index.php\/2025\/06\/10\/llegan-los-ds-hibridos-el-ds-3-y-ds-4-hybrid\/"},"wordCount":250,"image":{"@id":"https:\/\/autofans.com.ar\/index.php\/2025\/06\/10\/llegan-los-ds-hibridos-el-ds-3-y-ds-4-hybrid\/#primaryimage"},"thumbnailUrl":"https:\/\/autofans.com.ar\/wp-content\/uploads\/2025\/06\/ds-5-1.jpg","keywords":["autos h\u00edbridos Argentina","autos premium Argentina","coches ecol\u00f3gicos","DS 3 HYBRID","DS 4 HYBRID","DS Automobiles","h\u00edbridos sin enchufe","motores eficientes"],"articleSection":["HIBRIDOS, ELECTRICOS y otros","LANZAMIENTOS"],"inLanguage":"es"},{"@type":"WebPage","@id":"https:\/\/autofans.com.ar\/index.php\/2025\/06\/10\/llegan-los-ds-hibridos-el-ds-3-y-ds-4-hybrid\/","url":"https:\/\/autofans.com.ar\/index.php\/2025\/06\/10\/llegan-los-ds-hibridos-el-ds-3-y-ds-4-hybrid\/","name":"Llegan los DS h\u00edbridos, el DS 3 y DS 4 Hybrid -","isPartOf":{"@id":"https:\/\/autofans.com.ar\/#website"},"primaryImageOfPage":{"@id":"https:\/\/autofans.com.ar\/index.php\/2025\/06\/10\/llegan-los-ds-hibridos-el-ds-3-y-ds-4-hybrid\/#primaryimage"},"image":{"@id":"https:\/\/autofans.com.ar\/index.php\/2025\/06\/10\/llegan-los-ds-hibridos-el-ds-3-y-ds-4-hybrid\/#primaryimage"},"thumbnailUrl":"https:\/\/autofans.com.ar\/wp-content\/uploads\/2025\/06\/ds-5-1.jpg","datePublished":"2025-06-10T17:34:02+00:00","dateModified":"2025-06-10T22:53:22+00:00","author":{"@id":"https:\/\/autofans.com.ar\/#\/schema\/person\/4a8dda0b6df83ac3d6723e921274c2aa"},"description":"DS Automobiles present\u00f3 en el pa\u00eds las versiones h\u00edbridas autorrecargables del DS 3 Hybrid y 4 Hybrid, fabricados en Europa...","breadcrumb":{"@id":"https:\/\/autofans.com.ar\/index.php\/2025\/06\/10\/llegan-los-ds-hibridos-el-ds-3-y-ds-4-hybrid\/#breadcrumb"},"inLanguage":"es","potentialAction":[{"@type":"ReadAction","target":["https:\/\/autofans.com.ar\/index.php\/2025\/06\/10\/llegan-los-ds-hibridos-el-ds-3-y-ds-4-hybrid\/"]}]},{"@type":"ImageObject","inLanguage":"es","@id":"https:\/\/autofans.com.ar\/index.php\/2025\/06\/10\/llegan-los-ds-hibridos-el-ds-3-y-ds-4-hybrid\/#primaryimage","url":"https:\/\/autofans.com.ar\/wp-content\/uploads\/2025\/06\/ds-5-1.jpg","contentUrl":"https:\/\/autofans.com.ar\/wp-content\/uploads\/2025\/06\/ds-5-1.jpg","width":1000,"height":667,"caption":"DS"},{"@type":"BreadcrumbList","@id":"https:\/\/autofans.com.ar\/index.php\/2025\/06\/10\/llegan-los-ds-hibridos-el-ds-3-y-ds-4-hybrid\/#breadcrumb","itemListElement":[{"@type":"ListItem","position":1,"name":"Inicio","item":"https:\/\/autofans.com.ar\/"},{"@type":"ListItem","position":2,"name":"Llegan los DS h\u00edbridos, el DS 3 y DS 4 Hybrid"}]},{"@type":"WebSite","@id":"https:\/\/autofans.com.ar\/#website","url":"https:\/\/autofans.com.ar\/","name":"","description":"El multimedio referente de la industria automotriz","potentialAction":[{"@type":"SearchAction","target":{"@type":"EntryPoint","urlTemplate":"https:\/\/autofans.com.ar\/?s={search_term_string}"},"query-input":{"@type":"PropertyValueSpecification","valueRequired":true,"valueName":"search_term_string"}}],"inLanguage":"es"},{"@type":"Person","@id":"https:\/\/autofans.com.ar\/#\/schema\/person\/4a8dda0b6df83ac3d6723e921274c2aa","name":"Alejandro Gabriel Rosito","image":{"@type":"ImageObject","inLanguage":"es","@id":"https:\/\/secure.gravatar.com\/avatar\/16c5dda1489adfc62618084dcbb91cffd879c374b13fe5dd8e44ed6733852c88?s=96&d=mm&r=g","url":"https:\/\/secure.gravatar.com\/avatar\/16c5dda1489adfc62618084dcbb91cffd879c374b13fe5dd8e44ed6733852c88?s=96&d=mm&r=g","contentUrl":"https:\/\/secure.gravatar.com\/avatar\/16c5dda1489adfc62618084dcbb91cffd879c374b13fe5dd8e44ed6733852c88?s=96&d=mm&r=g","caption":"Alejandro Gabriel Rosito"},"url":"https:\/\/autofans.com.ar\/index.php\/author\/gabrielr\/"}]}},"featured_image_urls":{"full":["https:\/\/autofans.com.ar\/wp-content\/uploads\/2025\/06\/ds-5-1.jpg",1000,667,false],"thumbnail":["https:\/\/autofans.com.ar\/wp-content\/uploads\/2025\/06\/ds-5-1-150x150.jpg",150,150,true],"medium":["https:\/\/autofans.com.ar\/wp-content\/uploads\/2025\/06\/ds-5-1-300x200.jpg",300,200,true],"medium_large":["https:\/\/autofans.com.ar\/wp-content\/uploads\/2025\/06\/ds-5-1-768x512.jpg",640,427,true],"large":["https:\/\/autofans.com.ar\/wp-content\/uploads\/2025\/06\/ds-5-1.jpg",640,427,false],"1536x1536":["https:\/\/autofans.com.ar\/wp-content\/uploads\/2025\/06\/ds-5-1.jpg",1000,667,false],"2048x2048":["https:\/\/autofans.com.ar\/wp-content\/uploads\/2025\/06\/ds-5-1.jpg",1000,667,false],"covernews-featured":["https:\/\/autofans.com.ar\/wp-content\/uploads\/2025\/06\/ds-5-1.jpg",1000,667,false],"covernews-medium":["https:\/\/autofans.com.ar\/wp-content\/uploads\/2025\/06\/ds-5-1-540x340.jpg",540,340,true]},"author_info":{"display_name":"Alejandro Gabriel Rosito","author_link":"https:\/\/autofans.com.ar\/index.php\/author\/gabrielr\/"},"category_info":"<a href=\"https:\/\/autofans.com.ar\/index.php\/category\/noticias\/hibridos-y-electricos\/\" rel=\"category tag\">HIBRIDOS, ELECTRICOS y otros<\/a> <a href=\"https:\/\/autofans.com.ar\/index.php\/category\/lanzamientos\/\" rel=\"category tag\">LANZAMIENTOS<\/a>","tag_info":"LANZAMIENTOS","comment_count":0,"_links":{"self":[{"href":"https:\/\/autofans.com.ar\/index.php\/wp-json\/wp\/v2\/posts\/12903","targetHints":{"allow":["GET"]}}],"collection":[{"href":"https:\/\/autofans.com.ar\/index.php\/wp-json\/wp\/v2\/posts"}],"about":[{"href":"https:\/\/autofans.com.ar\/index.php\/wp-json\/wp\/v2\/types\/post"}],"author":[{"embeddable":true,"href":"https:\/\/autofans.com.ar\/index.php\/wp-json\/wp\/v2\/users\/2"}],"replies":[{"embeddable":true,"href":"https:\/\/autofans.com.ar\/index.php\/wp-json\/wp\/v2\/comments?post=12903"}],"version-history":[{"count":7,"href":"https:\/\/autofans.com.ar\/index.php\/wp-json\/wp\/v2\/posts\/12903\/revisions"}],"predecessor-version":[{"id":12915,"href":"https:\/\/autofans.com.ar\/index.php\/wp-json\/wp\/v2\/posts\/12903\/revisions\/12915"}],"wp:featuredmedia":[{"embeddable":true,"href":"https:\/\/autofans.com.ar\/index.php\/wp-json\/wp\/v2\/media\/12904"}],"wp:attachment":[{"href":"https:\/\/autofans.com.ar\/index.php\/wp-json\/wp\/v2\/media?parent=12903"}],"wp:term":[{"taxonomy":"category","embeddable":true,"href":"https:\/\/autofans.com.ar\/index.php\/wp-json\/wp\/v2\/categories?post=12903"},{"taxonomy":"post_tag","embeddable":true,"href":"https:\/\/autofans.com.ar\/index.php\/wp-json\/wp\/v2\/tags?post=12903"}],"curies":[{"name":"wp","href":"https:\/\/api.w.org\/{rel}","templated":true}]}}