{"id":12945,"date":"2025-06-13T19:39:42","date_gmt":"2025-06-13T22:39:42","guid":{"rendered":"https:\/\/autofans.com.ar\/?p=12945"},"modified":"2025-06-13T19:39:42","modified_gmt":"2025-06-13T22:39:42","slug":"de-le-mans-a-la-calle-llega-el-primer-peugeot-gti-100-electrico","status":"publish","type":"post","link":"https:\/\/autofans.com.ar\/index.php\/2025\/06\/13\/de-le-mans-a-la-calle-llega-el-primer-peugeot-gti-100-electrico\/","title":{"rendered":"De Le Mans a la calle, llega el primer Peugeot GTi 100% el\u00e9ctrico"},"content":{"rendered":"<p class=\"ds-markdown-paragraph\">Peugeot eligi\u00f3 el circuito de las 24 Horas de Le Mans, cuna del automovilismo, para lanzar el E-208 GTi, fusionando su herencia deportiva con innovaci\u00f3n sustentable. No es solo un auto: es la evoluci\u00f3n de un s\u00edmbolo.<\/p>\n<p>&nbsp;<\/p>\n<h2>Rendimiento que hereda el esp\u00edritu GTi<\/h2>\n<p>&nbsp;<\/p>\n<p><img fetchpriority=\"high\" decoding=\"async\" class=\"aligncenter wp-image-12950 size-full\" src=\"https:\/\/autofans.com.ar\/wp-content\/uploads\/2025\/06\/peugeot-1.jpg\" alt=\"\" width=\"1000\" height=\"667\" srcset=\"https:\/\/autofans.com.ar\/wp-content\/uploads\/2025\/06\/peugeot-1.jpg 1000w, https:\/\/autofans.com.ar\/wp-content\/uploads\/2025\/06\/peugeot-1-300x200.jpg 300w, https:\/\/autofans.com.ar\/wp-content\/uploads\/2025\/06\/peugeot-1-768x512.jpg 768w\" sizes=\"(max-width: 1000px) 100vw, 1000px\" \/><\/p>\n<p>&nbsp;<\/p>\n<p class=\"ds-markdown-paragraph\">Con 280 CV y una aceleraci\u00f3n de 0 a 100 km\/h en 5,7 segundos, este modelo lidera su segmento. La experiencia de conducci\u00f3n mantiene la esencia din\u00e1mica que caracteriz\u00f3 a sus antecesores, como el m\u00edtico 205 GTi de los a\u00f1os 80.<\/p>\n<p>&nbsp;<\/p>\n<h2>Peugeot GTi dise\u00f1o y deportividad con elegancia<\/h2>\n<p>&nbsp;<\/p>\n<p><img decoding=\"async\" class=\"aligncenter wp-image-12948 size-full\" src=\"https:\/\/autofans.com.ar\/wp-content\/uploads\/2025\/06\/peugeot-3.jpg\" alt=\"\" width=\"1000\" height=\"667\" srcset=\"https:\/\/autofans.com.ar\/wp-content\/uploads\/2025\/06\/peugeot-3.jpg 1000w, https:\/\/autofans.com.ar\/wp-content\/uploads\/2025\/06\/peugeot-3-300x200.jpg 300w, https:\/\/autofans.com.ar\/wp-content\/uploads\/2025\/06\/peugeot-3-768x512.jpg 768w\" sizes=\"(max-width: 1000px) 100vw, 1000px\" \/><\/p>\n<p>&nbsp;<\/p>\n<p class=\"ds-markdown-paragraph\">Detalles en rojo en la parrilla, faros y pinzas de freno refuerzan su identidad GTi. El interior no se queda atr\u00e1s: costuras rojas en el salpicadero y un aler\u00f3n trasero con toques vibrantes completan su look audaz.<\/p>\n<p>&nbsp;<\/p>\n<blockquote>\n<p style=\"text-align: center;\">\u201cNos complace presentar el nuevo PEUGEOT E-208 GTi, un cap\u00edtulo revolucionario en la ic\u00f3nica historia de los GTi. Este modelo representa la fusi\u00f3n de nuestra rica herencia con tecnolog\u00eda de vanguardia, ofreciendo un rendimiento y unas sensaciones de conducci\u00f3n inigualables en el segmento, porque en PEUGEOT nos tomamos muy en serio el placer de conducir. Con este nuevo GTi, marcamos nuevos hitos en el mercado de los compactos deportivos.\u201d<\/p>\n<\/blockquote>\n<p>&nbsp;<\/p>\n<h2>De la pista a la calle (y ahora, a la era el\u00e9ctrica)<\/h2>\n<p>&nbsp;<\/p>\n<div id='gallery-1' class='gallery galleryid-12945 gallery-columns-2 gallery-size-full'><figure class='gallery-item'>\n\t\t\t<div class='gallery-icon landscape'>\n\t\t\t\t<a href='https:\/\/autofans.com.ar\/index.php\/2025\/06\/13\/de-le-mans-a-la-calle-llega-el-primer-peugeot-gti-100-electrico\/peugeot-4-11\/'><img loading=\"lazy\" width=\"1000\" height=\"667\" src=\"https:\/\/autofans.com.ar\/wp-content\/uploads\/2025\/06\/peugeot-4.jpg\" class=\"attachment-full size-full\" alt=\"Peugeot GTi\" srcset=\"https:\/\/autofans.com.ar\/wp-content\/uploads\/2025\/06\/peugeot-4.jpg 1000w, https:\/\/autofans.com.ar\/wp-content\/uploads\/2025\/06\/peugeot-4-300x200.jpg 300w, https:\/\/autofans.com.ar\/wp-content\/uploads\/2025\/06\/peugeot-4-768x512.jpg 768w\" sizes=\"auto, (max-width: 1000px) 100vw, 1000px\" loading=\"lazy\" decoding=\"async\" \/><\/a>\n\t\t\t<\/div><\/figure><figure class='gallery-item'>\n\t\t\t<div class='gallery-icon landscape'>\n\t\t\t\t<a href='https:\/\/autofans.com.ar\/index.php\/2025\/06\/13\/de-le-mans-a-la-calle-llega-el-primer-peugeot-gti-100-electrico\/peugeot-5-7\/'><img loading=\"lazy\" width=\"1000\" height=\"667\" src=\"https:\/\/autofans.com.ar\/wp-content\/uploads\/2025\/06\/peugeot-5.jpg\" class=\"attachment-full size-full\" alt=\"Peugeot GTi\" srcset=\"https:\/\/autofans.com.ar\/wp-content\/uploads\/2025\/06\/peugeot-5.jpg 1000w, https:\/\/autofans.com.ar\/wp-content\/uploads\/2025\/06\/peugeot-5-300x200.jpg 300w, https:\/\/autofans.com.ar\/wp-content\/uploads\/2025\/06\/peugeot-5-768x512.jpg 768w\" sizes=\"auto, (max-width: 1000px) 100vw, 1000px\" loading=\"lazy\" decoding=\"async\" \/><\/a>\n\t\t\t<\/div><\/figure>\n\t\t<\/div>\n\n<p>&nbsp;<\/p>\n<p class=\"ds-markdown-paragraph\">El E-208 GTi es el primer modelo 100% el\u00e9ctrico en llevar el emblema GTi. Peugeot demuestra que la potencia y el placer de manejo no est\u00e1n re\u00f1idos con la sostenibilidad.<\/p>\n<p>&nbsp;<\/p>\n<p>&nbsp;<\/p>\n<p><i>Para enterarte de m\u00e1s novedades, no dejes de leer\u00a0<\/i><a href=\"https:\/\/autofans.thebrandsoup.com\/\"><i>nuestras notas<\/i><\/a><i>, de ver\u00a0<\/i><a href=\"https:\/\/www.youtube.com\/channel\/UCgAC8UGHZYbT6P7PpmVnP7g\"><i>AUTOFANS TV<\/i><\/a><i>\u00a0en nuestro\u00a0canal de Youtube. Adem\u00e1s seguinos en\u00a0<\/i><a href=\"https:\/\/www.instagram.com\/autofanstv\/\"><i>INSTAGRAM<\/i><\/a><i> y <\/i><a href=\"https:\/\/www.facebook.com\/autofansmas\/\"><i>FACEBOOK<\/i><\/a><i> para no perderte nada sobre las novedades del segmento automotor de Argentina y el mundo.<\/i><\/p>\n","protected":false},"excerpt":{"rendered":"<p>Peugeot eligi\u00f3 el circuito de las 24 Horas de Le Mans, cuna del automovilismo, para&#8230;<\/p>\n","protected":false},"author":2,"featured_media":12949,"comment_status":"closed","ping_status":"closed","sticky":false,"template":"","format":"standard","meta":{"footnotes":""},"categories":[371,1],"tags":[6883,440,6880,6881,786,6882,6879],"class_list":["post-12945","post","type-post","status-publish","format-standard","has-post-thumbnail","hentry","category-hibridos-electricos-y","category-lanzamientos","tag-autos-argentina","tag-autos-electricos","tag-coches-deportivos","tag-gti-electrico","tag-le-mans","tag-novedades-automotor","tag-peugeot-e-208-gti"],"yoast_head":"<!-- This site is optimized with the Yoast SEO plugin v27.5 - https:\/\/yoast.com\/product\/yoast-seo-wordpress\/ -->\n<title>De Le Mans a la calle, llega el primer Peugeot GTi 100% el\u00e9ctrico -<\/title>\n<meta name=\"description\" content=\"Peugeot eligi\u00f3 el circuito de las 24 Horas de Le Mans, para lanzar el E-208 GTi, fusionando su herencia deportiva con innovaci\u00f3n ...\" \/>\n<meta name=\"robots\" content=\"index, follow, max-snippet:-1, max-image-preview:large, max-video-preview:-1\" \/>\n<link rel=\"canonical\" href=\"https:\/\/autofans.com.ar\/index.php\/2025\/06\/13\/de-le-mans-a-la-calle-llega-el-primer-peugeot-gti-100-electrico\/\" \/>\n<meta property=\"og:locale\" content=\"es_ES\" \/>\n<meta property=\"og:type\" content=\"article\" \/>\n<meta property=\"og:title\" content=\"De Le Mans a la calle, llega el primer Peugeot GTi 100% el\u00e9ctrico -\" \/>\n<meta property=\"og:description\" content=\"Peugeot eligi\u00f3 el circuito de las 24 Horas de Le Mans, para lanzar el E-208 GTi, fusionando su herencia deportiva con innovaci\u00f3n ...\" \/>\n<meta property=\"og:url\" content=\"https:\/\/autofans.com.ar\/index.php\/2025\/06\/13\/de-le-mans-a-la-calle-llega-el-primer-peugeot-gti-100-electrico\/\" \/>\n<meta property=\"article:published_time\" content=\"2025-06-13T22:39:42+00:00\" \/>\n<meta property=\"og:image\" content=\"https:\/\/autofans.com.ar\/wp-content\/uploads\/2025\/06\/peugeot-2.jpg\" \/>\n\t<meta property=\"og:image:width\" content=\"1000\" \/>\n\t<meta property=\"og:image:height\" content=\"667\" \/>\n\t<meta property=\"og:image:type\" content=\"image\/jpeg\" \/>\n<meta name=\"author\" content=\"Alejandro Gabriel Rosito\" \/>\n<meta name=\"twitter:card\" content=\"summary_large_image\" \/>\n<meta name=\"twitter:label1\" content=\"Escrito por\" \/>\n\t<meta name=\"twitter:data1\" content=\"Alejandro Gabriel Rosito\" \/>\n\t<meta name=\"twitter:label2\" content=\"Tiempo de lectura\" \/>\n\t<meta name=\"twitter:data2\" content=\"2 minutos\" \/>\n<script type=\"application\/ld+json\" class=\"yoast-schema-graph\">{\"@context\":\"https:\\\/\\\/schema.org\",\"@graph\":[{\"@type\":\"Article\",\"@id\":\"https:\\\/\\\/autofans.com.ar\\\/index.php\\\/2025\\\/06\\\/13\\\/de-le-mans-a-la-calle-llega-el-primer-peugeot-gti-100-electrico\\\/#article\",\"isPartOf\":{\"@id\":\"https:\\\/\\\/autofans.com.ar\\\/index.php\\\/2025\\\/06\\\/13\\\/de-le-mans-a-la-calle-llega-el-primer-peugeot-gti-100-electrico\\\/\"},\"author\":{\"name\":\"Alejandro Gabriel Rosito\",\"@id\":\"https:\\\/\\\/autofans.com.ar\\\/#\\\/schema\\\/person\\\/4a8dda0b6df83ac3d6723e921274c2aa\"},\"headline\":\"De Le Mans a la calle, llega el primer Peugeot GTi 100% el\u00e9ctrico\",\"datePublished\":\"2025-06-13T22:39:42+00:00\",\"mainEntityOfPage\":{\"@id\":\"https:\\\/\\\/autofans.com.ar\\\/index.php\\\/2025\\\/06\\\/13\\\/de-le-mans-a-la-calle-llega-el-primer-peugeot-gti-100-electrico\\\/\"},\"wordCount\":326,\"image\":{\"@id\":\"https:\\\/\\\/autofans.com.ar\\\/index.php\\\/2025\\\/06\\\/13\\\/de-le-mans-a-la-calle-llega-el-primer-peugeot-gti-100-electrico\\\/#primaryimage\"},\"thumbnailUrl\":\"https:\\\/\\\/autofans.com.ar\\\/wp-content\\\/uploads\\\/2025\\\/06\\\/peugeot-2.jpg\",\"keywords\":[\"autos argentina.\",\"autos el\u00e9ctricos\",\"coches deportivos\",\"GTi el\u00e9ctrico\",\"Le Mans\",\"novedades automotor\",\"Peugeot E-208 GTi\"],\"articleSection\":[\"H\u00edbridos, El\u00e9ctricos y +\",\"LANZAMIENTOS\"],\"inLanguage\":\"es\"},{\"@type\":\"WebPage\",\"@id\":\"https:\\\/\\\/autofans.com.ar\\\/index.php\\\/2025\\\/06\\\/13\\\/de-le-mans-a-la-calle-llega-el-primer-peugeot-gti-100-electrico\\\/\",\"url\":\"https:\\\/\\\/autofans.com.ar\\\/index.php\\\/2025\\\/06\\\/13\\\/de-le-mans-a-la-calle-llega-el-primer-peugeot-gti-100-electrico\\\/\",\"name\":\"De Le Mans a la calle, llega el primer Peugeot GTi 100% el\u00e9ctrico -\",\"isPartOf\":{\"@id\":\"https:\\\/\\\/autofans.com.ar\\\/#website\"},\"primaryImageOfPage\":{\"@id\":\"https:\\\/\\\/autofans.com.ar\\\/index.php\\\/2025\\\/06\\\/13\\\/de-le-mans-a-la-calle-llega-el-primer-peugeot-gti-100-electrico\\\/#primaryimage\"},\"image\":{\"@id\":\"https:\\\/\\\/autofans.com.ar\\\/index.php\\\/2025\\\/06\\\/13\\\/de-le-mans-a-la-calle-llega-el-primer-peugeot-gti-100-electrico\\\/#primaryimage\"},\"thumbnailUrl\":\"https:\\\/\\\/autofans.com.ar\\\/wp-content\\\/uploads\\\/2025\\\/06\\\/peugeot-2.jpg\",\"datePublished\":\"2025-06-13T22:39:42+00:00\",\"author\":{\"@id\":\"https:\\\/\\\/autofans.com.ar\\\/#\\\/schema\\\/person\\\/4a8dda0b6df83ac3d6723e921274c2aa\"},\"description\":\"Peugeot eligi\u00f3 el circuito de las 24 Horas de Le Mans, para lanzar el E-208 GTi, fusionando su herencia deportiva con innovaci\u00f3n ...\",\"breadcrumb\":{\"@id\":\"https:\\\/\\\/autofans.com.ar\\\/index.php\\\/2025\\\/06\\\/13\\\/de-le-mans-a-la-calle-llega-el-primer-peugeot-gti-100-electrico\\\/#breadcrumb\"},\"inLanguage\":\"es\",\"potentialAction\":[{\"@type\":\"ReadAction\",\"target\":[\"https:\\\/\\\/autofans.com.ar\\\/index.php\\\/2025\\\/06\\\/13\\\/de-le-mans-a-la-calle-llega-el-primer-peugeot-gti-100-electrico\\\/\"]}]},{\"@type\":\"ImageObject\",\"inLanguage\":\"es\",\"@id\":\"https:\\\/\\\/autofans.com.ar\\\/index.php\\\/2025\\\/06\\\/13\\\/de-le-mans-a-la-calle-llega-el-primer-peugeot-gti-100-electrico\\\/#primaryimage\",\"url\":\"https:\\\/\\\/autofans.com.ar\\\/wp-content\\\/uploads\\\/2025\\\/06\\\/peugeot-2.jpg\",\"contentUrl\":\"https:\\\/\\\/autofans.com.ar\\\/wp-content\\\/uploads\\\/2025\\\/06\\\/peugeot-2.jpg\",\"width\":1000,\"height\":667,\"caption\":\"Peugeot GTi\"},{\"@type\":\"BreadcrumbList\",\"@id\":\"https:\\\/\\\/autofans.com.ar\\\/index.php\\\/2025\\\/06\\\/13\\\/de-le-mans-a-la-calle-llega-el-primer-peugeot-gti-100-electrico\\\/#breadcrumb\",\"itemListElement\":[{\"@type\":\"ListItem\",\"position\":1,\"name\":\"Inicio\",\"item\":\"https:\\\/\\\/autofans.com.ar\\\/\"},{\"@type\":\"ListItem\",\"position\":2,\"name\":\"De Le Mans a la calle, llega el primer Peugeot GTi 100% el\u00e9ctrico\"}]},{\"@type\":\"WebSite\",\"@id\":\"https:\\\/\\\/autofans.com.ar\\\/#website\",\"url\":\"https:\\\/\\\/autofans.com.ar\\\/\",\"name\":\"\",\"description\":\"El multimedio referente de la industria automotriz\",\"potentialAction\":[{\"@type\":\"SearchAction\",\"target\":{\"@type\":\"EntryPoint\",\"urlTemplate\":\"https:\\\/\\\/autofans.com.ar\\\/?s={search_term_string}\"},\"query-input\":{\"@type\":\"PropertyValueSpecification\",\"valueRequired\":true,\"valueName\":\"search_term_string\"}}],\"inLanguage\":\"es\"},{\"@type\":\"Person\",\"@id\":\"https:\\\/\\\/autofans.com.ar\\\/#\\\/schema\\\/person\\\/4a8dda0b6df83ac3d6723e921274c2aa\",\"name\":\"Alejandro Gabriel Rosito\",\"image\":{\"@type\":\"ImageObject\",\"inLanguage\":\"es\",\"@id\":\"https:\\\/\\\/secure.gravatar.com\\\/avatar\\\/16c5dda1489adfc62618084dcbb91cffd879c374b13fe5dd8e44ed6733852c88?s=96&d=mm&r=g\",\"url\":\"https:\\\/\\\/secure.gravatar.com\\\/avatar\\\/16c5dda1489adfc62618084dcbb91cffd879c374b13fe5dd8e44ed6733852c88?s=96&d=mm&r=g\",\"contentUrl\":\"https:\\\/\\\/secure.gravatar.com\\\/avatar\\\/16c5dda1489adfc62618084dcbb91cffd879c374b13fe5dd8e44ed6733852c88?s=96&d=mm&r=g\",\"caption\":\"Alejandro Gabriel Rosito\"},\"url\":\"https:\\\/\\\/autofans.com.ar\\\/index.php\\\/author\\\/gabrielr\\\/\"}]}<\/script>\n<!-- \/ Yoast SEO plugin. -->","yoast_head_json":{"title":"De Le Mans a la calle, llega el primer Peugeot GTi 100% el\u00e9ctrico -","description":"Peugeot eligi\u00f3 el circuito de las 24 Horas de Le Mans, para lanzar el E-208 GTi, fusionando su herencia deportiva con innovaci\u00f3n ...","robots":{"index":"index","follow":"follow","max-snippet":"max-snippet:-1","max-image-preview":"max-image-preview:large","max-video-preview":"max-video-preview:-1"},"canonical":"https:\/\/autofans.com.ar\/index.php\/2025\/06\/13\/de-le-mans-a-la-calle-llega-el-primer-peugeot-gti-100-electrico\/","og_locale":"es_ES","og_type":"article","og_title":"De Le Mans a la calle, llega el primer Peugeot GTi 100% el\u00e9ctrico -","og_description":"Peugeot eligi\u00f3 el circuito de las 24 Horas de Le Mans, para lanzar el E-208 GTi, fusionando su herencia deportiva con innovaci\u00f3n ...","og_url":"https:\/\/autofans.com.ar\/index.php\/2025\/06\/13\/de-le-mans-a-la-calle-llega-el-primer-peugeot-gti-100-electrico\/","article_published_time":"2025-06-13T22:39:42+00:00","og_image":[{"width":1000,"height":667,"url":"https:\/\/autofans.com.ar\/wp-content\/uploads\/2025\/06\/peugeot-2.jpg","type":"image\/jpeg"}],"author":"Alejandro Gabriel Rosito","twitter_card":"summary_large_image","twitter_misc":{"Escrito por":"Alejandro Gabriel Rosito","Tiempo de lectura":"2 minutos"},"schema":{"@context":"https:\/\/schema.org","@graph":[{"@type":"Article","@id":"https:\/\/autofans.com.ar\/index.php\/2025\/06\/13\/de-le-mans-a-la-calle-llega-el-primer-peugeot-gti-100-electrico\/#article","isPartOf":{"@id":"https:\/\/autofans.com.ar\/index.php\/2025\/06\/13\/de-le-mans-a-la-calle-llega-el-primer-peugeot-gti-100-electrico\/"},"author":{"name":"Alejandro Gabriel Rosito","@id":"https:\/\/autofans.com.ar\/#\/schema\/person\/4a8dda0b6df83ac3d6723e921274c2aa"},"headline":"De Le Mans a la calle, llega el primer Peugeot GTi 100% el\u00e9ctrico","datePublished":"2025-06-13T22:39:42+00:00","mainEntityOfPage":{"@id":"https:\/\/autofans.com.ar\/index.php\/2025\/06\/13\/de-le-mans-a-la-calle-llega-el-primer-peugeot-gti-100-electrico\/"},"wordCount":326,"image":{"@id":"https:\/\/autofans.com.ar\/index.php\/2025\/06\/13\/de-le-mans-a-la-calle-llega-el-primer-peugeot-gti-100-electrico\/#primaryimage"},"thumbnailUrl":"https:\/\/autofans.com.ar\/wp-content\/uploads\/2025\/06\/peugeot-2.jpg","keywords":["autos argentina.","autos el\u00e9ctricos","coches deportivos","GTi el\u00e9ctrico","Le Mans","novedades automotor","Peugeot E-208 GTi"],"articleSection":["H\u00edbridos, El\u00e9ctricos y +","LANZAMIENTOS"],"inLanguage":"es"},{"@type":"WebPage","@id":"https:\/\/autofans.com.ar\/index.php\/2025\/06\/13\/de-le-mans-a-la-calle-llega-el-primer-peugeot-gti-100-electrico\/","url":"https:\/\/autofans.com.ar\/index.php\/2025\/06\/13\/de-le-mans-a-la-calle-llega-el-primer-peugeot-gti-100-electrico\/","name":"De Le Mans a la calle, llega el primer Peugeot GTi 100% el\u00e9ctrico -","isPartOf":{"@id":"https:\/\/autofans.com.ar\/#website"},"primaryImageOfPage":{"@id":"https:\/\/autofans.com.ar\/index.php\/2025\/06\/13\/de-le-mans-a-la-calle-llega-el-primer-peugeot-gti-100-electrico\/#primaryimage"},"image":{"@id":"https:\/\/autofans.com.ar\/index.php\/2025\/06\/13\/de-le-mans-a-la-calle-llega-el-primer-peugeot-gti-100-electrico\/#primaryimage"},"thumbnailUrl":"https:\/\/autofans.com.ar\/wp-content\/uploads\/2025\/06\/peugeot-2.jpg","datePublished":"2025-06-13T22:39:42+00:00","author":{"@id":"https:\/\/autofans.com.ar\/#\/schema\/person\/4a8dda0b6df83ac3d6723e921274c2aa"},"description":"Peugeot eligi\u00f3 el circuito de las 24 Horas de Le Mans, para lanzar el E-208 GTi, fusionando su herencia deportiva con innovaci\u00f3n ...","breadcrumb":{"@id":"https:\/\/autofans.com.ar\/index.php\/2025\/06\/13\/de-le-mans-a-la-calle-llega-el-primer-peugeot-gti-100-electrico\/#breadcrumb"},"inLanguage":"es","potentialAction":[{"@type":"ReadAction","target":["https:\/\/autofans.com.ar\/index.php\/2025\/06\/13\/de-le-mans-a-la-calle-llega-el-primer-peugeot-gti-100-electrico\/"]}]},{"@type":"ImageObject","inLanguage":"es","@id":"https:\/\/autofans.com.ar\/index.php\/2025\/06\/13\/de-le-mans-a-la-calle-llega-el-primer-peugeot-gti-100-electrico\/#primaryimage","url":"https:\/\/autofans.com.ar\/wp-content\/uploads\/2025\/06\/peugeot-2.jpg","contentUrl":"https:\/\/autofans.com.ar\/wp-content\/uploads\/2025\/06\/peugeot-2.jpg","width":1000,"height":667,"caption":"Peugeot GTi"},{"@type":"BreadcrumbList","@id":"https:\/\/autofans.com.ar\/index.php\/2025\/06\/13\/de-le-mans-a-la-calle-llega-el-primer-peugeot-gti-100-electrico\/#breadcrumb","itemListElement":[{"@type":"ListItem","position":1,"name":"Inicio","item":"https:\/\/autofans.com.ar\/"},{"@type":"ListItem","position":2,"name":"De Le Mans a la calle, llega el primer Peugeot GTi 100% el\u00e9ctrico"}]},{"@type":"WebSite","@id":"https:\/\/autofans.com.ar\/#website","url":"https:\/\/autofans.com.ar\/","name":"","description":"El multimedio referente de la industria automotriz","potentialAction":[{"@type":"SearchAction","target":{"@type":"EntryPoint","urlTemplate":"https:\/\/autofans.com.ar\/?s={search_term_string}"},"query-input":{"@type":"PropertyValueSpecification","valueRequired":true,"valueName":"search_term_string"}}],"inLanguage":"es"},{"@type":"Person","@id":"https:\/\/autofans.com.ar\/#\/schema\/person\/4a8dda0b6df83ac3d6723e921274c2aa","name":"Alejandro Gabriel Rosito","image":{"@type":"ImageObject","inLanguage":"es","@id":"https:\/\/secure.gravatar.com\/avatar\/16c5dda1489adfc62618084dcbb91cffd879c374b13fe5dd8e44ed6733852c88?s=96&d=mm&r=g","url":"https:\/\/secure.gravatar.com\/avatar\/16c5dda1489adfc62618084dcbb91cffd879c374b13fe5dd8e44ed6733852c88?s=96&d=mm&r=g","contentUrl":"https:\/\/secure.gravatar.com\/avatar\/16c5dda1489adfc62618084dcbb91cffd879c374b13fe5dd8e44ed6733852c88?s=96&d=mm&r=g","caption":"Alejandro Gabriel Rosito"},"url":"https:\/\/autofans.com.ar\/index.php\/author\/gabrielr\/"}]}},"featured_image_urls":{"full":["https:\/\/autofans.com.ar\/wp-content\/uploads\/2025\/06\/peugeot-2.jpg",1000,667,false],"thumbnail":["https:\/\/autofans.com.ar\/wp-content\/uploads\/2025\/06\/peugeot-2-150x150.jpg",150,150,true],"medium":["https:\/\/autofans.com.ar\/wp-content\/uploads\/2025\/06\/peugeot-2-300x200.jpg",300,200,true],"medium_large":["https:\/\/autofans.com.ar\/wp-content\/uploads\/2025\/06\/peugeot-2-768x512.jpg",640,427,true],"large":["https:\/\/autofans.com.ar\/wp-content\/uploads\/2025\/06\/peugeot-2.jpg",640,427,false],"1536x1536":["https:\/\/autofans.com.ar\/wp-content\/uploads\/2025\/06\/peugeot-2.jpg",1000,667,false],"2048x2048":["https:\/\/autofans.com.ar\/wp-content\/uploads\/2025\/06\/peugeot-2.jpg",1000,667,false],"covernews-featured":["https:\/\/autofans.com.ar\/wp-content\/uploads\/2025\/06\/peugeot-2.jpg",1000,667,false],"covernews-medium":["https:\/\/autofans.com.ar\/wp-content\/uploads\/2025\/06\/peugeot-2-540x340.jpg",540,340,true]},"author_info":{"display_name":"Alejandro Gabriel Rosito","author_link":"https:\/\/autofans.com.ar\/index.php\/author\/gabrielr\/"},"category_info":"<a href=\"https:\/\/autofans.com.ar\/index.php\/category\/lanzamientos\/hibridos-electricos-y\/\" rel=\"category tag\">H\u00edbridos, El\u00e9ctricos y +<\/a> <a href=\"https:\/\/autofans.com.ar\/index.php\/category\/lanzamientos\/\" rel=\"category tag\">LANZAMIENTOS<\/a>","tag_info":"LANZAMIENTOS","comment_count":0,"_links":{"self":[{"href":"https:\/\/autofans.com.ar\/index.php\/wp-json\/wp\/v2\/posts\/12945","targetHints":{"allow":["GET"]}}],"collection":[{"href":"https:\/\/autofans.com.ar\/index.php\/wp-json\/wp\/v2\/posts"}],"about":[{"href":"https:\/\/autofans.com.ar\/index.php\/wp-json\/wp\/v2\/types\/post"}],"author":[{"embeddable":true,"href":"https:\/\/autofans.com.ar\/index.php\/wp-json\/wp\/v2\/users\/2"}],"replies":[{"embeddable":true,"href":"https:\/\/autofans.com.ar\/index.php\/wp-json\/wp\/v2\/comments?post=12945"}],"version-history":[{"count":1,"href":"https:\/\/autofans.com.ar\/index.php\/wp-json\/wp\/v2\/posts\/12945\/revisions"}],"predecessor-version":[{"id":12951,"href":"https:\/\/autofans.com.ar\/index.php\/wp-json\/wp\/v2\/posts\/12945\/revisions\/12951"}],"wp:featuredmedia":[{"embeddable":true,"href":"https:\/\/autofans.com.ar\/index.php\/wp-json\/wp\/v2\/media\/12949"}],"wp:attachment":[{"href":"https:\/\/autofans.com.ar\/index.php\/wp-json\/wp\/v2\/media?parent=12945"}],"wp:term":[{"taxonomy":"category","embeddable":true,"href":"https:\/\/autofans.com.ar\/index.php\/wp-json\/wp\/v2\/categories?post=12945"},{"taxonomy":"post_tag","embeddable":true,"href":"https:\/\/autofans.com.ar\/index.php\/wp-json\/wp\/v2\/tags?post=12945"}],"curies":[{"name":"wp","href":"https:\/\/api.w.org\/{rel}","templated":true}]}}