{"id":12952,"date":"2025-06-13T20:13:18","date_gmt":"2025-06-13T23:13:18","guid":{"rendered":"https:\/\/autofans.com.ar\/?p=12952"},"modified":"2025-07-02T12:54:23","modified_gmt":"2025-07-02T15:54:23","slug":"los-vehiculos-can-am-que-robaron-la-atencion-en-agroactiva-2025","status":"publish","type":"post","link":"https:\/\/autofans.com.ar\/index.php\/2025\/06\/13\/los-vehiculos-can-am-que-robaron-la-atencion-en-agroactiva-2025\/","title":{"rendered":"Los veh\u00edculos Can-Am que robaron la atenci\u00f3n en Agroactiva 2025"},"content":{"rendered":"<p>La 31\u00b0 edici\u00f3n de Agroactiva, la exposici\u00f3n m\u00e1s importante del campo argentino, cont\u00f3 con la presencia de Can-Am, l\u00edder en movilidad off-road. La marca exhibi\u00f3 sus veh\u00edculos m\u00e1s potentes y adaptados a las exigencias del sector agropecuario, reforzando su compromiso con la innovaci\u00f3n y la calidad.<\/p>\n<p>&nbsp;<\/p>\n<blockquote>\n<p style=\"text-align: center;\"><span lang=\"ES-AR\">\u201cParticipar un a\u00f1o m\u00e1s de Agroactiva es una gran oportunidad para continuar mostrando de cerca nuestras soluciones al productor agropecuario argentino. En Can-Am dise\u00f1amos veh\u00edculos con tecnolog\u00eda de punta, y una calidad comprobada, pensando en las exigencias del trabajo rural diario\u201d,<\/span><span lang=\"ES-AR\"> destac\u00f3 Leandro Panaggio, Brand Manager de Can-Am Argentina.<\/span><\/p>\n<\/blockquote>\n<p>&nbsp;<\/p>\n<h2>Los modelos destacados de Can-Am<\/h2>\n<p>&nbsp;<\/p>\n<p><img fetchpriority=\"high\" decoding=\"async\" class=\"aligncenter wp-image-12954 size-full\" src=\"https:\/\/autofans.com.ar\/wp-content\/uploads\/2025\/06\/canam-2.jpg\" alt=\"Can-Am\" width=\"1000\" height=\"667\" srcset=\"https:\/\/autofans.com.ar\/wp-content\/uploads\/2025\/06\/canam-2.jpg 1000w, https:\/\/autofans.com.ar\/wp-content\/uploads\/2025\/06\/canam-2-300x200.jpg 300w, https:\/\/autofans.com.ar\/wp-content\/uploads\/2025\/06\/canam-2-768x512.jpg 768w\" sizes=\"(max-width: 1000px) 100vw, 1000px\" \/><\/p>\n<p>&nbsp;<\/p>\n<h4>Defender HD9 DPS y Defender HD9 DPS Max<\/h4>\n<p class=\"ds-markdown-paragraph\">Ideales para tareas rurales, estos UTV combinan potencia y maniobrabilidad. Equipados con motores Rotax HD9 de 65 CV, tracci\u00f3n 2WD\/4WD y neum\u00e1ticos XPS Trail Force de 27&#8243;, ofrecen una capacidad de carga de 454 kg. Su direcci\u00f3n asistida din\u00e1mica (DPS) los hace \u00f3ptimos para terrenos dif\u00edciles.<\/p>\n<h4>Outlander 500 Max<\/h4>\n<p class=\"ds-markdown-paragraph\">Un ATV vers\u00e1til y eficiente, equipado con un motor Rotax 650cc (40 CV) y transmisi\u00f3n CVT autom\u00e1tica. Destaca por su capacidad de remolque (750 kg) y direcci\u00f3n asistida, ideal para labores diarias en el campo.<\/p>\n<h4>Maverick R<\/h4>\n<p class=\"ds-markdown-paragraph\">El side-by-side m\u00e1s potente del mercado, con un motor turboalimentado de 999cc (240 CV). Incluye suspensi\u00f3n FOX 3.0 PODIUM, pantalla t\u00e1ctil de 10,25&#8243; y transmisi\u00f3n DCT de 7 velocidades. Dise\u00f1ado para quienes buscan m\u00e1ximo rendimiento y adrenalina off-road.<\/p>\n<p>&nbsp;<\/p>\n<h2>Innovaci\u00f3n y compromiso con el agro<\/h2>\n<p>&nbsp;<\/p>\n<p><img decoding=\"async\" class=\"aligncenter wp-image-12956 size-full\" src=\"https:\/\/autofans.com.ar\/wp-content\/uploads\/2025\/06\/cam-5.jpg\" alt=\"Can-Am\" width=\"1000\" height=\"667\" srcset=\"https:\/\/autofans.com.ar\/wp-content\/uploads\/2025\/06\/cam-5.jpg 1000w, https:\/\/autofans.com.ar\/wp-content\/uploads\/2025\/06\/cam-5-300x200.jpg 300w, https:\/\/autofans.com.ar\/wp-content\/uploads\/2025\/06\/cam-5-768x512.jpg 768w\" sizes=\"(max-width: 1000px) 100vw, 1000px\" \/><\/p>\n<p>&nbsp;<\/p>\n<p class=\"ds-markdown-paragraph\">La participaci\u00f3n de la marca en Agroactiva 2025 refuerza su liderazgo en el sector, ofreciendo veh\u00edculos que combinan tecnolog\u00eda, potencia y adaptabilidad para simplificar las tareas rurales.<\/p>\n<p>&nbsp;<\/p>\n<p>&nbsp;<\/p>\n<p>&nbsp;<\/p>\n<p><i>Para enterarte de m\u00e1s novedades, no dejes de leer\u00a0<\/i><a href=\"https:\/\/autofans.thebrandsoup.com\/\"><i>nuestras notas<\/i><\/a><i>, de ver\u00a0<\/i><a href=\"https:\/\/www.youtube.com\/channel\/UCgAC8UGHZYbT6P7PpmVnP7g\"><i>AUTOFANS TV<\/i><\/a><i>\u00a0en nuestro\u00a0canal de Youtube. Adem\u00e1s seguinos en\u00a0<\/i><a href=\"https:\/\/www.instagram.com\/autofanstv\/\"><i>INSTAGRAM<\/i><\/a><i> y <\/i><a href=\"https:\/\/www.facebook.com\/autofansmas\/\"><i>FACEBOOK<\/i><\/a><i> para no perderte nada sobre las novedades del segmento automotor de Argentina y el mundo.<\/i><\/p>\n","protected":false},"excerpt":{"rendered":"<p>La 31\u00b0 edici\u00f3n de Agroactiva, la exposici\u00f3n m\u00e1s importante del campo argentino, cont\u00f3 con la&#8230;<\/p>\n","protected":false},"author":2,"featured_media":12953,"comment_status":"closed","ping_status":"closed","sticky":false,"template":"","format":"standard","meta":{"footnotes":""},"categories":[3,16],"tags":[6821,6886,6884,2616,6888,6887,6889,6885,4273],"class_list":["post-12952","post","type-post","status-publish","format-standard","has-post-thumbnail","hentry","category-autos","category-noticias","tag-agroactiva-2025","tag-atv-agricola","tag-campo-argentino","tag-can-am","tag-defender-hd9","tag-maverick-r","tag-outlander-500-max","tag-utv-rural","tag-vehiculos-off-road"],"yoast_head":"<!-- This site is optimized with the Yoast SEO plugin v27.5 - https:\/\/yoast.com\/product\/yoast-seo-wordpress\/ -->\n<title>Los veh\u00edculos Can-Am que robaron la atenci\u00f3n en Agroactiva 2025 -<\/title>\n<meta name=\"description\" content=\"La 31\u00b0 edici\u00f3n de Agroactiva, la exposici\u00f3n m\u00e1s importante del campo argentino, cont\u00f3 con la presencia de Can-Am, l\u00edder en movilidad off-road\" \/>\n<meta name=\"robots\" content=\"index, follow, max-snippet:-1, max-image-preview:large, max-video-preview:-1\" \/>\n<link rel=\"canonical\" href=\"https:\/\/autofans.com.ar\/index.php\/2025\/06\/13\/los-vehiculos-can-am-que-robaron-la-atencion-en-agroactiva-2025\/\" \/>\n<meta property=\"og:locale\" content=\"es_ES\" \/>\n<meta property=\"og:type\" content=\"article\" \/>\n<meta property=\"og:title\" content=\"Los veh\u00edculos Can-Am que robaron la atenci\u00f3n en Agroactiva 2025 -\" \/>\n<meta property=\"og:description\" content=\"La 31\u00b0 edici\u00f3n de Agroactiva, la exposici\u00f3n m\u00e1s importante del campo argentino, cont\u00f3 con la presencia de Can-Am, l\u00edder en movilidad off-road\" \/>\n<meta property=\"og:url\" content=\"https:\/\/autofans.com.ar\/index.php\/2025\/06\/13\/los-vehiculos-can-am-que-robaron-la-atencion-en-agroactiva-2025\/\" \/>\n<meta property=\"article:published_time\" content=\"2025-06-13T23:13:18+00:00\" \/>\n<meta property=\"article:modified_time\" content=\"2025-07-02T15:54:23+00:00\" \/>\n<meta property=\"og:image\" content=\"https:\/\/autofans.com.ar\/wp-content\/uploads\/2025\/06\/canam-3.jpg\" \/>\n\t<meta property=\"og:image:width\" content=\"1000\" \/>\n\t<meta property=\"og:image:height\" content=\"667\" \/>\n\t<meta property=\"og:image:type\" content=\"image\/jpeg\" \/>\n<meta name=\"author\" content=\"Alejandro Gabriel Rosito\" \/>\n<meta name=\"twitter:card\" content=\"summary_large_image\" \/>\n<meta name=\"twitter:label1\" content=\"Escrito por\" \/>\n\t<meta name=\"twitter:data1\" content=\"Alejandro Gabriel Rosito\" \/>\n\t<meta name=\"twitter:label2\" content=\"Tiempo de lectura\" \/>\n\t<meta name=\"twitter:data2\" content=\"2 minutos\" \/>\n<script type=\"application\/ld+json\" class=\"yoast-schema-graph\">{\"@context\":\"https:\\\/\\\/schema.org\",\"@graph\":[{\"@type\":\"Article\",\"@id\":\"https:\\\/\\\/autofans.com.ar\\\/index.php\\\/2025\\\/06\\\/13\\\/los-vehiculos-can-am-que-robaron-la-atencion-en-agroactiva-2025\\\/#article\",\"isPartOf\":{\"@id\":\"https:\\\/\\\/autofans.com.ar\\\/index.php\\\/2025\\\/06\\\/13\\\/los-vehiculos-can-am-que-robaron-la-atencion-en-agroactiva-2025\\\/\"},\"author\":{\"name\":\"Alejandro Gabriel Rosito\",\"@id\":\"https:\\\/\\\/autofans.com.ar\\\/#\\\/schema\\\/person\\\/4a8dda0b6df83ac3d6723e921274c2aa\"},\"headline\":\"Los veh\u00edculos Can-Am que robaron la atenci\u00f3n en Agroactiva 2025\",\"datePublished\":\"2025-06-13T23:13:18+00:00\",\"dateModified\":\"2025-07-02T15:54:23+00:00\",\"mainEntityOfPage\":{\"@id\":\"https:\\\/\\\/autofans.com.ar\\\/index.php\\\/2025\\\/06\\\/13\\\/los-vehiculos-can-am-que-robaron-la-atencion-en-agroactiva-2025\\\/\"},\"wordCount\":349,\"image\":{\"@id\":\"https:\\\/\\\/autofans.com.ar\\\/index.php\\\/2025\\\/06\\\/13\\\/los-vehiculos-can-am-que-robaron-la-atencion-en-agroactiva-2025\\\/#primaryimage\"},\"thumbnailUrl\":\"https:\\\/\\\/autofans.com.ar\\\/wp-content\\\/uploads\\\/2025\\\/06\\\/canam-3.jpg\",\"keywords\":[\"Agroactiva 2025\",\"ATV agr\u00edcola\",\"campo argentino\",\"Can-Am\",\"Defender HD9\",\"Maverick R\",\"Outlander 500 Max\",\"UTV rural\",\"veh\u00edculos off road\"],\"articleSection\":[\"AUTOS y SUV\",\"NOTICIAS\"],\"inLanguage\":\"es\"},{\"@type\":\"WebPage\",\"@id\":\"https:\\\/\\\/autofans.com.ar\\\/index.php\\\/2025\\\/06\\\/13\\\/los-vehiculos-can-am-que-robaron-la-atencion-en-agroactiva-2025\\\/\",\"url\":\"https:\\\/\\\/autofans.com.ar\\\/index.php\\\/2025\\\/06\\\/13\\\/los-vehiculos-can-am-que-robaron-la-atencion-en-agroactiva-2025\\\/\",\"name\":\"Los veh\u00edculos Can-Am que robaron la atenci\u00f3n en Agroactiva 2025 -\",\"isPartOf\":{\"@id\":\"https:\\\/\\\/autofans.com.ar\\\/#website\"},\"primaryImageOfPage\":{\"@id\":\"https:\\\/\\\/autofans.com.ar\\\/index.php\\\/2025\\\/06\\\/13\\\/los-vehiculos-can-am-que-robaron-la-atencion-en-agroactiva-2025\\\/#primaryimage\"},\"image\":{\"@id\":\"https:\\\/\\\/autofans.com.ar\\\/index.php\\\/2025\\\/06\\\/13\\\/los-vehiculos-can-am-que-robaron-la-atencion-en-agroactiva-2025\\\/#primaryimage\"},\"thumbnailUrl\":\"https:\\\/\\\/autofans.com.ar\\\/wp-content\\\/uploads\\\/2025\\\/06\\\/canam-3.jpg\",\"datePublished\":\"2025-06-13T23:13:18+00:00\",\"dateModified\":\"2025-07-02T15:54:23+00:00\",\"author\":{\"@id\":\"https:\\\/\\\/autofans.com.ar\\\/#\\\/schema\\\/person\\\/4a8dda0b6df83ac3d6723e921274c2aa\"},\"description\":\"La 31\u00b0 edici\u00f3n de Agroactiva, la exposici\u00f3n m\u00e1s importante del campo argentino, cont\u00f3 con la presencia de Can-Am, l\u00edder en movilidad off-road\",\"breadcrumb\":{\"@id\":\"https:\\\/\\\/autofans.com.ar\\\/index.php\\\/2025\\\/06\\\/13\\\/los-vehiculos-can-am-que-robaron-la-atencion-en-agroactiva-2025\\\/#breadcrumb\"},\"inLanguage\":\"es\",\"potentialAction\":[{\"@type\":\"ReadAction\",\"target\":[\"https:\\\/\\\/autofans.com.ar\\\/index.php\\\/2025\\\/06\\\/13\\\/los-vehiculos-can-am-que-robaron-la-atencion-en-agroactiva-2025\\\/\"]}]},{\"@type\":\"ImageObject\",\"inLanguage\":\"es\",\"@id\":\"https:\\\/\\\/autofans.com.ar\\\/index.php\\\/2025\\\/06\\\/13\\\/los-vehiculos-can-am-que-robaron-la-atencion-en-agroactiva-2025\\\/#primaryimage\",\"url\":\"https:\\\/\\\/autofans.com.ar\\\/wp-content\\\/uploads\\\/2025\\\/06\\\/canam-3.jpg\",\"contentUrl\":\"https:\\\/\\\/autofans.com.ar\\\/wp-content\\\/uploads\\\/2025\\\/06\\\/canam-3.jpg\",\"width\":1000,\"height\":667,\"caption\":\"Can-Am\"},{\"@type\":\"BreadcrumbList\",\"@id\":\"https:\\\/\\\/autofans.com.ar\\\/index.php\\\/2025\\\/06\\\/13\\\/los-vehiculos-can-am-que-robaron-la-atencion-en-agroactiva-2025\\\/#breadcrumb\",\"itemListElement\":[{\"@type\":\"ListItem\",\"position\":1,\"name\":\"Inicio\",\"item\":\"https:\\\/\\\/autofans.com.ar\\\/\"},{\"@type\":\"ListItem\",\"position\":2,\"name\":\"Los veh\u00edculos Can-Am que robaron la atenci\u00f3n en Agroactiva 2025\"}]},{\"@type\":\"WebSite\",\"@id\":\"https:\\\/\\\/autofans.com.ar\\\/#website\",\"url\":\"https:\\\/\\\/autofans.com.ar\\\/\",\"name\":\"\",\"description\":\"El multimedio referente de la industria automotriz\",\"potentialAction\":[{\"@type\":\"SearchAction\",\"target\":{\"@type\":\"EntryPoint\",\"urlTemplate\":\"https:\\\/\\\/autofans.com.ar\\\/?s={search_term_string}\"},\"query-input\":{\"@type\":\"PropertyValueSpecification\",\"valueRequired\":true,\"valueName\":\"search_term_string\"}}],\"inLanguage\":\"es\"},{\"@type\":\"Person\",\"@id\":\"https:\\\/\\\/autofans.com.ar\\\/#\\\/schema\\\/person\\\/4a8dda0b6df83ac3d6723e921274c2aa\",\"name\":\"Alejandro Gabriel Rosito\",\"image\":{\"@type\":\"ImageObject\",\"inLanguage\":\"es\",\"@id\":\"https:\\\/\\\/secure.gravatar.com\\\/avatar\\\/16c5dda1489adfc62618084dcbb91cffd879c374b13fe5dd8e44ed6733852c88?s=96&d=mm&r=g\",\"url\":\"https:\\\/\\\/secure.gravatar.com\\\/avatar\\\/16c5dda1489adfc62618084dcbb91cffd879c374b13fe5dd8e44ed6733852c88?s=96&d=mm&r=g\",\"contentUrl\":\"https:\\\/\\\/secure.gravatar.com\\\/avatar\\\/16c5dda1489adfc62618084dcbb91cffd879c374b13fe5dd8e44ed6733852c88?s=96&d=mm&r=g\",\"caption\":\"Alejandro Gabriel Rosito\"},\"url\":\"https:\\\/\\\/autofans.com.ar\\\/index.php\\\/author\\\/gabrielr\\\/\"}]}<\/script>\n<!-- \/ Yoast SEO plugin. -->","yoast_head_json":{"title":"Los veh\u00edculos Can-Am que robaron la atenci\u00f3n en Agroactiva 2025 -","description":"La 31\u00b0 edici\u00f3n de Agroactiva, la exposici\u00f3n m\u00e1s importante del campo argentino, cont\u00f3 con la presencia de Can-Am, l\u00edder en movilidad off-road","robots":{"index":"index","follow":"follow","max-snippet":"max-snippet:-1","max-image-preview":"max-image-preview:large","max-video-preview":"max-video-preview:-1"},"canonical":"https:\/\/autofans.com.ar\/index.php\/2025\/06\/13\/los-vehiculos-can-am-que-robaron-la-atencion-en-agroactiva-2025\/","og_locale":"es_ES","og_type":"article","og_title":"Los veh\u00edculos Can-Am que robaron la atenci\u00f3n en Agroactiva 2025 -","og_description":"La 31\u00b0 edici\u00f3n de Agroactiva, la exposici\u00f3n m\u00e1s importante del campo argentino, cont\u00f3 con la presencia de Can-Am, l\u00edder en movilidad off-road","og_url":"https:\/\/autofans.com.ar\/index.php\/2025\/06\/13\/los-vehiculos-can-am-que-robaron-la-atencion-en-agroactiva-2025\/","article_published_time":"2025-06-13T23:13:18+00:00","article_modified_time":"2025-07-02T15:54:23+00:00","og_image":[{"width":1000,"height":667,"url":"https:\/\/autofans.com.ar\/wp-content\/uploads\/2025\/06\/canam-3.jpg","type":"image\/jpeg"}],"author":"Alejandro Gabriel Rosito","twitter_card":"summary_large_image","twitter_misc":{"Escrito por":"Alejandro Gabriel Rosito","Tiempo de lectura":"2 minutos"},"schema":{"@context":"https:\/\/schema.org","@graph":[{"@type":"Article","@id":"https:\/\/autofans.com.ar\/index.php\/2025\/06\/13\/los-vehiculos-can-am-que-robaron-la-atencion-en-agroactiva-2025\/#article","isPartOf":{"@id":"https:\/\/autofans.com.ar\/index.php\/2025\/06\/13\/los-vehiculos-can-am-que-robaron-la-atencion-en-agroactiva-2025\/"},"author":{"name":"Alejandro Gabriel Rosito","@id":"https:\/\/autofans.com.ar\/#\/schema\/person\/4a8dda0b6df83ac3d6723e921274c2aa"},"headline":"Los veh\u00edculos Can-Am que robaron la atenci\u00f3n en Agroactiva 2025","datePublished":"2025-06-13T23:13:18+00:00","dateModified":"2025-07-02T15:54:23+00:00","mainEntityOfPage":{"@id":"https:\/\/autofans.com.ar\/index.php\/2025\/06\/13\/los-vehiculos-can-am-que-robaron-la-atencion-en-agroactiva-2025\/"},"wordCount":349,"image":{"@id":"https:\/\/autofans.com.ar\/index.php\/2025\/06\/13\/los-vehiculos-can-am-que-robaron-la-atencion-en-agroactiva-2025\/#primaryimage"},"thumbnailUrl":"https:\/\/autofans.com.ar\/wp-content\/uploads\/2025\/06\/canam-3.jpg","keywords":["Agroactiva 2025","ATV agr\u00edcola","campo argentino","Can-Am","Defender HD9","Maverick R","Outlander 500 Max","UTV rural","veh\u00edculos off road"],"articleSection":["AUTOS y SUV","NOTICIAS"],"inLanguage":"es"},{"@type":"WebPage","@id":"https:\/\/autofans.com.ar\/index.php\/2025\/06\/13\/los-vehiculos-can-am-que-robaron-la-atencion-en-agroactiva-2025\/","url":"https:\/\/autofans.com.ar\/index.php\/2025\/06\/13\/los-vehiculos-can-am-que-robaron-la-atencion-en-agroactiva-2025\/","name":"Los veh\u00edculos Can-Am que robaron la atenci\u00f3n en Agroactiva 2025 -","isPartOf":{"@id":"https:\/\/autofans.com.ar\/#website"},"primaryImageOfPage":{"@id":"https:\/\/autofans.com.ar\/index.php\/2025\/06\/13\/los-vehiculos-can-am-que-robaron-la-atencion-en-agroactiva-2025\/#primaryimage"},"image":{"@id":"https:\/\/autofans.com.ar\/index.php\/2025\/06\/13\/los-vehiculos-can-am-que-robaron-la-atencion-en-agroactiva-2025\/#primaryimage"},"thumbnailUrl":"https:\/\/autofans.com.ar\/wp-content\/uploads\/2025\/06\/canam-3.jpg","datePublished":"2025-06-13T23:13:18+00:00","dateModified":"2025-07-02T15:54:23+00:00","author":{"@id":"https:\/\/autofans.com.ar\/#\/schema\/person\/4a8dda0b6df83ac3d6723e921274c2aa"},"description":"La 31\u00b0 edici\u00f3n de Agroactiva, la exposici\u00f3n m\u00e1s importante del campo argentino, cont\u00f3 con la presencia de Can-Am, l\u00edder en movilidad off-road","breadcrumb":{"@id":"https:\/\/autofans.com.ar\/index.php\/2025\/06\/13\/los-vehiculos-can-am-que-robaron-la-atencion-en-agroactiva-2025\/#breadcrumb"},"inLanguage":"es","potentialAction":[{"@type":"ReadAction","target":["https:\/\/autofans.com.ar\/index.php\/2025\/06\/13\/los-vehiculos-can-am-que-robaron-la-atencion-en-agroactiva-2025\/"]}]},{"@type":"ImageObject","inLanguage":"es","@id":"https:\/\/autofans.com.ar\/index.php\/2025\/06\/13\/los-vehiculos-can-am-que-robaron-la-atencion-en-agroactiva-2025\/#primaryimage","url":"https:\/\/autofans.com.ar\/wp-content\/uploads\/2025\/06\/canam-3.jpg","contentUrl":"https:\/\/autofans.com.ar\/wp-content\/uploads\/2025\/06\/canam-3.jpg","width":1000,"height":667,"caption":"Can-Am"},{"@type":"BreadcrumbList","@id":"https:\/\/autofans.com.ar\/index.php\/2025\/06\/13\/los-vehiculos-can-am-que-robaron-la-atencion-en-agroactiva-2025\/#breadcrumb","itemListElement":[{"@type":"ListItem","position":1,"name":"Inicio","item":"https:\/\/autofans.com.ar\/"},{"@type":"ListItem","position":2,"name":"Los veh\u00edculos Can-Am que robaron la atenci\u00f3n en Agroactiva 2025"}]},{"@type":"WebSite","@id":"https:\/\/autofans.com.ar\/#website","url":"https:\/\/autofans.com.ar\/","name":"","description":"El multimedio referente de la industria automotriz","potentialAction":[{"@type":"SearchAction","target":{"@type":"EntryPoint","urlTemplate":"https:\/\/autofans.com.ar\/?s={search_term_string}"},"query-input":{"@type":"PropertyValueSpecification","valueRequired":true,"valueName":"search_term_string"}}],"inLanguage":"es"},{"@type":"Person","@id":"https:\/\/autofans.com.ar\/#\/schema\/person\/4a8dda0b6df83ac3d6723e921274c2aa","name":"Alejandro Gabriel Rosito","image":{"@type":"ImageObject","inLanguage":"es","@id":"https:\/\/secure.gravatar.com\/avatar\/16c5dda1489adfc62618084dcbb91cffd879c374b13fe5dd8e44ed6733852c88?s=96&d=mm&r=g","url":"https:\/\/secure.gravatar.com\/avatar\/16c5dda1489adfc62618084dcbb91cffd879c374b13fe5dd8e44ed6733852c88?s=96&d=mm&r=g","contentUrl":"https:\/\/secure.gravatar.com\/avatar\/16c5dda1489adfc62618084dcbb91cffd879c374b13fe5dd8e44ed6733852c88?s=96&d=mm&r=g","caption":"Alejandro Gabriel Rosito"},"url":"https:\/\/autofans.com.ar\/index.php\/author\/gabrielr\/"}]}},"featured_image_urls":{"full":["https:\/\/autofans.com.ar\/wp-content\/uploads\/2025\/06\/canam-3.jpg",1000,667,false],"thumbnail":["https:\/\/autofans.com.ar\/wp-content\/uploads\/2025\/06\/canam-3-150x150.jpg",150,150,true],"medium":["https:\/\/autofans.com.ar\/wp-content\/uploads\/2025\/06\/canam-3-300x200.jpg",300,200,true],"medium_large":["https:\/\/autofans.com.ar\/wp-content\/uploads\/2025\/06\/canam-3-768x512.jpg",640,427,true],"large":["https:\/\/autofans.com.ar\/wp-content\/uploads\/2025\/06\/canam-3.jpg",640,427,false],"1536x1536":["https:\/\/autofans.com.ar\/wp-content\/uploads\/2025\/06\/canam-3.jpg",1000,667,false],"2048x2048":["https:\/\/autofans.com.ar\/wp-content\/uploads\/2025\/06\/canam-3.jpg",1000,667,false],"covernews-featured":["https:\/\/autofans.com.ar\/wp-content\/uploads\/2025\/06\/canam-3.jpg",1000,667,false],"covernews-medium":["https:\/\/autofans.com.ar\/wp-content\/uploads\/2025\/06\/canam-3-540x340.jpg",540,340,true]},"author_info":{"display_name":"Alejandro Gabriel Rosito","author_link":"https:\/\/autofans.com.ar\/index.php\/author\/gabrielr\/"},"category_info":"<a href=\"https:\/\/autofans.com.ar\/index.php\/category\/noticias\/autos\/\" rel=\"category tag\">AUTOS y SUV<\/a> <a href=\"https:\/\/autofans.com.ar\/index.php\/category\/noticias\/\" rel=\"category tag\">NOTICIAS<\/a>","tag_info":"NOTICIAS","comment_count":0,"_links":{"self":[{"href":"https:\/\/autofans.com.ar\/index.php\/wp-json\/wp\/v2\/posts\/12952","targetHints":{"allow":["GET"]}}],"collection":[{"href":"https:\/\/autofans.com.ar\/index.php\/wp-json\/wp\/v2\/posts"}],"about":[{"href":"https:\/\/autofans.com.ar\/index.php\/wp-json\/wp\/v2\/types\/post"}],"author":[{"embeddable":true,"href":"https:\/\/autofans.com.ar\/index.php\/wp-json\/wp\/v2\/users\/2"}],"replies":[{"embeddable":true,"href":"https:\/\/autofans.com.ar\/index.php\/wp-json\/wp\/v2\/comments?post=12952"}],"version-history":[{"count":6,"href":"https:\/\/autofans.com.ar\/index.php\/wp-json\/wp\/v2\/posts\/12952\/revisions"}],"predecessor-version":[{"id":13129,"href":"https:\/\/autofans.com.ar\/index.php\/wp-json\/wp\/v2\/posts\/12952\/revisions\/13129"}],"wp:featuredmedia":[{"embeddable":true,"href":"https:\/\/autofans.com.ar\/index.php\/wp-json\/wp\/v2\/media\/12953"}],"wp:attachment":[{"href":"https:\/\/autofans.com.ar\/index.php\/wp-json\/wp\/v2\/media?parent=12952"}],"wp:term":[{"taxonomy":"category","embeddable":true,"href":"https:\/\/autofans.com.ar\/index.php\/wp-json\/wp\/v2\/categories?post=12952"},{"taxonomy":"post_tag","embeddable":true,"href":"https:\/\/autofans.com.ar\/index.php\/wp-json\/wp\/v2\/tags?post=12952"}],"curies":[{"name":"wp","href":"https:\/\/api.w.org\/{rel}","templated":true}]}}