{"id":12969,"date":"2025-06-17T16:34:03","date_gmt":"2025-06-17T19:34:03","guid":{"rendered":"https:\/\/autofans.com.ar\/?p=12969"},"modified":"2025-06-17T16:34:03","modified_gmt":"2025-06-17T19:34:03","slug":"iveco-suma-su-tercer-concesionario-en-el-ano","status":"publish","type":"post","link":"https:\/\/autofans.com.ar\/index.php\/2025\/06\/17\/iveco-suma-su-tercer-concesionario-en-el-ano\/","title":{"rendered":"IVECO suma su tercer concesionario en el a\u00f1o"},"content":{"rendered":"<p class=\"ds-markdown-paragraph\">La marca de veh\u00edculos comerciales IVECO, parte de Iveco Group, suma un nuevo concesionario en R\u00edo Gallegos, Santa Cruz, operado por Fiorasi. Esta apertura consolida la red de la marca en el sur del pa\u00eds, ofreciendo mayor cercan\u00eda a transportistas de una regi\u00f3n con fuerte actividad petrolera y minera.<\/p>\n<p class=\"ds-markdown-paragraph\">Se trata del tercer concesionario inaugurado en el \u00faltimo a\u00f1o, despu\u00e9s de las aperturas de Navicam en Mataderos y Beta en Venado Tuerto.<\/p>\n<p>&nbsp;<\/p>\n<blockquote>\n<p style=\"text-align: center;\">\u201cNos enorgullece continuar ampliando nuestra red de concesionarios en todo el pa\u00eds, particularmente en ubicaciones estrat\u00e9gicas como R\u00edo Gallegos. Esta nueva apertura no s\u00f3lo consolida nuestra s\u00f3lida alianza con los concesionarios, sino que tambi\u00e9n reafirma nuestro compromiso permanente de apoyarlos en su crecimiento y en la excelencia del servicio. Seguimos trabajando para que este logro sea parte de un esfuerzo sostenido por fortalecer y expandir la presencia de IVECO a lo largo y ancho de Argentina\u201d, expres\u00f3 Ricardo Cardozo, Country Manager de Iveco Group en Argentina.<\/p>\n<\/blockquote>\n<p>&nbsp;<\/p>\n<h2>Un espacio estrat\u00e9gico para el transporte pesado<\/h2>\n<p>&nbsp;<\/p>\n<figure id=\"attachment_12972\" aria-describedby=\"caption-attachment-12972\" style=\"width: 1000px\" class=\"wp-caption aligncenter\"><img fetchpriority=\"high\" decoding=\"async\" class=\"wp-image-12972 size-full\" src=\"https:\/\/autofans.com.ar\/wp-content\/uploads\/2025\/06\/iveco-4-1.jpg\" alt=\"IVECO\" width=\"1000\" height=\"667\" srcset=\"https:\/\/autofans.com.ar\/wp-content\/uploads\/2025\/06\/iveco-4-1.jpg 1000w, https:\/\/autofans.com.ar\/wp-content\/uploads\/2025\/06\/iveco-4-1-300x200.jpg 300w, https:\/\/autofans.com.ar\/wp-content\/uploads\/2025\/06\/iveco-4-1-768x512.jpg 768w\" sizes=\"(max-width: 1000px) 100vw, 1000px\" \/><figcaption id=\"caption-attachment-12972\" class=\"wp-caption-text\">De izquierda a derecha, Fernando Fiorasi, Presidente de Grupo Fiorasi, Diego Robles, Jefe de Gabinete de la Municipalidad de R\u00edo Gallegos. Rodolfo Sanzana, Responsable de Sucursal Rio Gallegos, Joaquin Nervi, Directivo de Grupo Fiorasi y Ricardo Cardozo, Country Manager de Iveco Group en Argentina.<\/figcaption><\/figure>\n<p>&nbsp;<\/p>\n<p class=\"ds-markdown-paragraph\">Ubicado sobre la Ruta Nacional 3, en la entrada de circunvalaci\u00f3n para cargas, el nuevo concesionario ocupa un predio de 6000 m\u00b2. Las instalaciones incluyen:<\/p>\n<ul>\n<li>\n<p class=\"ds-markdown-paragraph\">Taller con tres boxes de atenci\u00f3n.<\/p>\n<\/li>\n<li>\n<p class=\"ds-markdown-paragraph\">Sal\u00f3n de ventas y oficinas de servicio.<\/p>\n<\/li>\n<li>\n<p class=\"ds-markdown-paragraph\">Mostrador de repuestos con stock inmediato.<\/p>\n<\/li>\n<\/ul>\n<p>&nbsp;<\/p>\n<blockquote>\n<p style=\"text-align: center;\">\u201cEstamos muy contentos y tenemos una gran expectativa, es una zona vinculada al petr\u00f3leo y a la miner\u00eda, actividades muy fuertes con las trabajamos diariamente y que necesitan que nosotros estemos cada vez m\u00e1s cerca de ellos\u201d, asegur\u00f3 Joaqu\u00edn Nervi, Directivo de Grupo Fiorasi.<\/p>\n<\/blockquote>\n<p>&nbsp;<\/p>\n<h2>IVECO servicio integral para una log\u00edstica desafiante<\/h2>\n<p>&nbsp;<\/p>\n<div id='gallery-1' class='gallery galleryid-12969 gallery-columns-2 gallery-size-full'><figure class='gallery-item'>\n\t\t\t<div class='gallery-icon landscape'>\n\t\t\t\t<a href='https:\/\/autofans.com.ar\/index.php\/2025\/06\/17\/iveco-suma-su-tercer-concesionario-en-el-ano\/iveco-2-27\/'><img loading=\"lazy\" width=\"1000\" height=\"667\" src=\"https:\/\/autofans.com.ar\/wp-content\/uploads\/2025\/06\/iveco-2-1.jpg\" class=\"attachment-full size-full\" alt=\"IVECO\" srcset=\"https:\/\/autofans.com.ar\/wp-content\/uploads\/2025\/06\/iveco-2-1.jpg 1000w, https:\/\/autofans.com.ar\/wp-content\/uploads\/2025\/06\/iveco-2-1-300x200.jpg 300w, https:\/\/autofans.com.ar\/wp-content\/uploads\/2025\/06\/iveco-2-1-768x512.jpg 768w\" sizes=\"auto, (max-width: 1000px) 100vw, 1000px\" loading=\"lazy\" decoding=\"async\" \/><\/a>\n\t\t\t<\/div><\/figure><figure class='gallery-item'>\n\t\t\t<div class='gallery-icon landscape'>\n\t\t\t\t<a href='https:\/\/autofans.com.ar\/index.php\/2025\/06\/17\/iveco-suma-su-tercer-concesionario-en-el-ano\/iveco-3-23\/'><img loading=\"lazy\" width=\"1000\" height=\"667\" src=\"https:\/\/autofans.com.ar\/wp-content\/uploads\/2025\/06\/iveco-3-1.jpg\" class=\"attachment-full size-full\" alt=\"IVECO\" srcset=\"https:\/\/autofans.com.ar\/wp-content\/uploads\/2025\/06\/iveco-3-1.jpg 1000w, https:\/\/autofans.com.ar\/wp-content\/uploads\/2025\/06\/iveco-3-1-300x200.jpg 300w, https:\/\/autofans.com.ar\/wp-content\/uploads\/2025\/06\/iveco-3-1-768x512.jpg 768w\" sizes=\"auto, (max-width: 1000px) 100vw, 1000px\" loading=\"lazy\" decoding=\"async\" \/><\/a>\n\t\t\t<\/div><\/figure>\n\t\t<\/div>\n\n<p>&nbsp;<\/p>\n<p class=\"ds-markdown-paragraph\">Santa Cruz presenta condiciones \u00fanicas: distancias extensas, clima riguroso y alta demanda de transporte. Fiorasi apunta a brindar:<\/p>\n<ul>\n<li>\n<p class=\"ds-markdown-paragraph\">Asesoramiento personalizado.<\/p>\n<\/li>\n<li>\n<p class=\"ds-markdown-paragraph\">Mantenimiento t\u00e9cnico especializado.<\/p>\n<\/li>\n<li>\n<p class=\"ds-markdown-paragraph\">Respuesta r\u00e1pida en repuestos.<\/p>\n<\/li>\n<\/ul>\n<p class=\"ds-markdown-paragraph\">Con esta apertura, IVECO alcanza 50 puntos de atenci\u00f3n en Argentina, la red m\u00e1s amplia del sector.<\/p>\n<p>&nbsp;<\/p>\n<blockquote>\n<p style=\"text-align: center;\">\u201cLa mayor\u00eda de los transportistas recorren la Ruta Nacional Nro. 3 para llegar a R\u00edo Gallegos y necesitan un punto de atenci\u00f3n cercano, teniendo en cuenta que las distancias en la Patagonia son enormes, por lo que se convierte en un punto estrat\u00e9gico para la marca\u201d, destac\u00f3 Cardozo.<\/p>\n<\/blockquote>\n<p>&nbsp;<\/p>\n<p>&nbsp;<\/p>\n<p>&nbsp;<\/p>\n<p><i>Para enterarte de m\u00e1s novedades, no dejes de leer\u00a0<\/i><a href=\"https:\/\/autofans.thebrandsoup.com\/\"><i>nuestras notas<\/i><\/a><i>, de ver\u00a0<\/i><a href=\"https:\/\/www.youtube.com\/channel\/UCgAC8UGHZYbT6P7PpmVnP7g\"><i>AUTOFANS TV<\/i><\/a><i>\u00a0en nuestro\u00a0canal de Youtube. Adem\u00e1s seguinos en\u00a0<\/i><a href=\"https:\/\/www.instagram.com\/autofanstv\/\"><i>INSTAGRAM<\/i><\/a><i> y <\/i><a href=\"https:\/\/www.facebook.com\/autofansmas\/\"><i>FACEBOOK<\/i><\/a><i> para no perderte nada sobre las novedades del segmento automotor de Argentina y el mundo.<\/i><\/p>\n","protected":false},"excerpt":{"rendered":"<p>La marca de veh\u00edculos comerciales IVECO, parte de Iveco Group, suma un nuevo concesionario en&#8230;<\/p>\n","protected":false},"author":2,"featured_media":12975,"comment_status":"closed","ping_status":"closed","sticky":false,"template":"","format":"standard","meta":{"footnotes":""},"categories":[292,16],"tags":[6892,6891,654,862,2348,770,2345,1001,444],"class_list":["post-12969","post","type-post","status-publish","format-standard","has-post-thumbnail","hentry","category-empresas","category-noticias","tag-concesionario-rio-gallegos","tag-fiorasi","tag-iveco","tag-patagonia","tag-repuestos-originales","tag-santa-cruz","tag-servicio-posventa","tag-transporte-de-cargas","tag-vehiculos-comerciales"],"yoast_head":"<!-- This site is optimized with the Yoast SEO plugin v27.5 - https:\/\/yoast.com\/product\/yoast-seo-wordpress\/ -->\n<title>IVECO suma su tercer concesionario en el a\u00f1o -<\/title>\n<meta name=\"description\" content=\"La marca de veh\u00edculos comerciales IVECO, parte de Iveco Group, suma un nuevo concesionario en R\u00edo Gallegos, Santa Cruz, operado por Fiorasi..\" \/>\n<meta name=\"robots\" content=\"index, follow, max-snippet:-1, max-image-preview:large, max-video-preview:-1\" \/>\n<link rel=\"canonical\" href=\"https:\/\/autofans.com.ar\/index.php\/2025\/06\/17\/iveco-suma-su-tercer-concesionario-en-el-ano\/\" \/>\n<meta property=\"og:locale\" content=\"es_ES\" \/>\n<meta property=\"og:type\" content=\"article\" \/>\n<meta property=\"og:title\" content=\"IVECO suma su tercer concesionario en el a\u00f1o -\" \/>\n<meta property=\"og:description\" content=\"La marca de veh\u00edculos comerciales IVECO, parte de Iveco Group, suma un nuevo concesionario en R\u00edo Gallegos, Santa Cruz, operado por Fiorasi..\" \/>\n<meta property=\"og:url\" content=\"https:\/\/autofans.com.ar\/index.php\/2025\/06\/17\/iveco-suma-su-tercer-concesionario-en-el-ano\/\" \/>\n<meta property=\"article:published_time\" content=\"2025-06-17T19:34:03+00:00\" \/>\n<meta property=\"og:image\" content=\"https:\/\/autofans.com.ar\/wp-content\/uploads\/2025\/06\/iveco-1-1.jpg\" \/>\n\t<meta property=\"og:image:width\" content=\"1000\" \/>\n\t<meta property=\"og:image:height\" content=\"667\" \/>\n\t<meta property=\"og:image:type\" content=\"image\/jpeg\" \/>\n<meta name=\"author\" content=\"Alejandro Gabriel Rosito\" \/>\n<meta name=\"twitter:card\" content=\"summary_large_image\" \/>\n<meta name=\"twitter:label1\" content=\"Escrito por\" \/>\n\t<meta name=\"twitter:data1\" content=\"Alejandro Gabriel Rosito\" \/>\n\t<meta name=\"twitter:label2\" content=\"Tiempo de lectura\" \/>\n\t<meta name=\"twitter:data2\" content=\"2 minutos\" \/>\n<script type=\"application\/ld+json\" class=\"yoast-schema-graph\">{\"@context\":\"https:\\\/\\\/schema.org\",\"@graph\":[{\"@type\":\"Article\",\"@id\":\"https:\\\/\\\/autofans.com.ar\\\/index.php\\\/2025\\\/06\\\/17\\\/iveco-suma-su-tercer-concesionario-en-el-ano\\\/#article\",\"isPartOf\":{\"@id\":\"https:\\\/\\\/autofans.com.ar\\\/index.php\\\/2025\\\/06\\\/17\\\/iveco-suma-su-tercer-concesionario-en-el-ano\\\/\"},\"author\":{\"name\":\"Alejandro Gabriel Rosito\",\"@id\":\"https:\\\/\\\/autofans.com.ar\\\/#\\\/schema\\\/person\\\/4a8dda0b6df83ac3d6723e921274c2aa\"},\"headline\":\"IVECO suma su tercer concesionario en el a\u00f1o\",\"datePublished\":\"2025-06-17T19:34:03+00:00\",\"mainEntityOfPage\":{\"@id\":\"https:\\\/\\\/autofans.com.ar\\\/index.php\\\/2025\\\/06\\\/17\\\/iveco-suma-su-tercer-concesionario-en-el-ano\\\/\"},\"wordCount\":499,\"image\":{\"@id\":\"https:\\\/\\\/autofans.com.ar\\\/index.php\\\/2025\\\/06\\\/17\\\/iveco-suma-su-tercer-concesionario-en-el-ano\\\/#primaryimage\"},\"thumbnailUrl\":\"https:\\\/\\\/autofans.com.ar\\\/wp-content\\\/uploads\\\/2025\\\/06\\\/iveco-1-1.jpg\",\"keywords\":[\"concesionario R\u00edo Gallegos\",\"Fiorasi\",\"IVECO\",\"Patagonia\",\"Repuestos Originales\",\"Santa Cruz\",\"Servicio Posventa\",\"transporte de cargas\",\"Veh\u00edculos Comerciales\"],\"articleSection\":[\"EMPRESAS\",\"NOTICIAS\"],\"inLanguage\":\"es\"},{\"@type\":\"WebPage\",\"@id\":\"https:\\\/\\\/autofans.com.ar\\\/index.php\\\/2025\\\/06\\\/17\\\/iveco-suma-su-tercer-concesionario-en-el-ano\\\/\",\"url\":\"https:\\\/\\\/autofans.com.ar\\\/index.php\\\/2025\\\/06\\\/17\\\/iveco-suma-su-tercer-concesionario-en-el-ano\\\/\",\"name\":\"IVECO suma su tercer concesionario en el a\u00f1o -\",\"isPartOf\":{\"@id\":\"https:\\\/\\\/autofans.com.ar\\\/#website\"},\"primaryImageOfPage\":{\"@id\":\"https:\\\/\\\/autofans.com.ar\\\/index.php\\\/2025\\\/06\\\/17\\\/iveco-suma-su-tercer-concesionario-en-el-ano\\\/#primaryimage\"},\"image\":{\"@id\":\"https:\\\/\\\/autofans.com.ar\\\/index.php\\\/2025\\\/06\\\/17\\\/iveco-suma-su-tercer-concesionario-en-el-ano\\\/#primaryimage\"},\"thumbnailUrl\":\"https:\\\/\\\/autofans.com.ar\\\/wp-content\\\/uploads\\\/2025\\\/06\\\/iveco-1-1.jpg\",\"datePublished\":\"2025-06-17T19:34:03+00:00\",\"author\":{\"@id\":\"https:\\\/\\\/autofans.com.ar\\\/#\\\/schema\\\/person\\\/4a8dda0b6df83ac3d6723e921274c2aa\"},\"description\":\"La marca de veh\u00edculos comerciales IVECO, parte de Iveco Group, suma un nuevo concesionario en R\u00edo Gallegos, Santa Cruz, operado por Fiorasi..\",\"breadcrumb\":{\"@id\":\"https:\\\/\\\/autofans.com.ar\\\/index.php\\\/2025\\\/06\\\/17\\\/iveco-suma-su-tercer-concesionario-en-el-ano\\\/#breadcrumb\"},\"inLanguage\":\"es\",\"potentialAction\":[{\"@type\":\"ReadAction\",\"target\":[\"https:\\\/\\\/autofans.com.ar\\\/index.php\\\/2025\\\/06\\\/17\\\/iveco-suma-su-tercer-concesionario-en-el-ano\\\/\"]}]},{\"@type\":\"ImageObject\",\"inLanguage\":\"es\",\"@id\":\"https:\\\/\\\/autofans.com.ar\\\/index.php\\\/2025\\\/06\\\/17\\\/iveco-suma-su-tercer-concesionario-en-el-ano\\\/#primaryimage\",\"url\":\"https:\\\/\\\/autofans.com.ar\\\/wp-content\\\/uploads\\\/2025\\\/06\\\/iveco-1-1.jpg\",\"contentUrl\":\"https:\\\/\\\/autofans.com.ar\\\/wp-content\\\/uploads\\\/2025\\\/06\\\/iveco-1-1.jpg\",\"width\":1000,\"height\":667,\"caption\":\"IVECO\"},{\"@type\":\"BreadcrumbList\",\"@id\":\"https:\\\/\\\/autofans.com.ar\\\/index.php\\\/2025\\\/06\\\/17\\\/iveco-suma-su-tercer-concesionario-en-el-ano\\\/#breadcrumb\",\"itemListElement\":[{\"@type\":\"ListItem\",\"position\":1,\"name\":\"Inicio\",\"item\":\"https:\\\/\\\/autofans.com.ar\\\/\"},{\"@type\":\"ListItem\",\"position\":2,\"name\":\"IVECO suma su tercer concesionario en el a\u00f1o\"}]},{\"@type\":\"WebSite\",\"@id\":\"https:\\\/\\\/autofans.com.ar\\\/#website\",\"url\":\"https:\\\/\\\/autofans.com.ar\\\/\",\"name\":\"\",\"description\":\"El multimedio referente de la industria automotriz\",\"potentialAction\":[{\"@type\":\"SearchAction\",\"target\":{\"@type\":\"EntryPoint\",\"urlTemplate\":\"https:\\\/\\\/autofans.com.ar\\\/?s={search_term_string}\"},\"query-input\":{\"@type\":\"PropertyValueSpecification\",\"valueRequired\":true,\"valueName\":\"search_term_string\"}}],\"inLanguage\":\"es\"},{\"@type\":\"Person\",\"@id\":\"https:\\\/\\\/autofans.com.ar\\\/#\\\/schema\\\/person\\\/4a8dda0b6df83ac3d6723e921274c2aa\",\"name\":\"Alejandro Gabriel Rosito\",\"image\":{\"@type\":\"ImageObject\",\"inLanguage\":\"es\",\"@id\":\"https:\\\/\\\/secure.gravatar.com\\\/avatar\\\/16c5dda1489adfc62618084dcbb91cffd879c374b13fe5dd8e44ed6733852c88?s=96&d=mm&r=g\",\"url\":\"https:\\\/\\\/secure.gravatar.com\\\/avatar\\\/16c5dda1489adfc62618084dcbb91cffd879c374b13fe5dd8e44ed6733852c88?s=96&d=mm&r=g\",\"contentUrl\":\"https:\\\/\\\/secure.gravatar.com\\\/avatar\\\/16c5dda1489adfc62618084dcbb91cffd879c374b13fe5dd8e44ed6733852c88?s=96&d=mm&r=g\",\"caption\":\"Alejandro Gabriel Rosito\"},\"url\":\"https:\\\/\\\/autofans.com.ar\\\/index.php\\\/author\\\/gabrielr\\\/\"}]}<\/script>\n<!-- \/ Yoast SEO plugin. -->","yoast_head_json":{"title":"IVECO suma su tercer concesionario en el a\u00f1o -","description":"La marca de veh\u00edculos comerciales IVECO, parte de Iveco Group, suma un nuevo concesionario en R\u00edo Gallegos, Santa Cruz, operado por Fiorasi..","robots":{"index":"index","follow":"follow","max-snippet":"max-snippet:-1","max-image-preview":"max-image-preview:large","max-video-preview":"max-video-preview:-1"},"canonical":"https:\/\/autofans.com.ar\/index.php\/2025\/06\/17\/iveco-suma-su-tercer-concesionario-en-el-ano\/","og_locale":"es_ES","og_type":"article","og_title":"IVECO suma su tercer concesionario en el a\u00f1o -","og_description":"La marca de veh\u00edculos comerciales IVECO, parte de Iveco Group, suma un nuevo concesionario en R\u00edo Gallegos, Santa Cruz, operado por Fiorasi..","og_url":"https:\/\/autofans.com.ar\/index.php\/2025\/06\/17\/iveco-suma-su-tercer-concesionario-en-el-ano\/","article_published_time":"2025-06-17T19:34:03+00:00","og_image":[{"width":1000,"height":667,"url":"https:\/\/autofans.com.ar\/wp-content\/uploads\/2025\/06\/iveco-1-1.jpg","type":"image\/jpeg"}],"author":"Alejandro Gabriel Rosito","twitter_card":"summary_large_image","twitter_misc":{"Escrito por":"Alejandro Gabriel Rosito","Tiempo de lectura":"2 minutos"},"schema":{"@context":"https:\/\/schema.org","@graph":[{"@type":"Article","@id":"https:\/\/autofans.com.ar\/index.php\/2025\/06\/17\/iveco-suma-su-tercer-concesionario-en-el-ano\/#article","isPartOf":{"@id":"https:\/\/autofans.com.ar\/index.php\/2025\/06\/17\/iveco-suma-su-tercer-concesionario-en-el-ano\/"},"author":{"name":"Alejandro Gabriel Rosito","@id":"https:\/\/autofans.com.ar\/#\/schema\/person\/4a8dda0b6df83ac3d6723e921274c2aa"},"headline":"IVECO suma su tercer concesionario en el a\u00f1o","datePublished":"2025-06-17T19:34:03+00:00","mainEntityOfPage":{"@id":"https:\/\/autofans.com.ar\/index.php\/2025\/06\/17\/iveco-suma-su-tercer-concesionario-en-el-ano\/"},"wordCount":499,"image":{"@id":"https:\/\/autofans.com.ar\/index.php\/2025\/06\/17\/iveco-suma-su-tercer-concesionario-en-el-ano\/#primaryimage"},"thumbnailUrl":"https:\/\/autofans.com.ar\/wp-content\/uploads\/2025\/06\/iveco-1-1.jpg","keywords":["concesionario R\u00edo Gallegos","Fiorasi","IVECO","Patagonia","Repuestos Originales","Santa Cruz","Servicio Posventa","transporte de cargas","Veh\u00edculos Comerciales"],"articleSection":["EMPRESAS","NOTICIAS"],"inLanguage":"es"},{"@type":"WebPage","@id":"https:\/\/autofans.com.ar\/index.php\/2025\/06\/17\/iveco-suma-su-tercer-concesionario-en-el-ano\/","url":"https:\/\/autofans.com.ar\/index.php\/2025\/06\/17\/iveco-suma-su-tercer-concesionario-en-el-ano\/","name":"IVECO suma su tercer concesionario en el a\u00f1o -","isPartOf":{"@id":"https:\/\/autofans.com.ar\/#website"},"primaryImageOfPage":{"@id":"https:\/\/autofans.com.ar\/index.php\/2025\/06\/17\/iveco-suma-su-tercer-concesionario-en-el-ano\/#primaryimage"},"image":{"@id":"https:\/\/autofans.com.ar\/index.php\/2025\/06\/17\/iveco-suma-su-tercer-concesionario-en-el-ano\/#primaryimage"},"thumbnailUrl":"https:\/\/autofans.com.ar\/wp-content\/uploads\/2025\/06\/iveco-1-1.jpg","datePublished":"2025-06-17T19:34:03+00:00","author":{"@id":"https:\/\/autofans.com.ar\/#\/schema\/person\/4a8dda0b6df83ac3d6723e921274c2aa"},"description":"La marca de veh\u00edculos comerciales IVECO, parte de Iveco Group, suma un nuevo concesionario en R\u00edo Gallegos, Santa Cruz, operado por Fiorasi..","breadcrumb":{"@id":"https:\/\/autofans.com.ar\/index.php\/2025\/06\/17\/iveco-suma-su-tercer-concesionario-en-el-ano\/#breadcrumb"},"inLanguage":"es","potentialAction":[{"@type":"ReadAction","target":["https:\/\/autofans.com.ar\/index.php\/2025\/06\/17\/iveco-suma-su-tercer-concesionario-en-el-ano\/"]}]},{"@type":"ImageObject","inLanguage":"es","@id":"https:\/\/autofans.com.ar\/index.php\/2025\/06\/17\/iveco-suma-su-tercer-concesionario-en-el-ano\/#primaryimage","url":"https:\/\/autofans.com.ar\/wp-content\/uploads\/2025\/06\/iveco-1-1.jpg","contentUrl":"https:\/\/autofans.com.ar\/wp-content\/uploads\/2025\/06\/iveco-1-1.jpg","width":1000,"height":667,"caption":"IVECO"},{"@type":"BreadcrumbList","@id":"https:\/\/autofans.com.ar\/index.php\/2025\/06\/17\/iveco-suma-su-tercer-concesionario-en-el-ano\/#breadcrumb","itemListElement":[{"@type":"ListItem","position":1,"name":"Inicio","item":"https:\/\/autofans.com.ar\/"},{"@type":"ListItem","position":2,"name":"IVECO suma su tercer concesionario en el a\u00f1o"}]},{"@type":"WebSite","@id":"https:\/\/autofans.com.ar\/#website","url":"https:\/\/autofans.com.ar\/","name":"","description":"El multimedio referente de la industria automotriz","potentialAction":[{"@type":"SearchAction","target":{"@type":"EntryPoint","urlTemplate":"https:\/\/autofans.com.ar\/?s={search_term_string}"},"query-input":{"@type":"PropertyValueSpecification","valueRequired":true,"valueName":"search_term_string"}}],"inLanguage":"es"},{"@type":"Person","@id":"https:\/\/autofans.com.ar\/#\/schema\/person\/4a8dda0b6df83ac3d6723e921274c2aa","name":"Alejandro Gabriel Rosito","image":{"@type":"ImageObject","inLanguage":"es","@id":"https:\/\/secure.gravatar.com\/avatar\/16c5dda1489adfc62618084dcbb91cffd879c374b13fe5dd8e44ed6733852c88?s=96&d=mm&r=g","url":"https:\/\/secure.gravatar.com\/avatar\/16c5dda1489adfc62618084dcbb91cffd879c374b13fe5dd8e44ed6733852c88?s=96&d=mm&r=g","contentUrl":"https:\/\/secure.gravatar.com\/avatar\/16c5dda1489adfc62618084dcbb91cffd879c374b13fe5dd8e44ed6733852c88?s=96&d=mm&r=g","caption":"Alejandro Gabriel Rosito"},"url":"https:\/\/autofans.com.ar\/index.php\/author\/gabrielr\/"}]}},"featured_image_urls":{"full":["https:\/\/autofans.com.ar\/wp-content\/uploads\/2025\/06\/iveco-1-1.jpg",1000,667,false],"thumbnail":["https:\/\/autofans.com.ar\/wp-content\/uploads\/2025\/06\/iveco-1-1-150x150.jpg",150,150,true],"medium":["https:\/\/autofans.com.ar\/wp-content\/uploads\/2025\/06\/iveco-1-1-300x200.jpg",300,200,true],"medium_large":["https:\/\/autofans.com.ar\/wp-content\/uploads\/2025\/06\/iveco-1-1-768x512.jpg",640,427,true],"large":["https:\/\/autofans.com.ar\/wp-content\/uploads\/2025\/06\/iveco-1-1.jpg",640,427,false],"1536x1536":["https:\/\/autofans.com.ar\/wp-content\/uploads\/2025\/06\/iveco-1-1.jpg",1000,667,false],"2048x2048":["https:\/\/autofans.com.ar\/wp-content\/uploads\/2025\/06\/iveco-1-1.jpg",1000,667,false],"covernews-featured":["https:\/\/autofans.com.ar\/wp-content\/uploads\/2025\/06\/iveco-1-1.jpg",1000,667,false],"covernews-medium":["https:\/\/autofans.com.ar\/wp-content\/uploads\/2025\/06\/iveco-1-1-540x340.jpg",540,340,true]},"author_info":{"display_name":"Alejandro Gabriel Rosito","author_link":"https:\/\/autofans.com.ar\/index.php\/author\/gabrielr\/"},"category_info":"<a href=\"https:\/\/autofans.com.ar\/index.php\/category\/noticias\/empresas\/\" rel=\"category tag\">EMPRESAS<\/a> <a href=\"https:\/\/autofans.com.ar\/index.php\/category\/noticias\/\" rel=\"category tag\">NOTICIAS<\/a>","tag_info":"NOTICIAS","comment_count":0,"_links":{"self":[{"href":"https:\/\/autofans.com.ar\/index.php\/wp-json\/wp\/v2\/posts\/12969","targetHints":{"allow":["GET"]}}],"collection":[{"href":"https:\/\/autofans.com.ar\/index.php\/wp-json\/wp\/v2\/posts"}],"about":[{"href":"https:\/\/autofans.com.ar\/index.php\/wp-json\/wp\/v2\/types\/post"}],"author":[{"embeddable":true,"href":"https:\/\/autofans.com.ar\/index.php\/wp-json\/wp\/v2\/users\/2"}],"replies":[{"embeddable":true,"href":"https:\/\/autofans.com.ar\/index.php\/wp-json\/wp\/v2\/comments?post=12969"}],"version-history":[{"count":3,"href":"https:\/\/autofans.com.ar\/index.php\/wp-json\/wp\/v2\/posts\/12969\/revisions"}],"predecessor-version":[{"id":12976,"href":"https:\/\/autofans.com.ar\/index.php\/wp-json\/wp\/v2\/posts\/12969\/revisions\/12976"}],"wp:featuredmedia":[{"embeddable":true,"href":"https:\/\/autofans.com.ar\/index.php\/wp-json\/wp\/v2\/media\/12975"}],"wp:attachment":[{"href":"https:\/\/autofans.com.ar\/index.php\/wp-json\/wp\/v2\/media?parent=12969"}],"wp:term":[{"taxonomy":"category","embeddable":true,"href":"https:\/\/autofans.com.ar\/index.php\/wp-json\/wp\/v2\/categories?post=12969"},{"taxonomy":"post_tag","embeddable":true,"href":"https:\/\/autofans.com.ar\/index.php\/wp-json\/wp\/v2\/tags?post=12969"}],"curies":[{"name":"wp","href":"https:\/\/api.w.org\/{rel}","templated":true}]}}