{"id":12979,"date":"2025-06-17T18:01:29","date_gmt":"2025-06-17T21:01:29","guid":{"rendered":"https:\/\/autofans.com.ar\/?p=12979"},"modified":"2025-06-17T18:01:29","modified_gmt":"2025-06-17T21:01:29","slug":"ducati-domina-en-misano-bulega-sigue-lider-y-bautista-reconquista-el-podio","status":"publish","type":"post","link":"https:\/\/autofans.com.ar\/index.php\/2025\/06\/17\/ducati-domina-en-misano-bulega-sigue-lider-y-bautista-reconquista-el-podio\/","title":{"rendered":"Ducati domina en Misano, Bulega sigue l\u00edder y Bautista reconquista el podio"},"content":{"rendered":"<p class=\"ds-markdown-paragraph\">El Misano World Circuit fue testigo de un fin de semana intenso para el equipo Aruba.it Racing-Ducati. Nicol\u00f2 Bulega, l\u00edder del campeonato, logr\u00f3 dos segundos puestos pese a las adversidades, mientras \u00c1lvaro Bautista volvi\u00f3 al podio despu\u00e9s de varias carreras complicadas.<\/p>\n<p>&nbsp;<\/p>\n<h2>S\u00e1bado &#8211; Pole r\u00e9cord y penalizaci\u00f3n para Bulega<\/h2>\n<p class=\"ds-markdown-paragraph\">Bulega marc\u00f3 un nuevo r\u00e9cord en Misano durante la clasificaci\u00f3n, pero una penalizaci\u00f3n por bloqueo lo releg\u00f3 a la segunda fila. Aun as\u00ed, en la Race1, el italiano libr\u00f3 un duelo cerrado con Toprak Razgatliogluy termin\u00f3 segundo, consolidando su ventaja en el campeonato.<\/p>\n<p class=\"ds-markdown-paragraph\">Bautista, por su parte, tuvo un arranque discreto. Tras una mala clasificaci\u00f3n, remont\u00f3 desde el 11\u00b0 puesto hasta el 6\u00b0 lugar en la primera carrera.<\/p>\n<p>&nbsp;<\/p>\n<figure id=\"attachment_12986\" aria-describedby=\"caption-attachment-12986\" style=\"width: 1000px\" class=\"wp-caption aligncenter\"><img fetchpriority=\"high\" decoding=\"async\" class=\"wp-image-12986 size-full\" src=\"https:\/\/autofans.com.ar\/wp-content\/uploads\/2025\/06\/bulega-1.jpg\" alt=\"Ducati\" width=\"1000\" height=\"667\" srcset=\"https:\/\/autofans.com.ar\/wp-content\/uploads\/2025\/06\/bulega-1.jpg 1000w, https:\/\/autofans.com.ar\/wp-content\/uploads\/2025\/06\/bulega-1-300x200.jpg 300w, https:\/\/autofans.com.ar\/wp-content\/uploads\/2025\/06\/bulega-1-768x512.jpg 768w\" sizes=\"(max-width: 1000px) 100vw, 1000px\" \/><figcaption id=\"caption-attachment-12986\" class=\"wp-caption-text\">Nicol\u00f2 Bulega<\/figcaption><\/figure>\n<p>&nbsp;<\/p>\n<blockquote>\n<p style=\"text-align: center;\">Nicol\u00f2 Bulega (#11 Aruba.it Racing-Ducati) \u2013 Race1 &gt; P2 \/ SPRace &gt; NC \/ Race2 &gt; P2<\/p>\n<p style=\"text-align: center;\">\u00abPese a largar desde tan atr\u00e1s, di el m\u00e1ximo en la Carrera2 para estar lo m\u00e1s cerca de la punta. Sin embargo, no hay dudas que Toprak ten\u00eda un mejor ritmo y no cabe hacer suposiciones sobre qu\u00e9 hubiera sucedido si los dos larg\u00e1bamos uno junto al otro. Todav\u00eda me cuesta comprender el golpe que recib\u00ed por parte de Bassani en la largada de la SuperPole Race. Son situaciones donde hay que poner un poco m\u00e1s de atenci\u00f3n, porque hoy perd\u00ed puntos muy valiosos. Afortunadamente, todav\u00eda resta bastante para que culmine la temporada\u00bb.<\/p>\n<\/blockquote>\n<p>&nbsp;<\/p>\n<h2>Domingo &#8211; Ca\u00eddas y remontada<\/h2>\n<p class=\"ds-markdown-paragraph\">La jornada no comenz\u00f3 bien para Bulega: una ca\u00edda en el <em>warm-up<\/em> y un incidente con Axel Bassani en la SuperPole Race lo obligaron a salir 10\u00b0 en la Race2. Sin embargo, con una conducci\u00f3n inteligente, escal\u00f3 hasta el segundo puesto.<\/p>\n<p class=\"ds-markdown-paragraph\">Bautista, con mejor ritmo, termin\u00f3 quinto en la SuperPole Race y tercero en la carrera principal, demostrando una progresi\u00f3n clave para el resto de la temporada.<\/p>\n<p>&nbsp;<\/p>\n<figure id=\"attachment_12984\" aria-describedby=\"caption-attachment-12984\" style=\"width: 1000px\" class=\"wp-caption aligncenter\"><img decoding=\"async\" class=\"wp-image-12984 size-full\" src=\"https:\/\/autofans.com.ar\/wp-content\/uploads\/2025\/06\/bautista-1.jpg\" alt=\"Ducati\" width=\"1000\" height=\"667\" srcset=\"https:\/\/autofans.com.ar\/wp-content\/uploads\/2025\/06\/bautista-1.jpg 1000w, https:\/\/autofans.com.ar\/wp-content\/uploads\/2025\/06\/bautista-1-300x200.jpg 300w, https:\/\/autofans.com.ar\/wp-content\/uploads\/2025\/06\/bautista-1-768x512.jpg 768w\" sizes=\"(max-width: 1000px) 100vw, 1000px\" \/><figcaption id=\"caption-attachment-12984\" class=\"wp-caption-text\">\u00c1lvaro Bautista<\/figcaption><\/figure>\n<p>&nbsp;<\/p>\n<blockquote>\n<p style=\"text-align: center;\">\u00c1lvaro Bautista (#19 Aruba.it Racing-Ducati) \u2013 Race1 &gt; P6 \/ SPRace &gt; P5 \/ Race2 &gt; P3<\/p>\n<p style=\"text-align: center;\">\u00abEstoy feliz por el resultado conseguido en Misano. Fue un fin de semana muy dif\u00edcil en el cual me cost\u00f3 encontrar el mejor ritmo. Si tengo que ser sincero, la excesiva temperatura ambiente no me permiti\u00f3 competir como es de mi agrado. Veremos con qu\u00e9 panorama nos encontramos en Donington\u00bb.<\/p>\n<\/blockquote>\n<p>&nbsp;<\/p>\n<h2>Ducati &#8211; clasificaciones y pr\u00f3xima fecha<\/h2>\n<p>&nbsp;<\/p>\n<figure id=\"attachment_12985\" aria-describedby=\"caption-attachment-12985\" style=\"width: 1000px\" class=\"wp-caption aligncenter\"><img decoding=\"async\" class=\"wp-image-12985 size-full\" src=\"https:\/\/autofans.com.ar\/wp-content\/uploads\/2025\/06\/beluga-2.jpg\" alt=\"Ducati\" width=\"1000\" height=\"667\" srcset=\"https:\/\/autofans.com.ar\/wp-content\/uploads\/2025\/06\/beluga-2.jpg 1000w, https:\/\/autofans.com.ar\/wp-content\/uploads\/2025\/06\/beluga-2-300x200.jpg 300w, https:\/\/autofans.com.ar\/wp-content\/uploads\/2025\/06\/beluga-2-768x512.jpg 768w\" sizes=\"(max-width: 1000px) 100vw, 1000px\" \/><figcaption id=\"caption-attachment-12985\" class=\"wp-caption-text\">Nicol\u00f2 Bulega<\/figcaption><\/figure>\n<p>&nbsp;<\/p>\n<p class=\"ds-markdown-paragraph\">Bulega sigue l\u00edder del Mundial con 9 puntos de ventaja sobre Razgatlioglu. Ducati, adem\u00e1s, lidera el campeonato de Constructores con 42 puntos de diferencia.<\/p>\n<p class=\"ds-markdown-paragraph\">El pr\u00f3ximo desaf\u00edo ser\u00e1 en Donington Park (Reino Unido), del 11 al 13 de julio, donde el equipo buscar\u00e1 extender su dominio.<\/p>\n<p class=\"ds-markdown-paragraph\">Segu\u00ed toda la acci\u00f3n de Ducati Argentina en <a href=\"https:\/\/www.instagram.com\/ducatiargentina\/\" target=\"_blank\" rel=\"noopener noreferrer\">@ducatiargentina<\/a>.<\/p>\n<p>&nbsp;<\/p>\n<p>&nbsp;<\/p>\n<p>&nbsp;<\/p>\n<p><i>Para enterarte de m\u00e1s novedades, no dejes de leer\u00a0<\/i><a href=\"https:\/\/autofans.thebrandsoup.com\/\"><i>nuestras notas<\/i><\/a><i>, de ver\u00a0<\/i><a href=\"https:\/\/www.youtube.com\/channel\/UCgAC8UGHZYbT6P7PpmVnP7g\"><i>AUTOFANS TV<\/i><\/a><i>\u00a0en nuestro\u00a0canal de Youtube. Adem\u00e1s seguinos en\u00a0<\/i><a href=\"https:\/\/www.instagram.com\/autofanstv\/\"><i>INSTAGRAM<\/i><\/a><i> y <\/i><a href=\"https:\/\/www.facebook.com\/autofansmas\/\"><i>FACEBOOK<\/i><\/a><i> para no perderte nada sobre las novedades del segmento automotor de Argentina y el mundo.<\/i><\/p>\n","protected":false},"excerpt":{"rendered":"<p>El Misano World Circuit fue testigo de un fin de semana intenso para el equipo&#8230;<\/p>\n","protected":false},"author":2,"featured_media":12983,"comment_status":"closed","ping_status":"closed","sticky":false,"template":"","format":"standard","meta":{"footnotes":""},"categories":[4,16],"tags":[225,6896,54,6895,6894,532,1149,890,6893],"class_list":["post-12979","post","type-post","status-publish","format-standard","has-post-thumbnail","hentry","category-motos","category-noticias","tag-alvaro-bautista","tag-campeonato-motos","tag-ducati-argentina","tag-ducati-panigale-v4r","tag-misano-world-circuit","tag-motociclismo","tag-nicolo-bulega","tag-superbike","tag-worldsbk-2025"],"yoast_head":"<!-- This site is optimized with the Yoast SEO plugin v27.5 - https:\/\/yoast.com\/product\/yoast-seo-wordpress\/ -->\n<title>Ducati domina en Misano, Bulega sigue l\u00edder y Bautista reconquista el podio -<\/title>\n<meta name=\"description\" content=\"El Misano World Circuit fue testigo de un fin de semana intenso para el equipo Aruba.it Racing-Ducati. Nicol\u00f2 Bulega, l\u00edder del campeonato...\" \/>\n<meta name=\"robots\" content=\"index, follow, max-snippet:-1, max-image-preview:large, max-video-preview:-1\" \/>\n<link rel=\"canonical\" href=\"https:\/\/autofans.com.ar\/index.php\/2025\/06\/17\/ducati-domina-en-misano-bulega-sigue-lider-y-bautista-reconquista-el-podio\/\" \/>\n<meta property=\"og:locale\" content=\"es_ES\" \/>\n<meta property=\"og:type\" content=\"article\" \/>\n<meta property=\"og:title\" content=\"Ducati domina en Misano, Bulega sigue l\u00edder y Bautista reconquista el podio -\" \/>\n<meta property=\"og:description\" content=\"El Misano World Circuit fue testigo de un fin de semana intenso para el equipo Aruba.it Racing-Ducati. Nicol\u00f2 Bulega, l\u00edder del campeonato...\" \/>\n<meta property=\"og:url\" content=\"https:\/\/autofans.com.ar\/index.php\/2025\/06\/17\/ducati-domina-en-misano-bulega-sigue-lider-y-bautista-reconquista-el-podio\/\" \/>\n<meta property=\"article:published_time\" content=\"2025-06-17T21:01:29+00:00\" \/>\n<meta property=\"og:image\" content=\"https:\/\/autofans.com.ar\/wp-content\/uploads\/2025\/06\/bautista-2.jpg\" \/>\n\t<meta property=\"og:image:width\" content=\"1000\" \/>\n\t<meta property=\"og:image:height\" content=\"667\" \/>\n\t<meta property=\"og:image:type\" content=\"image\/jpeg\" \/>\n<meta name=\"author\" content=\"Alejandro Gabriel Rosito\" \/>\n<meta name=\"twitter:card\" content=\"summary_large_image\" \/>\n<meta name=\"twitter:label1\" content=\"Escrito por\" \/>\n\t<meta name=\"twitter:data1\" content=\"Alejandro Gabriel Rosito\" \/>\n\t<meta name=\"twitter:label2\" content=\"Tiempo de lectura\" \/>\n\t<meta name=\"twitter:data2\" content=\"3 minutos\" \/>\n<script type=\"application\/ld+json\" class=\"yoast-schema-graph\">{\"@context\":\"https:\\\/\\\/schema.org\",\"@graph\":[{\"@type\":\"Article\",\"@id\":\"https:\\\/\\\/autofans.com.ar\\\/index.php\\\/2025\\\/06\\\/17\\\/ducati-domina-en-misano-bulega-sigue-lider-y-bautista-reconquista-el-podio\\\/#article\",\"isPartOf\":{\"@id\":\"https:\\\/\\\/autofans.com.ar\\\/index.php\\\/2025\\\/06\\\/17\\\/ducati-domina-en-misano-bulega-sigue-lider-y-bautista-reconquista-el-podio\\\/\"},\"author\":{\"name\":\"Alejandro Gabriel Rosito\",\"@id\":\"https:\\\/\\\/autofans.com.ar\\\/#\\\/schema\\\/person\\\/4a8dda0b6df83ac3d6723e921274c2aa\"},\"headline\":\"Ducati domina en Misano, Bulega sigue l\u00edder y Bautista reconquista el podio\",\"datePublished\":\"2025-06-17T21:01:29+00:00\",\"mainEntityOfPage\":{\"@id\":\"https:\\\/\\\/autofans.com.ar\\\/index.php\\\/2025\\\/06\\\/17\\\/ducati-domina-en-misano-bulega-sigue-lider-y-bautista-reconquista-el-podio\\\/\"},\"wordCount\":539,\"image\":{\"@id\":\"https:\\\/\\\/autofans.com.ar\\\/index.php\\\/2025\\\/06\\\/17\\\/ducati-domina-en-misano-bulega-sigue-lider-y-bautista-reconquista-el-podio\\\/#primaryimage\"},\"thumbnailUrl\":\"https:\\\/\\\/autofans.com.ar\\\/wp-content\\\/uploads\\\/2025\\\/06\\\/bautista-2.jpg\",\"keywords\":[\"\u00c1lvaro Bautista\",\"campeonato motos\",\"Ducati Argentina\",\"Ducati Panigale V4R\",\"Misano World Circuit\",\"Motociclismo\",\"Nicol\u00f3 Bulega\",\"Superbike\",\"WorldSBK 2025\"],\"articleSection\":[\"MOTOS\",\"NOTICIAS\"],\"inLanguage\":\"es\"},{\"@type\":\"WebPage\",\"@id\":\"https:\\\/\\\/autofans.com.ar\\\/index.php\\\/2025\\\/06\\\/17\\\/ducati-domina-en-misano-bulega-sigue-lider-y-bautista-reconquista-el-podio\\\/\",\"url\":\"https:\\\/\\\/autofans.com.ar\\\/index.php\\\/2025\\\/06\\\/17\\\/ducati-domina-en-misano-bulega-sigue-lider-y-bautista-reconquista-el-podio\\\/\",\"name\":\"Ducati domina en Misano, Bulega sigue l\u00edder y Bautista reconquista el podio -\",\"isPartOf\":{\"@id\":\"https:\\\/\\\/autofans.com.ar\\\/#website\"},\"primaryImageOfPage\":{\"@id\":\"https:\\\/\\\/autofans.com.ar\\\/index.php\\\/2025\\\/06\\\/17\\\/ducati-domina-en-misano-bulega-sigue-lider-y-bautista-reconquista-el-podio\\\/#primaryimage\"},\"image\":{\"@id\":\"https:\\\/\\\/autofans.com.ar\\\/index.php\\\/2025\\\/06\\\/17\\\/ducati-domina-en-misano-bulega-sigue-lider-y-bautista-reconquista-el-podio\\\/#primaryimage\"},\"thumbnailUrl\":\"https:\\\/\\\/autofans.com.ar\\\/wp-content\\\/uploads\\\/2025\\\/06\\\/bautista-2.jpg\",\"datePublished\":\"2025-06-17T21:01:29+00:00\",\"author\":{\"@id\":\"https:\\\/\\\/autofans.com.ar\\\/#\\\/schema\\\/person\\\/4a8dda0b6df83ac3d6723e921274c2aa\"},\"description\":\"El Misano World Circuit fue testigo de un fin de semana intenso para el equipo Aruba.it Racing-Ducati. Nicol\u00f2 Bulega, l\u00edder del campeonato...\",\"breadcrumb\":{\"@id\":\"https:\\\/\\\/autofans.com.ar\\\/index.php\\\/2025\\\/06\\\/17\\\/ducati-domina-en-misano-bulega-sigue-lider-y-bautista-reconquista-el-podio\\\/#breadcrumb\"},\"inLanguage\":\"es\",\"potentialAction\":[{\"@type\":\"ReadAction\",\"target\":[\"https:\\\/\\\/autofans.com.ar\\\/index.php\\\/2025\\\/06\\\/17\\\/ducati-domina-en-misano-bulega-sigue-lider-y-bautista-reconquista-el-podio\\\/\"]}]},{\"@type\":\"ImageObject\",\"inLanguage\":\"es\",\"@id\":\"https:\\\/\\\/autofans.com.ar\\\/index.php\\\/2025\\\/06\\\/17\\\/ducati-domina-en-misano-bulega-sigue-lider-y-bautista-reconquista-el-podio\\\/#primaryimage\",\"url\":\"https:\\\/\\\/autofans.com.ar\\\/wp-content\\\/uploads\\\/2025\\\/06\\\/bautista-2.jpg\",\"contentUrl\":\"https:\\\/\\\/autofans.com.ar\\\/wp-content\\\/uploads\\\/2025\\\/06\\\/bautista-2.jpg\",\"width\":1000,\"height\":667,\"caption\":\"Ducati\"},{\"@type\":\"BreadcrumbList\",\"@id\":\"https:\\\/\\\/autofans.com.ar\\\/index.php\\\/2025\\\/06\\\/17\\\/ducati-domina-en-misano-bulega-sigue-lider-y-bautista-reconquista-el-podio\\\/#breadcrumb\",\"itemListElement\":[{\"@type\":\"ListItem\",\"position\":1,\"name\":\"Inicio\",\"item\":\"https:\\\/\\\/autofans.com.ar\\\/\"},{\"@type\":\"ListItem\",\"position\":2,\"name\":\"Ducati domina en Misano, Bulega sigue l\u00edder y Bautista reconquista el podio\"}]},{\"@type\":\"WebSite\",\"@id\":\"https:\\\/\\\/autofans.com.ar\\\/#website\",\"url\":\"https:\\\/\\\/autofans.com.ar\\\/\",\"name\":\"\",\"description\":\"El multimedio referente de la industria automotriz\",\"potentialAction\":[{\"@type\":\"SearchAction\",\"target\":{\"@type\":\"EntryPoint\",\"urlTemplate\":\"https:\\\/\\\/autofans.com.ar\\\/?s={search_term_string}\"},\"query-input\":{\"@type\":\"PropertyValueSpecification\",\"valueRequired\":true,\"valueName\":\"search_term_string\"}}],\"inLanguage\":\"es\"},{\"@type\":\"Person\",\"@id\":\"https:\\\/\\\/autofans.com.ar\\\/#\\\/schema\\\/person\\\/4a8dda0b6df83ac3d6723e921274c2aa\",\"name\":\"Alejandro Gabriel Rosito\",\"image\":{\"@type\":\"ImageObject\",\"inLanguage\":\"es\",\"@id\":\"https:\\\/\\\/secure.gravatar.com\\\/avatar\\\/16c5dda1489adfc62618084dcbb91cffd879c374b13fe5dd8e44ed6733852c88?s=96&d=mm&r=g\",\"url\":\"https:\\\/\\\/secure.gravatar.com\\\/avatar\\\/16c5dda1489adfc62618084dcbb91cffd879c374b13fe5dd8e44ed6733852c88?s=96&d=mm&r=g\",\"contentUrl\":\"https:\\\/\\\/secure.gravatar.com\\\/avatar\\\/16c5dda1489adfc62618084dcbb91cffd879c374b13fe5dd8e44ed6733852c88?s=96&d=mm&r=g\",\"caption\":\"Alejandro Gabriel Rosito\"},\"url\":\"https:\\\/\\\/autofans.com.ar\\\/index.php\\\/author\\\/gabrielr\\\/\"}]}<\/script>\n<!-- \/ Yoast SEO plugin. -->","yoast_head_json":{"title":"Ducati domina en Misano, Bulega sigue l\u00edder y Bautista reconquista el podio -","description":"El Misano World Circuit fue testigo de un fin de semana intenso para el equipo Aruba.it Racing-Ducati. Nicol\u00f2 Bulega, l\u00edder del campeonato...","robots":{"index":"index","follow":"follow","max-snippet":"max-snippet:-1","max-image-preview":"max-image-preview:large","max-video-preview":"max-video-preview:-1"},"canonical":"https:\/\/autofans.com.ar\/index.php\/2025\/06\/17\/ducati-domina-en-misano-bulega-sigue-lider-y-bautista-reconquista-el-podio\/","og_locale":"es_ES","og_type":"article","og_title":"Ducati domina en Misano, Bulega sigue l\u00edder y Bautista reconquista el podio -","og_description":"El Misano World Circuit fue testigo de un fin de semana intenso para el equipo Aruba.it Racing-Ducati. Nicol\u00f2 Bulega, l\u00edder del campeonato...","og_url":"https:\/\/autofans.com.ar\/index.php\/2025\/06\/17\/ducati-domina-en-misano-bulega-sigue-lider-y-bautista-reconquista-el-podio\/","article_published_time":"2025-06-17T21:01:29+00:00","og_image":[{"width":1000,"height":667,"url":"https:\/\/autofans.com.ar\/wp-content\/uploads\/2025\/06\/bautista-2.jpg","type":"image\/jpeg"}],"author":"Alejandro Gabriel Rosito","twitter_card":"summary_large_image","twitter_misc":{"Escrito por":"Alejandro Gabriel Rosito","Tiempo de lectura":"3 minutos"},"schema":{"@context":"https:\/\/schema.org","@graph":[{"@type":"Article","@id":"https:\/\/autofans.com.ar\/index.php\/2025\/06\/17\/ducati-domina-en-misano-bulega-sigue-lider-y-bautista-reconquista-el-podio\/#article","isPartOf":{"@id":"https:\/\/autofans.com.ar\/index.php\/2025\/06\/17\/ducati-domina-en-misano-bulega-sigue-lider-y-bautista-reconquista-el-podio\/"},"author":{"name":"Alejandro Gabriel Rosito","@id":"https:\/\/autofans.com.ar\/#\/schema\/person\/4a8dda0b6df83ac3d6723e921274c2aa"},"headline":"Ducati domina en Misano, Bulega sigue l\u00edder y Bautista reconquista el podio","datePublished":"2025-06-17T21:01:29+00:00","mainEntityOfPage":{"@id":"https:\/\/autofans.com.ar\/index.php\/2025\/06\/17\/ducati-domina-en-misano-bulega-sigue-lider-y-bautista-reconquista-el-podio\/"},"wordCount":539,"image":{"@id":"https:\/\/autofans.com.ar\/index.php\/2025\/06\/17\/ducati-domina-en-misano-bulega-sigue-lider-y-bautista-reconquista-el-podio\/#primaryimage"},"thumbnailUrl":"https:\/\/autofans.com.ar\/wp-content\/uploads\/2025\/06\/bautista-2.jpg","keywords":["\u00c1lvaro Bautista","campeonato motos","Ducati Argentina","Ducati Panigale V4R","Misano World Circuit","Motociclismo","Nicol\u00f3 Bulega","Superbike","WorldSBK 2025"],"articleSection":["MOTOS","NOTICIAS"],"inLanguage":"es"},{"@type":"WebPage","@id":"https:\/\/autofans.com.ar\/index.php\/2025\/06\/17\/ducati-domina-en-misano-bulega-sigue-lider-y-bautista-reconquista-el-podio\/","url":"https:\/\/autofans.com.ar\/index.php\/2025\/06\/17\/ducati-domina-en-misano-bulega-sigue-lider-y-bautista-reconquista-el-podio\/","name":"Ducati domina en Misano, Bulega sigue l\u00edder y Bautista reconquista el podio -","isPartOf":{"@id":"https:\/\/autofans.com.ar\/#website"},"primaryImageOfPage":{"@id":"https:\/\/autofans.com.ar\/index.php\/2025\/06\/17\/ducati-domina-en-misano-bulega-sigue-lider-y-bautista-reconquista-el-podio\/#primaryimage"},"image":{"@id":"https:\/\/autofans.com.ar\/index.php\/2025\/06\/17\/ducati-domina-en-misano-bulega-sigue-lider-y-bautista-reconquista-el-podio\/#primaryimage"},"thumbnailUrl":"https:\/\/autofans.com.ar\/wp-content\/uploads\/2025\/06\/bautista-2.jpg","datePublished":"2025-06-17T21:01:29+00:00","author":{"@id":"https:\/\/autofans.com.ar\/#\/schema\/person\/4a8dda0b6df83ac3d6723e921274c2aa"},"description":"El Misano World Circuit fue testigo de un fin de semana intenso para el equipo Aruba.it Racing-Ducati. Nicol\u00f2 Bulega, l\u00edder del campeonato...","breadcrumb":{"@id":"https:\/\/autofans.com.ar\/index.php\/2025\/06\/17\/ducati-domina-en-misano-bulega-sigue-lider-y-bautista-reconquista-el-podio\/#breadcrumb"},"inLanguage":"es","potentialAction":[{"@type":"ReadAction","target":["https:\/\/autofans.com.ar\/index.php\/2025\/06\/17\/ducati-domina-en-misano-bulega-sigue-lider-y-bautista-reconquista-el-podio\/"]}]},{"@type":"ImageObject","inLanguage":"es","@id":"https:\/\/autofans.com.ar\/index.php\/2025\/06\/17\/ducati-domina-en-misano-bulega-sigue-lider-y-bautista-reconquista-el-podio\/#primaryimage","url":"https:\/\/autofans.com.ar\/wp-content\/uploads\/2025\/06\/bautista-2.jpg","contentUrl":"https:\/\/autofans.com.ar\/wp-content\/uploads\/2025\/06\/bautista-2.jpg","width":1000,"height":667,"caption":"Ducati"},{"@type":"BreadcrumbList","@id":"https:\/\/autofans.com.ar\/index.php\/2025\/06\/17\/ducati-domina-en-misano-bulega-sigue-lider-y-bautista-reconquista-el-podio\/#breadcrumb","itemListElement":[{"@type":"ListItem","position":1,"name":"Inicio","item":"https:\/\/autofans.com.ar\/"},{"@type":"ListItem","position":2,"name":"Ducati domina en Misano, Bulega sigue l\u00edder y Bautista reconquista el podio"}]},{"@type":"WebSite","@id":"https:\/\/autofans.com.ar\/#website","url":"https:\/\/autofans.com.ar\/","name":"","description":"El multimedio referente de la industria automotriz","potentialAction":[{"@type":"SearchAction","target":{"@type":"EntryPoint","urlTemplate":"https:\/\/autofans.com.ar\/?s={search_term_string}"},"query-input":{"@type":"PropertyValueSpecification","valueRequired":true,"valueName":"search_term_string"}}],"inLanguage":"es"},{"@type":"Person","@id":"https:\/\/autofans.com.ar\/#\/schema\/person\/4a8dda0b6df83ac3d6723e921274c2aa","name":"Alejandro Gabriel Rosito","image":{"@type":"ImageObject","inLanguage":"es","@id":"https:\/\/secure.gravatar.com\/avatar\/16c5dda1489adfc62618084dcbb91cffd879c374b13fe5dd8e44ed6733852c88?s=96&d=mm&r=g","url":"https:\/\/secure.gravatar.com\/avatar\/16c5dda1489adfc62618084dcbb91cffd879c374b13fe5dd8e44ed6733852c88?s=96&d=mm&r=g","contentUrl":"https:\/\/secure.gravatar.com\/avatar\/16c5dda1489adfc62618084dcbb91cffd879c374b13fe5dd8e44ed6733852c88?s=96&d=mm&r=g","caption":"Alejandro Gabriel Rosito"},"url":"https:\/\/autofans.com.ar\/index.php\/author\/gabrielr\/"}]}},"featured_image_urls":{"full":["https:\/\/autofans.com.ar\/wp-content\/uploads\/2025\/06\/bautista-2.jpg",1000,667,false],"thumbnail":["https:\/\/autofans.com.ar\/wp-content\/uploads\/2025\/06\/bautista-2-150x150.jpg",150,150,true],"medium":["https:\/\/autofans.com.ar\/wp-content\/uploads\/2025\/06\/bautista-2-300x200.jpg",300,200,true],"medium_large":["https:\/\/autofans.com.ar\/wp-content\/uploads\/2025\/06\/bautista-2-768x512.jpg",640,427,true],"large":["https:\/\/autofans.com.ar\/wp-content\/uploads\/2025\/06\/bautista-2.jpg",640,427,false],"1536x1536":["https:\/\/autofans.com.ar\/wp-content\/uploads\/2025\/06\/bautista-2.jpg",1000,667,false],"2048x2048":["https:\/\/autofans.com.ar\/wp-content\/uploads\/2025\/06\/bautista-2.jpg",1000,667,false],"covernews-featured":["https:\/\/autofans.com.ar\/wp-content\/uploads\/2025\/06\/bautista-2.jpg",1000,667,false],"covernews-medium":["https:\/\/autofans.com.ar\/wp-content\/uploads\/2025\/06\/bautista-2-540x340.jpg",540,340,true]},"author_info":{"display_name":"Alejandro Gabriel Rosito","author_link":"https:\/\/autofans.com.ar\/index.php\/author\/gabrielr\/"},"category_info":"<a href=\"https:\/\/autofans.com.ar\/index.php\/category\/noticias\/motos\/\" rel=\"category tag\">MOTOS<\/a> <a href=\"https:\/\/autofans.com.ar\/index.php\/category\/noticias\/\" rel=\"category tag\">NOTICIAS<\/a>","tag_info":"NOTICIAS","comment_count":0,"_links":{"self":[{"href":"https:\/\/autofans.com.ar\/index.php\/wp-json\/wp\/v2\/posts\/12979","targetHints":{"allow":["GET"]}}],"collection":[{"href":"https:\/\/autofans.com.ar\/index.php\/wp-json\/wp\/v2\/posts"}],"about":[{"href":"https:\/\/autofans.com.ar\/index.php\/wp-json\/wp\/v2\/types\/post"}],"author":[{"embeddable":true,"href":"https:\/\/autofans.com.ar\/index.php\/wp-json\/wp\/v2\/users\/2"}],"replies":[{"embeddable":true,"href":"https:\/\/autofans.com.ar\/index.php\/wp-json\/wp\/v2\/comments?post=12979"}],"version-history":[{"count":4,"href":"https:\/\/autofans.com.ar\/index.php\/wp-json\/wp\/v2\/posts\/12979\/revisions"}],"predecessor-version":[{"id":12987,"href":"https:\/\/autofans.com.ar\/index.php\/wp-json\/wp\/v2\/posts\/12979\/revisions\/12987"}],"wp:featuredmedia":[{"embeddable":true,"href":"https:\/\/autofans.com.ar\/index.php\/wp-json\/wp\/v2\/media\/12983"}],"wp:attachment":[{"href":"https:\/\/autofans.com.ar\/index.php\/wp-json\/wp\/v2\/media?parent=12979"}],"wp:term":[{"taxonomy":"category","embeddable":true,"href":"https:\/\/autofans.com.ar\/index.php\/wp-json\/wp\/v2\/categories?post=12979"},{"taxonomy":"post_tag","embeddable":true,"href":"https:\/\/autofans.com.ar\/index.php\/wp-json\/wp\/v2\/tags?post=12979"}],"curies":[{"name":"wp","href":"https:\/\/api.w.org\/{rel}","templated":true}]}}