{"id":13007,"date":"2025-06-19T18:09:26","date_gmt":"2025-06-19T21:09:26","guid":{"rendered":"https:\/\/autofans.com.ar\/?p=13007"},"modified":"2025-06-19T18:09:26","modified_gmt":"2025-06-19T21:09:26","slug":"daimler-truck-y-volvo-unen-fuerzas","status":"publish","type":"post","link":"https:\/\/autofans.com.ar\/index.php\/2025\/06\/19\/daimler-truck-y-volvo-unen-fuerzas\/","title":{"rendered":"Daimler Truck y Volvo unen fuerzas"},"content":{"rendered":"<p class=\"ds-markdown-paragraph\">Daimler Truck y Volvo Group, dos gigantes de la industria, unieron fuerzas para crear Coretura, una joint venture con sede en Gotemburgo (Suecia), que comenz\u00f3 a operar en junio de 2025. El objetivo es claro: desarrollar una plataforma de software estandarizada y abierta para veh\u00edculos comerciales, marcando un nuevo est\u00e1ndar en el sector.<\/p>\n<p>&nbsp;<\/p>\n<blockquote>\n<p style=\"text-align: center;\">Karin R\u00e5dstr\u00f6m, presidenta y CEO de Daimler Truck, afirm\u00f3: \u201cCon Coretura, estamos marcando un foco estrat\u00e9gico claro en el desarrollo de software para veh\u00edculos comerciales. Este es un paso importante y verdaderamente emocionante, no solo para nosotros, sino para toda la industria y nuestros clientes\u201d.<\/p>\n<\/blockquote>\n<p>&nbsp;<\/p>\n<h2>Daimler Truck &#8211; primeros productos en camiones para 2030<\/h2>\n<p>&nbsp;<\/p>\n<figure id=\"attachment_13010\" aria-describedby=\"caption-attachment-13010\" style=\"width: 1000px\" class=\"wp-caption aligncenter\"><img fetchpriority=\"high\" decoding=\"async\" class=\"wp-image-13010 size-full\" src=\"https:\/\/autofans.com.ar\/wp-content\/uploads\/2025\/06\/mercedes-2-3.jpg\" alt=\"Daimler Truck\" width=\"1000\" height=\"667\" srcset=\"https:\/\/autofans.com.ar\/wp-content\/uploads\/2025\/06\/mercedes-2-3.jpg 1000w, https:\/\/autofans.com.ar\/wp-content\/uploads\/2025\/06\/mercedes-2-3-300x200.jpg 300w, https:\/\/autofans.com.ar\/wp-content\/uploads\/2025\/06\/mercedes-2-3-768x512.jpg 768w\" sizes=\"(max-width: 1000px) 100vw, 1000px\" \/><figcaption id=\"caption-attachment-13010\" class=\"wp-caption-text\">Johan Lund\u00e9n<\/figcaption><\/figure>\n<p>&nbsp;<\/p>\n<p class=\"ds-markdown-paragraph\">Johan Lund\u00e9n, exdirectivo de Volvo Group, fue nombrado CEO de la empresa, que arranca con un equipo de 50 empleados y crecer\u00e1 de manera progresiva. Se espera que los primeros productos integrados en veh\u00edculos lleguen hacia finales de esta d\u00e9cada.<\/p>\n<p>&nbsp;<\/p>\n<blockquote>\n<p style=\"text-align: center;\">Martin Lundstedt, presidente y CEO de Volvo Group, agreg\u00f3: \u201cCoretura representa un paso natural en la evoluci\u00f3n de los veh\u00edculos comerciales. Al aprovechar tecnolog\u00eda e innovaci\u00f3n colaborativa, estamos preparando el terreno para una nueva era de conectividad y eficiencia en la industria. Esta empresa refleja nuestro compromiso con el desarrollo de productos, pero tambi\u00e9n con el avance hacia soluciones de transporte inteligentes y sostenibles\u201d.<\/p>\n<\/blockquote>\n<p>&nbsp;<\/p>\n<h2>Innovaci\u00f3n colaborativa y beneficios clave<\/h2>\n<p>&nbsp;<\/p>\n<figure id=\"attachment_13009\" aria-describedby=\"caption-attachment-13009\" style=\"width: 1000px\" class=\"wp-caption aligncenter\"><img decoding=\"async\" class=\"wp-image-13009 size-full\" src=\"https:\/\/autofans.com.ar\/wp-content\/uploads\/2025\/06\/mercedes-3-3.jpg\" alt=\"Daimler Truck\" width=\"1000\" height=\"667\" srcset=\"https:\/\/autofans.com.ar\/wp-content\/uploads\/2025\/06\/mercedes-3-3.jpg 1000w, https:\/\/autofans.com.ar\/wp-content\/uploads\/2025\/06\/mercedes-3-3-300x200.jpg 300w, https:\/\/autofans.com.ar\/wp-content\/uploads\/2025\/06\/mercedes-3-3-768x512.jpg 768w\" sizes=\"(max-width: 1000px) 100vw, 1000px\" \/><figcaption id=\"caption-attachment-13009\" class=\"wp-caption-text\">Martin Lundstedt, Johan Lund\u00e9n, Karim R\u00e5dstr\u00f6m<\/figcaption><\/figure>\n<p>&nbsp;<\/p>\n<p class=\"ds-markdown-paragraph\">Coretura trabajar\u00e1 en:<\/p>\n<ul>\n<li>\n<p class=\"ds-markdown-paragraph\">Un sistema operativo especializado para veh\u00edculos comerciales.<\/p>\n<\/li>\n<li>\n<p class=\"ds-markdown-paragraph\">Unidades de control centralizadas de alto rendimiento, capaces de manejar grandes vol\u00famenes de datos.<\/p>\n<\/li>\n<li>\n<p class=\"ds-markdown-paragraph\">Actualizaciones remotas (<em>over the air<\/em>) para mejorar seguridad, eficiencia y experiencia de usuario.<\/p>\n<\/li>\n<\/ul>\n<p>&nbsp;<\/p>\n<blockquote>\n<p style=\"text-align: center;\">\u201cLa empresa conjunta combina la agilidad de una start-up con la estabilidad y experiencia de nuestros accionistas. Estamos orgullosos y entusiasmados de liderar la transformaci\u00f3n digital de la industria de veh\u00edculos comerciales, con el respaldo de accionistas s\u00f3lidos y el compromiso de dar forma al futuro del sector\u201d, se\u00f1al\u00f3 Johan Lund\u00e9n, CEO de Coretura.<\/p>\n<\/blockquote>\n<p>&nbsp;<\/p>\n<h2>Conectividad, eficiencia y sostenibilidad<\/h2>\n<p>&nbsp;<\/p>\n<figure id=\"attachment_13011\" aria-describedby=\"caption-attachment-13011\" style=\"width: 1000px\" class=\"wp-caption aligncenter\"><img decoding=\"async\" class=\"wp-image-13011 size-full\" src=\"https:\/\/autofans.com.ar\/wp-content\/uploads\/2025\/06\/mercedes-1-3.jpg\" alt=\"Daimler Truck\" width=\"1000\" height=\"667\" srcset=\"https:\/\/autofans.com.ar\/wp-content\/uploads\/2025\/06\/mercedes-1-3.jpg 1000w, https:\/\/autofans.com.ar\/wp-content\/uploads\/2025\/06\/mercedes-1-3-300x200.jpg 300w, https:\/\/autofans.com.ar\/wp-content\/uploads\/2025\/06\/mercedes-1-3-768x512.jpg 768w\" sizes=\"(max-width: 1000px) 100vw, 1000px\" \/><figcaption id=\"caption-attachment-13011\" class=\"wp-caption-text\">Martin Lundstedt, Karim R\u00e5dstr\u00f6m<\/figcaption><\/figure>\n<p>&nbsp;<\/p>\n<p class=\"ds-markdown-paragraph\">Karin R\u00e5dstr\u00f6m, CEO de Daimler Truck, destac\u00f3 que este proyecto no solo beneficia a ambas compa\u00f1\u00edas, sino a toda la industria y sus clientes. Por su parte, Martin Lundstedt, CEO de Volvo Group, resalt\u00f3 el compromiso con la conectividad, eficiencia y transporte sostenible.<\/p>\n<p class=\"ds-markdown-paragraph\">Aunque Daimler y Volvo seguir\u00e1n compitiendo en otros aspectos, Coretura est\u00e1 abierta a colaborar con nuevos actores y proveedores tradicionales que compartan su visi\u00f3n.<\/p>\n<p>&nbsp;<\/p>\n<p>&nbsp;<\/p>\n<p>&nbsp;<\/p>\n<p><i>Para enterarte de m\u00e1s novedades, no dejes de leer\u00a0<\/i><a href=\"https:\/\/autofans.thebrandsoup.com\/\"><i>nuestras notas<\/i><\/a><i>, de ver\u00a0<\/i><a href=\"https:\/\/www.youtube.com\/channel\/UCgAC8UGHZYbT6P7PpmVnP7g\"><i>AUTOFANS TV<\/i><\/a><i>\u00a0en nuestro\u00a0canal de Youtube. Adem\u00e1s seguinos en\u00a0<\/i><a href=\"https:\/\/www.instagram.com\/autofanstv\/\"><i>INSTAGRAM<\/i><\/a><i> y <\/i><a href=\"https:\/\/www.facebook.com\/autofansmas\/\"><i>FACEBOOK<\/i><\/a><i> para no perderte nada sobre las novedades del segmento automotor de Argentina y el mundo.<\/i><\/p>\n","protected":false},"excerpt":{"rendered":"<p>Daimler Truck y Volvo Group, dos gigantes de la industria, unieron fuerzas para crear Coretura,&#8230;<\/p>\n","protected":false},"author":2,"featured_media":13012,"comment_status":"closed","ping_status":"closed","sticky":false,"template":"","format":"standard","meta":{"footnotes":""},"categories":[292,16],"tags":[6916,6912,3566,886,6914,6915,3841,1496,444,6913],"class_list":["post-13007","post","type-post","status-publish","format-standard","has-post-thumbnail","hentry","category-empresas","category-noticias","tag-actualizaciones-ota","tag-coretura","tag-daimler-truck","tag-innovacion-automotriz","tag-joint-venture","tag-software-para-autos","tag-tecnologia-vehicular","tag-transporte-sostenible","tag-vehiculos-comerciales","tag-volvo-group"],"yoast_head":"<!-- This site is optimized with the Yoast SEO plugin v27.5 - https:\/\/yoast.com\/product\/yoast-seo-wordpress\/ -->\n<title>Daimler Truck y Volvo unen fuerzas -<\/title>\n<meta name=\"description\" content=\"Daimler Truck y Volvo Group dos gigantes de la industria unieron fuerzas para crear Coretura, una joint venture con sede en Gotemburgo Suecia\" \/>\n<meta name=\"robots\" content=\"index, follow, max-snippet:-1, max-image-preview:large, max-video-preview:-1\" \/>\n<link rel=\"canonical\" href=\"https:\/\/autofans.com.ar\/index.php\/2025\/06\/19\/daimler-truck-y-volvo-unen-fuerzas\/\" \/>\n<meta property=\"og:locale\" content=\"es_ES\" \/>\n<meta property=\"og:type\" content=\"article\" \/>\n<meta property=\"og:title\" content=\"Daimler Truck y Volvo unen fuerzas -\" \/>\n<meta property=\"og:description\" content=\"Daimler Truck y Volvo Group dos gigantes de la industria unieron fuerzas para crear Coretura, una joint venture con sede en Gotemburgo Suecia\" \/>\n<meta property=\"og:url\" content=\"https:\/\/autofans.com.ar\/index.php\/2025\/06\/19\/daimler-truck-y-volvo-unen-fuerzas\/\" \/>\n<meta property=\"article:published_time\" content=\"2025-06-19T21:09:26+00:00\" \/>\n<meta property=\"og:image\" content=\"https:\/\/autofans.com.ar\/wp-content\/uploads\/2025\/06\/mercedes-4-2.jpg\" \/>\n\t<meta property=\"og:image:width\" content=\"1000\" \/>\n\t<meta property=\"og:image:height\" content=\"667\" \/>\n\t<meta property=\"og:image:type\" content=\"image\/jpeg\" \/>\n<meta name=\"author\" content=\"Alejandro Gabriel Rosito\" \/>\n<meta name=\"twitter:card\" content=\"summary_large_image\" \/>\n<meta name=\"twitter:label1\" content=\"Escrito por\" \/>\n\t<meta name=\"twitter:data1\" content=\"Alejandro Gabriel Rosito\" \/>\n\t<meta name=\"twitter:label2\" content=\"Tiempo de lectura\" \/>\n\t<meta name=\"twitter:data2\" content=\"3 minutos\" \/>\n<script type=\"application\/ld+json\" class=\"yoast-schema-graph\">{\"@context\":\"https:\\\/\\\/schema.org\",\"@graph\":[{\"@type\":\"Article\",\"@id\":\"https:\\\/\\\/autofans.com.ar\\\/index.php\\\/2025\\\/06\\\/19\\\/daimler-truck-y-volvo-unen-fuerzas\\\/#article\",\"isPartOf\":{\"@id\":\"https:\\\/\\\/autofans.com.ar\\\/index.php\\\/2025\\\/06\\\/19\\\/daimler-truck-y-volvo-unen-fuerzas\\\/\"},\"author\":{\"name\":\"Alejandro Gabriel Rosito\",\"@id\":\"https:\\\/\\\/autofans.com.ar\\\/#\\\/schema\\\/person\\\/4a8dda0b6df83ac3d6723e921274c2aa\"},\"headline\":\"Daimler Truck y Volvo unen fuerzas\",\"datePublished\":\"2025-06-19T21:09:26+00:00\",\"mainEntityOfPage\":{\"@id\":\"https:\\\/\\\/autofans.com.ar\\\/index.php\\\/2025\\\/06\\\/19\\\/daimler-truck-y-volvo-unen-fuerzas\\\/\"},\"wordCount\":505,\"image\":{\"@id\":\"https:\\\/\\\/autofans.com.ar\\\/index.php\\\/2025\\\/06\\\/19\\\/daimler-truck-y-volvo-unen-fuerzas\\\/#primaryimage\"},\"thumbnailUrl\":\"https:\\\/\\\/autofans.com.ar\\\/wp-content\\\/uploads\\\/2025\\\/06\\\/mercedes-4-2.jpg\",\"keywords\":[\"actualizaciones OTA\",\"Coretura\",\"Daimler Truck\",\"Innovaci\u00f3n automotriz\",\"joint venture\",\"software para autos\",\"tecnolog\u00eda vehicular\",\"Transporte sostenible\",\"Veh\u00edculos Comerciales\",\"Volvo Group\"],\"articleSection\":[\"EMPRESAS\",\"NOTICIAS\"],\"inLanguage\":\"es\"},{\"@type\":\"WebPage\",\"@id\":\"https:\\\/\\\/autofans.com.ar\\\/index.php\\\/2025\\\/06\\\/19\\\/daimler-truck-y-volvo-unen-fuerzas\\\/\",\"url\":\"https:\\\/\\\/autofans.com.ar\\\/index.php\\\/2025\\\/06\\\/19\\\/daimler-truck-y-volvo-unen-fuerzas\\\/\",\"name\":\"Daimler Truck y Volvo unen fuerzas -\",\"isPartOf\":{\"@id\":\"https:\\\/\\\/autofans.com.ar\\\/#website\"},\"primaryImageOfPage\":{\"@id\":\"https:\\\/\\\/autofans.com.ar\\\/index.php\\\/2025\\\/06\\\/19\\\/daimler-truck-y-volvo-unen-fuerzas\\\/#primaryimage\"},\"image\":{\"@id\":\"https:\\\/\\\/autofans.com.ar\\\/index.php\\\/2025\\\/06\\\/19\\\/daimler-truck-y-volvo-unen-fuerzas\\\/#primaryimage\"},\"thumbnailUrl\":\"https:\\\/\\\/autofans.com.ar\\\/wp-content\\\/uploads\\\/2025\\\/06\\\/mercedes-4-2.jpg\",\"datePublished\":\"2025-06-19T21:09:26+00:00\",\"author\":{\"@id\":\"https:\\\/\\\/autofans.com.ar\\\/#\\\/schema\\\/person\\\/4a8dda0b6df83ac3d6723e921274c2aa\"},\"description\":\"Daimler Truck y Volvo Group dos gigantes de la industria unieron fuerzas para crear Coretura, una joint venture con sede en Gotemburgo Suecia\",\"breadcrumb\":{\"@id\":\"https:\\\/\\\/autofans.com.ar\\\/index.php\\\/2025\\\/06\\\/19\\\/daimler-truck-y-volvo-unen-fuerzas\\\/#breadcrumb\"},\"inLanguage\":\"es\",\"potentialAction\":[{\"@type\":\"ReadAction\",\"target\":[\"https:\\\/\\\/autofans.com.ar\\\/index.php\\\/2025\\\/06\\\/19\\\/daimler-truck-y-volvo-unen-fuerzas\\\/\"]}]},{\"@type\":\"ImageObject\",\"inLanguage\":\"es\",\"@id\":\"https:\\\/\\\/autofans.com.ar\\\/index.php\\\/2025\\\/06\\\/19\\\/daimler-truck-y-volvo-unen-fuerzas\\\/#primaryimage\",\"url\":\"https:\\\/\\\/autofans.com.ar\\\/wp-content\\\/uploads\\\/2025\\\/06\\\/mercedes-4-2.jpg\",\"contentUrl\":\"https:\\\/\\\/autofans.com.ar\\\/wp-content\\\/uploads\\\/2025\\\/06\\\/mercedes-4-2.jpg\",\"width\":1000,\"height\":667,\"caption\":\"Daimler Truck\"},{\"@type\":\"BreadcrumbList\",\"@id\":\"https:\\\/\\\/autofans.com.ar\\\/index.php\\\/2025\\\/06\\\/19\\\/daimler-truck-y-volvo-unen-fuerzas\\\/#breadcrumb\",\"itemListElement\":[{\"@type\":\"ListItem\",\"position\":1,\"name\":\"Inicio\",\"item\":\"https:\\\/\\\/autofans.com.ar\\\/\"},{\"@type\":\"ListItem\",\"position\":2,\"name\":\"Daimler Truck y Volvo unen fuerzas\"}]},{\"@type\":\"WebSite\",\"@id\":\"https:\\\/\\\/autofans.com.ar\\\/#website\",\"url\":\"https:\\\/\\\/autofans.com.ar\\\/\",\"name\":\"\",\"description\":\"El multimedio referente de la industria automotriz\",\"potentialAction\":[{\"@type\":\"SearchAction\",\"target\":{\"@type\":\"EntryPoint\",\"urlTemplate\":\"https:\\\/\\\/autofans.com.ar\\\/?s={search_term_string}\"},\"query-input\":{\"@type\":\"PropertyValueSpecification\",\"valueRequired\":true,\"valueName\":\"search_term_string\"}}],\"inLanguage\":\"es\"},{\"@type\":\"Person\",\"@id\":\"https:\\\/\\\/autofans.com.ar\\\/#\\\/schema\\\/person\\\/4a8dda0b6df83ac3d6723e921274c2aa\",\"name\":\"Alejandro Gabriel Rosito\",\"image\":{\"@type\":\"ImageObject\",\"inLanguage\":\"es\",\"@id\":\"https:\\\/\\\/secure.gravatar.com\\\/avatar\\\/16c5dda1489adfc62618084dcbb91cffd879c374b13fe5dd8e44ed6733852c88?s=96&d=mm&r=g\",\"url\":\"https:\\\/\\\/secure.gravatar.com\\\/avatar\\\/16c5dda1489adfc62618084dcbb91cffd879c374b13fe5dd8e44ed6733852c88?s=96&d=mm&r=g\",\"contentUrl\":\"https:\\\/\\\/secure.gravatar.com\\\/avatar\\\/16c5dda1489adfc62618084dcbb91cffd879c374b13fe5dd8e44ed6733852c88?s=96&d=mm&r=g\",\"caption\":\"Alejandro Gabriel Rosito\"},\"url\":\"https:\\\/\\\/autofans.com.ar\\\/index.php\\\/author\\\/gabrielr\\\/\"}]}<\/script>\n<!-- \/ Yoast SEO plugin. -->","yoast_head_json":{"title":"Daimler Truck y Volvo unen fuerzas -","description":"Daimler Truck y Volvo Group dos gigantes de la industria unieron fuerzas para crear Coretura, una joint venture con sede en Gotemburgo Suecia","robots":{"index":"index","follow":"follow","max-snippet":"max-snippet:-1","max-image-preview":"max-image-preview:large","max-video-preview":"max-video-preview:-1"},"canonical":"https:\/\/autofans.com.ar\/index.php\/2025\/06\/19\/daimler-truck-y-volvo-unen-fuerzas\/","og_locale":"es_ES","og_type":"article","og_title":"Daimler Truck y Volvo unen fuerzas -","og_description":"Daimler Truck y Volvo Group dos gigantes de la industria unieron fuerzas para crear Coretura, una joint venture con sede en Gotemburgo Suecia","og_url":"https:\/\/autofans.com.ar\/index.php\/2025\/06\/19\/daimler-truck-y-volvo-unen-fuerzas\/","article_published_time":"2025-06-19T21:09:26+00:00","og_image":[{"width":1000,"height":667,"url":"https:\/\/autofans.com.ar\/wp-content\/uploads\/2025\/06\/mercedes-4-2.jpg","type":"image\/jpeg"}],"author":"Alejandro Gabriel Rosito","twitter_card":"summary_large_image","twitter_misc":{"Escrito por":"Alejandro Gabriel Rosito","Tiempo de lectura":"3 minutos"},"schema":{"@context":"https:\/\/schema.org","@graph":[{"@type":"Article","@id":"https:\/\/autofans.com.ar\/index.php\/2025\/06\/19\/daimler-truck-y-volvo-unen-fuerzas\/#article","isPartOf":{"@id":"https:\/\/autofans.com.ar\/index.php\/2025\/06\/19\/daimler-truck-y-volvo-unen-fuerzas\/"},"author":{"name":"Alejandro Gabriel Rosito","@id":"https:\/\/autofans.com.ar\/#\/schema\/person\/4a8dda0b6df83ac3d6723e921274c2aa"},"headline":"Daimler Truck y Volvo unen fuerzas","datePublished":"2025-06-19T21:09:26+00:00","mainEntityOfPage":{"@id":"https:\/\/autofans.com.ar\/index.php\/2025\/06\/19\/daimler-truck-y-volvo-unen-fuerzas\/"},"wordCount":505,"image":{"@id":"https:\/\/autofans.com.ar\/index.php\/2025\/06\/19\/daimler-truck-y-volvo-unen-fuerzas\/#primaryimage"},"thumbnailUrl":"https:\/\/autofans.com.ar\/wp-content\/uploads\/2025\/06\/mercedes-4-2.jpg","keywords":["actualizaciones OTA","Coretura","Daimler Truck","Innovaci\u00f3n automotriz","joint venture","software para autos","tecnolog\u00eda vehicular","Transporte sostenible","Veh\u00edculos Comerciales","Volvo Group"],"articleSection":["EMPRESAS","NOTICIAS"],"inLanguage":"es"},{"@type":"WebPage","@id":"https:\/\/autofans.com.ar\/index.php\/2025\/06\/19\/daimler-truck-y-volvo-unen-fuerzas\/","url":"https:\/\/autofans.com.ar\/index.php\/2025\/06\/19\/daimler-truck-y-volvo-unen-fuerzas\/","name":"Daimler Truck y Volvo unen fuerzas -","isPartOf":{"@id":"https:\/\/autofans.com.ar\/#website"},"primaryImageOfPage":{"@id":"https:\/\/autofans.com.ar\/index.php\/2025\/06\/19\/daimler-truck-y-volvo-unen-fuerzas\/#primaryimage"},"image":{"@id":"https:\/\/autofans.com.ar\/index.php\/2025\/06\/19\/daimler-truck-y-volvo-unen-fuerzas\/#primaryimage"},"thumbnailUrl":"https:\/\/autofans.com.ar\/wp-content\/uploads\/2025\/06\/mercedes-4-2.jpg","datePublished":"2025-06-19T21:09:26+00:00","author":{"@id":"https:\/\/autofans.com.ar\/#\/schema\/person\/4a8dda0b6df83ac3d6723e921274c2aa"},"description":"Daimler Truck y Volvo Group dos gigantes de la industria unieron fuerzas para crear Coretura, una joint venture con sede en Gotemburgo Suecia","breadcrumb":{"@id":"https:\/\/autofans.com.ar\/index.php\/2025\/06\/19\/daimler-truck-y-volvo-unen-fuerzas\/#breadcrumb"},"inLanguage":"es","potentialAction":[{"@type":"ReadAction","target":["https:\/\/autofans.com.ar\/index.php\/2025\/06\/19\/daimler-truck-y-volvo-unen-fuerzas\/"]}]},{"@type":"ImageObject","inLanguage":"es","@id":"https:\/\/autofans.com.ar\/index.php\/2025\/06\/19\/daimler-truck-y-volvo-unen-fuerzas\/#primaryimage","url":"https:\/\/autofans.com.ar\/wp-content\/uploads\/2025\/06\/mercedes-4-2.jpg","contentUrl":"https:\/\/autofans.com.ar\/wp-content\/uploads\/2025\/06\/mercedes-4-2.jpg","width":1000,"height":667,"caption":"Daimler Truck"},{"@type":"BreadcrumbList","@id":"https:\/\/autofans.com.ar\/index.php\/2025\/06\/19\/daimler-truck-y-volvo-unen-fuerzas\/#breadcrumb","itemListElement":[{"@type":"ListItem","position":1,"name":"Inicio","item":"https:\/\/autofans.com.ar\/"},{"@type":"ListItem","position":2,"name":"Daimler Truck y Volvo unen fuerzas"}]},{"@type":"WebSite","@id":"https:\/\/autofans.com.ar\/#website","url":"https:\/\/autofans.com.ar\/","name":"","description":"El multimedio referente de la industria automotriz","potentialAction":[{"@type":"SearchAction","target":{"@type":"EntryPoint","urlTemplate":"https:\/\/autofans.com.ar\/?s={search_term_string}"},"query-input":{"@type":"PropertyValueSpecification","valueRequired":true,"valueName":"search_term_string"}}],"inLanguage":"es"},{"@type":"Person","@id":"https:\/\/autofans.com.ar\/#\/schema\/person\/4a8dda0b6df83ac3d6723e921274c2aa","name":"Alejandro Gabriel Rosito","image":{"@type":"ImageObject","inLanguage":"es","@id":"https:\/\/secure.gravatar.com\/avatar\/16c5dda1489adfc62618084dcbb91cffd879c374b13fe5dd8e44ed6733852c88?s=96&d=mm&r=g","url":"https:\/\/secure.gravatar.com\/avatar\/16c5dda1489adfc62618084dcbb91cffd879c374b13fe5dd8e44ed6733852c88?s=96&d=mm&r=g","contentUrl":"https:\/\/secure.gravatar.com\/avatar\/16c5dda1489adfc62618084dcbb91cffd879c374b13fe5dd8e44ed6733852c88?s=96&d=mm&r=g","caption":"Alejandro Gabriel Rosito"},"url":"https:\/\/autofans.com.ar\/index.php\/author\/gabrielr\/"}]}},"featured_image_urls":{"full":["https:\/\/autofans.com.ar\/wp-content\/uploads\/2025\/06\/mercedes-4-2.jpg",1000,667,false],"thumbnail":["https:\/\/autofans.com.ar\/wp-content\/uploads\/2025\/06\/mercedes-4-2-150x150.jpg",150,150,true],"medium":["https:\/\/autofans.com.ar\/wp-content\/uploads\/2025\/06\/mercedes-4-2-300x200.jpg",300,200,true],"medium_large":["https:\/\/autofans.com.ar\/wp-content\/uploads\/2025\/06\/mercedes-4-2-768x512.jpg",640,427,true],"large":["https:\/\/autofans.com.ar\/wp-content\/uploads\/2025\/06\/mercedes-4-2.jpg",640,427,false],"1536x1536":["https:\/\/autofans.com.ar\/wp-content\/uploads\/2025\/06\/mercedes-4-2.jpg",1000,667,false],"2048x2048":["https:\/\/autofans.com.ar\/wp-content\/uploads\/2025\/06\/mercedes-4-2.jpg",1000,667,false],"covernews-featured":["https:\/\/autofans.com.ar\/wp-content\/uploads\/2025\/06\/mercedes-4-2.jpg",1000,667,false],"covernews-medium":["https:\/\/autofans.com.ar\/wp-content\/uploads\/2025\/06\/mercedes-4-2-540x340.jpg",540,340,true]},"author_info":{"display_name":"Alejandro Gabriel Rosito","author_link":"https:\/\/autofans.com.ar\/index.php\/author\/gabrielr\/"},"category_info":"<a href=\"https:\/\/autofans.com.ar\/index.php\/category\/noticias\/empresas\/\" rel=\"category tag\">EMPRESAS<\/a> <a href=\"https:\/\/autofans.com.ar\/index.php\/category\/noticias\/\" rel=\"category tag\">NOTICIAS<\/a>","tag_info":"NOTICIAS","comment_count":0,"_links":{"self":[{"href":"https:\/\/autofans.com.ar\/index.php\/wp-json\/wp\/v2\/posts\/13007","targetHints":{"allow":["GET"]}}],"collection":[{"href":"https:\/\/autofans.com.ar\/index.php\/wp-json\/wp\/v2\/posts"}],"about":[{"href":"https:\/\/autofans.com.ar\/index.php\/wp-json\/wp\/v2\/types\/post"}],"author":[{"embeddable":true,"href":"https:\/\/autofans.com.ar\/index.php\/wp-json\/wp\/v2\/users\/2"}],"replies":[{"embeddable":true,"href":"https:\/\/autofans.com.ar\/index.php\/wp-json\/wp\/v2\/comments?post=13007"}],"version-history":[{"count":2,"href":"https:\/\/autofans.com.ar\/index.php\/wp-json\/wp\/v2\/posts\/13007\/revisions"}],"predecessor-version":[{"id":13013,"href":"https:\/\/autofans.com.ar\/index.php\/wp-json\/wp\/v2\/posts\/13007\/revisions\/13013"}],"wp:featuredmedia":[{"embeddable":true,"href":"https:\/\/autofans.com.ar\/index.php\/wp-json\/wp\/v2\/media\/13012"}],"wp:attachment":[{"href":"https:\/\/autofans.com.ar\/index.php\/wp-json\/wp\/v2\/media?parent=13007"}],"wp:term":[{"taxonomy":"category","embeddable":true,"href":"https:\/\/autofans.com.ar\/index.php\/wp-json\/wp\/v2\/categories?post=13007"},{"taxonomy":"post_tag","embeddable":true,"href":"https:\/\/autofans.com.ar\/index.php\/wp-json\/wp\/v2\/tags?post=13007"}],"curies":[{"name":"wp","href":"https:\/\/api.w.org\/{rel}","templated":true}]}}