{"id":13015,"date":"2025-06-23T18:48:05","date_gmt":"2025-06-23T21:48:05","guid":{"rendered":"https:\/\/autofans.com.ar\/?p=13015"},"modified":"2025-06-23T18:50:04","modified_gmt":"2025-06-23T21:50:04","slug":"como-toyota-avanza-hacia-la-carbono-neutralidad","status":"publish","type":"post","link":"https:\/\/autofans.com.ar\/index.php\/2025\/06\/23\/como-toyota-avanza-hacia-la-carbono-neutralidad\/","title":{"rendered":"C\u00f3mo Toyota avanza hacia la carbono neutralidad"},"content":{"rendered":"<p class=\"ds-markdown-paragraph\">Toyota Argentina reuni\u00f3 a m\u00e1s de 80 alumnos y docentes de la Escuela Primaria N\u00b026 de Z\u00e1rate, junto a autoridades municipales y representantes de Parques Nacionales, para una nueva forestaci\u00f3n en su Reserva Natural. Durante la actividad, se plantaron especies aut\u00f3ctonas como celtis tala, algarrobo blanco y espillo, contribuyendo a la restauraci\u00f3n de ecosistemas locales.<\/p>\n<p>&nbsp;<\/p>\n<h2>Energ\u00eda limpia, cero residuos y bosques nativos<\/h2>\n<p>&nbsp;<\/p>\n<p><img fetchpriority=\"high\" decoding=\"async\" class=\"aligncenter wp-image-13017 size-full\" src=\"https:\/\/autofans.com.ar\/wp-content\/uploads\/2025\/06\/toyota-3.jpg\" alt=\"toyota\" width=\"1000\" height=\"667\" srcset=\"https:\/\/autofans.com.ar\/wp-content\/uploads\/2025\/06\/toyota-3.jpg 1000w, https:\/\/autofans.com.ar\/wp-content\/uploads\/2025\/06\/toyota-3-300x200.jpg 300w, https:\/\/autofans.com.ar\/wp-content\/uploads\/2025\/06\/toyota-3-768x512.jpg 768w\" sizes=\"(max-width: 1000px) 100vw, 1000px\" \/><\/p>\n<p>&nbsp;<\/p>\n<p class=\"ds-markdown-paragraph\">La iniciativa se enmarca en el Desaf\u00edo Ambiental 2050 de la compa\u00f1\u00eda, que busca alcanzar la neutralidad de carbono en toda su cadena de valor. Entre sus acciones destacadas:<\/p>\n<ul>\n<li>\n<p class=\"ds-markdown-paragraph\">Uso del 100% de energ\u00eda el\u00e9ctrica renovable en producci\u00f3n.<\/p>\n<\/li>\n<li>\n<p class=\"ds-markdown-paragraph\">Reutilizaci\u00f3n del agua y reducci\u00f3n de consumo energ\u00e9tico mediante innovaci\u00f3n tecnol\u00f3gica.<\/p>\n<\/li>\n<li>\n<p class=\"ds-markdown-paragraph\">Programa de econom\u00eda circular que recicla el 95% de los residuos, transform\u00e1ndolos en autopartes y merchandising sustentable.<\/p>\n<\/li>\n<\/ul>\n<p>&nbsp;<\/p>\n<blockquote>\n<p style=\"text-align: center;\">\u201cEsta fecha es una gran oportunidad para reflexionar sobre los desaf\u00edos ambientales que enfrentamos e inspirarnos mutuamente a hacer algo positivo por nuestro planeta. En nuestra planta de Z\u00e1rate trabajamos m\u00e1s de 8.000 personas y producimos veh\u00edculos para cientos de miles de personas en toda la regi\u00f3n. Nuestro compromiso es llevar adelante esa operaci\u00f3n en armon\u00eda con el ambiente\u201d, afirm\u00f3 <b>Gustavo Salinas, presidente de Toyota Argentina.<span class=\"Apple-converted-space\">\u00a0<\/span><\/b><\/p>\n<\/blockquote>\n<p>&nbsp;<\/p>\n<h2>La Reserva Natural Toyota &#8211; un pulm\u00f3n verde con triple impacto<\/h2>\n<p>&nbsp;<\/p>\n<div id='gallery-1' class='gallery galleryid-13015 gallery-columns-2 gallery-size-full'><figure class='gallery-item'>\n\t\t\t<div class='gallery-icon landscape'>\n\t\t\t\t<a href='https:\/\/autofans.com.ar\/index.php\/2025\/06\/23\/como-toyota-avanza-hacia-la-carbono-neutralidad\/toyota-2-23\/'><img loading=\"lazy\" width=\"1000\" height=\"667\" src=\"https:\/\/autofans.com.ar\/wp-content\/uploads\/2025\/06\/toyota-2.jpg\" class=\"attachment-full size-full\" alt=\"toyota\" srcset=\"https:\/\/autofans.com.ar\/wp-content\/uploads\/2025\/06\/toyota-2.jpg 1000w, https:\/\/autofans.com.ar\/wp-content\/uploads\/2025\/06\/toyota-2-300x200.jpg 300w, https:\/\/autofans.com.ar\/wp-content\/uploads\/2025\/06\/toyota-2-768x512.jpg 768w\" sizes=\"auto, (max-width: 1000px) 100vw, 1000px\" loading=\"lazy\" decoding=\"async\" \/><\/a>\n\t\t\t<\/div><\/figure><figure class='gallery-item'>\n\t\t\t<div class='gallery-icon landscape'>\n\t\t\t\t<a href='https:\/\/autofans.com.ar\/index.php\/2025\/06\/23\/como-toyota-avanza-hacia-la-carbono-neutralidad\/toyota-1-23\/'><img loading=\"lazy\" width=\"1000\" height=\"667\" src=\"https:\/\/autofans.com.ar\/wp-content\/uploads\/2025\/06\/toyota-1.jpg\" class=\"attachment-full size-full\" alt=\"toyota\" srcset=\"https:\/\/autofans.com.ar\/wp-content\/uploads\/2025\/06\/toyota-1.jpg 1000w, https:\/\/autofans.com.ar\/wp-content\/uploads\/2025\/06\/toyota-1-300x200.jpg 300w, https:\/\/autofans.com.ar\/wp-content\/uploads\/2025\/06\/toyota-1-768x512.jpg 768w\" sizes=\"auto, (max-width: 1000px) 100vw, 1000px\" loading=\"lazy\" decoding=\"async\" \/><\/a>\n\t\t\t<\/div><\/figure>\n\t\t<\/div>\n\n<p>&nbsp;<\/p>\n<p class=\"ds-markdown-paragraph\">Ubicada en Z\u00e1rate, esta \u00e1rea protegida de 21 hect\u00e1reas preserva flora y fauna nativa, act\u00faa como capturadora de CO\u2082 y funciona como espacio educativo. Alberga tres ecorregiones clave: Pampeana, Espinal y Delta del Paran\u00e1, protegiendo especies en peligro y moderando el clima local.<\/p>\n<p class=\"ds-markdown-paragraph\">Adem\u00e1s de visitas guiadas, la reserva impulsa:<\/p>\n<ul>\n<li>\n<p class=\"ds-markdown-paragraph\">Liberaci\u00f3n de animales rehabilitados.<\/p>\n<\/li>\n<li>\n<p class=\"ds-markdown-paragraph\">Talleres de concientizaci\u00f3n ambiental.<\/p>\n<\/li>\n<li>\n<p class=\"ds-markdown-paragraph\">Proyectos de reforestaci\u00f3n con comunidades.<\/p>\n<\/li>\n<\/ul>\n<p>&nbsp;<\/p>\n<p>&nbsp;<\/p>\n<p><i>Para enterarte de m\u00e1s novedades, no dejes de leer\u00a0<\/i><a href=\"https:\/\/autofans.thebrandsoup.com\/\"><i>nuestras notas<\/i><\/a><i>, de ver\u00a0<\/i><a href=\"https:\/\/www.youtube.com\/channel\/UCgAC8UGHZYbT6P7PpmVnP7g\"><i>AUTOFANS TV<\/i><\/a><i>\u00a0en nuestro\u00a0canal de Youtube. Adem\u00e1s seguinos en\u00a0<\/i><a href=\"https:\/\/www.instagram.com\/autofanstv\/\"><i>INSTAGRAM<\/i><\/a><i> y <\/i><a href=\"https:\/\/www.facebook.com\/autofansmas\/\"><i>FACEBOOK<\/i><\/a><i> para no perderte nada sobre las novedades del segmento automotor de Argentina y el mundo.<\/i><\/p>\n","protected":false},"excerpt":{"rendered":"<p>Toyota Argentina reuni\u00f3 a m\u00e1s de 80 alumnos y docentes de la Escuela Primaria N\u00b026&#8230;<\/p>\n","protected":false},"author":2,"featured_media":13016,"comment_status":"closed","ping_status":"closed","sticky":false,"template":"","format":"standard","meta":{"footnotes":""},"categories":[6,16],"tags":[6918,960,4286,6917,357,4285,5716],"class_list":["post-13015","post","type-post","status-publish","format-standard","has-post-thumbnail","hentry","category-bizstyle","category-noticias","tag-carbono-neutral","tag-economia-circular","tag-educacion-ambiental","tag-forestacion-nativa","tag-medio-ambiente","tag-reserva-natural-zarate","tag-sustentabilidad-toyota"],"yoast_head":"<!-- This site is optimized with the Yoast SEO plugin v27.5 - https:\/\/yoast.com\/product\/yoast-seo-wordpress\/ -->\n<title>C\u00f3mo Toyota avanza hacia la carbono neutralidad -<\/title>\n<meta name=\"description\" content=\"Toyota Argentina reuni\u00f3 a m\u00e1s de 80 alumnos y docentes de la Escuela Primaria N\u00b026 de Z\u00e1rate, junto a autoridades municipales...\" \/>\n<meta name=\"robots\" content=\"index, follow, max-snippet:-1, max-image-preview:large, max-video-preview:-1\" \/>\n<link rel=\"canonical\" href=\"https:\/\/autofans.com.ar\/index.php\/2025\/06\/23\/como-toyota-avanza-hacia-la-carbono-neutralidad\/\" \/>\n<meta property=\"og:locale\" content=\"es_ES\" \/>\n<meta property=\"og:type\" content=\"article\" \/>\n<meta property=\"og:title\" content=\"C\u00f3mo Toyota avanza hacia la carbono neutralidad -\" \/>\n<meta property=\"og:description\" content=\"Toyota Argentina reuni\u00f3 a m\u00e1s de 80 alumnos y docentes de la Escuela Primaria N\u00b026 de Z\u00e1rate, junto a autoridades municipales...\" \/>\n<meta property=\"og:url\" content=\"https:\/\/autofans.com.ar\/index.php\/2025\/06\/23\/como-toyota-avanza-hacia-la-carbono-neutralidad\/\" \/>\n<meta property=\"article:published_time\" content=\"2025-06-23T21:48:05+00:00\" \/>\n<meta property=\"article:modified_time\" content=\"2025-06-23T21:50:04+00:00\" \/>\n<meta property=\"og:image\" content=\"https:\/\/autofans.com.ar\/wp-content\/uploads\/2025\/06\/toyota-4.jpg\" \/>\n\t<meta property=\"og:image:width\" content=\"1000\" \/>\n\t<meta property=\"og:image:height\" content=\"667\" \/>\n\t<meta property=\"og:image:type\" content=\"image\/jpeg\" \/>\n<meta name=\"author\" content=\"Alejandro Gabriel Rosito\" \/>\n<meta name=\"twitter:card\" content=\"summary_large_image\" \/>\n<meta name=\"twitter:label1\" content=\"Escrito por\" \/>\n\t<meta name=\"twitter:data1\" content=\"Alejandro Gabriel Rosito\" \/>\n\t<meta name=\"twitter:label2\" content=\"Tiempo de lectura\" \/>\n\t<meta name=\"twitter:data2\" content=\"2 minutos\" \/>\n<script type=\"application\/ld+json\" class=\"yoast-schema-graph\">{\"@context\":\"https:\\\/\\\/schema.org\",\"@graph\":[{\"@type\":\"Article\",\"@id\":\"https:\\\/\\\/autofans.com.ar\\\/index.php\\\/2025\\\/06\\\/23\\\/como-toyota-avanza-hacia-la-carbono-neutralidad\\\/#article\",\"isPartOf\":{\"@id\":\"https:\\\/\\\/autofans.com.ar\\\/index.php\\\/2025\\\/06\\\/23\\\/como-toyota-avanza-hacia-la-carbono-neutralidad\\\/\"},\"author\":{\"name\":\"Alejandro Gabriel Rosito\",\"@id\":\"https:\\\/\\\/autofans.com.ar\\\/#\\\/schema\\\/person\\\/4a8dda0b6df83ac3d6723e921274c2aa\"},\"headline\":\"C\u00f3mo Toyota avanza hacia la carbono neutralidad\",\"datePublished\":\"2025-06-23T21:48:05+00:00\",\"dateModified\":\"2025-06-23T21:50:04+00:00\",\"mainEntityOfPage\":{\"@id\":\"https:\\\/\\\/autofans.com.ar\\\/index.php\\\/2025\\\/06\\\/23\\\/como-toyota-avanza-hacia-la-carbono-neutralidad\\\/\"},\"wordCount\":360,\"image\":{\"@id\":\"https:\\\/\\\/autofans.com.ar\\\/index.php\\\/2025\\\/06\\\/23\\\/como-toyota-avanza-hacia-la-carbono-neutralidad\\\/#primaryimage\"},\"thumbnailUrl\":\"https:\\\/\\\/autofans.com.ar\\\/wp-content\\\/uploads\\\/2025\\\/06\\\/toyota-4.jpg\",\"keywords\":[\"carbono neutral\",\"Econom\u00eda Circular\",\"educaci\u00f3n ambiental\",\"forestaci\u00f3n nativa\",\"medio ambiente\",\"Reserva Natural Z\u00e1rate\",\"sustentabilidad Toyota\"],\"articleSection\":[\"BIZSTYLE\",\"NOTICIAS\"],\"inLanguage\":\"es\"},{\"@type\":\"WebPage\",\"@id\":\"https:\\\/\\\/autofans.com.ar\\\/index.php\\\/2025\\\/06\\\/23\\\/como-toyota-avanza-hacia-la-carbono-neutralidad\\\/\",\"url\":\"https:\\\/\\\/autofans.com.ar\\\/index.php\\\/2025\\\/06\\\/23\\\/como-toyota-avanza-hacia-la-carbono-neutralidad\\\/\",\"name\":\"C\u00f3mo Toyota avanza hacia la carbono neutralidad -\",\"isPartOf\":{\"@id\":\"https:\\\/\\\/autofans.com.ar\\\/#website\"},\"primaryImageOfPage\":{\"@id\":\"https:\\\/\\\/autofans.com.ar\\\/index.php\\\/2025\\\/06\\\/23\\\/como-toyota-avanza-hacia-la-carbono-neutralidad\\\/#primaryimage\"},\"image\":{\"@id\":\"https:\\\/\\\/autofans.com.ar\\\/index.php\\\/2025\\\/06\\\/23\\\/como-toyota-avanza-hacia-la-carbono-neutralidad\\\/#primaryimage\"},\"thumbnailUrl\":\"https:\\\/\\\/autofans.com.ar\\\/wp-content\\\/uploads\\\/2025\\\/06\\\/toyota-4.jpg\",\"datePublished\":\"2025-06-23T21:48:05+00:00\",\"dateModified\":\"2025-06-23T21:50:04+00:00\",\"author\":{\"@id\":\"https:\\\/\\\/autofans.com.ar\\\/#\\\/schema\\\/person\\\/4a8dda0b6df83ac3d6723e921274c2aa\"},\"description\":\"Toyota Argentina reuni\u00f3 a m\u00e1s de 80 alumnos y docentes de la Escuela Primaria N\u00b026 de Z\u00e1rate, junto a autoridades municipales...\",\"breadcrumb\":{\"@id\":\"https:\\\/\\\/autofans.com.ar\\\/index.php\\\/2025\\\/06\\\/23\\\/como-toyota-avanza-hacia-la-carbono-neutralidad\\\/#breadcrumb\"},\"inLanguage\":\"es\",\"potentialAction\":[{\"@type\":\"ReadAction\",\"target\":[\"https:\\\/\\\/autofans.com.ar\\\/index.php\\\/2025\\\/06\\\/23\\\/como-toyota-avanza-hacia-la-carbono-neutralidad\\\/\"]}]},{\"@type\":\"ImageObject\",\"inLanguage\":\"es\",\"@id\":\"https:\\\/\\\/autofans.com.ar\\\/index.php\\\/2025\\\/06\\\/23\\\/como-toyota-avanza-hacia-la-carbono-neutralidad\\\/#primaryimage\",\"url\":\"https:\\\/\\\/autofans.com.ar\\\/wp-content\\\/uploads\\\/2025\\\/06\\\/toyota-4.jpg\",\"contentUrl\":\"https:\\\/\\\/autofans.com.ar\\\/wp-content\\\/uploads\\\/2025\\\/06\\\/toyota-4.jpg\",\"width\":1000,\"height\":667,\"caption\":\"toyota\"},{\"@type\":\"BreadcrumbList\",\"@id\":\"https:\\\/\\\/autofans.com.ar\\\/index.php\\\/2025\\\/06\\\/23\\\/como-toyota-avanza-hacia-la-carbono-neutralidad\\\/#breadcrumb\",\"itemListElement\":[{\"@type\":\"ListItem\",\"position\":1,\"name\":\"Inicio\",\"item\":\"https:\\\/\\\/autofans.com.ar\\\/\"},{\"@type\":\"ListItem\",\"position\":2,\"name\":\"C\u00f3mo Toyota avanza hacia la carbono neutralidad\"}]},{\"@type\":\"WebSite\",\"@id\":\"https:\\\/\\\/autofans.com.ar\\\/#website\",\"url\":\"https:\\\/\\\/autofans.com.ar\\\/\",\"name\":\"\",\"description\":\"El multimedio referente de la industria automotriz\",\"potentialAction\":[{\"@type\":\"SearchAction\",\"target\":{\"@type\":\"EntryPoint\",\"urlTemplate\":\"https:\\\/\\\/autofans.com.ar\\\/?s={search_term_string}\"},\"query-input\":{\"@type\":\"PropertyValueSpecification\",\"valueRequired\":true,\"valueName\":\"search_term_string\"}}],\"inLanguage\":\"es\"},{\"@type\":\"Person\",\"@id\":\"https:\\\/\\\/autofans.com.ar\\\/#\\\/schema\\\/person\\\/4a8dda0b6df83ac3d6723e921274c2aa\",\"name\":\"Alejandro Gabriel Rosito\",\"image\":{\"@type\":\"ImageObject\",\"inLanguage\":\"es\",\"@id\":\"https:\\\/\\\/secure.gravatar.com\\\/avatar\\\/16c5dda1489adfc62618084dcbb91cffd879c374b13fe5dd8e44ed6733852c88?s=96&d=mm&r=g\",\"url\":\"https:\\\/\\\/secure.gravatar.com\\\/avatar\\\/16c5dda1489adfc62618084dcbb91cffd879c374b13fe5dd8e44ed6733852c88?s=96&d=mm&r=g\",\"contentUrl\":\"https:\\\/\\\/secure.gravatar.com\\\/avatar\\\/16c5dda1489adfc62618084dcbb91cffd879c374b13fe5dd8e44ed6733852c88?s=96&d=mm&r=g\",\"caption\":\"Alejandro Gabriel Rosito\"},\"url\":\"https:\\\/\\\/autofans.com.ar\\\/index.php\\\/author\\\/gabrielr\\\/\"}]}<\/script>\n<!-- \/ Yoast SEO plugin. -->","yoast_head_json":{"title":"C\u00f3mo Toyota avanza hacia la carbono neutralidad -","description":"Toyota Argentina reuni\u00f3 a m\u00e1s de 80 alumnos y docentes de la Escuela Primaria N\u00b026 de Z\u00e1rate, junto a autoridades municipales...","robots":{"index":"index","follow":"follow","max-snippet":"max-snippet:-1","max-image-preview":"max-image-preview:large","max-video-preview":"max-video-preview:-1"},"canonical":"https:\/\/autofans.com.ar\/index.php\/2025\/06\/23\/como-toyota-avanza-hacia-la-carbono-neutralidad\/","og_locale":"es_ES","og_type":"article","og_title":"C\u00f3mo Toyota avanza hacia la carbono neutralidad -","og_description":"Toyota Argentina reuni\u00f3 a m\u00e1s de 80 alumnos y docentes de la Escuela Primaria N\u00b026 de Z\u00e1rate, junto a autoridades municipales...","og_url":"https:\/\/autofans.com.ar\/index.php\/2025\/06\/23\/como-toyota-avanza-hacia-la-carbono-neutralidad\/","article_published_time":"2025-06-23T21:48:05+00:00","article_modified_time":"2025-06-23T21:50:04+00:00","og_image":[{"width":1000,"height":667,"url":"https:\/\/autofans.com.ar\/wp-content\/uploads\/2025\/06\/toyota-4.jpg","type":"image\/jpeg"}],"author":"Alejandro Gabriel Rosito","twitter_card":"summary_large_image","twitter_misc":{"Escrito por":"Alejandro Gabriel Rosito","Tiempo de lectura":"2 minutos"},"schema":{"@context":"https:\/\/schema.org","@graph":[{"@type":"Article","@id":"https:\/\/autofans.com.ar\/index.php\/2025\/06\/23\/como-toyota-avanza-hacia-la-carbono-neutralidad\/#article","isPartOf":{"@id":"https:\/\/autofans.com.ar\/index.php\/2025\/06\/23\/como-toyota-avanza-hacia-la-carbono-neutralidad\/"},"author":{"name":"Alejandro Gabriel Rosito","@id":"https:\/\/autofans.com.ar\/#\/schema\/person\/4a8dda0b6df83ac3d6723e921274c2aa"},"headline":"C\u00f3mo Toyota avanza hacia la carbono neutralidad","datePublished":"2025-06-23T21:48:05+00:00","dateModified":"2025-06-23T21:50:04+00:00","mainEntityOfPage":{"@id":"https:\/\/autofans.com.ar\/index.php\/2025\/06\/23\/como-toyota-avanza-hacia-la-carbono-neutralidad\/"},"wordCount":360,"image":{"@id":"https:\/\/autofans.com.ar\/index.php\/2025\/06\/23\/como-toyota-avanza-hacia-la-carbono-neutralidad\/#primaryimage"},"thumbnailUrl":"https:\/\/autofans.com.ar\/wp-content\/uploads\/2025\/06\/toyota-4.jpg","keywords":["carbono neutral","Econom\u00eda Circular","educaci\u00f3n ambiental","forestaci\u00f3n nativa","medio ambiente","Reserva Natural Z\u00e1rate","sustentabilidad Toyota"],"articleSection":["BIZSTYLE","NOTICIAS"],"inLanguage":"es"},{"@type":"WebPage","@id":"https:\/\/autofans.com.ar\/index.php\/2025\/06\/23\/como-toyota-avanza-hacia-la-carbono-neutralidad\/","url":"https:\/\/autofans.com.ar\/index.php\/2025\/06\/23\/como-toyota-avanza-hacia-la-carbono-neutralidad\/","name":"C\u00f3mo Toyota avanza hacia la carbono neutralidad -","isPartOf":{"@id":"https:\/\/autofans.com.ar\/#website"},"primaryImageOfPage":{"@id":"https:\/\/autofans.com.ar\/index.php\/2025\/06\/23\/como-toyota-avanza-hacia-la-carbono-neutralidad\/#primaryimage"},"image":{"@id":"https:\/\/autofans.com.ar\/index.php\/2025\/06\/23\/como-toyota-avanza-hacia-la-carbono-neutralidad\/#primaryimage"},"thumbnailUrl":"https:\/\/autofans.com.ar\/wp-content\/uploads\/2025\/06\/toyota-4.jpg","datePublished":"2025-06-23T21:48:05+00:00","dateModified":"2025-06-23T21:50:04+00:00","author":{"@id":"https:\/\/autofans.com.ar\/#\/schema\/person\/4a8dda0b6df83ac3d6723e921274c2aa"},"description":"Toyota Argentina reuni\u00f3 a m\u00e1s de 80 alumnos y docentes de la Escuela Primaria N\u00b026 de Z\u00e1rate, junto a autoridades municipales...","breadcrumb":{"@id":"https:\/\/autofans.com.ar\/index.php\/2025\/06\/23\/como-toyota-avanza-hacia-la-carbono-neutralidad\/#breadcrumb"},"inLanguage":"es","potentialAction":[{"@type":"ReadAction","target":["https:\/\/autofans.com.ar\/index.php\/2025\/06\/23\/como-toyota-avanza-hacia-la-carbono-neutralidad\/"]}]},{"@type":"ImageObject","inLanguage":"es","@id":"https:\/\/autofans.com.ar\/index.php\/2025\/06\/23\/como-toyota-avanza-hacia-la-carbono-neutralidad\/#primaryimage","url":"https:\/\/autofans.com.ar\/wp-content\/uploads\/2025\/06\/toyota-4.jpg","contentUrl":"https:\/\/autofans.com.ar\/wp-content\/uploads\/2025\/06\/toyota-4.jpg","width":1000,"height":667,"caption":"toyota"},{"@type":"BreadcrumbList","@id":"https:\/\/autofans.com.ar\/index.php\/2025\/06\/23\/como-toyota-avanza-hacia-la-carbono-neutralidad\/#breadcrumb","itemListElement":[{"@type":"ListItem","position":1,"name":"Inicio","item":"https:\/\/autofans.com.ar\/"},{"@type":"ListItem","position":2,"name":"C\u00f3mo Toyota avanza hacia la carbono neutralidad"}]},{"@type":"WebSite","@id":"https:\/\/autofans.com.ar\/#website","url":"https:\/\/autofans.com.ar\/","name":"","description":"El multimedio referente de la industria automotriz","potentialAction":[{"@type":"SearchAction","target":{"@type":"EntryPoint","urlTemplate":"https:\/\/autofans.com.ar\/?s={search_term_string}"},"query-input":{"@type":"PropertyValueSpecification","valueRequired":true,"valueName":"search_term_string"}}],"inLanguage":"es"},{"@type":"Person","@id":"https:\/\/autofans.com.ar\/#\/schema\/person\/4a8dda0b6df83ac3d6723e921274c2aa","name":"Alejandro Gabriel Rosito","image":{"@type":"ImageObject","inLanguage":"es","@id":"https:\/\/secure.gravatar.com\/avatar\/16c5dda1489adfc62618084dcbb91cffd879c374b13fe5dd8e44ed6733852c88?s=96&d=mm&r=g","url":"https:\/\/secure.gravatar.com\/avatar\/16c5dda1489adfc62618084dcbb91cffd879c374b13fe5dd8e44ed6733852c88?s=96&d=mm&r=g","contentUrl":"https:\/\/secure.gravatar.com\/avatar\/16c5dda1489adfc62618084dcbb91cffd879c374b13fe5dd8e44ed6733852c88?s=96&d=mm&r=g","caption":"Alejandro Gabriel Rosito"},"url":"https:\/\/autofans.com.ar\/index.php\/author\/gabrielr\/"}]}},"featured_image_urls":{"full":["https:\/\/autofans.com.ar\/wp-content\/uploads\/2025\/06\/toyota-4.jpg",1000,667,false],"thumbnail":["https:\/\/autofans.com.ar\/wp-content\/uploads\/2025\/06\/toyota-4-150x150.jpg",150,150,true],"medium":["https:\/\/autofans.com.ar\/wp-content\/uploads\/2025\/06\/toyota-4-300x200.jpg",300,200,true],"medium_large":["https:\/\/autofans.com.ar\/wp-content\/uploads\/2025\/06\/toyota-4-768x512.jpg",640,427,true],"large":["https:\/\/autofans.com.ar\/wp-content\/uploads\/2025\/06\/toyota-4.jpg",640,427,false],"1536x1536":["https:\/\/autofans.com.ar\/wp-content\/uploads\/2025\/06\/toyota-4.jpg",1000,667,false],"2048x2048":["https:\/\/autofans.com.ar\/wp-content\/uploads\/2025\/06\/toyota-4.jpg",1000,667,false],"covernews-featured":["https:\/\/autofans.com.ar\/wp-content\/uploads\/2025\/06\/toyota-4.jpg",1000,667,false],"covernews-medium":["https:\/\/autofans.com.ar\/wp-content\/uploads\/2025\/06\/toyota-4-540x340.jpg",540,340,true]},"author_info":{"display_name":"Alejandro Gabriel Rosito","author_link":"https:\/\/autofans.com.ar\/index.php\/author\/gabrielr\/"},"category_info":"<a href=\"https:\/\/autofans.com.ar\/index.php\/category\/noticias\/bizstyle\/\" rel=\"category tag\">BIZSTYLE<\/a> <a href=\"https:\/\/autofans.com.ar\/index.php\/category\/noticias\/\" rel=\"category tag\">NOTICIAS<\/a>","tag_info":"NOTICIAS","comment_count":0,"_links":{"self":[{"href":"https:\/\/autofans.com.ar\/index.php\/wp-json\/wp\/v2\/posts\/13015","targetHints":{"allow":["GET"]}}],"collection":[{"href":"https:\/\/autofans.com.ar\/index.php\/wp-json\/wp\/v2\/posts"}],"about":[{"href":"https:\/\/autofans.com.ar\/index.php\/wp-json\/wp\/v2\/types\/post"}],"author":[{"embeddable":true,"href":"https:\/\/autofans.com.ar\/index.php\/wp-json\/wp\/v2\/users\/2"}],"replies":[{"embeddable":true,"href":"https:\/\/autofans.com.ar\/index.php\/wp-json\/wp\/v2\/comments?post=13015"}],"version-history":[{"count":3,"href":"https:\/\/autofans.com.ar\/index.php\/wp-json\/wp\/v2\/posts\/13015\/revisions"}],"predecessor-version":[{"id":13022,"href":"https:\/\/autofans.com.ar\/index.php\/wp-json\/wp\/v2\/posts\/13015\/revisions\/13022"}],"wp:featuredmedia":[{"embeddable":true,"href":"https:\/\/autofans.com.ar\/index.php\/wp-json\/wp\/v2\/media\/13016"}],"wp:attachment":[{"href":"https:\/\/autofans.com.ar\/index.php\/wp-json\/wp\/v2\/media?parent=13015"}],"wp:term":[{"taxonomy":"category","embeddable":true,"href":"https:\/\/autofans.com.ar\/index.php\/wp-json\/wp\/v2\/categories?post=13015"},{"taxonomy":"post_tag","embeddable":true,"href":"https:\/\/autofans.com.ar\/index.php\/wp-json\/wp\/v2\/tags?post=13015"}],"curies":[{"name":"wp","href":"https:\/\/api.w.org\/{rel}","templated":true}]}}