{"id":13031,"date":"2025-06-24T17:12:20","date_gmt":"2025-06-24T20:12:20","guid":{"rendered":"https:\/\/autofans.com.ar\/?p=13031"},"modified":"2025-06-24T17:12:20","modified_gmt":"2025-06-24T20:12:20","slug":"antonio-filosa-asume-como-ceo-de-stellantis","status":"publish","type":"post","link":"https:\/\/autofans.com.ar\/index.php\/2025\/06\/24\/antonio-filosa-asume-como-ceo-de-stellantis\/","title":{"rendered":"Antonio Filosa asume como CEO de Stellantis"},"content":{"rendered":"<p class=\"ds-markdown-paragraph\">Antonio Filosa asumi\u00f3 oficialmente como consejero delegado de Stellantis y anunci\u00f3 su equipo de liderazgo, con cambios estrat\u00e9gicos para fortalecer la toma de decisiones regionales y potenciar las marcas del grupo. La movida refleja la apuesta por aprovechar el conocimiento local y la experiencia global de la automotriz.<\/p>\n<p>&nbsp;<\/p>\n<blockquote>\n<p style=\"text-align: center;\">\u00abEs un gran privilegio para m\u00ed asumir el liderazgo de Stellantis, una compa\u00f1\u00eda global con profundas ra\u00edces regionales\u00bb, dijo el CEO Antonio Filosa. \u00abTenemos fortalezas \u00fanicas en nuestra gran gente, nuestras marcas ic\u00f3nicas y nuestros millones de clientes, cuya lealtad a nuestra compa\u00f1\u00eda, sus fant\u00e1sticos productos y sus historias \u00fanicas solo pueden inspirarnos a nuevos logros\u00bb.<\/p>\n<\/blockquote>\n<p>&nbsp;<\/p>\n<h2>Los nombres fuertes del nuevo SLT<\/h2>\n<p class=\"ds-markdown-paragraph\">El Stellantis Leadership Team (SLT) integra a figuras clave:<\/p>\n<p>&nbsp;<\/p>\n<div id='gallery-1' class='gallery galleryid-13031 gallery-columns-2 gallery-size-full'><figure class='gallery-item'>\n\t\t\t<div class='gallery-icon landscape'>\n\t\t\t\t<a href='https:\/\/autofans.com.ar\/index.php\/2025\/06\/24\/antonio-filosa-asume-como-ceo-de-stellantis\/jean\/'><img loading=\"lazy\" width=\"1000\" height=\"667\" src=\"https:\/\/autofans.com.ar\/wp-content\/uploads\/2025\/06\/jean.jpg\" class=\"attachment-full size-full\" alt=\"Stellantis\" aria-describedby=\"gallery-1-13034\" srcset=\"https:\/\/autofans.com.ar\/wp-content\/uploads\/2025\/06\/jean.jpg 1000w, https:\/\/autofans.com.ar\/wp-content\/uploads\/2025\/06\/jean-300x200.jpg 300w, https:\/\/autofans.com.ar\/wp-content\/uploads\/2025\/06\/jean-768x512.jpg 768w\" sizes=\"auto, (max-width: 1000px) 100vw, 1000px\" loading=\"lazy\" decoding=\"async\" \/><\/a>\n\t\t\t<\/div>\n\t\t\t\t<figcaption class='wp-caption-text gallery-caption' id='gallery-1-13034'>\n\t\t\t\tJean-Philippe\n\t\t\t\t<\/figcaption><\/figure><figure class='gallery-item'>\n\t\t\t<div class='gallery-icon landscape'>\n\t\t\t\t<a href='https:\/\/autofans.com.ar\/index.php\/2025\/06\/24\/antonio-filosa-asume-como-ceo-de-stellantis\/emanuele\/'><img loading=\"lazy\" width=\"1000\" height=\"667\" src=\"https:\/\/autofans.com.ar\/wp-content\/uploads\/2025\/06\/emanuele.jpg\" class=\"attachment-full size-full\" alt=\"Stellantis\" aria-describedby=\"gallery-1-13033\" srcset=\"https:\/\/autofans.com.ar\/wp-content\/uploads\/2025\/06\/emanuele.jpg 1000w, https:\/\/autofans.com.ar\/wp-content\/uploads\/2025\/06\/emanuele-300x200.jpg 300w, https:\/\/autofans.com.ar\/wp-content\/uploads\/2025\/06\/emanuele-768x512.jpg 768w\" sizes=\"auto, (max-width: 1000px) 100vw, 1000px\" loading=\"lazy\" decoding=\"async\" \/><\/a>\n\t\t\t<\/div>\n\t\t\t\t<figcaption class='wp-caption-text gallery-caption' id='gallery-1-13033'>\n\t\t\t\tEmanuele Cappellano\n\t\t\t\t<\/figcaption><\/figure>\n\t\t<\/div>\n\n<p>&nbsp;<\/p>\n<ul>\n<li>\n<p class=\"ds-markdown-paragraph\">Emanuele Cappellano asume Am\u00e9rica del Sur y la unidad de veh\u00edculos comerciales Stellantis Pro One.<\/p>\n<\/li>\n<li>\n<p class=\"ds-markdown-paragraph\">Jean-Philippe Imparato suma a Maserati bajo su direcci\u00f3n en Europa.<\/p>\n<\/li>\n<\/ul>\n<p>&nbsp;<\/p>\n<div id='gallery-2' class='gallery galleryid-13031 gallery-columns-3 gallery-size-full'><figure class='gallery-item'>\n\t\t\t<div class='gallery-icon landscape'>\n\t\t\t\t<a href='https:\/\/autofans.com.ar\/index.php\/2025\/06\/24\/antonio-filosa-asume-como-ceo-de-stellantis\/sebastian\/'><img loading=\"lazy\" width=\"1000\" height=\"667\" src=\"https:\/\/autofans.com.ar\/wp-content\/uploads\/2025\/06\/sebastian.jpg\" class=\"attachment-full size-full\" alt=\"Stellantis\" aria-describedby=\"gallery-2-13036\" srcset=\"https:\/\/autofans.com.ar\/wp-content\/uploads\/2025\/06\/sebastian.jpg 1000w, https:\/\/autofans.com.ar\/wp-content\/uploads\/2025\/06\/sebastian-300x200.jpg 300w, https:\/\/autofans.com.ar\/wp-content\/uploads\/2025\/06\/sebastian-768x512.jpg 768w\" sizes=\"auto, (max-width: 1000px) 100vw, 1000px\" loading=\"lazy\" decoding=\"async\" \/><\/a>\n\t\t\t<\/div>\n\t\t\t\t<figcaption class='wp-caption-text gallery-caption' id='gallery-2-13036'>\n\t\t\t\tS\u00e9bastien Jacquet\n\t\t\t\t<\/figcaption><\/figure><figure class='gallery-item'>\n\t\t\t<div class='gallery-icon landscape'>\n\t\t\t\t<a href='https:\/\/autofans.com.ar\/index.php\/2025\/06\/24\/antonio-filosa-asume-como-ceo-de-stellantis\/davide\/'><img loading=\"lazy\" width=\"1000\" height=\"667\" src=\"https:\/\/autofans.com.ar\/wp-content\/uploads\/2025\/06\/davide.jpg\" class=\"attachment-full size-full\" alt=\"Stellantis\" aria-describedby=\"gallery-2-13035\" srcset=\"https:\/\/autofans.com.ar\/wp-content\/uploads\/2025\/06\/davide.jpg 1000w, https:\/\/autofans.com.ar\/wp-content\/uploads\/2025\/06\/davide-300x200.jpg 300w, https:\/\/autofans.com.ar\/wp-content\/uploads\/2025\/06\/davide-768x512.jpg 768w\" sizes=\"auto, (max-width: 1000px) 100vw, 1000px\" loading=\"lazy\" decoding=\"async\" \/><\/a>\n\t\t\t<\/div>\n\t\t\t\t<figcaption class='wp-caption-text gallery-caption' id='gallery-2-13035'>\n\t\t\t\tDavide Mele\n\t\t\t\t<\/figcaption><\/figure><figure class='gallery-item'>\n\t\t\t<div class='gallery-icon landscape'>\n\t\t\t\t<a href='https:\/\/autofans.com.ar\/index.php\/2025\/06\/24\/antonio-filosa-asume-como-ceo-de-stellantis\/scott\/'><img loading=\"lazy\" width=\"1000\" height=\"667\" src=\"https:\/\/autofans.com.ar\/wp-content\/uploads\/2025\/06\/scott.jpg\" class=\"attachment-full size-full\" alt=\"Stellantis\" aria-describedby=\"gallery-2-13037\" srcset=\"https:\/\/autofans.com.ar\/wp-content\/uploads\/2025\/06\/scott.jpg 1000w, https:\/\/autofans.com.ar\/wp-content\/uploads\/2025\/06\/scott-300x200.jpg 300w, https:\/\/autofans.com.ar\/wp-content\/uploads\/2025\/06\/scott-768x512.jpg 768w\" sizes=\"auto, (max-width: 1000px) 100vw, 1000px\" loading=\"lazy\" decoding=\"async\" \/><\/a>\n\t\t\t<\/div>\n\t\t\t\t<figcaption class='wp-caption-text gallery-caption' id='gallery-2-13037'>\n\t\t\t\tScott Thiele\n\t\t\t\t<\/figcaption><\/figure>\n\t\t<\/div>\n\n<p>&nbsp;<\/p>\n<ul>\n<li>\n<p class=\"ds-markdown-paragraph\">Davide Mele y S\u00e9bastien Jacquet se incorporan al equipo, liderando Planificaci\u00f3n de Productos y Calidad, respectivamente.<\/p>\n<\/li>\n<li>\n<p class=\"ds-markdown-paragraph\">Scott Thiele unifica la Cadena de Suministro, antes dividida en \u00e1reas separadas.<\/p>\n<\/li>\n<\/ul>\n<p>&nbsp;<\/p>\n<div id='gallery-3' class='gallery galleryid-13031 gallery-columns-2 gallery-size-full'><figure class='gallery-item'>\n\t\t\t<div class='gallery-icon landscape'>\n\t\t\t\t<a href='https:\/\/autofans.com.ar\/index.php\/2025\/06\/24\/antonio-filosa-asume-como-ceo-de-stellantis\/oliver\/'><img loading=\"lazy\" width=\"1000\" height=\"667\" src=\"https:\/\/autofans.com.ar\/wp-content\/uploads\/2025\/06\/oliver.jpg\" class=\"attachment-full size-full\" alt=\"Stellantis\" aria-describedby=\"gallery-3-13038\" srcset=\"https:\/\/autofans.com.ar\/wp-content\/uploads\/2025\/06\/oliver.jpg 1000w, https:\/\/autofans.com.ar\/wp-content\/uploads\/2025\/06\/oliver-300x200.jpg 300w, https:\/\/autofans.com.ar\/wp-content\/uploads\/2025\/06\/oliver-768x512.jpg 768w\" sizes=\"auto, (max-width: 1000px) 100vw, 1000px\" loading=\"lazy\" decoding=\"async\" \/><\/a>\n\t\t\t<\/div>\n\t\t\t\t<figcaption class='wp-caption-text gallery-caption' id='gallery-3-13038'>\n\t\t\t\tOlivier Fran\u00e7ois\n\t\t\t\t<\/figcaption><\/figure><figure class='gallery-item'>\n\t\t\t<div class='gallery-icon landscape'>\n\t\t\t\t<a href='https:\/\/autofans.com.ar\/index.php\/2025\/06\/24\/antonio-filosa-asume-como-ceo-de-stellantis\/alison\/'><img loading=\"lazy\" width=\"1000\" height=\"667\" src=\"https:\/\/autofans.com.ar\/wp-content\/uploads\/2025\/06\/alison.jpg\" class=\"attachment-full size-full\" alt=\"alison\" aria-describedby=\"gallery-3-13044\" srcset=\"https:\/\/autofans.com.ar\/wp-content\/uploads\/2025\/06\/alison.jpg 1000w, https:\/\/autofans.com.ar\/wp-content\/uploads\/2025\/06\/alison-300x200.jpg 300w, https:\/\/autofans.com.ar\/wp-content\/uploads\/2025\/06\/alison-768x512.jpg 768w\" sizes=\"auto, (max-width: 1000px) 100vw, 1000px\" loading=\"lazy\" decoding=\"async\" \/><\/a>\n\t\t\t<\/div>\n\t\t\t\t<figcaption class='wp-caption-text gallery-caption' id='gallery-3-13044'>\n\t\t\t\tAlison Jones\n\t\t\t\t<\/figcaption><\/figure>\n\t\t<\/div>\n\n<p>&nbsp;<\/p>\n<p class=\"ds-markdown-paragraph\">Otros ejecutivos reportar\u00e1n directamente a Filosa, como Olivier Fran\u00e7ois (Marketing) y Alison Jones (Econom\u00eda Circular).<\/p>\n<p>&nbsp;<\/p>\n<blockquote>\n<p style=\"text-align: center;\">Antonio Filosa a\u00f1adi\u00f3: \u00abEl equipo que anuncio hoy se basa en todo lo mejor de Stellantis, l\u00edderes internos que aportan una mentalidad centrada en las personas, un profundo conocimiento de nuestras marcas, nuestros productos y nuestros clientes, la mejor experiencia de su clase y un esp\u00edritu emprendedor que ser\u00e1 vital para nuestro \u00e9xito. Todos compartimos un inmenso orgullo por nuestra historia y una dedicaci\u00f3n constante para construir nuestro futuro juntos, y en estrecha colaboraci\u00f3n con nuestros distribuidores, proveedores, socios y comunidades. Con el talento y la pasi\u00f3n de este equipo, aprovecharemos nuestras m\u00faltiples fortalezas para hacer de Stellantis uno de los ganadores en esta pr\u00f3xima era para nuestra empresa y nuestra industria.\u00bb<\/p>\n<\/blockquote>\n<p>&nbsp;<\/p>\n<h2>Stellantis &#8211; foco en las regiones y las marcas<\/h2>\n<p>&nbsp;<\/p>\n<figure id=\"attachment_13039\" aria-describedby=\"caption-attachment-13039\" style=\"width: 1000px\" class=\"wp-caption aligncenter\"><img fetchpriority=\"high\" decoding=\"async\" class=\"wp-image-13039 size-full\" src=\"https:\/\/autofans.com.ar\/wp-content\/uploads\/2025\/06\/antoine-2.jpg\" alt=\"Stellantis\" width=\"1000\" height=\"667\" srcset=\"https:\/\/autofans.com.ar\/wp-content\/uploads\/2025\/06\/antoine-2.jpg 1000w, https:\/\/autofans.com.ar\/wp-content\/uploads\/2025\/06\/antoine-2-300x200.jpg 300w, https:\/\/autofans.com.ar\/wp-content\/uploads\/2025\/06\/antoine-2-768x512.jpg 768w\" sizes=\"(max-width: 1000px) 100vw, 1000px\" \/><figcaption id=\"caption-attachment-13039\" class=\"wp-caption-text\">Antonio Filosa<\/figcaption><\/figure>\n<p>&nbsp;<\/p>\n<p class=\"ds-markdown-paragraph\">La estructura prioriza decisiones descentralizadas, con equipos cercanos a los mercados donde <a href=\"https:\/\/autofans.com.ar\/index.php\/2025\/05\/28\/antonio-filosa-es-el-nuevo-ceo-de-stellantis\/\" target=\"_blank\" rel=\"noopener\">Stellantis<\/a> opera. Am\u00e9rica del Sur gana peso con Cappellano, mientras Pro One busca consolidar el liderazgo en veh\u00edculos utilitarios.<\/p>\n<p>&nbsp;<\/p>\n<blockquote>\n<p style=\"text-align: center;\">Antonio Filosa concluy\u00f3: \u00abA medida que avanzamos hacia este pr\u00f3ximo cap\u00edtulo de nuestra historia de Stellantis, me gustar\u00eda aprovechar esta oportunidad para expresar mi m\u00e1s sincero agradecimiento a Maxime Picat y a B\u00e9atrice Foucher por sus notables contribuciones a Stellantis durante sus muchos a\u00f1os de servicio dedicado. Todos les deseamos lo mejor en sus proyectos futuros.\u00bb<\/p>\n<\/blockquote>\n<p>&nbsp;<\/p>\n<p>&nbsp;<\/p>\n<p>&nbsp;<\/p>\n<p><i>Para enterarte de m\u00e1s novedades, no dejes de leer\u00a0<\/i><a href=\"https:\/\/autofans.thebrandsoup.com\/\"><i>nuestras notas<\/i><\/a><i>, de ver\u00a0<\/i><a href=\"https:\/\/www.youtube.com\/channel\/UCgAC8UGHZYbT6P7PpmVnP7g\"><i>AUTOFANS TV<\/i><\/a><i>\u00a0en nuestro\u00a0canal de Youtube. Adem\u00e1s seguinos en\u00a0<\/i><a href=\"https:\/\/www.instagram.com\/autofanstv\/\"><i>INSTAGRAM<\/i><\/a><i> y <\/i><a href=\"https:\/\/www.facebook.com\/autofansmas\/\"><i>FACEBOOK<\/i><\/a><i> para no perderte nada sobre las novedades del segmento automotor de Argentina y el mundo.<\/i><\/p>\n","protected":false},"excerpt":{"rendered":"<p>Antonio Filosa asumi\u00f3 oficialmente como consejero delegado de Stellantis y anunci\u00f3 su equipo de liderazgo,&#8230;<\/p>\n","protected":false},"author":2,"featured_media":13040,"comment_status":"closed","ping_status":"closed","sticky":false,"template":"","format":"standard","meta":{"footnotes":""},"categories":[292,16],"tags":[6783,6133,6210,6921,6920,37,6922,444],"class_list":["post-13031","post","type-post","status-publish","format-standard","has-post-thumbnail","hentry","category-empresas","category-noticias","tag-antonio-filosa","tag-automotriz-argentina","tag-ceo-stellantis","tag-emanuele-cappellano","tag-equipo-directivo-stellantis","tag-stellantis","tag-stellantis-pro-one","tag-vehiculos-comerciales"],"yoast_head":"<!-- This site is optimized with the Yoast SEO plugin v27.5 - https:\/\/yoast.com\/product\/yoast-seo-wordpress\/ -->\n<title>Antonio Filosa asume como CEO de Stellantis -<\/title>\n<meta name=\"description\" content=\"Antonio Filosa asumi\u00f3 oficialmente como consejero delegado de Stellantis y anunci\u00f3 su equipo de liderazgo, con cambios estrat\u00e9gicos...\" \/>\n<meta name=\"robots\" content=\"index, follow, max-snippet:-1, max-image-preview:large, max-video-preview:-1\" \/>\n<link rel=\"canonical\" href=\"https:\/\/autofans.com.ar\/index.php\/2025\/06\/24\/antonio-filosa-asume-como-ceo-de-stellantis\/\" \/>\n<meta property=\"og:locale\" content=\"es_ES\" \/>\n<meta property=\"og:type\" content=\"article\" \/>\n<meta property=\"og:title\" content=\"Antonio Filosa asume como CEO de Stellantis -\" \/>\n<meta property=\"og:description\" content=\"Antonio Filosa asumi\u00f3 oficialmente como consejero delegado de Stellantis y anunci\u00f3 su equipo de liderazgo, con cambios estrat\u00e9gicos...\" \/>\n<meta property=\"og:url\" content=\"https:\/\/autofans.com.ar\/index.php\/2025\/06\/24\/antonio-filosa-asume-como-ceo-de-stellantis\/\" \/>\n<meta property=\"article:published_time\" content=\"2025-06-24T20:12:20+00:00\" \/>\n<meta property=\"og:image\" content=\"https:\/\/autofans.com.ar\/wp-content\/uploads\/2025\/06\/antoine-1.jpg\" \/>\n\t<meta property=\"og:image:width\" content=\"1000\" \/>\n\t<meta property=\"og:image:height\" content=\"667\" \/>\n\t<meta property=\"og:image:type\" content=\"image\/jpeg\" \/>\n<meta name=\"author\" content=\"Alejandro Gabriel Rosito\" \/>\n<meta name=\"twitter:card\" content=\"summary_large_image\" \/>\n<meta name=\"twitter:label1\" content=\"Escrito por\" \/>\n\t<meta name=\"twitter:data1\" content=\"Alejandro Gabriel Rosito\" \/>\n\t<meta name=\"twitter:label2\" content=\"Tiempo de lectura\" \/>\n\t<meta name=\"twitter:data2\" content=\"2 minutos\" \/>\n<script type=\"application\/ld+json\" class=\"yoast-schema-graph\">{\"@context\":\"https:\\\/\\\/schema.org\",\"@graph\":[{\"@type\":\"Article\",\"@id\":\"https:\\\/\\\/autofans.com.ar\\\/index.php\\\/2025\\\/06\\\/24\\\/antonio-filosa-asume-como-ceo-de-stellantis\\\/#article\",\"isPartOf\":{\"@id\":\"https:\\\/\\\/autofans.com.ar\\\/index.php\\\/2025\\\/06\\\/24\\\/antonio-filosa-asume-como-ceo-de-stellantis\\\/\"},\"author\":{\"name\":\"Alejandro Gabriel Rosito\",\"@id\":\"https:\\\/\\\/autofans.com.ar\\\/#\\\/schema\\\/person\\\/4a8dda0b6df83ac3d6723e921274c2aa\"},\"headline\":\"Antonio Filosa asume como CEO de Stellantis\",\"datePublished\":\"2025-06-24T20:12:20+00:00\",\"mainEntityOfPage\":{\"@id\":\"https:\\\/\\\/autofans.com.ar\\\/index.php\\\/2025\\\/06\\\/24\\\/antonio-filosa-asume-como-ceo-de-stellantis\\\/\"},\"wordCount\":514,\"image\":{\"@id\":\"https:\\\/\\\/autofans.com.ar\\\/index.php\\\/2025\\\/06\\\/24\\\/antonio-filosa-asume-como-ceo-de-stellantis\\\/#primaryimage\"},\"thumbnailUrl\":\"https:\\\/\\\/autofans.com.ar\\\/wp-content\\\/uploads\\\/2025\\\/06\\\/antoine-1.jpg\",\"keywords\":[\"Antonio Filosa\",\"automotriz Argentina\",\"CEO Stellantis\",\"Emanuele Cappellano\",\"equipo directivo Stellantis\",\"Stellantis\",\"Stellantis Pro One\",\"Veh\u00edculos Comerciales\"],\"articleSection\":[\"EMPRESAS\",\"NOTICIAS\"],\"inLanguage\":\"es\"},{\"@type\":\"WebPage\",\"@id\":\"https:\\\/\\\/autofans.com.ar\\\/index.php\\\/2025\\\/06\\\/24\\\/antonio-filosa-asume-como-ceo-de-stellantis\\\/\",\"url\":\"https:\\\/\\\/autofans.com.ar\\\/index.php\\\/2025\\\/06\\\/24\\\/antonio-filosa-asume-como-ceo-de-stellantis\\\/\",\"name\":\"Antonio Filosa asume como CEO de Stellantis -\",\"isPartOf\":{\"@id\":\"https:\\\/\\\/autofans.com.ar\\\/#website\"},\"primaryImageOfPage\":{\"@id\":\"https:\\\/\\\/autofans.com.ar\\\/index.php\\\/2025\\\/06\\\/24\\\/antonio-filosa-asume-como-ceo-de-stellantis\\\/#primaryimage\"},\"image\":{\"@id\":\"https:\\\/\\\/autofans.com.ar\\\/index.php\\\/2025\\\/06\\\/24\\\/antonio-filosa-asume-como-ceo-de-stellantis\\\/#primaryimage\"},\"thumbnailUrl\":\"https:\\\/\\\/autofans.com.ar\\\/wp-content\\\/uploads\\\/2025\\\/06\\\/antoine-1.jpg\",\"datePublished\":\"2025-06-24T20:12:20+00:00\",\"author\":{\"@id\":\"https:\\\/\\\/autofans.com.ar\\\/#\\\/schema\\\/person\\\/4a8dda0b6df83ac3d6723e921274c2aa\"},\"description\":\"Antonio Filosa asumi\u00f3 oficialmente como consejero delegado de Stellantis y anunci\u00f3 su equipo de liderazgo, con cambios estrat\u00e9gicos...\",\"breadcrumb\":{\"@id\":\"https:\\\/\\\/autofans.com.ar\\\/index.php\\\/2025\\\/06\\\/24\\\/antonio-filosa-asume-como-ceo-de-stellantis\\\/#breadcrumb\"},\"inLanguage\":\"es\",\"potentialAction\":[{\"@type\":\"ReadAction\",\"target\":[\"https:\\\/\\\/autofans.com.ar\\\/index.php\\\/2025\\\/06\\\/24\\\/antonio-filosa-asume-como-ceo-de-stellantis\\\/\"]}]},{\"@type\":\"ImageObject\",\"inLanguage\":\"es\",\"@id\":\"https:\\\/\\\/autofans.com.ar\\\/index.php\\\/2025\\\/06\\\/24\\\/antonio-filosa-asume-como-ceo-de-stellantis\\\/#primaryimage\",\"url\":\"https:\\\/\\\/autofans.com.ar\\\/wp-content\\\/uploads\\\/2025\\\/06\\\/antoine-1.jpg\",\"contentUrl\":\"https:\\\/\\\/autofans.com.ar\\\/wp-content\\\/uploads\\\/2025\\\/06\\\/antoine-1.jpg\",\"width\":1000,\"height\":667,\"caption\":\"Stellantis\"},{\"@type\":\"BreadcrumbList\",\"@id\":\"https:\\\/\\\/autofans.com.ar\\\/index.php\\\/2025\\\/06\\\/24\\\/antonio-filosa-asume-como-ceo-de-stellantis\\\/#breadcrumb\",\"itemListElement\":[{\"@type\":\"ListItem\",\"position\":1,\"name\":\"Inicio\",\"item\":\"https:\\\/\\\/autofans.com.ar\\\/\"},{\"@type\":\"ListItem\",\"position\":2,\"name\":\"Antonio Filosa asume como CEO de Stellantis\"}]},{\"@type\":\"WebSite\",\"@id\":\"https:\\\/\\\/autofans.com.ar\\\/#website\",\"url\":\"https:\\\/\\\/autofans.com.ar\\\/\",\"name\":\"\",\"description\":\"El multimedio referente de la industria automotriz\",\"potentialAction\":[{\"@type\":\"SearchAction\",\"target\":{\"@type\":\"EntryPoint\",\"urlTemplate\":\"https:\\\/\\\/autofans.com.ar\\\/?s={search_term_string}\"},\"query-input\":{\"@type\":\"PropertyValueSpecification\",\"valueRequired\":true,\"valueName\":\"search_term_string\"}}],\"inLanguage\":\"es\"},{\"@type\":\"Person\",\"@id\":\"https:\\\/\\\/autofans.com.ar\\\/#\\\/schema\\\/person\\\/4a8dda0b6df83ac3d6723e921274c2aa\",\"name\":\"Alejandro Gabriel Rosito\",\"image\":{\"@type\":\"ImageObject\",\"inLanguage\":\"es\",\"@id\":\"https:\\\/\\\/secure.gravatar.com\\\/avatar\\\/16c5dda1489adfc62618084dcbb91cffd879c374b13fe5dd8e44ed6733852c88?s=96&d=mm&r=g\",\"url\":\"https:\\\/\\\/secure.gravatar.com\\\/avatar\\\/16c5dda1489adfc62618084dcbb91cffd879c374b13fe5dd8e44ed6733852c88?s=96&d=mm&r=g\",\"contentUrl\":\"https:\\\/\\\/secure.gravatar.com\\\/avatar\\\/16c5dda1489adfc62618084dcbb91cffd879c374b13fe5dd8e44ed6733852c88?s=96&d=mm&r=g\",\"caption\":\"Alejandro Gabriel Rosito\"},\"url\":\"https:\\\/\\\/autofans.com.ar\\\/index.php\\\/author\\\/gabrielr\\\/\"}]}<\/script>\n<!-- \/ Yoast SEO plugin. -->","yoast_head_json":{"title":"Antonio Filosa asume como CEO de Stellantis -","description":"Antonio Filosa asumi\u00f3 oficialmente como consejero delegado de Stellantis y anunci\u00f3 su equipo de liderazgo, con cambios estrat\u00e9gicos...","robots":{"index":"index","follow":"follow","max-snippet":"max-snippet:-1","max-image-preview":"max-image-preview:large","max-video-preview":"max-video-preview:-1"},"canonical":"https:\/\/autofans.com.ar\/index.php\/2025\/06\/24\/antonio-filosa-asume-como-ceo-de-stellantis\/","og_locale":"es_ES","og_type":"article","og_title":"Antonio Filosa asume como CEO de Stellantis -","og_description":"Antonio Filosa asumi\u00f3 oficialmente como consejero delegado de Stellantis y anunci\u00f3 su equipo de liderazgo, con cambios estrat\u00e9gicos...","og_url":"https:\/\/autofans.com.ar\/index.php\/2025\/06\/24\/antonio-filosa-asume-como-ceo-de-stellantis\/","article_published_time":"2025-06-24T20:12:20+00:00","og_image":[{"width":1000,"height":667,"url":"https:\/\/autofans.com.ar\/wp-content\/uploads\/2025\/06\/antoine-1.jpg","type":"image\/jpeg"}],"author":"Alejandro Gabriel Rosito","twitter_card":"summary_large_image","twitter_misc":{"Escrito por":"Alejandro Gabriel Rosito","Tiempo de lectura":"2 minutos"},"schema":{"@context":"https:\/\/schema.org","@graph":[{"@type":"Article","@id":"https:\/\/autofans.com.ar\/index.php\/2025\/06\/24\/antonio-filosa-asume-como-ceo-de-stellantis\/#article","isPartOf":{"@id":"https:\/\/autofans.com.ar\/index.php\/2025\/06\/24\/antonio-filosa-asume-como-ceo-de-stellantis\/"},"author":{"name":"Alejandro Gabriel Rosito","@id":"https:\/\/autofans.com.ar\/#\/schema\/person\/4a8dda0b6df83ac3d6723e921274c2aa"},"headline":"Antonio Filosa asume como CEO de Stellantis","datePublished":"2025-06-24T20:12:20+00:00","mainEntityOfPage":{"@id":"https:\/\/autofans.com.ar\/index.php\/2025\/06\/24\/antonio-filosa-asume-como-ceo-de-stellantis\/"},"wordCount":514,"image":{"@id":"https:\/\/autofans.com.ar\/index.php\/2025\/06\/24\/antonio-filosa-asume-como-ceo-de-stellantis\/#primaryimage"},"thumbnailUrl":"https:\/\/autofans.com.ar\/wp-content\/uploads\/2025\/06\/antoine-1.jpg","keywords":["Antonio Filosa","automotriz Argentina","CEO Stellantis","Emanuele Cappellano","equipo directivo Stellantis","Stellantis","Stellantis Pro One","Veh\u00edculos Comerciales"],"articleSection":["EMPRESAS","NOTICIAS"],"inLanguage":"es"},{"@type":"WebPage","@id":"https:\/\/autofans.com.ar\/index.php\/2025\/06\/24\/antonio-filosa-asume-como-ceo-de-stellantis\/","url":"https:\/\/autofans.com.ar\/index.php\/2025\/06\/24\/antonio-filosa-asume-como-ceo-de-stellantis\/","name":"Antonio Filosa asume como CEO de Stellantis -","isPartOf":{"@id":"https:\/\/autofans.com.ar\/#website"},"primaryImageOfPage":{"@id":"https:\/\/autofans.com.ar\/index.php\/2025\/06\/24\/antonio-filosa-asume-como-ceo-de-stellantis\/#primaryimage"},"image":{"@id":"https:\/\/autofans.com.ar\/index.php\/2025\/06\/24\/antonio-filosa-asume-como-ceo-de-stellantis\/#primaryimage"},"thumbnailUrl":"https:\/\/autofans.com.ar\/wp-content\/uploads\/2025\/06\/antoine-1.jpg","datePublished":"2025-06-24T20:12:20+00:00","author":{"@id":"https:\/\/autofans.com.ar\/#\/schema\/person\/4a8dda0b6df83ac3d6723e921274c2aa"},"description":"Antonio Filosa asumi\u00f3 oficialmente como consejero delegado de Stellantis y anunci\u00f3 su equipo de liderazgo, con cambios estrat\u00e9gicos...","breadcrumb":{"@id":"https:\/\/autofans.com.ar\/index.php\/2025\/06\/24\/antonio-filosa-asume-como-ceo-de-stellantis\/#breadcrumb"},"inLanguage":"es","potentialAction":[{"@type":"ReadAction","target":["https:\/\/autofans.com.ar\/index.php\/2025\/06\/24\/antonio-filosa-asume-como-ceo-de-stellantis\/"]}]},{"@type":"ImageObject","inLanguage":"es","@id":"https:\/\/autofans.com.ar\/index.php\/2025\/06\/24\/antonio-filosa-asume-como-ceo-de-stellantis\/#primaryimage","url":"https:\/\/autofans.com.ar\/wp-content\/uploads\/2025\/06\/antoine-1.jpg","contentUrl":"https:\/\/autofans.com.ar\/wp-content\/uploads\/2025\/06\/antoine-1.jpg","width":1000,"height":667,"caption":"Stellantis"},{"@type":"BreadcrumbList","@id":"https:\/\/autofans.com.ar\/index.php\/2025\/06\/24\/antonio-filosa-asume-como-ceo-de-stellantis\/#breadcrumb","itemListElement":[{"@type":"ListItem","position":1,"name":"Inicio","item":"https:\/\/autofans.com.ar\/"},{"@type":"ListItem","position":2,"name":"Antonio Filosa asume como CEO de Stellantis"}]},{"@type":"WebSite","@id":"https:\/\/autofans.com.ar\/#website","url":"https:\/\/autofans.com.ar\/","name":"","description":"El multimedio referente de la industria automotriz","potentialAction":[{"@type":"SearchAction","target":{"@type":"EntryPoint","urlTemplate":"https:\/\/autofans.com.ar\/?s={search_term_string}"},"query-input":{"@type":"PropertyValueSpecification","valueRequired":true,"valueName":"search_term_string"}}],"inLanguage":"es"},{"@type":"Person","@id":"https:\/\/autofans.com.ar\/#\/schema\/person\/4a8dda0b6df83ac3d6723e921274c2aa","name":"Alejandro Gabriel Rosito","image":{"@type":"ImageObject","inLanguage":"es","@id":"https:\/\/secure.gravatar.com\/avatar\/16c5dda1489adfc62618084dcbb91cffd879c374b13fe5dd8e44ed6733852c88?s=96&d=mm&r=g","url":"https:\/\/secure.gravatar.com\/avatar\/16c5dda1489adfc62618084dcbb91cffd879c374b13fe5dd8e44ed6733852c88?s=96&d=mm&r=g","contentUrl":"https:\/\/secure.gravatar.com\/avatar\/16c5dda1489adfc62618084dcbb91cffd879c374b13fe5dd8e44ed6733852c88?s=96&d=mm&r=g","caption":"Alejandro Gabriel Rosito"},"url":"https:\/\/autofans.com.ar\/index.php\/author\/gabrielr\/"}]}},"featured_image_urls":{"full":["https:\/\/autofans.com.ar\/wp-content\/uploads\/2025\/06\/antoine-1.jpg",1000,667,false],"thumbnail":["https:\/\/autofans.com.ar\/wp-content\/uploads\/2025\/06\/antoine-1-150x150.jpg",150,150,true],"medium":["https:\/\/autofans.com.ar\/wp-content\/uploads\/2025\/06\/antoine-1-300x200.jpg",300,200,true],"medium_large":["https:\/\/autofans.com.ar\/wp-content\/uploads\/2025\/06\/antoine-1-768x512.jpg",640,427,true],"large":["https:\/\/autofans.com.ar\/wp-content\/uploads\/2025\/06\/antoine-1.jpg",640,427,false],"1536x1536":["https:\/\/autofans.com.ar\/wp-content\/uploads\/2025\/06\/antoine-1.jpg",1000,667,false],"2048x2048":["https:\/\/autofans.com.ar\/wp-content\/uploads\/2025\/06\/antoine-1.jpg",1000,667,false],"covernews-featured":["https:\/\/autofans.com.ar\/wp-content\/uploads\/2025\/06\/antoine-1.jpg",1000,667,false],"covernews-medium":["https:\/\/autofans.com.ar\/wp-content\/uploads\/2025\/06\/antoine-1-540x340.jpg",540,340,true]},"author_info":{"display_name":"Alejandro Gabriel Rosito","author_link":"https:\/\/autofans.com.ar\/index.php\/author\/gabrielr\/"},"category_info":"<a href=\"https:\/\/autofans.com.ar\/index.php\/category\/noticias\/empresas\/\" rel=\"category tag\">EMPRESAS<\/a> <a href=\"https:\/\/autofans.com.ar\/index.php\/category\/noticias\/\" rel=\"category tag\">NOTICIAS<\/a>","tag_info":"NOTICIAS","comment_count":0,"_links":{"self":[{"href":"https:\/\/autofans.com.ar\/index.php\/wp-json\/wp\/v2\/posts\/13031","targetHints":{"allow":["GET"]}}],"collection":[{"href":"https:\/\/autofans.com.ar\/index.php\/wp-json\/wp\/v2\/posts"}],"about":[{"href":"https:\/\/autofans.com.ar\/index.php\/wp-json\/wp\/v2\/types\/post"}],"author":[{"embeddable":true,"href":"https:\/\/autofans.com.ar\/index.php\/wp-json\/wp\/v2\/users\/2"}],"replies":[{"embeddable":true,"href":"https:\/\/autofans.com.ar\/index.php\/wp-json\/wp\/v2\/comments?post=13031"}],"version-history":[{"count":5,"href":"https:\/\/autofans.com.ar\/index.php\/wp-json\/wp\/v2\/posts\/13031\/revisions"}],"predecessor-version":[{"id":13046,"href":"https:\/\/autofans.com.ar\/index.php\/wp-json\/wp\/v2\/posts\/13031\/revisions\/13046"}],"wp:featuredmedia":[{"embeddable":true,"href":"https:\/\/autofans.com.ar\/index.php\/wp-json\/wp\/v2\/media\/13040"}],"wp:attachment":[{"href":"https:\/\/autofans.com.ar\/index.php\/wp-json\/wp\/v2\/media?parent=13031"}],"wp:term":[{"taxonomy":"category","embeddable":true,"href":"https:\/\/autofans.com.ar\/index.php\/wp-json\/wp\/v2\/categories?post=13031"},{"taxonomy":"post_tag","embeddable":true,"href":"https:\/\/autofans.com.ar\/index.php\/wp-json\/wp\/v2\/tags?post=13031"}],"curies":[{"name":"wp","href":"https:\/\/api.w.org\/{rel}","templated":true}]}}