{"id":13056,"date":"2025-06-25T14:04:58","date_gmt":"2025-06-25T17:04:58","guid":{"rendered":"https:\/\/autofans.com.ar\/?p=13056"},"modified":"2025-06-25T14:04:58","modified_gmt":"2025-06-25T17:04:58","slug":"general-motors-sudamerica-elige-a-gustavo-aguiar-como-su-cmo","status":"publish","type":"post","link":"https:\/\/autofans.com.ar\/index.php\/2025\/06\/25\/general-motors-sudamerica-elige-a-gustavo-aguiar-como-su-cmo\/","title":{"rendered":"General Motors Sudam\u00e9rica elige a Gustavo Aguiar como su CMO"},"content":{"rendered":"<p class=\"ds-markdown-paragraph\">General Motors Sudam\u00e9rica anunci\u00f3 el nombramiento de Gustavo Aguiar como su nuevo Chief Marketing Officer (CMO) a partir del 14 de julio. Con m\u00e1s de 20 a\u00f1os de experiencia, Aguiar tendr\u00e1 la misi\u00f3n de impulsar la transformaci\u00f3n digital y reforzar la relaci\u00f3n de la marca con los consumidores en la regi\u00f3n.<\/p>\n<p>&nbsp;<\/p>\n<h2>Trayectoria y experiencia clave<\/h2>\n<p class=\"ds-markdown-paragraph\">Aguiar se desempe\u00f1\u00f3 previamente como l\u00edder de marketing integrado en Nestl\u00e9 Brasil, donde impuls\u00f3 estrategias de branding, comunicaci\u00f3n y transformaci\u00f3n digital. Adem\u00e1s, trabaj\u00f3 en empresas como Tembici, 99 y Johnson &amp; Johnson, y fund\u00f3 agencias especializadas en tecnolog\u00eda.<\/p>\n<p class=\"ds-markdown-paragraph\">Su enfoque combina creatividad, ejecuci\u00f3n disciplinada y resultados medibles, lo que le vali\u00f3 reconocimientos como los premios Effie LATAM y Emmy Internacional.<\/p>\n<p>&nbsp;<\/p>\n<p><img fetchpriority=\"high\" decoding=\"async\" class=\"aligncenter wp-image-13058 size-full\" src=\"https:\/\/autofans.com.ar\/wp-content\/uploads\/2025\/06\/gm-1.jpg\" alt=\"General Motors\" width=\"1000\" height=\"667\" srcset=\"https:\/\/autofans.com.ar\/wp-content\/uploads\/2025\/06\/gm-1.jpg 1000w, https:\/\/autofans.com.ar\/wp-content\/uploads\/2025\/06\/gm-1-300x200.jpg 300w, https:\/\/autofans.com.ar\/wp-content\/uploads\/2025\/06\/gm-1-768x512.jpg 768w\" sizes=\"(max-width: 1000px) 100vw, 1000px\" \/><\/p>\n<p>&nbsp;<\/p>\n<h2>Objetivos en General Motors<\/h2>\n<p class=\"ds-markdown-paragraph\">Bajo su liderazgo, GM priorizar\u00e1:<\/p>\n<ul>\n<li>\n<p class=\"ds-markdown-paragraph\">Innovaci\u00f3n en movilidad<\/p>\n<\/li>\n<li>\n<p class=\"ds-markdown-paragraph\">Transformaci\u00f3n digital<\/p>\n<\/li>\n<li>\n<p class=\"ds-markdown-paragraph\">Relevancia de marca en el mercado sudamericano<\/p>\n<\/li>\n<\/ul>\n<p class=\"ds-markdown-paragraph\">Aguiar reportar\u00e1 directamente a Santiago Chamorro, presidente de <a href=\"https:\/\/autofans.com.ar\/index.php\/2024\/11\/25\/cambios-en-gm-argentina-andres-carfagna-toma-el-mando-comercial\/\" target=\"_blank\" rel=\"noopener\">GM<\/a> Sudam\u00e9rica, y de forma indirecta a Norm de Greve, CMO global de la automotriz.<\/p>\n<p>&nbsp;<\/p>\n<p>&nbsp;<\/p>\n<p>&nbsp;<\/p>\n<p><i>Para enterarte de m\u00e1s novedades, no dejes de leer\u00a0<\/i><a href=\"https:\/\/autofans.thebrandsoup.com\/\"><i>nuestras notas<\/i><\/a><i>, de ver\u00a0<\/i><a href=\"https:\/\/www.youtube.com\/channel\/UCgAC8UGHZYbT6P7PpmVnP7g\"><i>AUTOFANS TV<\/i><\/a><i>\u00a0en nuestro\u00a0canal de Youtube. Adem\u00e1s seguinos en\u00a0<\/i><a href=\"https:\/\/www.instagram.com\/autofanstv\/\"><i>INSTAGRAM<\/i><\/a><i> y <\/i><a href=\"https:\/\/www.facebook.com\/autofansmas\/\"><i>FACEBOOK<\/i><\/a><i> para no perderte nada sobre las novedades del segmento automotor de Argentina y el mundo.<\/i><\/p>\n","protected":false},"excerpt":{"rendered":"<p>General Motors Sudam\u00e9rica anunci\u00f3 el nombramiento de Gustavo Aguiar como su nuevo Chief Marketing Officer&#8230;<\/p>\n","protected":false},"author":2,"featured_media":13057,"comment_status":"closed","ping_status":"closed","sticky":false,"template":"","format":"standard","meta":{"footnotes":""},"categories":[292,16],"tags":[6929,377,435,6928,6930,564,2340],"class_list":["post-13056","post","type-post","status-publish","format-standard","has-post-thumbnail","hentry","category-empresas","category-noticias","tag-cmo-america-del-sur","tag-general-motors","tag-gm-sudamerica","tag-gustavo-aguiar","tag-innovacion-en-movilidad","tag-marketing-automotriz","tag-transformacion-digital"],"yoast_head":"<!-- This site is optimized with the Yoast SEO plugin v27.5 - https:\/\/yoast.com\/product\/yoast-seo-wordpress\/ -->\n<title>General Motors Sudam\u00e9rica elige a Gustavo Aguiar como su CMO -<\/title>\n<meta name=\"description\" content=\"General Motors Sudam\u00e9rica anunci\u00f3 el nombramiento de Gustavo Aguiar como su nuevo Chief Marketing Officer (CMO) a partir del 14 de julio...\" \/>\n<meta name=\"robots\" content=\"index, follow, max-snippet:-1, max-image-preview:large, max-video-preview:-1\" \/>\n<link rel=\"canonical\" href=\"https:\/\/autofans.com.ar\/index.php\/2025\/06\/25\/general-motors-sudamerica-elige-a-gustavo-aguiar-como-su-cmo\/\" \/>\n<meta property=\"og:locale\" content=\"es_ES\" \/>\n<meta property=\"og:type\" content=\"article\" \/>\n<meta property=\"og:title\" content=\"General Motors Sudam\u00e9rica elige a Gustavo Aguiar como su CMO -\" \/>\n<meta property=\"og:description\" content=\"General Motors Sudam\u00e9rica anunci\u00f3 el nombramiento de Gustavo Aguiar como su nuevo Chief Marketing Officer (CMO) a partir del 14 de julio...\" \/>\n<meta property=\"og:url\" content=\"https:\/\/autofans.com.ar\/index.php\/2025\/06\/25\/general-motors-sudamerica-elige-a-gustavo-aguiar-como-su-cmo\/\" \/>\n<meta property=\"article:published_time\" content=\"2025-06-25T17:04:58+00:00\" \/>\n<meta property=\"og:image\" content=\"https:\/\/autofans.com.ar\/wp-content\/uploads\/2025\/06\/gm-2.jpg\" \/>\n\t<meta property=\"og:image:width\" content=\"1000\" \/>\n\t<meta property=\"og:image:height\" content=\"667\" \/>\n\t<meta property=\"og:image:type\" content=\"image\/jpeg\" \/>\n<meta name=\"author\" content=\"Alejandro Gabriel Rosito\" \/>\n<meta name=\"twitter:card\" content=\"summary_large_image\" \/>\n<meta name=\"twitter:label1\" content=\"Escrito por\" \/>\n\t<meta name=\"twitter:data1\" content=\"Alejandro Gabriel Rosito\" \/>\n\t<meta name=\"twitter:label2\" content=\"Tiempo de lectura\" \/>\n\t<meta name=\"twitter:data2\" content=\"2 minutos\" \/>\n<script type=\"application\/ld+json\" class=\"yoast-schema-graph\">{\"@context\":\"https:\\\/\\\/schema.org\",\"@graph\":[{\"@type\":\"Article\",\"@id\":\"https:\\\/\\\/autofans.com.ar\\\/index.php\\\/2025\\\/06\\\/25\\\/general-motors-sudamerica-elige-a-gustavo-aguiar-como-su-cmo\\\/#article\",\"isPartOf\":{\"@id\":\"https:\\\/\\\/autofans.com.ar\\\/index.php\\\/2025\\\/06\\\/25\\\/general-motors-sudamerica-elige-a-gustavo-aguiar-como-su-cmo\\\/\"},\"author\":{\"name\":\"Alejandro Gabriel Rosito\",\"@id\":\"https:\\\/\\\/autofans.com.ar\\\/#\\\/schema\\\/person\\\/4a8dda0b6df83ac3d6723e921274c2aa\"},\"headline\":\"General Motors Sudam\u00e9rica elige a Gustavo Aguiar como su CMO\",\"datePublished\":\"2025-06-25T17:04:58+00:00\",\"mainEntityOfPage\":{\"@id\":\"https:\\\/\\\/autofans.com.ar\\\/index.php\\\/2025\\\/06\\\/25\\\/general-motors-sudamerica-elige-a-gustavo-aguiar-como-su-cmo\\\/\"},\"wordCount\":232,\"image\":{\"@id\":\"https:\\\/\\\/autofans.com.ar\\\/index.php\\\/2025\\\/06\\\/25\\\/general-motors-sudamerica-elige-a-gustavo-aguiar-como-su-cmo\\\/#primaryimage\"},\"thumbnailUrl\":\"https:\\\/\\\/autofans.com.ar\\\/wp-content\\\/uploads\\\/2025\\\/06\\\/gm-2.jpg\",\"keywords\":[\"CMO Am\u00e9rica del Sur\",\"General Motors\",\"GM Sudam\u00e9rica\",\"Gustavo Aguiar\",\"innovaci\u00f3n en movilidad\",\"marketing automotriz\",\"Transformaci\u00f3n digital\"],\"articleSection\":[\"EMPRESAS\",\"NOTICIAS\"],\"inLanguage\":\"es\"},{\"@type\":\"WebPage\",\"@id\":\"https:\\\/\\\/autofans.com.ar\\\/index.php\\\/2025\\\/06\\\/25\\\/general-motors-sudamerica-elige-a-gustavo-aguiar-como-su-cmo\\\/\",\"url\":\"https:\\\/\\\/autofans.com.ar\\\/index.php\\\/2025\\\/06\\\/25\\\/general-motors-sudamerica-elige-a-gustavo-aguiar-como-su-cmo\\\/\",\"name\":\"General Motors Sudam\u00e9rica elige a Gustavo Aguiar como su CMO -\",\"isPartOf\":{\"@id\":\"https:\\\/\\\/autofans.com.ar\\\/#website\"},\"primaryImageOfPage\":{\"@id\":\"https:\\\/\\\/autofans.com.ar\\\/index.php\\\/2025\\\/06\\\/25\\\/general-motors-sudamerica-elige-a-gustavo-aguiar-como-su-cmo\\\/#primaryimage\"},\"image\":{\"@id\":\"https:\\\/\\\/autofans.com.ar\\\/index.php\\\/2025\\\/06\\\/25\\\/general-motors-sudamerica-elige-a-gustavo-aguiar-como-su-cmo\\\/#primaryimage\"},\"thumbnailUrl\":\"https:\\\/\\\/autofans.com.ar\\\/wp-content\\\/uploads\\\/2025\\\/06\\\/gm-2.jpg\",\"datePublished\":\"2025-06-25T17:04:58+00:00\",\"author\":{\"@id\":\"https:\\\/\\\/autofans.com.ar\\\/#\\\/schema\\\/person\\\/4a8dda0b6df83ac3d6723e921274c2aa\"},\"description\":\"General Motors Sudam\u00e9rica anunci\u00f3 el nombramiento de Gustavo Aguiar como su nuevo Chief Marketing Officer (CMO) a partir del 14 de julio...\",\"breadcrumb\":{\"@id\":\"https:\\\/\\\/autofans.com.ar\\\/index.php\\\/2025\\\/06\\\/25\\\/general-motors-sudamerica-elige-a-gustavo-aguiar-como-su-cmo\\\/#breadcrumb\"},\"inLanguage\":\"es\",\"potentialAction\":[{\"@type\":\"ReadAction\",\"target\":[\"https:\\\/\\\/autofans.com.ar\\\/index.php\\\/2025\\\/06\\\/25\\\/general-motors-sudamerica-elige-a-gustavo-aguiar-como-su-cmo\\\/\"]}]},{\"@type\":\"ImageObject\",\"inLanguage\":\"es\",\"@id\":\"https:\\\/\\\/autofans.com.ar\\\/index.php\\\/2025\\\/06\\\/25\\\/general-motors-sudamerica-elige-a-gustavo-aguiar-como-su-cmo\\\/#primaryimage\",\"url\":\"https:\\\/\\\/autofans.com.ar\\\/wp-content\\\/uploads\\\/2025\\\/06\\\/gm-2.jpg\",\"contentUrl\":\"https:\\\/\\\/autofans.com.ar\\\/wp-content\\\/uploads\\\/2025\\\/06\\\/gm-2.jpg\",\"width\":1000,\"height\":667,\"caption\":\"General Motors\"},{\"@type\":\"BreadcrumbList\",\"@id\":\"https:\\\/\\\/autofans.com.ar\\\/index.php\\\/2025\\\/06\\\/25\\\/general-motors-sudamerica-elige-a-gustavo-aguiar-como-su-cmo\\\/#breadcrumb\",\"itemListElement\":[{\"@type\":\"ListItem\",\"position\":1,\"name\":\"Inicio\",\"item\":\"https:\\\/\\\/autofans.com.ar\\\/\"},{\"@type\":\"ListItem\",\"position\":2,\"name\":\"General Motors Sudam\u00e9rica elige a Gustavo Aguiar como su CMO\"}]},{\"@type\":\"WebSite\",\"@id\":\"https:\\\/\\\/autofans.com.ar\\\/#website\",\"url\":\"https:\\\/\\\/autofans.com.ar\\\/\",\"name\":\"\",\"description\":\"El multimedio referente de la industria automotriz\",\"potentialAction\":[{\"@type\":\"SearchAction\",\"target\":{\"@type\":\"EntryPoint\",\"urlTemplate\":\"https:\\\/\\\/autofans.com.ar\\\/?s={search_term_string}\"},\"query-input\":{\"@type\":\"PropertyValueSpecification\",\"valueRequired\":true,\"valueName\":\"search_term_string\"}}],\"inLanguage\":\"es\"},{\"@type\":\"Person\",\"@id\":\"https:\\\/\\\/autofans.com.ar\\\/#\\\/schema\\\/person\\\/4a8dda0b6df83ac3d6723e921274c2aa\",\"name\":\"Alejandro Gabriel Rosito\",\"image\":{\"@type\":\"ImageObject\",\"inLanguage\":\"es\",\"@id\":\"https:\\\/\\\/secure.gravatar.com\\\/avatar\\\/16c5dda1489adfc62618084dcbb91cffd879c374b13fe5dd8e44ed6733852c88?s=96&d=mm&r=g\",\"url\":\"https:\\\/\\\/secure.gravatar.com\\\/avatar\\\/16c5dda1489adfc62618084dcbb91cffd879c374b13fe5dd8e44ed6733852c88?s=96&d=mm&r=g\",\"contentUrl\":\"https:\\\/\\\/secure.gravatar.com\\\/avatar\\\/16c5dda1489adfc62618084dcbb91cffd879c374b13fe5dd8e44ed6733852c88?s=96&d=mm&r=g\",\"caption\":\"Alejandro Gabriel Rosito\"},\"url\":\"https:\\\/\\\/autofans.com.ar\\\/index.php\\\/author\\\/gabrielr\\\/\"}]}<\/script>\n<!-- \/ Yoast SEO plugin. -->","yoast_head_json":{"title":"General Motors Sudam\u00e9rica elige a Gustavo Aguiar como su CMO -","description":"General Motors Sudam\u00e9rica anunci\u00f3 el nombramiento de Gustavo Aguiar como su nuevo Chief Marketing Officer (CMO) a partir del 14 de julio...","robots":{"index":"index","follow":"follow","max-snippet":"max-snippet:-1","max-image-preview":"max-image-preview:large","max-video-preview":"max-video-preview:-1"},"canonical":"https:\/\/autofans.com.ar\/index.php\/2025\/06\/25\/general-motors-sudamerica-elige-a-gustavo-aguiar-como-su-cmo\/","og_locale":"es_ES","og_type":"article","og_title":"General Motors Sudam\u00e9rica elige a Gustavo Aguiar como su CMO -","og_description":"General Motors Sudam\u00e9rica anunci\u00f3 el nombramiento de Gustavo Aguiar como su nuevo Chief Marketing Officer (CMO) a partir del 14 de julio...","og_url":"https:\/\/autofans.com.ar\/index.php\/2025\/06\/25\/general-motors-sudamerica-elige-a-gustavo-aguiar-como-su-cmo\/","article_published_time":"2025-06-25T17:04:58+00:00","og_image":[{"width":1000,"height":667,"url":"https:\/\/autofans.com.ar\/wp-content\/uploads\/2025\/06\/gm-2.jpg","type":"image\/jpeg"}],"author":"Alejandro Gabriel Rosito","twitter_card":"summary_large_image","twitter_misc":{"Escrito por":"Alejandro Gabriel Rosito","Tiempo de lectura":"2 minutos"},"schema":{"@context":"https:\/\/schema.org","@graph":[{"@type":"Article","@id":"https:\/\/autofans.com.ar\/index.php\/2025\/06\/25\/general-motors-sudamerica-elige-a-gustavo-aguiar-como-su-cmo\/#article","isPartOf":{"@id":"https:\/\/autofans.com.ar\/index.php\/2025\/06\/25\/general-motors-sudamerica-elige-a-gustavo-aguiar-como-su-cmo\/"},"author":{"name":"Alejandro Gabriel Rosito","@id":"https:\/\/autofans.com.ar\/#\/schema\/person\/4a8dda0b6df83ac3d6723e921274c2aa"},"headline":"General Motors Sudam\u00e9rica elige a Gustavo Aguiar como su CMO","datePublished":"2025-06-25T17:04:58+00:00","mainEntityOfPage":{"@id":"https:\/\/autofans.com.ar\/index.php\/2025\/06\/25\/general-motors-sudamerica-elige-a-gustavo-aguiar-como-su-cmo\/"},"wordCount":232,"image":{"@id":"https:\/\/autofans.com.ar\/index.php\/2025\/06\/25\/general-motors-sudamerica-elige-a-gustavo-aguiar-como-su-cmo\/#primaryimage"},"thumbnailUrl":"https:\/\/autofans.com.ar\/wp-content\/uploads\/2025\/06\/gm-2.jpg","keywords":["CMO Am\u00e9rica del Sur","General Motors","GM Sudam\u00e9rica","Gustavo Aguiar","innovaci\u00f3n en movilidad","marketing automotriz","Transformaci\u00f3n digital"],"articleSection":["EMPRESAS","NOTICIAS"],"inLanguage":"es"},{"@type":"WebPage","@id":"https:\/\/autofans.com.ar\/index.php\/2025\/06\/25\/general-motors-sudamerica-elige-a-gustavo-aguiar-como-su-cmo\/","url":"https:\/\/autofans.com.ar\/index.php\/2025\/06\/25\/general-motors-sudamerica-elige-a-gustavo-aguiar-como-su-cmo\/","name":"General Motors Sudam\u00e9rica elige a Gustavo Aguiar como su CMO -","isPartOf":{"@id":"https:\/\/autofans.com.ar\/#website"},"primaryImageOfPage":{"@id":"https:\/\/autofans.com.ar\/index.php\/2025\/06\/25\/general-motors-sudamerica-elige-a-gustavo-aguiar-como-su-cmo\/#primaryimage"},"image":{"@id":"https:\/\/autofans.com.ar\/index.php\/2025\/06\/25\/general-motors-sudamerica-elige-a-gustavo-aguiar-como-su-cmo\/#primaryimage"},"thumbnailUrl":"https:\/\/autofans.com.ar\/wp-content\/uploads\/2025\/06\/gm-2.jpg","datePublished":"2025-06-25T17:04:58+00:00","author":{"@id":"https:\/\/autofans.com.ar\/#\/schema\/person\/4a8dda0b6df83ac3d6723e921274c2aa"},"description":"General Motors Sudam\u00e9rica anunci\u00f3 el nombramiento de Gustavo Aguiar como su nuevo Chief Marketing Officer (CMO) a partir del 14 de julio...","breadcrumb":{"@id":"https:\/\/autofans.com.ar\/index.php\/2025\/06\/25\/general-motors-sudamerica-elige-a-gustavo-aguiar-como-su-cmo\/#breadcrumb"},"inLanguage":"es","potentialAction":[{"@type":"ReadAction","target":["https:\/\/autofans.com.ar\/index.php\/2025\/06\/25\/general-motors-sudamerica-elige-a-gustavo-aguiar-como-su-cmo\/"]}]},{"@type":"ImageObject","inLanguage":"es","@id":"https:\/\/autofans.com.ar\/index.php\/2025\/06\/25\/general-motors-sudamerica-elige-a-gustavo-aguiar-como-su-cmo\/#primaryimage","url":"https:\/\/autofans.com.ar\/wp-content\/uploads\/2025\/06\/gm-2.jpg","contentUrl":"https:\/\/autofans.com.ar\/wp-content\/uploads\/2025\/06\/gm-2.jpg","width":1000,"height":667,"caption":"General Motors"},{"@type":"BreadcrumbList","@id":"https:\/\/autofans.com.ar\/index.php\/2025\/06\/25\/general-motors-sudamerica-elige-a-gustavo-aguiar-como-su-cmo\/#breadcrumb","itemListElement":[{"@type":"ListItem","position":1,"name":"Inicio","item":"https:\/\/autofans.com.ar\/"},{"@type":"ListItem","position":2,"name":"General Motors Sudam\u00e9rica elige a Gustavo Aguiar como su CMO"}]},{"@type":"WebSite","@id":"https:\/\/autofans.com.ar\/#website","url":"https:\/\/autofans.com.ar\/","name":"","description":"El multimedio referente de la industria automotriz","potentialAction":[{"@type":"SearchAction","target":{"@type":"EntryPoint","urlTemplate":"https:\/\/autofans.com.ar\/?s={search_term_string}"},"query-input":{"@type":"PropertyValueSpecification","valueRequired":true,"valueName":"search_term_string"}}],"inLanguage":"es"},{"@type":"Person","@id":"https:\/\/autofans.com.ar\/#\/schema\/person\/4a8dda0b6df83ac3d6723e921274c2aa","name":"Alejandro Gabriel Rosito","image":{"@type":"ImageObject","inLanguage":"es","@id":"https:\/\/secure.gravatar.com\/avatar\/16c5dda1489adfc62618084dcbb91cffd879c374b13fe5dd8e44ed6733852c88?s=96&d=mm&r=g","url":"https:\/\/secure.gravatar.com\/avatar\/16c5dda1489adfc62618084dcbb91cffd879c374b13fe5dd8e44ed6733852c88?s=96&d=mm&r=g","contentUrl":"https:\/\/secure.gravatar.com\/avatar\/16c5dda1489adfc62618084dcbb91cffd879c374b13fe5dd8e44ed6733852c88?s=96&d=mm&r=g","caption":"Alejandro Gabriel Rosito"},"url":"https:\/\/autofans.com.ar\/index.php\/author\/gabrielr\/"}]}},"featured_image_urls":{"full":["https:\/\/autofans.com.ar\/wp-content\/uploads\/2025\/06\/gm-2.jpg",1000,667,false],"thumbnail":["https:\/\/autofans.com.ar\/wp-content\/uploads\/2025\/06\/gm-2-150x150.jpg",150,150,true],"medium":["https:\/\/autofans.com.ar\/wp-content\/uploads\/2025\/06\/gm-2-300x200.jpg",300,200,true],"medium_large":["https:\/\/autofans.com.ar\/wp-content\/uploads\/2025\/06\/gm-2-768x512.jpg",640,427,true],"large":["https:\/\/autofans.com.ar\/wp-content\/uploads\/2025\/06\/gm-2.jpg",640,427,false],"1536x1536":["https:\/\/autofans.com.ar\/wp-content\/uploads\/2025\/06\/gm-2.jpg",1000,667,false],"2048x2048":["https:\/\/autofans.com.ar\/wp-content\/uploads\/2025\/06\/gm-2.jpg",1000,667,false],"covernews-featured":["https:\/\/autofans.com.ar\/wp-content\/uploads\/2025\/06\/gm-2.jpg",1000,667,false],"covernews-medium":["https:\/\/autofans.com.ar\/wp-content\/uploads\/2025\/06\/gm-2-540x340.jpg",540,340,true]},"author_info":{"display_name":"Alejandro Gabriel Rosito","author_link":"https:\/\/autofans.com.ar\/index.php\/author\/gabrielr\/"},"category_info":"<a href=\"https:\/\/autofans.com.ar\/index.php\/category\/noticias\/empresas\/\" rel=\"category tag\">EMPRESAS<\/a> <a href=\"https:\/\/autofans.com.ar\/index.php\/category\/noticias\/\" rel=\"category tag\">NOTICIAS<\/a>","tag_info":"NOTICIAS","comment_count":0,"_links":{"self":[{"href":"https:\/\/autofans.com.ar\/index.php\/wp-json\/wp\/v2\/posts\/13056","targetHints":{"allow":["GET"]}}],"collection":[{"href":"https:\/\/autofans.com.ar\/index.php\/wp-json\/wp\/v2\/posts"}],"about":[{"href":"https:\/\/autofans.com.ar\/index.php\/wp-json\/wp\/v2\/types\/post"}],"author":[{"embeddable":true,"href":"https:\/\/autofans.com.ar\/index.php\/wp-json\/wp\/v2\/users\/2"}],"replies":[{"embeddable":true,"href":"https:\/\/autofans.com.ar\/index.php\/wp-json\/wp\/v2\/comments?post=13056"}],"version-history":[{"count":2,"href":"https:\/\/autofans.com.ar\/index.php\/wp-json\/wp\/v2\/posts\/13056\/revisions"}],"predecessor-version":[{"id":13060,"href":"https:\/\/autofans.com.ar\/index.php\/wp-json\/wp\/v2\/posts\/13056\/revisions\/13060"}],"wp:featuredmedia":[{"embeddable":true,"href":"https:\/\/autofans.com.ar\/index.php\/wp-json\/wp\/v2\/media\/13057"}],"wp:attachment":[{"href":"https:\/\/autofans.com.ar\/index.php\/wp-json\/wp\/v2\/media?parent=13056"}],"wp:term":[{"taxonomy":"category","embeddable":true,"href":"https:\/\/autofans.com.ar\/index.php\/wp-json\/wp\/v2\/categories?post=13056"},{"taxonomy":"post_tag","embeddable":true,"href":"https:\/\/autofans.com.ar\/index.php\/wp-json\/wp\/v2\/tags?post=13056"}],"curies":[{"name":"wp","href":"https:\/\/api.w.org\/{rel}","templated":true}]}}