{"id":13061,"date":"2025-06-25T21:41:31","date_gmt":"2025-06-26T00:41:31","guid":{"rendered":"https:\/\/autofans.com.ar\/?p=13061"},"modified":"2025-06-25T21:41:31","modified_gmt":"2025-06-26T00:41:31","slug":"motoplex-desembarca-en-quilmes","status":"publish","type":"post","link":"https:\/\/autofans.com.ar\/index.php\/2025\/06\/25\/motoplex-desembarca-en-quilmes\/","title":{"rendered":"MOTOPLEX desembarca en Quilmes"},"content":{"rendered":"<p class=\"ds-markdown-paragraph\">MOTOPLEX sigue expandi\u00e9ndose en Argentina con la inauguraci\u00f3n de su noveno concesionario, esta vez en Quilmes. El local, operado por \u201c999 Motos\u201d bajo la direcci\u00f3n de Miguel Gar\u00f3falo y su hijo Juli\u00e1n, refuerza la presencia de las marcas italianas Moto Guzzi, Vespa, Aprilia y Piaggio en el pa\u00eds.<\/p>\n<p>&nbsp;<\/p>\n<blockquote>\n<p style=\"font-weight: 400; text-align: center;\">\u201cDesde Grupo Simpa celebramos la apertura de MOTOPLEX Quilmes, con identidad, crecimiento y una comunidad apasionada por las motos. Este nuevo espacio refuerza nuestro compromiso de acercar marcas italianas ic\u00f3nicas como Vespa, Aprilia, Moto Guzzi y Piaggio cada vez a m\u00e1s usuarios.\u00a0 Marcas con historia, dise\u00f1o, innovaci\u00f3n y un esp\u00edritu \u00fanico, que hoy se hacen presentes en este nuevo punto del pa\u00eds.\u201d, enfatiz\u00f3 Juan Mart\u00edn Ugalde, responsable de Customer Experience del Grupo Simpa S.A..<\/p>\n<\/blockquote>\n<p>&nbsp;<\/p>\n<h2>MOTOPLEX Quilmes &#8211; un showroom premium<\/h2>\n<p class=\"ds-markdown-paragraph\">Ubicado en V\u00e9lez Sarsfield, cerca de Av. 12 de Octubre, el showroom de 275 m\u00b2 combina un dise\u00f1o moderno con servicios especializados. Los clientes encontrar\u00e1n modelos destacados como:<\/p>\n<p>&nbsp;<\/p>\n<div id='gallery-1' class='gallery galleryid-13061 gallery-columns-3 gallery-size-full'><figure class='gallery-item'>\n\t\t\t<div class='gallery-icon landscape'>\n\t\t\t\t<a href='https:\/\/autofans.com.ar\/index.php\/2025\/06\/25\/motoplex-desembarca-en-quilmes\/moto-2-10\/'><img loading=\"lazy\" width=\"1000\" height=\"667\" src=\"https:\/\/autofans.com.ar\/wp-content\/uploads\/2025\/06\/moto-2-2.jpg\" class=\"attachment-full size-full\" alt=\"MOTOPLEX\" srcset=\"https:\/\/autofans.com.ar\/wp-content\/uploads\/2025\/06\/moto-2-2.jpg 1000w, https:\/\/autofans.com.ar\/wp-content\/uploads\/2025\/06\/moto-2-2-300x200.jpg 300w, https:\/\/autofans.com.ar\/wp-content\/uploads\/2025\/06\/moto-2-2-768x512.jpg 768w\" sizes=\"auto, (max-width: 1000px) 100vw, 1000px\" loading=\"lazy\" decoding=\"async\" \/><\/a>\n\t\t\t<\/div><\/figure><figure class='gallery-item'>\n\t\t\t<div class='gallery-icon landscape'>\n\t\t\t\t<a href='https:\/\/autofans.com.ar\/index.php\/2025\/06\/25\/motoplex-desembarca-en-quilmes\/moto-3-7\/'><img loading=\"lazy\" width=\"1000\" height=\"667\" src=\"https:\/\/autofans.com.ar\/wp-content\/uploads\/2025\/06\/moto-3-2.jpg\" class=\"attachment-full size-full\" alt=\"MOTOPLEX\" srcset=\"https:\/\/autofans.com.ar\/wp-content\/uploads\/2025\/06\/moto-3-2.jpg 1000w, https:\/\/autofans.com.ar\/wp-content\/uploads\/2025\/06\/moto-3-2-300x200.jpg 300w, https:\/\/autofans.com.ar\/wp-content\/uploads\/2025\/06\/moto-3-2-768x512.jpg 768w\" sizes=\"auto, (max-width: 1000px) 100vw, 1000px\" loading=\"lazy\" decoding=\"async\" \/><\/a>\n\t\t\t<\/div><\/figure><figure class='gallery-item'>\n\t\t\t<div class='gallery-icon landscape'>\n\t\t\t\t<a href='https:\/\/autofans.com.ar\/index.php\/2025\/06\/25\/motoplex-desembarca-en-quilmes\/moto-5-3\/'><img loading=\"lazy\" width=\"1000\" height=\"667\" src=\"https:\/\/autofans.com.ar\/wp-content\/uploads\/2025\/06\/moto-5.jpg\" class=\"attachment-full size-full\" alt=\"MOTOPLEX\" srcset=\"https:\/\/autofans.com.ar\/wp-content\/uploads\/2025\/06\/moto-5.jpg 1000w, https:\/\/autofans.com.ar\/wp-content\/uploads\/2025\/06\/moto-5-300x200.jpg 300w, https:\/\/autofans.com.ar\/wp-content\/uploads\/2025\/06\/moto-5-768x512.jpg 768w\" sizes=\"auto, (max-width: 1000px) 100vw, 1000px\" loading=\"lazy\" decoding=\"async\" \/><\/a>\n\t\t\t<\/div><\/figure>\n\t\t<\/div>\n\n<p>&nbsp;<\/p>\n<ul>\n<li>\n<p class=\"ds-markdown-paragraph\">Moto Guzzi: V7 Stone, V85TT y Stelvio.<\/p>\n<\/li>\n<li>\n<p class=\"ds-markdown-paragraph\">Vespa: GTS 300 y VXL 150.<\/p>\n<\/li>\n<li>\n<p class=\"ds-markdown-paragraph\">Aprilia: Tuareg 660 y SR160.<\/p>\n<\/li>\n<li>\n<p class=\"ds-markdown-paragraph\">Piaggio: Beverly 400.<\/p>\n<\/li>\n<\/ul>\n<p>&nbsp;<\/p>\n<h2>Servicio completo para moteros<\/h2>\n<p>&nbsp;<\/p>\n<figure id=\"attachment_13067\" aria-describedby=\"caption-attachment-13067\" style=\"width: 1000px\" class=\"wp-caption aligncenter\"><img fetchpriority=\"high\" decoding=\"async\" class=\"wp-image-13067 size-full\" src=\"https:\/\/autofans.com.ar\/wp-content\/uploads\/2025\/06\/moto-1-2.jpg\" alt=\"MOTOPLEX\" width=\"1000\" height=\"667\" srcset=\"https:\/\/autofans.com.ar\/wp-content\/uploads\/2025\/06\/moto-1-2.jpg 1000w, https:\/\/autofans.com.ar\/wp-content\/uploads\/2025\/06\/moto-1-2-300x200.jpg 300w, https:\/\/autofans.com.ar\/wp-content\/uploads\/2025\/06\/moto-1-2-768x512.jpg 768w\" sizes=\"(max-width: 1000px) 100vw, 1000px\" \/><figcaption id=\"caption-attachment-13067\" class=\"wp-caption-text\">MOTOPLEX corte de cintas nuevo concesionario Quilmes &#8211; Juan Mart\u00edn Ugalde de Grupo Simpa y Juli\u00e1n Gar\u00f3falo socio de 999 Motos<\/figcaption><\/figure>\n<p>&nbsp;<\/p>\n<p class=\"ds-markdown-paragraph\">Adem\u00e1s del \u00e1rea de exhibici\u00f3n, el concesionario ofrece posventa con herramientas especializadas, asesoramiento personalizado y lavadero. El horario de atenci\u00f3n es de lunes a viernes de 10 a 18 h y s\u00e1bados de 9 a 14 h.<\/p>\n<p class=\"ds-markdown-paragraph\">Con esta apertura, MOTOPLEX consolida su propuesta como referente en motos premium, fusionando estilo italiano con experiencia integral para los amantes de las dos ruedas.<\/p>\n<p>&nbsp;<\/p>\n<blockquote>\n<p style=\"text-align: center;\">Por su parte, Juli\u00e1n Gar\u00f3falo, responsable de \u201c999 Motos\u201d -socios del nuevo concesionario-, destac\u00f3: <span lang=\"ES-AR\">\u201cPara nosotros es un gran orgullo ser parte del mundo MOTOPLEX y estar presentes con esta propuesta en la localidad de Quilmes. Esta apertura es una apuesta firme por el desarrollo de la zona y una oportunidad para acercar marcas de excelencia a los usuarios. Queremos que este espacio se convierta en un punto de encuentro para los apasionados de las dos ruedas y para quienes aprecian el dise\u00f1o, la historia y la tecnolog\u00eda italiana\u201d.<\/span><\/p>\n<\/blockquote>\n<p>&nbsp;<\/p>\n<p>&nbsp;<\/p>\n<p>&nbsp;<\/p>\n<p><i>Para enterarte de m\u00e1s novedades, no dejes de leer\u00a0<\/i><a href=\"https:\/\/autofans.thebrandsoup.com\/\"><i>nuestras notas<\/i><\/a><i>, de ver\u00a0<\/i><a href=\"https:\/\/www.youtube.com\/channel\/UCgAC8UGHZYbT6P7PpmVnP7g\"><i>AUTOFANS TV<\/i><\/a><i>\u00a0en nuestro\u00a0canal de Youtube. Adem\u00e1s seguinos en\u00a0<\/i><a href=\"https:\/\/www.instagram.com\/autofanstv\/\"><i>INSTAGRAM<\/i><\/a><i> y <\/i><a href=\"https:\/\/www.facebook.com\/autofansmas\/\"><i>FACEBOOK<\/i><\/a><i> para no perderte nada sobre las novedades del segmento automotor de Argentina y el mundo.<\/i><\/p>\n","protected":false},"excerpt":{"rendered":"<p>MOTOPLEX sigue expandi\u00e9ndose en Argentina con la inauguraci\u00f3n de su noveno concesionario, esta vez en&#8230;<\/p>\n","protected":false},"author":2,"featured_media":13065,"comment_status":"closed","ping_status":"closed","sticky":false,"template":"","format":"standard","meta":{"footnotes":""},"categories":[292,16],"tags":[6935,6932,6933,6931,3683,6936,6937,6934],"class_list":["post-13061","post","type-post","status-publish","format-standard","has-post-thumbnail","hentry","category-empresas","category-noticias","tag-aprilia-argentina","tag-concesionario-motos-italianas","tag-moto-guzzi-quilmes","tag-motoplex-quilmes","tag-motos-premium","tag-piaggio-buenos-aires","tag-venta-de-motos-quilmes","tag-vespa-quilmes"],"yoast_head":"<!-- This site is optimized with the Yoast SEO plugin v27.5 - https:\/\/yoast.com\/product\/yoast-seo-wordpress\/ -->\n<title>MOTOPLEX desembarca en Quilmes -<\/title>\n<meta name=\"description\" content=\"MOTOPLEX sigue expandi\u00e9ndose en Argentina con la inauguraci\u00f3n de su noveno concesionario, esta vez en Quilmes. El local operado por 999 Motos\" \/>\n<meta name=\"robots\" content=\"index, follow, max-snippet:-1, max-image-preview:large, max-video-preview:-1\" \/>\n<link rel=\"canonical\" href=\"https:\/\/autofans.com.ar\/index.php\/2025\/06\/25\/motoplex-desembarca-en-quilmes\/\" \/>\n<meta property=\"og:locale\" content=\"es_ES\" \/>\n<meta property=\"og:type\" content=\"article\" \/>\n<meta property=\"og:title\" content=\"MOTOPLEX desembarca en Quilmes -\" \/>\n<meta property=\"og:description\" content=\"MOTOPLEX sigue expandi\u00e9ndose en Argentina con la inauguraci\u00f3n de su noveno concesionario, esta vez en Quilmes. El local operado por 999 Motos\" \/>\n<meta property=\"og:url\" content=\"https:\/\/autofans.com.ar\/index.php\/2025\/06\/25\/motoplex-desembarca-en-quilmes\/\" \/>\n<meta property=\"article:published_time\" content=\"2025-06-26T00:41:31+00:00\" \/>\n<meta property=\"og:image\" content=\"https:\/\/autofans.com.ar\/wp-content\/uploads\/2025\/06\/moto-3-2.jpg\" \/>\n\t<meta property=\"og:image:width\" content=\"1000\" \/>\n\t<meta property=\"og:image:height\" content=\"667\" \/>\n\t<meta property=\"og:image:type\" content=\"image\/jpeg\" \/>\n<meta name=\"author\" content=\"Alejandro Gabriel Rosito\" \/>\n<meta name=\"twitter:card\" content=\"summary_large_image\" \/>\n<meta name=\"twitter:label1\" content=\"Escrito por\" \/>\n\t<meta name=\"twitter:data1\" content=\"Alejandro Gabriel Rosito\" \/>\n\t<meta name=\"twitter:label2\" content=\"Tiempo de lectura\" \/>\n\t<meta name=\"twitter:data2\" content=\"2 minutos\" \/>\n<script type=\"application\/ld+json\" class=\"yoast-schema-graph\">{\"@context\":\"https:\\\/\\\/schema.org\",\"@graph\":[{\"@type\":\"Article\",\"@id\":\"https:\\\/\\\/autofans.com.ar\\\/index.php\\\/2025\\\/06\\\/25\\\/motoplex-desembarca-en-quilmes\\\/#article\",\"isPartOf\":{\"@id\":\"https:\\\/\\\/autofans.com.ar\\\/index.php\\\/2025\\\/06\\\/25\\\/motoplex-desembarca-en-quilmes\\\/\"},\"author\":{\"name\":\"Alejandro Gabriel Rosito\",\"@id\":\"https:\\\/\\\/autofans.com.ar\\\/#\\\/schema\\\/person\\\/4a8dda0b6df83ac3d6723e921274c2aa\"},\"headline\":\"MOTOPLEX desembarca en Quilmes\",\"datePublished\":\"2025-06-26T00:41:31+00:00\",\"mainEntityOfPage\":{\"@id\":\"https:\\\/\\\/autofans.com.ar\\\/index.php\\\/2025\\\/06\\\/25\\\/motoplex-desembarca-en-quilmes\\\/\"},\"wordCount\":438,\"image\":{\"@id\":\"https:\\\/\\\/autofans.com.ar\\\/index.php\\\/2025\\\/06\\\/25\\\/motoplex-desembarca-en-quilmes\\\/#primaryimage\"},\"thumbnailUrl\":\"https:\\\/\\\/autofans.com.ar\\\/wp-content\\\/uploads\\\/2025\\\/06\\\/moto-3-2.jpg\",\"keywords\":[\"aprilia argentina\",\"concesionario motos italianas\",\"moto guzzi quilmes\",\"motoplex quilmes\",\"Motos premium\",\"piaggio buenos aires\",\"venta de motos quilmes\",\"vespa quilmes\"],\"articleSection\":[\"EMPRESAS\",\"NOTICIAS\"],\"inLanguage\":\"es\"},{\"@type\":\"WebPage\",\"@id\":\"https:\\\/\\\/autofans.com.ar\\\/index.php\\\/2025\\\/06\\\/25\\\/motoplex-desembarca-en-quilmes\\\/\",\"url\":\"https:\\\/\\\/autofans.com.ar\\\/index.php\\\/2025\\\/06\\\/25\\\/motoplex-desembarca-en-quilmes\\\/\",\"name\":\"MOTOPLEX desembarca en Quilmes -\",\"isPartOf\":{\"@id\":\"https:\\\/\\\/autofans.com.ar\\\/#website\"},\"primaryImageOfPage\":{\"@id\":\"https:\\\/\\\/autofans.com.ar\\\/index.php\\\/2025\\\/06\\\/25\\\/motoplex-desembarca-en-quilmes\\\/#primaryimage\"},\"image\":{\"@id\":\"https:\\\/\\\/autofans.com.ar\\\/index.php\\\/2025\\\/06\\\/25\\\/motoplex-desembarca-en-quilmes\\\/#primaryimage\"},\"thumbnailUrl\":\"https:\\\/\\\/autofans.com.ar\\\/wp-content\\\/uploads\\\/2025\\\/06\\\/moto-3-2.jpg\",\"datePublished\":\"2025-06-26T00:41:31+00:00\",\"author\":{\"@id\":\"https:\\\/\\\/autofans.com.ar\\\/#\\\/schema\\\/person\\\/4a8dda0b6df83ac3d6723e921274c2aa\"},\"description\":\"MOTOPLEX sigue expandi\u00e9ndose en Argentina con la inauguraci\u00f3n de su noveno concesionario, esta vez en Quilmes. El local operado por 999 Motos\",\"breadcrumb\":{\"@id\":\"https:\\\/\\\/autofans.com.ar\\\/index.php\\\/2025\\\/06\\\/25\\\/motoplex-desembarca-en-quilmes\\\/#breadcrumb\"},\"inLanguage\":\"es\",\"potentialAction\":[{\"@type\":\"ReadAction\",\"target\":[\"https:\\\/\\\/autofans.com.ar\\\/index.php\\\/2025\\\/06\\\/25\\\/motoplex-desembarca-en-quilmes\\\/\"]}]},{\"@type\":\"ImageObject\",\"inLanguage\":\"es\",\"@id\":\"https:\\\/\\\/autofans.com.ar\\\/index.php\\\/2025\\\/06\\\/25\\\/motoplex-desembarca-en-quilmes\\\/#primaryimage\",\"url\":\"https:\\\/\\\/autofans.com.ar\\\/wp-content\\\/uploads\\\/2025\\\/06\\\/moto-3-2.jpg\",\"contentUrl\":\"https:\\\/\\\/autofans.com.ar\\\/wp-content\\\/uploads\\\/2025\\\/06\\\/moto-3-2.jpg\",\"width\":1000,\"height\":667,\"caption\":\"MOTOPLEX\"},{\"@type\":\"BreadcrumbList\",\"@id\":\"https:\\\/\\\/autofans.com.ar\\\/index.php\\\/2025\\\/06\\\/25\\\/motoplex-desembarca-en-quilmes\\\/#breadcrumb\",\"itemListElement\":[{\"@type\":\"ListItem\",\"position\":1,\"name\":\"Inicio\",\"item\":\"https:\\\/\\\/autofans.com.ar\\\/\"},{\"@type\":\"ListItem\",\"position\":2,\"name\":\"MOTOPLEX desembarca en Quilmes\"}]},{\"@type\":\"WebSite\",\"@id\":\"https:\\\/\\\/autofans.com.ar\\\/#website\",\"url\":\"https:\\\/\\\/autofans.com.ar\\\/\",\"name\":\"\",\"description\":\"El multimedio referente de la industria automotriz\",\"potentialAction\":[{\"@type\":\"SearchAction\",\"target\":{\"@type\":\"EntryPoint\",\"urlTemplate\":\"https:\\\/\\\/autofans.com.ar\\\/?s={search_term_string}\"},\"query-input\":{\"@type\":\"PropertyValueSpecification\",\"valueRequired\":true,\"valueName\":\"search_term_string\"}}],\"inLanguage\":\"es\"},{\"@type\":\"Person\",\"@id\":\"https:\\\/\\\/autofans.com.ar\\\/#\\\/schema\\\/person\\\/4a8dda0b6df83ac3d6723e921274c2aa\",\"name\":\"Alejandro Gabriel Rosito\",\"image\":{\"@type\":\"ImageObject\",\"inLanguage\":\"es\",\"@id\":\"https:\\\/\\\/secure.gravatar.com\\\/avatar\\\/16c5dda1489adfc62618084dcbb91cffd879c374b13fe5dd8e44ed6733852c88?s=96&d=mm&r=g\",\"url\":\"https:\\\/\\\/secure.gravatar.com\\\/avatar\\\/16c5dda1489adfc62618084dcbb91cffd879c374b13fe5dd8e44ed6733852c88?s=96&d=mm&r=g\",\"contentUrl\":\"https:\\\/\\\/secure.gravatar.com\\\/avatar\\\/16c5dda1489adfc62618084dcbb91cffd879c374b13fe5dd8e44ed6733852c88?s=96&d=mm&r=g\",\"caption\":\"Alejandro Gabriel Rosito\"},\"url\":\"https:\\\/\\\/autofans.com.ar\\\/index.php\\\/author\\\/gabrielr\\\/\"}]}<\/script>\n<!-- \/ Yoast SEO plugin. -->","yoast_head_json":{"title":"MOTOPLEX desembarca en Quilmes -","description":"MOTOPLEX sigue expandi\u00e9ndose en Argentina con la inauguraci\u00f3n de su noveno concesionario, esta vez en Quilmes. El local operado por 999 Motos","robots":{"index":"index","follow":"follow","max-snippet":"max-snippet:-1","max-image-preview":"max-image-preview:large","max-video-preview":"max-video-preview:-1"},"canonical":"https:\/\/autofans.com.ar\/index.php\/2025\/06\/25\/motoplex-desembarca-en-quilmes\/","og_locale":"es_ES","og_type":"article","og_title":"MOTOPLEX desembarca en Quilmes -","og_description":"MOTOPLEX sigue expandi\u00e9ndose en Argentina con la inauguraci\u00f3n de su noveno concesionario, esta vez en Quilmes. El local operado por 999 Motos","og_url":"https:\/\/autofans.com.ar\/index.php\/2025\/06\/25\/motoplex-desembarca-en-quilmes\/","article_published_time":"2025-06-26T00:41:31+00:00","og_image":[{"width":1000,"height":667,"url":"https:\/\/autofans.com.ar\/wp-content\/uploads\/2025\/06\/moto-3-2.jpg","type":"image\/jpeg"}],"author":"Alejandro Gabriel Rosito","twitter_card":"summary_large_image","twitter_misc":{"Escrito por":"Alejandro Gabriel Rosito","Tiempo de lectura":"2 minutos"},"schema":{"@context":"https:\/\/schema.org","@graph":[{"@type":"Article","@id":"https:\/\/autofans.com.ar\/index.php\/2025\/06\/25\/motoplex-desembarca-en-quilmes\/#article","isPartOf":{"@id":"https:\/\/autofans.com.ar\/index.php\/2025\/06\/25\/motoplex-desembarca-en-quilmes\/"},"author":{"name":"Alejandro Gabriel Rosito","@id":"https:\/\/autofans.com.ar\/#\/schema\/person\/4a8dda0b6df83ac3d6723e921274c2aa"},"headline":"MOTOPLEX desembarca en Quilmes","datePublished":"2025-06-26T00:41:31+00:00","mainEntityOfPage":{"@id":"https:\/\/autofans.com.ar\/index.php\/2025\/06\/25\/motoplex-desembarca-en-quilmes\/"},"wordCount":438,"image":{"@id":"https:\/\/autofans.com.ar\/index.php\/2025\/06\/25\/motoplex-desembarca-en-quilmes\/#primaryimage"},"thumbnailUrl":"https:\/\/autofans.com.ar\/wp-content\/uploads\/2025\/06\/moto-3-2.jpg","keywords":["aprilia argentina","concesionario motos italianas","moto guzzi quilmes","motoplex quilmes","Motos premium","piaggio buenos aires","venta de motos quilmes","vespa quilmes"],"articleSection":["EMPRESAS","NOTICIAS"],"inLanguage":"es"},{"@type":"WebPage","@id":"https:\/\/autofans.com.ar\/index.php\/2025\/06\/25\/motoplex-desembarca-en-quilmes\/","url":"https:\/\/autofans.com.ar\/index.php\/2025\/06\/25\/motoplex-desembarca-en-quilmes\/","name":"MOTOPLEX desembarca en Quilmes -","isPartOf":{"@id":"https:\/\/autofans.com.ar\/#website"},"primaryImageOfPage":{"@id":"https:\/\/autofans.com.ar\/index.php\/2025\/06\/25\/motoplex-desembarca-en-quilmes\/#primaryimage"},"image":{"@id":"https:\/\/autofans.com.ar\/index.php\/2025\/06\/25\/motoplex-desembarca-en-quilmes\/#primaryimage"},"thumbnailUrl":"https:\/\/autofans.com.ar\/wp-content\/uploads\/2025\/06\/moto-3-2.jpg","datePublished":"2025-06-26T00:41:31+00:00","author":{"@id":"https:\/\/autofans.com.ar\/#\/schema\/person\/4a8dda0b6df83ac3d6723e921274c2aa"},"description":"MOTOPLEX sigue expandi\u00e9ndose en Argentina con la inauguraci\u00f3n de su noveno concesionario, esta vez en Quilmes. El local operado por 999 Motos","breadcrumb":{"@id":"https:\/\/autofans.com.ar\/index.php\/2025\/06\/25\/motoplex-desembarca-en-quilmes\/#breadcrumb"},"inLanguage":"es","potentialAction":[{"@type":"ReadAction","target":["https:\/\/autofans.com.ar\/index.php\/2025\/06\/25\/motoplex-desembarca-en-quilmes\/"]}]},{"@type":"ImageObject","inLanguage":"es","@id":"https:\/\/autofans.com.ar\/index.php\/2025\/06\/25\/motoplex-desembarca-en-quilmes\/#primaryimage","url":"https:\/\/autofans.com.ar\/wp-content\/uploads\/2025\/06\/moto-3-2.jpg","contentUrl":"https:\/\/autofans.com.ar\/wp-content\/uploads\/2025\/06\/moto-3-2.jpg","width":1000,"height":667,"caption":"MOTOPLEX"},{"@type":"BreadcrumbList","@id":"https:\/\/autofans.com.ar\/index.php\/2025\/06\/25\/motoplex-desembarca-en-quilmes\/#breadcrumb","itemListElement":[{"@type":"ListItem","position":1,"name":"Inicio","item":"https:\/\/autofans.com.ar\/"},{"@type":"ListItem","position":2,"name":"MOTOPLEX desembarca en Quilmes"}]},{"@type":"WebSite","@id":"https:\/\/autofans.com.ar\/#website","url":"https:\/\/autofans.com.ar\/","name":"","description":"El multimedio referente de la industria automotriz","potentialAction":[{"@type":"SearchAction","target":{"@type":"EntryPoint","urlTemplate":"https:\/\/autofans.com.ar\/?s={search_term_string}"},"query-input":{"@type":"PropertyValueSpecification","valueRequired":true,"valueName":"search_term_string"}}],"inLanguage":"es"},{"@type":"Person","@id":"https:\/\/autofans.com.ar\/#\/schema\/person\/4a8dda0b6df83ac3d6723e921274c2aa","name":"Alejandro Gabriel Rosito","image":{"@type":"ImageObject","inLanguage":"es","@id":"https:\/\/secure.gravatar.com\/avatar\/16c5dda1489adfc62618084dcbb91cffd879c374b13fe5dd8e44ed6733852c88?s=96&d=mm&r=g","url":"https:\/\/secure.gravatar.com\/avatar\/16c5dda1489adfc62618084dcbb91cffd879c374b13fe5dd8e44ed6733852c88?s=96&d=mm&r=g","contentUrl":"https:\/\/secure.gravatar.com\/avatar\/16c5dda1489adfc62618084dcbb91cffd879c374b13fe5dd8e44ed6733852c88?s=96&d=mm&r=g","caption":"Alejandro Gabriel Rosito"},"url":"https:\/\/autofans.com.ar\/index.php\/author\/gabrielr\/"}]}},"featured_image_urls":{"full":["https:\/\/autofans.com.ar\/wp-content\/uploads\/2025\/06\/moto-3-2.jpg",1000,667,false],"thumbnail":["https:\/\/autofans.com.ar\/wp-content\/uploads\/2025\/06\/moto-3-2-150x150.jpg",150,150,true],"medium":["https:\/\/autofans.com.ar\/wp-content\/uploads\/2025\/06\/moto-3-2-300x200.jpg",300,200,true],"medium_large":["https:\/\/autofans.com.ar\/wp-content\/uploads\/2025\/06\/moto-3-2-768x512.jpg",640,427,true],"large":["https:\/\/autofans.com.ar\/wp-content\/uploads\/2025\/06\/moto-3-2.jpg",640,427,false],"1536x1536":["https:\/\/autofans.com.ar\/wp-content\/uploads\/2025\/06\/moto-3-2.jpg",1000,667,false],"2048x2048":["https:\/\/autofans.com.ar\/wp-content\/uploads\/2025\/06\/moto-3-2.jpg",1000,667,false],"covernews-featured":["https:\/\/autofans.com.ar\/wp-content\/uploads\/2025\/06\/moto-3-2.jpg",1000,667,false],"covernews-medium":["https:\/\/autofans.com.ar\/wp-content\/uploads\/2025\/06\/moto-3-2-540x340.jpg",540,340,true]},"author_info":{"display_name":"Alejandro Gabriel Rosito","author_link":"https:\/\/autofans.com.ar\/index.php\/author\/gabrielr\/"},"category_info":"<a href=\"https:\/\/autofans.com.ar\/index.php\/category\/noticias\/empresas\/\" rel=\"category tag\">EMPRESAS<\/a> <a href=\"https:\/\/autofans.com.ar\/index.php\/category\/noticias\/\" rel=\"category tag\">NOTICIAS<\/a>","tag_info":"NOTICIAS","comment_count":0,"_links":{"self":[{"href":"https:\/\/autofans.com.ar\/index.php\/wp-json\/wp\/v2\/posts\/13061","targetHints":{"allow":["GET"]}}],"collection":[{"href":"https:\/\/autofans.com.ar\/index.php\/wp-json\/wp\/v2\/posts"}],"about":[{"href":"https:\/\/autofans.com.ar\/index.php\/wp-json\/wp\/v2\/types\/post"}],"author":[{"embeddable":true,"href":"https:\/\/autofans.com.ar\/index.php\/wp-json\/wp\/v2\/users\/2"}],"replies":[{"embeddable":true,"href":"https:\/\/autofans.com.ar\/index.php\/wp-json\/wp\/v2\/comments?post=13061"}],"version-history":[{"count":2,"href":"https:\/\/autofans.com.ar\/index.php\/wp-json\/wp\/v2\/posts\/13061\/revisions"}],"predecessor-version":[{"id":13069,"href":"https:\/\/autofans.com.ar\/index.php\/wp-json\/wp\/v2\/posts\/13061\/revisions\/13069"}],"wp:featuredmedia":[{"embeddable":true,"href":"https:\/\/autofans.com.ar\/index.php\/wp-json\/wp\/v2\/media\/13065"}],"wp:attachment":[{"href":"https:\/\/autofans.com.ar\/index.php\/wp-json\/wp\/v2\/media?parent=13061"}],"wp:term":[{"taxonomy":"category","embeddable":true,"href":"https:\/\/autofans.com.ar\/index.php\/wp-json\/wp\/v2\/categories?post=13061"},{"taxonomy":"post_tag","embeddable":true,"href":"https:\/\/autofans.com.ar\/index.php\/wp-json\/wp\/v2\/tags?post=13061"}],"curies":[{"name":"wp","href":"https:\/\/api.w.org\/{rel}","templated":true}]}}