{"id":13081,"date":"2025-06-26T19:43:33","date_gmt":"2025-06-26T22:43:33","guid":{"rendered":"https:\/\/autofans.com.ar\/?p=13081"},"modified":"2025-06-26T19:43:33","modified_gmt":"2025-06-26T22:43:33","slug":"mercedes-benz-camiones-y-buses-presenta-entrevistas-en-actros-2","status":"publish","type":"post","link":"https:\/\/autofans.com.ar\/index.php\/2025\/06\/26\/mercedes-benz-camiones-y-buses-presenta-entrevistas-en-actros-2\/","title":{"rendered":"Mercedes-Benz Camiones y Buses presenta \u201cEntrevistas en Actros 2\u201d"},"content":{"rendered":"<p class=\"ds-markdown-paragraph\">La marca l\u00edder en transporte pesado lanz\u00f3 una nueva serie audiovisual que retrata el d\u00eda a d\u00eda de los protagonistas del sector. A trav\u00e9s de cinco episodios, disponibles en YouTube, Sol Bel\u00e9n (influencer y conductora) recorre el universo del transporte argentino junto a conductores, empresarios y especialistas.<\/p>\n<p>&nbsp;<\/p>\n<h2>Mercedes-Benz &#8211; tecnolog\u00eda sobre ruedas<\/h2>\n<p>&nbsp;<\/p>\n<p><img fetchpriority=\"high\" decoding=\"async\" class=\"aligncenter wp-image-13086 size-full\" src=\"https:\/\/autofans.com.ar\/wp-content\/uploads\/2025\/06\/mercedes-3-4.jpg\" alt=\"Mercedes-Benz\" width=\"1000\" height=\"667\" srcset=\"https:\/\/autofans.com.ar\/wp-content\/uploads\/2025\/06\/mercedes-3-4.jpg 1000w, https:\/\/autofans.com.ar\/wp-content\/uploads\/2025\/06\/mercedes-3-4-300x200.jpg 300w, https:\/\/autofans.com.ar\/wp-content\/uploads\/2025\/06\/mercedes-3-4-768x512.jpg 768w\" sizes=\"(max-width: 1000px) 100vw, 1000px\" \/><\/p>\n<p>&nbsp;<\/p>\n<p class=\"ds-markdown-paragraph\">El Actros 2548 es el gran protagonista: un cami\u00f3n que combina tecnolog\u00eda, seguridad y eficiencia. Con sistemas como MirrorCam (que reemplaza los espejos tradicionales) y el asistente de frenado ABA 5, este modelo est\u00e1 dise\u00f1ado para maximizar el rendimiento y el confort en ruta.<\/p>\n<p>&nbsp;<\/p>\n<hr \/>\n<div style=\"display: flex; justify-content: center; width: 100%;\">\n<div style=\"display: flex; align-items: center; justify-content: space-between; background: #f0f2f5; padding: 3px 92px; border-radius: 0px; box-shadow: 0 4px 10px rgba(0, 0, 0, 0.08); margin: 24px 0; max-width: 700px;\">\n<div style=\"flex: 1;\"><a style=\"font-size: 18px; color: #921414; font-weight: bold; text-decoration: underline;\" href=\"https:\/\/www.mercedes-benz-trucks.com.ar\/fichatecnica\/#!\/\" target=\"_blank\" rel=\"noopener\"><br \/>\n\u2192 Ficha T\u00e9cnica Mercedes Benz<br \/>\n<\/a><a style=\"font-size: 18px; color: #007bff; font-weight: 1200; text-decoration: underline;\" href=\"https:\/\/autofans.com.ar\/wp-content\/uploads\/2025\/05\/ftmy26argo-681166d8eb8a6.pdf\" target=\"_blank\" rel=\"noopener\"><br \/>\n<\/a><\/div>\n<div style=\"margin-left: 46px;\"><img decoding=\"async\" class=\"alignright\" style=\"height: 20px; width: auto;\" src=\"https:\/\/autofans.com.ar\/wp-content\/uploads\/2023\/02\/Autofans_600x102_150px5.png\" alt=\"Logo Autofans\" width=\"1200\" height=\"137\" \/><span style=\"background-color: #ffffff;\">\u00a0<\/span><\/div>\n<\/div>\n<\/div>\n<hr \/>\n<h2>Historias que inspiran y conectan<\/h2>\n<p>&nbsp;<\/p>\n<p><img decoding=\"async\" class=\"aligncenter wp-image-13088 size-full\" src=\"https:\/\/autofans.com.ar\/wp-content\/uploads\/2025\/06\/mercedes-1-4.jpg\" alt=\"Mercedes-Benz\" width=\"1000\" height=\"667\" srcset=\"https:\/\/autofans.com.ar\/wp-content\/uploads\/2025\/06\/mercedes-1-4.jpg 1000w, https:\/\/autofans.com.ar\/wp-content\/uploads\/2025\/06\/mercedes-1-4-300x200.jpg 300w, https:\/\/autofans.com.ar\/wp-content\/uploads\/2025\/06\/mercedes-1-4-768x512.jpg 768w\" sizes=\"(max-width: 1000px) 100vw, 1000px\" \/><\/p>\n<p>&nbsp;<\/p>\n<p class=\"ds-markdown-paragraph\">Cada entrevista refleja el v\u00ednculo entre las personas y el transporte, destacando c\u00f3mo Mercedes-Benzse consolida como un aliado estrat\u00e9gico del sector. Desde profesionales al volante hasta creadores de contenido, la serie muestra desaf\u00edos, logros y la importancia de contar con veh\u00edculos confiables.<\/p>\n<p>&nbsp;<\/p>\n<p>&nbsp;<\/p>\n<p><i>Para enterarte de m\u00e1s novedades, no dejes de leer\u00a0<\/i><a href=\"https:\/\/autofans.thebrandsoup.com\/\"><i>nuestras notas<\/i><\/a><i>, de ver\u00a0<\/i><a href=\"https:\/\/www.youtube.com\/channel\/UCgAC8UGHZYbT6P7PpmVnP7g\"><i>AUTOFANS TV<\/i><\/a><i>\u00a0en nuestro\u00a0canal de Youtube. Adem\u00e1s seguinos en\u00a0<\/i><a href=\"https:\/\/www.instagram.com\/autofanstv\/\"><i>INSTAGRAM<\/i><\/a><i> y <\/i><a href=\"https:\/\/www.facebook.com\/autofansmas\/\"><i>FACEBOOK<\/i><\/a><i> para no perderte nada sobre las novedades del segmento automotor de Argentina y el mundo.<\/i><\/p>\n","protected":false},"excerpt":{"rendered":"<p>La marca l\u00edder en transporte pesado lanz\u00f3 una nueva serie audiovisual que retrata el d\u00eda&#8230;<\/p>\n","protected":false},"author":2,"featured_media":13087,"comment_status":"closed","ping_status":"closed","sticky":false,"template":"","format":"standard","meta":{"footnotes":""},"categories":[6,16],"tags":[6943,5694,3566,6945,17,1306,6946,6944,4422],"class_list":["post-13081","post","type-post","status-publish","format-standard","has-post-thumbnail","hentry","category-bizstyle","category-noticias","tag-actros-2548","tag-camiones-argentinos","tag-daimler-truck","tag-entrevistas-en-actros","tag-mercedes-benz-argentina","tag-seguridad-vehicular","tag-sol-belen","tag-tecnologia-en-logistica","tag-transporte-pesado"],"yoast_head":"<!-- This site is optimized with the Yoast SEO plugin v27.5 - https:\/\/yoast.com\/product\/yoast-seo-wordpress\/ -->\n<title>Mercedes-Benz Camiones y Buses presenta \u201cEntrevistas en Actros 2\u201d -<\/title>\n<meta name=\"description\" content=\"Mercedes-Benz la marca l\u00edder en transporte pesado lanz\u00f3 una nueva serie audiovisual que retrata el d\u00eda a d\u00eda de los protagonistas del sector.\" \/>\n<meta name=\"robots\" content=\"index, follow, max-snippet:-1, max-image-preview:large, max-video-preview:-1\" \/>\n<link rel=\"canonical\" href=\"https:\/\/autofans.com.ar\/index.php\/2025\/06\/26\/mercedes-benz-camiones-y-buses-presenta-entrevistas-en-actros-2\/\" \/>\n<meta property=\"og:locale\" content=\"es_ES\" \/>\n<meta property=\"og:type\" content=\"article\" \/>\n<meta property=\"og:title\" content=\"Mercedes-Benz Camiones y Buses presenta \u201cEntrevistas en Actros 2\u201d -\" \/>\n<meta property=\"og:description\" content=\"Mercedes-Benz la marca l\u00edder en transporte pesado lanz\u00f3 una nueva serie audiovisual que retrata el d\u00eda a d\u00eda de los protagonistas del sector.\" \/>\n<meta property=\"og:url\" content=\"https:\/\/autofans.com.ar\/index.php\/2025\/06\/26\/mercedes-benz-camiones-y-buses-presenta-entrevistas-en-actros-2\/\" \/>\n<meta property=\"article:published_time\" content=\"2025-06-26T22:43:33+00:00\" \/>\n<meta property=\"og:image\" content=\"https:\/\/autofans.com.ar\/wp-content\/uploads\/2025\/06\/mercedes-2-4.jpg\" \/>\n\t<meta property=\"og:image:width\" content=\"1000\" \/>\n\t<meta property=\"og:image:height\" content=\"667\" \/>\n\t<meta property=\"og:image:type\" content=\"image\/jpeg\" \/>\n<meta name=\"author\" content=\"Alejandro Gabriel Rosito\" \/>\n<meta name=\"twitter:card\" content=\"summary_large_image\" \/>\n<meta name=\"twitter:label1\" content=\"Escrito por\" \/>\n\t<meta name=\"twitter:data1\" content=\"Alejandro Gabriel Rosito\" \/>\n\t<meta name=\"twitter:label2\" content=\"Tiempo de lectura\" \/>\n\t<meta name=\"twitter:data2\" content=\"2 minutos\" \/>\n<script type=\"application\/ld+json\" class=\"yoast-schema-graph\">{\"@context\":\"https:\\\/\\\/schema.org\",\"@graph\":[{\"@type\":\"Article\",\"@id\":\"https:\\\/\\\/autofans.com.ar\\\/index.php\\\/2025\\\/06\\\/26\\\/mercedes-benz-camiones-y-buses-presenta-entrevistas-en-actros-2\\\/#article\",\"isPartOf\":{\"@id\":\"https:\\\/\\\/autofans.com.ar\\\/index.php\\\/2025\\\/06\\\/26\\\/mercedes-benz-camiones-y-buses-presenta-entrevistas-en-actros-2\\\/\"},\"author\":{\"name\":\"Alejandro Gabriel Rosito\",\"@id\":\"https:\\\/\\\/autofans.com.ar\\\/#\\\/schema\\\/person\\\/4a8dda0b6df83ac3d6723e921274c2aa\"},\"headline\":\"Mercedes-Benz Camiones y Buses presenta \u201cEntrevistas en Actros 2\u201d\",\"datePublished\":\"2025-06-26T22:43:33+00:00\",\"mainEntityOfPage\":{\"@id\":\"https:\\\/\\\/autofans.com.ar\\\/index.php\\\/2025\\\/06\\\/26\\\/mercedes-benz-camiones-y-buses-presenta-entrevistas-en-actros-2\\\/\"},\"wordCount\":219,\"image\":{\"@id\":\"https:\\\/\\\/autofans.com.ar\\\/index.php\\\/2025\\\/06\\\/26\\\/mercedes-benz-camiones-y-buses-presenta-entrevistas-en-actros-2\\\/#primaryimage\"},\"thumbnailUrl\":\"https:\\\/\\\/autofans.com.ar\\\/wp-content\\\/uploads\\\/2025\\\/06\\\/mercedes-2-4.jpg\",\"keywords\":[\"Actros 2548\",\"camiones argentinos\",\"Daimler Truck\",\"entrevistas en Actros\",\"Mercedes Benz Argentina\",\"seguridad vehicular\",\"Sol Bel\u00e9n\",\"tecnolog\u00eda en log\u00edstica\",\"transporte pesado\"],\"articleSection\":[\"BIZSTYLE\",\"NOTICIAS\"],\"inLanguage\":\"es\"},{\"@type\":\"WebPage\",\"@id\":\"https:\\\/\\\/autofans.com.ar\\\/index.php\\\/2025\\\/06\\\/26\\\/mercedes-benz-camiones-y-buses-presenta-entrevistas-en-actros-2\\\/\",\"url\":\"https:\\\/\\\/autofans.com.ar\\\/index.php\\\/2025\\\/06\\\/26\\\/mercedes-benz-camiones-y-buses-presenta-entrevistas-en-actros-2\\\/\",\"name\":\"Mercedes-Benz Camiones y Buses presenta \u201cEntrevistas en Actros 2\u201d -\",\"isPartOf\":{\"@id\":\"https:\\\/\\\/autofans.com.ar\\\/#website\"},\"primaryImageOfPage\":{\"@id\":\"https:\\\/\\\/autofans.com.ar\\\/index.php\\\/2025\\\/06\\\/26\\\/mercedes-benz-camiones-y-buses-presenta-entrevistas-en-actros-2\\\/#primaryimage\"},\"image\":{\"@id\":\"https:\\\/\\\/autofans.com.ar\\\/index.php\\\/2025\\\/06\\\/26\\\/mercedes-benz-camiones-y-buses-presenta-entrevistas-en-actros-2\\\/#primaryimage\"},\"thumbnailUrl\":\"https:\\\/\\\/autofans.com.ar\\\/wp-content\\\/uploads\\\/2025\\\/06\\\/mercedes-2-4.jpg\",\"datePublished\":\"2025-06-26T22:43:33+00:00\",\"author\":{\"@id\":\"https:\\\/\\\/autofans.com.ar\\\/#\\\/schema\\\/person\\\/4a8dda0b6df83ac3d6723e921274c2aa\"},\"description\":\"Mercedes-Benz la marca l\u00edder en transporte pesado lanz\u00f3 una nueva serie audiovisual que retrata el d\u00eda a d\u00eda de los protagonistas del sector.\",\"breadcrumb\":{\"@id\":\"https:\\\/\\\/autofans.com.ar\\\/index.php\\\/2025\\\/06\\\/26\\\/mercedes-benz-camiones-y-buses-presenta-entrevistas-en-actros-2\\\/#breadcrumb\"},\"inLanguage\":\"es\",\"potentialAction\":[{\"@type\":\"ReadAction\",\"target\":[\"https:\\\/\\\/autofans.com.ar\\\/index.php\\\/2025\\\/06\\\/26\\\/mercedes-benz-camiones-y-buses-presenta-entrevistas-en-actros-2\\\/\"]}]},{\"@type\":\"ImageObject\",\"inLanguage\":\"es\",\"@id\":\"https:\\\/\\\/autofans.com.ar\\\/index.php\\\/2025\\\/06\\\/26\\\/mercedes-benz-camiones-y-buses-presenta-entrevistas-en-actros-2\\\/#primaryimage\",\"url\":\"https:\\\/\\\/autofans.com.ar\\\/wp-content\\\/uploads\\\/2025\\\/06\\\/mercedes-2-4.jpg\",\"contentUrl\":\"https:\\\/\\\/autofans.com.ar\\\/wp-content\\\/uploads\\\/2025\\\/06\\\/mercedes-2-4.jpg\",\"width\":1000,\"height\":667,\"caption\":\"Mercedes-Benz\"},{\"@type\":\"BreadcrumbList\",\"@id\":\"https:\\\/\\\/autofans.com.ar\\\/index.php\\\/2025\\\/06\\\/26\\\/mercedes-benz-camiones-y-buses-presenta-entrevistas-en-actros-2\\\/#breadcrumb\",\"itemListElement\":[{\"@type\":\"ListItem\",\"position\":1,\"name\":\"Inicio\",\"item\":\"https:\\\/\\\/autofans.com.ar\\\/\"},{\"@type\":\"ListItem\",\"position\":2,\"name\":\"Mercedes-Benz Camiones y Buses presenta \u201cEntrevistas en Actros 2\u201d\"}]},{\"@type\":\"WebSite\",\"@id\":\"https:\\\/\\\/autofans.com.ar\\\/#website\",\"url\":\"https:\\\/\\\/autofans.com.ar\\\/\",\"name\":\"\",\"description\":\"El multimedio referente de la industria automotriz\",\"potentialAction\":[{\"@type\":\"SearchAction\",\"target\":{\"@type\":\"EntryPoint\",\"urlTemplate\":\"https:\\\/\\\/autofans.com.ar\\\/?s={search_term_string}\"},\"query-input\":{\"@type\":\"PropertyValueSpecification\",\"valueRequired\":true,\"valueName\":\"search_term_string\"}}],\"inLanguage\":\"es\"},{\"@type\":\"Person\",\"@id\":\"https:\\\/\\\/autofans.com.ar\\\/#\\\/schema\\\/person\\\/4a8dda0b6df83ac3d6723e921274c2aa\",\"name\":\"Alejandro Gabriel Rosito\",\"image\":{\"@type\":\"ImageObject\",\"inLanguage\":\"es\",\"@id\":\"https:\\\/\\\/secure.gravatar.com\\\/avatar\\\/16c5dda1489adfc62618084dcbb91cffd879c374b13fe5dd8e44ed6733852c88?s=96&d=mm&r=g\",\"url\":\"https:\\\/\\\/secure.gravatar.com\\\/avatar\\\/16c5dda1489adfc62618084dcbb91cffd879c374b13fe5dd8e44ed6733852c88?s=96&d=mm&r=g\",\"contentUrl\":\"https:\\\/\\\/secure.gravatar.com\\\/avatar\\\/16c5dda1489adfc62618084dcbb91cffd879c374b13fe5dd8e44ed6733852c88?s=96&d=mm&r=g\",\"caption\":\"Alejandro Gabriel Rosito\"},\"url\":\"https:\\\/\\\/autofans.com.ar\\\/index.php\\\/author\\\/gabrielr\\\/\"}]}<\/script>\n<!-- \/ Yoast SEO plugin. -->","yoast_head_json":{"title":"Mercedes-Benz Camiones y Buses presenta \u201cEntrevistas en Actros 2\u201d -","description":"Mercedes-Benz la marca l\u00edder en transporte pesado lanz\u00f3 una nueva serie audiovisual que retrata el d\u00eda a d\u00eda de los protagonistas del sector.","robots":{"index":"index","follow":"follow","max-snippet":"max-snippet:-1","max-image-preview":"max-image-preview:large","max-video-preview":"max-video-preview:-1"},"canonical":"https:\/\/autofans.com.ar\/index.php\/2025\/06\/26\/mercedes-benz-camiones-y-buses-presenta-entrevistas-en-actros-2\/","og_locale":"es_ES","og_type":"article","og_title":"Mercedes-Benz Camiones y Buses presenta \u201cEntrevistas en Actros 2\u201d -","og_description":"Mercedes-Benz la marca l\u00edder en transporte pesado lanz\u00f3 una nueva serie audiovisual que retrata el d\u00eda a d\u00eda de los protagonistas del sector.","og_url":"https:\/\/autofans.com.ar\/index.php\/2025\/06\/26\/mercedes-benz-camiones-y-buses-presenta-entrevistas-en-actros-2\/","article_published_time":"2025-06-26T22:43:33+00:00","og_image":[{"width":1000,"height":667,"url":"https:\/\/autofans.com.ar\/wp-content\/uploads\/2025\/06\/mercedes-2-4.jpg","type":"image\/jpeg"}],"author":"Alejandro Gabriel Rosito","twitter_card":"summary_large_image","twitter_misc":{"Escrito por":"Alejandro Gabriel Rosito","Tiempo de lectura":"2 minutos"},"schema":{"@context":"https:\/\/schema.org","@graph":[{"@type":"Article","@id":"https:\/\/autofans.com.ar\/index.php\/2025\/06\/26\/mercedes-benz-camiones-y-buses-presenta-entrevistas-en-actros-2\/#article","isPartOf":{"@id":"https:\/\/autofans.com.ar\/index.php\/2025\/06\/26\/mercedes-benz-camiones-y-buses-presenta-entrevistas-en-actros-2\/"},"author":{"name":"Alejandro Gabriel Rosito","@id":"https:\/\/autofans.com.ar\/#\/schema\/person\/4a8dda0b6df83ac3d6723e921274c2aa"},"headline":"Mercedes-Benz Camiones y Buses presenta \u201cEntrevistas en Actros 2\u201d","datePublished":"2025-06-26T22:43:33+00:00","mainEntityOfPage":{"@id":"https:\/\/autofans.com.ar\/index.php\/2025\/06\/26\/mercedes-benz-camiones-y-buses-presenta-entrevistas-en-actros-2\/"},"wordCount":219,"image":{"@id":"https:\/\/autofans.com.ar\/index.php\/2025\/06\/26\/mercedes-benz-camiones-y-buses-presenta-entrevistas-en-actros-2\/#primaryimage"},"thumbnailUrl":"https:\/\/autofans.com.ar\/wp-content\/uploads\/2025\/06\/mercedes-2-4.jpg","keywords":["Actros 2548","camiones argentinos","Daimler Truck","entrevistas en Actros","Mercedes Benz Argentina","seguridad vehicular","Sol Bel\u00e9n","tecnolog\u00eda en log\u00edstica","transporte pesado"],"articleSection":["BIZSTYLE","NOTICIAS"],"inLanguage":"es"},{"@type":"WebPage","@id":"https:\/\/autofans.com.ar\/index.php\/2025\/06\/26\/mercedes-benz-camiones-y-buses-presenta-entrevistas-en-actros-2\/","url":"https:\/\/autofans.com.ar\/index.php\/2025\/06\/26\/mercedes-benz-camiones-y-buses-presenta-entrevistas-en-actros-2\/","name":"Mercedes-Benz Camiones y Buses presenta \u201cEntrevistas en Actros 2\u201d -","isPartOf":{"@id":"https:\/\/autofans.com.ar\/#website"},"primaryImageOfPage":{"@id":"https:\/\/autofans.com.ar\/index.php\/2025\/06\/26\/mercedes-benz-camiones-y-buses-presenta-entrevistas-en-actros-2\/#primaryimage"},"image":{"@id":"https:\/\/autofans.com.ar\/index.php\/2025\/06\/26\/mercedes-benz-camiones-y-buses-presenta-entrevistas-en-actros-2\/#primaryimage"},"thumbnailUrl":"https:\/\/autofans.com.ar\/wp-content\/uploads\/2025\/06\/mercedes-2-4.jpg","datePublished":"2025-06-26T22:43:33+00:00","author":{"@id":"https:\/\/autofans.com.ar\/#\/schema\/person\/4a8dda0b6df83ac3d6723e921274c2aa"},"description":"Mercedes-Benz la marca l\u00edder en transporte pesado lanz\u00f3 una nueva serie audiovisual que retrata el d\u00eda a d\u00eda de los protagonistas del sector.","breadcrumb":{"@id":"https:\/\/autofans.com.ar\/index.php\/2025\/06\/26\/mercedes-benz-camiones-y-buses-presenta-entrevistas-en-actros-2\/#breadcrumb"},"inLanguage":"es","potentialAction":[{"@type":"ReadAction","target":["https:\/\/autofans.com.ar\/index.php\/2025\/06\/26\/mercedes-benz-camiones-y-buses-presenta-entrevistas-en-actros-2\/"]}]},{"@type":"ImageObject","inLanguage":"es","@id":"https:\/\/autofans.com.ar\/index.php\/2025\/06\/26\/mercedes-benz-camiones-y-buses-presenta-entrevistas-en-actros-2\/#primaryimage","url":"https:\/\/autofans.com.ar\/wp-content\/uploads\/2025\/06\/mercedes-2-4.jpg","contentUrl":"https:\/\/autofans.com.ar\/wp-content\/uploads\/2025\/06\/mercedes-2-4.jpg","width":1000,"height":667,"caption":"Mercedes-Benz"},{"@type":"BreadcrumbList","@id":"https:\/\/autofans.com.ar\/index.php\/2025\/06\/26\/mercedes-benz-camiones-y-buses-presenta-entrevistas-en-actros-2\/#breadcrumb","itemListElement":[{"@type":"ListItem","position":1,"name":"Inicio","item":"https:\/\/autofans.com.ar\/"},{"@type":"ListItem","position":2,"name":"Mercedes-Benz Camiones y Buses presenta \u201cEntrevistas en Actros 2\u201d"}]},{"@type":"WebSite","@id":"https:\/\/autofans.com.ar\/#website","url":"https:\/\/autofans.com.ar\/","name":"","description":"El multimedio referente de la industria automotriz","potentialAction":[{"@type":"SearchAction","target":{"@type":"EntryPoint","urlTemplate":"https:\/\/autofans.com.ar\/?s={search_term_string}"},"query-input":{"@type":"PropertyValueSpecification","valueRequired":true,"valueName":"search_term_string"}}],"inLanguage":"es"},{"@type":"Person","@id":"https:\/\/autofans.com.ar\/#\/schema\/person\/4a8dda0b6df83ac3d6723e921274c2aa","name":"Alejandro Gabriel Rosito","image":{"@type":"ImageObject","inLanguage":"es","@id":"https:\/\/secure.gravatar.com\/avatar\/16c5dda1489adfc62618084dcbb91cffd879c374b13fe5dd8e44ed6733852c88?s=96&d=mm&r=g","url":"https:\/\/secure.gravatar.com\/avatar\/16c5dda1489adfc62618084dcbb91cffd879c374b13fe5dd8e44ed6733852c88?s=96&d=mm&r=g","contentUrl":"https:\/\/secure.gravatar.com\/avatar\/16c5dda1489adfc62618084dcbb91cffd879c374b13fe5dd8e44ed6733852c88?s=96&d=mm&r=g","caption":"Alejandro Gabriel Rosito"},"url":"https:\/\/autofans.com.ar\/index.php\/author\/gabrielr\/"}]}},"featured_image_urls":{"full":["https:\/\/autofans.com.ar\/wp-content\/uploads\/2025\/06\/mercedes-2-4.jpg",1000,667,false],"thumbnail":["https:\/\/autofans.com.ar\/wp-content\/uploads\/2025\/06\/mercedes-2-4-150x150.jpg",150,150,true],"medium":["https:\/\/autofans.com.ar\/wp-content\/uploads\/2025\/06\/mercedes-2-4-300x200.jpg",300,200,true],"medium_large":["https:\/\/autofans.com.ar\/wp-content\/uploads\/2025\/06\/mercedes-2-4-768x512.jpg",640,427,true],"large":["https:\/\/autofans.com.ar\/wp-content\/uploads\/2025\/06\/mercedes-2-4.jpg",640,427,false],"1536x1536":["https:\/\/autofans.com.ar\/wp-content\/uploads\/2025\/06\/mercedes-2-4.jpg",1000,667,false],"2048x2048":["https:\/\/autofans.com.ar\/wp-content\/uploads\/2025\/06\/mercedes-2-4.jpg",1000,667,false],"covernews-featured":["https:\/\/autofans.com.ar\/wp-content\/uploads\/2025\/06\/mercedes-2-4.jpg",1000,667,false],"covernews-medium":["https:\/\/autofans.com.ar\/wp-content\/uploads\/2025\/06\/mercedes-2-4-540x340.jpg",540,340,true]},"author_info":{"display_name":"Alejandro Gabriel Rosito","author_link":"https:\/\/autofans.com.ar\/index.php\/author\/gabrielr\/"},"category_info":"<a href=\"https:\/\/autofans.com.ar\/index.php\/category\/noticias\/bizstyle\/\" rel=\"category tag\">BIZSTYLE<\/a> <a href=\"https:\/\/autofans.com.ar\/index.php\/category\/noticias\/\" rel=\"category tag\">NOTICIAS<\/a>","tag_info":"NOTICIAS","comment_count":0,"_links":{"self":[{"href":"https:\/\/autofans.com.ar\/index.php\/wp-json\/wp\/v2\/posts\/13081","targetHints":{"allow":["GET"]}}],"collection":[{"href":"https:\/\/autofans.com.ar\/index.php\/wp-json\/wp\/v2\/posts"}],"about":[{"href":"https:\/\/autofans.com.ar\/index.php\/wp-json\/wp\/v2\/types\/post"}],"author":[{"embeddable":true,"href":"https:\/\/autofans.com.ar\/index.php\/wp-json\/wp\/v2\/users\/2"}],"replies":[{"embeddable":true,"href":"https:\/\/autofans.com.ar\/index.php\/wp-json\/wp\/v2\/comments?post=13081"}],"version-history":[{"count":5,"href":"https:\/\/autofans.com.ar\/index.php\/wp-json\/wp\/v2\/posts\/13081\/revisions"}],"predecessor-version":[{"id":13089,"href":"https:\/\/autofans.com.ar\/index.php\/wp-json\/wp\/v2\/posts\/13081\/revisions\/13089"}],"wp:featuredmedia":[{"embeddable":true,"href":"https:\/\/autofans.com.ar\/index.php\/wp-json\/wp\/v2\/media\/13087"}],"wp:attachment":[{"href":"https:\/\/autofans.com.ar\/index.php\/wp-json\/wp\/v2\/media?parent=13081"}],"wp:term":[{"taxonomy":"category","embeddable":true,"href":"https:\/\/autofans.com.ar\/index.php\/wp-json\/wp\/v2\/categories?post=13081"},{"taxonomy":"post_tag","embeddable":true,"href":"https:\/\/autofans.com.ar\/index.php\/wp-json\/wp\/v2\/tags?post=13081"}],"curies":[{"name":"wp","href":"https:\/\/api.w.org\/{rel}","templated":true}]}}