{"id":13130,"date":"2025-07-02T17:20:32","date_gmt":"2025-07-02T20:20:32","guid":{"rendered":"https:\/\/autofans.com.ar\/?p=13130"},"modified":"2025-07-02T17:20:32","modified_gmt":"2025-07-02T20:20:32","slug":"mercedes-benz-camiones-y-buses-se-suma-de-nuevo-a-elotrofrio","status":"publish","type":"post","link":"https:\/\/autofans.com.ar\/index.php\/2025\/07\/02\/mercedes-benz-camiones-y-buses-se-suma-de-nuevo-a-elotrofrio\/","title":{"rendered":"Mercedes-Benz Camiones y Buses se suma de nuevo a #ElOtroFr\u00edo"},"content":{"rendered":"<p data-start=\"561\" data-end=\"768\">Mercedes-Benz Camiones y Buses renueva su compromiso con una campa\u00f1a que transforma residuos en aislantes t\u00e9rmicos para personas en situaci\u00f3n de calle. El proyecto se extiende hasta fines de agosto en CABA y GBA.<\/p>\n<p>&nbsp;<\/p>\n<h2 data-start=\"796\" data-end=\"1106\">Una campa\u00f1a que une reciclado, inclusi\u00f3n y ayuda social<\/h2>\n<p>&nbsp;<\/p>\n<p><img fetchpriority=\"high\" decoding=\"async\" class=\"aligncenter wp-image-13136 size-full\" src=\"https:\/\/autofans.com.ar\/wp-content\/uploads\/2025\/07\/mercedes-4.jpg\" alt=\"Mercedes-Benz\" width=\"1000\" height=\"667\" srcset=\"https:\/\/autofans.com.ar\/wp-content\/uploads\/2025\/07\/mercedes-4.jpg 1000w, https:\/\/autofans.com.ar\/wp-content\/uploads\/2025\/07\/mercedes-4-300x200.jpg 300w, https:\/\/autofans.com.ar\/wp-content\/uploads\/2025\/07\/mercedes-4-768x512.jpg 768w\" sizes=\"(max-width: 1000px) 100vw, 1000px\" \/><\/p>\n<p><span style=\"color: #ffffff;\">y<\/span><\/p>\n<p><span style=\"color: #ffffff;\">.<\/span><\/p>\n<p>Mercedes-Benz Camiones y Buses participa por sexto a\u00f1o consecutivo en #ElOtroFr\u00edo, una iniciativa solidaria que busca darle un nuevo uso a los sachets vac\u00edos de leche o yogur: convertirlos en aislantes t\u00e9rmicos para quienes viven en la calle.<\/p>\n<p data-start=\"1108\" data-end=\"1374\">La campa\u00f1a, impulsada por el Consejo Publicitario Argentino junto a organizaciones sociales como Fundaci\u00f3n Espartanos, Vikingos Rugby UP43, Justicia Restaurativa y Caminos Solidarios, apunta a reducir el impacto del fr\u00edo con una soluci\u00f3n simple y colaborativa.<\/p>\n<p>&nbsp;<\/p>\n<blockquote>\n<p style=\"text-align: center;\">Gonzalo Rodi\u00f1o, Gerente de Relaciones Institucionales de Mercedes-Benz Camiones y Buses, se\u00f1al\u00f3: \u201cParticipar en la campa\u00f1a #ElOtroFr\u00edo un nuevo a\u00f1o junto al CPA y las organizaciones aliadas, significa contribuir con personas en situaci\u00f3n de vulnerabilidad, fomentar el reciclado y potenciar proyectos de inclusi\u00f3n dentro de contextos penitenciarios\u201d<\/p>\n<\/blockquote>\n<p>&nbsp;<\/p>\n<h2 style=\"text-align: left;\">Mercedes-Benz &#8211; c\u00f3mo es el proceso y qui\u00e9nes participan<\/h2>\n<p data-start=\"1376\" data-end=\"1678\">El trabajo arranca con la recolecci\u00f3n de sachets limpios y secos en puntos distribuidos en CABA y el conurbano bonaerense. Mercedes-Benz colabora habilitando espacios de acopio, donando cajas y selladoras t\u00e9rmicas, y ayudando a difundir la propuesta.<\/p>\n<p data-start=\"1376\" data-end=\"1678\"><span style=\"color: #ffffff;\">.<\/span><\/p>\n<p data-start=\"1376\" data-end=\"1678\"><img decoding=\"async\" class=\"aligncenter wp-image-13133 size-full\" src=\"https:\/\/autofans.com.ar\/wp-content\/uploads\/2025\/07\/mercedes-1.jpg\" alt=\"Mercedes-Benz\" width=\"1000\" height=\"667\" srcset=\"https:\/\/autofans.com.ar\/wp-content\/uploads\/2025\/07\/mercedes-1.jpg 1000w, https:\/\/autofans.com.ar\/wp-content\/uploads\/2025\/07\/mercedes-1-300x200.jpg 300w, https:\/\/autofans.com.ar\/wp-content\/uploads\/2025\/07\/mercedes-1-768x512.jpg 768w\" sizes=\"(max-width: 1000px) 100vw, 1000px\" \/><\/p>\n<p data-start=\"1680\" data-end=\"2009\"><span style=\"color: #ffffff;\">r<\/span><\/p>\n<p data-start=\"1680\" data-end=\"2009\">Los sachets recolectados se trasladan a talleres en unidades penitenciarias, donde se transforman en aislantes gracias a la articulaci\u00f3n entre Fundaci\u00f3n Espartanos y Justicia Restaurativa. La producci\u00f3n, adem\u00e1s de tener impacto ambiental, genera instancias de formaci\u00f3n y reinserci\u00f3n para las personas privadas de libertad.<\/p>\n<p data-start=\"2011\" data-end=\"2210\">Una vez listos, los aislantes son distribuidos por organizaciones que trabajan en contacto directo con personas en situaci\u00f3n de calle, como Caminos Solidarios Argentina y Amigos en el Camino.<\/p>\n<p>&nbsp;<\/p>\n<blockquote>\n<p style=\"text-align: center;\">Myriam Mihkelson, integrante del Comit\u00e9 Ejecutivo del Consejo Publicitario Argentino y l\u00edder del proyecto El Otro Fr\u00edo expres\u00f3: \u201c#ElOtroFr\u00edo sigue creciendo porque suma voluntades y demuestra que el compromiso social puede traducirse en acciones tan simples como donar un sachet, pero con un impacto enorme en la comunidad\u201d.<\/p>\n<\/blockquote>\n<p>&nbsp;<\/p>\n<h2 data-start=\"2212\" data-end=\"2634\">Compromiso sostenido con el entorno<\/h2>\n<p data-start=\"2212\" data-end=\"2634\"><br data-start=\"2251\" data-end=\"2254\" \/>La participaci\u00f3n de Mercedes-Benz Camiones y Buses se enmarca en su estrategia global de sostenibilidad (ESG), que abarca el cuidado ambiental, la inclusi\u00f3n social y el desarrollo comunitario. Con esta acci\u00f3n, la compa\u00f1\u00eda reafirma su visi\u00f3n de que el trabajo conjunto entre empresas, sociedad civil y ciudadan\u00eda puede generar soluciones concretas frente a desaf\u00edos urgentes.<\/p>\n<p data-start=\"2212\" data-end=\"2634\"><span style=\"color: #ffffff;\">u<\/span><\/p>\n<p data-start=\"2212\" data-end=\"2634\"><img decoding=\"async\" class=\"aligncenter wp-image-13134 size-full\" src=\"https:\/\/autofans.com.ar\/wp-content\/uploads\/2025\/07\/mercedes-2.jpg\" alt=\"Mercedes-Benz\" width=\"1000\" height=\"667\" srcset=\"https:\/\/autofans.com.ar\/wp-content\/uploads\/2025\/07\/mercedes-2.jpg 1000w, https:\/\/autofans.com.ar\/wp-content\/uploads\/2025\/07\/mercedes-2-300x200.jpg 300w, https:\/\/autofans.com.ar\/wp-content\/uploads\/2025\/07\/mercedes-2-768x512.jpg 768w\" sizes=\"(max-width: 1000px) 100vw, 1000px\" \/><\/p>\n<p data-start=\"2212\" data-end=\"2634\"><span style=\"color: #ffffff;\">k<\/span><\/p>\n<p data-start=\"2212\" data-end=\"2634\">Hasta fines de agosto, cualquier persona puede colaborar acercando sachets limpios a los puntos habilitados o incluso fabricando aislantes desde sus casas. En <a class=\"\" href=\"http:\/\/www.elotrofrio.org.ar\/\" target=\"_new\" rel=\"noopener\" data-start=\"2827\" data-end=\"2881\">www.elotrofrio.org.ar<\/a> hay gu\u00edas paso a paso para quienes quieran participar desde otros puntos del pa\u00eds.<\/p>\n<p><i>Para enterarte de m\u00e1s novedades, no dejes de leer\u00a0<\/i><a href=\"https:\/\/autofans.thebrandsoup.com\/\"><i>nuestras notas<\/i><\/a><i>, de ver\u00a0<\/i><a href=\"https:\/\/www.youtube.com\/channel\/UCgAC8UGHZYbT6P7PpmVnP7g\"><i>AUTOFANS TV<\/i><\/a><i>\u00a0en nuestro\u00a0canal de Youtube. Adem\u00e1s seguinos en\u00a0<\/i><a href=\"https:\/\/www.instagram.com\/autofanstv\/\"><i>INSTAGRAM<\/i><\/a><i> y <\/i><a href=\"https:\/\/www.facebook.com\/autofansmas\/\"><i>FACEBOOK<\/i><\/a><i> para no perderte nada sobre las novedades del segmento automotor de Argentina y el mundo.<\/i><\/p>\n","protected":false},"excerpt":{"rendered":"<p>Mercedes-Benz Camiones y Buses renueva su compromiso con una campa\u00f1a que transforma residuos en aislantes&#8230;<\/p>\n","protected":false},"author":2,"featured_media":13135,"comment_status":"closed","ping_status":"closed","sticky":false,"template":"","format":"standard","meta":{"footnotes":""},"categories":[16,10],"tags":[6960,6962,6961,869,6963,4520,6964],"class_list":["post-13130","post","type-post","status-publish","format-standard","has-post-thumbnail","hentry","category-noticias","category-utilitarios-y-pesados-lanzamientos","tag-el-otro-frio","tag-fundacion-espartanos","tag-inclusion-penitenciaria","tag-mercedes-benz-camiones-y-buses","tag-reciclaje-solidario","tag-sachets-reciclados","tag-sostenibilidad-argentina"],"yoast_head":"<!-- This site is optimized with the Yoast SEO plugin v27.5 - https:\/\/yoast.com\/product\/yoast-seo-wordpress\/ -->\n<title>Mercedes-Benz Camiones y Buses se suma de nuevo a #ElOtroFr\u00edo -<\/title>\n<meta name=\"description\" content=\"La marca renueva su compromiso con una campa\u00f1a que transforma residuos en aislantes t\u00e9rmicos para personas en situaci\u00f3n de calle...\" \/>\n<meta name=\"robots\" content=\"index, follow, max-snippet:-1, max-image-preview:large, max-video-preview:-1\" \/>\n<link rel=\"canonical\" href=\"https:\/\/autofans.com.ar\/index.php\/2025\/07\/02\/mercedes-benz-camiones-y-buses-se-suma-de-nuevo-a-elotrofrio\/\" \/>\n<meta property=\"og:locale\" content=\"es_ES\" \/>\n<meta property=\"og:type\" content=\"article\" \/>\n<meta property=\"og:title\" content=\"Mercedes-Benz Camiones y Buses se suma de nuevo a #ElOtroFr\u00edo -\" \/>\n<meta property=\"og:description\" content=\"La marca renueva su compromiso con una campa\u00f1a que transforma residuos en aislantes t\u00e9rmicos para personas en situaci\u00f3n de calle...\" \/>\n<meta property=\"og:url\" content=\"https:\/\/autofans.com.ar\/index.php\/2025\/07\/02\/mercedes-benz-camiones-y-buses-se-suma-de-nuevo-a-elotrofrio\/\" \/>\n<meta property=\"article:published_time\" content=\"2025-07-02T20:20:32+00:00\" \/>\n<meta property=\"og:image\" content=\"https:\/\/autofans.com.ar\/wp-content\/uploads\/2025\/07\/mercedes-3.jpg\" \/>\n\t<meta property=\"og:image:width\" content=\"1000\" \/>\n\t<meta property=\"og:image:height\" content=\"667\" \/>\n\t<meta property=\"og:image:type\" content=\"image\/jpeg\" \/>\n<meta name=\"author\" content=\"Alejandro Gabriel Rosito\" \/>\n<meta name=\"twitter:card\" content=\"summary_large_image\" \/>\n<meta name=\"twitter:label1\" content=\"Escrito por\" \/>\n\t<meta name=\"twitter:data1\" content=\"Alejandro Gabriel Rosito\" \/>\n\t<meta name=\"twitter:label2\" content=\"Tiempo de lectura\" \/>\n\t<meta name=\"twitter:data2\" content=\"3 minutos\" \/>\n<script type=\"application\/ld+json\" class=\"yoast-schema-graph\">{\"@context\":\"https:\\\/\\\/schema.org\",\"@graph\":[{\"@type\":\"Article\",\"@id\":\"https:\\\/\\\/autofans.com.ar\\\/index.php\\\/2025\\\/07\\\/02\\\/mercedes-benz-camiones-y-buses-se-suma-de-nuevo-a-elotrofrio\\\/#article\",\"isPartOf\":{\"@id\":\"https:\\\/\\\/autofans.com.ar\\\/index.php\\\/2025\\\/07\\\/02\\\/mercedes-benz-camiones-y-buses-se-suma-de-nuevo-a-elotrofrio\\\/\"},\"author\":{\"name\":\"Alejandro Gabriel Rosito\",\"@id\":\"https:\\\/\\\/autofans.com.ar\\\/#\\\/schema\\\/person\\\/4a8dda0b6df83ac3d6723e921274c2aa\"},\"headline\":\"Mercedes-Benz Camiones y Buses se suma de nuevo a #ElOtroFr\u00edo\",\"datePublished\":\"2025-07-02T20:20:32+00:00\",\"mainEntityOfPage\":{\"@id\":\"https:\\\/\\\/autofans.com.ar\\\/index.php\\\/2025\\\/07\\\/02\\\/mercedes-benz-camiones-y-buses-se-suma-de-nuevo-a-elotrofrio\\\/\"},\"wordCount\":539,\"image\":{\"@id\":\"https:\\\/\\\/autofans.com.ar\\\/index.php\\\/2025\\\/07\\\/02\\\/mercedes-benz-camiones-y-buses-se-suma-de-nuevo-a-elotrofrio\\\/#primaryimage\"},\"thumbnailUrl\":\"https:\\\/\\\/autofans.com.ar\\\/wp-content\\\/uploads\\\/2025\\\/07\\\/mercedes-3.jpg\",\"keywords\":[\"El Otro Fr\u00edo\",\"Fundaci\u00f3n Espartanos\",\"inclusi\u00f3n penitenciaria\",\"Mercedes-Benz Camiones y Buses\",\"reciclaje solidario\",\"sachets reciclados\",\"sostenibilidad Argentina\"],\"articleSection\":[\"NOTICIAS\",\"Pick Ups, Utilitarios y Pesados\"],\"inLanguage\":\"es\"},{\"@type\":\"WebPage\",\"@id\":\"https:\\\/\\\/autofans.com.ar\\\/index.php\\\/2025\\\/07\\\/02\\\/mercedes-benz-camiones-y-buses-se-suma-de-nuevo-a-elotrofrio\\\/\",\"url\":\"https:\\\/\\\/autofans.com.ar\\\/index.php\\\/2025\\\/07\\\/02\\\/mercedes-benz-camiones-y-buses-se-suma-de-nuevo-a-elotrofrio\\\/\",\"name\":\"Mercedes-Benz Camiones y Buses se suma de nuevo a #ElOtroFr\u00edo -\",\"isPartOf\":{\"@id\":\"https:\\\/\\\/autofans.com.ar\\\/#website\"},\"primaryImageOfPage\":{\"@id\":\"https:\\\/\\\/autofans.com.ar\\\/index.php\\\/2025\\\/07\\\/02\\\/mercedes-benz-camiones-y-buses-se-suma-de-nuevo-a-elotrofrio\\\/#primaryimage\"},\"image\":{\"@id\":\"https:\\\/\\\/autofans.com.ar\\\/index.php\\\/2025\\\/07\\\/02\\\/mercedes-benz-camiones-y-buses-se-suma-de-nuevo-a-elotrofrio\\\/#primaryimage\"},\"thumbnailUrl\":\"https:\\\/\\\/autofans.com.ar\\\/wp-content\\\/uploads\\\/2025\\\/07\\\/mercedes-3.jpg\",\"datePublished\":\"2025-07-02T20:20:32+00:00\",\"author\":{\"@id\":\"https:\\\/\\\/autofans.com.ar\\\/#\\\/schema\\\/person\\\/4a8dda0b6df83ac3d6723e921274c2aa\"},\"description\":\"La marca renueva su compromiso con una campa\u00f1a que transforma residuos en aislantes t\u00e9rmicos para personas en situaci\u00f3n de calle...\",\"breadcrumb\":{\"@id\":\"https:\\\/\\\/autofans.com.ar\\\/index.php\\\/2025\\\/07\\\/02\\\/mercedes-benz-camiones-y-buses-se-suma-de-nuevo-a-elotrofrio\\\/#breadcrumb\"},\"inLanguage\":\"es\",\"potentialAction\":[{\"@type\":\"ReadAction\",\"target\":[\"https:\\\/\\\/autofans.com.ar\\\/index.php\\\/2025\\\/07\\\/02\\\/mercedes-benz-camiones-y-buses-se-suma-de-nuevo-a-elotrofrio\\\/\"]}]},{\"@type\":\"ImageObject\",\"inLanguage\":\"es\",\"@id\":\"https:\\\/\\\/autofans.com.ar\\\/index.php\\\/2025\\\/07\\\/02\\\/mercedes-benz-camiones-y-buses-se-suma-de-nuevo-a-elotrofrio\\\/#primaryimage\",\"url\":\"https:\\\/\\\/autofans.com.ar\\\/wp-content\\\/uploads\\\/2025\\\/07\\\/mercedes-3.jpg\",\"contentUrl\":\"https:\\\/\\\/autofans.com.ar\\\/wp-content\\\/uploads\\\/2025\\\/07\\\/mercedes-3.jpg\",\"width\":1000,\"height\":667,\"caption\":\"Mercedes-Benz\"},{\"@type\":\"BreadcrumbList\",\"@id\":\"https:\\\/\\\/autofans.com.ar\\\/index.php\\\/2025\\\/07\\\/02\\\/mercedes-benz-camiones-y-buses-se-suma-de-nuevo-a-elotrofrio\\\/#breadcrumb\",\"itemListElement\":[{\"@type\":\"ListItem\",\"position\":1,\"name\":\"Inicio\",\"item\":\"https:\\\/\\\/autofans.com.ar\\\/\"},{\"@type\":\"ListItem\",\"position\":2,\"name\":\"Mercedes-Benz Camiones y Buses se suma de nuevo a #ElOtroFr\u00edo\"}]},{\"@type\":\"WebSite\",\"@id\":\"https:\\\/\\\/autofans.com.ar\\\/#website\",\"url\":\"https:\\\/\\\/autofans.com.ar\\\/\",\"name\":\"\",\"description\":\"El multimedio referente de la industria automotriz\",\"potentialAction\":[{\"@type\":\"SearchAction\",\"target\":{\"@type\":\"EntryPoint\",\"urlTemplate\":\"https:\\\/\\\/autofans.com.ar\\\/?s={search_term_string}\"},\"query-input\":{\"@type\":\"PropertyValueSpecification\",\"valueRequired\":true,\"valueName\":\"search_term_string\"}}],\"inLanguage\":\"es\"},{\"@type\":\"Person\",\"@id\":\"https:\\\/\\\/autofans.com.ar\\\/#\\\/schema\\\/person\\\/4a8dda0b6df83ac3d6723e921274c2aa\",\"name\":\"Alejandro Gabriel Rosito\",\"image\":{\"@type\":\"ImageObject\",\"inLanguage\":\"es\",\"@id\":\"https:\\\/\\\/secure.gravatar.com\\\/avatar\\\/16c5dda1489adfc62618084dcbb91cffd879c374b13fe5dd8e44ed6733852c88?s=96&d=mm&r=g\",\"url\":\"https:\\\/\\\/secure.gravatar.com\\\/avatar\\\/16c5dda1489adfc62618084dcbb91cffd879c374b13fe5dd8e44ed6733852c88?s=96&d=mm&r=g\",\"contentUrl\":\"https:\\\/\\\/secure.gravatar.com\\\/avatar\\\/16c5dda1489adfc62618084dcbb91cffd879c374b13fe5dd8e44ed6733852c88?s=96&d=mm&r=g\",\"caption\":\"Alejandro Gabriel Rosito\"},\"url\":\"https:\\\/\\\/autofans.com.ar\\\/index.php\\\/author\\\/gabrielr\\\/\"}]}<\/script>\n<!-- \/ Yoast SEO plugin. -->","yoast_head_json":{"title":"Mercedes-Benz Camiones y Buses se suma de nuevo a #ElOtroFr\u00edo -","description":"La marca renueva su compromiso con una campa\u00f1a que transforma residuos en aislantes t\u00e9rmicos para personas en situaci\u00f3n de calle...","robots":{"index":"index","follow":"follow","max-snippet":"max-snippet:-1","max-image-preview":"max-image-preview:large","max-video-preview":"max-video-preview:-1"},"canonical":"https:\/\/autofans.com.ar\/index.php\/2025\/07\/02\/mercedes-benz-camiones-y-buses-se-suma-de-nuevo-a-elotrofrio\/","og_locale":"es_ES","og_type":"article","og_title":"Mercedes-Benz Camiones y Buses se suma de nuevo a #ElOtroFr\u00edo -","og_description":"La marca renueva su compromiso con una campa\u00f1a que transforma residuos en aislantes t\u00e9rmicos para personas en situaci\u00f3n de calle...","og_url":"https:\/\/autofans.com.ar\/index.php\/2025\/07\/02\/mercedes-benz-camiones-y-buses-se-suma-de-nuevo-a-elotrofrio\/","article_published_time":"2025-07-02T20:20:32+00:00","og_image":[{"width":1000,"height":667,"url":"https:\/\/autofans.com.ar\/wp-content\/uploads\/2025\/07\/mercedes-3.jpg","type":"image\/jpeg"}],"author":"Alejandro Gabriel Rosito","twitter_card":"summary_large_image","twitter_misc":{"Escrito por":"Alejandro Gabriel Rosito","Tiempo de lectura":"3 minutos"},"schema":{"@context":"https:\/\/schema.org","@graph":[{"@type":"Article","@id":"https:\/\/autofans.com.ar\/index.php\/2025\/07\/02\/mercedes-benz-camiones-y-buses-se-suma-de-nuevo-a-elotrofrio\/#article","isPartOf":{"@id":"https:\/\/autofans.com.ar\/index.php\/2025\/07\/02\/mercedes-benz-camiones-y-buses-se-suma-de-nuevo-a-elotrofrio\/"},"author":{"name":"Alejandro Gabriel Rosito","@id":"https:\/\/autofans.com.ar\/#\/schema\/person\/4a8dda0b6df83ac3d6723e921274c2aa"},"headline":"Mercedes-Benz Camiones y Buses se suma de nuevo a #ElOtroFr\u00edo","datePublished":"2025-07-02T20:20:32+00:00","mainEntityOfPage":{"@id":"https:\/\/autofans.com.ar\/index.php\/2025\/07\/02\/mercedes-benz-camiones-y-buses-se-suma-de-nuevo-a-elotrofrio\/"},"wordCount":539,"image":{"@id":"https:\/\/autofans.com.ar\/index.php\/2025\/07\/02\/mercedes-benz-camiones-y-buses-se-suma-de-nuevo-a-elotrofrio\/#primaryimage"},"thumbnailUrl":"https:\/\/autofans.com.ar\/wp-content\/uploads\/2025\/07\/mercedes-3.jpg","keywords":["El Otro Fr\u00edo","Fundaci\u00f3n Espartanos","inclusi\u00f3n penitenciaria","Mercedes-Benz Camiones y Buses","reciclaje solidario","sachets reciclados","sostenibilidad Argentina"],"articleSection":["NOTICIAS","Pick Ups, Utilitarios y Pesados"],"inLanguage":"es"},{"@type":"WebPage","@id":"https:\/\/autofans.com.ar\/index.php\/2025\/07\/02\/mercedes-benz-camiones-y-buses-se-suma-de-nuevo-a-elotrofrio\/","url":"https:\/\/autofans.com.ar\/index.php\/2025\/07\/02\/mercedes-benz-camiones-y-buses-se-suma-de-nuevo-a-elotrofrio\/","name":"Mercedes-Benz Camiones y Buses se suma de nuevo a #ElOtroFr\u00edo -","isPartOf":{"@id":"https:\/\/autofans.com.ar\/#website"},"primaryImageOfPage":{"@id":"https:\/\/autofans.com.ar\/index.php\/2025\/07\/02\/mercedes-benz-camiones-y-buses-se-suma-de-nuevo-a-elotrofrio\/#primaryimage"},"image":{"@id":"https:\/\/autofans.com.ar\/index.php\/2025\/07\/02\/mercedes-benz-camiones-y-buses-se-suma-de-nuevo-a-elotrofrio\/#primaryimage"},"thumbnailUrl":"https:\/\/autofans.com.ar\/wp-content\/uploads\/2025\/07\/mercedes-3.jpg","datePublished":"2025-07-02T20:20:32+00:00","author":{"@id":"https:\/\/autofans.com.ar\/#\/schema\/person\/4a8dda0b6df83ac3d6723e921274c2aa"},"description":"La marca renueva su compromiso con una campa\u00f1a que transforma residuos en aislantes t\u00e9rmicos para personas en situaci\u00f3n de calle...","breadcrumb":{"@id":"https:\/\/autofans.com.ar\/index.php\/2025\/07\/02\/mercedes-benz-camiones-y-buses-se-suma-de-nuevo-a-elotrofrio\/#breadcrumb"},"inLanguage":"es","potentialAction":[{"@type":"ReadAction","target":["https:\/\/autofans.com.ar\/index.php\/2025\/07\/02\/mercedes-benz-camiones-y-buses-se-suma-de-nuevo-a-elotrofrio\/"]}]},{"@type":"ImageObject","inLanguage":"es","@id":"https:\/\/autofans.com.ar\/index.php\/2025\/07\/02\/mercedes-benz-camiones-y-buses-se-suma-de-nuevo-a-elotrofrio\/#primaryimage","url":"https:\/\/autofans.com.ar\/wp-content\/uploads\/2025\/07\/mercedes-3.jpg","contentUrl":"https:\/\/autofans.com.ar\/wp-content\/uploads\/2025\/07\/mercedes-3.jpg","width":1000,"height":667,"caption":"Mercedes-Benz"},{"@type":"BreadcrumbList","@id":"https:\/\/autofans.com.ar\/index.php\/2025\/07\/02\/mercedes-benz-camiones-y-buses-se-suma-de-nuevo-a-elotrofrio\/#breadcrumb","itemListElement":[{"@type":"ListItem","position":1,"name":"Inicio","item":"https:\/\/autofans.com.ar\/"},{"@type":"ListItem","position":2,"name":"Mercedes-Benz Camiones y Buses se suma de nuevo a #ElOtroFr\u00edo"}]},{"@type":"WebSite","@id":"https:\/\/autofans.com.ar\/#website","url":"https:\/\/autofans.com.ar\/","name":"","description":"El multimedio referente de la industria automotriz","potentialAction":[{"@type":"SearchAction","target":{"@type":"EntryPoint","urlTemplate":"https:\/\/autofans.com.ar\/?s={search_term_string}"},"query-input":{"@type":"PropertyValueSpecification","valueRequired":true,"valueName":"search_term_string"}}],"inLanguage":"es"},{"@type":"Person","@id":"https:\/\/autofans.com.ar\/#\/schema\/person\/4a8dda0b6df83ac3d6723e921274c2aa","name":"Alejandro Gabriel Rosito","image":{"@type":"ImageObject","inLanguage":"es","@id":"https:\/\/secure.gravatar.com\/avatar\/16c5dda1489adfc62618084dcbb91cffd879c374b13fe5dd8e44ed6733852c88?s=96&d=mm&r=g","url":"https:\/\/secure.gravatar.com\/avatar\/16c5dda1489adfc62618084dcbb91cffd879c374b13fe5dd8e44ed6733852c88?s=96&d=mm&r=g","contentUrl":"https:\/\/secure.gravatar.com\/avatar\/16c5dda1489adfc62618084dcbb91cffd879c374b13fe5dd8e44ed6733852c88?s=96&d=mm&r=g","caption":"Alejandro Gabriel Rosito"},"url":"https:\/\/autofans.com.ar\/index.php\/author\/gabrielr\/"}]}},"featured_image_urls":{"full":["https:\/\/autofans.com.ar\/wp-content\/uploads\/2025\/07\/mercedes-3.jpg",1000,667,false],"thumbnail":["https:\/\/autofans.com.ar\/wp-content\/uploads\/2025\/07\/mercedes-3-150x150.jpg",150,150,true],"medium":["https:\/\/autofans.com.ar\/wp-content\/uploads\/2025\/07\/mercedes-3-300x200.jpg",300,200,true],"medium_large":["https:\/\/autofans.com.ar\/wp-content\/uploads\/2025\/07\/mercedes-3-768x512.jpg",640,427,true],"large":["https:\/\/autofans.com.ar\/wp-content\/uploads\/2025\/07\/mercedes-3.jpg",640,427,false],"1536x1536":["https:\/\/autofans.com.ar\/wp-content\/uploads\/2025\/07\/mercedes-3.jpg",1000,667,false],"2048x2048":["https:\/\/autofans.com.ar\/wp-content\/uploads\/2025\/07\/mercedes-3.jpg",1000,667,false],"covernews-featured":["https:\/\/autofans.com.ar\/wp-content\/uploads\/2025\/07\/mercedes-3.jpg",1000,667,false],"covernews-medium":["https:\/\/autofans.com.ar\/wp-content\/uploads\/2025\/07\/mercedes-3-540x340.jpg",540,340,true]},"author_info":{"display_name":"Alejandro Gabriel Rosito","author_link":"https:\/\/autofans.com.ar\/index.php\/author\/gabrielr\/"},"category_info":"<a href=\"https:\/\/autofans.com.ar\/index.php\/category\/noticias\/\" rel=\"category tag\">NOTICIAS<\/a> <a href=\"https:\/\/autofans.com.ar\/index.php\/category\/lanzamientos\/utilitarios-y-pesados-lanzamientos\/\" rel=\"category tag\">Pick Ups, Utilitarios y Pesados<\/a>","tag_info":"Pick Ups, Utilitarios y Pesados","comment_count":0,"_links":{"self":[{"href":"https:\/\/autofans.com.ar\/index.php\/wp-json\/wp\/v2\/posts\/13130","targetHints":{"allow":["GET"]}}],"collection":[{"href":"https:\/\/autofans.com.ar\/index.php\/wp-json\/wp\/v2\/posts"}],"about":[{"href":"https:\/\/autofans.com.ar\/index.php\/wp-json\/wp\/v2\/types\/post"}],"author":[{"embeddable":true,"href":"https:\/\/autofans.com.ar\/index.php\/wp-json\/wp\/v2\/users\/2"}],"replies":[{"embeddable":true,"href":"https:\/\/autofans.com.ar\/index.php\/wp-json\/wp\/v2\/comments?post=13130"}],"version-history":[{"count":18,"href":"https:\/\/autofans.com.ar\/index.php\/wp-json\/wp\/v2\/posts\/13130\/revisions"}],"predecessor-version":[{"id":13153,"href":"https:\/\/autofans.com.ar\/index.php\/wp-json\/wp\/v2\/posts\/13130\/revisions\/13153"}],"wp:featuredmedia":[{"embeddable":true,"href":"https:\/\/autofans.com.ar\/index.php\/wp-json\/wp\/v2\/media\/13135"}],"wp:attachment":[{"href":"https:\/\/autofans.com.ar\/index.php\/wp-json\/wp\/v2\/media?parent=13130"}],"wp:term":[{"taxonomy":"category","embeddable":true,"href":"https:\/\/autofans.com.ar\/index.php\/wp-json\/wp\/v2\/categories?post=13130"},{"taxonomy":"post_tag","embeddable":true,"href":"https:\/\/autofans.com.ar\/index.php\/wp-json\/wp\/v2\/tags?post=13130"}],"curies":[{"name":"wp","href":"https:\/\/api.w.org\/{rel}","templated":true}]}}