{"id":13175,"date":"2025-07-07T18:59:24","date_gmt":"2025-07-07T21:59:24","guid":{"rendered":"https:\/\/autofans.com.ar\/?p=13175"},"modified":"2025-07-07T18:59:24","modified_gmt":"2025-07-07T21:59:24","slug":"de-brasil-a-paraguay-iveco-despliega-130-ambulancias-daily","status":"publish","type":"post","link":"https:\/\/autofans.com.ar\/index.php\/2025\/07\/07\/de-brasil-a-paraguay-iveco-despliega-130-ambulancias-daily\/","title":{"rendered":"De Brasil a Paraguay, IVECO despliega 130 ambulancias Daily"},"content":{"rendered":"<p class=\"ds-markdown-paragraph\">IVECO concret\u00f3 la entrega de 26 ambulancias Daily al gobierno de Paraguay, parte de un total de 130 unidades adquiridas. Este movimiento forma parte de la modernizaci\u00f3n del Servicio de Emergencias M\u00e9dicas Extrahospitalarias (SEME) y consolida la participaci\u00f3n de la marca en licitaciones p\u00fablicas en la regi\u00f3n.<\/p>\n<p>&nbsp;<\/p>\n<h2>Un paso clave para la salud p\u00fablica paraguaya<\/h2>\n<p class=\"ds-markdown-paragraph\">La ceremonia de entrega, realizada en el Palacio de Gobierno con la presencia del presidente Santiago Pe\u00f1a, permitir\u00e1 duplicar la capacidad de atenci\u00f3n de urgencias en el pa\u00eds. Las ambulancias, financiadas por Itaipu Binacional, son parte de un esfuerzo por mejorar la infraestructura sanitaria.<\/p>\n<p>&nbsp;<\/p>\n<p><img fetchpriority=\"high\" decoding=\"async\" class=\"aligncenter wp-image-13178 size-full\" src=\"https:\/\/autofans.com.ar\/wp-content\/uploads\/2025\/07\/iveco-1.jpg\" alt=\"IVECO\" width=\"1000\" height=\"667\" srcset=\"https:\/\/autofans.com.ar\/wp-content\/uploads\/2025\/07\/iveco-1.jpg 1000w, https:\/\/autofans.com.ar\/wp-content\/uploads\/2025\/07\/iveco-1-300x200.jpg 300w, https:\/\/autofans.com.ar\/wp-content\/uploads\/2025\/07\/iveco-1-768x512.jpg 768w\" sizes=\"(max-width: 1000px) 100vw, 1000px\" \/><\/p>\n<p>&nbsp;<\/p>\n<h2>IVECO &#8211; tecnolog\u00eda y versatilidad en cada unidad<\/h2>\n<p class=\"ds-markdown-paragraph\">Los veh\u00edculos entregados corresponden al modelo Daily 30-160 Furg\u00f3n Euro VI, equipados con soporte vital avanzado y clasificados como Unidades de Terapia Intensiva m\u00f3viles. Fabricadas en la planta de Sete Lagoas (Brasil), destacan por su eficiencia y bajo costo operativo (TCO). Adem\u00e1s, se incluy\u00f3 la primera venta del Daily 4&#215;4 Euro VI, producido en Brescia (Italia).<\/p>\n<p>&nbsp;<\/p>\n<p><img decoding=\"async\" class=\"aligncenter wp-image-13176 size-full\" src=\"https:\/\/autofans.com.ar\/wp-content\/uploads\/2025\/07\/iveco-3.jpg\" alt=\"IVECO\" width=\"1000\" height=\"667\" srcset=\"https:\/\/autofans.com.ar\/wp-content\/uploads\/2025\/07\/iveco-3.jpg 1000w, https:\/\/autofans.com.ar\/wp-content\/uploads\/2025\/07\/iveco-3-300x200.jpg 300w, https:\/\/autofans.com.ar\/wp-content\/uploads\/2025\/07\/iveco-3-768x512.jpg 768w\" sizes=\"(max-width: 1000px) 100vw, 1000px\" \/><\/p>\n<p>&nbsp;<\/p>\n<h2>Expansi\u00f3n regional y compromiso con el sector<\/h2>\n<p class=\"ds-markdown-paragraph\">Marcio Querichelli, presidente de IVECO para Am\u00e9rica Latina, resalt\u00f3 el crecimiento de la marca en el mercado latinoamericano, tanto en licitaciones como en la atenci\u00f3n a transportistas independientes. Las 104 unidades restantes se entregar\u00e1n en los pr\u00f3ximos meses, completando una de las renovaciones m\u00e1s importantes del SEME.<\/p>\n<p>&nbsp;<\/p>\n<p>&nbsp;<\/p>\n<p><i>Para enterarte de m\u00e1s novedades, no dejes de leer\u00a0<\/i><a href=\"https:\/\/autofans.thebrandsoup.com\/\"><i>nuestras notas<\/i><\/a><i>, de ver\u00a0<\/i><a href=\"https:\/\/www.youtube.com\/channel\/UCgAC8UGHZYbT6P7PpmVnP7g\"><i>AUTOFANS TV<\/i><\/a><i>\u00a0en nuestro\u00a0canal de Youtube. Adem\u00e1s seguinos en\u00a0<\/i><a href=\"https:\/\/www.instagram.com\/autofanstv\/\"><i>INSTAGRAM<\/i><\/a><i> y <\/i><a href=\"https:\/\/www.facebook.com\/autofansmas\/\"><i>FACEBOOK<\/i><\/a><i> para no perderte nada sobre las novedades del segmento automotor de Argentina y el mundo.<\/i><\/p>\n","protected":false},"excerpt":{"rendered":"<p>IVECO concret\u00f3 la entrega de 26 ambulancias Daily al gobierno de Paraguay, parte de un&#8230;<\/p>\n","protected":false},"author":2,"featured_media":13177,"comment_status":"closed","ping_status":"closed","sticky":false,"template":"","format":"standard","meta":{"footnotes":""},"categories":[16,5],"tags":[],"class_list":["post-13175","post","type-post","status-publish","format-standard","has-post-thumbnail","hentry","category-noticias","category-otros"],"yoast_head":"<!-- This site is optimized with the Yoast SEO plugin v27.5 - https:\/\/yoast.com\/product\/yoast-seo-wordpress\/ -->\n<title>De Brasil a Paraguay, IVECO despliega 130 ambulancias Daily -<\/title>\n<meta name=\"description\" content=\"IVECO avanza con la entrega de 26 ambulancias Daily en Paraguay, reforzando la salud p\u00fablica y su liderazgo en transporte sanitario...\" \/>\n<meta name=\"robots\" content=\"index, follow, max-snippet:-1, max-image-preview:large, max-video-preview:-1\" \/>\n<link rel=\"canonical\" href=\"https:\/\/autofans.com.ar\/index.php\/2025\/07\/07\/de-brasil-a-paraguay-iveco-despliega-130-ambulancias-daily\/\" \/>\n<meta property=\"og:locale\" content=\"es_ES\" \/>\n<meta property=\"og:type\" content=\"article\" \/>\n<meta property=\"og:title\" content=\"De Brasil a Paraguay, IVECO despliega 130 ambulancias Daily -\" \/>\n<meta property=\"og:description\" content=\"IVECO avanza con la entrega de 26 ambulancias Daily en Paraguay, reforzando la salud p\u00fablica y su liderazgo en transporte sanitario...\" \/>\n<meta property=\"og:url\" content=\"https:\/\/autofans.com.ar\/index.php\/2025\/07\/07\/de-brasil-a-paraguay-iveco-despliega-130-ambulancias-daily\/\" \/>\n<meta property=\"article:published_time\" content=\"2025-07-07T21:59:24+00:00\" \/>\n<meta property=\"og:image\" content=\"https:\/\/autofans.com.ar\/wp-content\/uploads\/2025\/07\/iveco-2.jpg\" \/>\n\t<meta property=\"og:image:width\" content=\"1000\" \/>\n\t<meta property=\"og:image:height\" content=\"667\" \/>\n\t<meta property=\"og:image:type\" content=\"image\/jpeg\" \/>\n<meta name=\"author\" content=\"Alejandro Gabriel Rosito\" \/>\n<meta name=\"twitter:card\" content=\"summary_large_image\" \/>\n<meta name=\"twitter:label1\" content=\"Escrito por\" \/>\n\t<meta name=\"twitter:data1\" content=\"Alejandro Gabriel Rosito\" \/>\n\t<meta name=\"twitter:label2\" content=\"Tiempo de lectura\" \/>\n\t<meta name=\"twitter:data2\" content=\"2 minutos\" \/>\n<script type=\"application\/ld+json\" class=\"yoast-schema-graph\">{\"@context\":\"https:\\\/\\\/schema.org\",\"@graph\":[{\"@type\":\"Article\",\"@id\":\"https:\\\/\\\/autofans.com.ar\\\/index.php\\\/2025\\\/07\\\/07\\\/de-brasil-a-paraguay-iveco-despliega-130-ambulancias-daily\\\/#article\",\"isPartOf\":{\"@id\":\"https:\\\/\\\/autofans.com.ar\\\/index.php\\\/2025\\\/07\\\/07\\\/de-brasil-a-paraguay-iveco-despliega-130-ambulancias-daily\\\/\"},\"author\":{\"name\":\"Alejandro Gabriel Rosito\",\"@id\":\"https:\\\/\\\/autofans.com.ar\\\/#\\\/schema\\\/person\\\/4a8dda0b6df83ac3d6723e921274c2aa\"},\"headline\":\"De Brasil a Paraguay, IVECO despliega 130 ambulancias Daily\",\"datePublished\":\"2025-07-07T21:59:24+00:00\",\"mainEntityOfPage\":{\"@id\":\"https:\\\/\\\/autofans.com.ar\\\/index.php\\\/2025\\\/07\\\/07\\\/de-brasil-a-paraguay-iveco-despliega-130-ambulancias-daily\\\/\"},\"wordCount\":292,\"image\":{\"@id\":\"https:\\\/\\\/autofans.com.ar\\\/index.php\\\/2025\\\/07\\\/07\\\/de-brasil-a-paraguay-iveco-despliega-130-ambulancias-daily\\\/#primaryimage\"},\"thumbnailUrl\":\"https:\\\/\\\/autofans.com.ar\\\/wp-content\\\/uploads\\\/2025\\\/07\\\/iveco-2.jpg\",\"articleSection\":[\"NOTICIAS\",\"PICK UPs, UTILITARIOS Y OTROS\"],\"inLanguage\":\"es\"},{\"@type\":\"WebPage\",\"@id\":\"https:\\\/\\\/autofans.com.ar\\\/index.php\\\/2025\\\/07\\\/07\\\/de-brasil-a-paraguay-iveco-despliega-130-ambulancias-daily\\\/\",\"url\":\"https:\\\/\\\/autofans.com.ar\\\/index.php\\\/2025\\\/07\\\/07\\\/de-brasil-a-paraguay-iveco-despliega-130-ambulancias-daily\\\/\",\"name\":\"De Brasil a Paraguay, IVECO despliega 130 ambulancias Daily -\",\"isPartOf\":{\"@id\":\"https:\\\/\\\/autofans.com.ar\\\/#website\"},\"primaryImageOfPage\":{\"@id\":\"https:\\\/\\\/autofans.com.ar\\\/index.php\\\/2025\\\/07\\\/07\\\/de-brasil-a-paraguay-iveco-despliega-130-ambulancias-daily\\\/#primaryimage\"},\"image\":{\"@id\":\"https:\\\/\\\/autofans.com.ar\\\/index.php\\\/2025\\\/07\\\/07\\\/de-brasil-a-paraguay-iveco-despliega-130-ambulancias-daily\\\/#primaryimage\"},\"thumbnailUrl\":\"https:\\\/\\\/autofans.com.ar\\\/wp-content\\\/uploads\\\/2025\\\/07\\\/iveco-2.jpg\",\"datePublished\":\"2025-07-07T21:59:24+00:00\",\"author\":{\"@id\":\"https:\\\/\\\/autofans.com.ar\\\/#\\\/schema\\\/person\\\/4a8dda0b6df83ac3d6723e921274c2aa\"},\"description\":\"IVECO avanza con la entrega de 26 ambulancias Daily en Paraguay, reforzando la salud p\u00fablica y su liderazgo en transporte sanitario...\",\"breadcrumb\":{\"@id\":\"https:\\\/\\\/autofans.com.ar\\\/index.php\\\/2025\\\/07\\\/07\\\/de-brasil-a-paraguay-iveco-despliega-130-ambulancias-daily\\\/#breadcrumb\"},\"inLanguage\":\"es\",\"potentialAction\":[{\"@type\":\"ReadAction\",\"target\":[\"https:\\\/\\\/autofans.com.ar\\\/index.php\\\/2025\\\/07\\\/07\\\/de-brasil-a-paraguay-iveco-despliega-130-ambulancias-daily\\\/\"]}]},{\"@type\":\"ImageObject\",\"inLanguage\":\"es\",\"@id\":\"https:\\\/\\\/autofans.com.ar\\\/index.php\\\/2025\\\/07\\\/07\\\/de-brasil-a-paraguay-iveco-despliega-130-ambulancias-daily\\\/#primaryimage\",\"url\":\"https:\\\/\\\/autofans.com.ar\\\/wp-content\\\/uploads\\\/2025\\\/07\\\/iveco-2.jpg\",\"contentUrl\":\"https:\\\/\\\/autofans.com.ar\\\/wp-content\\\/uploads\\\/2025\\\/07\\\/iveco-2.jpg\",\"width\":1000,\"height\":667,\"caption\":\"IVECO\"},{\"@type\":\"BreadcrumbList\",\"@id\":\"https:\\\/\\\/autofans.com.ar\\\/index.php\\\/2025\\\/07\\\/07\\\/de-brasil-a-paraguay-iveco-despliega-130-ambulancias-daily\\\/#breadcrumb\",\"itemListElement\":[{\"@type\":\"ListItem\",\"position\":1,\"name\":\"Inicio\",\"item\":\"https:\\\/\\\/autofans.com.ar\\\/\"},{\"@type\":\"ListItem\",\"position\":2,\"name\":\"De Brasil a Paraguay, IVECO despliega 130 ambulancias Daily\"}]},{\"@type\":\"WebSite\",\"@id\":\"https:\\\/\\\/autofans.com.ar\\\/#website\",\"url\":\"https:\\\/\\\/autofans.com.ar\\\/\",\"name\":\"\",\"description\":\"El multimedio referente de la industria automotriz\",\"potentialAction\":[{\"@type\":\"SearchAction\",\"target\":{\"@type\":\"EntryPoint\",\"urlTemplate\":\"https:\\\/\\\/autofans.com.ar\\\/?s={search_term_string}\"},\"query-input\":{\"@type\":\"PropertyValueSpecification\",\"valueRequired\":true,\"valueName\":\"search_term_string\"}}],\"inLanguage\":\"es\"},{\"@type\":\"Person\",\"@id\":\"https:\\\/\\\/autofans.com.ar\\\/#\\\/schema\\\/person\\\/4a8dda0b6df83ac3d6723e921274c2aa\",\"name\":\"Alejandro Gabriel Rosito\",\"image\":{\"@type\":\"ImageObject\",\"inLanguage\":\"es\",\"@id\":\"https:\\\/\\\/secure.gravatar.com\\\/avatar\\\/16c5dda1489adfc62618084dcbb91cffd879c374b13fe5dd8e44ed6733852c88?s=96&d=mm&r=g\",\"url\":\"https:\\\/\\\/secure.gravatar.com\\\/avatar\\\/16c5dda1489adfc62618084dcbb91cffd879c374b13fe5dd8e44ed6733852c88?s=96&d=mm&r=g\",\"contentUrl\":\"https:\\\/\\\/secure.gravatar.com\\\/avatar\\\/16c5dda1489adfc62618084dcbb91cffd879c374b13fe5dd8e44ed6733852c88?s=96&d=mm&r=g\",\"caption\":\"Alejandro Gabriel Rosito\"},\"url\":\"https:\\\/\\\/autofans.com.ar\\\/index.php\\\/author\\\/gabrielr\\\/\"}]}<\/script>\n<!-- \/ Yoast SEO plugin. -->","yoast_head_json":{"title":"De Brasil a Paraguay, IVECO despliega 130 ambulancias Daily -","description":"IVECO avanza con la entrega de 26 ambulancias Daily en Paraguay, reforzando la salud p\u00fablica y su liderazgo en transporte sanitario...","robots":{"index":"index","follow":"follow","max-snippet":"max-snippet:-1","max-image-preview":"max-image-preview:large","max-video-preview":"max-video-preview:-1"},"canonical":"https:\/\/autofans.com.ar\/index.php\/2025\/07\/07\/de-brasil-a-paraguay-iveco-despliega-130-ambulancias-daily\/","og_locale":"es_ES","og_type":"article","og_title":"De Brasil a Paraguay, IVECO despliega 130 ambulancias Daily -","og_description":"IVECO avanza con la entrega de 26 ambulancias Daily en Paraguay, reforzando la salud p\u00fablica y su liderazgo en transporte sanitario...","og_url":"https:\/\/autofans.com.ar\/index.php\/2025\/07\/07\/de-brasil-a-paraguay-iveco-despliega-130-ambulancias-daily\/","article_published_time":"2025-07-07T21:59:24+00:00","og_image":[{"width":1000,"height":667,"url":"https:\/\/autofans.com.ar\/wp-content\/uploads\/2025\/07\/iveco-2.jpg","type":"image\/jpeg"}],"author":"Alejandro Gabriel Rosito","twitter_card":"summary_large_image","twitter_misc":{"Escrito por":"Alejandro Gabriel Rosito","Tiempo de lectura":"2 minutos"},"schema":{"@context":"https:\/\/schema.org","@graph":[{"@type":"Article","@id":"https:\/\/autofans.com.ar\/index.php\/2025\/07\/07\/de-brasil-a-paraguay-iveco-despliega-130-ambulancias-daily\/#article","isPartOf":{"@id":"https:\/\/autofans.com.ar\/index.php\/2025\/07\/07\/de-brasil-a-paraguay-iveco-despliega-130-ambulancias-daily\/"},"author":{"name":"Alejandro Gabriel Rosito","@id":"https:\/\/autofans.com.ar\/#\/schema\/person\/4a8dda0b6df83ac3d6723e921274c2aa"},"headline":"De Brasil a Paraguay, IVECO despliega 130 ambulancias Daily","datePublished":"2025-07-07T21:59:24+00:00","mainEntityOfPage":{"@id":"https:\/\/autofans.com.ar\/index.php\/2025\/07\/07\/de-brasil-a-paraguay-iveco-despliega-130-ambulancias-daily\/"},"wordCount":292,"image":{"@id":"https:\/\/autofans.com.ar\/index.php\/2025\/07\/07\/de-brasil-a-paraguay-iveco-despliega-130-ambulancias-daily\/#primaryimage"},"thumbnailUrl":"https:\/\/autofans.com.ar\/wp-content\/uploads\/2025\/07\/iveco-2.jpg","articleSection":["NOTICIAS","PICK UPs, UTILITARIOS Y OTROS"],"inLanguage":"es"},{"@type":"WebPage","@id":"https:\/\/autofans.com.ar\/index.php\/2025\/07\/07\/de-brasil-a-paraguay-iveco-despliega-130-ambulancias-daily\/","url":"https:\/\/autofans.com.ar\/index.php\/2025\/07\/07\/de-brasil-a-paraguay-iveco-despliega-130-ambulancias-daily\/","name":"De Brasil a Paraguay, IVECO despliega 130 ambulancias Daily -","isPartOf":{"@id":"https:\/\/autofans.com.ar\/#website"},"primaryImageOfPage":{"@id":"https:\/\/autofans.com.ar\/index.php\/2025\/07\/07\/de-brasil-a-paraguay-iveco-despliega-130-ambulancias-daily\/#primaryimage"},"image":{"@id":"https:\/\/autofans.com.ar\/index.php\/2025\/07\/07\/de-brasil-a-paraguay-iveco-despliega-130-ambulancias-daily\/#primaryimage"},"thumbnailUrl":"https:\/\/autofans.com.ar\/wp-content\/uploads\/2025\/07\/iveco-2.jpg","datePublished":"2025-07-07T21:59:24+00:00","author":{"@id":"https:\/\/autofans.com.ar\/#\/schema\/person\/4a8dda0b6df83ac3d6723e921274c2aa"},"description":"IVECO avanza con la entrega de 26 ambulancias Daily en Paraguay, reforzando la salud p\u00fablica y su liderazgo en transporte sanitario...","breadcrumb":{"@id":"https:\/\/autofans.com.ar\/index.php\/2025\/07\/07\/de-brasil-a-paraguay-iveco-despliega-130-ambulancias-daily\/#breadcrumb"},"inLanguage":"es","potentialAction":[{"@type":"ReadAction","target":["https:\/\/autofans.com.ar\/index.php\/2025\/07\/07\/de-brasil-a-paraguay-iveco-despliega-130-ambulancias-daily\/"]}]},{"@type":"ImageObject","inLanguage":"es","@id":"https:\/\/autofans.com.ar\/index.php\/2025\/07\/07\/de-brasil-a-paraguay-iveco-despliega-130-ambulancias-daily\/#primaryimage","url":"https:\/\/autofans.com.ar\/wp-content\/uploads\/2025\/07\/iveco-2.jpg","contentUrl":"https:\/\/autofans.com.ar\/wp-content\/uploads\/2025\/07\/iveco-2.jpg","width":1000,"height":667,"caption":"IVECO"},{"@type":"BreadcrumbList","@id":"https:\/\/autofans.com.ar\/index.php\/2025\/07\/07\/de-brasil-a-paraguay-iveco-despliega-130-ambulancias-daily\/#breadcrumb","itemListElement":[{"@type":"ListItem","position":1,"name":"Inicio","item":"https:\/\/autofans.com.ar\/"},{"@type":"ListItem","position":2,"name":"De Brasil a Paraguay, IVECO despliega 130 ambulancias Daily"}]},{"@type":"WebSite","@id":"https:\/\/autofans.com.ar\/#website","url":"https:\/\/autofans.com.ar\/","name":"","description":"El multimedio referente de la industria automotriz","potentialAction":[{"@type":"SearchAction","target":{"@type":"EntryPoint","urlTemplate":"https:\/\/autofans.com.ar\/?s={search_term_string}"},"query-input":{"@type":"PropertyValueSpecification","valueRequired":true,"valueName":"search_term_string"}}],"inLanguage":"es"},{"@type":"Person","@id":"https:\/\/autofans.com.ar\/#\/schema\/person\/4a8dda0b6df83ac3d6723e921274c2aa","name":"Alejandro Gabriel Rosito","image":{"@type":"ImageObject","inLanguage":"es","@id":"https:\/\/secure.gravatar.com\/avatar\/16c5dda1489adfc62618084dcbb91cffd879c374b13fe5dd8e44ed6733852c88?s=96&d=mm&r=g","url":"https:\/\/secure.gravatar.com\/avatar\/16c5dda1489adfc62618084dcbb91cffd879c374b13fe5dd8e44ed6733852c88?s=96&d=mm&r=g","contentUrl":"https:\/\/secure.gravatar.com\/avatar\/16c5dda1489adfc62618084dcbb91cffd879c374b13fe5dd8e44ed6733852c88?s=96&d=mm&r=g","caption":"Alejandro Gabriel Rosito"},"url":"https:\/\/autofans.com.ar\/index.php\/author\/gabrielr\/"}]}},"featured_image_urls":{"full":["https:\/\/autofans.com.ar\/wp-content\/uploads\/2025\/07\/iveco-2.jpg",1000,667,false],"thumbnail":["https:\/\/autofans.com.ar\/wp-content\/uploads\/2025\/07\/iveco-2-150x150.jpg",150,150,true],"medium":["https:\/\/autofans.com.ar\/wp-content\/uploads\/2025\/07\/iveco-2-300x200.jpg",300,200,true],"medium_large":["https:\/\/autofans.com.ar\/wp-content\/uploads\/2025\/07\/iveco-2-768x512.jpg",640,427,true],"large":["https:\/\/autofans.com.ar\/wp-content\/uploads\/2025\/07\/iveco-2.jpg",640,427,false],"1536x1536":["https:\/\/autofans.com.ar\/wp-content\/uploads\/2025\/07\/iveco-2.jpg",1000,667,false],"2048x2048":["https:\/\/autofans.com.ar\/wp-content\/uploads\/2025\/07\/iveco-2.jpg",1000,667,false],"covernews-featured":["https:\/\/autofans.com.ar\/wp-content\/uploads\/2025\/07\/iveco-2.jpg",1000,667,false],"covernews-medium":["https:\/\/autofans.com.ar\/wp-content\/uploads\/2025\/07\/iveco-2-540x340.jpg",540,340,true]},"author_info":{"display_name":"Alejandro Gabriel Rosito","author_link":"https:\/\/autofans.com.ar\/index.php\/author\/gabrielr\/"},"category_info":"<a href=\"https:\/\/autofans.com.ar\/index.php\/category\/noticias\/\" rel=\"category tag\">NOTICIAS<\/a> <a href=\"https:\/\/autofans.com.ar\/index.php\/category\/noticias\/otros\/\" rel=\"category tag\">PICK UPs, UTILITARIOS Y OTROS<\/a>","tag_info":"PICK UPs, UTILITARIOS Y OTROS","comment_count":0,"_links":{"self":[{"href":"https:\/\/autofans.com.ar\/index.php\/wp-json\/wp\/v2\/posts\/13175","targetHints":{"allow":["GET"]}}],"collection":[{"href":"https:\/\/autofans.com.ar\/index.php\/wp-json\/wp\/v2\/posts"}],"about":[{"href":"https:\/\/autofans.com.ar\/index.php\/wp-json\/wp\/v2\/types\/post"}],"author":[{"embeddable":true,"href":"https:\/\/autofans.com.ar\/index.php\/wp-json\/wp\/v2\/users\/2"}],"replies":[{"embeddable":true,"href":"https:\/\/autofans.com.ar\/index.php\/wp-json\/wp\/v2\/comments?post=13175"}],"version-history":[{"count":1,"href":"https:\/\/autofans.com.ar\/index.php\/wp-json\/wp\/v2\/posts\/13175\/revisions"}],"predecessor-version":[{"id":13179,"href":"https:\/\/autofans.com.ar\/index.php\/wp-json\/wp\/v2\/posts\/13175\/revisions\/13179"}],"wp:featuredmedia":[{"embeddable":true,"href":"https:\/\/autofans.com.ar\/index.php\/wp-json\/wp\/v2\/media\/13177"}],"wp:attachment":[{"href":"https:\/\/autofans.com.ar\/index.php\/wp-json\/wp\/v2\/media?parent=13175"}],"wp:term":[{"taxonomy":"category","embeddable":true,"href":"https:\/\/autofans.com.ar\/index.php\/wp-json\/wp\/v2\/categories?post=13175"},{"taxonomy":"post_tag","embeddable":true,"href":"https:\/\/autofans.com.ar\/index.php\/wp-json\/wp\/v2\/tags?post=13175"}],"curies":[{"name":"wp","href":"https:\/\/api.w.org\/{rel}","templated":true}]}}