{"id":13180,"date":"2025-07-08T14:29:59","date_gmt":"2025-07-08T17:29:59","guid":{"rendered":"https:\/\/autofans.com.ar\/?p=13180"},"modified":"2025-07-21T16:35:28","modified_gmt":"2025-07-21T19:35:28","slug":"test-drive-renault-arkana-e-tech-hybrid-esprit-alpin","status":"publish","type":"post","link":"https:\/\/autofans.com.ar\/index.php\/2025\/07\/08\/test-drive-renault-arkana-e-tech-hybrid-esprit-alpin\/","title":{"rendered":"Test Drive Renault Arkana E-Tech Hybrid Esprit Alpin"},"content":{"rendered":"<p>En este nuevo test drive te presentamos el crossover de Renault, el Renault Arkana E-Tech Hybrid Esprit Alpine para el Segmento B (chico). Utiliza la misma Plataforma CMF-B de los Renault Clio V y Captur II europeos. En Argentina, se posicionar\u00e1 a mitad de camino entre las ofertas de las Duster y Koleos, a la espera de la nueva C-SUV Brasil, que se sumar\u00e1 tambi\u00e9n este a\u00f1o. Llega importado de Corea del Sur, se exhibi\u00f3 este verano en la Costa y ya est\u00e1 a la venta en nuestro mercado.<\/p>\n<p>&nbsp;<\/p>\n<p><center><iframe title=\"Test Drive Renault Arkana E-Tech Hybrid Esprit Alpine #renault #testdrive #autofanstv\" width=\"640\" height=\"360\" src=\"https:\/\/www.youtube.com\/embed\/mAQ932YWJIE?feature=oembed\" frameborder=\"0\" allow=\"accelerometer; autoplay; clipboard-write; encrypted-media; gyroscope; picture-in-picture; web-share\" referrerpolicy=\"strict-origin-when-cross-origin\" allowfullscreen><\/iframe><\/p>\n<p>&nbsp;<\/p>\n<p><\/center><\/p>\n<hr \/>\n<div style=\"display: flex; justify-content: center; width: 100%;\">\n<div style=\"display: flex; align-items: center; justify-content: space-between; background: #f0f2f5; padding: 3px 92px; border-radius: 0px; box-shadow: 0 4px 10px rgba(0, 0, 0, 0.08); margin: 24px 0; max-width: 700px;\">\n<div style=\"flex: 1;\"><a style=\"font-size: 18px; color: #921414; font-weight: bold; text-decoration: underline;\" href=\"https:\/\/autofans.com.ar\/wp-content\/uploads\/2025\/07\/ficha-tecnica-renault-arkana-e-tech-hybrid-esprit-alpine.pdf\" target=\"_blank\" rel=\"noopener\"><br \/>\n\u2192 Ficha T\u00e9cnica Renault Arkana E-Tech<br \/>\n<\/a><a style=\"font-size: 18px; color: #007bff; font-weight: 1200; text-decoration: underline;\" href=\"https:\/\/autofans.com.ar\/wp-content\/uploads\/2025\/05\/ftmy26argo-681166d8eb8a6.pdf\" target=\"_blank\" rel=\"noopener\"><br \/>\n<\/a><\/div>\n<div style=\"margin-left: 46px;\"><img fetchpriority=\"high\" decoding=\"async\" class=\"alignright\" style=\"height: 20px; width: auto;\" src=\"https:\/\/autofans.com.ar\/wp-content\/uploads\/2023\/02\/Autofans_600x102_150px5.png\" alt=\"Logo Autofans\" width=\"1200\" height=\"137\" \/><\/div>\n<\/div>\n<\/div>\n<hr \/>\n<p>&nbsp;<\/p>\n<p>Adem\u00e1s para seguir conociendo m\u00e1s sobre la actualidad de la industria, podes ver nuestro programa completo en nuestro canal de <a href=\"https:\/\/youtu.be\/fSLzbg8PX90\" target=\"_blank\" rel=\"noopener\">YouTube<\/a>\u00a0.<\/p>\n<p>&nbsp;<\/p>\n<p>&nbsp;<\/p>\n<p><i>Para enterarte de m\u00e1s novedades, no dejes de leer\u00a0<\/i><a href=\"https:\/\/autofans.thebrandsoup.com\/\"><i>nuestras notas<\/i><\/a><i>, de ver<\/i><b><i>\u00a0<\/i><\/b><a href=\"https:\/\/www.youtube.com\/channel\/UCgAC8UGHZYbT6P7PpmVnP7g\"><b><i>AUTOFANS TV<\/i><\/b><\/a><b><i>\u00a0<\/i><\/b><i>en nuestro\u00a0canal de Youtube. Adem\u00e1s seguinos en\u00a0<\/i><a href=\"https:\/\/www.instagram.com\/autofanstv\/\"><i>INSTAGRAM<\/i><\/a><i>\u00a0y\u00a0<\/i><a href=\"https:\/\/www.facebook.com\/autofansmas\/\"><i>FACEBOOK<\/i><\/a><i>\u00a0para no perderte nada sobre las novedades del segmento automotor de Argentina y el mundo.<\/i><\/p>\n","protected":false},"excerpt":{"rendered":"<p>En este nuevo test drive te presentamos el crossover de Renault, el Renault Arkana E-Tech&#8230;<\/p>\n","protected":false},"author":2,"featured_media":13182,"comment_status":"closed","ping_status":"closed","sticky":false,"template":"","format":"standard","meta":{"footnotes":""},"categories":[6782,6781],"tags":[323,565,5769,78],"class_list":["post-13180","post","type-post","status-publish","format-standard","has-post-thumbnail","hentry","category-test-drive-2025","category-test-drives-2025","tag-renault","tag-renault-argentina","tag-renault-arkana-e-tech-hybrid","tag-test-drive"],"yoast_head":"<!-- This site is optimized with the Yoast SEO plugin v27.5 - https:\/\/yoast.com\/product\/yoast-seo-wordpress\/ -->\n<title>Test Drive Renault Arkana E-Tech Hybrid Esprit Alpin -<\/title>\n<meta name=\"description\" content=\"En este nuevo Test Drive te presentamos el crossover de Renault, el Renault Arkana E-Tech Hybrid Esprit Alpine para el Segmento B (chico)...\" \/>\n<meta name=\"robots\" content=\"index, follow, max-snippet:-1, max-image-preview:large, max-video-preview:-1\" \/>\n<link rel=\"canonical\" href=\"https:\/\/autofans.com.ar\/index.php\/2025\/07\/08\/test-drive-renault-arkana-e-tech-hybrid-esprit-alpin\/\" \/>\n<meta property=\"og:locale\" content=\"es_ES\" \/>\n<meta property=\"og:type\" content=\"article\" \/>\n<meta property=\"og:title\" content=\"Test Drive Renault Arkana E-Tech Hybrid Esprit Alpin -\" \/>\n<meta property=\"og:description\" content=\"En este nuevo Test Drive te presentamos el crossover de Renault, el Renault Arkana E-Tech Hybrid Esprit Alpine para el Segmento B (chico)...\" \/>\n<meta property=\"og:url\" content=\"https:\/\/autofans.com.ar\/index.php\/2025\/07\/08\/test-drive-renault-arkana-e-tech-hybrid-esprit-alpin\/\" \/>\n<meta property=\"article:published_time\" content=\"2025-07-08T17:29:59+00:00\" \/>\n<meta property=\"article:modified_time\" content=\"2025-07-21T19:35:28+00:00\" \/>\n<meta property=\"og:image\" content=\"https:\/\/autofans.com.ar\/wp-content\/uploads\/2025\/07\/teste-drive.jpg\" \/>\n\t<meta property=\"og:image:width\" content=\"1000\" \/>\n\t<meta property=\"og:image:height\" content=\"667\" \/>\n\t<meta property=\"og:image:type\" content=\"image\/jpeg\" \/>\n<meta name=\"author\" content=\"Alejandro Gabriel Rosito\" \/>\n<meta name=\"twitter:card\" content=\"summary_large_image\" \/>\n<meta name=\"twitter:label1\" content=\"Escrito por\" \/>\n\t<meta name=\"twitter:data1\" content=\"Alejandro Gabriel Rosito\" \/>\n\t<meta name=\"twitter:label2\" content=\"Tiempo de lectura\" \/>\n\t<meta name=\"twitter:data2\" content=\"2 minutos\" \/>\n<script type=\"application\/ld+json\" class=\"yoast-schema-graph\">{\"@context\":\"https:\\\/\\\/schema.org\",\"@graph\":[{\"@type\":\"Article\",\"@id\":\"https:\\\/\\\/autofans.com.ar\\\/index.php\\\/2025\\\/07\\\/08\\\/test-drive-renault-arkana-e-tech-hybrid-esprit-alpin\\\/#article\",\"isPartOf\":{\"@id\":\"https:\\\/\\\/autofans.com.ar\\\/index.php\\\/2025\\\/07\\\/08\\\/test-drive-renault-arkana-e-tech-hybrid-esprit-alpin\\\/\"},\"author\":{\"name\":\"Alejandro Gabriel Rosito\",\"@id\":\"https:\\\/\\\/autofans.com.ar\\\/#\\\/schema\\\/person\\\/4a8dda0b6df83ac3d6723e921274c2aa\"},\"headline\":\"Test Drive Renault Arkana E-Tech Hybrid Esprit Alpin\",\"datePublished\":\"2025-07-08T17:29:59+00:00\",\"dateModified\":\"2025-07-21T19:35:28+00:00\",\"mainEntityOfPage\":{\"@id\":\"https:\\\/\\\/autofans.com.ar\\\/index.php\\\/2025\\\/07\\\/08\\\/test-drive-renault-arkana-e-tech-hybrid-esprit-alpin\\\/\"},\"wordCount\":183,\"image\":{\"@id\":\"https:\\\/\\\/autofans.com.ar\\\/index.php\\\/2025\\\/07\\\/08\\\/test-drive-renault-arkana-e-tech-hybrid-esprit-alpin\\\/#primaryimage\"},\"thumbnailUrl\":\"https:\\\/\\\/autofans.com.ar\\\/wp-content\\\/uploads\\\/2025\\\/07\\\/teste-drive.jpg\",\"keywords\":[\"Renault\",\"Renault Argentina\",\"Renault Arkana E-Tech Hybrid\",\"Test Drive\"],\"articleSection\":[\"Test Drive 2025\",\"Test Drives 2025\"],\"inLanguage\":\"es\"},{\"@type\":\"WebPage\",\"@id\":\"https:\\\/\\\/autofans.com.ar\\\/index.php\\\/2025\\\/07\\\/08\\\/test-drive-renault-arkana-e-tech-hybrid-esprit-alpin\\\/\",\"url\":\"https:\\\/\\\/autofans.com.ar\\\/index.php\\\/2025\\\/07\\\/08\\\/test-drive-renault-arkana-e-tech-hybrid-esprit-alpin\\\/\",\"name\":\"Test Drive Renault Arkana E-Tech Hybrid Esprit Alpin -\",\"isPartOf\":{\"@id\":\"https:\\\/\\\/autofans.com.ar\\\/#website\"},\"primaryImageOfPage\":{\"@id\":\"https:\\\/\\\/autofans.com.ar\\\/index.php\\\/2025\\\/07\\\/08\\\/test-drive-renault-arkana-e-tech-hybrid-esprit-alpin\\\/#primaryimage\"},\"image\":{\"@id\":\"https:\\\/\\\/autofans.com.ar\\\/index.php\\\/2025\\\/07\\\/08\\\/test-drive-renault-arkana-e-tech-hybrid-esprit-alpin\\\/#primaryimage\"},\"thumbnailUrl\":\"https:\\\/\\\/autofans.com.ar\\\/wp-content\\\/uploads\\\/2025\\\/07\\\/teste-drive.jpg\",\"datePublished\":\"2025-07-08T17:29:59+00:00\",\"dateModified\":\"2025-07-21T19:35:28+00:00\",\"author\":{\"@id\":\"https:\\\/\\\/autofans.com.ar\\\/#\\\/schema\\\/person\\\/4a8dda0b6df83ac3d6723e921274c2aa\"},\"description\":\"En este nuevo Test Drive te presentamos el crossover de Renault, el Renault Arkana E-Tech Hybrid Esprit Alpine para el Segmento B (chico)...\",\"breadcrumb\":{\"@id\":\"https:\\\/\\\/autofans.com.ar\\\/index.php\\\/2025\\\/07\\\/08\\\/test-drive-renault-arkana-e-tech-hybrid-esprit-alpin\\\/#breadcrumb\"},\"inLanguage\":\"es\",\"potentialAction\":[{\"@type\":\"ReadAction\",\"target\":[\"https:\\\/\\\/autofans.com.ar\\\/index.php\\\/2025\\\/07\\\/08\\\/test-drive-renault-arkana-e-tech-hybrid-esprit-alpin\\\/\"]}]},{\"@type\":\"ImageObject\",\"inLanguage\":\"es\",\"@id\":\"https:\\\/\\\/autofans.com.ar\\\/index.php\\\/2025\\\/07\\\/08\\\/test-drive-renault-arkana-e-tech-hybrid-esprit-alpin\\\/#primaryimage\",\"url\":\"https:\\\/\\\/autofans.com.ar\\\/wp-content\\\/uploads\\\/2025\\\/07\\\/teste-drive.jpg\",\"contentUrl\":\"https:\\\/\\\/autofans.com.ar\\\/wp-content\\\/uploads\\\/2025\\\/07\\\/teste-drive.jpg\",\"width\":1000,\"height\":667},{\"@type\":\"BreadcrumbList\",\"@id\":\"https:\\\/\\\/autofans.com.ar\\\/index.php\\\/2025\\\/07\\\/08\\\/test-drive-renault-arkana-e-tech-hybrid-esprit-alpin\\\/#breadcrumb\",\"itemListElement\":[{\"@type\":\"ListItem\",\"position\":1,\"name\":\"Inicio\",\"item\":\"https:\\\/\\\/autofans.com.ar\\\/\"},{\"@type\":\"ListItem\",\"position\":2,\"name\":\"Test Drive Renault Arkana E-Tech Hybrid Esprit Alpin\"}]},{\"@type\":\"WebSite\",\"@id\":\"https:\\\/\\\/autofans.com.ar\\\/#website\",\"url\":\"https:\\\/\\\/autofans.com.ar\\\/\",\"name\":\"\",\"description\":\"El multimedio referente de la industria automotriz\",\"potentialAction\":[{\"@type\":\"SearchAction\",\"target\":{\"@type\":\"EntryPoint\",\"urlTemplate\":\"https:\\\/\\\/autofans.com.ar\\\/?s={search_term_string}\"},\"query-input\":{\"@type\":\"PropertyValueSpecification\",\"valueRequired\":true,\"valueName\":\"search_term_string\"}}],\"inLanguage\":\"es\"},{\"@type\":\"Person\",\"@id\":\"https:\\\/\\\/autofans.com.ar\\\/#\\\/schema\\\/person\\\/4a8dda0b6df83ac3d6723e921274c2aa\",\"name\":\"Alejandro Gabriel Rosito\",\"image\":{\"@type\":\"ImageObject\",\"inLanguage\":\"es\",\"@id\":\"https:\\\/\\\/secure.gravatar.com\\\/avatar\\\/16c5dda1489adfc62618084dcbb91cffd879c374b13fe5dd8e44ed6733852c88?s=96&d=mm&r=g\",\"url\":\"https:\\\/\\\/secure.gravatar.com\\\/avatar\\\/16c5dda1489adfc62618084dcbb91cffd879c374b13fe5dd8e44ed6733852c88?s=96&d=mm&r=g\",\"contentUrl\":\"https:\\\/\\\/secure.gravatar.com\\\/avatar\\\/16c5dda1489adfc62618084dcbb91cffd879c374b13fe5dd8e44ed6733852c88?s=96&d=mm&r=g\",\"caption\":\"Alejandro Gabriel Rosito\"},\"url\":\"https:\\\/\\\/autofans.com.ar\\\/index.php\\\/author\\\/gabrielr\\\/\"}]}<\/script>\n<!-- \/ Yoast SEO plugin. -->","yoast_head_json":{"title":"Test Drive Renault Arkana E-Tech Hybrid Esprit Alpin -","description":"En este nuevo Test Drive te presentamos el crossover de Renault, el Renault Arkana E-Tech Hybrid Esprit Alpine para el Segmento B (chico)...","robots":{"index":"index","follow":"follow","max-snippet":"max-snippet:-1","max-image-preview":"max-image-preview:large","max-video-preview":"max-video-preview:-1"},"canonical":"https:\/\/autofans.com.ar\/index.php\/2025\/07\/08\/test-drive-renault-arkana-e-tech-hybrid-esprit-alpin\/","og_locale":"es_ES","og_type":"article","og_title":"Test Drive Renault Arkana E-Tech Hybrid Esprit Alpin -","og_description":"En este nuevo Test Drive te presentamos el crossover de Renault, el Renault Arkana E-Tech Hybrid Esprit Alpine para el Segmento B (chico)...","og_url":"https:\/\/autofans.com.ar\/index.php\/2025\/07\/08\/test-drive-renault-arkana-e-tech-hybrid-esprit-alpin\/","article_published_time":"2025-07-08T17:29:59+00:00","article_modified_time":"2025-07-21T19:35:28+00:00","og_image":[{"width":1000,"height":667,"url":"https:\/\/autofans.com.ar\/wp-content\/uploads\/2025\/07\/teste-drive.jpg","type":"image\/jpeg"}],"author":"Alejandro Gabriel Rosito","twitter_card":"summary_large_image","twitter_misc":{"Escrito por":"Alejandro Gabriel Rosito","Tiempo de lectura":"2 minutos"},"schema":{"@context":"https:\/\/schema.org","@graph":[{"@type":"Article","@id":"https:\/\/autofans.com.ar\/index.php\/2025\/07\/08\/test-drive-renault-arkana-e-tech-hybrid-esprit-alpin\/#article","isPartOf":{"@id":"https:\/\/autofans.com.ar\/index.php\/2025\/07\/08\/test-drive-renault-arkana-e-tech-hybrid-esprit-alpin\/"},"author":{"name":"Alejandro Gabriel Rosito","@id":"https:\/\/autofans.com.ar\/#\/schema\/person\/4a8dda0b6df83ac3d6723e921274c2aa"},"headline":"Test Drive Renault Arkana E-Tech Hybrid Esprit Alpin","datePublished":"2025-07-08T17:29:59+00:00","dateModified":"2025-07-21T19:35:28+00:00","mainEntityOfPage":{"@id":"https:\/\/autofans.com.ar\/index.php\/2025\/07\/08\/test-drive-renault-arkana-e-tech-hybrid-esprit-alpin\/"},"wordCount":183,"image":{"@id":"https:\/\/autofans.com.ar\/index.php\/2025\/07\/08\/test-drive-renault-arkana-e-tech-hybrid-esprit-alpin\/#primaryimage"},"thumbnailUrl":"https:\/\/autofans.com.ar\/wp-content\/uploads\/2025\/07\/teste-drive.jpg","keywords":["Renault","Renault Argentina","Renault Arkana E-Tech Hybrid","Test Drive"],"articleSection":["Test Drive 2025","Test Drives 2025"],"inLanguage":"es"},{"@type":"WebPage","@id":"https:\/\/autofans.com.ar\/index.php\/2025\/07\/08\/test-drive-renault-arkana-e-tech-hybrid-esprit-alpin\/","url":"https:\/\/autofans.com.ar\/index.php\/2025\/07\/08\/test-drive-renault-arkana-e-tech-hybrid-esprit-alpin\/","name":"Test Drive Renault Arkana E-Tech Hybrid Esprit Alpin -","isPartOf":{"@id":"https:\/\/autofans.com.ar\/#website"},"primaryImageOfPage":{"@id":"https:\/\/autofans.com.ar\/index.php\/2025\/07\/08\/test-drive-renault-arkana-e-tech-hybrid-esprit-alpin\/#primaryimage"},"image":{"@id":"https:\/\/autofans.com.ar\/index.php\/2025\/07\/08\/test-drive-renault-arkana-e-tech-hybrid-esprit-alpin\/#primaryimage"},"thumbnailUrl":"https:\/\/autofans.com.ar\/wp-content\/uploads\/2025\/07\/teste-drive.jpg","datePublished":"2025-07-08T17:29:59+00:00","dateModified":"2025-07-21T19:35:28+00:00","author":{"@id":"https:\/\/autofans.com.ar\/#\/schema\/person\/4a8dda0b6df83ac3d6723e921274c2aa"},"description":"En este nuevo Test Drive te presentamos el crossover de Renault, el Renault Arkana E-Tech Hybrid Esprit Alpine para el Segmento B (chico)...","breadcrumb":{"@id":"https:\/\/autofans.com.ar\/index.php\/2025\/07\/08\/test-drive-renault-arkana-e-tech-hybrid-esprit-alpin\/#breadcrumb"},"inLanguage":"es","potentialAction":[{"@type":"ReadAction","target":["https:\/\/autofans.com.ar\/index.php\/2025\/07\/08\/test-drive-renault-arkana-e-tech-hybrid-esprit-alpin\/"]}]},{"@type":"ImageObject","inLanguage":"es","@id":"https:\/\/autofans.com.ar\/index.php\/2025\/07\/08\/test-drive-renault-arkana-e-tech-hybrid-esprit-alpin\/#primaryimage","url":"https:\/\/autofans.com.ar\/wp-content\/uploads\/2025\/07\/teste-drive.jpg","contentUrl":"https:\/\/autofans.com.ar\/wp-content\/uploads\/2025\/07\/teste-drive.jpg","width":1000,"height":667},{"@type":"BreadcrumbList","@id":"https:\/\/autofans.com.ar\/index.php\/2025\/07\/08\/test-drive-renault-arkana-e-tech-hybrid-esprit-alpin\/#breadcrumb","itemListElement":[{"@type":"ListItem","position":1,"name":"Inicio","item":"https:\/\/autofans.com.ar\/"},{"@type":"ListItem","position":2,"name":"Test Drive Renault Arkana E-Tech Hybrid Esprit Alpin"}]},{"@type":"WebSite","@id":"https:\/\/autofans.com.ar\/#website","url":"https:\/\/autofans.com.ar\/","name":"","description":"El multimedio referente de la industria automotriz","potentialAction":[{"@type":"SearchAction","target":{"@type":"EntryPoint","urlTemplate":"https:\/\/autofans.com.ar\/?s={search_term_string}"},"query-input":{"@type":"PropertyValueSpecification","valueRequired":true,"valueName":"search_term_string"}}],"inLanguage":"es"},{"@type":"Person","@id":"https:\/\/autofans.com.ar\/#\/schema\/person\/4a8dda0b6df83ac3d6723e921274c2aa","name":"Alejandro Gabriel Rosito","image":{"@type":"ImageObject","inLanguage":"es","@id":"https:\/\/secure.gravatar.com\/avatar\/16c5dda1489adfc62618084dcbb91cffd879c374b13fe5dd8e44ed6733852c88?s=96&d=mm&r=g","url":"https:\/\/secure.gravatar.com\/avatar\/16c5dda1489adfc62618084dcbb91cffd879c374b13fe5dd8e44ed6733852c88?s=96&d=mm&r=g","contentUrl":"https:\/\/secure.gravatar.com\/avatar\/16c5dda1489adfc62618084dcbb91cffd879c374b13fe5dd8e44ed6733852c88?s=96&d=mm&r=g","caption":"Alejandro Gabriel Rosito"},"url":"https:\/\/autofans.com.ar\/index.php\/author\/gabrielr\/"}]}},"featured_image_urls":{"full":["https:\/\/autofans.com.ar\/wp-content\/uploads\/2025\/07\/teste-drive.jpg",1000,667,false],"thumbnail":["https:\/\/autofans.com.ar\/wp-content\/uploads\/2025\/07\/teste-drive-150x150.jpg",150,150,true],"medium":["https:\/\/autofans.com.ar\/wp-content\/uploads\/2025\/07\/teste-drive-300x200.jpg",300,200,true],"medium_large":["https:\/\/autofans.com.ar\/wp-content\/uploads\/2025\/07\/teste-drive-768x512.jpg",640,427,true],"large":["https:\/\/autofans.com.ar\/wp-content\/uploads\/2025\/07\/teste-drive.jpg",640,427,false],"1536x1536":["https:\/\/autofans.com.ar\/wp-content\/uploads\/2025\/07\/teste-drive.jpg",1000,667,false],"2048x2048":["https:\/\/autofans.com.ar\/wp-content\/uploads\/2025\/07\/teste-drive.jpg",1000,667,false],"covernews-featured":["https:\/\/autofans.com.ar\/wp-content\/uploads\/2025\/07\/teste-drive.jpg",1000,667,false],"covernews-medium":["https:\/\/autofans.com.ar\/wp-content\/uploads\/2025\/07\/teste-drive-540x340.jpg",540,340,true]},"author_info":{"display_name":"Alejandro Gabriel Rosito","author_link":"https:\/\/autofans.com.ar\/index.php\/author\/gabrielr\/"},"category_info":"<a href=\"https:\/\/autofans.com.ar\/index.php\/category\/test-drive-2025\/\" rel=\"category tag\">Test Drive 2025<\/a> <a href=\"https:\/\/autofans.com.ar\/index.php\/category\/test-drives\/test-drives-2025\/\" rel=\"category tag\">Test Drives 2025<\/a>","tag_info":"Test Drives 2025","comment_count":0,"_links":{"self":[{"href":"https:\/\/autofans.com.ar\/index.php\/wp-json\/wp\/v2\/posts\/13180","targetHints":{"allow":["GET"]}}],"collection":[{"href":"https:\/\/autofans.com.ar\/index.php\/wp-json\/wp\/v2\/posts"}],"about":[{"href":"https:\/\/autofans.com.ar\/index.php\/wp-json\/wp\/v2\/types\/post"}],"author":[{"embeddable":true,"href":"https:\/\/autofans.com.ar\/index.php\/wp-json\/wp\/v2\/users\/2"}],"replies":[{"embeddable":true,"href":"https:\/\/autofans.com.ar\/index.php\/wp-json\/wp\/v2\/comments?post=13180"}],"version-history":[{"count":8,"href":"https:\/\/autofans.com.ar\/index.php\/wp-json\/wp\/v2\/posts\/13180\/revisions"}],"predecessor-version":[{"id":13361,"href":"https:\/\/autofans.com.ar\/index.php\/wp-json\/wp\/v2\/posts\/13180\/revisions\/13361"}],"wp:featuredmedia":[{"embeddable":true,"href":"https:\/\/autofans.com.ar\/index.php\/wp-json\/wp\/v2\/media\/13182"}],"wp:attachment":[{"href":"https:\/\/autofans.com.ar\/index.php\/wp-json\/wp\/v2\/media?parent=13180"}],"wp:term":[{"taxonomy":"category","embeddable":true,"href":"https:\/\/autofans.com.ar\/index.php\/wp-json\/wp\/v2\/categories?post=13180"},{"taxonomy":"post_tag","embeddable":true,"href":"https:\/\/autofans.com.ar\/index.php\/wp-json\/wp\/v2\/tags?post=13180"}],"curies":[{"name":"wp","href":"https:\/\/api.w.org\/{rel}","templated":true}]}}