{"id":13195,"date":"2025-07-10T20:33:22","date_gmt":"2025-07-10T23:33:22","guid":{"rendered":"https:\/\/autofans.com.ar\/?p=13195"},"modified":"2025-07-10T20:33:22","modified_gmt":"2025-07-10T23:33:22","slug":"iveco-celebra-sus-50-anos-con-el-s-way","status":"publish","type":"post","link":"https:\/\/autofans.com.ar\/index.php\/2025\/07\/10\/iveco-celebra-sus-50-anos-con-el-s-way\/","title":{"rendered":"IVECO celebra sus 50 a\u00f1os con el S-Way"},"content":{"rendered":"<p class=\"ds-markdown-paragraph\">En el marco de sus 50 a\u00f1os a nivel global, IVECO presenta en Argentina el S-Way, un cami\u00f3n dise\u00f1ado para elevar los est\u00e1ndares del transporte de carga. Con motores di\u00e9sel Euro VI y versi\u00f3n a gas natural (GNC), este modelo combina eficiencia, robustez y conectividad avanzada, adapt\u00e1ndose a sectores como agroindustria, miner\u00eda, petr\u00f3leo y log\u00edstica.<\/p>\n<p>&nbsp;<\/p>\n<blockquote>\n<p style=\"text-align: center;\">\u201cEl lanzamiento del S-Way en Argentina es un paso decisivo para IVECO en la regi\u00f3n. Es el mejor IVECO de la historia: un cami\u00f3n de vanguardia, dise\u00f1ado para maximizar la rentabilidad del cliente, reducir el consumo de combustible y ofrecer una experiencia de conducci\u00f3n superior. Representa nuestra visi\u00f3n de futuro y nuestra vocaci\u00f3n de seguir liderando el transporte pesado en Am\u00e9rica Latina\u201d, afirm\u00f3 Marcio Querichelli, presidente de IVECO Am\u00e9rica Latina.<\/p>\n<\/blockquote>\n<p>&nbsp;<\/p>\n<h2>Motorizaci\u00f3n y eficiencia: menos consumo, m\u00e1s potencia<\/h2>\n<p>&nbsp;<\/p>\n<p><img fetchpriority=\"high\" decoding=\"async\" class=\"aligncenter wp-image-13200 size-full\" src=\"https:\/\/autofans.com.ar\/wp-content\/uploads\/2025\/07\/iveco-5.jpg\" alt=\"IVECO\" width=\"1000\" height=\"667\" srcset=\"https:\/\/autofans.com.ar\/wp-content\/uploads\/2025\/07\/iveco-5.jpg 1000w, https:\/\/autofans.com.ar\/wp-content\/uploads\/2025\/07\/iveco-5-300x200.jpg 300w, https:\/\/autofans.com.ar\/wp-content\/uploads\/2025\/07\/iveco-5-768x512.jpg 768w\" sizes=\"(max-width: 1000px) 100vw, 1000px\" \/><\/p>\n<p>&nbsp;<\/p>\n<ul>\n<li>\n<p class=\"ds-markdown-paragraph\">Motor FPT Cursor 13 Euro VI (480 a 540 CV), fabricado en C\u00f3rdoba, reduce hasta 10% el consumo de combustible respecto a generaciones anteriores.<\/p>\n<\/li>\n<li>\n<p class=\"ds-markdown-paragraph\">Versi\u00f3n NG (Gas Natural): 460 CV y 550 km de autonom\u00eda, con menores emisiones y costos operativos.<\/p>\n<\/li>\n<li>\n<p class=\"ds-markdown-paragraph\">IVECO SEU: Software que optimiza el rendimiento, logrando hasta 15% de ahorro en combustible(seg\u00fan experiencia en Brasil).<\/p>\n<\/li>\n<\/ul>\n<p>&nbsp;<\/p>\n<blockquote>\n<p style=\"text-align: center;\"><em>\u201cE<\/em>stamos dando un gran salto tecnol\u00f3gico en eficiencia y sustentabilidad. Euro VI representa una evoluci\u00f3n clave en materia ambiental y en la reducci\u00f3n de costos operativos del veh\u00edculo<strong>.<\/strong> Adem\u00e1s, continuamos desarrollando la posibilidad de operar con GNC, una alternativa real y estrat\u00e9gica, que aprovecha los recursos energ\u00e9ticos del pa\u00eds y permite avanzar hacia un transporte m\u00e1s limpio y competitivo\u201d, expres\u00f3 Ricardo Cardozo, presidente de Iveco Group Argentina.<\/p>\n<\/blockquote>\n<p>&nbsp;<\/p>\n<h2>Dise\u00f1o y tecnolog\u00eda para el conductor<\/h2>\n<p>&nbsp;<\/p>\n<p><img decoding=\"async\" class=\"aligncenter wp-image-13204 size-full\" src=\"https:\/\/autofans.com.ar\/wp-content\/uploads\/2025\/07\/iveco-1-1.jpg\" alt=\"IVECO\" width=\"1000\" height=\"667\" srcset=\"https:\/\/autofans.com.ar\/wp-content\/uploads\/2025\/07\/iveco-1-1.jpg 1000w, https:\/\/autofans.com.ar\/wp-content\/uploads\/2025\/07\/iveco-1-1-300x200.jpg 300w, https:\/\/autofans.com.ar\/wp-content\/uploads\/2025\/07\/iveco-1-1-768x512.jpg 768w\" sizes=\"(max-width: 1000px) 100vw, 1000px\" \/><\/p>\n<p>&nbsp;<\/p>\n<ul>\n<li>\n<p class=\"ds-markdown-paragraph\">Cabina renovada: M\u00e1s espaciosa, aerodin\u00e1mica y con sistemas de seguridad ADAS.<\/p>\n<\/li>\n<li>\n<p class=\"ds-markdown-paragraph\">Easy Way App: Monitoreo en tiempo real y asistencia a la conducci\u00f3n.<\/p>\n<\/li>\n<li>\n<p class=\"ds-markdown-paragraph\">Caja automatizada ZF TraXon y freno motor de alto rendimiento.<\/p>\n<\/li>\n<\/ul>\n<p>&nbsp;<\/p>\n<blockquote>\n<p style=\"text-align: center;\">\u201cEl S-Way marca un salto de est\u00e1ndares en todos los aspectos t\u00e9cnicos del veh\u00edculo. Fue concebido para durar, para rendir y para enfrentar las condiciones m\u00e1s exigentes. Es, sin dudas, el cami\u00f3n m\u00e1s avanzado que hemos producido\u201d, se\u00f1al\u00f3 Francisco Spasaro, Director Comercial de IVECO Argentina.<\/p>\n<\/blockquote>\n<p>&nbsp;<\/p>\n<h2>IVECO &#8211; conectividad inteligente para flotas<\/h2>\n<p>&nbsp;<\/p>\n<p><img decoding=\"async\" class=\"aligncenter wp-image-13202 size-full\" src=\"https:\/\/autofans.com.ar\/wp-content\/uploads\/2025\/07\/iveco-3-1.jpg\" alt=\"IVECO\" width=\"1000\" height=\"667\" srcset=\"https:\/\/autofans.com.ar\/wp-content\/uploads\/2025\/07\/iveco-3-1.jpg 1000w, https:\/\/autofans.com.ar\/wp-content\/uploads\/2025\/07\/iveco-3-1-300x200.jpg 300w, https:\/\/autofans.com.ar\/wp-content\/uploads\/2025\/07\/iveco-3-1-768x512.jpg 768w\" sizes=\"(max-width: 1000px) 100vw, 1000px\" \/><\/p>\n<p>&nbsp;<\/p>\n<ul>\n<li>\n<p class=\"ds-markdown-paragraph\">IVECO ON: Analiza 450 par\u00e1metros del veh\u00edculo en tiempo real, optimizando rutas y mantenimiento.<\/p>\n<\/li>\n<li>\n<p class=\"ds-markdown-paragraph\">Driver Style Evaluation (DSE): Eval\u00faa y mejora el estilo de conducci\u00f3n.<\/p>\n<\/li>\n<li>\n<p class=\"ds-markdown-paragraph\">Control Room: Monitoreo remoto con intervenciones \u00abover the air\u00bb.<\/p>\n<\/li>\n<\/ul>\n<p>&nbsp;<\/p>\n<blockquote>\n<p style=\"text-align: center;\">\u201cCon las nuevas herramientas de conectividad dejamos atr\u00e1s el concepto tradicional del cami\u00f3n como un producto aislado. Hoy ofrecemos un ecosistema inteligente, vivo y conectado, que asiste al cliente en la toma de decisiones, optimiza rutas y anticipa necesidades de mantenimiento. Es eficiencia real, basada en datos, disponible desde el primer kil\u00f3metro\u201d, explic\u00f3 Spasaro.<\/p>\n<\/blockquote>\n<p>&nbsp;<\/p>\n<h2>Edici\u00f3n especial Metallica y financiaci\u00f3n<\/h2>\n<p>&nbsp;<\/p>\n<p><img loading=\"lazy\" decoding=\"async\" class=\"aligncenter wp-image-13201 size-full\" src=\"https:\/\/autofans.com.ar\/wp-content\/uploads\/2025\/07\/iveco-4.jpg\" alt=\"IVECO\" width=\"1000\" height=\"667\" srcset=\"https:\/\/autofans.com.ar\/wp-content\/uploads\/2025\/07\/iveco-4.jpg 1000w, https:\/\/autofans.com.ar\/wp-content\/uploads\/2025\/07\/iveco-4-300x200.jpg 300w, https:\/\/autofans.com.ar\/wp-content\/uploads\/2025\/07\/iveco-4-768x512.jpg 768w\" sizes=\"(max-width: 1000px) 100vw, 1000px\" \/><\/p>\n<p>&nbsp;<\/p>\n<ul>\n<li>\n<p class=\"ds-markdown-paragraph\">S-Way Metallica: Una versi\u00f3n limitada que fusiona dise\u00f1o, potencia y sostenibilidad, respaldando la transici\u00f3n energ\u00e9tica.<\/p>\n<\/li>\n<li>\n<p class=\"ds-markdown-paragraph\">IVECO Capital: Planes flexibles en pesos y d\u00f3lares, con opciones para renovaci\u00f3n de flotas.<\/p>\n<\/li>\n<\/ul>\n<p>&nbsp;<\/p>\n<blockquote>\n<p style=\"text-align: center;\">Con tecnolog\u00eda Euro VI, reducci\u00f3n de consumo, conectividad total y una versi\u00f3n a gas natural, el cami\u00f3n m\u00e1s avanzado y completo de la historia de la marca llega para transformar el transporte pesado en Argentina. \u201cEste cami\u00f3n refleja la revoluci\u00f3n tecnol\u00f3gica de la marca y nuestro compromiso con la regi\u00f3n. Un cami\u00f3n totalmente nuevo, dise\u00f1ado y probado exhaustivamente en diferentes aplicaciones, regiones y caminos con una estrategia clara: ofrecerle a los transportistas y conductores el mejor IVECO de la historia\u201d, concluy\u00f3 Marcio Querichelli.<\/p>\n<\/blockquote>\n<p>&nbsp;<\/p>\n<p>&nbsp;<\/p>\n<p>&nbsp;<\/p>\n<p><i>Para enterarte de m\u00e1s novedades, no dejes de leer\u00a0<\/i><a href=\"https:\/\/autofans.thebrandsoup.com\/\"><i>nuestras notas<\/i><\/a><i>, de ver\u00a0<\/i><a href=\"https:\/\/www.youtube.com\/channel\/UCgAC8UGHZYbT6P7PpmVnP7g\"><i>AUTOFANS TV<\/i><\/a><i>\u00a0en nuestro\u00a0canal de Youtube. Adem\u00e1s seguinos en\u00a0<\/i><a href=\"https:\/\/www.instagram.com\/autofanstv\/\"><i>INSTAGRAM<\/i><\/a><i> y <\/i><a href=\"https:\/\/www.facebook.com\/autofansmas\/\"><i>FACEBOOK<\/i><\/a><i> para no perderte nada sobre las novedades del segmento automotor de Argentina y el mundo.<\/i><\/p>\n","protected":false},"excerpt":{"rendered":"<p>En el marco de sus 50 a\u00f1os a nivel global, IVECO presenta en Argentina el&#8230;<\/p>\n","protected":false},"author":2,"featured_media":13203,"comment_status":"closed","ping_status":"closed","sticky":false,"template":"","format":"standard","meta":{"footnotes":""},"categories":[16,10],"tags":[6996,6994,6997,6824,3708,6995,1918],"class_list":["post-13195","post","type-post","status-publish","format-standard","has-post-thumbnail","hentry","category-noticias","category-utilitarios-y-pesados-lanzamientos","tag-camion-a-gnc","tag-camiones-pesados-argentina","tag-conectividad-flotas","tag-iveco-capital","tag-iveco-s-way","tag-motor-euro-vi","tag-transporte-eficiente"],"yoast_head":"<!-- This site is optimized with the Yoast SEO plugin v27.5 - https:\/\/yoast.com\/product\/yoast-seo-wordpress\/ -->\n<title>IVECO celebra sus 50 a\u00f1os con el S-Way -<\/title>\n<meta name=\"description\" content=\"En el marco de sus 50 a\u00f1os a nivel global, IVECO presenta en Argentina el S-Way, un cami\u00f3n dise\u00f1ado para elevar los est\u00e1ndares del transporte\" \/>\n<meta name=\"robots\" content=\"index, follow, max-snippet:-1, max-image-preview:large, max-video-preview:-1\" \/>\n<link rel=\"canonical\" href=\"https:\/\/autofans.com.ar\/index.php\/2025\/07\/10\/iveco-celebra-sus-50-anos-con-el-s-way\/\" \/>\n<meta property=\"og:locale\" content=\"es_ES\" \/>\n<meta property=\"og:type\" content=\"article\" \/>\n<meta property=\"og:title\" content=\"IVECO celebra sus 50 a\u00f1os con el S-Way -\" \/>\n<meta property=\"og:description\" content=\"En el marco de sus 50 a\u00f1os a nivel global, IVECO presenta en Argentina el S-Way, un cami\u00f3n dise\u00f1ado para elevar los est\u00e1ndares del transporte\" \/>\n<meta property=\"og:url\" content=\"https:\/\/autofans.com.ar\/index.php\/2025\/07\/10\/iveco-celebra-sus-50-anos-con-el-s-way\/\" \/>\n<meta property=\"article:published_time\" content=\"2025-07-10T23:33:22+00:00\" \/>\n<meta property=\"og:image\" content=\"https:\/\/autofans.com.ar\/wp-content\/uploads\/2025\/07\/iveco-2-1.jpg\" \/>\n\t<meta property=\"og:image:width\" content=\"1000\" \/>\n\t<meta property=\"og:image:height\" content=\"667\" \/>\n\t<meta property=\"og:image:type\" content=\"image\/jpeg\" \/>\n<meta name=\"author\" content=\"Alejandro Gabriel Rosito\" \/>\n<meta name=\"twitter:card\" content=\"summary_large_image\" \/>\n<meta name=\"twitter:label1\" content=\"Escrito por\" \/>\n\t<meta name=\"twitter:data1\" content=\"Alejandro Gabriel Rosito\" \/>\n\t<meta name=\"twitter:label2\" content=\"Tiempo de lectura\" \/>\n\t<meta name=\"twitter:data2\" content=\"3 minutos\" \/>\n<script type=\"application\/ld+json\" class=\"yoast-schema-graph\">{\"@context\":\"https:\\\/\\\/schema.org\",\"@graph\":[{\"@type\":\"Article\",\"@id\":\"https:\\\/\\\/autofans.com.ar\\\/index.php\\\/2025\\\/07\\\/10\\\/iveco-celebra-sus-50-anos-con-el-s-way\\\/#article\",\"isPartOf\":{\"@id\":\"https:\\\/\\\/autofans.com.ar\\\/index.php\\\/2025\\\/07\\\/10\\\/iveco-celebra-sus-50-anos-con-el-s-way\\\/\"},\"author\":{\"name\":\"Alejandro Gabriel Rosito\",\"@id\":\"https:\\\/\\\/autofans.com.ar\\\/#\\\/schema\\\/person\\\/4a8dda0b6df83ac3d6723e921274c2aa\"},\"headline\":\"IVECO celebra sus 50 a\u00f1os con el S-Way\",\"datePublished\":\"2025-07-10T23:33:22+00:00\",\"mainEntityOfPage\":{\"@id\":\"https:\\\/\\\/autofans.com.ar\\\/index.php\\\/2025\\\/07\\\/10\\\/iveco-celebra-sus-50-anos-con-el-s-way\\\/\"},\"wordCount\":686,\"image\":{\"@id\":\"https:\\\/\\\/autofans.com.ar\\\/index.php\\\/2025\\\/07\\\/10\\\/iveco-celebra-sus-50-anos-con-el-s-way\\\/#primaryimage\"},\"thumbnailUrl\":\"https:\\\/\\\/autofans.com.ar\\\/wp-content\\\/uploads\\\/2025\\\/07\\\/iveco-2-1.jpg\",\"keywords\":[\"cami\u00f3n a GNC\",\"camiones pesados Argentina\",\"conectividad flotas\",\"IVECO Capital\",\"IVECO S-Way\",\"motor Euro VI\",\"transporte eficiente\"],\"articleSection\":[\"NOTICIAS\",\"Pick Ups, Utilitarios y Pesados\"],\"inLanguage\":\"es\"},{\"@type\":\"WebPage\",\"@id\":\"https:\\\/\\\/autofans.com.ar\\\/index.php\\\/2025\\\/07\\\/10\\\/iveco-celebra-sus-50-anos-con-el-s-way\\\/\",\"url\":\"https:\\\/\\\/autofans.com.ar\\\/index.php\\\/2025\\\/07\\\/10\\\/iveco-celebra-sus-50-anos-con-el-s-way\\\/\",\"name\":\"IVECO celebra sus 50 a\u00f1os con el S-Way -\",\"isPartOf\":{\"@id\":\"https:\\\/\\\/autofans.com.ar\\\/#website\"},\"primaryImageOfPage\":{\"@id\":\"https:\\\/\\\/autofans.com.ar\\\/index.php\\\/2025\\\/07\\\/10\\\/iveco-celebra-sus-50-anos-con-el-s-way\\\/#primaryimage\"},\"image\":{\"@id\":\"https:\\\/\\\/autofans.com.ar\\\/index.php\\\/2025\\\/07\\\/10\\\/iveco-celebra-sus-50-anos-con-el-s-way\\\/#primaryimage\"},\"thumbnailUrl\":\"https:\\\/\\\/autofans.com.ar\\\/wp-content\\\/uploads\\\/2025\\\/07\\\/iveco-2-1.jpg\",\"datePublished\":\"2025-07-10T23:33:22+00:00\",\"author\":{\"@id\":\"https:\\\/\\\/autofans.com.ar\\\/#\\\/schema\\\/person\\\/4a8dda0b6df83ac3d6723e921274c2aa\"},\"description\":\"En el marco de sus 50 a\u00f1os a nivel global, IVECO presenta en Argentina el S-Way, un cami\u00f3n dise\u00f1ado para elevar los est\u00e1ndares del transporte\",\"breadcrumb\":{\"@id\":\"https:\\\/\\\/autofans.com.ar\\\/index.php\\\/2025\\\/07\\\/10\\\/iveco-celebra-sus-50-anos-con-el-s-way\\\/#breadcrumb\"},\"inLanguage\":\"es\",\"potentialAction\":[{\"@type\":\"ReadAction\",\"target\":[\"https:\\\/\\\/autofans.com.ar\\\/index.php\\\/2025\\\/07\\\/10\\\/iveco-celebra-sus-50-anos-con-el-s-way\\\/\"]}]},{\"@type\":\"ImageObject\",\"inLanguage\":\"es\",\"@id\":\"https:\\\/\\\/autofans.com.ar\\\/index.php\\\/2025\\\/07\\\/10\\\/iveco-celebra-sus-50-anos-con-el-s-way\\\/#primaryimage\",\"url\":\"https:\\\/\\\/autofans.com.ar\\\/wp-content\\\/uploads\\\/2025\\\/07\\\/iveco-2-1.jpg\",\"contentUrl\":\"https:\\\/\\\/autofans.com.ar\\\/wp-content\\\/uploads\\\/2025\\\/07\\\/iveco-2-1.jpg\",\"width\":1000,\"height\":667,\"caption\":\"IVECO\"},{\"@type\":\"BreadcrumbList\",\"@id\":\"https:\\\/\\\/autofans.com.ar\\\/index.php\\\/2025\\\/07\\\/10\\\/iveco-celebra-sus-50-anos-con-el-s-way\\\/#breadcrumb\",\"itemListElement\":[{\"@type\":\"ListItem\",\"position\":1,\"name\":\"Inicio\",\"item\":\"https:\\\/\\\/autofans.com.ar\\\/\"},{\"@type\":\"ListItem\",\"position\":2,\"name\":\"IVECO celebra sus 50 a\u00f1os con el S-Way\"}]},{\"@type\":\"WebSite\",\"@id\":\"https:\\\/\\\/autofans.com.ar\\\/#website\",\"url\":\"https:\\\/\\\/autofans.com.ar\\\/\",\"name\":\"\",\"description\":\"El multimedio referente de la industria automotriz\",\"potentialAction\":[{\"@type\":\"SearchAction\",\"target\":{\"@type\":\"EntryPoint\",\"urlTemplate\":\"https:\\\/\\\/autofans.com.ar\\\/?s={search_term_string}\"},\"query-input\":{\"@type\":\"PropertyValueSpecification\",\"valueRequired\":true,\"valueName\":\"search_term_string\"}}],\"inLanguage\":\"es\"},{\"@type\":\"Person\",\"@id\":\"https:\\\/\\\/autofans.com.ar\\\/#\\\/schema\\\/person\\\/4a8dda0b6df83ac3d6723e921274c2aa\",\"name\":\"Alejandro Gabriel Rosito\",\"image\":{\"@type\":\"ImageObject\",\"inLanguage\":\"es\",\"@id\":\"https:\\\/\\\/secure.gravatar.com\\\/avatar\\\/16c5dda1489adfc62618084dcbb91cffd879c374b13fe5dd8e44ed6733852c88?s=96&d=mm&r=g\",\"url\":\"https:\\\/\\\/secure.gravatar.com\\\/avatar\\\/16c5dda1489adfc62618084dcbb91cffd879c374b13fe5dd8e44ed6733852c88?s=96&d=mm&r=g\",\"contentUrl\":\"https:\\\/\\\/secure.gravatar.com\\\/avatar\\\/16c5dda1489adfc62618084dcbb91cffd879c374b13fe5dd8e44ed6733852c88?s=96&d=mm&r=g\",\"caption\":\"Alejandro Gabriel Rosito\"},\"url\":\"https:\\\/\\\/autofans.com.ar\\\/index.php\\\/author\\\/gabrielr\\\/\"}]}<\/script>\n<!-- \/ Yoast SEO plugin. -->","yoast_head_json":{"title":"IVECO celebra sus 50 a\u00f1os con el S-Way -","description":"En el marco de sus 50 a\u00f1os a nivel global, IVECO presenta en Argentina el S-Way, un cami\u00f3n dise\u00f1ado para elevar los est\u00e1ndares del transporte","robots":{"index":"index","follow":"follow","max-snippet":"max-snippet:-1","max-image-preview":"max-image-preview:large","max-video-preview":"max-video-preview:-1"},"canonical":"https:\/\/autofans.com.ar\/index.php\/2025\/07\/10\/iveco-celebra-sus-50-anos-con-el-s-way\/","og_locale":"es_ES","og_type":"article","og_title":"IVECO celebra sus 50 a\u00f1os con el S-Way -","og_description":"En el marco de sus 50 a\u00f1os a nivel global, IVECO presenta en Argentina el S-Way, un cami\u00f3n dise\u00f1ado para elevar los est\u00e1ndares del transporte","og_url":"https:\/\/autofans.com.ar\/index.php\/2025\/07\/10\/iveco-celebra-sus-50-anos-con-el-s-way\/","article_published_time":"2025-07-10T23:33:22+00:00","og_image":[{"width":1000,"height":667,"url":"https:\/\/autofans.com.ar\/wp-content\/uploads\/2025\/07\/iveco-2-1.jpg","type":"image\/jpeg"}],"author":"Alejandro Gabriel Rosito","twitter_card":"summary_large_image","twitter_misc":{"Escrito por":"Alejandro Gabriel Rosito","Tiempo de lectura":"3 minutos"},"schema":{"@context":"https:\/\/schema.org","@graph":[{"@type":"Article","@id":"https:\/\/autofans.com.ar\/index.php\/2025\/07\/10\/iveco-celebra-sus-50-anos-con-el-s-way\/#article","isPartOf":{"@id":"https:\/\/autofans.com.ar\/index.php\/2025\/07\/10\/iveco-celebra-sus-50-anos-con-el-s-way\/"},"author":{"name":"Alejandro Gabriel Rosito","@id":"https:\/\/autofans.com.ar\/#\/schema\/person\/4a8dda0b6df83ac3d6723e921274c2aa"},"headline":"IVECO celebra sus 50 a\u00f1os con el S-Way","datePublished":"2025-07-10T23:33:22+00:00","mainEntityOfPage":{"@id":"https:\/\/autofans.com.ar\/index.php\/2025\/07\/10\/iveco-celebra-sus-50-anos-con-el-s-way\/"},"wordCount":686,"image":{"@id":"https:\/\/autofans.com.ar\/index.php\/2025\/07\/10\/iveco-celebra-sus-50-anos-con-el-s-way\/#primaryimage"},"thumbnailUrl":"https:\/\/autofans.com.ar\/wp-content\/uploads\/2025\/07\/iveco-2-1.jpg","keywords":["cami\u00f3n a GNC","camiones pesados Argentina","conectividad flotas","IVECO Capital","IVECO S-Way","motor Euro VI","transporte eficiente"],"articleSection":["NOTICIAS","Pick Ups, Utilitarios y Pesados"],"inLanguage":"es"},{"@type":"WebPage","@id":"https:\/\/autofans.com.ar\/index.php\/2025\/07\/10\/iveco-celebra-sus-50-anos-con-el-s-way\/","url":"https:\/\/autofans.com.ar\/index.php\/2025\/07\/10\/iveco-celebra-sus-50-anos-con-el-s-way\/","name":"IVECO celebra sus 50 a\u00f1os con el S-Way -","isPartOf":{"@id":"https:\/\/autofans.com.ar\/#website"},"primaryImageOfPage":{"@id":"https:\/\/autofans.com.ar\/index.php\/2025\/07\/10\/iveco-celebra-sus-50-anos-con-el-s-way\/#primaryimage"},"image":{"@id":"https:\/\/autofans.com.ar\/index.php\/2025\/07\/10\/iveco-celebra-sus-50-anos-con-el-s-way\/#primaryimage"},"thumbnailUrl":"https:\/\/autofans.com.ar\/wp-content\/uploads\/2025\/07\/iveco-2-1.jpg","datePublished":"2025-07-10T23:33:22+00:00","author":{"@id":"https:\/\/autofans.com.ar\/#\/schema\/person\/4a8dda0b6df83ac3d6723e921274c2aa"},"description":"En el marco de sus 50 a\u00f1os a nivel global, IVECO presenta en Argentina el S-Way, un cami\u00f3n dise\u00f1ado para elevar los est\u00e1ndares del transporte","breadcrumb":{"@id":"https:\/\/autofans.com.ar\/index.php\/2025\/07\/10\/iveco-celebra-sus-50-anos-con-el-s-way\/#breadcrumb"},"inLanguage":"es","potentialAction":[{"@type":"ReadAction","target":["https:\/\/autofans.com.ar\/index.php\/2025\/07\/10\/iveco-celebra-sus-50-anos-con-el-s-way\/"]}]},{"@type":"ImageObject","inLanguage":"es","@id":"https:\/\/autofans.com.ar\/index.php\/2025\/07\/10\/iveco-celebra-sus-50-anos-con-el-s-way\/#primaryimage","url":"https:\/\/autofans.com.ar\/wp-content\/uploads\/2025\/07\/iveco-2-1.jpg","contentUrl":"https:\/\/autofans.com.ar\/wp-content\/uploads\/2025\/07\/iveco-2-1.jpg","width":1000,"height":667,"caption":"IVECO"},{"@type":"BreadcrumbList","@id":"https:\/\/autofans.com.ar\/index.php\/2025\/07\/10\/iveco-celebra-sus-50-anos-con-el-s-way\/#breadcrumb","itemListElement":[{"@type":"ListItem","position":1,"name":"Inicio","item":"https:\/\/autofans.com.ar\/"},{"@type":"ListItem","position":2,"name":"IVECO celebra sus 50 a\u00f1os con el S-Way"}]},{"@type":"WebSite","@id":"https:\/\/autofans.com.ar\/#website","url":"https:\/\/autofans.com.ar\/","name":"","description":"El multimedio referente de la industria automotriz","potentialAction":[{"@type":"SearchAction","target":{"@type":"EntryPoint","urlTemplate":"https:\/\/autofans.com.ar\/?s={search_term_string}"},"query-input":{"@type":"PropertyValueSpecification","valueRequired":true,"valueName":"search_term_string"}}],"inLanguage":"es"},{"@type":"Person","@id":"https:\/\/autofans.com.ar\/#\/schema\/person\/4a8dda0b6df83ac3d6723e921274c2aa","name":"Alejandro Gabriel Rosito","image":{"@type":"ImageObject","inLanguage":"es","@id":"https:\/\/secure.gravatar.com\/avatar\/16c5dda1489adfc62618084dcbb91cffd879c374b13fe5dd8e44ed6733852c88?s=96&d=mm&r=g","url":"https:\/\/secure.gravatar.com\/avatar\/16c5dda1489adfc62618084dcbb91cffd879c374b13fe5dd8e44ed6733852c88?s=96&d=mm&r=g","contentUrl":"https:\/\/secure.gravatar.com\/avatar\/16c5dda1489adfc62618084dcbb91cffd879c374b13fe5dd8e44ed6733852c88?s=96&d=mm&r=g","caption":"Alejandro Gabriel Rosito"},"url":"https:\/\/autofans.com.ar\/index.php\/author\/gabrielr\/"}]}},"featured_image_urls":{"full":["https:\/\/autofans.com.ar\/wp-content\/uploads\/2025\/07\/iveco-2-1.jpg",1000,667,false],"thumbnail":["https:\/\/autofans.com.ar\/wp-content\/uploads\/2025\/07\/iveco-2-1-150x150.jpg",150,150,true],"medium":["https:\/\/autofans.com.ar\/wp-content\/uploads\/2025\/07\/iveco-2-1-300x200.jpg",300,200,true],"medium_large":["https:\/\/autofans.com.ar\/wp-content\/uploads\/2025\/07\/iveco-2-1-768x512.jpg",640,427,true],"large":["https:\/\/autofans.com.ar\/wp-content\/uploads\/2025\/07\/iveco-2-1.jpg",640,427,false],"1536x1536":["https:\/\/autofans.com.ar\/wp-content\/uploads\/2025\/07\/iveco-2-1.jpg",1000,667,false],"2048x2048":["https:\/\/autofans.com.ar\/wp-content\/uploads\/2025\/07\/iveco-2-1.jpg",1000,667,false],"covernews-featured":["https:\/\/autofans.com.ar\/wp-content\/uploads\/2025\/07\/iveco-2-1.jpg",1000,667,false],"covernews-medium":["https:\/\/autofans.com.ar\/wp-content\/uploads\/2025\/07\/iveco-2-1-540x340.jpg",540,340,true]},"author_info":{"display_name":"Alejandro Gabriel Rosito","author_link":"https:\/\/autofans.com.ar\/index.php\/author\/gabrielr\/"},"category_info":"<a href=\"https:\/\/autofans.com.ar\/index.php\/category\/noticias\/\" rel=\"category tag\">NOTICIAS<\/a> <a href=\"https:\/\/autofans.com.ar\/index.php\/category\/lanzamientos\/utilitarios-y-pesados-lanzamientos\/\" rel=\"category tag\">Pick Ups, Utilitarios y Pesados<\/a>","tag_info":"Pick Ups, Utilitarios y Pesados","comment_count":0,"_links":{"self":[{"href":"https:\/\/autofans.com.ar\/index.php\/wp-json\/wp\/v2\/posts\/13195","targetHints":{"allow":["GET"]}}],"collection":[{"href":"https:\/\/autofans.com.ar\/index.php\/wp-json\/wp\/v2\/posts"}],"about":[{"href":"https:\/\/autofans.com.ar\/index.php\/wp-json\/wp\/v2\/types\/post"}],"author":[{"embeddable":true,"href":"https:\/\/autofans.com.ar\/index.php\/wp-json\/wp\/v2\/users\/2"}],"replies":[{"embeddable":true,"href":"https:\/\/autofans.com.ar\/index.php\/wp-json\/wp\/v2\/comments?post=13195"}],"version-history":[{"count":6,"href":"https:\/\/autofans.com.ar\/index.php\/wp-json\/wp\/v2\/posts\/13195\/revisions"}],"predecessor-version":[{"id":13206,"href":"https:\/\/autofans.com.ar\/index.php\/wp-json\/wp\/v2\/posts\/13195\/revisions\/13206"}],"wp:featuredmedia":[{"embeddable":true,"href":"https:\/\/autofans.com.ar\/index.php\/wp-json\/wp\/v2\/media\/13203"}],"wp:attachment":[{"href":"https:\/\/autofans.com.ar\/index.php\/wp-json\/wp\/v2\/media?parent=13195"}],"wp:term":[{"taxonomy":"category","embeddable":true,"href":"https:\/\/autofans.com.ar\/index.php\/wp-json\/wp\/v2\/categories?post=13195"},{"taxonomy":"post_tag","embeddable":true,"href":"https:\/\/autofans.com.ar\/index.php\/wp-json\/wp\/v2\/tags?post=13195"}],"curies":[{"name":"wp","href":"https:\/\/api.w.org\/{rel}","templated":true}]}}