{"id":13207,"date":"2025-07-11T18:33:19","date_gmt":"2025-07-11T21:33:19","guid":{"rendered":"https:\/\/autofans.com.ar\/?p=13207"},"modified":"2025-07-11T19:31:33","modified_gmt":"2025-07-11T22:31:33","slug":"renault-boreal-el-suv-global-con-google-integrado","status":"publish","type":"post","link":"https:\/\/autofans.com.ar\/index.php\/2025\/07\/11\/renault-boreal-el-suv-global-con-google-integrado\/","title":{"rendered":"Renault Boreal el SUV global con Google integrado"},"content":{"rendered":"<p class=\"ds-markdown-paragraph\">Renault refuerza su estrategia internacional con el lanzamiento del Boreal, un SUV dise\u00f1ado para mercados fuera de Europa. Con producci\u00f3n en Brasil y Turqu\u00eda, apunta a consolidar la marca en el segmento C, clave en regiones como Am\u00e9rica Latina y Medio Oriente.<\/p>\n<h3><\/h3>\n<h2>Claves del Renault Boreal<\/h2>\n<p>&nbsp;<\/p>\n<div id='gallery-1' class='gallery galleryid-13207 gallery-columns-2 gallery-size-full'><figure class='gallery-item'>\n\t\t\t<div class='gallery-icon landscape'>\n\t\t\t\t<a href='https:\/\/autofans.com.ar\/index.php\/2025\/07\/11\/renault-boreal-el-suv-global-con-google-integrado\/boreal-4\/'><img loading=\"lazy\" width=\"1000\" height=\"667\" src=\"https:\/\/autofans.com.ar\/wp-content\/uploads\/2025\/07\/boreal-4.jpg\" class=\"attachment-full size-full\" alt=\"Renault Boreal\" srcset=\"https:\/\/autofans.com.ar\/wp-content\/uploads\/2025\/07\/boreal-4.jpg 1000w, https:\/\/autofans.com.ar\/wp-content\/uploads\/2025\/07\/boreal-4-300x200.jpg 300w, https:\/\/autofans.com.ar\/wp-content\/uploads\/2025\/07\/boreal-4-768x512.jpg 768w\" sizes=\"auto, (max-width: 1000px) 100vw, 1000px\" loading=\"lazy\" decoding=\"async\" \/><\/a>\n\t\t\t<\/div><\/figure><figure class='gallery-item'>\n\t\t\t<div class='gallery-icon landscape'>\n\t\t\t\t<a href='https:\/\/autofans.com.ar\/index.php\/2025\/07\/11\/renault-boreal-el-suv-global-con-google-integrado\/boreal-1\/'><img loading=\"lazy\" width=\"1000\" height=\"667\" src=\"https:\/\/autofans.com.ar\/wp-content\/uploads\/2025\/07\/boreal-1.jpg\" class=\"attachment-full size-full\" alt=\"Renault Boreal\" srcset=\"https:\/\/autofans.com.ar\/wp-content\/uploads\/2025\/07\/boreal-1.jpg 1000w, https:\/\/autofans.com.ar\/wp-content\/uploads\/2025\/07\/boreal-1-300x200.jpg 300w, https:\/\/autofans.com.ar\/wp-content\/uploads\/2025\/07\/boreal-1-768x512.jpg 768w\" sizes=\"auto, (max-width: 1000px) 100vw, 1000px\" loading=\"lazy\" decoding=\"async\" \/><\/a>\n\t\t\t<\/div><\/figure>\n\t\t<\/div>\n\n<p>&nbsp;<\/p>\n<h4><strong>1. Expansi\u00f3n global con foco en valor<\/strong><\/h4>\n<ul>\n<li>\n<p class=\"ds-markdown-paragraph\">Forma parte del plan International Game Plan 2024-2027, que incluye 8 nuevos modelos y una inversi\u00f3n de 3.000 millones de euros.<\/p>\n<\/li>\n<li>\n<p class=\"ds-markdown-paragraph\">Objetivo: duplicar la facturaci\u00f3n por unidad fuera de Europa para 2027 (vs. 2019).<\/p>\n<\/li>\n<li>\n<p class=\"ds-markdown-paragraph\">Fabricaci\u00f3n en Curitiba (Brasil) para Latinoam\u00e9rica y Bursa (Turqu\u00eda) para Europa del Este, Medio Oriente y Mediterr\u00e1neo.<\/p>\n<\/li>\n<\/ul>\n<p>&nbsp;<\/p>\n<div id='gallery-2' class='gallery galleryid-13207 gallery-columns-2 gallery-size-full'><figure class='gallery-item'>\n\t\t\t<div class='gallery-icon landscape'>\n\t\t\t\t<a href='https:\/\/autofans.com.ar\/index.php\/2025\/07\/11\/renault-boreal-el-suv-global-con-google-integrado\/boreal-8\/'><img loading=\"lazy\" width=\"1000\" height=\"667\" src=\"https:\/\/autofans.com.ar\/wp-content\/uploads\/2025\/07\/boreal-8.jpg\" class=\"attachment-full size-full\" alt=\"Renault Boreal\" srcset=\"https:\/\/autofans.com.ar\/wp-content\/uploads\/2025\/07\/boreal-8.jpg 1000w, https:\/\/autofans.com.ar\/wp-content\/uploads\/2025\/07\/boreal-8-300x200.jpg 300w, https:\/\/autofans.com.ar\/wp-content\/uploads\/2025\/07\/boreal-8-768x512.jpg 768w\" sizes=\"auto, (max-width: 1000px) 100vw, 1000px\" loading=\"lazy\" decoding=\"async\" \/><\/a>\n\t\t\t<\/div><\/figure><figure class='gallery-item'>\n\t\t\t<div class='gallery-icon landscape'>\n\t\t\t\t<a href='https:\/\/autofans.com.ar\/index.php\/2025\/07\/11\/renault-boreal-el-suv-global-con-google-integrado\/boreal-2\/'><img loading=\"lazy\" width=\"1000\" height=\"667\" src=\"https:\/\/autofans.com.ar\/wp-content\/uploads\/2025\/07\/boreal-2.jpg\" class=\"attachment-full size-full\" alt=\"Renault Boreal\" srcset=\"https:\/\/autofans.com.ar\/wp-content\/uploads\/2025\/07\/boreal-2.jpg 1000w, https:\/\/autofans.com.ar\/wp-content\/uploads\/2025\/07\/boreal-2-300x200.jpg 300w, https:\/\/autofans.com.ar\/wp-content\/uploads\/2025\/07\/boreal-2-768x512.jpg 768w\" sizes=\"auto, (max-width: 1000px) 100vw, 1000px\" loading=\"lazy\" decoding=\"async\" \/><\/a>\n\t\t\t<\/div><\/figure>\n\t\t<\/div>\n\n<p>&nbsp;<\/p>\n<h4>2. Dise\u00f1o: presencia y elegancia<\/h4>\n<ul>\n<li>\n<p class=\"ds-markdown-paragraph\">4,56 m de largo, l\u00edneas esculturales y firma lum\u00ednica inspirada en el concept Niagara.<\/p>\n<\/li>\n<li>\n<p class=\"ds-markdown-paragraph\">Interior premium: pantallas duales de 10&#8243;, iluminaci\u00f3n LED personalizable (48 colores) y materiales sustentables.<\/p>\n<\/li>\n<li>\n<p class=\"ds-markdown-paragraph\">Espacio familiar: ba\u00fal de 522 litros (1.279 litros con asientos plegables) y asientos con masaje\/memoria (versiones altas).<\/p>\n<\/li>\n<\/ul>\n<h4>3. Tecnolog\u00eda y conectividad<\/h4>\n<ul>\n<li>\n<p class=\"ds-markdown-paragraph\">Google integrado: Maps, Asistente de voz y Play Store con apps como Waze, HBO Max y Amazon Music.<\/p>\n<\/li>\n<li>\n<p class=\"ds-markdown-paragraph\">Audio Harman Kardon: calibrado por Jean-Michel Jarre con 5 modos ac\u00fasticos exclusivos.<\/p>\n<\/li>\n<li>\n<p class=\"ds-markdown-paragraph\">24 sistemas ADAS: asistente de mantenimiento de carril (e-LKA), frenado autom\u00e1tico (AEBS) y alerta de punto ciego (BSW).<\/p>\n<\/li>\n<\/ul>\n<p>&nbsp;<\/p>\n<div id='gallery-3' class='gallery galleryid-13207 gallery-columns-2 gallery-size-full'><figure class='gallery-item'>\n\t\t\t<div class='gallery-icon landscape'>\n\t\t\t\t<a href='https:\/\/autofans.com.ar\/index.php\/2025\/07\/11\/renault-boreal-el-suv-global-con-google-integrado\/boreal-7\/'><img loading=\"lazy\" width=\"1000\" height=\"667\" src=\"https:\/\/autofans.com.ar\/wp-content\/uploads\/2025\/07\/boreal-7.jpg\" class=\"attachment-full size-full\" alt=\"Renault Boreal\" srcset=\"https:\/\/autofans.com.ar\/wp-content\/uploads\/2025\/07\/boreal-7.jpg 1000w, https:\/\/autofans.com.ar\/wp-content\/uploads\/2025\/07\/boreal-7-300x200.jpg 300w, https:\/\/autofans.com.ar\/wp-content\/uploads\/2025\/07\/boreal-7-768x512.jpg 768w\" sizes=\"auto, (max-width: 1000px) 100vw, 1000px\" loading=\"lazy\" decoding=\"async\" \/><\/a>\n\t\t\t<\/div><\/figure><figure class='gallery-item'>\n\t\t\t<div class='gallery-icon landscape'>\n\t\t\t\t<a href='https:\/\/autofans.com.ar\/index.php\/2025\/07\/11\/renault-boreal-el-suv-global-con-google-integrado\/boreal-6\/'><img loading=\"lazy\" width=\"1000\" height=\"667\" src=\"https:\/\/autofans.com.ar\/wp-content\/uploads\/2025\/07\/boreal-6.jpg\" class=\"attachment-full size-full\" alt=\"Renault Boreal\" srcset=\"https:\/\/autofans.com.ar\/wp-content\/uploads\/2025\/07\/boreal-6.jpg 1000w, https:\/\/autofans.com.ar\/wp-content\/uploads\/2025\/07\/boreal-6-300x200.jpg 300w, https:\/\/autofans.com.ar\/wp-content\/uploads\/2025\/07\/boreal-6-768x512.jpg 768w\" sizes=\"auto, (max-width: 1000px) 100vw, 1000px\" loading=\"lazy\" decoding=\"async\" \/><\/a>\n\t\t\t<\/div><\/figure>\n\t\t<\/div>\n\n<p>&nbsp;<\/p>\n<h4>4. Motorizaci\u00f3n eficiente<\/h4>\n<ul>\n<li>\n<p class=\"ds-markdown-paragraph\">Motor 1.3 TCe: 163 HP (flex) \/ 156 HP (nafta) en Latinoam\u00e9rica, asociado a caja EDC de doble embrague h\u00famedo.<\/p>\n<\/li>\n<li>\n<p class=\"ds-markdown-paragraph\">Modo Smart: ajusta direcci\u00f3n, respuesta del motor y ambiente lum\u00ednico seg\u00fan la conducci\u00f3n.<\/p>\n<\/li>\n<li>\n<p class=\"ds-markdown-paragraph\">Disponible en Brasil desde fines de 2025, luego en el resto de Latinoam\u00e9rica, Turqu\u00eda y otros mercados (2026).<\/p>\n<\/li>\n<\/ul>\n<p>&nbsp;<\/p>\n<h2>DIMENSIONES Y CARACTER\u00cdSTICAS T\u00c9CNICAS<\/h2>\n<h4>DIMENSIONES (mm)<\/h4>\n<div class=\"markdown-table-wrapper\">\n<table>\n<thead>\n<tr>\n<th><strong>Concepto<\/strong><\/th>\n<th><strong>Medida<\/strong><\/th>\n<\/tr>\n<\/thead>\n<tbody>\n<tr>\n<td>Longitud total<\/td>\n<td>4,556 mm<\/td>\n<\/tr>\n<tr>\n<td>Entre ejes<\/td>\n<td>2,702 mm<\/td>\n<\/tr>\n<tr>\n<td>Ancho total (sin\/con retrovisores)<\/td>\n<td>1,841 \/ 2,082 mm<\/td>\n<\/tr>\n<tr>\n<td>Altura (con barras de techo)<\/td>\n<td>1,650 mm<\/td>\n<\/tr>\n<tr>\n<td>Altura con maletero abierto (sin carga)<\/td>\n<td>2,085 mm<\/td>\n<\/tr>\n<tr>\n<td>Altura de la base del maletero (vac\u00edo)<\/td>\n<td>781 mm<\/td>\n<\/tr>\n<tr>\n<td>\u00c1ngulo de ataque \/ salida<\/td>\n<td>22\u00b0 \/ 27\u00b0<\/td>\n<\/tr>\n<tr>\n<td>Altura al suelo (veh\u00edculo vac\u00edo)<\/td>\n<td>213 mm<\/td>\n<\/tr>\n<\/tbody>\n<\/table>\n<\/div>\n<h4>CAPACIDAD DEL MALETERO<\/h4>\n<div class=\"markdown-table-wrapper\">\n<table>\n<thead>\n<tr>\n<th><strong>Concepto<\/strong><\/th>\n<th><strong>Capacidad<\/strong><\/th>\n<\/tr>\n<\/thead>\n<tbody>\n<tr>\n<td><strong>Total (VDA)<\/strong><\/td>\n<td>522 litros<\/td>\n<\/tr>\n<tr>\n<td><strong>Total (m\u00e1xima)<\/strong><\/td>\n<td>586 litros<\/td>\n<\/tr>\n<tr>\n<td><strong>Con asientos traseros rebatidos (VDA)<\/strong><\/td>\n<td>1,279 litros<\/td>\n<\/tr>\n<tr>\n<td><strong>Con asientos rebatidos (m\u00e1xima)<\/strong><\/td>\n<td>1,770 litros<\/td>\n<\/tr>\n<\/tbody>\n<\/table>\n<\/div>\n<p>&nbsp;<\/p>\n<p>&nbsp;<\/p>\n<p><center><iframe title=\"Renault Boreal el SUV global con Google integrado\" width=\"640\" height=\"360\" src=\"https:\/\/www.youtube.com\/embed\/eS6WiolLhLU?feature=oembed\" frameborder=\"0\" allow=\"accelerometer; autoplay; clipboard-write; encrypted-media; gyroscope; picture-in-picture; web-share\" referrerpolicy=\"strict-origin-when-cross-origin\" allowfullscreen><\/iframe><\/p>\n<p><\/center>&nbsp;<\/p>\n<p>&nbsp;<\/p>\n<p>&nbsp;<\/p>\n<p><i>Para enterarte de m\u00e1s novedades, no dejes de leer\u00a0<\/i><a href=\"https:\/\/autofans.thebrandsoup.com\/\"><i>nuestras notas<\/i><\/a><i>, de ver\u00a0<\/i><a href=\"https:\/\/www.youtube.com\/channel\/UCgAC8UGHZYbT6P7PpmVnP7g\"><i>AUTOFANS TV<\/i><\/a><i>\u00a0en nuestro\u00a0canal de Youtube. Adem\u00e1s seguinos en\u00a0<\/i><a href=\"https:\/\/www.instagram.com\/autofanstv\/\"><i>INSTAGRAM<\/i><\/a><i> y <\/i><a href=\"https:\/\/www.facebook.com\/autofansmas\/\"><i>FACEBOOK<\/i><\/a><i> para no perderte nada sobre las novedades del segmento automotor de Argentina y el mundo.<\/i><\/p>\n","protected":false},"excerpt":{"rendered":"<p>Renault refuerza su estrategia internacional con el lanzamiento del Boreal, un SUV dise\u00f1ado para mercados&#8230;<\/p>\n","protected":false},"author":2,"featured_media":13214,"comment_status":"closed","ping_status":"closed","sticky":false,"template":"","format":"standard","meta":{"footnotes":""},"categories":[3,1],"tags":[3383,7001,7002,6865,6998,7000,6999,719],"class_list":["post-13207","post","type-post","status-publish","format-standard","has-post-thumbnail","hentry","category-autos","category-lanzamientos","tag-adas","tag-google-automotive","tag-harman-kardon","tag-motores-eficientes","tag-renault-boreal","tag-renault-latinoamerica","tag-suv-segmento-c","tag-tecnologia-automotriz"],"yoast_head":"<!-- This site is optimized with the Yoast SEO plugin v27.5 - https:\/\/yoast.com\/product\/yoast-seo-wordpress\/ -->\n<title>Renault Boreal el SUV global con Google integrado -<\/title>\n<meta name=\"description\" content=\"Renault acelera su estrategia global con el Boreal, un SUV dise\u00f1ado para mercados clave fuera de Europa. Con producci\u00f3n en Brasil y Turqu\u00eda\" \/>\n<meta name=\"robots\" content=\"index, follow, max-snippet:-1, max-image-preview:large, max-video-preview:-1\" \/>\n<link rel=\"canonical\" href=\"https:\/\/autofans.com.ar\/index.php\/2025\/07\/11\/renault-boreal-el-suv-global-con-google-integrado\/\" \/>\n<meta property=\"og:locale\" content=\"es_ES\" \/>\n<meta property=\"og:type\" content=\"article\" \/>\n<meta property=\"og:title\" content=\"Renault Boreal el SUV global con Google integrado -\" \/>\n<meta property=\"og:description\" content=\"Renault acelera su estrategia global con el Boreal, un SUV dise\u00f1ado para mercados clave fuera de Europa. Con producci\u00f3n en Brasil y Turqu\u00eda\" \/>\n<meta property=\"og:url\" content=\"https:\/\/autofans.com.ar\/index.php\/2025\/07\/11\/renault-boreal-el-suv-global-con-google-integrado\/\" \/>\n<meta property=\"article:published_time\" content=\"2025-07-11T21:33:19+00:00\" \/>\n<meta property=\"article:modified_time\" content=\"2025-07-11T22:31:33+00:00\" \/>\n<meta property=\"og:image\" content=\"https:\/\/autofans.com.ar\/wp-content\/uploads\/2025\/07\/boreal-3.jpg\" \/>\n\t<meta property=\"og:image:width\" content=\"1000\" \/>\n\t<meta property=\"og:image:height\" content=\"667\" \/>\n\t<meta property=\"og:image:type\" content=\"image\/jpeg\" \/>\n<meta name=\"author\" content=\"Alejandro Gabriel Rosito\" \/>\n<meta name=\"twitter:card\" content=\"summary_large_image\" \/>\n<meta name=\"twitter:label1\" content=\"Escrito por\" \/>\n\t<meta name=\"twitter:data1\" content=\"Alejandro Gabriel Rosito\" \/>\n\t<meta name=\"twitter:label2\" content=\"Tiempo de lectura\" \/>\n\t<meta name=\"twitter:data2\" content=\"3 minutos\" \/>\n<script type=\"application\/ld+json\" class=\"yoast-schema-graph\">{\"@context\":\"https:\\\/\\\/schema.org\",\"@graph\":[{\"@type\":\"Article\",\"@id\":\"https:\\\/\\\/autofans.com.ar\\\/index.php\\\/2025\\\/07\\\/11\\\/renault-boreal-el-suv-global-con-google-integrado\\\/#article\",\"isPartOf\":{\"@id\":\"https:\\\/\\\/autofans.com.ar\\\/index.php\\\/2025\\\/07\\\/11\\\/renault-boreal-el-suv-global-con-google-integrado\\\/\"},\"author\":{\"name\":\"Alejandro Gabriel Rosito\",\"@id\":\"https:\\\/\\\/autofans.com.ar\\\/#\\\/schema\\\/person\\\/4a8dda0b6df83ac3d6723e921274c2aa\"},\"headline\":\"Renault Boreal el SUV global con Google integrado\",\"datePublished\":\"2025-07-11T21:33:19+00:00\",\"dateModified\":\"2025-07-11T22:31:33+00:00\",\"mainEntityOfPage\":{\"@id\":\"https:\\\/\\\/autofans.com.ar\\\/index.php\\\/2025\\\/07\\\/11\\\/renault-boreal-el-suv-global-con-google-integrado\\\/\"},\"wordCount\":433,\"image\":{\"@id\":\"https:\\\/\\\/autofans.com.ar\\\/index.php\\\/2025\\\/07\\\/11\\\/renault-boreal-el-suv-global-con-google-integrado\\\/#primaryimage\"},\"thumbnailUrl\":\"https:\\\/\\\/autofans.com.ar\\\/wp-content\\\/uploads\\\/2025\\\/07\\\/boreal-3.jpg\",\"keywords\":[\"ADAS\",\"Google Automotive\",\"Harman Kardon.\",\"motores eficientes\",\"Renault Boreal\",\"Renault Latinoam\u00e9rica\",\"SUV segmento C\",\"Tecnolog\u00eda automotriz\"],\"articleSection\":[\"AUTOS y SUV\",\"LANZAMIENTOS\"],\"inLanguage\":\"es\"},{\"@type\":\"WebPage\",\"@id\":\"https:\\\/\\\/autofans.com.ar\\\/index.php\\\/2025\\\/07\\\/11\\\/renault-boreal-el-suv-global-con-google-integrado\\\/\",\"url\":\"https:\\\/\\\/autofans.com.ar\\\/index.php\\\/2025\\\/07\\\/11\\\/renault-boreal-el-suv-global-con-google-integrado\\\/\",\"name\":\"Renault Boreal el SUV global con Google integrado -\",\"isPartOf\":{\"@id\":\"https:\\\/\\\/autofans.com.ar\\\/#website\"},\"primaryImageOfPage\":{\"@id\":\"https:\\\/\\\/autofans.com.ar\\\/index.php\\\/2025\\\/07\\\/11\\\/renault-boreal-el-suv-global-con-google-integrado\\\/#primaryimage\"},\"image\":{\"@id\":\"https:\\\/\\\/autofans.com.ar\\\/index.php\\\/2025\\\/07\\\/11\\\/renault-boreal-el-suv-global-con-google-integrado\\\/#primaryimage\"},\"thumbnailUrl\":\"https:\\\/\\\/autofans.com.ar\\\/wp-content\\\/uploads\\\/2025\\\/07\\\/boreal-3.jpg\",\"datePublished\":\"2025-07-11T21:33:19+00:00\",\"dateModified\":\"2025-07-11T22:31:33+00:00\",\"author\":{\"@id\":\"https:\\\/\\\/autofans.com.ar\\\/#\\\/schema\\\/person\\\/4a8dda0b6df83ac3d6723e921274c2aa\"},\"description\":\"Renault acelera su estrategia global con el Boreal, un SUV dise\u00f1ado para mercados clave fuera de Europa. Con producci\u00f3n en Brasil y Turqu\u00eda\",\"breadcrumb\":{\"@id\":\"https:\\\/\\\/autofans.com.ar\\\/index.php\\\/2025\\\/07\\\/11\\\/renault-boreal-el-suv-global-con-google-integrado\\\/#breadcrumb\"},\"inLanguage\":\"es\",\"potentialAction\":[{\"@type\":\"ReadAction\",\"target\":[\"https:\\\/\\\/autofans.com.ar\\\/index.php\\\/2025\\\/07\\\/11\\\/renault-boreal-el-suv-global-con-google-integrado\\\/\"]}]},{\"@type\":\"ImageObject\",\"inLanguage\":\"es\",\"@id\":\"https:\\\/\\\/autofans.com.ar\\\/index.php\\\/2025\\\/07\\\/11\\\/renault-boreal-el-suv-global-con-google-integrado\\\/#primaryimage\",\"url\":\"https:\\\/\\\/autofans.com.ar\\\/wp-content\\\/uploads\\\/2025\\\/07\\\/boreal-3.jpg\",\"contentUrl\":\"https:\\\/\\\/autofans.com.ar\\\/wp-content\\\/uploads\\\/2025\\\/07\\\/boreal-3.jpg\",\"width\":1000,\"height\":667,\"caption\":\"Renault Boreal\"},{\"@type\":\"BreadcrumbList\",\"@id\":\"https:\\\/\\\/autofans.com.ar\\\/index.php\\\/2025\\\/07\\\/11\\\/renault-boreal-el-suv-global-con-google-integrado\\\/#breadcrumb\",\"itemListElement\":[{\"@type\":\"ListItem\",\"position\":1,\"name\":\"Inicio\",\"item\":\"https:\\\/\\\/autofans.com.ar\\\/\"},{\"@type\":\"ListItem\",\"position\":2,\"name\":\"Renault Boreal el SUV global con Google integrado\"}]},{\"@type\":\"WebSite\",\"@id\":\"https:\\\/\\\/autofans.com.ar\\\/#website\",\"url\":\"https:\\\/\\\/autofans.com.ar\\\/\",\"name\":\"\",\"description\":\"El multimedio referente de la industria automotriz\",\"potentialAction\":[{\"@type\":\"SearchAction\",\"target\":{\"@type\":\"EntryPoint\",\"urlTemplate\":\"https:\\\/\\\/autofans.com.ar\\\/?s={search_term_string}\"},\"query-input\":{\"@type\":\"PropertyValueSpecification\",\"valueRequired\":true,\"valueName\":\"search_term_string\"}}],\"inLanguage\":\"es\"},{\"@type\":\"Person\",\"@id\":\"https:\\\/\\\/autofans.com.ar\\\/#\\\/schema\\\/person\\\/4a8dda0b6df83ac3d6723e921274c2aa\",\"name\":\"Alejandro Gabriel Rosito\",\"image\":{\"@type\":\"ImageObject\",\"inLanguage\":\"es\",\"@id\":\"https:\\\/\\\/secure.gravatar.com\\\/avatar\\\/16c5dda1489adfc62618084dcbb91cffd879c374b13fe5dd8e44ed6733852c88?s=96&d=mm&r=g\",\"url\":\"https:\\\/\\\/secure.gravatar.com\\\/avatar\\\/16c5dda1489adfc62618084dcbb91cffd879c374b13fe5dd8e44ed6733852c88?s=96&d=mm&r=g\",\"contentUrl\":\"https:\\\/\\\/secure.gravatar.com\\\/avatar\\\/16c5dda1489adfc62618084dcbb91cffd879c374b13fe5dd8e44ed6733852c88?s=96&d=mm&r=g\",\"caption\":\"Alejandro Gabriel Rosito\"},\"url\":\"https:\\\/\\\/autofans.com.ar\\\/index.php\\\/author\\\/gabrielr\\\/\"}]}<\/script>\n<!-- \/ Yoast SEO plugin. -->","yoast_head_json":{"title":"Renault Boreal el SUV global con Google integrado -","description":"Renault acelera su estrategia global con el Boreal, un SUV dise\u00f1ado para mercados clave fuera de Europa. Con producci\u00f3n en Brasil y Turqu\u00eda","robots":{"index":"index","follow":"follow","max-snippet":"max-snippet:-1","max-image-preview":"max-image-preview:large","max-video-preview":"max-video-preview:-1"},"canonical":"https:\/\/autofans.com.ar\/index.php\/2025\/07\/11\/renault-boreal-el-suv-global-con-google-integrado\/","og_locale":"es_ES","og_type":"article","og_title":"Renault Boreal el SUV global con Google integrado -","og_description":"Renault acelera su estrategia global con el Boreal, un SUV dise\u00f1ado para mercados clave fuera de Europa. Con producci\u00f3n en Brasil y Turqu\u00eda","og_url":"https:\/\/autofans.com.ar\/index.php\/2025\/07\/11\/renault-boreal-el-suv-global-con-google-integrado\/","article_published_time":"2025-07-11T21:33:19+00:00","article_modified_time":"2025-07-11T22:31:33+00:00","og_image":[{"width":1000,"height":667,"url":"https:\/\/autofans.com.ar\/wp-content\/uploads\/2025\/07\/boreal-3.jpg","type":"image\/jpeg"}],"author":"Alejandro Gabriel Rosito","twitter_card":"summary_large_image","twitter_misc":{"Escrito por":"Alejandro Gabriel Rosito","Tiempo de lectura":"3 minutos"},"schema":{"@context":"https:\/\/schema.org","@graph":[{"@type":"Article","@id":"https:\/\/autofans.com.ar\/index.php\/2025\/07\/11\/renault-boreal-el-suv-global-con-google-integrado\/#article","isPartOf":{"@id":"https:\/\/autofans.com.ar\/index.php\/2025\/07\/11\/renault-boreal-el-suv-global-con-google-integrado\/"},"author":{"name":"Alejandro Gabriel Rosito","@id":"https:\/\/autofans.com.ar\/#\/schema\/person\/4a8dda0b6df83ac3d6723e921274c2aa"},"headline":"Renault Boreal el SUV global con Google integrado","datePublished":"2025-07-11T21:33:19+00:00","dateModified":"2025-07-11T22:31:33+00:00","mainEntityOfPage":{"@id":"https:\/\/autofans.com.ar\/index.php\/2025\/07\/11\/renault-boreal-el-suv-global-con-google-integrado\/"},"wordCount":433,"image":{"@id":"https:\/\/autofans.com.ar\/index.php\/2025\/07\/11\/renault-boreal-el-suv-global-con-google-integrado\/#primaryimage"},"thumbnailUrl":"https:\/\/autofans.com.ar\/wp-content\/uploads\/2025\/07\/boreal-3.jpg","keywords":["ADAS","Google Automotive","Harman Kardon.","motores eficientes","Renault Boreal","Renault Latinoam\u00e9rica","SUV segmento C","Tecnolog\u00eda automotriz"],"articleSection":["AUTOS y SUV","LANZAMIENTOS"],"inLanguage":"es"},{"@type":"WebPage","@id":"https:\/\/autofans.com.ar\/index.php\/2025\/07\/11\/renault-boreal-el-suv-global-con-google-integrado\/","url":"https:\/\/autofans.com.ar\/index.php\/2025\/07\/11\/renault-boreal-el-suv-global-con-google-integrado\/","name":"Renault Boreal el SUV global con Google integrado -","isPartOf":{"@id":"https:\/\/autofans.com.ar\/#website"},"primaryImageOfPage":{"@id":"https:\/\/autofans.com.ar\/index.php\/2025\/07\/11\/renault-boreal-el-suv-global-con-google-integrado\/#primaryimage"},"image":{"@id":"https:\/\/autofans.com.ar\/index.php\/2025\/07\/11\/renault-boreal-el-suv-global-con-google-integrado\/#primaryimage"},"thumbnailUrl":"https:\/\/autofans.com.ar\/wp-content\/uploads\/2025\/07\/boreal-3.jpg","datePublished":"2025-07-11T21:33:19+00:00","dateModified":"2025-07-11T22:31:33+00:00","author":{"@id":"https:\/\/autofans.com.ar\/#\/schema\/person\/4a8dda0b6df83ac3d6723e921274c2aa"},"description":"Renault acelera su estrategia global con el Boreal, un SUV dise\u00f1ado para mercados clave fuera de Europa. Con producci\u00f3n en Brasil y Turqu\u00eda","breadcrumb":{"@id":"https:\/\/autofans.com.ar\/index.php\/2025\/07\/11\/renault-boreal-el-suv-global-con-google-integrado\/#breadcrumb"},"inLanguage":"es","potentialAction":[{"@type":"ReadAction","target":["https:\/\/autofans.com.ar\/index.php\/2025\/07\/11\/renault-boreal-el-suv-global-con-google-integrado\/"]}]},{"@type":"ImageObject","inLanguage":"es","@id":"https:\/\/autofans.com.ar\/index.php\/2025\/07\/11\/renault-boreal-el-suv-global-con-google-integrado\/#primaryimage","url":"https:\/\/autofans.com.ar\/wp-content\/uploads\/2025\/07\/boreal-3.jpg","contentUrl":"https:\/\/autofans.com.ar\/wp-content\/uploads\/2025\/07\/boreal-3.jpg","width":1000,"height":667,"caption":"Renault Boreal"},{"@type":"BreadcrumbList","@id":"https:\/\/autofans.com.ar\/index.php\/2025\/07\/11\/renault-boreal-el-suv-global-con-google-integrado\/#breadcrumb","itemListElement":[{"@type":"ListItem","position":1,"name":"Inicio","item":"https:\/\/autofans.com.ar\/"},{"@type":"ListItem","position":2,"name":"Renault Boreal el SUV global con Google integrado"}]},{"@type":"WebSite","@id":"https:\/\/autofans.com.ar\/#website","url":"https:\/\/autofans.com.ar\/","name":"","description":"El multimedio referente de la industria automotriz","potentialAction":[{"@type":"SearchAction","target":{"@type":"EntryPoint","urlTemplate":"https:\/\/autofans.com.ar\/?s={search_term_string}"},"query-input":{"@type":"PropertyValueSpecification","valueRequired":true,"valueName":"search_term_string"}}],"inLanguage":"es"},{"@type":"Person","@id":"https:\/\/autofans.com.ar\/#\/schema\/person\/4a8dda0b6df83ac3d6723e921274c2aa","name":"Alejandro Gabriel Rosito","image":{"@type":"ImageObject","inLanguage":"es","@id":"https:\/\/secure.gravatar.com\/avatar\/16c5dda1489adfc62618084dcbb91cffd879c374b13fe5dd8e44ed6733852c88?s=96&d=mm&r=g","url":"https:\/\/secure.gravatar.com\/avatar\/16c5dda1489adfc62618084dcbb91cffd879c374b13fe5dd8e44ed6733852c88?s=96&d=mm&r=g","contentUrl":"https:\/\/secure.gravatar.com\/avatar\/16c5dda1489adfc62618084dcbb91cffd879c374b13fe5dd8e44ed6733852c88?s=96&d=mm&r=g","caption":"Alejandro Gabriel Rosito"},"url":"https:\/\/autofans.com.ar\/index.php\/author\/gabrielr\/"}]}},"featured_image_urls":{"full":["https:\/\/autofans.com.ar\/wp-content\/uploads\/2025\/07\/boreal-3.jpg",1000,667,false],"thumbnail":["https:\/\/autofans.com.ar\/wp-content\/uploads\/2025\/07\/boreal-3-150x150.jpg",150,150,true],"medium":["https:\/\/autofans.com.ar\/wp-content\/uploads\/2025\/07\/boreal-3-300x200.jpg",300,200,true],"medium_large":["https:\/\/autofans.com.ar\/wp-content\/uploads\/2025\/07\/boreal-3-768x512.jpg",640,427,true],"large":["https:\/\/autofans.com.ar\/wp-content\/uploads\/2025\/07\/boreal-3.jpg",640,427,false],"1536x1536":["https:\/\/autofans.com.ar\/wp-content\/uploads\/2025\/07\/boreal-3.jpg",1000,667,false],"2048x2048":["https:\/\/autofans.com.ar\/wp-content\/uploads\/2025\/07\/boreal-3.jpg",1000,667,false],"covernews-featured":["https:\/\/autofans.com.ar\/wp-content\/uploads\/2025\/07\/boreal-3.jpg",1000,667,false],"covernews-medium":["https:\/\/autofans.com.ar\/wp-content\/uploads\/2025\/07\/boreal-3-540x340.jpg",540,340,true]},"author_info":{"display_name":"Alejandro Gabriel Rosito","author_link":"https:\/\/autofans.com.ar\/index.php\/author\/gabrielr\/"},"category_info":"<a href=\"https:\/\/autofans.com.ar\/index.php\/category\/noticias\/autos\/\" rel=\"category tag\">AUTOS y SUV<\/a> <a href=\"https:\/\/autofans.com.ar\/index.php\/category\/lanzamientos\/\" rel=\"category tag\">LANZAMIENTOS<\/a>","tag_info":"LANZAMIENTOS","comment_count":0,"_links":{"self":[{"href":"https:\/\/autofans.com.ar\/index.php\/wp-json\/wp\/v2\/posts\/13207","targetHints":{"allow":["GET"]}}],"collection":[{"href":"https:\/\/autofans.com.ar\/index.php\/wp-json\/wp\/v2\/posts"}],"about":[{"href":"https:\/\/autofans.com.ar\/index.php\/wp-json\/wp\/v2\/types\/post"}],"author":[{"embeddable":true,"href":"https:\/\/autofans.com.ar\/index.php\/wp-json\/wp\/v2\/users\/2"}],"replies":[{"embeddable":true,"href":"https:\/\/autofans.com.ar\/index.php\/wp-json\/wp\/v2\/comments?post=13207"}],"version-history":[{"count":4,"href":"https:\/\/autofans.com.ar\/index.php\/wp-json\/wp\/v2\/posts\/13207\/revisions"}],"predecessor-version":[{"id":13221,"href":"https:\/\/autofans.com.ar\/index.php\/wp-json\/wp\/v2\/posts\/13207\/revisions\/13221"}],"wp:featuredmedia":[{"embeddable":true,"href":"https:\/\/autofans.com.ar\/index.php\/wp-json\/wp\/v2\/media\/13214"}],"wp:attachment":[{"href":"https:\/\/autofans.com.ar\/index.php\/wp-json\/wp\/v2\/media?parent=13207"}],"wp:term":[{"taxonomy":"category","embeddable":true,"href":"https:\/\/autofans.com.ar\/index.php\/wp-json\/wp\/v2\/categories?post=13207"},{"taxonomy":"post_tag","embeddable":true,"href":"https:\/\/autofans.com.ar\/index.php\/wp-json\/wp\/v2\/tags?post=13207"}],"curies":[{"name":"wp","href":"https:\/\/api.w.org\/{rel}","templated":true}]}}