{"id":13227,"date":"2025-07-14T19:52:48","date_gmt":"2025-07-14T22:52:48","guid":{"rendered":"https:\/\/autofans.com.ar\/?p=13227"},"modified":"2025-07-14T20:13:24","modified_gmt":"2025-07-14T23:13:24","slug":"mercedes-benz-prensenta-la-nueva-cla-200-y-nueva-vito","status":"publish","type":"post","link":"https:\/\/autofans.com.ar\/index.php\/2025\/07\/14\/mercedes-benz-prensenta-la-nueva-cla-200-y-nueva-vito\/","title":{"rendered":"Mercedes-Benz prensenta la nueva CLA 200 y nueva Vito"},"content":{"rendered":"<p class=\"ds-markdown-paragraph\">Con tecnolog\u00eda de punta, dise\u00f1os renovados y equipamiento avanzado, estos modelos llegan para reforzar la oferta de Mercedes-Benz en el pa\u00eds.<\/p>\n<p>&nbsp;<\/p>\n<h2>Mercedes-Benz CLA 200 Progressive &#8211; deportividad y tecnolog\u00eda<\/h2>\n<p class=\"ds-markdown-paragraph\">El CLA 200 Progressive cuenta con un motor naftero 1.3 turbo de 163 CV y 270 Nm de par, acelerando de 0 a 100 km\/h en 8,4 segundos. Sus emisiones de CO2 son de solo 159 g\/km, combinando potencia y eficiencia.<\/p>\n<h4 class=\"ds-markdown-paragraph\">Dise\u00f1o Exterior<\/h4>\n<p>&nbsp;<\/p>\n<div id='gallery-1' class='gallery galleryid-13227 gallery-columns-2 gallery-size-full'><figure class='gallery-item'>\n\t\t\t<div class='gallery-icon landscape'>\n\t\t\t\t<a href='https:\/\/autofans.com.ar\/index.php\/2025\/07\/14\/mercedes-benz-prensenta-la-nueva-cla-200-y-nueva-vito\/cla-3\/'><img loading=\"lazy\" width=\"1000\" height=\"667\" src=\"https:\/\/autofans.com.ar\/wp-content\/uploads\/2025\/07\/cla-3.jpg\" class=\"attachment-full size-full\" alt=\"Mercedes-Benz\" srcset=\"https:\/\/autofans.com.ar\/wp-content\/uploads\/2025\/07\/cla-3.jpg 1000w, https:\/\/autofans.com.ar\/wp-content\/uploads\/2025\/07\/cla-3-300x200.jpg 300w, https:\/\/autofans.com.ar\/wp-content\/uploads\/2025\/07\/cla-3-768x512.jpg 768w\" sizes=\"auto, (max-width: 1000px) 100vw, 1000px\" loading=\"lazy\" decoding=\"async\" \/><\/a>\n\t\t\t<\/div><\/figure><figure class='gallery-item'>\n\t\t\t<div class='gallery-icon landscape'>\n\t\t\t\t<a href='https:\/\/autofans.com.ar\/index.php\/2025\/07\/14\/mercedes-benz-prensenta-la-nueva-cla-200-y-nueva-vito\/cla-2\/'><img loading=\"lazy\" width=\"1000\" height=\"667\" src=\"https:\/\/autofans.com.ar\/wp-content\/uploads\/2025\/07\/cla-2.jpg\" class=\"attachment-full size-full\" alt=\"Mercedes-Benz\" srcset=\"https:\/\/autofans.com.ar\/wp-content\/uploads\/2025\/07\/cla-2.jpg 1000w, https:\/\/autofans.com.ar\/wp-content\/uploads\/2025\/07\/cla-2-300x200.jpg 300w, https:\/\/autofans.com.ar\/wp-content\/uploads\/2025\/07\/cla-2-768x512.jpg 768w\" sizes=\"auto, (max-width: 1000px) 100vw, 1000px\" loading=\"lazy\" decoding=\"async\" \/><\/a>\n\t\t\t<\/div><\/figure>\n\t\t<\/div>\n\n<p>&nbsp;<\/p>\n<ul>\n<li>\n<p class=\"ds-markdown-paragraph\">L\u00edneas deportivas con cap\u00f3 bajo y techo curvo estilo coup\u00e9.<\/p>\n<\/li>\n<li>\n<p class=\"ds-markdown-paragraph\">Faros LED High Performance y llantas de 18&#8243;.<\/p>\n<\/li>\n<li>\n<p class=\"ds-markdown-paragraph\">Nuevos colores: Hyper-Blue y Azul Espectra.<\/p>\n<\/li>\n<\/ul>\n<h4 class=\"ds-markdown-paragraph\">Interior Premium<\/h4>\n<p>&nbsp;<\/p>\n<p><img fetchpriority=\"high\" decoding=\"async\" class=\"aligncenter wp-image-13235 size-full\" src=\"https:\/\/autofans.com.ar\/wp-content\/uploads\/2025\/07\/cla-5.jpg\" alt=\"Mercedes-Benz\" width=\"1000\" height=\"667\" srcset=\"https:\/\/autofans.com.ar\/wp-content\/uploads\/2025\/07\/cla-5.jpg 1000w, https:\/\/autofans.com.ar\/wp-content\/uploads\/2025\/07\/cla-5-300x200.jpg 300w, https:\/\/autofans.com.ar\/wp-content\/uploads\/2025\/07\/cla-5-768x512.jpg 768w\" sizes=\"(max-width: 1000px) 100vw, 1000px\" \/><\/p>\n<p>&nbsp;<\/p>\n<ul>\n<li>\n<p class=\"ds-markdown-paragraph\">Pantallas duales de 10,25&#8243; bajo un cristal panor\u00e1mico.<\/p>\n<\/li>\n<li>\n<p class=\"ds-markdown-paragraph\">Asientos deportivos con regulaci\u00f3n el\u00e9ctrica y memoria.<\/p>\n<\/li>\n<li>\n<p class=\"ds-markdown-paragraph\">Techo corredizo panor\u00e1mico y ambientaci\u00f3n LED.<\/p>\n<\/li>\n<\/ul>\n<h4 class=\"ds-markdown-paragraph\">Tecnolog\u00eda y Seguridad<\/h4>\n<p>&nbsp;<\/p>\n<p><img decoding=\"async\" class=\"aligncenter wp-image-13236 size-full\" src=\"https:\/\/autofans.com.ar\/wp-content\/uploads\/2025\/07\/cla-4.jpg\" alt=\"Mercedes-Benz\" width=\"1000\" height=\"667\" srcset=\"https:\/\/autofans.com.ar\/wp-content\/uploads\/2025\/07\/cla-4.jpg 1000w, https:\/\/autofans.com.ar\/wp-content\/uploads\/2025\/07\/cla-4-300x200.jpg 300w, https:\/\/autofans.com.ar\/wp-content\/uploads\/2025\/07\/cla-4-768x512.jpg 768w\" sizes=\"(max-width: 1000px) 100vw, 1000px\" \/><\/p>\n<p>&nbsp;<\/p>\n<ul>\n<li>\n<p class=\"ds-markdown-paragraph\">Sistema MBUX con Apple CarPlay\/Android Auto inal\u00e1mbrico.<\/p>\n<\/li>\n<li>\n<p class=\"ds-markdown-paragraph\">Asistente DISTRONIC, control de \u00e1ngulo muerto y 7 airbags.<\/p>\n<\/li>\n<li>\n<p class=\"ds-markdown-paragraph\">Carga inal\u00e1mbrica y 4 puertos USB-C.<\/p>\n<\/li>\n<\/ul>\n<p class=\"ds-markdown-paragraph\">Precio: USD 63.500 (IVA incluido).<\/p>\n<hr \/>\n<div style=\"display: flex; justify-content: center; width: 100%;\">\n<div style=\"display: flex; align-items: center; justify-content: space-between; background: #f0f2f5; padding: 3px 92px; border-radius: 0px; box-shadow: 0 4px 10px rgba(0, 0, 0, 0.08); margin: 24px 0; max-width: 700px;\">\n<div style=\"flex: 1;\"><a style=\"font-size: 18px; color: #921414; font-weight: bold; text-decoration: underline;\" href=\"https:\/\/autofans.com.ar\/wp-content\/uploads\/2025\/07\/Mercedes-Benz-CLA.-Ficha-tA\u00a9cnica.pdf\" target=\"_blank\" rel=\"noopener\"><br \/>\n\u2192 Ficha T\u00e9cnica Mercedes Benz CLA 200<br \/>\n<\/a><a style=\"font-size: 18px; color: #007bff; font-weight: 1200; text-decoration: underline;\" href=\"https:\/\/autofans.com.ar\/wp-content\/uploads\/2025\/05\/ftmy26argo-681166d8eb8a6.pdf\" target=\"_blank\" rel=\"noopener\"><br \/>\n<\/a><\/div>\n<div style=\"margin-left: 46px;\"><img decoding=\"async\" class=\"alignright\" style=\"height: 20px; width: auto;\" src=\"https:\/\/autofans.com.ar\/wp-content\/uploads\/2023\/02\/Autofans_600x102_150px5.png\" alt=\"Logo Autofans\" width=\"1200\" height=\"137\" \/><\/div>\n<\/div>\n<\/div>\n<hr \/>\n<p>&nbsp;<\/p>\n<h2>Nueva Vito &#8211; conectividad y funcionalidad<\/h2>\n<p>&nbsp;<\/p>\n<h4 class=\"ds-markdown-paragraph\">Versiones y Motorizaci\u00f3n<br \/>\nDisponible en:<\/h4>\n<p>&nbsp;<\/p>\n<div id='gallery-2' class='gallery galleryid-13227 gallery-columns-2 gallery-size-full'><figure class='gallery-item'>\n\t\t\t<div class='gallery-icon landscape'>\n\t\t\t\t<a href='https:\/\/autofans.com.ar\/index.php\/2025\/07\/14\/mercedes-benz-prensenta-la-nueva-cla-200-y-nueva-vito\/vito-1\/'><img loading=\"lazy\" width=\"1000\" height=\"667\" src=\"https:\/\/autofans.com.ar\/wp-content\/uploads\/2025\/07\/vito-1.jpg\" class=\"attachment-full size-full\" alt=\"Mercedes-Benz\" srcset=\"https:\/\/autofans.com.ar\/wp-content\/uploads\/2025\/07\/vito-1.jpg 1000w, https:\/\/autofans.com.ar\/wp-content\/uploads\/2025\/07\/vito-1-300x200.jpg 300w, https:\/\/autofans.com.ar\/wp-content\/uploads\/2025\/07\/vito-1-768x512.jpg 768w\" sizes=\"auto, (max-width: 1000px) 100vw, 1000px\" loading=\"lazy\" decoding=\"async\" \/><\/a>\n\t\t\t<\/div><\/figure><figure class='gallery-item'>\n\t\t\t<div class='gallery-icon landscape'>\n\t\t\t\t<a href='https:\/\/autofans.com.ar\/index.php\/2025\/07\/14\/mercedes-benz-prensenta-la-nueva-cla-200-y-nueva-vito\/vito-4\/'><img loading=\"lazy\" width=\"1000\" height=\"667\" src=\"https:\/\/autofans.com.ar\/wp-content\/uploads\/2025\/07\/vito-4.jpg\" class=\"attachment-full size-full\" alt=\"Mercedes-Benz\" srcset=\"https:\/\/autofans.com.ar\/wp-content\/uploads\/2025\/07\/vito-4.jpg 1000w, https:\/\/autofans.com.ar\/wp-content\/uploads\/2025\/07\/vito-4-300x200.jpg 300w, https:\/\/autofans.com.ar\/wp-content\/uploads\/2025\/07\/vito-4-768x512.jpg 768w\" sizes=\"auto, (max-width: 1000px) 100vw, 1000px\" loading=\"lazy\" decoding=\"async\" \/><\/a>\n\t\t\t<\/div><\/figure>\n\t\t<\/div>\n\n<p>&nbsp;<\/p>\n<ul>\n<li>\n<p class=\"ds-markdown-paragraph\">Tourer (9+1 plazas, 190 CV).<\/p>\n<\/li>\n<li>\n<p class=\"ds-markdown-paragraph\">Mixto (carga + 4 plazas, 136 CV).<br \/>\nAmbas con motor di\u00e9sel 2.0 L OM 654.<\/p>\n<\/li>\n<\/ul>\n<h4 class=\"ds-markdown-paragraph\">Tecnolog\u00eda MBUX<\/h4>\n<p>&nbsp;<\/p>\n<p><img loading=\"lazy\" decoding=\"async\" class=\"aligncenter wp-image-13233 size-full\" src=\"https:\/\/autofans.com.ar\/wp-content\/uploads\/2025\/07\/vito-2.jpg\" alt=\"Mercedes-Benz\" width=\"1000\" height=\"667\" srcset=\"https:\/\/autofans.com.ar\/wp-content\/uploads\/2025\/07\/vito-2.jpg 1000w, https:\/\/autofans.com.ar\/wp-content\/uploads\/2025\/07\/vito-2-300x200.jpg 300w, https:\/\/autofans.com.ar\/wp-content\/uploads\/2025\/07\/vito-2-768x512.jpg 768w\" sizes=\"(max-width: 1000px) 100vw, 1000px\" \/><\/p>\n<p>&nbsp;<\/p>\n<ul>\n<li>\n<p class=\"ds-markdown-paragraph\">Pantalla t\u00e1ctil de 10,25&#8243; y asistente de voz \u00abHola Mercedes\u00bb.<\/p>\n<\/li>\n<li>\n<p class=\"ds-markdown-paragraph\">Perfiles personalizables y modo lavadero autom\u00e1tico.<\/p>\n<\/li>\n<li>\n<p class=\"ds-markdown-paragraph\">C\u00e1mara 360\u00b0 (en Tourer) y estacionamiento asistido.<\/p>\n<\/li>\n<\/ul>\n<h4 class=\"ds-markdown-paragraph\">Seguridad Avanzada<\/h4>\n<p>&nbsp;<\/p>\n<p><img loading=\"lazy\" decoding=\"async\" class=\"aligncenter wp-image-13232 size-full\" src=\"https:\/\/autofans.com.ar\/wp-content\/uploads\/2025\/07\/vito-3.jpg\" alt=\"Mercedes-Benz\" width=\"1000\" height=\"667\" srcset=\"https:\/\/autofans.com.ar\/wp-content\/uploads\/2025\/07\/vito-3.jpg 1000w, https:\/\/autofans.com.ar\/wp-content\/uploads\/2025\/07\/vito-3-300x200.jpg 300w, https:\/\/autofans.com.ar\/wp-content\/uploads\/2025\/07\/vito-3-768x512.jpg 768w\" sizes=\"(max-width: 1000px) 100vw, 1000px\" \/><\/p>\n<p>&nbsp;<\/p>\n<ul>\n<li>\n<p class=\"ds-markdown-paragraph\">PRE-SAFE\u00ae con frenado aut\u00f3nomo.<\/p>\n<\/li>\n<li>\n<p class=\"ds-markdown-paragraph\">8 airbags (Tourer) y alerta de tr\u00e1fico cruzado.<\/p>\n<\/li>\n<li>\n<p class=\"ds-markdown-paragraph\">Faros MULTIBEAM LED con iluminaci\u00f3n adaptativa.<\/p>\n<\/li>\n<\/ul>\n<h4 class=\"ds-markdown-paragraph\">Precios:<\/h4>\n<ul>\n<li>\n<p class=\"ds-markdown-paragraph\">Vito Mixto AT Pro: USD 64.437.<\/p>\n<\/li>\n<li>\n<p class=\"ds-markdown-paragraph\">Vito Tourer AT 9+1 Pro: USD 80.000.<\/p>\n<\/li>\n<\/ul>\n<hr \/>\n<div style=\"display: flex; justify-content: center; width: 100%;\">\n<div style=\"display: flex; align-items: center; justify-content: space-between; background: #f0f2f5; padding: 3px 92px; border-radius: 0px; box-shadow: 0 4px 10px rgba(0, 0, 0, 0.08); margin: 24px 0; max-width: 700px;\">\n<div style=\"flex: 1;\"><a style=\"font-size: 18px; color: #921414; font-weight: bold; text-decoration: underline;\" href=\"https:\/\/autofans.com.ar\/wp-content\/uploads\/2025\/07\/Mercedes-Benz-Vito-Tourer.-Ficha-tA\u00a9cnica.-AA\u00b1o-2025.pdf\" target=\"_blank\" rel=\"noopener\"><br \/>\n\u2192 Ficha T\u00e9cnica Mercedes Benz Vito Tourer<br \/>\n<\/a><a style=\"font-size: 18px; color: #007bff; font-weight: 1200; text-decoration: underline;\" href=\"https:\/\/autofans.com.ar\/wp-content\/uploads\/2025\/05\/ftmy26argo-681166d8eb8a6.pdf\" target=\"_blank\" rel=\"noopener\"><br \/>\n<\/a><\/div>\n<div style=\"margin-left: 46px;\"><img decoding=\"async\" class=\"alignright\" style=\"height: 20px; width: auto;\" src=\"https:\/\/autofans.com.ar\/wp-content\/uploads\/2023\/02\/Autofans_600x102_150px5.png\" alt=\"Logo Autofans\" width=\"1200\" height=\"137\" \/><\/div>\n<\/div>\n<\/div>\n<hr \/>\n<p>&nbsp;<\/p>\n<p>&nbsp;<\/p>\n<p>&nbsp;<\/p>\n<p>&nbsp;<\/p>\n<p><i>Para enterarte de m\u00e1s novedades, no dejes de leer\u00a0<\/i><a href=\"https:\/\/autofans.thebrandsoup.com\/\"><i>nuestras notas<\/i><\/a><i>, de ver\u00a0<\/i><a href=\"https:\/\/www.youtube.com\/channel\/UCgAC8UGHZYbT6P7PpmVnP7g\"><i>AUTOFANS TV<\/i><\/a><i>\u00a0en nuestro\u00a0canal de Youtube. Adem\u00e1s seguinos en\u00a0<\/i><a href=\"https:\/\/www.instagram.com\/autofanstv\/\"><i>INSTAGRAM<\/i><\/a><i> y <\/i><a href=\"https:\/\/www.facebook.com\/autofansmas\/\"><i>FACEBOOK<\/i><\/a><i> para no perderte nada sobre las novedades del segmento automotor de Argentina y el mundo.<\/i><\/p>\n","protected":false},"excerpt":{"rendered":"<p>Con tecnolog\u00eda de punta, dise\u00f1os renovados y equipamiento avanzado, estos modelos llegan para reforzar la&#8230;<\/p>\n","protected":false},"author":2,"featured_media":13230,"comment_status":"closed","ping_status":"closed","sticky":false,"template":"","format":"standard","meta":{"footnotes":""},"categories":[3,1],"tags":[4316,7005,7007,7009,3361,17,7006,7008,1306,719],"class_list":["post-13227","post","type-post","status-publish","format-standard","has-post-thumbnail","hentry","category-autos","category-lanzamientos","tag-autos-premium","tag-cla-200-progressive","tag-distronic","tag-furgonetas-comerciales","tag-mbux","tag-mercedes-benz-argentina","tag-nueva-vito","tag-precios-suv-argentina","tag-seguridad-vehicular","tag-tecnologia-automotriz"],"yoast_head":"<!-- This site is optimized with the Yoast SEO plugin v27.5 - https:\/\/yoast.com\/product\/yoast-seo-wordpress\/ -->\n<title>Mercedes-Benz prensenta la nueva CLA 200 y nueva Vito -<\/title>\n<meta name=\"description\" content=\"Con tecnolog\u00eda de punta, dise\u00f1os renovados y equipamiento avanzado, estos modelos llegan para reforzar la oferta de Mercedes-Benz en el pa\u00eds.\" \/>\n<meta name=\"robots\" content=\"index, follow, max-snippet:-1, max-image-preview:large, max-video-preview:-1\" \/>\n<link rel=\"canonical\" href=\"https:\/\/autofans.com.ar\/index.php\/2025\/07\/14\/mercedes-benz-prensenta-la-nueva-cla-200-y-nueva-vito\/\" \/>\n<meta property=\"og:locale\" content=\"es_ES\" \/>\n<meta property=\"og:type\" content=\"article\" \/>\n<meta property=\"og:title\" content=\"Mercedes-Benz prensenta la nueva CLA 200 y nueva Vito -\" \/>\n<meta property=\"og:description\" content=\"Con tecnolog\u00eda de punta, dise\u00f1os renovados y equipamiento avanzado, estos modelos llegan para reforzar la oferta de Mercedes-Benz en el pa\u00eds.\" \/>\n<meta property=\"og:url\" content=\"https:\/\/autofans.com.ar\/index.php\/2025\/07\/14\/mercedes-benz-prensenta-la-nueva-cla-200-y-nueva-vito\/\" \/>\n<meta property=\"article:published_time\" content=\"2025-07-14T22:52:48+00:00\" \/>\n<meta property=\"article:modified_time\" content=\"2025-07-14T23:13:24+00:00\" \/>\n<meta property=\"og:image\" content=\"https:\/\/autofans.com.ar\/wp-content\/uploads\/2025\/07\/mercedes.jpg\" \/>\n\t<meta property=\"og:image:width\" content=\"1000\" \/>\n\t<meta property=\"og:image:height\" content=\"667\" \/>\n\t<meta property=\"og:image:type\" content=\"image\/jpeg\" \/>\n<meta name=\"author\" content=\"Alejandro Gabriel Rosito\" \/>\n<meta name=\"twitter:card\" content=\"summary_large_image\" \/>\n<meta name=\"twitter:label1\" content=\"Escrito por\" \/>\n\t<meta name=\"twitter:data1\" content=\"Alejandro Gabriel Rosito\" \/>\n\t<meta name=\"twitter:label2\" content=\"Tiempo de lectura\" \/>\n\t<meta name=\"twitter:data2\" content=\"3 minutos\" \/>\n<script type=\"application\/ld+json\" class=\"yoast-schema-graph\">{\"@context\":\"https:\\\/\\\/schema.org\",\"@graph\":[{\"@type\":\"Article\",\"@id\":\"https:\\\/\\\/autofans.com.ar\\\/index.php\\\/2025\\\/07\\\/14\\\/mercedes-benz-prensenta-la-nueva-cla-200-y-nueva-vito\\\/#article\",\"isPartOf\":{\"@id\":\"https:\\\/\\\/autofans.com.ar\\\/index.php\\\/2025\\\/07\\\/14\\\/mercedes-benz-prensenta-la-nueva-cla-200-y-nueva-vito\\\/\"},\"author\":{\"name\":\"Alejandro Gabriel Rosito\",\"@id\":\"https:\\\/\\\/autofans.com.ar\\\/#\\\/schema\\\/person\\\/4a8dda0b6df83ac3d6723e921274c2aa\"},\"headline\":\"Mercedes-Benz prensenta la nueva CLA 200 y nueva Vito\",\"datePublished\":\"2025-07-14T22:52:48+00:00\",\"dateModified\":\"2025-07-14T23:13:24+00:00\",\"mainEntityOfPage\":{\"@id\":\"https:\\\/\\\/autofans.com.ar\\\/index.php\\\/2025\\\/07\\\/14\\\/mercedes-benz-prensenta-la-nueva-cla-200-y-nueva-vito\\\/\"},\"wordCount\":331,\"image\":{\"@id\":\"https:\\\/\\\/autofans.com.ar\\\/index.php\\\/2025\\\/07\\\/14\\\/mercedes-benz-prensenta-la-nueva-cla-200-y-nueva-vito\\\/#primaryimage\"},\"thumbnailUrl\":\"https:\\\/\\\/autofans.com.ar\\\/wp-content\\\/uploads\\\/2025\\\/07\\\/mercedes.jpg\",\"keywords\":[\"autos premium\",\"CLA 200 Progressive\",\"DISTRONIC\",\"furgonetas comerciales\",\"MBUX\",\"Mercedes Benz Argentina\",\"Nueva Vito\",\"precios SUV Argentina\",\"seguridad vehicular\",\"Tecnolog\u00eda automotriz\"],\"articleSection\":[\"AUTOS y SUV\",\"LANZAMIENTOS\"],\"inLanguage\":\"es\"},{\"@type\":\"WebPage\",\"@id\":\"https:\\\/\\\/autofans.com.ar\\\/index.php\\\/2025\\\/07\\\/14\\\/mercedes-benz-prensenta-la-nueva-cla-200-y-nueva-vito\\\/\",\"url\":\"https:\\\/\\\/autofans.com.ar\\\/index.php\\\/2025\\\/07\\\/14\\\/mercedes-benz-prensenta-la-nueva-cla-200-y-nueva-vito\\\/\",\"name\":\"Mercedes-Benz prensenta la nueva CLA 200 y nueva Vito -\",\"isPartOf\":{\"@id\":\"https:\\\/\\\/autofans.com.ar\\\/#website\"},\"primaryImageOfPage\":{\"@id\":\"https:\\\/\\\/autofans.com.ar\\\/index.php\\\/2025\\\/07\\\/14\\\/mercedes-benz-prensenta-la-nueva-cla-200-y-nueva-vito\\\/#primaryimage\"},\"image\":{\"@id\":\"https:\\\/\\\/autofans.com.ar\\\/index.php\\\/2025\\\/07\\\/14\\\/mercedes-benz-prensenta-la-nueva-cla-200-y-nueva-vito\\\/#primaryimage\"},\"thumbnailUrl\":\"https:\\\/\\\/autofans.com.ar\\\/wp-content\\\/uploads\\\/2025\\\/07\\\/mercedes.jpg\",\"datePublished\":\"2025-07-14T22:52:48+00:00\",\"dateModified\":\"2025-07-14T23:13:24+00:00\",\"author\":{\"@id\":\"https:\\\/\\\/autofans.com.ar\\\/#\\\/schema\\\/person\\\/4a8dda0b6df83ac3d6723e921274c2aa\"},\"description\":\"Con tecnolog\u00eda de punta, dise\u00f1os renovados y equipamiento avanzado, estos modelos llegan para reforzar la oferta de Mercedes-Benz en el pa\u00eds.\",\"breadcrumb\":{\"@id\":\"https:\\\/\\\/autofans.com.ar\\\/index.php\\\/2025\\\/07\\\/14\\\/mercedes-benz-prensenta-la-nueva-cla-200-y-nueva-vito\\\/#breadcrumb\"},\"inLanguage\":\"es\",\"potentialAction\":[{\"@type\":\"ReadAction\",\"target\":[\"https:\\\/\\\/autofans.com.ar\\\/index.php\\\/2025\\\/07\\\/14\\\/mercedes-benz-prensenta-la-nueva-cla-200-y-nueva-vito\\\/\"]}]},{\"@type\":\"ImageObject\",\"inLanguage\":\"es\",\"@id\":\"https:\\\/\\\/autofans.com.ar\\\/index.php\\\/2025\\\/07\\\/14\\\/mercedes-benz-prensenta-la-nueva-cla-200-y-nueva-vito\\\/#primaryimage\",\"url\":\"https:\\\/\\\/autofans.com.ar\\\/wp-content\\\/uploads\\\/2025\\\/07\\\/mercedes.jpg\",\"contentUrl\":\"https:\\\/\\\/autofans.com.ar\\\/wp-content\\\/uploads\\\/2025\\\/07\\\/mercedes.jpg\",\"width\":1000,\"height\":667,\"caption\":\"Mercedes-Benz\"},{\"@type\":\"BreadcrumbList\",\"@id\":\"https:\\\/\\\/autofans.com.ar\\\/index.php\\\/2025\\\/07\\\/14\\\/mercedes-benz-prensenta-la-nueva-cla-200-y-nueva-vito\\\/#breadcrumb\",\"itemListElement\":[{\"@type\":\"ListItem\",\"position\":1,\"name\":\"Inicio\",\"item\":\"https:\\\/\\\/autofans.com.ar\\\/\"},{\"@type\":\"ListItem\",\"position\":2,\"name\":\"Mercedes-Benz prensenta la nueva CLA 200 y nueva Vito\"}]},{\"@type\":\"WebSite\",\"@id\":\"https:\\\/\\\/autofans.com.ar\\\/#website\",\"url\":\"https:\\\/\\\/autofans.com.ar\\\/\",\"name\":\"\",\"description\":\"El multimedio referente de la industria automotriz\",\"potentialAction\":[{\"@type\":\"SearchAction\",\"target\":{\"@type\":\"EntryPoint\",\"urlTemplate\":\"https:\\\/\\\/autofans.com.ar\\\/?s={search_term_string}\"},\"query-input\":{\"@type\":\"PropertyValueSpecification\",\"valueRequired\":true,\"valueName\":\"search_term_string\"}}],\"inLanguage\":\"es\"},{\"@type\":\"Person\",\"@id\":\"https:\\\/\\\/autofans.com.ar\\\/#\\\/schema\\\/person\\\/4a8dda0b6df83ac3d6723e921274c2aa\",\"name\":\"Alejandro Gabriel Rosito\",\"image\":{\"@type\":\"ImageObject\",\"inLanguage\":\"es\",\"@id\":\"https:\\\/\\\/secure.gravatar.com\\\/avatar\\\/16c5dda1489adfc62618084dcbb91cffd879c374b13fe5dd8e44ed6733852c88?s=96&d=mm&r=g\",\"url\":\"https:\\\/\\\/secure.gravatar.com\\\/avatar\\\/16c5dda1489adfc62618084dcbb91cffd879c374b13fe5dd8e44ed6733852c88?s=96&d=mm&r=g\",\"contentUrl\":\"https:\\\/\\\/secure.gravatar.com\\\/avatar\\\/16c5dda1489adfc62618084dcbb91cffd879c374b13fe5dd8e44ed6733852c88?s=96&d=mm&r=g\",\"caption\":\"Alejandro Gabriel Rosito\"},\"url\":\"https:\\\/\\\/autofans.com.ar\\\/index.php\\\/author\\\/gabrielr\\\/\"}]}<\/script>\n<!-- \/ Yoast SEO plugin. -->","yoast_head_json":{"title":"Mercedes-Benz prensenta la nueva CLA 200 y nueva Vito -","description":"Con tecnolog\u00eda de punta, dise\u00f1os renovados y equipamiento avanzado, estos modelos llegan para reforzar la oferta de Mercedes-Benz en el pa\u00eds.","robots":{"index":"index","follow":"follow","max-snippet":"max-snippet:-1","max-image-preview":"max-image-preview:large","max-video-preview":"max-video-preview:-1"},"canonical":"https:\/\/autofans.com.ar\/index.php\/2025\/07\/14\/mercedes-benz-prensenta-la-nueva-cla-200-y-nueva-vito\/","og_locale":"es_ES","og_type":"article","og_title":"Mercedes-Benz prensenta la nueva CLA 200 y nueva Vito -","og_description":"Con tecnolog\u00eda de punta, dise\u00f1os renovados y equipamiento avanzado, estos modelos llegan para reforzar la oferta de Mercedes-Benz en el pa\u00eds.","og_url":"https:\/\/autofans.com.ar\/index.php\/2025\/07\/14\/mercedes-benz-prensenta-la-nueva-cla-200-y-nueva-vito\/","article_published_time":"2025-07-14T22:52:48+00:00","article_modified_time":"2025-07-14T23:13:24+00:00","og_image":[{"width":1000,"height":667,"url":"https:\/\/autofans.com.ar\/wp-content\/uploads\/2025\/07\/mercedes.jpg","type":"image\/jpeg"}],"author":"Alejandro Gabriel Rosito","twitter_card":"summary_large_image","twitter_misc":{"Escrito por":"Alejandro Gabriel Rosito","Tiempo de lectura":"3 minutos"},"schema":{"@context":"https:\/\/schema.org","@graph":[{"@type":"Article","@id":"https:\/\/autofans.com.ar\/index.php\/2025\/07\/14\/mercedes-benz-prensenta-la-nueva-cla-200-y-nueva-vito\/#article","isPartOf":{"@id":"https:\/\/autofans.com.ar\/index.php\/2025\/07\/14\/mercedes-benz-prensenta-la-nueva-cla-200-y-nueva-vito\/"},"author":{"name":"Alejandro Gabriel Rosito","@id":"https:\/\/autofans.com.ar\/#\/schema\/person\/4a8dda0b6df83ac3d6723e921274c2aa"},"headline":"Mercedes-Benz prensenta la nueva CLA 200 y nueva Vito","datePublished":"2025-07-14T22:52:48+00:00","dateModified":"2025-07-14T23:13:24+00:00","mainEntityOfPage":{"@id":"https:\/\/autofans.com.ar\/index.php\/2025\/07\/14\/mercedes-benz-prensenta-la-nueva-cla-200-y-nueva-vito\/"},"wordCount":331,"image":{"@id":"https:\/\/autofans.com.ar\/index.php\/2025\/07\/14\/mercedes-benz-prensenta-la-nueva-cla-200-y-nueva-vito\/#primaryimage"},"thumbnailUrl":"https:\/\/autofans.com.ar\/wp-content\/uploads\/2025\/07\/mercedes.jpg","keywords":["autos premium","CLA 200 Progressive","DISTRONIC","furgonetas comerciales","MBUX","Mercedes Benz Argentina","Nueva Vito","precios SUV Argentina","seguridad vehicular","Tecnolog\u00eda automotriz"],"articleSection":["AUTOS y SUV","LANZAMIENTOS"],"inLanguage":"es"},{"@type":"WebPage","@id":"https:\/\/autofans.com.ar\/index.php\/2025\/07\/14\/mercedes-benz-prensenta-la-nueva-cla-200-y-nueva-vito\/","url":"https:\/\/autofans.com.ar\/index.php\/2025\/07\/14\/mercedes-benz-prensenta-la-nueva-cla-200-y-nueva-vito\/","name":"Mercedes-Benz prensenta la nueva CLA 200 y nueva Vito -","isPartOf":{"@id":"https:\/\/autofans.com.ar\/#website"},"primaryImageOfPage":{"@id":"https:\/\/autofans.com.ar\/index.php\/2025\/07\/14\/mercedes-benz-prensenta-la-nueva-cla-200-y-nueva-vito\/#primaryimage"},"image":{"@id":"https:\/\/autofans.com.ar\/index.php\/2025\/07\/14\/mercedes-benz-prensenta-la-nueva-cla-200-y-nueva-vito\/#primaryimage"},"thumbnailUrl":"https:\/\/autofans.com.ar\/wp-content\/uploads\/2025\/07\/mercedes.jpg","datePublished":"2025-07-14T22:52:48+00:00","dateModified":"2025-07-14T23:13:24+00:00","author":{"@id":"https:\/\/autofans.com.ar\/#\/schema\/person\/4a8dda0b6df83ac3d6723e921274c2aa"},"description":"Con tecnolog\u00eda de punta, dise\u00f1os renovados y equipamiento avanzado, estos modelos llegan para reforzar la oferta de Mercedes-Benz en el pa\u00eds.","breadcrumb":{"@id":"https:\/\/autofans.com.ar\/index.php\/2025\/07\/14\/mercedes-benz-prensenta-la-nueva-cla-200-y-nueva-vito\/#breadcrumb"},"inLanguage":"es","potentialAction":[{"@type":"ReadAction","target":["https:\/\/autofans.com.ar\/index.php\/2025\/07\/14\/mercedes-benz-prensenta-la-nueva-cla-200-y-nueva-vito\/"]}]},{"@type":"ImageObject","inLanguage":"es","@id":"https:\/\/autofans.com.ar\/index.php\/2025\/07\/14\/mercedes-benz-prensenta-la-nueva-cla-200-y-nueva-vito\/#primaryimage","url":"https:\/\/autofans.com.ar\/wp-content\/uploads\/2025\/07\/mercedes.jpg","contentUrl":"https:\/\/autofans.com.ar\/wp-content\/uploads\/2025\/07\/mercedes.jpg","width":1000,"height":667,"caption":"Mercedes-Benz"},{"@type":"BreadcrumbList","@id":"https:\/\/autofans.com.ar\/index.php\/2025\/07\/14\/mercedes-benz-prensenta-la-nueva-cla-200-y-nueva-vito\/#breadcrumb","itemListElement":[{"@type":"ListItem","position":1,"name":"Inicio","item":"https:\/\/autofans.com.ar\/"},{"@type":"ListItem","position":2,"name":"Mercedes-Benz prensenta la nueva CLA 200 y nueva Vito"}]},{"@type":"WebSite","@id":"https:\/\/autofans.com.ar\/#website","url":"https:\/\/autofans.com.ar\/","name":"","description":"El multimedio referente de la industria automotriz","potentialAction":[{"@type":"SearchAction","target":{"@type":"EntryPoint","urlTemplate":"https:\/\/autofans.com.ar\/?s={search_term_string}"},"query-input":{"@type":"PropertyValueSpecification","valueRequired":true,"valueName":"search_term_string"}}],"inLanguage":"es"},{"@type":"Person","@id":"https:\/\/autofans.com.ar\/#\/schema\/person\/4a8dda0b6df83ac3d6723e921274c2aa","name":"Alejandro Gabriel Rosito","image":{"@type":"ImageObject","inLanguage":"es","@id":"https:\/\/secure.gravatar.com\/avatar\/16c5dda1489adfc62618084dcbb91cffd879c374b13fe5dd8e44ed6733852c88?s=96&d=mm&r=g","url":"https:\/\/secure.gravatar.com\/avatar\/16c5dda1489adfc62618084dcbb91cffd879c374b13fe5dd8e44ed6733852c88?s=96&d=mm&r=g","contentUrl":"https:\/\/secure.gravatar.com\/avatar\/16c5dda1489adfc62618084dcbb91cffd879c374b13fe5dd8e44ed6733852c88?s=96&d=mm&r=g","caption":"Alejandro Gabriel Rosito"},"url":"https:\/\/autofans.com.ar\/index.php\/author\/gabrielr\/"}]}},"featured_image_urls":{"full":["https:\/\/autofans.com.ar\/wp-content\/uploads\/2025\/07\/mercedes.jpg",1000,667,false],"thumbnail":["https:\/\/autofans.com.ar\/wp-content\/uploads\/2025\/07\/mercedes-150x150.jpg",150,150,true],"medium":["https:\/\/autofans.com.ar\/wp-content\/uploads\/2025\/07\/mercedes-300x200.jpg",300,200,true],"medium_large":["https:\/\/autofans.com.ar\/wp-content\/uploads\/2025\/07\/mercedes-768x512.jpg",640,427,true],"large":["https:\/\/autofans.com.ar\/wp-content\/uploads\/2025\/07\/mercedes.jpg",640,427,false],"1536x1536":["https:\/\/autofans.com.ar\/wp-content\/uploads\/2025\/07\/mercedes.jpg",1000,667,false],"2048x2048":["https:\/\/autofans.com.ar\/wp-content\/uploads\/2025\/07\/mercedes.jpg",1000,667,false],"covernews-featured":["https:\/\/autofans.com.ar\/wp-content\/uploads\/2025\/07\/mercedes.jpg",1000,667,false],"covernews-medium":["https:\/\/autofans.com.ar\/wp-content\/uploads\/2025\/07\/mercedes-540x340.jpg",540,340,true]},"author_info":{"display_name":"Alejandro Gabriel Rosito","author_link":"https:\/\/autofans.com.ar\/index.php\/author\/gabrielr\/"},"category_info":"<a href=\"https:\/\/autofans.com.ar\/index.php\/category\/noticias\/autos\/\" rel=\"category tag\">AUTOS y SUV<\/a> <a href=\"https:\/\/autofans.com.ar\/index.php\/category\/lanzamientos\/\" rel=\"category tag\">LANZAMIENTOS<\/a>","tag_info":"LANZAMIENTOS","comment_count":0,"_links":{"self":[{"href":"https:\/\/autofans.com.ar\/index.php\/wp-json\/wp\/v2\/posts\/13227","targetHints":{"allow":["GET"]}}],"collection":[{"href":"https:\/\/autofans.com.ar\/index.php\/wp-json\/wp\/v2\/posts"}],"about":[{"href":"https:\/\/autofans.com.ar\/index.php\/wp-json\/wp\/v2\/types\/post"}],"author":[{"embeddable":true,"href":"https:\/\/autofans.com.ar\/index.php\/wp-json\/wp\/v2\/users\/2"}],"replies":[{"embeddable":true,"href":"https:\/\/autofans.com.ar\/index.php\/wp-json\/wp\/v2\/comments?post=13227"}],"version-history":[{"count":7,"href":"https:\/\/autofans.com.ar\/index.php\/wp-json\/wp\/v2\/posts\/13227\/revisions"}],"predecessor-version":[{"id":13247,"href":"https:\/\/autofans.com.ar\/index.php\/wp-json\/wp\/v2\/posts\/13227\/revisions\/13247"}],"wp:featuredmedia":[{"embeddable":true,"href":"https:\/\/autofans.com.ar\/index.php\/wp-json\/wp\/v2\/media\/13230"}],"wp:attachment":[{"href":"https:\/\/autofans.com.ar\/index.php\/wp-json\/wp\/v2\/media?parent=13227"}],"wp:term":[{"taxonomy":"category","embeddable":true,"href":"https:\/\/autofans.com.ar\/index.php\/wp-json\/wp\/v2\/categories?post=13227"},{"taxonomy":"post_tag","embeddable":true,"href":"https:\/\/autofans.com.ar\/index.php\/wp-json\/wp\/v2\/tags?post=13227"}],"curies":[{"name":"wp","href":"https:\/\/api.w.org\/{rel}","templated":true}]}}