{"id":13260,"date":"2025-07-15T17:03:19","date_gmt":"2025-07-15T20:03:19","guid":{"rendered":"https:\/\/autofans.com.ar\/?p=13260"},"modified":"2025-07-15T17:03:19","modified_gmt":"2025-07-15T20:03:19","slug":"la-nueva-chevrolet-tracker-se-producira-en-argentina","status":"publish","type":"post","link":"https:\/\/autofans.com.ar\/index.php\/2025\/07\/15\/la-nueva-chevrolet-tracker-se-producira-en-argentina\/","title":{"rendered":"La nueva Chevrolet Tracker se producir\u00e1 en Argentina"},"content":{"rendered":"<p class=\"ds-markdown-paragraph\">General Motors comenz\u00f3 a fabricar la nueva Chevrolet Tracker en su planta de Alvear, Santa Fe. La automotriz realiz\u00f3 adecuaciones en las \u00e1reas de prensas, carrocer\u00eda y ensamble para optimizar procesos y garantizar calidad.<\/p>\n<p>&nbsp;<\/p>\n<h2 class=\"ds-markdown-paragraph\">Dise\u00f1o renovado y tecnolog\u00eda avanzada<\/h2>\n<p>&nbsp;<\/p>\n<p><img fetchpriority=\"high\" decoding=\"async\" class=\"aligncenter wp-image-13262 size-full\" src=\"https:\/\/autofans.com.ar\/wp-content\/uploads\/2025\/07\/chevrolet-3-1.jpg\" alt=\"Chevrolet\" width=\"1000\" height=\"667\" srcset=\"https:\/\/autofans.com.ar\/wp-content\/uploads\/2025\/07\/chevrolet-3-1.jpg 1000w, https:\/\/autofans.com.ar\/wp-content\/uploads\/2025\/07\/chevrolet-3-1-300x200.jpg 300w, https:\/\/autofans.com.ar\/wp-content\/uploads\/2025\/07\/chevrolet-3-1-768x512.jpg 768w\" sizes=\"(max-width: 1000px) 100vw, 1000px\" \/><\/p>\n<p>&nbsp;<\/p>\n<p class=\"ds-markdown-paragraph\">El modelo presenta un frontal moderno, alineado con las tendencias regionales. En el interior, destaca un cockpit digital y asientos m\u00e1s ergon\u00f3micos, reforzando su propuesta de confort.<\/p>\n<p>&nbsp;<\/p>\n<blockquote>\n<p style=\"text-align: center;\">\u201cEl comienzo de la producci\u00f3n de la nueva Chevrolet Tracker es un\u00a0hito en la historia de nuestra planta de Alvear, y ha sido posible gracias al talento y el compromiso de cada uno de los colaboradores de nuestra empresa, que son la mayor garant\u00eda para que Tracker siga siendo un \u00e9xito de ventas en la regi\u00f3n y en la Argentina, se\u00f1al\u00f3 Marcelo Franca Nascimento, Director de Manufactura de General Motors de Argentina.<\/p>\n<\/blockquote>\n<p>&nbsp;<\/p>\n<h2 class=\"ds-markdown-paragraph\">Chevrolet liderazgo en el segmento SUV<\/h2>\n<p>&nbsp;<\/p>\n<p><img decoding=\"async\" class=\"aligncenter wp-image-13264 size-full\" src=\"https:\/\/autofans.com.ar\/wp-content\/uploads\/2025\/07\/chevrolet-2-1.jpg\" alt=\"Chevrolet\" width=\"1000\" height=\"667\" srcset=\"https:\/\/autofans.com.ar\/wp-content\/uploads\/2025\/07\/chevrolet-2-1.jpg 1000w, https:\/\/autofans.com.ar\/wp-content\/uploads\/2025\/07\/chevrolet-2-1-300x200.jpg 300w, https:\/\/autofans.com.ar\/wp-content\/uploads\/2025\/07\/chevrolet-2-1-768x512.jpg 768w\" sizes=\"(max-width: 1000px) 100vw, 1000px\" \/><\/p>\n<p>&nbsp;<\/p>\n<p class=\"ds-markdown-paragraph\">La Tracker domina su categor\u00eda en Argentina desde 2023. Con esta actualizaci\u00f3n, GM apunta a consolidar su posici\u00f3n en un mercado competitivo. Su comercializaci\u00f3n inicia a fines de julio, tanto para venta local como exportaci\u00f3n.<\/p>\n<p>&nbsp;<\/p>\n<p>&nbsp;<\/p>\n<p><i>Para enterarte de m\u00e1s novedades, no dejes de leer\u00a0<\/i><a href=\"https:\/\/autofans.thebrandsoup.com\/\"><i>nuestras notas<\/i><\/a><i>, de ver\u00a0<\/i><a href=\"https:\/\/www.youtube.com\/channel\/UCgAC8UGHZYbT6P7PpmVnP7g\"><i>AUTOFANS TV<\/i><\/a><i>\u00a0en nuestro\u00a0canal de Youtube. Adem\u00e1s seguinos en\u00a0<\/i><a href=\"https:\/\/www.instagram.com\/autofanstv\/\"><i>INSTAGRAM<\/i><\/a><i> y <\/i><a href=\"https:\/\/www.facebook.com\/autofansmas\/\"><i>FACEBOOK<\/i><\/a><i> para no perderte nada sobre las novedades del segmento automotor de Argentina y el mundo.<\/i><\/p>\n","protected":false},"excerpt":{"rendered":"<p>General Motors comenz\u00f3 a fabricar la nueva Chevrolet Tracker en su planta de Alvear, Santa&#8230;<\/p>\n","protected":false},"author":2,"featured_media":13263,"comment_status":"closed","ping_status":"closed","sticky":false,"template":"","format":"standard","meta":{"footnotes":""},"categories":[3,16],"tags":[7013,4669,377,7014,2832],"class_list":["post-13260","post","type-post","status-publish","format-standard","has-post-thumbnail","hentry","category-autos","category-noticias","tag-autos-producidos-en-argentina","tag-chevrolet-tracker","tag-general-motors","tag-nuevos-lanzamientos-automotrices-2025","tag-suv-argentina"],"yoast_head":"<!-- This site is optimized with the Yoast SEO plugin v27.5 - https:\/\/yoast.com\/product\/yoast-seo-wordpress\/ -->\n<title>La nueva Chevrolet Tracker se producir\u00e1 en Argentina -<\/title>\n<meta name=\"description\" content=\"General Motors comenz\u00f3 a fabricar la nueva Chevrolet Tracker en su planta de Alvear, Santa Fe. La automotriz realiz\u00f3 adecuaciones...\" \/>\n<meta name=\"robots\" content=\"index, follow, max-snippet:-1, max-image-preview:large, max-video-preview:-1\" \/>\n<link rel=\"canonical\" href=\"https:\/\/autofans.com.ar\/index.php\/2025\/07\/15\/la-nueva-chevrolet-tracker-se-producira-en-argentina\/\" \/>\n<meta property=\"og:locale\" content=\"es_ES\" \/>\n<meta property=\"og:type\" content=\"article\" \/>\n<meta property=\"og:title\" content=\"La nueva Chevrolet Tracker se producir\u00e1 en Argentina -\" \/>\n<meta property=\"og:description\" content=\"General Motors comenz\u00f3 a fabricar la nueva Chevrolet Tracker en su planta de Alvear, Santa Fe. La automotriz realiz\u00f3 adecuaciones...\" \/>\n<meta property=\"og:url\" content=\"https:\/\/autofans.com.ar\/index.php\/2025\/07\/15\/la-nueva-chevrolet-tracker-se-producira-en-argentina\/\" \/>\n<meta property=\"article:published_time\" content=\"2025-07-15T20:03:19+00:00\" \/>\n<meta property=\"og:image\" content=\"https:\/\/autofans.com.ar\/wp-content\/uploads\/2025\/07\/chevrolet-1-1.jpg\" \/>\n\t<meta property=\"og:image:width\" content=\"1000\" \/>\n\t<meta property=\"og:image:height\" content=\"667\" \/>\n\t<meta property=\"og:image:type\" content=\"image\/jpeg\" \/>\n<meta name=\"author\" content=\"Alejandro Gabriel Rosito\" \/>\n<meta name=\"twitter:card\" content=\"summary_large_image\" \/>\n<meta name=\"twitter:label1\" content=\"Escrito por\" \/>\n\t<meta name=\"twitter:data1\" content=\"Alejandro Gabriel Rosito\" \/>\n\t<meta name=\"twitter:label2\" content=\"Tiempo de lectura\" \/>\n\t<meta name=\"twitter:data2\" content=\"2 minutos\" \/>\n<script type=\"application\/ld+json\" class=\"yoast-schema-graph\">{\"@context\":\"https:\\\/\\\/schema.org\",\"@graph\":[{\"@type\":\"Article\",\"@id\":\"https:\\\/\\\/autofans.com.ar\\\/index.php\\\/2025\\\/07\\\/15\\\/la-nueva-chevrolet-tracker-se-producira-en-argentina\\\/#article\",\"isPartOf\":{\"@id\":\"https:\\\/\\\/autofans.com.ar\\\/index.php\\\/2025\\\/07\\\/15\\\/la-nueva-chevrolet-tracker-se-producira-en-argentina\\\/\"},\"author\":{\"name\":\"Alejandro Gabriel Rosito\",\"@id\":\"https:\\\/\\\/autofans.com.ar\\\/#\\\/schema\\\/person\\\/4a8dda0b6df83ac3d6723e921274c2aa\"},\"headline\":\"La nueva Chevrolet Tracker se producir\u00e1 en Argentina\",\"datePublished\":\"2025-07-15T20:03:19+00:00\",\"mainEntityOfPage\":{\"@id\":\"https:\\\/\\\/autofans.com.ar\\\/index.php\\\/2025\\\/07\\\/15\\\/la-nueva-chevrolet-tracker-se-producira-en-argentina\\\/\"},\"wordCount\":253,\"image\":{\"@id\":\"https:\\\/\\\/autofans.com.ar\\\/index.php\\\/2025\\\/07\\\/15\\\/la-nueva-chevrolet-tracker-se-producira-en-argentina\\\/#primaryimage\"},\"thumbnailUrl\":\"https:\\\/\\\/autofans.com.ar\\\/wp-content\\\/uploads\\\/2025\\\/07\\\/chevrolet-1-1.jpg\",\"keywords\":[\"autos producidos en Argentina\",\"Chevrolet Tracker\",\"General Motors\",\"nuevos lanzamientos automotrices 2025\",\"SUV Argentina\"],\"articleSection\":[\"AUTOS y SUV\",\"NOTICIAS\"],\"inLanguage\":\"es\"},{\"@type\":\"WebPage\",\"@id\":\"https:\\\/\\\/autofans.com.ar\\\/index.php\\\/2025\\\/07\\\/15\\\/la-nueva-chevrolet-tracker-se-producira-en-argentina\\\/\",\"url\":\"https:\\\/\\\/autofans.com.ar\\\/index.php\\\/2025\\\/07\\\/15\\\/la-nueva-chevrolet-tracker-se-producira-en-argentina\\\/\",\"name\":\"La nueva Chevrolet Tracker se producir\u00e1 en Argentina -\",\"isPartOf\":{\"@id\":\"https:\\\/\\\/autofans.com.ar\\\/#website\"},\"primaryImageOfPage\":{\"@id\":\"https:\\\/\\\/autofans.com.ar\\\/index.php\\\/2025\\\/07\\\/15\\\/la-nueva-chevrolet-tracker-se-producira-en-argentina\\\/#primaryimage\"},\"image\":{\"@id\":\"https:\\\/\\\/autofans.com.ar\\\/index.php\\\/2025\\\/07\\\/15\\\/la-nueva-chevrolet-tracker-se-producira-en-argentina\\\/#primaryimage\"},\"thumbnailUrl\":\"https:\\\/\\\/autofans.com.ar\\\/wp-content\\\/uploads\\\/2025\\\/07\\\/chevrolet-1-1.jpg\",\"datePublished\":\"2025-07-15T20:03:19+00:00\",\"author\":{\"@id\":\"https:\\\/\\\/autofans.com.ar\\\/#\\\/schema\\\/person\\\/4a8dda0b6df83ac3d6723e921274c2aa\"},\"description\":\"General Motors comenz\u00f3 a fabricar la nueva Chevrolet Tracker en su planta de Alvear, Santa Fe. La automotriz realiz\u00f3 adecuaciones...\",\"breadcrumb\":{\"@id\":\"https:\\\/\\\/autofans.com.ar\\\/index.php\\\/2025\\\/07\\\/15\\\/la-nueva-chevrolet-tracker-se-producira-en-argentina\\\/#breadcrumb\"},\"inLanguage\":\"es\",\"potentialAction\":[{\"@type\":\"ReadAction\",\"target\":[\"https:\\\/\\\/autofans.com.ar\\\/index.php\\\/2025\\\/07\\\/15\\\/la-nueva-chevrolet-tracker-se-producira-en-argentina\\\/\"]}]},{\"@type\":\"ImageObject\",\"inLanguage\":\"es\",\"@id\":\"https:\\\/\\\/autofans.com.ar\\\/index.php\\\/2025\\\/07\\\/15\\\/la-nueva-chevrolet-tracker-se-producira-en-argentina\\\/#primaryimage\",\"url\":\"https:\\\/\\\/autofans.com.ar\\\/wp-content\\\/uploads\\\/2025\\\/07\\\/chevrolet-1-1.jpg\",\"contentUrl\":\"https:\\\/\\\/autofans.com.ar\\\/wp-content\\\/uploads\\\/2025\\\/07\\\/chevrolet-1-1.jpg\",\"width\":1000,\"height\":667,\"caption\":\"Chevrolet\"},{\"@type\":\"BreadcrumbList\",\"@id\":\"https:\\\/\\\/autofans.com.ar\\\/index.php\\\/2025\\\/07\\\/15\\\/la-nueva-chevrolet-tracker-se-producira-en-argentina\\\/#breadcrumb\",\"itemListElement\":[{\"@type\":\"ListItem\",\"position\":1,\"name\":\"Inicio\",\"item\":\"https:\\\/\\\/autofans.com.ar\\\/\"},{\"@type\":\"ListItem\",\"position\":2,\"name\":\"La nueva Chevrolet Tracker se producir\u00e1 en Argentina\"}]},{\"@type\":\"WebSite\",\"@id\":\"https:\\\/\\\/autofans.com.ar\\\/#website\",\"url\":\"https:\\\/\\\/autofans.com.ar\\\/\",\"name\":\"\",\"description\":\"El multimedio referente de la industria automotriz\",\"potentialAction\":[{\"@type\":\"SearchAction\",\"target\":{\"@type\":\"EntryPoint\",\"urlTemplate\":\"https:\\\/\\\/autofans.com.ar\\\/?s={search_term_string}\"},\"query-input\":{\"@type\":\"PropertyValueSpecification\",\"valueRequired\":true,\"valueName\":\"search_term_string\"}}],\"inLanguage\":\"es\"},{\"@type\":\"Person\",\"@id\":\"https:\\\/\\\/autofans.com.ar\\\/#\\\/schema\\\/person\\\/4a8dda0b6df83ac3d6723e921274c2aa\",\"name\":\"Alejandro Gabriel Rosito\",\"image\":{\"@type\":\"ImageObject\",\"inLanguage\":\"es\",\"@id\":\"https:\\\/\\\/secure.gravatar.com\\\/avatar\\\/16c5dda1489adfc62618084dcbb91cffd879c374b13fe5dd8e44ed6733852c88?s=96&d=mm&r=g\",\"url\":\"https:\\\/\\\/secure.gravatar.com\\\/avatar\\\/16c5dda1489adfc62618084dcbb91cffd879c374b13fe5dd8e44ed6733852c88?s=96&d=mm&r=g\",\"contentUrl\":\"https:\\\/\\\/secure.gravatar.com\\\/avatar\\\/16c5dda1489adfc62618084dcbb91cffd879c374b13fe5dd8e44ed6733852c88?s=96&d=mm&r=g\",\"caption\":\"Alejandro Gabriel Rosito\"},\"url\":\"https:\\\/\\\/autofans.com.ar\\\/index.php\\\/author\\\/gabrielr\\\/\"}]}<\/script>\n<!-- \/ Yoast SEO plugin. -->","yoast_head_json":{"title":"La nueva Chevrolet Tracker se producir\u00e1 en Argentina -","description":"General Motors comenz\u00f3 a fabricar la nueva Chevrolet Tracker en su planta de Alvear, Santa Fe. La automotriz realiz\u00f3 adecuaciones...","robots":{"index":"index","follow":"follow","max-snippet":"max-snippet:-1","max-image-preview":"max-image-preview:large","max-video-preview":"max-video-preview:-1"},"canonical":"https:\/\/autofans.com.ar\/index.php\/2025\/07\/15\/la-nueva-chevrolet-tracker-se-producira-en-argentina\/","og_locale":"es_ES","og_type":"article","og_title":"La nueva Chevrolet Tracker se producir\u00e1 en Argentina -","og_description":"General Motors comenz\u00f3 a fabricar la nueva Chevrolet Tracker en su planta de Alvear, Santa Fe. La automotriz realiz\u00f3 adecuaciones...","og_url":"https:\/\/autofans.com.ar\/index.php\/2025\/07\/15\/la-nueva-chevrolet-tracker-se-producira-en-argentina\/","article_published_time":"2025-07-15T20:03:19+00:00","og_image":[{"width":1000,"height":667,"url":"https:\/\/autofans.com.ar\/wp-content\/uploads\/2025\/07\/chevrolet-1-1.jpg","type":"image\/jpeg"}],"author":"Alejandro Gabriel Rosito","twitter_card":"summary_large_image","twitter_misc":{"Escrito por":"Alejandro Gabriel Rosito","Tiempo de lectura":"2 minutos"},"schema":{"@context":"https:\/\/schema.org","@graph":[{"@type":"Article","@id":"https:\/\/autofans.com.ar\/index.php\/2025\/07\/15\/la-nueva-chevrolet-tracker-se-producira-en-argentina\/#article","isPartOf":{"@id":"https:\/\/autofans.com.ar\/index.php\/2025\/07\/15\/la-nueva-chevrolet-tracker-se-producira-en-argentina\/"},"author":{"name":"Alejandro Gabriel Rosito","@id":"https:\/\/autofans.com.ar\/#\/schema\/person\/4a8dda0b6df83ac3d6723e921274c2aa"},"headline":"La nueva Chevrolet Tracker se producir\u00e1 en Argentina","datePublished":"2025-07-15T20:03:19+00:00","mainEntityOfPage":{"@id":"https:\/\/autofans.com.ar\/index.php\/2025\/07\/15\/la-nueva-chevrolet-tracker-se-producira-en-argentina\/"},"wordCount":253,"image":{"@id":"https:\/\/autofans.com.ar\/index.php\/2025\/07\/15\/la-nueva-chevrolet-tracker-se-producira-en-argentina\/#primaryimage"},"thumbnailUrl":"https:\/\/autofans.com.ar\/wp-content\/uploads\/2025\/07\/chevrolet-1-1.jpg","keywords":["autos producidos en Argentina","Chevrolet Tracker","General Motors","nuevos lanzamientos automotrices 2025","SUV Argentina"],"articleSection":["AUTOS y SUV","NOTICIAS"],"inLanguage":"es"},{"@type":"WebPage","@id":"https:\/\/autofans.com.ar\/index.php\/2025\/07\/15\/la-nueva-chevrolet-tracker-se-producira-en-argentina\/","url":"https:\/\/autofans.com.ar\/index.php\/2025\/07\/15\/la-nueva-chevrolet-tracker-se-producira-en-argentina\/","name":"La nueva Chevrolet Tracker se producir\u00e1 en Argentina -","isPartOf":{"@id":"https:\/\/autofans.com.ar\/#website"},"primaryImageOfPage":{"@id":"https:\/\/autofans.com.ar\/index.php\/2025\/07\/15\/la-nueva-chevrolet-tracker-se-producira-en-argentina\/#primaryimage"},"image":{"@id":"https:\/\/autofans.com.ar\/index.php\/2025\/07\/15\/la-nueva-chevrolet-tracker-se-producira-en-argentina\/#primaryimage"},"thumbnailUrl":"https:\/\/autofans.com.ar\/wp-content\/uploads\/2025\/07\/chevrolet-1-1.jpg","datePublished":"2025-07-15T20:03:19+00:00","author":{"@id":"https:\/\/autofans.com.ar\/#\/schema\/person\/4a8dda0b6df83ac3d6723e921274c2aa"},"description":"General Motors comenz\u00f3 a fabricar la nueva Chevrolet Tracker en su planta de Alvear, Santa Fe. La automotriz realiz\u00f3 adecuaciones...","breadcrumb":{"@id":"https:\/\/autofans.com.ar\/index.php\/2025\/07\/15\/la-nueva-chevrolet-tracker-se-producira-en-argentina\/#breadcrumb"},"inLanguage":"es","potentialAction":[{"@type":"ReadAction","target":["https:\/\/autofans.com.ar\/index.php\/2025\/07\/15\/la-nueva-chevrolet-tracker-se-producira-en-argentina\/"]}]},{"@type":"ImageObject","inLanguage":"es","@id":"https:\/\/autofans.com.ar\/index.php\/2025\/07\/15\/la-nueva-chevrolet-tracker-se-producira-en-argentina\/#primaryimage","url":"https:\/\/autofans.com.ar\/wp-content\/uploads\/2025\/07\/chevrolet-1-1.jpg","contentUrl":"https:\/\/autofans.com.ar\/wp-content\/uploads\/2025\/07\/chevrolet-1-1.jpg","width":1000,"height":667,"caption":"Chevrolet"},{"@type":"BreadcrumbList","@id":"https:\/\/autofans.com.ar\/index.php\/2025\/07\/15\/la-nueva-chevrolet-tracker-se-producira-en-argentina\/#breadcrumb","itemListElement":[{"@type":"ListItem","position":1,"name":"Inicio","item":"https:\/\/autofans.com.ar\/"},{"@type":"ListItem","position":2,"name":"La nueva Chevrolet Tracker se producir\u00e1 en Argentina"}]},{"@type":"WebSite","@id":"https:\/\/autofans.com.ar\/#website","url":"https:\/\/autofans.com.ar\/","name":"","description":"El multimedio referente de la industria automotriz","potentialAction":[{"@type":"SearchAction","target":{"@type":"EntryPoint","urlTemplate":"https:\/\/autofans.com.ar\/?s={search_term_string}"},"query-input":{"@type":"PropertyValueSpecification","valueRequired":true,"valueName":"search_term_string"}}],"inLanguage":"es"},{"@type":"Person","@id":"https:\/\/autofans.com.ar\/#\/schema\/person\/4a8dda0b6df83ac3d6723e921274c2aa","name":"Alejandro Gabriel Rosito","image":{"@type":"ImageObject","inLanguage":"es","@id":"https:\/\/secure.gravatar.com\/avatar\/16c5dda1489adfc62618084dcbb91cffd879c374b13fe5dd8e44ed6733852c88?s=96&d=mm&r=g","url":"https:\/\/secure.gravatar.com\/avatar\/16c5dda1489adfc62618084dcbb91cffd879c374b13fe5dd8e44ed6733852c88?s=96&d=mm&r=g","contentUrl":"https:\/\/secure.gravatar.com\/avatar\/16c5dda1489adfc62618084dcbb91cffd879c374b13fe5dd8e44ed6733852c88?s=96&d=mm&r=g","caption":"Alejandro Gabriel Rosito"},"url":"https:\/\/autofans.com.ar\/index.php\/author\/gabrielr\/"}]}},"featured_image_urls":{"full":["https:\/\/autofans.com.ar\/wp-content\/uploads\/2025\/07\/chevrolet-1-1.jpg",1000,667,false],"thumbnail":["https:\/\/autofans.com.ar\/wp-content\/uploads\/2025\/07\/chevrolet-1-1-150x150.jpg",150,150,true],"medium":["https:\/\/autofans.com.ar\/wp-content\/uploads\/2025\/07\/chevrolet-1-1-300x200.jpg",300,200,true],"medium_large":["https:\/\/autofans.com.ar\/wp-content\/uploads\/2025\/07\/chevrolet-1-1-768x512.jpg",640,427,true],"large":["https:\/\/autofans.com.ar\/wp-content\/uploads\/2025\/07\/chevrolet-1-1.jpg",640,427,false],"1536x1536":["https:\/\/autofans.com.ar\/wp-content\/uploads\/2025\/07\/chevrolet-1-1.jpg",1000,667,false],"2048x2048":["https:\/\/autofans.com.ar\/wp-content\/uploads\/2025\/07\/chevrolet-1-1.jpg",1000,667,false],"covernews-featured":["https:\/\/autofans.com.ar\/wp-content\/uploads\/2025\/07\/chevrolet-1-1.jpg",1000,667,false],"covernews-medium":["https:\/\/autofans.com.ar\/wp-content\/uploads\/2025\/07\/chevrolet-1-1-540x340.jpg",540,340,true]},"author_info":{"display_name":"Alejandro Gabriel Rosito","author_link":"https:\/\/autofans.com.ar\/index.php\/author\/gabrielr\/"},"category_info":"<a href=\"https:\/\/autofans.com.ar\/index.php\/category\/noticias\/autos\/\" rel=\"category tag\">AUTOS y SUV<\/a> <a href=\"https:\/\/autofans.com.ar\/index.php\/category\/noticias\/\" rel=\"category tag\">NOTICIAS<\/a>","tag_info":"NOTICIAS","comment_count":0,"_links":{"self":[{"href":"https:\/\/autofans.com.ar\/index.php\/wp-json\/wp\/v2\/posts\/13260","targetHints":{"allow":["GET"]}}],"collection":[{"href":"https:\/\/autofans.com.ar\/index.php\/wp-json\/wp\/v2\/posts"}],"about":[{"href":"https:\/\/autofans.com.ar\/index.php\/wp-json\/wp\/v2\/types\/post"}],"author":[{"embeddable":true,"href":"https:\/\/autofans.com.ar\/index.php\/wp-json\/wp\/v2\/users\/2"}],"replies":[{"embeddable":true,"href":"https:\/\/autofans.com.ar\/index.php\/wp-json\/wp\/v2\/comments?post=13260"}],"version-history":[{"count":3,"href":"https:\/\/autofans.com.ar\/index.php\/wp-json\/wp\/v2\/posts\/13260\/revisions"}],"predecessor-version":[{"id":13266,"href":"https:\/\/autofans.com.ar\/index.php\/wp-json\/wp\/v2\/posts\/13260\/revisions\/13266"}],"wp:featuredmedia":[{"embeddable":true,"href":"https:\/\/autofans.com.ar\/index.php\/wp-json\/wp\/v2\/media\/13263"}],"wp:attachment":[{"href":"https:\/\/autofans.com.ar\/index.php\/wp-json\/wp\/v2\/media?parent=13260"}],"wp:term":[{"taxonomy":"category","embeddable":true,"href":"https:\/\/autofans.com.ar\/index.php\/wp-json\/wp\/v2\/categories?post=13260"},{"taxonomy":"post_tag","embeddable":true,"href":"https:\/\/autofans.com.ar\/index.php\/wp-json\/wp\/v2\/tags?post=13260"}],"curies":[{"name":"wp","href":"https:\/\/api.w.org\/{rel}","templated":true}]}}