{"id":13267,"date":"2025-07-15T18:04:09","date_gmt":"2025-07-15T21:04:09","guid":{"rendered":"https:\/\/autofans.com.ar\/?p=13267"},"modified":"2025-07-15T18:04:09","modified_gmt":"2025-07-15T21:04:09","slug":"la-bmw-s-1000-rr-2025-ya-esta-en-argentina","status":"publish","type":"post","link":"https:\/\/autofans.com.ar\/index.php\/2025\/07\/15\/la-bmw-s-1000-rr-2025-ya-esta-en-argentina\/","title":{"rendered":"La BMW S 1000 RR 2025 ya est\u00e1 en Argentina"},"content":{"rendered":"<p class=\"ds-markdown-paragraph\">BMW Motorrad Argentina present\u00f3 la renovada S 1000 RR, una moto dise\u00f1ada para dominar la pista con actualizaciones t\u00e9cnicas y est\u00e9ticas. El modelo combina potencia, aerodin\u00e1mica refinada y electr\u00f3nica de \u00faltima generaci\u00f3n, manteniendo su esencia deportiva.<\/p>\n<p>&nbsp;<\/p>\n<h2>Motor y desempe\u00f1o &#8211; 210 CV para la pista<\/h2>\n<p>&nbsp;<\/p>\n<div id='gallery-1' class='gallery galleryid-13267 gallery-columns-3 gallery-size-full'><figure class='gallery-item'>\n\t\t\t<div class='gallery-icon landscape'>\n\t\t\t\t<a href='https:\/\/autofans.com.ar\/index.php\/2025\/07\/15\/la-bmw-s-1000-rr-2025-ya-esta-en-argentina\/bmw-4-22\/'><img loading=\"lazy\" width=\"1000\" height=\"667\" src=\"https:\/\/autofans.com.ar\/wp-content\/uploads\/2025\/07\/bmw-4.jpg\" class=\"attachment-full size-full\" alt=\"BMW S 1000 RR\" srcset=\"https:\/\/autofans.com.ar\/wp-content\/uploads\/2025\/07\/bmw-4.jpg 1000w, https:\/\/autofans.com.ar\/wp-content\/uploads\/2025\/07\/bmw-4-300x200.jpg 300w, https:\/\/autofans.com.ar\/wp-content\/uploads\/2025\/07\/bmw-4-768x512.jpg 768w\" sizes=\"auto, (max-width: 1000px) 100vw, 1000px\" loading=\"lazy\" decoding=\"async\" \/><\/a>\n\t\t\t<\/div><\/figure><figure class='gallery-item'>\n\t\t\t<div class='gallery-icon landscape'>\n\t\t\t\t<a href='https:\/\/autofans.com.ar\/index.php\/2025\/07\/15\/la-bmw-s-1000-rr-2025-ya-esta-en-argentina\/bmw-5-20\/'><img loading=\"lazy\" width=\"1000\" height=\"667\" src=\"https:\/\/autofans.com.ar\/wp-content\/uploads\/2025\/07\/bmw-5.jpg\" class=\"attachment-full size-full\" alt=\"BMW S 1000 RR\" srcset=\"https:\/\/autofans.com.ar\/wp-content\/uploads\/2025\/07\/bmw-5.jpg 1000w, https:\/\/autofans.com.ar\/wp-content\/uploads\/2025\/07\/bmw-5-300x200.jpg 300w, https:\/\/autofans.com.ar\/wp-content\/uploads\/2025\/07\/bmw-5-768x512.jpg 768w\" sizes=\"auto, (max-width: 1000px) 100vw, 1000px\" loading=\"lazy\" decoding=\"async\" \/><\/a>\n\t\t\t<\/div><\/figure><figure class='gallery-item'>\n\t\t\t<div class='gallery-icon landscape'>\n\t\t\t\t<a href='https:\/\/autofans.com.ar\/index.php\/2025\/07\/15\/la-bmw-s-1000-rr-2025-ya-esta-en-argentina\/bmw-7-6\/'><img loading=\"lazy\" width=\"1000\" height=\"667\" src=\"https:\/\/autofans.com.ar\/wp-content\/uploads\/2025\/07\/bmw-7.jpg\" class=\"attachment-full size-full\" alt=\"BMW S 1000 RR\" srcset=\"https:\/\/autofans.com.ar\/wp-content\/uploads\/2025\/07\/bmw-7.jpg 1000w, https:\/\/autofans.com.ar\/wp-content\/uploads\/2025\/07\/bmw-7-300x200.jpg 300w, https:\/\/autofans.com.ar\/wp-content\/uploads\/2025\/07\/bmw-7-768x512.jpg 768w\" sizes=\"auto, (max-width: 1000px) 100vw, 1000px\" loading=\"lazy\" decoding=\"async\" \/><\/a>\n\t\t\t<\/div><\/figure>\n\t\t<\/div>\n\n<p>&nbsp;<\/p>\n<p class=\"ds-markdown-paragraph\">El coraz\u00f3n de la S 1000 RR es su motor de cuatro cilindros y 999 cc, que entrega 210 CV y 113 Nm de par. Acelera de 0 a 100 km\/h en 3.2 segundos y supera los 300 km\/h. Entre las novedades destacan:<\/p>\n<ul>\n<li>\n<p class=\"ds-markdown-paragraph\">Acelerador M con respuesta m\u00e1s directa.<\/p>\n<\/li>\n<li>\n<p class=\"ds-markdown-paragraph\">Alerones que mejoran la carga aerodin\u00e1mica.<\/p>\n<\/li>\n<li>\n<p class=\"ds-markdown-paragraph\">Cubierta de rueda delantera optimizada para refrigeraci\u00f3n de frenos.<\/p>\n<\/li>\n<li>\n<p class=\"ds-markdown-paragraph\">Carenado con paneles laterales renovados.<\/p>\n<\/li>\n<\/ul>\n<p>&nbsp;<\/p>\n<h2>\u00a0BMW S 1000 RR &#8211; tres versiones disponibles<\/h2>\n<hr \/>\n<div style=\"display: flex; justify-content: center; width: 100%;\">\n<div style=\"display: flex; align-items: center; justify-content: space-between; background: #f0f2f5; padding: 3px 92px; border-radius: 0px; box-shadow: 0 4px 10px rgba(0, 0, 0, 0.08); margin: 24px 0; max-width: 700px;\">\n<div style=\"flex: 1;\"><a style=\"font-size: 18px; color: #921414; font-weight: bold; text-decoration: underline;\" href=\"https:\/\/autofans.com.ar\/wp-content\/uploads\/2025\/07\/Ficha_tecnica_BMW_S_1000_RR_-_Blackstorm_Metallic.pdf\" target=\"_blank\" rel=\"noopener\"><br \/>\n\u2192 F. T\u00e9cnica BMW S 1000 RR-Blackstorm Metallic<br \/>\n<\/a><a style=\"font-size: 18px; color: #007bff; font-weight: 1200; text-decoration: underline;\" href=\"https:\/\/autofans.com.ar\/wp-content\/uploads\/2025\/05\/ftmy26argo-681166d8eb8a6.pdf\" target=\"_blank\" rel=\"noopener\"><br \/>\n<\/a><\/div>\n<div style=\"margin-left: 46px;\"><img fetchpriority=\"high\" decoding=\"async\" class=\"alignright\" style=\"height: 20px; width: auto;\" src=\"https:\/\/autofans.com.ar\/wp-content\/uploads\/2023\/02\/Autofans_600x102_150px5.png\" alt=\"Logo Autofans\" width=\"1200\" height=\"137\" \/><\/div>\n<\/div>\n<\/div>\n<hr \/>\n<p>&nbsp;<\/p>\n<p>&nbsp;<\/p>\n<p><img decoding=\"async\" class=\"aligncenter wp-image-13275 size-full\" src=\"https:\/\/autofans.com.ar\/wp-content\/uploads\/2025\/07\/bmw-2.jpg\" alt=\"BMW S 1000 RR\" width=\"1000\" height=\"667\" srcset=\"https:\/\/autofans.com.ar\/wp-content\/uploads\/2025\/07\/bmw-2.jpg 1000w, https:\/\/autofans.com.ar\/wp-content\/uploads\/2025\/07\/bmw-2-300x200.jpg 300w, https:\/\/autofans.com.ar\/wp-content\/uploads\/2025\/07\/bmw-2-768x512.jpg 768w\" sizes=\"(max-width: 1000px) 100vw, 1000px\" \/><\/p>\n<p>&nbsp;<\/p>\n<ol start=\"1\">\n<li>\n<p class=\"ds-markdown-paragraph\">Blackstorm Metallic (USD 42.400) \u2013 Incluye:<\/p>\n<ul>\n<li>\n<p class=\"ds-markdown-paragraph\">Modos de conducci\u00f3n Pro, ABS regulable, Launch Control, GPS Laptrigger M.<\/p>\n<\/li>\n<li>\n<p class=\"ds-markdown-paragraph\">Suspensi\u00f3n activa (DDC), pantalla TFT 6.5\u201d, pu\u00f1os calefaccionados y m\u00e1s.<\/p>\n<\/li>\n<\/ul>\n<\/li>\n<\/ol>\n<p>&nbsp;<\/p>\n<hr \/>\n<div style=\"display: flex; justify-content: center; width: 100%;\">\n<div style=\"display: flex; align-items: center; justify-content: space-between; background: #f0f2f5; padding: 3px 92px; border-radius: 0px; box-shadow: 0 4px 10px rgba(0, 0, 0, 0.08); margin: 24px 0; max-width: 700px;\">\n<div style=\"flex: 1;\"><a style=\"font-size: 18px; color: #921414; font-weight: bold; text-decoration: underline;\" href=\"https:\/\/autofans.com.ar\/wp-content\/uploads\/2025\/07\/Ficha_tecnica_BMW_S_1000_RR_-_Bluestone_Metallic.pdf\" target=\"_blank\" rel=\"noopener\"><br \/>\n\u2192 F. T\u00e9cnica BMW S 1000 RR-Bluestone Metallic<br \/>\n<\/a><a style=\"font-size: 18px; color: #007bff; font-weight: 1200; text-decoration: underline;\" href=\"https:\/\/autofans.com.ar\/wp-content\/uploads\/2025\/05\/ftmy26argo-681166d8eb8a6.pdf\" target=\"_blank\" rel=\"noopener\"><br \/>\n<\/a><\/div>\n<div style=\"margin-left: 46px;\"><img fetchpriority=\"high\" decoding=\"async\" class=\"alignright\" style=\"height: 20px; width: auto;\" src=\"https:\/\/autofans.com.ar\/wp-content\/uploads\/2023\/02\/Autofans_600x102_150px5.png\" alt=\"Logo Autofans\" width=\"1200\" height=\"137\" \/><\/div>\n<\/div>\n<\/div>\n<hr \/>\n<p>&nbsp;<\/p>\n<p>&nbsp;<\/p>\n<p><img decoding=\"async\" class=\"aligncenter wp-image-13274 size-full\" src=\"https:\/\/autofans.com.ar\/wp-content\/uploads\/2025\/07\/bmw-3.jpg\" alt=\"BMW S 1000 RR\" width=\"1000\" height=\"667\" srcset=\"https:\/\/autofans.com.ar\/wp-content\/uploads\/2025\/07\/bmw-3.jpg 1000w, https:\/\/autofans.com.ar\/wp-content\/uploads\/2025\/07\/bmw-3-300x200.jpg 300w, https:\/\/autofans.com.ar\/wp-content\/uploads\/2025\/07\/bmw-3-768x512.jpg 768w\" sizes=\"(max-width: 1000px) 100vw, 1000px\" \/><\/p>\n<ol start=\"1\">\n<li>\n<p class=\"ds-markdown-paragraph\">Bluestone Metallic (USD 44.000) \u2013 Mismo equipamiento que la Blackstorm, con dise\u00f1o Sport y gr\u00e1ficas mate.<\/p>\n<\/li>\n<\/ol>\n<p>&nbsp;<\/p>\n<hr \/>\n<div style=\"display: flex; justify-content: center; width: 100%;\">\n<div style=\"display: flex; align-items: center; justify-content: space-between; background: #f0f2f5; padding: 3px 92px; border-radius: 0px; box-shadow: 0 4px 10px rgba(0, 0, 0, 0.08); margin: 24px 0; max-width: 700px;\">\n<div style=\"flex: 1;\"><a style=\"font-size: 18px; color: #921414; font-weight: bold; text-decoration: underline;\" href=\"https:\/\/autofans.com.ar\/wp-content\/uploads\/2025\/07\/Ficha_tecnica_BMW_S_1000_RR_-_Motorsport.pdf\" target=\"_blank\" rel=\"noopener\"><br \/>\n\u2192 F. T\u00e9cnica BMW S 1000 RR-Motorsport<br \/>\n<\/a><a style=\"font-size: 18px; color: #007bff; font-weight: 1200; text-decoration: underline;\" href=\"https:\/\/autofans.com.ar\/wp-content\/uploads\/2025\/05\/ftmy26argo-681166d8eb8a6.pdf\" target=\"_blank\" rel=\"noopener\"><br \/>\n<\/a><\/div>\n<div style=\"margin-left: 46px;\"><img fetchpriority=\"high\" decoding=\"async\" class=\"alignright\" style=\"height: 20px; width: auto;\" src=\"https:\/\/autofans.com.ar\/wp-content\/uploads\/2023\/02\/Autofans_600x102_150px5.png\" alt=\"Logo Autofans\" width=\"1200\" height=\"137\" \/><\/div>\n<\/div>\n<\/div>\n<hr \/>\n<p>&nbsp;<\/p>\n<p><img loading=\"lazy\" decoding=\"async\" class=\"aligncenter wp-image-13276 size-full\" src=\"https:\/\/autofans.com.ar\/wp-content\/uploads\/2025\/07\/bmw-1.jpg\" alt=\"BMW S 1000 RR\" width=\"1000\" height=\"667\" srcset=\"https:\/\/autofans.com.ar\/wp-content\/uploads\/2025\/07\/bmw-1.jpg 1000w, https:\/\/autofans.com.ar\/wp-content\/uploads\/2025\/07\/bmw-1-300x200.jpg 300w, https:\/\/autofans.com.ar\/wp-content\/uploads\/2025\/07\/bmw-1-768x512.jpg 768w\" sizes=\"(max-width: 1000px) 100vw, 1000px\" \/><\/p>\n<ol start=\"1\">\n<li>\n<p class=\"ds-markdown-paragraph\">Motorsport (USD 48.900) \u2013 La m\u00e1s exclusiva, con:<\/p>\n<ul>\n<li>\n<p class=\"ds-markdown-paragraph\">Llantas M de carbono, frenos M con calipers azules, asiento M Endurance.<\/p>\n<\/li>\n<li>\n<p class=\"ds-markdown-paragraph\">Colores inspirados en BMW M (Light White + detalles en azul y rojo).<\/p>\n<\/li>\n<\/ul>\n<\/li>\n<\/ol>\n<p>&nbsp;<\/p>\n<div id='gallery-2' class='gallery galleryid-13267 gallery-columns-2 gallery-size-full'><figure class='gallery-item'>\n\t\t\t<div class='gallery-icon landscape'>\n\t\t\t\t<a href='https:\/\/autofans.com.ar\/index.php\/2025\/07\/15\/la-bmw-s-1000-rr-2025-ya-esta-en-argentina\/bmw-8\/'><img loading=\"lazy\" width=\"1000\" height=\"667\" src=\"https:\/\/autofans.com.ar\/wp-content\/uploads\/2025\/07\/bmw-8.jpg\" class=\"attachment-full size-full\" alt=\"BMW S 1000 RR\" srcset=\"https:\/\/autofans.com.ar\/wp-content\/uploads\/2025\/07\/bmw-8.jpg 1000w, https:\/\/autofans.com.ar\/wp-content\/uploads\/2025\/07\/bmw-8-300x200.jpg 300w, https:\/\/autofans.com.ar\/wp-content\/uploads\/2025\/07\/bmw-8-768x512.jpg 768w\" sizes=\"auto, (max-width: 1000px) 100vw, 1000px\" loading=\"lazy\" decoding=\"async\" \/><\/a>\n\t\t\t<\/div><\/figure><figure class='gallery-item'>\n\t\t\t<div class='gallery-icon landscape'>\n\t\t\t\t<a href='https:\/\/autofans.com.ar\/index.php\/2025\/07\/15\/la-bmw-s-1000-rr-2025-ya-esta-en-argentina\/bmw-9-2\/'><img loading=\"lazy\" width=\"1000\" height=\"667\" src=\"https:\/\/autofans.com.ar\/wp-content\/uploads\/2025\/07\/bmw-9.jpg\" class=\"attachment-full size-full\" alt=\"BMW S 1000 RR\" srcset=\"https:\/\/autofans.com.ar\/wp-content\/uploads\/2025\/07\/bmw-9.jpg 1000w, https:\/\/autofans.com.ar\/wp-content\/uploads\/2025\/07\/bmw-9-300x200.jpg 300w, https:\/\/autofans.com.ar\/wp-content\/uploads\/2025\/07\/bmw-9-768x512.jpg 768w\" sizes=\"auto, (max-width: 1000px) 100vw, 1000px\" loading=\"lazy\" decoding=\"async\" \/><\/a>\n\t\t\t<\/div><\/figure>\n\t\t<\/div>\n\n<p>&nbsp;<\/p>\n<p class=\"ds-markdown-paragraph\">BMW Motorrad ofrece accesorios adicionales como escape en titanio, kit de carbono y levas M. Todas las versiones incluyen garant\u00eda de 3 a\u00f1os.<\/p>\n<p>&nbsp;<\/p>\n<p>&nbsp;<\/p>\n<p>&nbsp;<\/p>\n<p><i>Para enterarte de m\u00e1s novedades, no dejes de leer\u00a0<\/i><a href=\"https:\/\/autofans.thebrandsoup.com\/\"><i>nuestras notas<\/i><\/a><i>, de ver\u00a0<\/i><a href=\"https:\/\/www.youtube.com\/channel\/UCgAC8UGHZYbT6P7PpmVnP7g\"><i>AUTOFANS TV<\/i><\/a><i>\u00a0en nuestro\u00a0canal de Youtube. Adem\u00e1s seguinos en\u00a0<\/i><a href=\"https:\/\/www.instagram.com\/autofanstv\/\"><i>INSTAGRAM<\/i><\/a><i> y <\/i><a href=\"https:\/\/www.facebook.com\/autofansmas\/\"><i>FACEBOOK<\/i><\/a><i> para no perderte nada sobre las novedades del segmento automotor de Argentina y el mundo.<\/i><\/p>\n","protected":false},"excerpt":{"rendered":"<p>BMW Motorrad Argentina present\u00f3 la renovada S 1000 RR, una moto dise\u00f1ada para dominar la&#8230;<\/p>\n","protected":false},"author":2,"featured_media":13271,"comment_status":"closed","ping_status":"closed","sticky":false,"template":"","format":"standard","meta":{"footnotes":""},"categories":[1,4],"tags":[7015,7016,7019,7018,7017],"class_list":["post-13267","post","type-post","status-publish","format-standard","has-post-thumbnail","hentry","category-lanzamientos","category-motos","tag-bmw-s-1000-rr-2025","tag-moto-deportiva-argentina","tag-motos-alta-gama","tag-precio-bmw-s-1000-rr","tag-superbike-bmw"],"yoast_head":"<!-- This site is optimized with the Yoast SEO plugin v27.5 - https:\/\/yoast.com\/product\/yoast-seo-wordpress\/ -->\n<title>La BMW S 1000 RR 2025 ya est\u00e1 en Argentina -<\/title>\n<meta name=\"description\" content=\"BMW Motorrad Argentina present\u00f3 la renovada S 1000 RR, una moto dise\u00f1ada para dominar la pista con actualizaciones t\u00e9cnicas y est\u00e9ticas...\" \/>\n<meta name=\"robots\" content=\"index, follow, max-snippet:-1, max-image-preview:large, max-video-preview:-1\" \/>\n<link rel=\"canonical\" href=\"https:\/\/autofans.com.ar\/index.php\/2025\/07\/15\/la-bmw-s-1000-rr-2025-ya-esta-en-argentina\/\" \/>\n<meta property=\"og:locale\" content=\"es_ES\" \/>\n<meta property=\"og:type\" content=\"article\" \/>\n<meta property=\"og:title\" content=\"La BMW S 1000 RR 2025 ya est\u00e1 en Argentina -\" \/>\n<meta property=\"og:description\" content=\"BMW Motorrad Argentina present\u00f3 la renovada S 1000 RR, una moto dise\u00f1ada para dominar la pista con actualizaciones t\u00e9cnicas y est\u00e9ticas...\" \/>\n<meta property=\"og:url\" content=\"https:\/\/autofans.com.ar\/index.php\/2025\/07\/15\/la-bmw-s-1000-rr-2025-ya-esta-en-argentina\/\" \/>\n<meta property=\"article:published_time\" content=\"2025-07-15T21:04:09+00:00\" \/>\n<meta property=\"og:image\" content=\"https:\/\/autofans.com.ar\/wp-content\/uploads\/2025\/07\/bmw-6.jpg\" \/>\n\t<meta property=\"og:image:width\" content=\"1000\" \/>\n\t<meta property=\"og:image:height\" content=\"667\" \/>\n\t<meta property=\"og:image:type\" content=\"image\/jpeg\" \/>\n<meta name=\"author\" content=\"Alejandro Gabriel Rosito\" \/>\n<meta name=\"twitter:card\" content=\"summary_large_image\" \/>\n<meta name=\"twitter:label1\" content=\"Escrito por\" \/>\n\t<meta name=\"twitter:data1\" content=\"Alejandro Gabriel Rosito\" \/>\n\t<meta name=\"twitter:label2\" content=\"Tiempo de lectura\" \/>\n\t<meta name=\"twitter:data2\" content=\"3 minutos\" \/>\n<script type=\"application\/ld+json\" class=\"yoast-schema-graph\">{\"@context\":\"https:\\\/\\\/schema.org\",\"@graph\":[{\"@type\":\"Article\",\"@id\":\"https:\\\/\\\/autofans.com.ar\\\/index.php\\\/2025\\\/07\\\/15\\\/la-bmw-s-1000-rr-2025-ya-esta-en-argentina\\\/#article\",\"isPartOf\":{\"@id\":\"https:\\\/\\\/autofans.com.ar\\\/index.php\\\/2025\\\/07\\\/15\\\/la-bmw-s-1000-rr-2025-ya-esta-en-argentina\\\/\"},\"author\":{\"name\":\"Alejandro Gabriel Rosito\",\"@id\":\"https:\\\/\\\/autofans.com.ar\\\/#\\\/schema\\\/person\\\/4a8dda0b6df83ac3d6723e921274c2aa\"},\"headline\":\"La BMW S 1000 RR 2025 ya est\u00e1 en Argentina\",\"datePublished\":\"2025-07-15T21:04:09+00:00\",\"mainEntityOfPage\":{\"@id\":\"https:\\\/\\\/autofans.com.ar\\\/index.php\\\/2025\\\/07\\\/15\\\/la-bmw-s-1000-rr-2025-ya-esta-en-argentina\\\/\"},\"wordCount\":320,\"image\":{\"@id\":\"https:\\\/\\\/autofans.com.ar\\\/index.php\\\/2025\\\/07\\\/15\\\/la-bmw-s-1000-rr-2025-ya-esta-en-argentina\\\/#primaryimage\"},\"thumbnailUrl\":\"https:\\\/\\\/autofans.com.ar\\\/wp-content\\\/uploads\\\/2025\\\/07\\\/bmw-6.jpg\",\"keywords\":[\"BMW S 1000 RR 2025\",\"moto deportiva Argentina\",\"motos alta gama.\",\"precio BMW S 1000 RR\",\"superbike BMW\"],\"articleSection\":[\"LANZAMIENTOS\",\"MOTOS\"],\"inLanguage\":\"es\"},{\"@type\":\"WebPage\",\"@id\":\"https:\\\/\\\/autofans.com.ar\\\/index.php\\\/2025\\\/07\\\/15\\\/la-bmw-s-1000-rr-2025-ya-esta-en-argentina\\\/\",\"url\":\"https:\\\/\\\/autofans.com.ar\\\/index.php\\\/2025\\\/07\\\/15\\\/la-bmw-s-1000-rr-2025-ya-esta-en-argentina\\\/\",\"name\":\"La BMW S 1000 RR 2025 ya est\u00e1 en Argentina -\",\"isPartOf\":{\"@id\":\"https:\\\/\\\/autofans.com.ar\\\/#website\"},\"primaryImageOfPage\":{\"@id\":\"https:\\\/\\\/autofans.com.ar\\\/index.php\\\/2025\\\/07\\\/15\\\/la-bmw-s-1000-rr-2025-ya-esta-en-argentina\\\/#primaryimage\"},\"image\":{\"@id\":\"https:\\\/\\\/autofans.com.ar\\\/index.php\\\/2025\\\/07\\\/15\\\/la-bmw-s-1000-rr-2025-ya-esta-en-argentina\\\/#primaryimage\"},\"thumbnailUrl\":\"https:\\\/\\\/autofans.com.ar\\\/wp-content\\\/uploads\\\/2025\\\/07\\\/bmw-6.jpg\",\"datePublished\":\"2025-07-15T21:04:09+00:00\",\"author\":{\"@id\":\"https:\\\/\\\/autofans.com.ar\\\/#\\\/schema\\\/person\\\/4a8dda0b6df83ac3d6723e921274c2aa\"},\"description\":\"BMW Motorrad Argentina present\u00f3 la renovada S 1000 RR, una moto dise\u00f1ada para dominar la pista con actualizaciones t\u00e9cnicas y est\u00e9ticas...\",\"breadcrumb\":{\"@id\":\"https:\\\/\\\/autofans.com.ar\\\/index.php\\\/2025\\\/07\\\/15\\\/la-bmw-s-1000-rr-2025-ya-esta-en-argentina\\\/#breadcrumb\"},\"inLanguage\":\"es\",\"potentialAction\":[{\"@type\":\"ReadAction\",\"target\":[\"https:\\\/\\\/autofans.com.ar\\\/index.php\\\/2025\\\/07\\\/15\\\/la-bmw-s-1000-rr-2025-ya-esta-en-argentina\\\/\"]}]},{\"@type\":\"ImageObject\",\"inLanguage\":\"es\",\"@id\":\"https:\\\/\\\/autofans.com.ar\\\/index.php\\\/2025\\\/07\\\/15\\\/la-bmw-s-1000-rr-2025-ya-esta-en-argentina\\\/#primaryimage\",\"url\":\"https:\\\/\\\/autofans.com.ar\\\/wp-content\\\/uploads\\\/2025\\\/07\\\/bmw-6.jpg\",\"contentUrl\":\"https:\\\/\\\/autofans.com.ar\\\/wp-content\\\/uploads\\\/2025\\\/07\\\/bmw-6.jpg\",\"width\":1000,\"height\":667,\"caption\":\"BMW S 1000 RR\"},{\"@type\":\"BreadcrumbList\",\"@id\":\"https:\\\/\\\/autofans.com.ar\\\/index.php\\\/2025\\\/07\\\/15\\\/la-bmw-s-1000-rr-2025-ya-esta-en-argentina\\\/#breadcrumb\",\"itemListElement\":[{\"@type\":\"ListItem\",\"position\":1,\"name\":\"Inicio\",\"item\":\"https:\\\/\\\/autofans.com.ar\\\/\"},{\"@type\":\"ListItem\",\"position\":2,\"name\":\"La BMW S 1000 RR 2025 ya est\u00e1 en Argentina\"}]},{\"@type\":\"WebSite\",\"@id\":\"https:\\\/\\\/autofans.com.ar\\\/#website\",\"url\":\"https:\\\/\\\/autofans.com.ar\\\/\",\"name\":\"\",\"description\":\"El multimedio referente de la industria automotriz\",\"potentialAction\":[{\"@type\":\"SearchAction\",\"target\":{\"@type\":\"EntryPoint\",\"urlTemplate\":\"https:\\\/\\\/autofans.com.ar\\\/?s={search_term_string}\"},\"query-input\":{\"@type\":\"PropertyValueSpecification\",\"valueRequired\":true,\"valueName\":\"search_term_string\"}}],\"inLanguage\":\"es\"},{\"@type\":\"Person\",\"@id\":\"https:\\\/\\\/autofans.com.ar\\\/#\\\/schema\\\/person\\\/4a8dda0b6df83ac3d6723e921274c2aa\",\"name\":\"Alejandro Gabriel Rosito\",\"image\":{\"@type\":\"ImageObject\",\"inLanguage\":\"es\",\"@id\":\"https:\\\/\\\/secure.gravatar.com\\\/avatar\\\/16c5dda1489adfc62618084dcbb91cffd879c374b13fe5dd8e44ed6733852c88?s=96&d=mm&r=g\",\"url\":\"https:\\\/\\\/secure.gravatar.com\\\/avatar\\\/16c5dda1489adfc62618084dcbb91cffd879c374b13fe5dd8e44ed6733852c88?s=96&d=mm&r=g\",\"contentUrl\":\"https:\\\/\\\/secure.gravatar.com\\\/avatar\\\/16c5dda1489adfc62618084dcbb91cffd879c374b13fe5dd8e44ed6733852c88?s=96&d=mm&r=g\",\"caption\":\"Alejandro Gabriel Rosito\"},\"url\":\"https:\\\/\\\/autofans.com.ar\\\/index.php\\\/author\\\/gabrielr\\\/\"}]}<\/script>\n<!-- \/ Yoast SEO plugin. -->","yoast_head_json":{"title":"La BMW S 1000 RR 2025 ya est\u00e1 en Argentina -","description":"BMW Motorrad Argentina present\u00f3 la renovada S 1000 RR, una moto dise\u00f1ada para dominar la pista con actualizaciones t\u00e9cnicas y est\u00e9ticas...","robots":{"index":"index","follow":"follow","max-snippet":"max-snippet:-1","max-image-preview":"max-image-preview:large","max-video-preview":"max-video-preview:-1"},"canonical":"https:\/\/autofans.com.ar\/index.php\/2025\/07\/15\/la-bmw-s-1000-rr-2025-ya-esta-en-argentina\/","og_locale":"es_ES","og_type":"article","og_title":"La BMW S 1000 RR 2025 ya est\u00e1 en Argentina -","og_description":"BMW Motorrad Argentina present\u00f3 la renovada S 1000 RR, una moto dise\u00f1ada para dominar la pista con actualizaciones t\u00e9cnicas y est\u00e9ticas...","og_url":"https:\/\/autofans.com.ar\/index.php\/2025\/07\/15\/la-bmw-s-1000-rr-2025-ya-esta-en-argentina\/","article_published_time":"2025-07-15T21:04:09+00:00","og_image":[{"width":1000,"height":667,"url":"https:\/\/autofans.com.ar\/wp-content\/uploads\/2025\/07\/bmw-6.jpg","type":"image\/jpeg"}],"author":"Alejandro Gabriel Rosito","twitter_card":"summary_large_image","twitter_misc":{"Escrito por":"Alejandro Gabriel Rosito","Tiempo de lectura":"3 minutos"},"schema":{"@context":"https:\/\/schema.org","@graph":[{"@type":"Article","@id":"https:\/\/autofans.com.ar\/index.php\/2025\/07\/15\/la-bmw-s-1000-rr-2025-ya-esta-en-argentina\/#article","isPartOf":{"@id":"https:\/\/autofans.com.ar\/index.php\/2025\/07\/15\/la-bmw-s-1000-rr-2025-ya-esta-en-argentina\/"},"author":{"name":"Alejandro Gabriel Rosito","@id":"https:\/\/autofans.com.ar\/#\/schema\/person\/4a8dda0b6df83ac3d6723e921274c2aa"},"headline":"La BMW S 1000 RR 2025 ya est\u00e1 en Argentina","datePublished":"2025-07-15T21:04:09+00:00","mainEntityOfPage":{"@id":"https:\/\/autofans.com.ar\/index.php\/2025\/07\/15\/la-bmw-s-1000-rr-2025-ya-esta-en-argentina\/"},"wordCount":320,"image":{"@id":"https:\/\/autofans.com.ar\/index.php\/2025\/07\/15\/la-bmw-s-1000-rr-2025-ya-esta-en-argentina\/#primaryimage"},"thumbnailUrl":"https:\/\/autofans.com.ar\/wp-content\/uploads\/2025\/07\/bmw-6.jpg","keywords":["BMW S 1000 RR 2025","moto deportiva Argentina","motos alta gama.","precio BMW S 1000 RR","superbike BMW"],"articleSection":["LANZAMIENTOS","MOTOS"],"inLanguage":"es"},{"@type":"WebPage","@id":"https:\/\/autofans.com.ar\/index.php\/2025\/07\/15\/la-bmw-s-1000-rr-2025-ya-esta-en-argentina\/","url":"https:\/\/autofans.com.ar\/index.php\/2025\/07\/15\/la-bmw-s-1000-rr-2025-ya-esta-en-argentina\/","name":"La BMW S 1000 RR 2025 ya est\u00e1 en Argentina -","isPartOf":{"@id":"https:\/\/autofans.com.ar\/#website"},"primaryImageOfPage":{"@id":"https:\/\/autofans.com.ar\/index.php\/2025\/07\/15\/la-bmw-s-1000-rr-2025-ya-esta-en-argentina\/#primaryimage"},"image":{"@id":"https:\/\/autofans.com.ar\/index.php\/2025\/07\/15\/la-bmw-s-1000-rr-2025-ya-esta-en-argentina\/#primaryimage"},"thumbnailUrl":"https:\/\/autofans.com.ar\/wp-content\/uploads\/2025\/07\/bmw-6.jpg","datePublished":"2025-07-15T21:04:09+00:00","author":{"@id":"https:\/\/autofans.com.ar\/#\/schema\/person\/4a8dda0b6df83ac3d6723e921274c2aa"},"description":"BMW Motorrad Argentina present\u00f3 la renovada S 1000 RR, una moto dise\u00f1ada para dominar la pista con actualizaciones t\u00e9cnicas y est\u00e9ticas...","breadcrumb":{"@id":"https:\/\/autofans.com.ar\/index.php\/2025\/07\/15\/la-bmw-s-1000-rr-2025-ya-esta-en-argentina\/#breadcrumb"},"inLanguage":"es","potentialAction":[{"@type":"ReadAction","target":["https:\/\/autofans.com.ar\/index.php\/2025\/07\/15\/la-bmw-s-1000-rr-2025-ya-esta-en-argentina\/"]}]},{"@type":"ImageObject","inLanguage":"es","@id":"https:\/\/autofans.com.ar\/index.php\/2025\/07\/15\/la-bmw-s-1000-rr-2025-ya-esta-en-argentina\/#primaryimage","url":"https:\/\/autofans.com.ar\/wp-content\/uploads\/2025\/07\/bmw-6.jpg","contentUrl":"https:\/\/autofans.com.ar\/wp-content\/uploads\/2025\/07\/bmw-6.jpg","width":1000,"height":667,"caption":"BMW S 1000 RR"},{"@type":"BreadcrumbList","@id":"https:\/\/autofans.com.ar\/index.php\/2025\/07\/15\/la-bmw-s-1000-rr-2025-ya-esta-en-argentina\/#breadcrumb","itemListElement":[{"@type":"ListItem","position":1,"name":"Inicio","item":"https:\/\/autofans.com.ar\/"},{"@type":"ListItem","position":2,"name":"La BMW S 1000 RR 2025 ya est\u00e1 en Argentina"}]},{"@type":"WebSite","@id":"https:\/\/autofans.com.ar\/#website","url":"https:\/\/autofans.com.ar\/","name":"","description":"El multimedio referente de la industria automotriz","potentialAction":[{"@type":"SearchAction","target":{"@type":"EntryPoint","urlTemplate":"https:\/\/autofans.com.ar\/?s={search_term_string}"},"query-input":{"@type":"PropertyValueSpecification","valueRequired":true,"valueName":"search_term_string"}}],"inLanguage":"es"},{"@type":"Person","@id":"https:\/\/autofans.com.ar\/#\/schema\/person\/4a8dda0b6df83ac3d6723e921274c2aa","name":"Alejandro Gabriel Rosito","image":{"@type":"ImageObject","inLanguage":"es","@id":"https:\/\/secure.gravatar.com\/avatar\/16c5dda1489adfc62618084dcbb91cffd879c374b13fe5dd8e44ed6733852c88?s=96&d=mm&r=g","url":"https:\/\/secure.gravatar.com\/avatar\/16c5dda1489adfc62618084dcbb91cffd879c374b13fe5dd8e44ed6733852c88?s=96&d=mm&r=g","contentUrl":"https:\/\/secure.gravatar.com\/avatar\/16c5dda1489adfc62618084dcbb91cffd879c374b13fe5dd8e44ed6733852c88?s=96&d=mm&r=g","caption":"Alejandro Gabriel Rosito"},"url":"https:\/\/autofans.com.ar\/index.php\/author\/gabrielr\/"}]}},"featured_image_urls":{"full":["https:\/\/autofans.com.ar\/wp-content\/uploads\/2025\/07\/bmw-6.jpg",1000,667,false],"thumbnail":["https:\/\/autofans.com.ar\/wp-content\/uploads\/2025\/07\/bmw-6-150x150.jpg",150,150,true],"medium":["https:\/\/autofans.com.ar\/wp-content\/uploads\/2025\/07\/bmw-6-300x200.jpg",300,200,true],"medium_large":["https:\/\/autofans.com.ar\/wp-content\/uploads\/2025\/07\/bmw-6-768x512.jpg",640,427,true],"large":["https:\/\/autofans.com.ar\/wp-content\/uploads\/2025\/07\/bmw-6.jpg",640,427,false],"1536x1536":["https:\/\/autofans.com.ar\/wp-content\/uploads\/2025\/07\/bmw-6.jpg",1000,667,false],"2048x2048":["https:\/\/autofans.com.ar\/wp-content\/uploads\/2025\/07\/bmw-6.jpg",1000,667,false],"covernews-featured":["https:\/\/autofans.com.ar\/wp-content\/uploads\/2025\/07\/bmw-6.jpg",1000,667,false],"covernews-medium":["https:\/\/autofans.com.ar\/wp-content\/uploads\/2025\/07\/bmw-6-540x340.jpg",540,340,true]},"author_info":{"display_name":"Alejandro Gabriel Rosito","author_link":"https:\/\/autofans.com.ar\/index.php\/author\/gabrielr\/"},"category_info":"<a href=\"https:\/\/autofans.com.ar\/index.php\/category\/lanzamientos\/\" rel=\"category tag\">LANZAMIENTOS<\/a> <a href=\"https:\/\/autofans.com.ar\/index.php\/category\/noticias\/motos\/\" rel=\"category tag\">MOTOS<\/a>","tag_info":"MOTOS","comment_count":0,"_links":{"self":[{"href":"https:\/\/autofans.com.ar\/index.php\/wp-json\/wp\/v2\/posts\/13267","targetHints":{"allow":["GET"]}}],"collection":[{"href":"https:\/\/autofans.com.ar\/index.php\/wp-json\/wp\/v2\/posts"}],"about":[{"href":"https:\/\/autofans.com.ar\/index.php\/wp-json\/wp\/v2\/types\/post"}],"author":[{"embeddable":true,"href":"https:\/\/autofans.com.ar\/index.php\/wp-json\/wp\/v2\/users\/2"}],"replies":[{"embeddable":true,"href":"https:\/\/autofans.com.ar\/index.php\/wp-json\/wp\/v2\/comments?post=13267"}],"version-history":[{"count":2,"href":"https:\/\/autofans.com.ar\/index.php\/wp-json\/wp\/v2\/posts\/13267\/revisions"}],"predecessor-version":[{"id":13283,"href":"https:\/\/autofans.com.ar\/index.php\/wp-json\/wp\/v2\/posts\/13267\/revisions\/13283"}],"wp:featuredmedia":[{"embeddable":true,"href":"https:\/\/autofans.com.ar\/index.php\/wp-json\/wp\/v2\/media\/13271"}],"wp:attachment":[{"href":"https:\/\/autofans.com.ar\/index.php\/wp-json\/wp\/v2\/media?parent=13267"}],"wp:term":[{"taxonomy":"category","embeddable":true,"href":"https:\/\/autofans.com.ar\/index.php\/wp-json\/wp\/v2\/categories?post=13267"},{"taxonomy":"post_tag","embeddable":true,"href":"https:\/\/autofans.com.ar\/index.php\/wp-json\/wp\/v2\/tags?post=13267"}],"curies":[{"name":"wp","href":"https:\/\/api.w.org\/{rel}","templated":true}]}}