{"id":13299,"date":"2025-07-17T13:39:17","date_gmt":"2025-07-17T16:39:17","guid":{"rendered":"https:\/\/autofans.com.ar\/?p=13299"},"modified":"2025-07-17T13:39:17","modified_gmt":"2025-07-17T16:39:17","slug":"el-bmw-m5-2025-desembarca-en-argentina","status":"publish","type":"post","link":"https:\/\/autofans.com.ar\/index.php\/2025\/07\/17\/el-bmw-m5-2025-desembarca-en-argentina\/","title":{"rendered":"El BMW M5 2025 desembarca en Argentina"},"content":{"rendered":"<p class=\"ds-markdown-paragraph\">La s\u00e9ptima generaci\u00f3n del BMW M5 marca un hito: es el primer modelo de la serie M en adoptar una propulsi\u00f3n h\u00edbrida enchufable. Con un motor V8 TwinPower Turbo de 4.4 litros y un impulsor el\u00e9ctrico, el sed\u00e1n desarrolla 727 caballos de fuerza y 1.000 Nm de torque, logrando un 0 a 100 km\/h en 3.5 segundos y una velocidad m\u00e1xima de 305 km\/h (gracias al paquete M Driver\u2019s incluido de serie).<\/p>\n<p>&nbsp;<\/p>\n<blockquote>\n<p style=\"text-align: center;\">\u201cCon el nuevo BMW M5 nos adentramos todav\u00eda m\u00e1s en la estrategia de apertura de tecnolog\u00edas de BMW Group, al ofrecer ahora un in\u00e9dito deportivo de alta gama con tecnolog\u00eda h\u00edbrida-enchufable. De esta manera, nuestra oferta sigue creciendo en distintos subsegmentos para ofrecer la propuesta indicada para cada cliente\u201d, manifiesta Ivana Dip, CEO &amp; Managing Director de BMW Group Argentina.<\/p>\n<\/blockquote>\n<p>&nbsp;<\/p>\n<h2>Tecnolog\u00eda inspirada en la competici\u00f3n<\/h2>\n<p>&nbsp;<\/p>\n<div id='gallery-1' class='gallery galleryid-13299 gallery-columns-3 gallery-size-full'><figure class='gallery-item'>\n\t\t\t<div class='gallery-icon landscape'>\n\t\t\t\t<a href='https:\/\/autofans.com.ar\/index.php\/2025\/07\/17\/el-bmw-m5-2025-desembarca-en-argentina\/bmw-2-27\/'><img loading=\"lazy\" width=\"1000\" height=\"667\" src=\"https:\/\/autofans.com.ar\/wp-content\/uploads\/2025\/07\/bmw-2-1.jpg\" class=\"attachment-full size-full\" alt=\"BMW M5\" srcset=\"https:\/\/autofans.com.ar\/wp-content\/uploads\/2025\/07\/bmw-2-1.jpg 1000w, https:\/\/autofans.com.ar\/wp-content\/uploads\/2025\/07\/bmw-2-1-300x200.jpg 300w, https:\/\/autofans.com.ar\/wp-content\/uploads\/2025\/07\/bmw-2-1-768x512.jpg 768w\" sizes=\"auto, (max-width: 1000px) 100vw, 1000px\" loading=\"lazy\" decoding=\"async\" \/><\/a>\n\t\t\t<\/div><\/figure><figure class='gallery-item'>\n\t\t\t<div class='gallery-icon landscape'>\n\t\t\t\t<a href='https:\/\/autofans.com.ar\/index.php\/2025\/07\/17\/el-bmw-m5-2025-desembarca-en-argentina\/bmw-4-23\/'><img loading=\"lazy\" width=\"1000\" height=\"667\" src=\"https:\/\/autofans.com.ar\/wp-content\/uploads\/2025\/07\/bmw-4-1.jpg\" class=\"attachment-full size-full\" alt=\"BMW M5\" srcset=\"https:\/\/autofans.com.ar\/wp-content\/uploads\/2025\/07\/bmw-4-1.jpg 1000w, https:\/\/autofans.com.ar\/wp-content\/uploads\/2025\/07\/bmw-4-1-300x200.jpg 300w, https:\/\/autofans.com.ar\/wp-content\/uploads\/2025\/07\/bmw-4-1-768x512.jpg 768w\" sizes=\"auto, (max-width: 1000px) 100vw, 1000px\" loading=\"lazy\" decoding=\"async\" \/><\/a>\n\t\t\t<\/div><\/figure><figure class='gallery-item'>\n\t\t\t<div class='gallery-icon landscape'>\n\t\t\t\t<a href='https:\/\/autofans.com.ar\/index.php\/2025\/07\/17\/el-bmw-m5-2025-desembarca-en-argentina\/bmw-5-21\/'><img loading=\"lazy\" width=\"1000\" height=\"667\" src=\"https:\/\/autofans.com.ar\/wp-content\/uploads\/2025\/07\/bmw-5-1.jpg\" class=\"attachment-full size-full\" alt=\"BMW M5\" srcset=\"https:\/\/autofans.com.ar\/wp-content\/uploads\/2025\/07\/bmw-5-1.jpg 1000w, https:\/\/autofans.com.ar\/wp-content\/uploads\/2025\/07\/bmw-5-1-300x200.jpg 300w, https:\/\/autofans.com.ar\/wp-content\/uploads\/2025\/07\/bmw-5-1-768x512.jpg 768w\" sizes=\"auto, (max-width: 1000px) 100vw, 1000px\" loading=\"lazy\" decoding=\"async\" \/><\/a>\n\t\t\t<\/div><\/figure>\n\t\t<\/div>\n\n<p>&nbsp;<\/p>\n<p class=\"ds-markdown-paragraph\">El sistema M Hybrid del nuevo M5 hereda conocimientos de los prototipos que compiten en el WEC e IMSA. La combinaci\u00f3n del V8 con el motor el\u00e9ctrico no solo mejora la potencia, sino tambi\u00e9n la eficiencia. La transmisi\u00f3n M Steptronic de 8 velocidades y la tracci\u00f3n integral M xDrive (configurable o desactivable en modo 2WD) garantizan un manejo preciso y adaptable.<\/p>\n<p>&nbsp;<\/p>\n<hr \/>\n<div style=\"display: flex; justify-content: center; width: 100%;\">\n<div style=\"display: flex; align-items: center; justify-content: space-between; background: #f0f2f5; padding: 3px 92px; border-radius: 0px; box-shadow: 0 4px 10px rgba(0, 0, 0, 0.08); margin: 24px 0; max-width: 700px;\">\n<div style=\"flex: 1;\"><a style=\"font-size: 18px; color: #921414; font-weight: bold; text-decoration: underline;\" href=\"https:\/\/autofans.com.ar\/wp-content\/uploads\/2025\/07\/Ficha_tecnica_BMW_M5.pdf\" target=\"_blank\" rel=\"noopener\"><br \/>\n\u2192 Ficha T\u00e9cnica BMW M5<br \/>\n<\/a><a style=\"font-size: 18px; color: #007bff; font-weight: 1200; text-decoration: underline;\" href=\"https:\/\/autofans.com.ar\/wp-content\/uploads\/2025\/05\/ftmy26argo-681166d8eb8a6.pdf\" target=\"_blank\" rel=\"noopener\"><br \/>\n<\/a><\/div>\n<div style=\"margin-left: 46px;\"><img fetchpriority=\"high\" decoding=\"async\" class=\"alignright\" style=\"height: 20px; width: auto;\" src=\"https:\/\/autofans.com.ar\/wp-content\/uploads\/2023\/02\/Autofans_600x102_150px5.png\" alt=\"Logo Autofans\" width=\"1200\" height=\"137\" \/><\/div>\n<\/div>\n<\/div>\n<hr \/>\n<p>&nbsp;<\/p>\n<blockquote>\n<p style=\"text-align: center;\">\u201cCon el foco puesto en la deportividad y el alto rendimiento, el nuevo BMW M5 aprovecha los beneficios y la respuesta instant\u00e1nea de la tecnolog\u00eda el\u00e9ctrica para extender las virtudes del temperamental motor V8. Los clientes encontrar\u00e1n en \u00e9l todas las caracter\u00edsticas cl\u00e1sicas de BMW M, con un plus de potencia y aceleraci\u00f3n para atacar los cron\u00f3metros o disfrutar de El placer de conducir\u201d, afirma sobre el modelo Leandro Larregina, Gerente de Ventas y Desarrollo de Red de BMW &amp; MINI.<\/p>\n<\/blockquote>\n<p>&nbsp;<\/p>\n<h2>BMW M5 &#8211; dise\u00f1o y conectividad<\/h2>\n<p>&nbsp;<\/p>\n<div id='gallery-2' class='gallery galleryid-13299 gallery-columns-3 gallery-size-full'><figure class='gallery-item'>\n\t\t\t<div class='gallery-icon landscape'>\n\t\t\t\t<a href='https:\/\/autofans.com.ar\/index.php\/2025\/07\/17\/el-bmw-m5-2025-desembarca-en-argentina\/bmw-blanco-4\/'><img loading=\"lazy\" width=\"1000\" height=\"667\" src=\"https:\/\/autofans.com.ar\/wp-content\/uploads\/2025\/07\/bmw-blanco-4.jpg\" class=\"attachment-full size-full\" alt=\"BMW M5\" srcset=\"https:\/\/autofans.com.ar\/wp-content\/uploads\/2025\/07\/bmw-blanco-4.jpg 1000w, https:\/\/autofans.com.ar\/wp-content\/uploads\/2025\/07\/bmw-blanco-4-300x200.jpg 300w, https:\/\/autofans.com.ar\/wp-content\/uploads\/2025\/07\/bmw-blanco-4-768x512.jpg 768w\" sizes=\"auto, (max-width: 1000px) 100vw, 1000px\" loading=\"lazy\" decoding=\"async\" \/><\/a>\n\t\t\t<\/div><\/figure><figure class='gallery-item'>\n\t\t\t<div class='gallery-icon landscape'>\n\t\t\t\t<a href='https:\/\/autofans.com.ar\/index.php\/2025\/07\/17\/el-bmw-m5-2025-desembarca-en-argentina\/bmw-blanco-2\/'><img loading=\"lazy\" width=\"1000\" height=\"667\" src=\"https:\/\/autofans.com.ar\/wp-content\/uploads\/2025\/07\/bmw-blanco-2.jpg\" class=\"attachment-full size-full\" alt=\"BMW M5\" srcset=\"https:\/\/autofans.com.ar\/wp-content\/uploads\/2025\/07\/bmw-blanco-2.jpg 1000w, https:\/\/autofans.com.ar\/wp-content\/uploads\/2025\/07\/bmw-blanco-2-300x200.jpg 300w, https:\/\/autofans.com.ar\/wp-content\/uploads\/2025\/07\/bmw-blanco-2-768x512.jpg 768w\" sizes=\"auto, (max-width: 1000px) 100vw, 1000px\" loading=\"lazy\" decoding=\"async\" \/><\/a>\n\t\t\t<\/div><\/figure><figure class='gallery-item'>\n\t\t\t<div class='gallery-icon landscape'>\n\t\t\t\t<a href='https:\/\/autofans.com.ar\/index.php\/2025\/07\/17\/el-bmw-m5-2025-desembarca-en-argentina\/bmw-blanco-1\/'><img loading=\"lazy\" width=\"1000\" height=\"667\" src=\"https:\/\/autofans.com.ar\/wp-content\/uploads\/2025\/07\/bmw-blanco-1.jpg\" class=\"attachment-full size-full\" alt=\"BMW M5\" srcset=\"https:\/\/autofans.com.ar\/wp-content\/uploads\/2025\/07\/bmw-blanco-1.jpg 1000w, https:\/\/autofans.com.ar\/wp-content\/uploads\/2025\/07\/bmw-blanco-1-300x200.jpg 300w, https:\/\/autofans.com.ar\/wp-content\/uploads\/2025\/07\/bmw-blanco-1-768x512.jpg 768w\" sizes=\"auto, (max-width: 1000px) 100vw, 1000px\" loading=\"lazy\" decoding=\"async\" \/><\/a>\n\t\t\t<\/div><\/figure>\n\t\t<\/div>\n\n<p>&nbsp;<\/p>\n<p class=\"ds-markdown-paragraph\">Aunque el enfoque est\u00e1 en el rendimiento, el M5 no descuida el apartado tecnol\u00f3gico. Incluye pantallas digitales avanzadas, asistencia a la conducci\u00f3n y conectividad mejorada, manteniendo el ADN deportivo de BMW M.<\/p>\n<p>&nbsp;<\/p>\n<p>&nbsp;<\/p>\n<p>&nbsp;<\/p>\n<p><i>Para enterarte de m\u00e1s novedades, no dejes de leer\u00a0<\/i><a href=\"https:\/\/autofans.thebrandsoup.com\/\"><i>nuestras notas<\/i><\/a><i>, de ver\u00a0<\/i><a href=\"https:\/\/www.youtube.com\/channel\/UCgAC8UGHZYbT6P7PpmVnP7g\"><i>AUTOFANS TV<\/i><\/a><i>\u00a0en nuestro\u00a0canal de Youtube. Adem\u00e1s seguinos en\u00a0<\/i><a href=\"https:\/\/www.instagram.com\/autofanstv\/\"><i>INSTAGRAM<\/i><\/a><i> y <\/i><a href=\"https:\/\/www.facebook.com\/autofansmas\/\"><i>FACEBOOK<\/i><\/a><i> para no perderte nada sobre las novedades del segmento automotor de Argentina y el mundo.<\/i><\/p>\n","protected":false},"excerpt":{"rendered":"<p>La s\u00e9ptima generaci\u00f3n del BMW M5 marca un hito: es el primer modelo de la&#8230;<\/p>\n","protected":false},"author":2,"featured_media":13302,"comment_status":"closed","ping_status":"closed","sticky":false,"template":"","format":"standard","meta":{"footnotes":""},"categories":[341,1],"tags":[7026,154,7030,7028,7025,7027,719,7029],"class_list":["post-13299","post","type-post","status-publish","format-standard","has-post-thumbnail","hentry","category-hibridos-y-electricos","category-lanzamientos","tag-auto-hibrido-deportivo","tag-autos-de-alta-gama","tag-autos-veloces","tag-bmw-m-hybrid","tag-bmw-m5-2025","tag-sedan-de-lujo-argentina","tag-tecnologia-automotriz","tag-v8-twinpower-turbo"],"yoast_head":"<!-- This site is optimized with the Yoast SEO plugin v27.5 - https:\/\/yoast.com\/product\/yoast-seo-wordpress\/ -->\n<title>El BMW M5 2025 desembarca en Argentina -<\/title>\n<meta name=\"description\" content=\"La s\u00e9ptima generaci\u00f3n del BMW M5 marca un hito: es el primer modelo de la serie M en adoptar una propulsi\u00f3n h\u00edbrida enchufable...\" \/>\n<meta name=\"robots\" content=\"index, follow, max-snippet:-1, max-image-preview:large, max-video-preview:-1\" \/>\n<link rel=\"canonical\" href=\"https:\/\/autofans.com.ar\/index.php\/2025\/07\/17\/el-bmw-m5-2025-desembarca-en-argentina\/\" \/>\n<meta property=\"og:locale\" content=\"es_ES\" \/>\n<meta property=\"og:type\" content=\"article\" \/>\n<meta property=\"og:title\" content=\"El BMW M5 2025 desembarca en Argentina -\" \/>\n<meta property=\"og:description\" content=\"La s\u00e9ptima generaci\u00f3n del BMW M5 marca un hito: es el primer modelo de la serie M en adoptar una propulsi\u00f3n h\u00edbrida enchufable...\" \/>\n<meta property=\"og:url\" content=\"https:\/\/autofans.com.ar\/index.php\/2025\/07\/17\/el-bmw-m5-2025-desembarca-en-argentina\/\" \/>\n<meta property=\"article:published_time\" content=\"2025-07-17T16:39:17+00:00\" \/>\n<meta property=\"og:image\" content=\"https:\/\/autofans.com.ar\/wp-content\/uploads\/2025\/07\/bmw-3-1.jpg\" \/>\n\t<meta property=\"og:image:width\" content=\"1000\" \/>\n\t<meta property=\"og:image:height\" content=\"667\" \/>\n\t<meta property=\"og:image:type\" content=\"image\/jpeg\" \/>\n<meta name=\"author\" content=\"Alejandro Gabriel Rosito\" \/>\n<meta name=\"twitter:card\" content=\"summary_large_image\" \/>\n<meta name=\"twitter:label1\" content=\"Escrito por\" \/>\n\t<meta name=\"twitter:data1\" content=\"Alejandro Gabriel Rosito\" \/>\n\t<meta name=\"twitter:label2\" content=\"Tiempo de lectura\" \/>\n\t<meta name=\"twitter:data2\" content=\"2 minutos\" \/>\n<script type=\"application\/ld+json\" class=\"yoast-schema-graph\">{\"@context\":\"https:\\\/\\\/schema.org\",\"@graph\":[{\"@type\":\"Article\",\"@id\":\"https:\\\/\\\/autofans.com.ar\\\/index.php\\\/2025\\\/07\\\/17\\\/el-bmw-m5-2025-desembarca-en-argentina\\\/#article\",\"isPartOf\":{\"@id\":\"https:\\\/\\\/autofans.com.ar\\\/index.php\\\/2025\\\/07\\\/17\\\/el-bmw-m5-2025-desembarca-en-argentina\\\/\"},\"author\":{\"name\":\"Alejandro Gabriel Rosito\",\"@id\":\"https:\\\/\\\/autofans.com.ar\\\/#\\\/schema\\\/person\\\/4a8dda0b6df83ac3d6723e921274c2aa\"},\"headline\":\"El BMW M5 2025 desembarca en Argentina\",\"datePublished\":\"2025-07-17T16:39:17+00:00\",\"mainEntityOfPage\":{\"@id\":\"https:\\\/\\\/autofans.com.ar\\\/index.php\\\/2025\\\/07\\\/17\\\/el-bmw-m5-2025-desembarca-en-argentina\\\/\"},\"wordCount\":417,\"image\":{\"@id\":\"https:\\\/\\\/autofans.com.ar\\\/index.php\\\/2025\\\/07\\\/17\\\/el-bmw-m5-2025-desembarca-en-argentina\\\/#primaryimage\"},\"thumbnailUrl\":\"https:\\\/\\\/autofans.com.ar\\\/wp-content\\\/uploads\\\/2025\\\/07\\\/bmw-3-1.jpg\",\"keywords\":[\"auto h\u00edbrido deportivo\",\"autos de alta gama\",\"autos veloces\",\"BMW M Hybrid\",\"BMW M5 2025\",\"sed\u00e1n de lujo argentina\",\"Tecnolog\u00eda automotriz\",\"V8 TwinPower Turbo\"],\"articleSection\":[\"HIBRIDOS, ELECTRICOS y otros\",\"LANZAMIENTOS\"],\"inLanguage\":\"es\"},{\"@type\":\"WebPage\",\"@id\":\"https:\\\/\\\/autofans.com.ar\\\/index.php\\\/2025\\\/07\\\/17\\\/el-bmw-m5-2025-desembarca-en-argentina\\\/\",\"url\":\"https:\\\/\\\/autofans.com.ar\\\/index.php\\\/2025\\\/07\\\/17\\\/el-bmw-m5-2025-desembarca-en-argentina\\\/\",\"name\":\"El BMW M5 2025 desembarca en Argentina -\",\"isPartOf\":{\"@id\":\"https:\\\/\\\/autofans.com.ar\\\/#website\"},\"primaryImageOfPage\":{\"@id\":\"https:\\\/\\\/autofans.com.ar\\\/index.php\\\/2025\\\/07\\\/17\\\/el-bmw-m5-2025-desembarca-en-argentina\\\/#primaryimage\"},\"image\":{\"@id\":\"https:\\\/\\\/autofans.com.ar\\\/index.php\\\/2025\\\/07\\\/17\\\/el-bmw-m5-2025-desembarca-en-argentina\\\/#primaryimage\"},\"thumbnailUrl\":\"https:\\\/\\\/autofans.com.ar\\\/wp-content\\\/uploads\\\/2025\\\/07\\\/bmw-3-1.jpg\",\"datePublished\":\"2025-07-17T16:39:17+00:00\",\"author\":{\"@id\":\"https:\\\/\\\/autofans.com.ar\\\/#\\\/schema\\\/person\\\/4a8dda0b6df83ac3d6723e921274c2aa\"},\"description\":\"La s\u00e9ptima generaci\u00f3n del BMW M5 marca un hito: es el primer modelo de la serie M en adoptar una propulsi\u00f3n h\u00edbrida enchufable...\",\"breadcrumb\":{\"@id\":\"https:\\\/\\\/autofans.com.ar\\\/index.php\\\/2025\\\/07\\\/17\\\/el-bmw-m5-2025-desembarca-en-argentina\\\/#breadcrumb\"},\"inLanguage\":\"es\",\"potentialAction\":[{\"@type\":\"ReadAction\",\"target\":[\"https:\\\/\\\/autofans.com.ar\\\/index.php\\\/2025\\\/07\\\/17\\\/el-bmw-m5-2025-desembarca-en-argentina\\\/\"]}]},{\"@type\":\"ImageObject\",\"inLanguage\":\"es\",\"@id\":\"https:\\\/\\\/autofans.com.ar\\\/index.php\\\/2025\\\/07\\\/17\\\/el-bmw-m5-2025-desembarca-en-argentina\\\/#primaryimage\",\"url\":\"https:\\\/\\\/autofans.com.ar\\\/wp-content\\\/uploads\\\/2025\\\/07\\\/bmw-3-1.jpg\",\"contentUrl\":\"https:\\\/\\\/autofans.com.ar\\\/wp-content\\\/uploads\\\/2025\\\/07\\\/bmw-3-1.jpg\",\"width\":1000,\"height\":667,\"caption\":\"BMW M5\"},{\"@type\":\"BreadcrumbList\",\"@id\":\"https:\\\/\\\/autofans.com.ar\\\/index.php\\\/2025\\\/07\\\/17\\\/el-bmw-m5-2025-desembarca-en-argentina\\\/#breadcrumb\",\"itemListElement\":[{\"@type\":\"ListItem\",\"position\":1,\"name\":\"Inicio\",\"item\":\"https:\\\/\\\/autofans.com.ar\\\/\"},{\"@type\":\"ListItem\",\"position\":2,\"name\":\"El BMW M5 2025 desembarca en Argentina\"}]},{\"@type\":\"WebSite\",\"@id\":\"https:\\\/\\\/autofans.com.ar\\\/#website\",\"url\":\"https:\\\/\\\/autofans.com.ar\\\/\",\"name\":\"\",\"description\":\"El multimedio referente de la industria automotriz\",\"potentialAction\":[{\"@type\":\"SearchAction\",\"target\":{\"@type\":\"EntryPoint\",\"urlTemplate\":\"https:\\\/\\\/autofans.com.ar\\\/?s={search_term_string}\"},\"query-input\":{\"@type\":\"PropertyValueSpecification\",\"valueRequired\":true,\"valueName\":\"search_term_string\"}}],\"inLanguage\":\"es\"},{\"@type\":\"Person\",\"@id\":\"https:\\\/\\\/autofans.com.ar\\\/#\\\/schema\\\/person\\\/4a8dda0b6df83ac3d6723e921274c2aa\",\"name\":\"Alejandro Gabriel Rosito\",\"image\":{\"@type\":\"ImageObject\",\"inLanguage\":\"es\",\"@id\":\"https:\\\/\\\/secure.gravatar.com\\\/avatar\\\/16c5dda1489adfc62618084dcbb91cffd879c374b13fe5dd8e44ed6733852c88?s=96&d=mm&r=g\",\"url\":\"https:\\\/\\\/secure.gravatar.com\\\/avatar\\\/16c5dda1489adfc62618084dcbb91cffd879c374b13fe5dd8e44ed6733852c88?s=96&d=mm&r=g\",\"contentUrl\":\"https:\\\/\\\/secure.gravatar.com\\\/avatar\\\/16c5dda1489adfc62618084dcbb91cffd879c374b13fe5dd8e44ed6733852c88?s=96&d=mm&r=g\",\"caption\":\"Alejandro Gabriel Rosito\"},\"url\":\"https:\\\/\\\/autofans.com.ar\\\/index.php\\\/author\\\/gabrielr\\\/\"}]}<\/script>\n<!-- \/ Yoast SEO plugin. -->","yoast_head_json":{"title":"El BMW M5 2025 desembarca en Argentina -","description":"La s\u00e9ptima generaci\u00f3n del BMW M5 marca un hito: es el primer modelo de la serie M en adoptar una propulsi\u00f3n h\u00edbrida enchufable...","robots":{"index":"index","follow":"follow","max-snippet":"max-snippet:-1","max-image-preview":"max-image-preview:large","max-video-preview":"max-video-preview:-1"},"canonical":"https:\/\/autofans.com.ar\/index.php\/2025\/07\/17\/el-bmw-m5-2025-desembarca-en-argentina\/","og_locale":"es_ES","og_type":"article","og_title":"El BMW M5 2025 desembarca en Argentina -","og_description":"La s\u00e9ptima generaci\u00f3n del BMW M5 marca un hito: es el primer modelo de la serie M en adoptar una propulsi\u00f3n h\u00edbrida enchufable...","og_url":"https:\/\/autofans.com.ar\/index.php\/2025\/07\/17\/el-bmw-m5-2025-desembarca-en-argentina\/","article_published_time":"2025-07-17T16:39:17+00:00","og_image":[{"width":1000,"height":667,"url":"https:\/\/autofans.com.ar\/wp-content\/uploads\/2025\/07\/bmw-3-1.jpg","type":"image\/jpeg"}],"author":"Alejandro Gabriel Rosito","twitter_card":"summary_large_image","twitter_misc":{"Escrito por":"Alejandro Gabriel Rosito","Tiempo de lectura":"2 minutos"},"schema":{"@context":"https:\/\/schema.org","@graph":[{"@type":"Article","@id":"https:\/\/autofans.com.ar\/index.php\/2025\/07\/17\/el-bmw-m5-2025-desembarca-en-argentina\/#article","isPartOf":{"@id":"https:\/\/autofans.com.ar\/index.php\/2025\/07\/17\/el-bmw-m5-2025-desembarca-en-argentina\/"},"author":{"name":"Alejandro Gabriel Rosito","@id":"https:\/\/autofans.com.ar\/#\/schema\/person\/4a8dda0b6df83ac3d6723e921274c2aa"},"headline":"El BMW M5 2025 desembarca en Argentina","datePublished":"2025-07-17T16:39:17+00:00","mainEntityOfPage":{"@id":"https:\/\/autofans.com.ar\/index.php\/2025\/07\/17\/el-bmw-m5-2025-desembarca-en-argentina\/"},"wordCount":417,"image":{"@id":"https:\/\/autofans.com.ar\/index.php\/2025\/07\/17\/el-bmw-m5-2025-desembarca-en-argentina\/#primaryimage"},"thumbnailUrl":"https:\/\/autofans.com.ar\/wp-content\/uploads\/2025\/07\/bmw-3-1.jpg","keywords":["auto h\u00edbrido deportivo","autos de alta gama","autos veloces","BMW M Hybrid","BMW M5 2025","sed\u00e1n de lujo argentina","Tecnolog\u00eda automotriz","V8 TwinPower Turbo"],"articleSection":["HIBRIDOS, ELECTRICOS y otros","LANZAMIENTOS"],"inLanguage":"es"},{"@type":"WebPage","@id":"https:\/\/autofans.com.ar\/index.php\/2025\/07\/17\/el-bmw-m5-2025-desembarca-en-argentina\/","url":"https:\/\/autofans.com.ar\/index.php\/2025\/07\/17\/el-bmw-m5-2025-desembarca-en-argentina\/","name":"El BMW M5 2025 desembarca en Argentina -","isPartOf":{"@id":"https:\/\/autofans.com.ar\/#website"},"primaryImageOfPage":{"@id":"https:\/\/autofans.com.ar\/index.php\/2025\/07\/17\/el-bmw-m5-2025-desembarca-en-argentina\/#primaryimage"},"image":{"@id":"https:\/\/autofans.com.ar\/index.php\/2025\/07\/17\/el-bmw-m5-2025-desembarca-en-argentina\/#primaryimage"},"thumbnailUrl":"https:\/\/autofans.com.ar\/wp-content\/uploads\/2025\/07\/bmw-3-1.jpg","datePublished":"2025-07-17T16:39:17+00:00","author":{"@id":"https:\/\/autofans.com.ar\/#\/schema\/person\/4a8dda0b6df83ac3d6723e921274c2aa"},"description":"La s\u00e9ptima generaci\u00f3n del BMW M5 marca un hito: es el primer modelo de la serie M en adoptar una propulsi\u00f3n h\u00edbrida enchufable...","breadcrumb":{"@id":"https:\/\/autofans.com.ar\/index.php\/2025\/07\/17\/el-bmw-m5-2025-desembarca-en-argentina\/#breadcrumb"},"inLanguage":"es","potentialAction":[{"@type":"ReadAction","target":["https:\/\/autofans.com.ar\/index.php\/2025\/07\/17\/el-bmw-m5-2025-desembarca-en-argentina\/"]}]},{"@type":"ImageObject","inLanguage":"es","@id":"https:\/\/autofans.com.ar\/index.php\/2025\/07\/17\/el-bmw-m5-2025-desembarca-en-argentina\/#primaryimage","url":"https:\/\/autofans.com.ar\/wp-content\/uploads\/2025\/07\/bmw-3-1.jpg","contentUrl":"https:\/\/autofans.com.ar\/wp-content\/uploads\/2025\/07\/bmw-3-1.jpg","width":1000,"height":667,"caption":"BMW M5"},{"@type":"BreadcrumbList","@id":"https:\/\/autofans.com.ar\/index.php\/2025\/07\/17\/el-bmw-m5-2025-desembarca-en-argentina\/#breadcrumb","itemListElement":[{"@type":"ListItem","position":1,"name":"Inicio","item":"https:\/\/autofans.com.ar\/"},{"@type":"ListItem","position":2,"name":"El BMW M5 2025 desembarca en Argentina"}]},{"@type":"WebSite","@id":"https:\/\/autofans.com.ar\/#website","url":"https:\/\/autofans.com.ar\/","name":"","description":"El multimedio referente de la industria automotriz","potentialAction":[{"@type":"SearchAction","target":{"@type":"EntryPoint","urlTemplate":"https:\/\/autofans.com.ar\/?s={search_term_string}"},"query-input":{"@type":"PropertyValueSpecification","valueRequired":true,"valueName":"search_term_string"}}],"inLanguage":"es"},{"@type":"Person","@id":"https:\/\/autofans.com.ar\/#\/schema\/person\/4a8dda0b6df83ac3d6723e921274c2aa","name":"Alejandro Gabriel Rosito","image":{"@type":"ImageObject","inLanguage":"es","@id":"https:\/\/secure.gravatar.com\/avatar\/16c5dda1489adfc62618084dcbb91cffd879c374b13fe5dd8e44ed6733852c88?s=96&d=mm&r=g","url":"https:\/\/secure.gravatar.com\/avatar\/16c5dda1489adfc62618084dcbb91cffd879c374b13fe5dd8e44ed6733852c88?s=96&d=mm&r=g","contentUrl":"https:\/\/secure.gravatar.com\/avatar\/16c5dda1489adfc62618084dcbb91cffd879c374b13fe5dd8e44ed6733852c88?s=96&d=mm&r=g","caption":"Alejandro Gabriel Rosito"},"url":"https:\/\/autofans.com.ar\/index.php\/author\/gabrielr\/"}]}},"featured_image_urls":{"full":["https:\/\/autofans.com.ar\/wp-content\/uploads\/2025\/07\/bmw-3-1.jpg",1000,667,false],"thumbnail":["https:\/\/autofans.com.ar\/wp-content\/uploads\/2025\/07\/bmw-3-1-150x150.jpg",150,150,true],"medium":["https:\/\/autofans.com.ar\/wp-content\/uploads\/2025\/07\/bmw-3-1-300x200.jpg",300,200,true],"medium_large":["https:\/\/autofans.com.ar\/wp-content\/uploads\/2025\/07\/bmw-3-1-768x512.jpg",640,427,true],"large":["https:\/\/autofans.com.ar\/wp-content\/uploads\/2025\/07\/bmw-3-1.jpg",640,427,false],"1536x1536":["https:\/\/autofans.com.ar\/wp-content\/uploads\/2025\/07\/bmw-3-1.jpg",1000,667,false],"2048x2048":["https:\/\/autofans.com.ar\/wp-content\/uploads\/2025\/07\/bmw-3-1.jpg",1000,667,false],"covernews-featured":["https:\/\/autofans.com.ar\/wp-content\/uploads\/2025\/07\/bmw-3-1.jpg",1000,667,false],"covernews-medium":["https:\/\/autofans.com.ar\/wp-content\/uploads\/2025\/07\/bmw-3-1-540x340.jpg",540,340,true]},"author_info":{"display_name":"Alejandro Gabriel Rosito","author_link":"https:\/\/autofans.com.ar\/index.php\/author\/gabrielr\/"},"category_info":"<a href=\"https:\/\/autofans.com.ar\/index.php\/category\/noticias\/hibridos-y-electricos\/\" rel=\"category tag\">HIBRIDOS, ELECTRICOS y otros<\/a> <a href=\"https:\/\/autofans.com.ar\/index.php\/category\/lanzamientos\/\" rel=\"category tag\">LANZAMIENTOS<\/a>","tag_info":"LANZAMIENTOS","comment_count":0,"_links":{"self":[{"href":"https:\/\/autofans.com.ar\/index.php\/wp-json\/wp\/v2\/posts\/13299","targetHints":{"allow":["GET"]}}],"collection":[{"href":"https:\/\/autofans.com.ar\/index.php\/wp-json\/wp\/v2\/posts"}],"about":[{"href":"https:\/\/autofans.com.ar\/index.php\/wp-json\/wp\/v2\/types\/post"}],"author":[{"embeddable":true,"href":"https:\/\/autofans.com.ar\/index.php\/wp-json\/wp\/v2\/users\/2"}],"replies":[{"embeddable":true,"href":"https:\/\/autofans.com.ar\/index.php\/wp-json\/wp\/v2\/comments?post=13299"}],"version-history":[{"count":2,"href":"https:\/\/autofans.com.ar\/index.php\/wp-json\/wp\/v2\/posts\/13299\/revisions"}],"predecessor-version":[{"id":13312,"href":"https:\/\/autofans.com.ar\/index.php\/wp-json\/wp\/v2\/posts\/13299\/revisions\/13312"}],"wp:featuredmedia":[{"embeddable":true,"href":"https:\/\/autofans.com.ar\/index.php\/wp-json\/wp\/v2\/media\/13302"}],"wp:attachment":[{"href":"https:\/\/autofans.com.ar\/index.php\/wp-json\/wp\/v2\/media?parent=13299"}],"wp:term":[{"taxonomy":"category","embeddable":true,"href":"https:\/\/autofans.com.ar\/index.php\/wp-json\/wp\/v2\/categories?post=13299"},{"taxonomy":"post_tag","embeddable":true,"href":"https:\/\/autofans.com.ar\/index.php\/wp-json\/wp\/v2\/tags?post=13299"}],"curies":[{"name":"wp","href":"https:\/\/api.w.org\/{rel}","templated":true}]}}