{"id":13323,"date":"2025-07-18T17:36:48","date_gmt":"2025-07-18T20:36:48","guid":{"rendered":"https:\/\/autofans.com.ar\/?p=13323"},"modified":"2025-07-18T17:36:48","modified_gmt":"2025-07-18T20:36:48","slug":"ram-doers-historias-que-inspiran-accion","status":"publish","type":"post","link":"https:\/\/autofans.com.ar\/index.php\/2025\/07\/18\/ram-doers-historias-que-inspiran-accion\/","title":{"rendered":"RAM DOERS, historias que inspiran acci\u00f3n"},"content":{"rendered":"<p class=\"ds-markdown-paragraph\">Bajo el lema \u00abRAM Does That\u00bb, la marca estren\u00f3 DOERS, una plataforma de comunicaci\u00f3n que pone el foco en personas que no esperan soluciones, sino que las crean. Protagonizada por referentes como Andr\u00e9s Sorzana y Patrick Steverlynck, la serie refleja valores como resiliencia, acci\u00f3n y potencia, pilares de la identidad RAM.<\/p>\n<p>&nbsp;<\/p>\n<h2>RAM DOERS &#8211; historias que impulsan<\/h2>\n<p>&nbsp;<\/p>\n<div id='gallery-1' class='gallery galleryid-13323 gallery-columns-2 gallery-size-full'><figure class='gallery-item'>\n\t\t\t<div class='gallery-icon landscape'>\n\t\t\t\t<a href='https:\/\/autofans.com.ar\/index.php\/2025\/07\/18\/ram-doers-historias-que-inspiran-accion\/ram-2-12\/'><img loading=\"lazy\" width=\"1000\" height=\"667\" src=\"https:\/\/autofans.com.ar\/wp-content\/uploads\/2025\/07\/ram-2-1.jpg\" class=\"attachment-full size-full\" alt=\"RAM DOERS\" srcset=\"https:\/\/autofans.com.ar\/wp-content\/uploads\/2025\/07\/ram-2-1.jpg 1000w, https:\/\/autofans.com.ar\/wp-content\/uploads\/2025\/07\/ram-2-1-300x200.jpg 300w, https:\/\/autofans.com.ar\/wp-content\/uploads\/2025\/07\/ram-2-1-768x512.jpg 768w\" sizes=\"auto, (max-width: 1000px) 100vw, 1000px\" loading=\"lazy\" decoding=\"async\" \/><\/a>\n\t\t\t<\/div><\/figure><figure class='gallery-item'>\n\t\t\t<div class='gallery-icon landscape'>\n\t\t\t\t<a href='https:\/\/autofans.com.ar\/index.php\/2025\/07\/18\/ram-doers-historias-que-inspiran-accion\/ram-1-12\/'><img loading=\"lazy\" width=\"1000\" height=\"667\" src=\"https:\/\/autofans.com.ar\/wp-content\/uploads\/2025\/07\/ram-1-1.jpg\" class=\"attachment-full size-full\" alt=\"RAM DOERS\" srcset=\"https:\/\/autofans.com.ar\/wp-content\/uploads\/2025\/07\/ram-1-1.jpg 1000w, https:\/\/autofans.com.ar\/wp-content\/uploads\/2025\/07\/ram-1-1-300x200.jpg 300w, https:\/\/autofans.com.ar\/wp-content\/uploads\/2025\/07\/ram-1-1-768x512.jpg 768w\" sizes=\"auto, (max-width: 1000px) 100vw, 1000px\" loading=\"lazy\" decoding=\"async\" \/><\/a>\n\t\t\t<\/div><\/figure>\n\t\t<\/div>\n\n<p>&nbsp;<\/p>\n<ul>\n<li>\n<p class=\"ds-markdown-paragraph\">Andr\u00e9s Sorzana: Dise\u00f1ador textil y emprendedor patag\u00f3nico, usa su RAM 2500 para transportar materiales y caballos por rutas desafiantes, demostrando que la funcionalidad y el dise\u00f1o van de la mano.<\/p>\n<\/li>\n<li>\n<p class=\"ds-markdown-paragraph\">Patrick Steverlynck: Cofundador del Lago Hermoso Sky Resort, recorre terrenos complejos con su RAM 1500 para ofrecer experiencias \u00fanicas en la Patagonia.<\/p>\n<\/li>\n<\/ul>\n<p>&nbsp;<\/p>\n<blockquote>\n<p style=\"text-align: center;\">\u201cRAM DOERS representa la filosof\u00eda de la marca, su forma de pensar y hacer, a trav\u00e9s de gente que no se detiene por nada, que son hacedores, que tienen ideas, las ponen en practica. Y RAM esta ah\u00ed para ayudarlos\u201d Sebasti\u00e1n Gim\u00e9nez Director de Marketing Office para Stellantis South America.<\/p>\n<\/blockquote>\n<p>&nbsp;<\/p>\n<h2>M\u00e1s que una campa\u00f1a &#8211; un estilo de vida<\/h2>\n<p>&nbsp;<\/p>\n<div id='gallery-2' class='gallery galleryid-13323 gallery-columns-2 gallery-size-full'><figure class='gallery-item'>\n\t\t\t<div class='gallery-icon landscape'>\n\t\t\t\t<a href='https:\/\/autofans.com.ar\/index.php\/2025\/07\/18\/ram-doers-historias-que-inspiran-accion\/ram-3-12\/'><img loading=\"lazy\" width=\"1000\" height=\"667\" src=\"https:\/\/autofans.com.ar\/wp-content\/uploads\/2025\/07\/ram-3-1.jpg\" class=\"attachment-full size-full\" alt=\"RAM DOERS\" srcset=\"https:\/\/autofans.com.ar\/wp-content\/uploads\/2025\/07\/ram-3-1.jpg 1000w, https:\/\/autofans.com.ar\/wp-content\/uploads\/2025\/07\/ram-3-1-300x200.jpg 300w, https:\/\/autofans.com.ar\/wp-content\/uploads\/2025\/07\/ram-3-1-768x512.jpg 768w\" sizes=\"auto, (max-width: 1000px) 100vw, 1000px\" loading=\"lazy\" decoding=\"async\" \/><\/a>\n\t\t\t<\/div><\/figure><figure class='gallery-item'>\n\t\t\t<div class='gallery-icon landscape'>\n\t\t\t\t<a href='https:\/\/autofans.com.ar\/index.php\/2025\/07\/18\/ram-doers-historias-que-inspiran-accion\/ram-4-8\/'><img loading=\"lazy\" width=\"1000\" height=\"667\" src=\"https:\/\/autofans.com.ar\/wp-content\/uploads\/2025\/07\/ram-4.jpg\" class=\"attachment-full size-full\" alt=\"RAM DOERS\" srcset=\"https:\/\/autofans.com.ar\/wp-content\/uploads\/2025\/07\/ram-4.jpg 1000w, https:\/\/autofans.com.ar\/wp-content\/uploads\/2025\/07\/ram-4-300x200.jpg 300w, https:\/\/autofans.com.ar\/wp-content\/uploads\/2025\/07\/ram-4-768x512.jpg 768w\" sizes=\"auto, (max-width: 1000px) 100vw, 1000px\" loading=\"lazy\" decoding=\"async\" \/><\/a>\n\t\t\t<\/div><\/figure>\n\t\t<\/div>\n\n<p>&nbsp;<\/p>\n<p class=\"ds-markdown-paragraph\">DOERS no se limita a promocionar veh\u00edculos; es un homenaje a quienes act\u00faan. Con contenido original y perfiles inspiradores, RAM reafirma su compromiso con un p\u00fablico que elige superar l\u00edmites.<\/p>\n<p class=\"ds-markdown-paragraph\">Mir\u00e1 los episodios en el <strong><a href=\"https:\/\/www.youtube.com\/@CanalRamArgentina\" target=\"_blank\" rel=\"noopener noreferrer\">Canal de YouTube de RAM Argentina<\/a>.<\/strong><\/p>\n<p>&nbsp;<\/p>\n<p>&nbsp;<\/p>\n<p><i>Para enterarte de m\u00e1s novedades, no dejes de leer\u00a0<\/i><a href=\"https:\/\/autofans.thebrandsoup.com\/\"><i>nuestras notas<\/i><\/a><i>, de ver\u00a0<\/i><a href=\"https:\/\/www.youtube.com\/channel\/UCgAC8UGHZYbT6P7PpmVnP7g\"><i>AUTOFANS TV<\/i><\/a><i>\u00a0en nuestro\u00a0canal de Youtube. Adem\u00e1s seguinos en\u00a0<\/i><a href=\"https:\/\/www.instagram.com\/autofanstv\/\"><i>INSTAGRAM<\/i><\/a><i> y <\/i><a href=\"https:\/\/www.facebook.com\/autofansmas\/\"><i>FACEBOOK<\/i><\/a><i> para no perderte nada sobre las novedades del segmento automotor de Argentina y el mundo.<\/i><\/p>\n","protected":false},"excerpt":{"rendered":"<p>Bajo el lema \u00abRAM Does That\u00bb, la marca estren\u00f3 DOERS, una plataforma de comunicaci\u00f3n que&#8230;<\/p>\n","protected":false},"author":2,"featured_media":13324,"comment_status":"closed","ping_status":"closed","sticky":false,"template":"","format":"standard","meta":{"footnotes":""},"categories":[16,5],"tags":[7033,7032,7036,7035,564,7034,2068,2069,1729],"class_list":["post-13323","post","type-post","status-publish","format-standard","has-post-thumbnail","hentry","category-noticias","category-otros","tag-branded-content","tag-doers","tag-emprendedores-argentinos","tag-historias-inspiradoras","tag-marketing-automotriz","tag-pickups-ram","tag-ram-1500","tag-ram-2500","tag-ram-argentina"],"yoast_head":"<!-- This site is optimized with the Yoast SEO plugin v27.5 - https:\/\/yoast.com\/product\/yoast-seo-wordpress\/ -->\n<title>RAM DOERS, historias que inspiran acci\u00f3n -<\/title>\n<meta name=\"description\" content=\"Bajo el lema &quot;RAM Does That&quot;, la marca estren\u00f3 DOERS, una plataforma de comunicaci\u00f3n que pone el foco en personas que no esperan soluciones.\" \/>\n<meta name=\"robots\" content=\"index, follow, max-snippet:-1, max-image-preview:large, max-video-preview:-1\" \/>\n<link rel=\"canonical\" href=\"https:\/\/autofans.com.ar\/index.php\/2025\/07\/18\/ram-doers-historias-que-inspiran-accion\/\" \/>\n<meta property=\"og:locale\" content=\"es_ES\" \/>\n<meta property=\"og:type\" content=\"article\" \/>\n<meta property=\"og:title\" content=\"RAM DOERS, historias que inspiran acci\u00f3n -\" \/>\n<meta property=\"og:description\" content=\"Bajo el lema &quot;RAM Does That&quot;, la marca estren\u00f3 DOERS, una plataforma de comunicaci\u00f3n que pone el foco en personas que no esperan soluciones.\" \/>\n<meta property=\"og:url\" content=\"https:\/\/autofans.com.ar\/index.php\/2025\/07\/18\/ram-doers-historias-que-inspiran-accion\/\" \/>\n<meta property=\"article:published_time\" content=\"2025-07-18T20:36:48+00:00\" \/>\n<meta property=\"og:image\" content=\"https:\/\/autofans.com.ar\/wp-content\/uploads\/2025\/07\/ram-5.jpg\" \/>\n\t<meta property=\"og:image:width\" content=\"1000\" \/>\n\t<meta property=\"og:image:height\" content=\"667\" \/>\n\t<meta property=\"og:image:type\" content=\"image\/jpeg\" \/>\n<meta name=\"author\" content=\"Alejandro Gabriel Rosito\" \/>\n<meta name=\"twitter:card\" content=\"summary_large_image\" \/>\n<meta name=\"twitter:label1\" content=\"Escrito por\" \/>\n\t<meta name=\"twitter:data1\" content=\"Alejandro Gabriel Rosito\" \/>\n\t<meta name=\"twitter:label2\" content=\"Tiempo de lectura\" \/>\n\t<meta name=\"twitter:data2\" content=\"2 minutos\" \/>\n<script type=\"application\/ld+json\" class=\"yoast-schema-graph\">{\"@context\":\"https:\\\/\\\/schema.org\",\"@graph\":[{\"@type\":\"Article\",\"@id\":\"https:\\\/\\\/autofans.com.ar\\\/index.php\\\/2025\\\/07\\\/18\\\/ram-doers-historias-que-inspiran-accion\\\/#article\",\"isPartOf\":{\"@id\":\"https:\\\/\\\/autofans.com.ar\\\/index.php\\\/2025\\\/07\\\/18\\\/ram-doers-historias-que-inspiran-accion\\\/\"},\"author\":{\"name\":\"Alejandro Gabriel Rosito\",\"@id\":\"https:\\\/\\\/autofans.com.ar\\\/#\\\/schema\\\/person\\\/4a8dda0b6df83ac3d6723e921274c2aa\"},\"headline\":\"RAM DOERS, historias que inspiran acci\u00f3n\",\"datePublished\":\"2025-07-18T20:36:48+00:00\",\"mainEntityOfPage\":{\"@id\":\"https:\\\/\\\/autofans.com.ar\\\/index.php\\\/2025\\\/07\\\/18\\\/ram-doers-historias-que-inspiran-accion\\\/\"},\"wordCount\":293,\"image\":{\"@id\":\"https:\\\/\\\/autofans.com.ar\\\/index.php\\\/2025\\\/07\\\/18\\\/ram-doers-historias-que-inspiran-accion\\\/#primaryimage\"},\"thumbnailUrl\":\"https:\\\/\\\/autofans.com.ar\\\/wp-content\\\/uploads\\\/2025\\\/07\\\/ram-5.jpg\",\"keywords\":[\"branded content\",\"DOERS\",\"emprendedores argentinos\",\"historias inspiradoras\",\"marketing automotriz\",\"pickups RAM\",\"RAM 1500\",\"RAM 2500\",\"Ram Argentina\"],\"articleSection\":[\"NOTICIAS\",\"PICK UPs, UTILITARIOS Y OTROS\"],\"inLanguage\":\"es\"},{\"@type\":\"WebPage\",\"@id\":\"https:\\\/\\\/autofans.com.ar\\\/index.php\\\/2025\\\/07\\\/18\\\/ram-doers-historias-que-inspiran-accion\\\/\",\"url\":\"https:\\\/\\\/autofans.com.ar\\\/index.php\\\/2025\\\/07\\\/18\\\/ram-doers-historias-que-inspiran-accion\\\/\",\"name\":\"RAM DOERS, historias que inspiran acci\u00f3n -\",\"isPartOf\":{\"@id\":\"https:\\\/\\\/autofans.com.ar\\\/#website\"},\"primaryImageOfPage\":{\"@id\":\"https:\\\/\\\/autofans.com.ar\\\/index.php\\\/2025\\\/07\\\/18\\\/ram-doers-historias-que-inspiran-accion\\\/#primaryimage\"},\"image\":{\"@id\":\"https:\\\/\\\/autofans.com.ar\\\/index.php\\\/2025\\\/07\\\/18\\\/ram-doers-historias-que-inspiran-accion\\\/#primaryimage\"},\"thumbnailUrl\":\"https:\\\/\\\/autofans.com.ar\\\/wp-content\\\/uploads\\\/2025\\\/07\\\/ram-5.jpg\",\"datePublished\":\"2025-07-18T20:36:48+00:00\",\"author\":{\"@id\":\"https:\\\/\\\/autofans.com.ar\\\/#\\\/schema\\\/person\\\/4a8dda0b6df83ac3d6723e921274c2aa\"},\"description\":\"Bajo el lema \\\"RAM Does That\\\", la marca estren\u00f3 DOERS, una plataforma de comunicaci\u00f3n que pone el foco en personas que no esperan soluciones.\",\"breadcrumb\":{\"@id\":\"https:\\\/\\\/autofans.com.ar\\\/index.php\\\/2025\\\/07\\\/18\\\/ram-doers-historias-que-inspiran-accion\\\/#breadcrumb\"},\"inLanguage\":\"es\",\"potentialAction\":[{\"@type\":\"ReadAction\",\"target\":[\"https:\\\/\\\/autofans.com.ar\\\/index.php\\\/2025\\\/07\\\/18\\\/ram-doers-historias-que-inspiran-accion\\\/\"]}]},{\"@type\":\"ImageObject\",\"inLanguage\":\"es\",\"@id\":\"https:\\\/\\\/autofans.com.ar\\\/index.php\\\/2025\\\/07\\\/18\\\/ram-doers-historias-que-inspiran-accion\\\/#primaryimage\",\"url\":\"https:\\\/\\\/autofans.com.ar\\\/wp-content\\\/uploads\\\/2025\\\/07\\\/ram-5.jpg\",\"contentUrl\":\"https:\\\/\\\/autofans.com.ar\\\/wp-content\\\/uploads\\\/2025\\\/07\\\/ram-5.jpg\",\"width\":1000,\"height\":667,\"caption\":\"RAM DOERS\"},{\"@type\":\"BreadcrumbList\",\"@id\":\"https:\\\/\\\/autofans.com.ar\\\/index.php\\\/2025\\\/07\\\/18\\\/ram-doers-historias-que-inspiran-accion\\\/#breadcrumb\",\"itemListElement\":[{\"@type\":\"ListItem\",\"position\":1,\"name\":\"Inicio\",\"item\":\"https:\\\/\\\/autofans.com.ar\\\/\"},{\"@type\":\"ListItem\",\"position\":2,\"name\":\"RAM DOERS, historias que inspiran acci\u00f3n\"}]},{\"@type\":\"WebSite\",\"@id\":\"https:\\\/\\\/autofans.com.ar\\\/#website\",\"url\":\"https:\\\/\\\/autofans.com.ar\\\/\",\"name\":\"\",\"description\":\"El multimedio referente de la industria automotriz\",\"potentialAction\":[{\"@type\":\"SearchAction\",\"target\":{\"@type\":\"EntryPoint\",\"urlTemplate\":\"https:\\\/\\\/autofans.com.ar\\\/?s={search_term_string}\"},\"query-input\":{\"@type\":\"PropertyValueSpecification\",\"valueRequired\":true,\"valueName\":\"search_term_string\"}}],\"inLanguage\":\"es\"},{\"@type\":\"Person\",\"@id\":\"https:\\\/\\\/autofans.com.ar\\\/#\\\/schema\\\/person\\\/4a8dda0b6df83ac3d6723e921274c2aa\",\"name\":\"Alejandro Gabriel Rosito\",\"image\":{\"@type\":\"ImageObject\",\"inLanguage\":\"es\",\"@id\":\"https:\\\/\\\/secure.gravatar.com\\\/avatar\\\/16c5dda1489adfc62618084dcbb91cffd879c374b13fe5dd8e44ed6733852c88?s=96&d=mm&r=g\",\"url\":\"https:\\\/\\\/secure.gravatar.com\\\/avatar\\\/16c5dda1489adfc62618084dcbb91cffd879c374b13fe5dd8e44ed6733852c88?s=96&d=mm&r=g\",\"contentUrl\":\"https:\\\/\\\/secure.gravatar.com\\\/avatar\\\/16c5dda1489adfc62618084dcbb91cffd879c374b13fe5dd8e44ed6733852c88?s=96&d=mm&r=g\",\"caption\":\"Alejandro Gabriel Rosito\"},\"url\":\"https:\\\/\\\/autofans.com.ar\\\/index.php\\\/author\\\/gabrielr\\\/\"}]}<\/script>\n<!-- \/ Yoast SEO plugin. -->","yoast_head_json":{"title":"RAM DOERS, historias que inspiran acci\u00f3n -","description":"Bajo el lema \"RAM Does That\", la marca estren\u00f3 DOERS, una plataforma de comunicaci\u00f3n que pone el foco en personas que no esperan soluciones.","robots":{"index":"index","follow":"follow","max-snippet":"max-snippet:-1","max-image-preview":"max-image-preview:large","max-video-preview":"max-video-preview:-1"},"canonical":"https:\/\/autofans.com.ar\/index.php\/2025\/07\/18\/ram-doers-historias-que-inspiran-accion\/","og_locale":"es_ES","og_type":"article","og_title":"RAM DOERS, historias que inspiran acci\u00f3n -","og_description":"Bajo el lema \"RAM Does That\", la marca estren\u00f3 DOERS, una plataforma de comunicaci\u00f3n que pone el foco en personas que no esperan soluciones.","og_url":"https:\/\/autofans.com.ar\/index.php\/2025\/07\/18\/ram-doers-historias-que-inspiran-accion\/","article_published_time":"2025-07-18T20:36:48+00:00","og_image":[{"width":1000,"height":667,"url":"https:\/\/autofans.com.ar\/wp-content\/uploads\/2025\/07\/ram-5.jpg","type":"image\/jpeg"}],"author":"Alejandro Gabriel Rosito","twitter_card":"summary_large_image","twitter_misc":{"Escrito por":"Alejandro Gabriel Rosito","Tiempo de lectura":"2 minutos"},"schema":{"@context":"https:\/\/schema.org","@graph":[{"@type":"Article","@id":"https:\/\/autofans.com.ar\/index.php\/2025\/07\/18\/ram-doers-historias-que-inspiran-accion\/#article","isPartOf":{"@id":"https:\/\/autofans.com.ar\/index.php\/2025\/07\/18\/ram-doers-historias-que-inspiran-accion\/"},"author":{"name":"Alejandro Gabriel Rosito","@id":"https:\/\/autofans.com.ar\/#\/schema\/person\/4a8dda0b6df83ac3d6723e921274c2aa"},"headline":"RAM DOERS, historias que inspiran acci\u00f3n","datePublished":"2025-07-18T20:36:48+00:00","mainEntityOfPage":{"@id":"https:\/\/autofans.com.ar\/index.php\/2025\/07\/18\/ram-doers-historias-que-inspiran-accion\/"},"wordCount":293,"image":{"@id":"https:\/\/autofans.com.ar\/index.php\/2025\/07\/18\/ram-doers-historias-que-inspiran-accion\/#primaryimage"},"thumbnailUrl":"https:\/\/autofans.com.ar\/wp-content\/uploads\/2025\/07\/ram-5.jpg","keywords":["branded content","DOERS","emprendedores argentinos","historias inspiradoras","marketing automotriz","pickups RAM","RAM 1500","RAM 2500","Ram Argentina"],"articleSection":["NOTICIAS","PICK UPs, UTILITARIOS Y OTROS"],"inLanguage":"es"},{"@type":"WebPage","@id":"https:\/\/autofans.com.ar\/index.php\/2025\/07\/18\/ram-doers-historias-que-inspiran-accion\/","url":"https:\/\/autofans.com.ar\/index.php\/2025\/07\/18\/ram-doers-historias-que-inspiran-accion\/","name":"RAM DOERS, historias que inspiran acci\u00f3n -","isPartOf":{"@id":"https:\/\/autofans.com.ar\/#website"},"primaryImageOfPage":{"@id":"https:\/\/autofans.com.ar\/index.php\/2025\/07\/18\/ram-doers-historias-que-inspiran-accion\/#primaryimage"},"image":{"@id":"https:\/\/autofans.com.ar\/index.php\/2025\/07\/18\/ram-doers-historias-que-inspiran-accion\/#primaryimage"},"thumbnailUrl":"https:\/\/autofans.com.ar\/wp-content\/uploads\/2025\/07\/ram-5.jpg","datePublished":"2025-07-18T20:36:48+00:00","author":{"@id":"https:\/\/autofans.com.ar\/#\/schema\/person\/4a8dda0b6df83ac3d6723e921274c2aa"},"description":"Bajo el lema \"RAM Does That\", la marca estren\u00f3 DOERS, una plataforma de comunicaci\u00f3n que pone el foco en personas que no esperan soluciones.","breadcrumb":{"@id":"https:\/\/autofans.com.ar\/index.php\/2025\/07\/18\/ram-doers-historias-que-inspiran-accion\/#breadcrumb"},"inLanguage":"es","potentialAction":[{"@type":"ReadAction","target":["https:\/\/autofans.com.ar\/index.php\/2025\/07\/18\/ram-doers-historias-que-inspiran-accion\/"]}]},{"@type":"ImageObject","inLanguage":"es","@id":"https:\/\/autofans.com.ar\/index.php\/2025\/07\/18\/ram-doers-historias-que-inspiran-accion\/#primaryimage","url":"https:\/\/autofans.com.ar\/wp-content\/uploads\/2025\/07\/ram-5.jpg","contentUrl":"https:\/\/autofans.com.ar\/wp-content\/uploads\/2025\/07\/ram-5.jpg","width":1000,"height":667,"caption":"RAM DOERS"},{"@type":"BreadcrumbList","@id":"https:\/\/autofans.com.ar\/index.php\/2025\/07\/18\/ram-doers-historias-que-inspiran-accion\/#breadcrumb","itemListElement":[{"@type":"ListItem","position":1,"name":"Inicio","item":"https:\/\/autofans.com.ar\/"},{"@type":"ListItem","position":2,"name":"RAM DOERS, historias que inspiran acci\u00f3n"}]},{"@type":"WebSite","@id":"https:\/\/autofans.com.ar\/#website","url":"https:\/\/autofans.com.ar\/","name":"","description":"El multimedio referente de la industria automotriz","potentialAction":[{"@type":"SearchAction","target":{"@type":"EntryPoint","urlTemplate":"https:\/\/autofans.com.ar\/?s={search_term_string}"},"query-input":{"@type":"PropertyValueSpecification","valueRequired":true,"valueName":"search_term_string"}}],"inLanguage":"es"},{"@type":"Person","@id":"https:\/\/autofans.com.ar\/#\/schema\/person\/4a8dda0b6df83ac3d6723e921274c2aa","name":"Alejandro Gabriel Rosito","image":{"@type":"ImageObject","inLanguage":"es","@id":"https:\/\/secure.gravatar.com\/avatar\/16c5dda1489adfc62618084dcbb91cffd879c374b13fe5dd8e44ed6733852c88?s=96&d=mm&r=g","url":"https:\/\/secure.gravatar.com\/avatar\/16c5dda1489adfc62618084dcbb91cffd879c374b13fe5dd8e44ed6733852c88?s=96&d=mm&r=g","contentUrl":"https:\/\/secure.gravatar.com\/avatar\/16c5dda1489adfc62618084dcbb91cffd879c374b13fe5dd8e44ed6733852c88?s=96&d=mm&r=g","caption":"Alejandro Gabriel Rosito"},"url":"https:\/\/autofans.com.ar\/index.php\/author\/gabrielr\/"}]}},"featured_image_urls":{"full":["https:\/\/autofans.com.ar\/wp-content\/uploads\/2025\/07\/ram-5.jpg",1000,667,false],"thumbnail":["https:\/\/autofans.com.ar\/wp-content\/uploads\/2025\/07\/ram-5-150x150.jpg",150,150,true],"medium":["https:\/\/autofans.com.ar\/wp-content\/uploads\/2025\/07\/ram-5-300x200.jpg",300,200,true],"medium_large":["https:\/\/autofans.com.ar\/wp-content\/uploads\/2025\/07\/ram-5-768x512.jpg",640,427,true],"large":["https:\/\/autofans.com.ar\/wp-content\/uploads\/2025\/07\/ram-5.jpg",640,427,false],"1536x1536":["https:\/\/autofans.com.ar\/wp-content\/uploads\/2025\/07\/ram-5.jpg",1000,667,false],"2048x2048":["https:\/\/autofans.com.ar\/wp-content\/uploads\/2025\/07\/ram-5.jpg",1000,667,false],"covernews-featured":["https:\/\/autofans.com.ar\/wp-content\/uploads\/2025\/07\/ram-5.jpg",1000,667,false],"covernews-medium":["https:\/\/autofans.com.ar\/wp-content\/uploads\/2025\/07\/ram-5-540x340.jpg",540,340,true]},"author_info":{"display_name":"Alejandro Gabriel Rosito","author_link":"https:\/\/autofans.com.ar\/index.php\/author\/gabrielr\/"},"category_info":"<a href=\"https:\/\/autofans.com.ar\/index.php\/category\/noticias\/\" rel=\"category tag\">NOTICIAS<\/a> <a href=\"https:\/\/autofans.com.ar\/index.php\/category\/noticias\/otros\/\" rel=\"category tag\">PICK UPs, UTILITARIOS Y OTROS<\/a>","tag_info":"PICK UPs, UTILITARIOS Y OTROS","comment_count":0,"_links":{"self":[{"href":"https:\/\/autofans.com.ar\/index.php\/wp-json\/wp\/v2\/posts\/13323","targetHints":{"allow":["GET"]}}],"collection":[{"href":"https:\/\/autofans.com.ar\/index.php\/wp-json\/wp\/v2\/posts"}],"about":[{"href":"https:\/\/autofans.com.ar\/index.php\/wp-json\/wp\/v2\/types\/post"}],"author":[{"embeddable":true,"href":"https:\/\/autofans.com.ar\/index.php\/wp-json\/wp\/v2\/users\/2"}],"replies":[{"embeddable":true,"href":"https:\/\/autofans.com.ar\/index.php\/wp-json\/wp\/v2\/comments?post=13323"}],"version-history":[{"count":4,"href":"https:\/\/autofans.com.ar\/index.php\/wp-json\/wp\/v2\/posts\/13323\/revisions"}],"predecessor-version":[{"id":13332,"href":"https:\/\/autofans.com.ar\/index.php\/wp-json\/wp\/v2\/posts\/13323\/revisions\/13332"}],"wp:featuredmedia":[{"embeddable":true,"href":"https:\/\/autofans.com.ar\/index.php\/wp-json\/wp\/v2\/media\/13324"}],"wp:attachment":[{"href":"https:\/\/autofans.com.ar\/index.php\/wp-json\/wp\/v2\/media?parent=13323"}],"wp:term":[{"taxonomy":"category","embeddable":true,"href":"https:\/\/autofans.com.ar\/index.php\/wp-json\/wp\/v2\/categories?post=13323"},{"taxonomy":"post_tag","embeddable":true,"href":"https:\/\/autofans.com.ar\/index.php\/wp-json\/wp\/v2\/tags?post=13323"}],"curies":[{"name":"wp","href":"https:\/\/api.w.org\/{rel}","templated":true}]}}