{"id":13333,"date":"2025-07-18T18:43:08","date_gmt":"2025-07-18T21:43:08","guid":{"rendered":"https:\/\/autofans.com.ar\/?p=13333"},"modified":"2025-07-18T18:43:08","modified_gmt":"2025-07-18T21:43:08","slug":"toyota-lanza-el-yaris-cross-en-argentina","status":"publish","type":"post","link":"https:\/\/autofans.com.ar\/index.php\/2025\/07\/18\/toyota-lanza-el-yaris-cross-en-argentina\/","title":{"rendered":"Toyota lanza el Yaris Cross en Argentina"},"content":{"rendered":"<p class=\"ds-markdown-paragraph\">Toyota Argentina anunci\u00f3 oficialmente la llegada del Yaris Cross, un SUV del segmento B que se comercializar\u00e1 desde el 27 de noviembre de 2025. Producido en la planta de Sorocaba (Brasil), este modelo apunta a un mercado en pleno crecimiento: los SUV urbanos.<\/p>\n<p>&nbsp;<\/p>\n<h2 class=\"ds-markdown-paragraph\">Motorizaci\u00f3n h\u00edbrida y liderazgo sustentable<\/h2>\n<p>&nbsp;<\/p>\n<figure id=\"attachment_13339\" aria-describedby=\"caption-attachment-13339\" style=\"width: 1000px\" class=\"wp-caption aligncenter\"><img fetchpriority=\"high\" decoding=\"async\" class=\"wp-image-13339 size-full\" src=\"https:\/\/autofans.com.ar\/wp-content\/uploads\/2025\/07\/gustavo-salinas.jpg\" alt=\"Toyota\" width=\"1000\" height=\"667\" srcset=\"https:\/\/autofans.com.ar\/wp-content\/uploads\/2025\/07\/gustavo-salinas.jpg 1000w, https:\/\/autofans.com.ar\/wp-content\/uploads\/2025\/07\/gustavo-salinas-300x200.jpg 300w, https:\/\/autofans.com.ar\/wp-content\/uploads\/2025\/07\/gustavo-salinas-768x512.jpg 768w\" sizes=\"(max-width: 1000px) 100vw, 1000px\" \/><figcaption id=\"caption-attachment-13339\" class=\"wp-caption-text\">Gustavo Salinas, presidente de Toyota Argentina<\/figcaption><\/figure>\n<p>&nbsp;<\/p>\n<p class=\"ds-markdown-paragraph\">El Yaris Cross ser\u00e1 el primer compacto de Toyota en Argentina con opci\u00f3n h\u00edbrida, reforzando el dominio de la marca en veh\u00edculos electrificados. Actualmente, 1 de cada 2 Corolla y Corolla Cross vendidos en el pa\u00eds son h\u00edbridos, y Toyota concentra m\u00e1s del 70% del mercado de autos eco-amigables. Desde la introducci\u00f3n del Prius (2009), la firma ya comercializ\u00f3 40.000 unidades h\u00edbridasen el pa\u00eds.<\/p>\n<p>&nbsp;<\/p>\n<blockquote>\n<p style=\"text-align: center;\">\u201cYaris Cross es el Toyota que todos est\u00e1bamos esperando\u201d, afirm\u00f3 Gustavo Salinas, presidente de Toyota Argentina, en un encuentro con periodistas. \u201cCompleta y ampl\u00eda las opciones para nuestros clientes y fortalece nuestro crecimiento en Argentina y en toda la regi\u00f3n\u201d a\u00f1adi\u00f3.<span class=\"Apple-converted-space\">\u00a0<\/span><\/p>\n<\/blockquote>\n<p>&nbsp;<\/p>\n<h2 class=\"ds-markdown-paragraph\">Producci\u00f3n y exportaci\u00f3n &#8211; el peso de Toyota en Argentina<\/h2>\n<p>&nbsp;<\/p>\n<p><img decoding=\"async\" class=\"aligncenter wp-image-13340 size-full\" src=\"https:\/\/autofans.com.ar\/wp-content\/uploads\/2025\/07\/toyota-1.jpg\" alt=\"Toyota\" width=\"1000\" height=\"667\" srcset=\"https:\/\/autofans.com.ar\/wp-content\/uploads\/2025\/07\/toyota-1.jpg 1000w, https:\/\/autofans.com.ar\/wp-content\/uploads\/2025\/07\/toyota-1-300x200.jpg 300w, https:\/\/autofans.com.ar\/wp-content\/uploads\/2025\/07\/toyota-1-768x512.jpg 768w\" sizes=\"(max-width: 1000px) 100vw, 1000px\" \/><\/p>\n<p>&nbsp;<\/p>\n<p class=\"ds-markdown-paragraph\">La marca no solo lidera en ventas de h\u00edbridos, sino tambi\u00e9n en fabricaci\u00f3n y exportaci\u00f3n:<\/p>\n<ul>\n<li>\n<p class=\"ds-markdown-paragraph\">35% de la producci\u00f3n nacional de veh\u00edculos (primer semestre 2025).<\/p>\n<\/li>\n<li>\n<p class=\"ds-markdown-paragraph\">51% de las exportaciones del sector automotor.<\/p>\n<\/li>\n<li>\n<p class=\"ds-markdown-paragraph\">Hilux: la pick-up mediana m\u00e1s vendida de Latinoam\u00e9rica.<br \/>\nEste a\u00f1o, la planta de Z\u00e1rate proyecta fabricar 175.000 unidades (80% con destino a 22 pa\u00edses).<\/p>\n<\/li>\n<\/ul>\n<p>&nbsp;<\/p>\n<blockquote>\n<p style=\"text-align: center;\">\u201cEstamos trabajando a capacidad plena en 3 turnos de producci\u00f3n por tercer a\u00f1o consecutivo para responder a la demanda creciente de nuestros clientes en toda la regi\u00f3n\u201d, finaliz\u00f3 Salinas.<\/p>\n<\/blockquote>\n<p>&nbsp;<\/p>\n<h2 class=\"ds-markdown-paragraph\">Toyota &#8211; garant\u00eda extendida y opci\u00f3n de alquiler<\/h2>\n<p>&nbsp;<\/p>\n<p><img decoding=\"async\" class=\"aligncenter wp-image-13338 size-full\" src=\"https:\/\/autofans.com.ar\/wp-content\/uploads\/2025\/07\/toyota-2.jpg\" alt=\"Toyota\" width=\"1000\" height=\"667\" srcset=\"https:\/\/autofans.com.ar\/wp-content\/uploads\/2025\/07\/toyota-2.jpg 1000w, https:\/\/autofans.com.ar\/wp-content\/uploads\/2025\/07\/toyota-2-300x200.jpg 300w, https:\/\/autofans.com.ar\/wp-content\/uploads\/2025\/07\/toyota-2-768x512.jpg 768w\" sizes=\"(max-width: 1000px) 100vw, 1000px\" \/><\/p>\n<p>&nbsp;<\/p>\n<p class=\"ds-markdown-paragraph\">El Yaris Cross se suma al programa Toyota 10, que permite ampliar la garant\u00eda hasta 10 a\u00f1os o 200.000 km. Adem\u00e1s, estar\u00e1 disponible en KINTO, la plataforma de movilidad flexible de la marca.<\/p>\n<p class=\"ds-markdown-paragraph\">Pr\u00f3ximamente, se revelar\u00e1n m\u00e1s detalles t\u00e9cnicos y precios.<\/p>\n<p>&nbsp;<\/p>\n<p>&nbsp;<\/p>\n<p><i>Para enterarte de m\u00e1s novedades, no dejes de leer\u00a0<\/i><a href=\"https:\/\/autofans.thebrandsoup.com\/\"><i>nuestras notas<\/i><\/a><i>, de ver\u00a0<\/i><a href=\"https:\/\/www.youtube.com\/channel\/UCgAC8UGHZYbT6P7PpmVnP7g\"><i>AUTOFANS TV<\/i><\/a><i>\u00a0en nuestro\u00a0canal de Youtube. Adem\u00e1s seguinos en\u00a0<\/i><a href=\"https:\/\/www.instagram.com\/autofanstv\/\"><i>INSTAGRAM<\/i><\/a><i> y <\/i><a href=\"https:\/\/www.facebook.com\/autofansmas\/\"><i>FACEBOOK<\/i><\/a><i> para no perderte nada sobre las novedades del segmento automotor de Argentina y el mundo.<\/i><\/p>\n","protected":false},"excerpt":{"rendered":"<p>Toyota Argentina anunci\u00f3 oficialmente la llegada del Yaris Cross, un SUV del segmento B que&#8230;<\/p>\n","protected":false},"author":2,"featured_media":13337,"comment_status":"closed","ping_status":"closed","sticky":false,"template":"","format":"standard","meta":{"footnotes":""},"categories":[8,1],"tags":[7039,7040,6666,7038,7037,51,1374],"class_list":["post-13333","post","type-post","status-publish","format-standard","has-post-thumbnail","hentry","category-autos-y-suv","category-lanzamientos","tag-garantia-10-anos-toyota","tag-kinto-alquiler-autos","tag-lanzamiento-autos-2025","tag-modelos-hibridos","tag-suv-hibrido-argentina","tag-toyota-argentina","tag-toyota-yaris-cross"],"yoast_head":"<!-- This site is optimized with the Yoast SEO plugin v27.5 - https:\/\/yoast.com\/product\/yoast-seo-wordpress\/ -->\n<title>Toyota lanza el Yaris Cross en Argentina -<\/title>\n<meta name=\"description\" content=\"Toyota Argentina anunci\u00f3 oficialmente la llegada del Yaris Cross, un SUV del segmento B que se comercializar\u00e1 desde el 27 de noviembre...\" \/>\n<meta name=\"robots\" content=\"index, follow, max-snippet:-1, max-image-preview:large, max-video-preview:-1\" \/>\n<link rel=\"canonical\" href=\"https:\/\/autofans.com.ar\/index.php\/2025\/07\/18\/toyota-lanza-el-yaris-cross-en-argentina\/\" \/>\n<meta property=\"og:locale\" content=\"es_ES\" \/>\n<meta property=\"og:type\" content=\"article\" \/>\n<meta property=\"og:title\" content=\"Toyota lanza el Yaris Cross en Argentina -\" \/>\n<meta property=\"og:description\" content=\"Toyota Argentina anunci\u00f3 oficialmente la llegada del Yaris Cross, un SUV del segmento B que se comercializar\u00e1 desde el 27 de noviembre...\" \/>\n<meta property=\"og:url\" content=\"https:\/\/autofans.com.ar\/index.php\/2025\/07\/18\/toyota-lanza-el-yaris-cross-en-argentina\/\" \/>\n<meta property=\"article:published_time\" content=\"2025-07-18T21:43:08+00:00\" \/>\n<meta property=\"og:image\" content=\"https:\/\/autofans.com.ar\/wp-content\/uploads\/2025\/07\/toyota-3.jpg\" \/>\n\t<meta property=\"og:image:width\" content=\"1000\" \/>\n\t<meta property=\"og:image:height\" content=\"667\" \/>\n\t<meta property=\"og:image:type\" content=\"image\/jpeg\" \/>\n<meta name=\"author\" content=\"Alejandro Gabriel Rosito\" \/>\n<meta name=\"twitter:card\" content=\"summary_large_image\" \/>\n<meta name=\"twitter:label1\" content=\"Escrito por\" \/>\n\t<meta name=\"twitter:data1\" content=\"Alejandro Gabriel Rosito\" \/>\n\t<meta name=\"twitter:label2\" content=\"Tiempo de lectura\" \/>\n\t<meta name=\"twitter:data2\" content=\"3 minutos\" \/>\n<script type=\"application\/ld+json\" class=\"yoast-schema-graph\">{\"@context\":\"https:\\\/\\\/schema.org\",\"@graph\":[{\"@type\":\"Article\",\"@id\":\"https:\\\/\\\/autofans.com.ar\\\/index.php\\\/2025\\\/07\\\/18\\\/toyota-lanza-el-yaris-cross-en-argentina\\\/#article\",\"isPartOf\":{\"@id\":\"https:\\\/\\\/autofans.com.ar\\\/index.php\\\/2025\\\/07\\\/18\\\/toyota-lanza-el-yaris-cross-en-argentina\\\/\"},\"author\":{\"name\":\"Alejandro Gabriel Rosito\",\"@id\":\"https:\\\/\\\/autofans.com.ar\\\/#\\\/schema\\\/person\\\/4a8dda0b6df83ac3d6723e921274c2aa\"},\"headline\":\"Toyota lanza el Yaris Cross en Argentina\",\"datePublished\":\"2025-07-18T21:43:08+00:00\",\"mainEntityOfPage\":{\"@id\":\"https:\\\/\\\/autofans.com.ar\\\/index.php\\\/2025\\\/07\\\/18\\\/toyota-lanza-el-yaris-cross-en-argentina\\\/\"},\"wordCount\":396,\"image\":{\"@id\":\"https:\\\/\\\/autofans.com.ar\\\/index.php\\\/2025\\\/07\\\/18\\\/toyota-lanza-el-yaris-cross-en-argentina\\\/#primaryimage\"},\"thumbnailUrl\":\"https:\\\/\\\/autofans.com.ar\\\/wp-content\\\/uploads\\\/2025\\\/07\\\/toyota-3.jpg\",\"keywords\":[\"garant\u00eda 10 a\u00f1os Toyota\",\"KINTO alquiler autos\",\"lanzamiento autos 2025\",\"modelos h\u00edbridos\",\"SUV h\u00edbrido Argentina\",\"Toyota Argentina\",\"Toyota Yaris Cross\"],\"articleSection\":[\"Autos y SUV\",\"LANZAMIENTOS\"],\"inLanguage\":\"es\"},{\"@type\":\"WebPage\",\"@id\":\"https:\\\/\\\/autofans.com.ar\\\/index.php\\\/2025\\\/07\\\/18\\\/toyota-lanza-el-yaris-cross-en-argentina\\\/\",\"url\":\"https:\\\/\\\/autofans.com.ar\\\/index.php\\\/2025\\\/07\\\/18\\\/toyota-lanza-el-yaris-cross-en-argentina\\\/\",\"name\":\"Toyota lanza el Yaris Cross en Argentina -\",\"isPartOf\":{\"@id\":\"https:\\\/\\\/autofans.com.ar\\\/#website\"},\"primaryImageOfPage\":{\"@id\":\"https:\\\/\\\/autofans.com.ar\\\/index.php\\\/2025\\\/07\\\/18\\\/toyota-lanza-el-yaris-cross-en-argentina\\\/#primaryimage\"},\"image\":{\"@id\":\"https:\\\/\\\/autofans.com.ar\\\/index.php\\\/2025\\\/07\\\/18\\\/toyota-lanza-el-yaris-cross-en-argentina\\\/#primaryimage\"},\"thumbnailUrl\":\"https:\\\/\\\/autofans.com.ar\\\/wp-content\\\/uploads\\\/2025\\\/07\\\/toyota-3.jpg\",\"datePublished\":\"2025-07-18T21:43:08+00:00\",\"author\":{\"@id\":\"https:\\\/\\\/autofans.com.ar\\\/#\\\/schema\\\/person\\\/4a8dda0b6df83ac3d6723e921274c2aa\"},\"description\":\"Toyota Argentina anunci\u00f3 oficialmente la llegada del Yaris Cross, un SUV del segmento B que se comercializar\u00e1 desde el 27 de noviembre...\",\"breadcrumb\":{\"@id\":\"https:\\\/\\\/autofans.com.ar\\\/index.php\\\/2025\\\/07\\\/18\\\/toyota-lanza-el-yaris-cross-en-argentina\\\/#breadcrumb\"},\"inLanguage\":\"es\",\"potentialAction\":[{\"@type\":\"ReadAction\",\"target\":[\"https:\\\/\\\/autofans.com.ar\\\/index.php\\\/2025\\\/07\\\/18\\\/toyota-lanza-el-yaris-cross-en-argentina\\\/\"]}]},{\"@type\":\"ImageObject\",\"inLanguage\":\"es\",\"@id\":\"https:\\\/\\\/autofans.com.ar\\\/index.php\\\/2025\\\/07\\\/18\\\/toyota-lanza-el-yaris-cross-en-argentina\\\/#primaryimage\",\"url\":\"https:\\\/\\\/autofans.com.ar\\\/wp-content\\\/uploads\\\/2025\\\/07\\\/toyota-3.jpg\",\"contentUrl\":\"https:\\\/\\\/autofans.com.ar\\\/wp-content\\\/uploads\\\/2025\\\/07\\\/toyota-3.jpg\",\"width\":1000,\"height\":667,\"caption\":\"Toyota\"},{\"@type\":\"BreadcrumbList\",\"@id\":\"https:\\\/\\\/autofans.com.ar\\\/index.php\\\/2025\\\/07\\\/18\\\/toyota-lanza-el-yaris-cross-en-argentina\\\/#breadcrumb\",\"itemListElement\":[{\"@type\":\"ListItem\",\"position\":1,\"name\":\"Inicio\",\"item\":\"https:\\\/\\\/autofans.com.ar\\\/\"},{\"@type\":\"ListItem\",\"position\":2,\"name\":\"Toyota lanza el Yaris Cross en Argentina\"}]},{\"@type\":\"WebSite\",\"@id\":\"https:\\\/\\\/autofans.com.ar\\\/#website\",\"url\":\"https:\\\/\\\/autofans.com.ar\\\/\",\"name\":\"\",\"description\":\"El multimedio referente de la industria automotriz\",\"potentialAction\":[{\"@type\":\"SearchAction\",\"target\":{\"@type\":\"EntryPoint\",\"urlTemplate\":\"https:\\\/\\\/autofans.com.ar\\\/?s={search_term_string}\"},\"query-input\":{\"@type\":\"PropertyValueSpecification\",\"valueRequired\":true,\"valueName\":\"search_term_string\"}}],\"inLanguage\":\"es\"},{\"@type\":\"Person\",\"@id\":\"https:\\\/\\\/autofans.com.ar\\\/#\\\/schema\\\/person\\\/4a8dda0b6df83ac3d6723e921274c2aa\",\"name\":\"Alejandro Gabriel Rosito\",\"image\":{\"@type\":\"ImageObject\",\"inLanguage\":\"es\",\"@id\":\"https:\\\/\\\/secure.gravatar.com\\\/avatar\\\/16c5dda1489adfc62618084dcbb91cffd879c374b13fe5dd8e44ed6733852c88?s=96&d=mm&r=g\",\"url\":\"https:\\\/\\\/secure.gravatar.com\\\/avatar\\\/16c5dda1489adfc62618084dcbb91cffd879c374b13fe5dd8e44ed6733852c88?s=96&d=mm&r=g\",\"contentUrl\":\"https:\\\/\\\/secure.gravatar.com\\\/avatar\\\/16c5dda1489adfc62618084dcbb91cffd879c374b13fe5dd8e44ed6733852c88?s=96&d=mm&r=g\",\"caption\":\"Alejandro Gabriel Rosito\"},\"url\":\"https:\\\/\\\/autofans.com.ar\\\/index.php\\\/author\\\/gabrielr\\\/\"}]}<\/script>\n<!-- \/ Yoast SEO plugin. -->","yoast_head_json":{"title":"Toyota lanza el Yaris Cross en Argentina -","description":"Toyota Argentina anunci\u00f3 oficialmente la llegada del Yaris Cross, un SUV del segmento B que se comercializar\u00e1 desde el 27 de noviembre...","robots":{"index":"index","follow":"follow","max-snippet":"max-snippet:-1","max-image-preview":"max-image-preview:large","max-video-preview":"max-video-preview:-1"},"canonical":"https:\/\/autofans.com.ar\/index.php\/2025\/07\/18\/toyota-lanza-el-yaris-cross-en-argentina\/","og_locale":"es_ES","og_type":"article","og_title":"Toyota lanza el Yaris Cross en Argentina -","og_description":"Toyota Argentina anunci\u00f3 oficialmente la llegada del Yaris Cross, un SUV del segmento B que se comercializar\u00e1 desde el 27 de noviembre...","og_url":"https:\/\/autofans.com.ar\/index.php\/2025\/07\/18\/toyota-lanza-el-yaris-cross-en-argentina\/","article_published_time":"2025-07-18T21:43:08+00:00","og_image":[{"width":1000,"height":667,"url":"https:\/\/autofans.com.ar\/wp-content\/uploads\/2025\/07\/toyota-3.jpg","type":"image\/jpeg"}],"author":"Alejandro Gabriel Rosito","twitter_card":"summary_large_image","twitter_misc":{"Escrito por":"Alejandro Gabriel Rosito","Tiempo de lectura":"3 minutos"},"schema":{"@context":"https:\/\/schema.org","@graph":[{"@type":"Article","@id":"https:\/\/autofans.com.ar\/index.php\/2025\/07\/18\/toyota-lanza-el-yaris-cross-en-argentina\/#article","isPartOf":{"@id":"https:\/\/autofans.com.ar\/index.php\/2025\/07\/18\/toyota-lanza-el-yaris-cross-en-argentina\/"},"author":{"name":"Alejandro Gabriel Rosito","@id":"https:\/\/autofans.com.ar\/#\/schema\/person\/4a8dda0b6df83ac3d6723e921274c2aa"},"headline":"Toyota lanza el Yaris Cross en Argentina","datePublished":"2025-07-18T21:43:08+00:00","mainEntityOfPage":{"@id":"https:\/\/autofans.com.ar\/index.php\/2025\/07\/18\/toyota-lanza-el-yaris-cross-en-argentina\/"},"wordCount":396,"image":{"@id":"https:\/\/autofans.com.ar\/index.php\/2025\/07\/18\/toyota-lanza-el-yaris-cross-en-argentina\/#primaryimage"},"thumbnailUrl":"https:\/\/autofans.com.ar\/wp-content\/uploads\/2025\/07\/toyota-3.jpg","keywords":["garant\u00eda 10 a\u00f1os Toyota","KINTO alquiler autos","lanzamiento autos 2025","modelos h\u00edbridos","SUV h\u00edbrido Argentina","Toyota Argentina","Toyota Yaris Cross"],"articleSection":["Autos y SUV","LANZAMIENTOS"],"inLanguage":"es"},{"@type":"WebPage","@id":"https:\/\/autofans.com.ar\/index.php\/2025\/07\/18\/toyota-lanza-el-yaris-cross-en-argentina\/","url":"https:\/\/autofans.com.ar\/index.php\/2025\/07\/18\/toyota-lanza-el-yaris-cross-en-argentina\/","name":"Toyota lanza el Yaris Cross en Argentina -","isPartOf":{"@id":"https:\/\/autofans.com.ar\/#website"},"primaryImageOfPage":{"@id":"https:\/\/autofans.com.ar\/index.php\/2025\/07\/18\/toyota-lanza-el-yaris-cross-en-argentina\/#primaryimage"},"image":{"@id":"https:\/\/autofans.com.ar\/index.php\/2025\/07\/18\/toyota-lanza-el-yaris-cross-en-argentina\/#primaryimage"},"thumbnailUrl":"https:\/\/autofans.com.ar\/wp-content\/uploads\/2025\/07\/toyota-3.jpg","datePublished":"2025-07-18T21:43:08+00:00","author":{"@id":"https:\/\/autofans.com.ar\/#\/schema\/person\/4a8dda0b6df83ac3d6723e921274c2aa"},"description":"Toyota Argentina anunci\u00f3 oficialmente la llegada del Yaris Cross, un SUV del segmento B que se comercializar\u00e1 desde el 27 de noviembre...","breadcrumb":{"@id":"https:\/\/autofans.com.ar\/index.php\/2025\/07\/18\/toyota-lanza-el-yaris-cross-en-argentina\/#breadcrumb"},"inLanguage":"es","potentialAction":[{"@type":"ReadAction","target":["https:\/\/autofans.com.ar\/index.php\/2025\/07\/18\/toyota-lanza-el-yaris-cross-en-argentina\/"]}]},{"@type":"ImageObject","inLanguage":"es","@id":"https:\/\/autofans.com.ar\/index.php\/2025\/07\/18\/toyota-lanza-el-yaris-cross-en-argentina\/#primaryimage","url":"https:\/\/autofans.com.ar\/wp-content\/uploads\/2025\/07\/toyota-3.jpg","contentUrl":"https:\/\/autofans.com.ar\/wp-content\/uploads\/2025\/07\/toyota-3.jpg","width":1000,"height":667,"caption":"Toyota"},{"@type":"BreadcrumbList","@id":"https:\/\/autofans.com.ar\/index.php\/2025\/07\/18\/toyota-lanza-el-yaris-cross-en-argentina\/#breadcrumb","itemListElement":[{"@type":"ListItem","position":1,"name":"Inicio","item":"https:\/\/autofans.com.ar\/"},{"@type":"ListItem","position":2,"name":"Toyota lanza el Yaris Cross en Argentina"}]},{"@type":"WebSite","@id":"https:\/\/autofans.com.ar\/#website","url":"https:\/\/autofans.com.ar\/","name":"","description":"El multimedio referente de la industria automotriz","potentialAction":[{"@type":"SearchAction","target":{"@type":"EntryPoint","urlTemplate":"https:\/\/autofans.com.ar\/?s={search_term_string}"},"query-input":{"@type":"PropertyValueSpecification","valueRequired":true,"valueName":"search_term_string"}}],"inLanguage":"es"},{"@type":"Person","@id":"https:\/\/autofans.com.ar\/#\/schema\/person\/4a8dda0b6df83ac3d6723e921274c2aa","name":"Alejandro Gabriel Rosito","image":{"@type":"ImageObject","inLanguage":"es","@id":"https:\/\/secure.gravatar.com\/avatar\/16c5dda1489adfc62618084dcbb91cffd879c374b13fe5dd8e44ed6733852c88?s=96&d=mm&r=g","url":"https:\/\/secure.gravatar.com\/avatar\/16c5dda1489adfc62618084dcbb91cffd879c374b13fe5dd8e44ed6733852c88?s=96&d=mm&r=g","contentUrl":"https:\/\/secure.gravatar.com\/avatar\/16c5dda1489adfc62618084dcbb91cffd879c374b13fe5dd8e44ed6733852c88?s=96&d=mm&r=g","caption":"Alejandro Gabriel Rosito"},"url":"https:\/\/autofans.com.ar\/index.php\/author\/gabrielr\/"}]}},"featured_image_urls":{"full":["https:\/\/autofans.com.ar\/wp-content\/uploads\/2025\/07\/toyota-3.jpg",1000,667,false],"thumbnail":["https:\/\/autofans.com.ar\/wp-content\/uploads\/2025\/07\/toyota-3-150x150.jpg",150,150,true],"medium":["https:\/\/autofans.com.ar\/wp-content\/uploads\/2025\/07\/toyota-3-300x200.jpg",300,200,true],"medium_large":["https:\/\/autofans.com.ar\/wp-content\/uploads\/2025\/07\/toyota-3-768x512.jpg",640,427,true],"large":["https:\/\/autofans.com.ar\/wp-content\/uploads\/2025\/07\/toyota-3.jpg",640,427,false],"1536x1536":["https:\/\/autofans.com.ar\/wp-content\/uploads\/2025\/07\/toyota-3.jpg",1000,667,false],"2048x2048":["https:\/\/autofans.com.ar\/wp-content\/uploads\/2025\/07\/toyota-3.jpg",1000,667,false],"covernews-featured":["https:\/\/autofans.com.ar\/wp-content\/uploads\/2025\/07\/toyota-3.jpg",1000,667,false],"covernews-medium":["https:\/\/autofans.com.ar\/wp-content\/uploads\/2025\/07\/toyota-3-540x340.jpg",540,340,true]},"author_info":{"display_name":"Alejandro Gabriel Rosito","author_link":"https:\/\/autofans.com.ar\/index.php\/author\/gabrielr\/"},"category_info":"<a href=\"https:\/\/autofans.com.ar\/index.php\/category\/lanzamientos\/autos-y-suv\/\" rel=\"category tag\">Autos y SUV<\/a> <a href=\"https:\/\/autofans.com.ar\/index.php\/category\/lanzamientos\/\" rel=\"category tag\">LANZAMIENTOS<\/a>","tag_info":"LANZAMIENTOS","comment_count":0,"_links":{"self":[{"href":"https:\/\/autofans.com.ar\/index.php\/wp-json\/wp\/v2\/posts\/13333","targetHints":{"allow":["GET"]}}],"collection":[{"href":"https:\/\/autofans.com.ar\/index.php\/wp-json\/wp\/v2\/posts"}],"about":[{"href":"https:\/\/autofans.com.ar\/index.php\/wp-json\/wp\/v2\/types\/post"}],"author":[{"embeddable":true,"href":"https:\/\/autofans.com.ar\/index.php\/wp-json\/wp\/v2\/users\/2"}],"replies":[{"embeddable":true,"href":"https:\/\/autofans.com.ar\/index.php\/wp-json\/wp\/v2\/comments?post=13333"}],"version-history":[{"count":1,"href":"https:\/\/autofans.com.ar\/index.php\/wp-json\/wp\/v2\/posts\/13333\/revisions"}],"predecessor-version":[{"id":13341,"href":"https:\/\/autofans.com.ar\/index.php\/wp-json\/wp\/v2\/posts\/13333\/revisions\/13341"}],"wp:featuredmedia":[{"embeddable":true,"href":"https:\/\/autofans.com.ar\/index.php\/wp-json\/wp\/v2\/media\/13337"}],"wp:attachment":[{"href":"https:\/\/autofans.com.ar\/index.php\/wp-json\/wp\/v2\/media?parent=13333"}],"wp:term":[{"taxonomy":"category","embeddable":true,"href":"https:\/\/autofans.com.ar\/index.php\/wp-json\/wp\/v2\/categories?post=13333"},{"taxonomy":"post_tag","embeddable":true,"href":"https:\/\/autofans.com.ar\/index.php\/wp-json\/wp\/v2\/tags?post=13333"}],"curies":[{"name":"wp","href":"https:\/\/api.w.org\/{rel}","templated":true}]}}