{"id":1338,"date":"2023-04-06T14:43:36","date_gmt":"2023-04-06T17:43:36","guid":{"rendered":"https:\/\/autofans.com.ar\/?p=1338"},"modified":"2023-04-06T14:43:36","modified_gmt":"2023-04-06T17:43:36","slug":"ram-truck-presenta-su-primera-camioneta-pickup-totalmente-electrica","status":"publish","type":"post","link":"https:\/\/autofans.com.ar\/index.php\/2023\/04\/06\/ram-truck-presenta-su-primera-camioneta-pickup-totalmente-electrica\/","title":{"rendered":"Ram Truck presenta su primera camioneta pickup totalmente el\u00e9ctrica"},"content":{"rendered":"<p>Ram Truck ha presentado su primer pickup de carga ligera con bater\u00eda completamente el\u00e9ctrica en el New York International Auto Show, el Ram 1500 REV 2025. Este veh\u00edculo ofrece la mejor combinaci\u00f3n de autonom\u00eda, capacidad de remolque, carga \u00fatil y tiempo de carga en la industria. Esto lo convierte en un hito importante en el viaje de la compa\u00f1\u00eda para ofrecer las mejores soluciones electrificadas en el mercado. Asimismo el cami\u00f3n cuenta con dos opciones el\u00e9ctricas, una bater\u00eda est\u00e1ndar de 168 kWh con un rango objetivo de 350 millas y una bater\u00eda opcional m\u00e1s grande de 229 kWh con un rango espec\u00edfico de hasta 500 millas.<\/p>\n<p>&nbsp;<\/p>\n<p><img fetchpriority=\"high\" decoding=\"async\" class=\"aligncenter wp-image-1341 size-full\" src=\"https:\/\/autofans.com.ar\/wp-content\/uploads\/2023\/04\/foto-4-4-jpg.webp\" alt=\"ram\" width=\"1000\" height=\"667\" srcset=\"https:\/\/autofans.com.ar\/wp-content\/uploads\/2023\/04\/foto-4-4-jpg.webp 1000w, https:\/\/autofans.com.ar\/wp-content\/uploads\/2023\/04\/foto-4-4-300x200.webp 300w, https:\/\/autofans.com.ar\/wp-content\/uploads\/2023\/04\/foto-4-4-768x512.webp 768w\" sizes=\"(max-width: 1000px) 100vw, 1000px\" \/><\/p>\n<p>&nbsp;<\/p>\n<h2>CAPACIDAD SIN CONCESIONES<\/h2>\n<p>En particular el Ram 1500 REV 2025 puede remolcar hasta 14,000 libras y una carga \u00fatil de hasta 2,700 libras. De igual forma la compa\u00f1\u00eda tambi\u00e9n ha introducido nuevas caracter\u00edsticas como el \u00abfrunk\u00bb que ofrece 15 pies c\u00fabicos de almacenamiento y un acabado de tungsteno con un nuevo sistema de audio Klipsch ultrapremium de 23 bocinas.<\/p>\n<blockquote>\n<p style=\"text-align: center;\">El CEO de Ram, Mike Koval Jr., expres\u00f3 su entusiasmo, afirmando que \u00abEl Ram 1500 REV completamente el\u00e9ctrico es un hito monumental en nuestro viaje continuo para ofrecer las mejores soluciones electrificadas de la industria y fortalecer a\u00fan m\u00e1s nuestra galardonada l\u00ednea de productos. Creemos en proporcionar la gama adecuada de soluciones a nuestros clientes y seguiremos redefiniendo el segmento de los camiones. Nuestro nuevo Ram 1500 REV supera a la competencia en \u00e1reas que son m\u00e1s importantes para los clientes, como la autonom\u00eda, el remolque, la carga \u00fatil y el tiempo de carga.\u00bb<\/p>\n<\/blockquote>\n<p>&nbsp;<\/p>\n<div id='gallery-1' class='gallery galleryid-1338 gallery-columns-2 gallery-size-large'><figure class='gallery-item'>\n\t\t\t<div class='gallery-icon landscape'>\n\t\t\t\t<a href='https:\/\/autofans.com.ar\/index.php\/2023\/04\/06\/ram-truck-presenta-su-primera-camioneta-pickup-totalmente-electrica\/foto-4-18\/'><img loading=\"lazy\" width=\"640\" height=\"427\" src=\"https:\/\/autofans.com.ar\/wp-content\/uploads\/2023\/04\/foto-4-4-jpg.webp\" class=\"attachment-large size-large\" alt=\"ram\" srcset=\"https:\/\/autofans.com.ar\/wp-content\/uploads\/2023\/04\/foto-4-4-jpg.webp 1000w, https:\/\/autofans.com.ar\/wp-content\/uploads\/2023\/04\/foto-4-4-300x200.webp 300w, https:\/\/autofans.com.ar\/wp-content\/uploads\/2023\/04\/foto-4-4-768x512.webp 768w\" sizes=\"auto, (max-width: 640px) 100vw, 640px\" loading=\"lazy\" decoding=\"async\" \/><\/a>\n\t\t\t<\/div><\/figure><figure class='gallery-item'>\n\t\t\t<div class='gallery-icon landscape'>\n\t\t\t\t<a href='https:\/\/autofans.com.ar\/index.php\/2023\/04\/06\/ram-truck-presenta-su-primera-camioneta-pickup-totalmente-electrica\/foto-3-19\/'><img loading=\"lazy\" width=\"640\" height=\"427\" src=\"https:\/\/autofans.com.ar\/wp-content\/uploads\/2023\/04\/foto-3-5-jpg.webp\" class=\"attachment-large size-large\" alt=\"ram\" srcset=\"https:\/\/autofans.com.ar\/wp-content\/uploads\/2023\/04\/foto-3-5-jpg.webp 1000w, https:\/\/autofans.com.ar\/wp-content\/uploads\/2023\/04\/foto-3-5-300x200.webp 300w, https:\/\/autofans.com.ar\/wp-content\/uploads\/2023\/04\/foto-3-5-768x512.webp 768w\" sizes=\"auto, (max-width: 640px) 100vw, 640px\" loading=\"lazy\" decoding=\"async\" \/><\/a>\n\t\t\t<\/div><\/figure>\n\t\t<\/div>\n\n<p>El Ram 1500 REV 2025 se construye sobre la nueva plataforma STLA dise\u00f1ada espec\u00edficamente para veh\u00edculos el\u00e9ctricos de tama\u00f1o completo, incorporando el paquete de bater\u00edas de la manera m\u00e1s eficiente posible. Asimismo el lanzamiento del <a href=\"https:\/\/es.ramtrucks.com\/revolution\/ram-1500-rev.html\" target=\"_blank\" rel=\"noopener\">Ram 1500<\/a> REV es un paso fundamental en la estrategia de electrificaci\u00f3n <a href=\"https:\/\/www.stellantis.com\/en\" target=\"_blank\" rel=\"noopener\">de Stellantis<\/a> delineada en el plan estrat\u00e9gico a largo plazo Dare Forward 2030.<\/p>\n<p>&nbsp;<\/p>\n<div id='gallery-2' class='gallery galleryid-1338 gallery-columns-2 gallery-size-full'><figure class='gallery-item'>\n\t\t\t<div class='gallery-icon landscape'>\n\t\t\t\t<a href='https:\/\/autofans.com.ar\/index.php\/2023\/04\/06\/ram-truck-presenta-su-primera-camioneta-pickup-totalmente-electrica\/foto-2-21\/'><img loading=\"lazy\" width=\"1000\" height=\"667\" src=\"https:\/\/autofans.com.ar\/wp-content\/uploads\/2023\/04\/foto-2-6-jpg.webp\" class=\"attachment-full size-full\" alt=\"ram\" srcset=\"https:\/\/autofans.com.ar\/wp-content\/uploads\/2023\/04\/foto-2-6-jpg.webp 1000w, https:\/\/autofans.com.ar\/wp-content\/uploads\/2023\/04\/foto-2-6-300x200.webp 300w, https:\/\/autofans.com.ar\/wp-content\/uploads\/2023\/04\/foto-2-6-768x512.webp 768w\" sizes=\"auto, (max-width: 1000px) 100vw, 1000px\" loading=\"lazy\" decoding=\"async\" \/><\/a>\n\t\t\t<\/div><\/figure><figure class='gallery-item'>\n\t\t\t<div class='gallery-icon landscape'>\n\t\t\t\t<a href='https:\/\/autofans.com.ar\/index.php\/2023\/04\/06\/ram-truck-presenta-su-primera-camioneta-pickup-totalmente-electrica\/foto-1-20\/'><img loading=\"lazy\" width=\"1000\" height=\"667\" src=\"https:\/\/autofans.com.ar\/wp-content\/uploads\/2023\/04\/foto-1-6-jpg.webp\" class=\"attachment-full size-full\" alt=\"ram\" srcset=\"https:\/\/autofans.com.ar\/wp-content\/uploads\/2023\/04\/foto-1-6-jpg.webp 1000w, https:\/\/autofans.com.ar\/wp-content\/uploads\/2023\/04\/foto-1-6-300x200.webp 300w, https:\/\/autofans.com.ar\/wp-content\/uploads\/2023\/04\/foto-1-6-768x512.webp 768w\" sizes=\"auto, (max-width: 1000px) 100vw, 1000px\" loading=\"lazy\" decoding=\"async\" \/><\/a>\n\t\t\t<\/div><\/figure>\n\t\t<\/div>\n\n<p>No obstante la carga bidireccional de veh\u00edculo a veh\u00edculo, de veh\u00edculo a casa y de veh\u00edculo a la red le brinda a la Ram 1500 REV la flexibilidad de cargar otro veh\u00edculo el\u00e9ctrico de bater\u00eda Stellantis o devolver energ\u00eda a la red.<\/p>\n<p>&nbsp;<\/p>\n<p><center><iframe title=\"2025 Ram 1500 REV | First Look\" width=\"640\" height=\"360\" src=\"https:\/\/www.youtube.com\/embed\/Rz7DXpk_ASk?feature=oembed\" frameborder=\"0\" allow=\"accelerometer; autoplay; clipboard-write; encrypted-media; gyroscope; picture-in-picture; web-share\" referrerpolicy=\"strict-origin-when-cross-origin\" allowfullscreen><\/iframe><\/p>\n<p>&nbsp;<\/p>\n<p style=\"text-align: left;\">Por \u00faltimo el Ram 1500 REV 2025 es un cambio de juego en el mercado de las pickups, ofreciendo tecnolog\u00eda de vanguardia con un futuro sostenible y marca un nuevo cap\u00edtulo en la estrategia a largo plazo de la compa\u00f1\u00eda.<\/p>\n<p>&nbsp;<\/p>\n<p>&nbsp;<\/p>\n<p><\/center>&nbsp;<\/p>\n<p><i>Para enterarte de m\u00e1s novedades, no dejes de leer\u00a0<\/i><a href=\"https:\/\/autofans.thebrandsoup.com\/\"><i>nuestras notas<\/i><\/a><i>, de ver<\/i><b><i>\u00a0<\/i><\/b><a href=\"https:\/\/www.youtube.com\/channel\/UCgAC8UGHZYbT6P7PpmVnP7g\"><b><i>AUTOFANS TV<\/i><\/b><\/a><b><i>\u00a0<\/i><\/b><i>en nuestro\u00a0canal de Youtube. Adem\u00e1s seguinos en\u00a0<\/i><a href=\"https:\/\/www.instagram.com\/autofanstv\/\"><i>INSTAGRAM<\/i><\/a><i> y <\/i><a href=\"https:\/\/www.facebook.com\/autofansmas\/\"><i>FACEBOOK<\/i><\/a><i> para no perderte nada sobre las novedades del segmento automotor de Argentina y el mundo.<\/i><\/p>\n<p>&nbsp;<\/p>\n","protected":false},"excerpt":{"rendered":"<p>Ram Truck ha presentado su primer pickup de carga ligera con bater\u00eda completamente el\u00e9ctrica en&#8230;<\/p>\n","protected":false},"author":2,"featured_media":1339,"comment_status":"closed","ping_status":"closed","sticky":false,"template":"","format":"standard","meta":{"footnotes":""},"categories":[341,1],"tags":[593,592,591,32],"class_list":["post-1338","post","type-post","status-publish","format-standard","has-post-thumbnail","hentry","category-hibridos-y-electricos","category-lanzamientos","tag-bateria-elect","tag-camioneta-pickup","tag-ram-1500-rev-2025","tag-vehiculo-electrico"],"yoast_head":"<!-- This site is optimized with the Yoast SEO plugin v27.5 - https:\/\/yoast.com\/product\/yoast-seo-wordpress\/ -->\n<title>Ram Truck presenta su primera camioneta pickup totalmente el\u00e9ctrica -<\/title>\n<meta name=\"description\" content=\"La Ram 1500 REV 2025 la primera camioneta pickup de servicio ligero con bater\u00eda el\u00e9ctrica, se presento en el Sal\u00f3n del Autom\u00f3vil de Nueva York\" \/>\n<meta name=\"robots\" content=\"index, follow, max-snippet:-1, max-image-preview:large, max-video-preview:-1\" \/>\n<link rel=\"canonical\" href=\"https:\/\/autofans.com.ar\/index.php\/2023\/04\/06\/ram-truck-presenta-su-primera-camioneta-pickup-totalmente-electrica\/\" \/>\n<meta property=\"og:locale\" content=\"es_ES\" \/>\n<meta property=\"og:type\" content=\"article\" \/>\n<meta property=\"og:title\" content=\"Ram Truck presenta su primera camioneta pickup totalmente el\u00e9ctrica -\" \/>\n<meta property=\"og:description\" content=\"La Ram 1500 REV 2025 la primera camioneta pickup de servicio ligero con bater\u00eda el\u00e9ctrica, se presento en el Sal\u00f3n del Autom\u00f3vil de Nueva York\" \/>\n<meta property=\"og:url\" content=\"https:\/\/autofans.com.ar\/index.php\/2023\/04\/06\/ram-truck-presenta-su-primera-camioneta-pickup-totalmente-electrica\/\" \/>\n<meta property=\"article:published_time\" content=\"2023-04-06T17:43:36+00:00\" \/>\n<meta property=\"og:image\" content=\"https:\/\/autofans.com.ar\/wp-content\/uploads\/2023\/04\/foto-6-3-jpg.webp\" \/>\n\t<meta property=\"og:image:width\" content=\"1000\" \/>\n\t<meta property=\"og:image:height\" content=\"667\" \/>\n\t<meta property=\"og:image:type\" content=\"image\/jpeg\" \/>\n<meta name=\"author\" content=\"Alejandro Gabriel Rosito\" \/>\n<meta name=\"twitter:card\" content=\"summary_large_image\" \/>\n<meta name=\"twitter:label1\" content=\"Escrito por\" \/>\n\t<meta name=\"twitter:data1\" content=\"Alejandro Gabriel Rosito\" \/>\n\t<meta name=\"twitter:label2\" content=\"Tiempo de lectura\" \/>\n\t<meta name=\"twitter:data2\" content=\"3 minutos\" \/>\n<script type=\"application\/ld+json\" class=\"yoast-schema-graph\">{\"@context\":\"https:\\\/\\\/schema.org\",\"@graph\":[{\"@type\":\"Article\",\"@id\":\"https:\\\/\\\/autofans.com.ar\\\/index.php\\\/2023\\\/04\\\/06\\\/ram-truck-presenta-su-primera-camioneta-pickup-totalmente-electrica\\\/#article\",\"isPartOf\":{\"@id\":\"https:\\\/\\\/autofans.com.ar\\\/index.php\\\/2023\\\/04\\\/06\\\/ram-truck-presenta-su-primera-camioneta-pickup-totalmente-electrica\\\/\"},\"author\":{\"name\":\"Alejandro Gabriel Rosito\",\"@id\":\"https:\\\/\\\/autofans.com.ar\\\/#\\\/schema\\\/person\\\/4a8dda0b6df83ac3d6723e921274c2aa\"},\"headline\":\"Ram Truck presenta su primera camioneta pickup totalmente el\u00e9ctrica\",\"datePublished\":\"2023-04-06T17:43:36+00:00\",\"mainEntityOfPage\":{\"@id\":\"https:\\\/\\\/autofans.com.ar\\\/index.php\\\/2023\\\/04\\\/06\\\/ram-truck-presenta-su-primera-camioneta-pickup-totalmente-electrica\\\/\"},\"wordCount\":507,\"image\":{\"@id\":\"https:\\\/\\\/autofans.com.ar\\\/index.php\\\/2023\\\/04\\\/06\\\/ram-truck-presenta-su-primera-camioneta-pickup-totalmente-electrica\\\/#primaryimage\"},\"thumbnailUrl\":\"https:\\\/\\\/autofans.com.ar\\\/wp-content\\\/uploads\\\/2023\\\/04\\\/foto-6-3-jpg.webp\",\"keywords\":[\"bater\u00eda el\u00e9ct\",\"camioneta pickup\",\"Ram 1500 REV 2025\",\"Vehiculo electrico\"],\"articleSection\":[\"HIBRIDOS, ELECTRICOS y otros\",\"LANZAMIENTOS\"],\"inLanguage\":\"es\"},{\"@type\":\"WebPage\",\"@id\":\"https:\\\/\\\/autofans.com.ar\\\/index.php\\\/2023\\\/04\\\/06\\\/ram-truck-presenta-su-primera-camioneta-pickup-totalmente-electrica\\\/\",\"url\":\"https:\\\/\\\/autofans.com.ar\\\/index.php\\\/2023\\\/04\\\/06\\\/ram-truck-presenta-su-primera-camioneta-pickup-totalmente-electrica\\\/\",\"name\":\"Ram Truck presenta su primera camioneta pickup totalmente el\u00e9ctrica -\",\"isPartOf\":{\"@id\":\"https:\\\/\\\/autofans.com.ar\\\/#website\"},\"primaryImageOfPage\":{\"@id\":\"https:\\\/\\\/autofans.com.ar\\\/index.php\\\/2023\\\/04\\\/06\\\/ram-truck-presenta-su-primera-camioneta-pickup-totalmente-electrica\\\/#primaryimage\"},\"image\":{\"@id\":\"https:\\\/\\\/autofans.com.ar\\\/index.php\\\/2023\\\/04\\\/06\\\/ram-truck-presenta-su-primera-camioneta-pickup-totalmente-electrica\\\/#primaryimage\"},\"thumbnailUrl\":\"https:\\\/\\\/autofans.com.ar\\\/wp-content\\\/uploads\\\/2023\\\/04\\\/foto-6-3-jpg.webp\",\"datePublished\":\"2023-04-06T17:43:36+00:00\",\"author\":{\"@id\":\"https:\\\/\\\/autofans.com.ar\\\/#\\\/schema\\\/person\\\/4a8dda0b6df83ac3d6723e921274c2aa\"},\"description\":\"La Ram 1500 REV 2025 la primera camioneta pickup de servicio ligero con bater\u00eda el\u00e9ctrica, se presento en el Sal\u00f3n del Autom\u00f3vil de Nueva York\",\"breadcrumb\":{\"@id\":\"https:\\\/\\\/autofans.com.ar\\\/index.php\\\/2023\\\/04\\\/06\\\/ram-truck-presenta-su-primera-camioneta-pickup-totalmente-electrica\\\/#breadcrumb\"},\"inLanguage\":\"es\",\"potentialAction\":[{\"@type\":\"ReadAction\",\"target\":[\"https:\\\/\\\/autofans.com.ar\\\/index.php\\\/2023\\\/04\\\/06\\\/ram-truck-presenta-su-primera-camioneta-pickup-totalmente-electrica\\\/\"]}]},{\"@type\":\"ImageObject\",\"inLanguage\":\"es\",\"@id\":\"https:\\\/\\\/autofans.com.ar\\\/index.php\\\/2023\\\/04\\\/06\\\/ram-truck-presenta-su-primera-camioneta-pickup-totalmente-electrica\\\/#primaryimage\",\"url\":\"https:\\\/\\\/autofans.com.ar\\\/wp-content\\\/uploads\\\/2023\\\/04\\\/foto-6-3-jpg.webp\",\"contentUrl\":\"https:\\\/\\\/autofans.com.ar\\\/wp-content\\\/uploads\\\/2023\\\/04\\\/foto-6-3-jpg.webp\",\"width\":1000,\"height\":667,\"caption\":\"ram\"},{\"@type\":\"BreadcrumbList\",\"@id\":\"https:\\\/\\\/autofans.com.ar\\\/index.php\\\/2023\\\/04\\\/06\\\/ram-truck-presenta-su-primera-camioneta-pickup-totalmente-electrica\\\/#breadcrumb\",\"itemListElement\":[{\"@type\":\"ListItem\",\"position\":1,\"name\":\"Inicio\",\"item\":\"https:\\\/\\\/autofans.com.ar\\\/\"},{\"@type\":\"ListItem\",\"position\":2,\"name\":\"Ram Truck presenta su primera camioneta pickup totalmente el\u00e9ctrica\"}]},{\"@type\":\"WebSite\",\"@id\":\"https:\\\/\\\/autofans.com.ar\\\/#website\",\"url\":\"https:\\\/\\\/autofans.com.ar\\\/\",\"name\":\"\",\"description\":\"El multimedio referente de la industria automotriz\",\"potentialAction\":[{\"@type\":\"SearchAction\",\"target\":{\"@type\":\"EntryPoint\",\"urlTemplate\":\"https:\\\/\\\/autofans.com.ar\\\/?s={search_term_string}\"},\"query-input\":{\"@type\":\"PropertyValueSpecification\",\"valueRequired\":true,\"valueName\":\"search_term_string\"}}],\"inLanguage\":\"es\"},{\"@type\":\"Person\",\"@id\":\"https:\\\/\\\/autofans.com.ar\\\/#\\\/schema\\\/person\\\/4a8dda0b6df83ac3d6723e921274c2aa\",\"name\":\"Alejandro Gabriel Rosito\",\"image\":{\"@type\":\"ImageObject\",\"inLanguage\":\"es\",\"@id\":\"https:\\\/\\\/secure.gravatar.com\\\/avatar\\\/16c5dda1489adfc62618084dcbb91cffd879c374b13fe5dd8e44ed6733852c88?s=96&d=mm&r=g\",\"url\":\"https:\\\/\\\/secure.gravatar.com\\\/avatar\\\/16c5dda1489adfc62618084dcbb91cffd879c374b13fe5dd8e44ed6733852c88?s=96&d=mm&r=g\",\"contentUrl\":\"https:\\\/\\\/secure.gravatar.com\\\/avatar\\\/16c5dda1489adfc62618084dcbb91cffd879c374b13fe5dd8e44ed6733852c88?s=96&d=mm&r=g\",\"caption\":\"Alejandro Gabriel Rosito\"},\"url\":\"https:\\\/\\\/autofans.com.ar\\\/index.php\\\/author\\\/gabrielr\\\/\"}]}<\/script>\n<!-- \/ Yoast SEO plugin. -->","yoast_head_json":{"title":"Ram Truck presenta su primera camioneta pickup totalmente el\u00e9ctrica -","description":"La Ram 1500 REV 2025 la primera camioneta pickup de servicio ligero con bater\u00eda el\u00e9ctrica, se presento en el Sal\u00f3n del Autom\u00f3vil de Nueva York","robots":{"index":"index","follow":"follow","max-snippet":"max-snippet:-1","max-image-preview":"max-image-preview:large","max-video-preview":"max-video-preview:-1"},"canonical":"https:\/\/autofans.com.ar\/index.php\/2023\/04\/06\/ram-truck-presenta-su-primera-camioneta-pickup-totalmente-electrica\/","og_locale":"es_ES","og_type":"article","og_title":"Ram Truck presenta su primera camioneta pickup totalmente el\u00e9ctrica -","og_description":"La Ram 1500 REV 2025 la primera camioneta pickup de servicio ligero con bater\u00eda el\u00e9ctrica, se presento en el Sal\u00f3n del Autom\u00f3vil de Nueva York","og_url":"https:\/\/autofans.com.ar\/index.php\/2023\/04\/06\/ram-truck-presenta-su-primera-camioneta-pickup-totalmente-electrica\/","article_published_time":"2023-04-06T17:43:36+00:00","og_image":[{"width":1000,"height":667,"url":"https:\/\/autofans.com.ar\/wp-content\/uploads\/2023\/04\/foto-6-3-jpg.webp","type":"image\/jpeg"}],"author":"Alejandro Gabriel Rosito","twitter_card":"summary_large_image","twitter_misc":{"Escrito por":"Alejandro Gabriel Rosito","Tiempo de lectura":"3 minutos"},"schema":{"@context":"https:\/\/schema.org","@graph":[{"@type":"Article","@id":"https:\/\/autofans.com.ar\/index.php\/2023\/04\/06\/ram-truck-presenta-su-primera-camioneta-pickup-totalmente-electrica\/#article","isPartOf":{"@id":"https:\/\/autofans.com.ar\/index.php\/2023\/04\/06\/ram-truck-presenta-su-primera-camioneta-pickup-totalmente-electrica\/"},"author":{"name":"Alejandro Gabriel Rosito","@id":"https:\/\/autofans.com.ar\/#\/schema\/person\/4a8dda0b6df83ac3d6723e921274c2aa"},"headline":"Ram Truck presenta su primera camioneta pickup totalmente el\u00e9ctrica","datePublished":"2023-04-06T17:43:36+00:00","mainEntityOfPage":{"@id":"https:\/\/autofans.com.ar\/index.php\/2023\/04\/06\/ram-truck-presenta-su-primera-camioneta-pickup-totalmente-electrica\/"},"wordCount":507,"image":{"@id":"https:\/\/autofans.com.ar\/index.php\/2023\/04\/06\/ram-truck-presenta-su-primera-camioneta-pickup-totalmente-electrica\/#primaryimage"},"thumbnailUrl":"https:\/\/autofans.com.ar\/wp-content\/uploads\/2023\/04\/foto-6-3-jpg.webp","keywords":["bater\u00eda el\u00e9ct","camioneta pickup","Ram 1500 REV 2025","Vehiculo electrico"],"articleSection":["HIBRIDOS, ELECTRICOS y otros","LANZAMIENTOS"],"inLanguage":"es"},{"@type":"WebPage","@id":"https:\/\/autofans.com.ar\/index.php\/2023\/04\/06\/ram-truck-presenta-su-primera-camioneta-pickup-totalmente-electrica\/","url":"https:\/\/autofans.com.ar\/index.php\/2023\/04\/06\/ram-truck-presenta-su-primera-camioneta-pickup-totalmente-electrica\/","name":"Ram Truck presenta su primera camioneta pickup totalmente el\u00e9ctrica -","isPartOf":{"@id":"https:\/\/autofans.com.ar\/#website"},"primaryImageOfPage":{"@id":"https:\/\/autofans.com.ar\/index.php\/2023\/04\/06\/ram-truck-presenta-su-primera-camioneta-pickup-totalmente-electrica\/#primaryimage"},"image":{"@id":"https:\/\/autofans.com.ar\/index.php\/2023\/04\/06\/ram-truck-presenta-su-primera-camioneta-pickup-totalmente-electrica\/#primaryimage"},"thumbnailUrl":"https:\/\/autofans.com.ar\/wp-content\/uploads\/2023\/04\/foto-6-3-jpg.webp","datePublished":"2023-04-06T17:43:36+00:00","author":{"@id":"https:\/\/autofans.com.ar\/#\/schema\/person\/4a8dda0b6df83ac3d6723e921274c2aa"},"description":"La Ram 1500 REV 2025 la primera camioneta pickup de servicio ligero con bater\u00eda el\u00e9ctrica, se presento en el Sal\u00f3n del Autom\u00f3vil de Nueva York","breadcrumb":{"@id":"https:\/\/autofans.com.ar\/index.php\/2023\/04\/06\/ram-truck-presenta-su-primera-camioneta-pickup-totalmente-electrica\/#breadcrumb"},"inLanguage":"es","potentialAction":[{"@type":"ReadAction","target":["https:\/\/autofans.com.ar\/index.php\/2023\/04\/06\/ram-truck-presenta-su-primera-camioneta-pickup-totalmente-electrica\/"]}]},{"@type":"ImageObject","inLanguage":"es","@id":"https:\/\/autofans.com.ar\/index.php\/2023\/04\/06\/ram-truck-presenta-su-primera-camioneta-pickup-totalmente-electrica\/#primaryimage","url":"https:\/\/autofans.com.ar\/wp-content\/uploads\/2023\/04\/foto-6-3-jpg.webp","contentUrl":"https:\/\/autofans.com.ar\/wp-content\/uploads\/2023\/04\/foto-6-3-jpg.webp","width":1000,"height":667,"caption":"ram"},{"@type":"BreadcrumbList","@id":"https:\/\/autofans.com.ar\/index.php\/2023\/04\/06\/ram-truck-presenta-su-primera-camioneta-pickup-totalmente-electrica\/#breadcrumb","itemListElement":[{"@type":"ListItem","position":1,"name":"Inicio","item":"https:\/\/autofans.com.ar\/"},{"@type":"ListItem","position":2,"name":"Ram Truck presenta su primera camioneta pickup totalmente el\u00e9ctrica"}]},{"@type":"WebSite","@id":"https:\/\/autofans.com.ar\/#website","url":"https:\/\/autofans.com.ar\/","name":"","description":"El multimedio referente de la industria automotriz","potentialAction":[{"@type":"SearchAction","target":{"@type":"EntryPoint","urlTemplate":"https:\/\/autofans.com.ar\/?s={search_term_string}"},"query-input":{"@type":"PropertyValueSpecification","valueRequired":true,"valueName":"search_term_string"}}],"inLanguage":"es"},{"@type":"Person","@id":"https:\/\/autofans.com.ar\/#\/schema\/person\/4a8dda0b6df83ac3d6723e921274c2aa","name":"Alejandro Gabriel Rosito","image":{"@type":"ImageObject","inLanguage":"es","@id":"https:\/\/secure.gravatar.com\/avatar\/16c5dda1489adfc62618084dcbb91cffd879c374b13fe5dd8e44ed6733852c88?s=96&d=mm&r=g","url":"https:\/\/secure.gravatar.com\/avatar\/16c5dda1489adfc62618084dcbb91cffd879c374b13fe5dd8e44ed6733852c88?s=96&d=mm&r=g","contentUrl":"https:\/\/secure.gravatar.com\/avatar\/16c5dda1489adfc62618084dcbb91cffd879c374b13fe5dd8e44ed6733852c88?s=96&d=mm&r=g","caption":"Alejandro Gabriel Rosito"},"url":"https:\/\/autofans.com.ar\/index.php\/author\/gabrielr\/"}]}},"featured_image_urls":{"full":["https:\/\/autofans.com.ar\/wp-content\/uploads\/2023\/04\/foto-6-3-jpg.webp",1000,667,false],"thumbnail":["https:\/\/autofans.com.ar\/wp-content\/uploads\/2023\/04\/foto-6-3-150x150.webp",150,150,true],"medium":["https:\/\/autofans.com.ar\/wp-content\/uploads\/2023\/04\/foto-6-3-300x200.webp",300,200,true],"medium_large":["https:\/\/autofans.com.ar\/wp-content\/uploads\/2023\/04\/foto-6-3-768x512.webp",640,427,true],"large":["https:\/\/autofans.com.ar\/wp-content\/uploads\/2023\/04\/foto-6-3-jpg.webp",640,427,false],"1536x1536":["https:\/\/autofans.com.ar\/wp-content\/uploads\/2023\/04\/foto-6-3-jpg.webp",1000,667,false],"2048x2048":["https:\/\/autofans.com.ar\/wp-content\/uploads\/2023\/04\/foto-6-3-jpg.webp",1000,667,false],"covernews-featured":["https:\/\/autofans.com.ar\/wp-content\/uploads\/2023\/04\/foto-6-3-jpg.webp",1000,667,false],"covernews-medium":["https:\/\/autofans.com.ar\/wp-content\/uploads\/2023\/04\/foto-6-3-540x340.webp",540,340,true]},"author_info":{"display_name":"Alejandro Gabriel Rosito","author_link":"https:\/\/autofans.com.ar\/index.php\/author\/gabrielr\/"},"category_info":"<a href=\"https:\/\/autofans.com.ar\/index.php\/category\/noticias\/hibridos-y-electricos\/\" rel=\"category tag\">HIBRIDOS, ELECTRICOS y otros<\/a> <a href=\"https:\/\/autofans.com.ar\/index.php\/category\/lanzamientos\/\" rel=\"category tag\">LANZAMIENTOS<\/a>","tag_info":"LANZAMIENTOS","comment_count":0,"_links":{"self":[{"href":"https:\/\/autofans.com.ar\/index.php\/wp-json\/wp\/v2\/posts\/1338","targetHints":{"allow":["GET"]}}],"collection":[{"href":"https:\/\/autofans.com.ar\/index.php\/wp-json\/wp\/v2\/posts"}],"about":[{"href":"https:\/\/autofans.com.ar\/index.php\/wp-json\/wp\/v2\/types\/post"}],"author":[{"embeddable":true,"href":"https:\/\/autofans.com.ar\/index.php\/wp-json\/wp\/v2\/users\/2"}],"replies":[{"embeddable":true,"href":"https:\/\/autofans.com.ar\/index.php\/wp-json\/wp\/v2\/comments?post=1338"}],"version-history":[{"count":10,"href":"https:\/\/autofans.com.ar\/index.php\/wp-json\/wp\/v2\/posts\/1338\/revisions"}],"predecessor-version":[{"id":1354,"href":"https:\/\/autofans.com.ar\/index.php\/wp-json\/wp\/v2\/posts\/1338\/revisions\/1354"}],"wp:featuredmedia":[{"embeddable":true,"href":"https:\/\/autofans.com.ar\/index.php\/wp-json\/wp\/v2\/media\/1339"}],"wp:attachment":[{"href":"https:\/\/autofans.com.ar\/index.php\/wp-json\/wp\/v2\/media?parent=1338"}],"wp:term":[{"taxonomy":"category","embeddable":true,"href":"https:\/\/autofans.com.ar\/index.php\/wp-json\/wp\/v2\/categories?post=1338"},{"taxonomy":"post_tag","embeddable":true,"href":"https:\/\/autofans.com.ar\/index.php\/wp-json\/wp\/v2\/tags?post=1338"}],"curies":[{"name":"wp","href":"https:\/\/api.w.org\/{rel}","templated":true}]}}