{"id":13406,"date":"2025-07-23T14:57:56","date_gmt":"2025-07-23T17:57:56","guid":{"rendered":"https:\/\/autofans.com.ar\/?p=13406"},"modified":"2025-07-23T14:57:56","modified_gmt":"2025-07-23T17:57:56","slug":"test-drive-bmw-ix2-xdrive30-m-sport","status":"publish","type":"post","link":"https:\/\/autofans.com.ar\/index.php\/2025\/07\/23\/test-drive-bmw-ix2-xdrive30-m-sport\/","title":{"rendered":"Test drive BMW iX2 xDrive30 M Sport"},"content":{"rendered":"<p>En este nuevo test drive te traemos el nuevo BMW iX2 xDrive30 M Sport. Con un dise\u00f1o m\u00e1s fluido y elegante, la X2 destaca por su silueta coup\u00e9, un concepto visualmente din\u00e1mico que se integra a la perfecci\u00f3n con las l\u00edneas de la carrocer\u00eda. Los faros LED adaptativos con asistente de luz de carretera y la parrilla iluminada BMW Iconic Glow, presente por primera vez en este segmento, le otorgan un toque futurista.<\/p>\n<p>&nbsp;<\/p>\n<p><center><iframe title=\"Test drive - BMW iX2 xDrive30 M Sport #testdrive #bmwx2 #bmw #autofanstv\" width=\"640\" height=\"360\" src=\"https:\/\/www.youtube.com\/embed\/ObRLV-AdldI?feature=oembed\" frameborder=\"0\" allow=\"accelerometer; autoplay; clipboard-write; encrypted-media; gyroscope; picture-in-picture; web-share\" referrerpolicy=\"strict-origin-when-cross-origin\" allowfullscreen><\/iframe><\/p>\n<p>&nbsp;<\/p>\n<p><\/center>&nbsp;<\/p>\n<p>&nbsp;<\/p>\n<p>Adem\u00e1s para seguir conociendo m\u00e1s sobre la actualidad de la industria, podes ver nuestro programa completo en nuestro canal de <a href=\"https:\/\/youtu.be\/fSLzbg8PX90\" target=\"_blank\" rel=\"noopener\">YouTube<\/a>\u00a0.<\/p>\n<p>&nbsp;<\/p>\n<p>&nbsp;<\/p>\n<p><i>Para enterarte de m\u00e1s novedades, no dejes de leer\u00a0<\/i><a href=\"https:\/\/autofans.thebrandsoup.com\/\"><i>nuestras notas<\/i><\/a><i>, de ver<\/i><b><i>\u00a0<\/i><\/b><a href=\"https:\/\/www.youtube.com\/channel\/UCgAC8UGHZYbT6P7PpmVnP7g\"><b><i>AUTOFANS TV<\/i><\/b><\/a><b><i>\u00a0<\/i><\/b><i>en nuestro\u00a0canal de Youtube. Adem\u00e1s seguinos en\u00a0<\/i><a href=\"https:\/\/www.instagram.com\/autofanstv\/\"><i>INSTAGRAM<\/i><\/a><i>\u00a0y\u00a0<\/i><a href=\"https:\/\/www.facebook.com\/autofansmas\/\"><i>FACEBOOK<\/i><\/a><i>\u00a0para no perderte nada sobre las novedades del segmento automotor de Argentina y el mundo.<\/i><\/p>\n","protected":false},"excerpt":{"rendered":"<p>En este nuevo test drive te traemos el nuevo BMW iX2 xDrive30 M Sport. Con&#8230;<\/p>\n","protected":false},"author":2,"featured_media":13409,"comment_status":"closed","ping_status":"closed","sticky":false,"template":"","format":"standard","meta":{"footnotes":""},"categories":[12,6781],"tags":[79,78,7059,7060],"class_list":["post-13406","post","type-post","status-publish","format-standard","has-post-thumbnail","hentry","category-test-drives","category-test-drives-2025","tag-autofans-tv","tag-test-drive","tag-test-drive-bmw","tag-test-drive-bmw-ix2"],"yoast_head":"<!-- This site is optimized with the Yoast SEO plugin v27.5 - https:\/\/yoast.com\/product\/yoast-seo-wordpress\/ -->\n<title>Test drive BMW iX2 xDrive30 M Sport -<\/title>\n<meta name=\"description\" content=\"En este nuevo test drive te traemos el nuevo BMW iX2 xDrive30 M Sport. Con un dise\u00f1o m\u00e1s fluido y elegante la X2 destaca por su silueta coup\u00e9\" \/>\n<meta name=\"robots\" content=\"index, follow, max-snippet:-1, max-image-preview:large, max-video-preview:-1\" \/>\n<link rel=\"canonical\" href=\"https:\/\/autofans.com.ar\/index.php\/2025\/07\/23\/test-drive-bmw-ix2-xdrive30-m-sport\/\" \/>\n<meta property=\"og:locale\" content=\"es_ES\" \/>\n<meta property=\"og:type\" content=\"article\" \/>\n<meta property=\"og:title\" content=\"Test drive BMW iX2 xDrive30 M Sport -\" \/>\n<meta property=\"og:description\" content=\"En este nuevo test drive te traemos el nuevo BMW iX2 xDrive30 M Sport. Con un dise\u00f1o m\u00e1s fluido y elegante la X2 destaca por su silueta coup\u00e9\" \/>\n<meta property=\"og:url\" content=\"https:\/\/autofans.com.ar\/index.php\/2025\/07\/23\/test-drive-bmw-ix2-xdrive30-m-sport\/\" \/>\n<meta property=\"article:published_time\" content=\"2025-07-23T17:57:56+00:00\" \/>\n<meta property=\"og:image\" content=\"https:\/\/autofans.com.ar\/wp-content\/uploads\/2025\/07\/test-drive-bmw.jpg\" \/>\n\t<meta property=\"og:image:width\" content=\"1670\" \/>\n\t<meta property=\"og:image:height\" content=\"938\" \/>\n\t<meta property=\"og:image:type\" content=\"image\/jpeg\" \/>\n<meta name=\"author\" content=\"Alejandro Gabriel Rosito\" \/>\n<meta name=\"twitter:card\" content=\"summary_large_image\" \/>\n<meta name=\"twitter:label1\" content=\"Escrito por\" \/>\n\t<meta name=\"twitter:data1\" content=\"Alejandro Gabriel Rosito\" \/>\n\t<meta name=\"twitter:label2\" content=\"Tiempo de lectura\" \/>\n\t<meta name=\"twitter:data2\" content=\"1 minuto\" \/>\n<script type=\"application\/ld+json\" class=\"yoast-schema-graph\">{\"@context\":\"https:\\\/\\\/schema.org\",\"@graph\":[{\"@type\":\"Article\",\"@id\":\"https:\\\/\\\/autofans.com.ar\\\/index.php\\\/2025\\\/07\\\/23\\\/test-drive-bmw-ix2-xdrive30-m-sport\\\/#article\",\"isPartOf\":{\"@id\":\"https:\\\/\\\/autofans.com.ar\\\/index.php\\\/2025\\\/07\\\/23\\\/test-drive-bmw-ix2-xdrive30-m-sport\\\/\"},\"author\":{\"name\":\"Alejandro Gabriel Rosito\",\"@id\":\"https:\\\/\\\/autofans.com.ar\\\/#\\\/schema\\\/person\\\/4a8dda0b6df83ac3d6723e921274c2aa\"},\"headline\":\"Test drive BMW iX2 xDrive30 M Sport\",\"datePublished\":\"2025-07-23T17:57:56+00:00\",\"mainEntityOfPage\":{\"@id\":\"https:\\\/\\\/autofans.com.ar\\\/index.php\\\/2025\\\/07\\\/23\\\/test-drive-bmw-ix2-xdrive30-m-sport\\\/\"},\"wordCount\":164,\"image\":{\"@id\":\"https:\\\/\\\/autofans.com.ar\\\/index.php\\\/2025\\\/07\\\/23\\\/test-drive-bmw-ix2-xdrive30-m-sport\\\/#primaryimage\"},\"thumbnailUrl\":\"https:\\\/\\\/autofans.com.ar\\\/wp-content\\\/uploads\\\/2025\\\/07\\\/test-drive-bmw.jpg\",\"keywords\":[\"AutoFans TV\",\"Test Drive\",\"test drive bmw\",\"test drive BMW iX2\"],\"articleSection\":[\"TEST DRIVES\",\"Test Drives 2025\"],\"inLanguage\":\"es\"},{\"@type\":\"WebPage\",\"@id\":\"https:\\\/\\\/autofans.com.ar\\\/index.php\\\/2025\\\/07\\\/23\\\/test-drive-bmw-ix2-xdrive30-m-sport\\\/\",\"url\":\"https:\\\/\\\/autofans.com.ar\\\/index.php\\\/2025\\\/07\\\/23\\\/test-drive-bmw-ix2-xdrive30-m-sport\\\/\",\"name\":\"Test drive BMW iX2 xDrive30 M Sport -\",\"isPartOf\":{\"@id\":\"https:\\\/\\\/autofans.com.ar\\\/#website\"},\"primaryImageOfPage\":{\"@id\":\"https:\\\/\\\/autofans.com.ar\\\/index.php\\\/2025\\\/07\\\/23\\\/test-drive-bmw-ix2-xdrive30-m-sport\\\/#primaryimage\"},\"image\":{\"@id\":\"https:\\\/\\\/autofans.com.ar\\\/index.php\\\/2025\\\/07\\\/23\\\/test-drive-bmw-ix2-xdrive30-m-sport\\\/#primaryimage\"},\"thumbnailUrl\":\"https:\\\/\\\/autofans.com.ar\\\/wp-content\\\/uploads\\\/2025\\\/07\\\/test-drive-bmw.jpg\",\"datePublished\":\"2025-07-23T17:57:56+00:00\",\"author\":{\"@id\":\"https:\\\/\\\/autofans.com.ar\\\/#\\\/schema\\\/person\\\/4a8dda0b6df83ac3d6723e921274c2aa\"},\"description\":\"En este nuevo test drive te traemos el nuevo BMW iX2 xDrive30 M Sport. Con un dise\u00f1o m\u00e1s fluido y elegante la X2 destaca por su silueta coup\u00e9\",\"breadcrumb\":{\"@id\":\"https:\\\/\\\/autofans.com.ar\\\/index.php\\\/2025\\\/07\\\/23\\\/test-drive-bmw-ix2-xdrive30-m-sport\\\/#breadcrumb\"},\"inLanguage\":\"es\",\"potentialAction\":[{\"@type\":\"ReadAction\",\"target\":[\"https:\\\/\\\/autofans.com.ar\\\/index.php\\\/2025\\\/07\\\/23\\\/test-drive-bmw-ix2-xdrive30-m-sport\\\/\"]}]},{\"@type\":\"ImageObject\",\"inLanguage\":\"es\",\"@id\":\"https:\\\/\\\/autofans.com.ar\\\/index.php\\\/2025\\\/07\\\/23\\\/test-drive-bmw-ix2-xdrive30-m-sport\\\/#primaryimage\",\"url\":\"https:\\\/\\\/autofans.com.ar\\\/wp-content\\\/uploads\\\/2025\\\/07\\\/test-drive-bmw.jpg\",\"contentUrl\":\"https:\\\/\\\/autofans.com.ar\\\/wp-content\\\/uploads\\\/2025\\\/07\\\/test-drive-bmw.jpg\",\"width\":1670,\"height\":938},{\"@type\":\"BreadcrumbList\",\"@id\":\"https:\\\/\\\/autofans.com.ar\\\/index.php\\\/2025\\\/07\\\/23\\\/test-drive-bmw-ix2-xdrive30-m-sport\\\/#breadcrumb\",\"itemListElement\":[{\"@type\":\"ListItem\",\"position\":1,\"name\":\"Inicio\",\"item\":\"https:\\\/\\\/autofans.com.ar\\\/\"},{\"@type\":\"ListItem\",\"position\":2,\"name\":\"Test drive BMW iX2 xDrive30 M Sport\"}]},{\"@type\":\"WebSite\",\"@id\":\"https:\\\/\\\/autofans.com.ar\\\/#website\",\"url\":\"https:\\\/\\\/autofans.com.ar\\\/\",\"name\":\"\",\"description\":\"El multimedio referente de la industria automotriz\",\"potentialAction\":[{\"@type\":\"SearchAction\",\"target\":{\"@type\":\"EntryPoint\",\"urlTemplate\":\"https:\\\/\\\/autofans.com.ar\\\/?s={search_term_string}\"},\"query-input\":{\"@type\":\"PropertyValueSpecification\",\"valueRequired\":true,\"valueName\":\"search_term_string\"}}],\"inLanguage\":\"es\"},{\"@type\":\"Person\",\"@id\":\"https:\\\/\\\/autofans.com.ar\\\/#\\\/schema\\\/person\\\/4a8dda0b6df83ac3d6723e921274c2aa\",\"name\":\"Alejandro Gabriel Rosito\",\"image\":{\"@type\":\"ImageObject\",\"inLanguage\":\"es\",\"@id\":\"https:\\\/\\\/secure.gravatar.com\\\/avatar\\\/16c5dda1489adfc62618084dcbb91cffd879c374b13fe5dd8e44ed6733852c88?s=96&d=mm&r=g\",\"url\":\"https:\\\/\\\/secure.gravatar.com\\\/avatar\\\/16c5dda1489adfc62618084dcbb91cffd879c374b13fe5dd8e44ed6733852c88?s=96&d=mm&r=g\",\"contentUrl\":\"https:\\\/\\\/secure.gravatar.com\\\/avatar\\\/16c5dda1489adfc62618084dcbb91cffd879c374b13fe5dd8e44ed6733852c88?s=96&d=mm&r=g\",\"caption\":\"Alejandro Gabriel Rosito\"},\"url\":\"https:\\\/\\\/autofans.com.ar\\\/index.php\\\/author\\\/gabrielr\\\/\"}]}<\/script>\n<!-- \/ Yoast SEO plugin. -->","yoast_head_json":{"title":"Test drive BMW iX2 xDrive30 M Sport -","description":"En este nuevo test drive te traemos el nuevo BMW iX2 xDrive30 M Sport. Con un dise\u00f1o m\u00e1s fluido y elegante la X2 destaca por su silueta coup\u00e9","robots":{"index":"index","follow":"follow","max-snippet":"max-snippet:-1","max-image-preview":"max-image-preview:large","max-video-preview":"max-video-preview:-1"},"canonical":"https:\/\/autofans.com.ar\/index.php\/2025\/07\/23\/test-drive-bmw-ix2-xdrive30-m-sport\/","og_locale":"es_ES","og_type":"article","og_title":"Test drive BMW iX2 xDrive30 M Sport -","og_description":"En este nuevo test drive te traemos el nuevo BMW iX2 xDrive30 M Sport. Con un dise\u00f1o m\u00e1s fluido y elegante la X2 destaca por su silueta coup\u00e9","og_url":"https:\/\/autofans.com.ar\/index.php\/2025\/07\/23\/test-drive-bmw-ix2-xdrive30-m-sport\/","article_published_time":"2025-07-23T17:57:56+00:00","og_image":[{"width":1670,"height":938,"url":"https:\/\/autofans.com.ar\/wp-content\/uploads\/2025\/07\/test-drive-bmw.jpg","type":"image\/jpeg"}],"author":"Alejandro Gabriel Rosito","twitter_card":"summary_large_image","twitter_misc":{"Escrito por":"Alejandro Gabriel Rosito","Tiempo de lectura":"1 minuto"},"schema":{"@context":"https:\/\/schema.org","@graph":[{"@type":"Article","@id":"https:\/\/autofans.com.ar\/index.php\/2025\/07\/23\/test-drive-bmw-ix2-xdrive30-m-sport\/#article","isPartOf":{"@id":"https:\/\/autofans.com.ar\/index.php\/2025\/07\/23\/test-drive-bmw-ix2-xdrive30-m-sport\/"},"author":{"name":"Alejandro Gabriel Rosito","@id":"https:\/\/autofans.com.ar\/#\/schema\/person\/4a8dda0b6df83ac3d6723e921274c2aa"},"headline":"Test drive BMW iX2 xDrive30 M Sport","datePublished":"2025-07-23T17:57:56+00:00","mainEntityOfPage":{"@id":"https:\/\/autofans.com.ar\/index.php\/2025\/07\/23\/test-drive-bmw-ix2-xdrive30-m-sport\/"},"wordCount":164,"image":{"@id":"https:\/\/autofans.com.ar\/index.php\/2025\/07\/23\/test-drive-bmw-ix2-xdrive30-m-sport\/#primaryimage"},"thumbnailUrl":"https:\/\/autofans.com.ar\/wp-content\/uploads\/2025\/07\/test-drive-bmw.jpg","keywords":["AutoFans TV","Test Drive","test drive bmw","test drive BMW iX2"],"articleSection":["TEST DRIVES","Test Drives 2025"],"inLanguage":"es"},{"@type":"WebPage","@id":"https:\/\/autofans.com.ar\/index.php\/2025\/07\/23\/test-drive-bmw-ix2-xdrive30-m-sport\/","url":"https:\/\/autofans.com.ar\/index.php\/2025\/07\/23\/test-drive-bmw-ix2-xdrive30-m-sport\/","name":"Test drive BMW iX2 xDrive30 M Sport -","isPartOf":{"@id":"https:\/\/autofans.com.ar\/#website"},"primaryImageOfPage":{"@id":"https:\/\/autofans.com.ar\/index.php\/2025\/07\/23\/test-drive-bmw-ix2-xdrive30-m-sport\/#primaryimage"},"image":{"@id":"https:\/\/autofans.com.ar\/index.php\/2025\/07\/23\/test-drive-bmw-ix2-xdrive30-m-sport\/#primaryimage"},"thumbnailUrl":"https:\/\/autofans.com.ar\/wp-content\/uploads\/2025\/07\/test-drive-bmw.jpg","datePublished":"2025-07-23T17:57:56+00:00","author":{"@id":"https:\/\/autofans.com.ar\/#\/schema\/person\/4a8dda0b6df83ac3d6723e921274c2aa"},"description":"En este nuevo test drive te traemos el nuevo BMW iX2 xDrive30 M Sport. Con un dise\u00f1o m\u00e1s fluido y elegante la X2 destaca por su silueta coup\u00e9","breadcrumb":{"@id":"https:\/\/autofans.com.ar\/index.php\/2025\/07\/23\/test-drive-bmw-ix2-xdrive30-m-sport\/#breadcrumb"},"inLanguage":"es","potentialAction":[{"@type":"ReadAction","target":["https:\/\/autofans.com.ar\/index.php\/2025\/07\/23\/test-drive-bmw-ix2-xdrive30-m-sport\/"]}]},{"@type":"ImageObject","inLanguage":"es","@id":"https:\/\/autofans.com.ar\/index.php\/2025\/07\/23\/test-drive-bmw-ix2-xdrive30-m-sport\/#primaryimage","url":"https:\/\/autofans.com.ar\/wp-content\/uploads\/2025\/07\/test-drive-bmw.jpg","contentUrl":"https:\/\/autofans.com.ar\/wp-content\/uploads\/2025\/07\/test-drive-bmw.jpg","width":1670,"height":938},{"@type":"BreadcrumbList","@id":"https:\/\/autofans.com.ar\/index.php\/2025\/07\/23\/test-drive-bmw-ix2-xdrive30-m-sport\/#breadcrumb","itemListElement":[{"@type":"ListItem","position":1,"name":"Inicio","item":"https:\/\/autofans.com.ar\/"},{"@type":"ListItem","position":2,"name":"Test drive BMW iX2 xDrive30 M Sport"}]},{"@type":"WebSite","@id":"https:\/\/autofans.com.ar\/#website","url":"https:\/\/autofans.com.ar\/","name":"","description":"El multimedio referente de la industria automotriz","potentialAction":[{"@type":"SearchAction","target":{"@type":"EntryPoint","urlTemplate":"https:\/\/autofans.com.ar\/?s={search_term_string}"},"query-input":{"@type":"PropertyValueSpecification","valueRequired":true,"valueName":"search_term_string"}}],"inLanguage":"es"},{"@type":"Person","@id":"https:\/\/autofans.com.ar\/#\/schema\/person\/4a8dda0b6df83ac3d6723e921274c2aa","name":"Alejandro Gabriel Rosito","image":{"@type":"ImageObject","inLanguage":"es","@id":"https:\/\/secure.gravatar.com\/avatar\/16c5dda1489adfc62618084dcbb91cffd879c374b13fe5dd8e44ed6733852c88?s=96&d=mm&r=g","url":"https:\/\/secure.gravatar.com\/avatar\/16c5dda1489adfc62618084dcbb91cffd879c374b13fe5dd8e44ed6733852c88?s=96&d=mm&r=g","contentUrl":"https:\/\/secure.gravatar.com\/avatar\/16c5dda1489adfc62618084dcbb91cffd879c374b13fe5dd8e44ed6733852c88?s=96&d=mm&r=g","caption":"Alejandro Gabriel Rosito"},"url":"https:\/\/autofans.com.ar\/index.php\/author\/gabrielr\/"}]}},"featured_image_urls":{"full":["https:\/\/autofans.com.ar\/wp-content\/uploads\/2025\/07\/test-drive-bmw.jpg",1670,938,false],"thumbnail":["https:\/\/autofans.com.ar\/wp-content\/uploads\/2025\/07\/test-drive-bmw-150x150.jpg",150,150,true],"medium":["https:\/\/autofans.com.ar\/wp-content\/uploads\/2025\/07\/test-drive-bmw-300x169.jpg",300,169,true],"medium_large":["https:\/\/autofans.com.ar\/wp-content\/uploads\/2025\/07\/test-drive-bmw-768x431.jpg",640,359,true],"large":["https:\/\/autofans.com.ar\/wp-content\/uploads\/2025\/07\/test-drive-bmw-1024x575.jpg",640,359,true],"1536x1536":["https:\/\/autofans.com.ar\/wp-content\/uploads\/2025\/07\/test-drive-bmw-1536x863.jpg",1536,863,true],"2048x2048":["https:\/\/autofans.com.ar\/wp-content\/uploads\/2025\/07\/test-drive-bmw.jpg",1670,938,false],"covernews-featured":["https:\/\/autofans.com.ar\/wp-content\/uploads\/2025\/07\/test-drive-bmw-1024x575.jpg",1024,575,true],"covernews-medium":["https:\/\/autofans.com.ar\/wp-content\/uploads\/2025\/07\/test-drive-bmw-540x340.jpg",540,340,true]},"author_info":{"display_name":"Alejandro Gabriel Rosito","author_link":"https:\/\/autofans.com.ar\/index.php\/author\/gabrielr\/"},"category_info":"<a href=\"https:\/\/autofans.com.ar\/index.php\/category\/test-drives\/\" rel=\"category tag\">TEST DRIVES<\/a> <a href=\"https:\/\/autofans.com.ar\/index.php\/category\/test-drives\/test-drives-2025\/\" rel=\"category tag\">Test Drives 2025<\/a>","tag_info":"Test Drives 2025","comment_count":0,"_links":{"self":[{"href":"https:\/\/autofans.com.ar\/index.php\/wp-json\/wp\/v2\/posts\/13406","targetHints":{"allow":["GET"]}}],"collection":[{"href":"https:\/\/autofans.com.ar\/index.php\/wp-json\/wp\/v2\/posts"}],"about":[{"href":"https:\/\/autofans.com.ar\/index.php\/wp-json\/wp\/v2\/types\/post"}],"author":[{"embeddable":true,"href":"https:\/\/autofans.com.ar\/index.php\/wp-json\/wp\/v2\/users\/2"}],"replies":[{"embeddable":true,"href":"https:\/\/autofans.com.ar\/index.php\/wp-json\/wp\/v2\/comments?post=13406"}],"version-history":[{"count":7,"href":"https:\/\/autofans.com.ar\/index.php\/wp-json\/wp\/v2\/posts\/13406\/revisions"}],"predecessor-version":[{"id":13415,"href":"https:\/\/autofans.com.ar\/index.php\/wp-json\/wp\/v2\/posts\/13406\/revisions\/13415"}],"wp:featuredmedia":[{"embeddable":true,"href":"https:\/\/autofans.com.ar\/index.php\/wp-json\/wp\/v2\/media\/13409"}],"wp:attachment":[{"href":"https:\/\/autofans.com.ar\/index.php\/wp-json\/wp\/v2\/media?parent=13406"}],"wp:term":[{"taxonomy":"category","embeddable":true,"href":"https:\/\/autofans.com.ar\/index.php\/wp-json\/wp\/v2\/categories?post=13406"},{"taxonomy":"post_tag","embeddable":true,"href":"https:\/\/autofans.com.ar\/index.php\/wp-json\/wp\/v2\/tags?post=13406"}],"curies":[{"name":"wp","href":"https:\/\/api.w.org\/{rel}","templated":true}]}}