{"id":13422,"date":"2025-07-25T19:51:28","date_gmt":"2025-07-25T22:51:28","guid":{"rendered":"https:\/\/autofans.com.ar\/?p=13422"},"modified":"2025-07-25T19:51:28","modified_gmt":"2025-07-25T22:51:28","slug":"chevrolet-lanza-su-spark-euv-electrico-con-adas-y-pantalla-10-1","status":"publish","type":"post","link":"https:\/\/autofans.com.ar\/index.php\/2025\/07\/25\/chevrolet-lanza-su-spark-euv-electrico-con-adas-y-pantalla-10-1\/","title":{"rendered":"Chevrolet lanza su Spark EUV el\u00e9ctrico con ADAS y pantalla 10.1&#8243;"},"content":{"rendered":"<p class=\"ds-markdown-paragraph\">Chevrolet acaba de lanzar en Argentina el Spark EUV, su primer SUV 100% el\u00e9ctrico, combinando tecnolog\u00eda, seguridad y dise\u00f1o en un paquete pensado para la movilidad urbana. Con un motor de 102 CV y 180 Nm de torque instant\u00e1neo, promete una conducci\u00f3n \u00e1gil y silenciosa, ideal para el d\u00eda a d\u00eda. Estuvimos en su presentaci\u00f3n y te mostramos todos los detalles.<\/p>\n<p>&nbsp;<\/p>\n<h2>Autonom\u00eda y carga r\u00e1pida<\/h2>\n<p>&nbsp;<\/p>\n<div id='gallery-1' class='gallery galleryid-13422 gallery-columns-2 gallery-size-full'><figure class='gallery-item'>\n\t\t\t<div class='gallery-icon landscape'>\n\t\t\t\t<a href='https:\/\/autofans.com.ar\/index.php\/2025\/07\/25\/chevrolet-lanza-su-spark-euv-electrico-con-adas-y-pantalla-10-1\/chevrolet-2-13\/'><img loading=\"lazy\" width=\"1000\" height=\"667\" src=\"https:\/\/autofans.com.ar\/wp-content\/uploads\/2025\/07\/chevrolet-2-2.jpg\" class=\"attachment-full size-full\" alt=\"Chevrolet\" srcset=\"https:\/\/autofans.com.ar\/wp-content\/uploads\/2025\/07\/chevrolet-2-2.jpg 1000w, https:\/\/autofans.com.ar\/wp-content\/uploads\/2025\/07\/chevrolet-2-2-300x200.jpg 300w, https:\/\/autofans.com.ar\/wp-content\/uploads\/2025\/07\/chevrolet-2-2-768x512.jpg 768w\" sizes=\"auto, (max-width: 1000px) 100vw, 1000px\" loading=\"lazy\" decoding=\"async\" \/><\/a>\n\t\t\t<\/div><\/figure><figure class='gallery-item'>\n\t\t\t<div class='gallery-icon landscape'>\n\t\t\t\t<a href='https:\/\/autofans.com.ar\/index.php\/2025\/07\/25\/chevrolet-lanza-su-spark-euv-electrico-con-adas-y-pantalla-10-1\/chevrolet-1-14\/'><img loading=\"lazy\" width=\"1000\" height=\"667\" src=\"https:\/\/autofans.com.ar\/wp-content\/uploads\/2025\/07\/chevrolet-1-2.jpg\" class=\"attachment-full size-full\" alt=\"Chevrolet\" srcset=\"https:\/\/autofans.com.ar\/wp-content\/uploads\/2025\/07\/chevrolet-1-2.jpg 1000w, https:\/\/autofans.com.ar\/wp-content\/uploads\/2025\/07\/chevrolet-1-2-300x200.jpg 300w, https:\/\/autofans.com.ar\/wp-content\/uploads\/2025\/07\/chevrolet-1-2-768x512.jpg 768w\" sizes=\"auto, (max-width: 1000px) 100vw, 1000px\" loading=\"lazy\" decoding=\"async\" \/><\/a>\n\t\t\t<\/div><\/figure>\n\t\t<\/div>\n\n<p>&nbsp;<\/p>\n<p class=\"ds-markdown-paragraph\">El Spark EUV cuenta con una bater\u00eda de 42 kWh que ofrece hasta 360 km de autonom\u00eda (ciclo NEDC). Adem\u00e1s, admite carga r\u00e1pida: en solo 30 minutos recupera del 30% al 80% de su capacidad usando cargadores de corriente continua.<\/p>\n<p>&nbsp;<\/p>\n<h2>Confort y tecnolog\u00eda a bordo<\/h2>\n<p>&nbsp;<\/p>\n<p><img fetchpriority=\"high\" decoding=\"async\" class=\"aligncenter wp-image-13424 size-full\" src=\"https:\/\/autofans.com.ar\/wp-content\/uploads\/2025\/07\/chevrolet-5-1.jpg\" alt=\"Chevrolet\" width=\"1000\" height=\"667\" srcset=\"https:\/\/autofans.com.ar\/wp-content\/uploads\/2025\/07\/chevrolet-5-1.jpg 1000w, https:\/\/autofans.com.ar\/wp-content\/uploads\/2025\/07\/chevrolet-5-1-300x200.jpg 300w, https:\/\/autofans.com.ar\/wp-content\/uploads\/2025\/07\/chevrolet-5-1-768x512.jpg 768w\" sizes=\"(max-width: 1000px) 100vw, 1000px\" \/><\/p>\n<p>&nbsp;<\/p>\n<p class=\"ds-markdown-paragraph\">El interior sorprende por su amplio espacio para cuatro pasajeros y un ba\u00fal de 355 litros (expandible a 916 litros). Entre sus features destacan:<\/p>\n<ul>\n<li>\n<p class=\"ds-markdown-paragraph\">Pantalla t\u00e1ctil de 10,1&#8243; con Apple CarPlay y Android Auto.<\/p>\n<\/li>\n<li>\n<p class=\"ds-markdown-paragraph\">Sistema de audio con 6 parlantes y puertos USB.<\/p>\n<\/li>\n<li>\n<p class=\"ds-markdown-paragraph\">Tapizados de eco-cuero y c\u00e1mara 360\u00b0 para mayor comodidad y seguridad.<\/p>\n<\/li>\n<\/ul>\n<p>&nbsp;<\/p>\n<blockquote>\n<p style=\"text-align: center;\">\u201cEl lanzamiento del nuevo Spark EUV a la Argentina marca la llegada del primer el\u00e9ctrico 100% del segmento SUV-B del mercado y el inicio de la comercializaci\u00f3n de veh\u00edculos con nuevas energ\u00edas de propulsi\u00f3n de nuestra marca. Sabemos que este modelo se adaptar\u00e1 perfectamente al estilo urbano de nuestro pa\u00eds porque hemos realizado m\u00e1s de 150,000 kms en pruebas para hacer los ajustes requeridos para brindar una movilidad urbana eficiente, con estilo, tecnolog\u00eda, seguridad y con el respaldo de una marca centenaria en Argentina,\u201d coment\u00f3 Andr\u00e9s Carfagna, Director Comercial de GM Argentina, Paraguay y Uruguay.<\/p>\n<\/blockquote>\n<p>&nbsp;<\/p>\n<h2>Chevrolet &#8211; seguridad de punta<\/h2>\n<p class=\"ds-markdown-paragraph\">El Spark EUV incluye:<\/p>\n<ul>\n<li>\n<p class=\"ds-markdown-paragraph\">6 airbags (frontales, laterales y de cortina).<\/p>\n<\/li>\n<li>\n<p class=\"ds-markdown-paragraph\">Frenos ABS con EBD y discos en las cuatro ruedas.<\/p>\n<\/li>\n<li>\n<p class=\"ds-markdown-paragraph\">Asistencias ADAS: alerta de colisi\u00f3n, control de crucero adaptativo, detecci\u00f3n de peatones y m\u00e1s.<\/p>\n<\/li>\n<li>\n<p class=\"ds-markdown-paragraph\">Luces LED adaptativas, sensores de estacionamiento y c\u00e1mara de retroceso.<\/p>\n<\/li>\n<\/ul>\n<p>&nbsp;<\/p>\n<div id='gallery-2' class='gallery galleryid-13422 gallery-columns-2 gallery-size-full'><figure class='gallery-item'>\n\t\t\t<div class='gallery-icon landscape'>\n\t\t\t\t<a href='https:\/\/autofans.com.ar\/index.php\/2025\/07\/25\/chevrolet-lanza-su-spark-euv-electrico-con-adas-y-pantalla-10-1\/chevrolet-6-4\/'><img loading=\"lazy\" width=\"1000\" height=\"667\" src=\"https:\/\/autofans.com.ar\/wp-content\/uploads\/2025\/07\/chevrolet-6.jpg\" class=\"attachment-full size-full\" alt=\"Chevrolet\" srcset=\"https:\/\/autofans.com.ar\/wp-content\/uploads\/2025\/07\/chevrolet-6.jpg 1000w, https:\/\/autofans.com.ar\/wp-content\/uploads\/2025\/07\/chevrolet-6-300x200.jpg 300w, https:\/\/autofans.com.ar\/wp-content\/uploads\/2025\/07\/chevrolet-6-768x512.jpg 768w\" sizes=\"auto, (max-width: 1000px) 100vw, 1000px\" loading=\"lazy\" decoding=\"async\" \/><\/a>\n\t\t\t<\/div><\/figure><figure class='gallery-item'>\n\t\t\t<div class='gallery-icon landscape'>\n\t\t\t\t<a href='https:\/\/autofans.com.ar\/index.php\/2025\/07\/25\/chevrolet-lanza-su-spark-euv-electrico-con-adas-y-pantalla-10-1\/chevrolet-7-2\/'><img loading=\"lazy\" width=\"1000\" height=\"667\" src=\"https:\/\/autofans.com.ar\/wp-content\/uploads\/2025\/07\/chevrolet-7.jpg\" class=\"attachment-full size-full\" alt=\"Chevrolet\" srcset=\"https:\/\/autofans.com.ar\/wp-content\/uploads\/2025\/07\/chevrolet-7.jpg 1000w, https:\/\/autofans.com.ar\/wp-content\/uploads\/2025\/07\/chevrolet-7-300x200.jpg 300w, https:\/\/autofans.com.ar\/wp-content\/uploads\/2025\/07\/chevrolet-7-768x512.jpg 768w\" sizes=\"auto, (max-width: 1000px) 100vw, 1000px\" loading=\"lazy\" decoding=\"async\" \/><\/a>\n\t\t\t<\/div><\/figure>\n\t\t<\/div>\n\n<p>&nbsp;<\/p>\n<p>&nbsp;<\/p>\n<p class=\"ds-markdown-paragraph\">El SUV llega en 5 colores: Azul Aqua, Azul Tormenta, Gris Nube, Negro Galaxia y Blanco Destello. Adem\u00e1s, ofrece m\u00e1s de 70 accesorios, como cargador port\u00e1til, iluminaci\u00f3n ambiental y organizador bajo capot.<\/p>\n<ul>\n<li>\n<p class=\"ds-markdown-paragraph\">3 a\u00f1os o 100.000 km para el veh\u00edculo.<\/p>\n<\/li>\n<li>\n<p class=\"ds-markdown-paragraph\">8 a\u00f1os o 160.000 km para la bater\u00eda.<\/p>\n<\/li>\n<\/ul>\n<p>&nbsp;<\/p>\n<p><center><iframe title=\"Nuevo Chevrolet lanza su Spark EUV el\u00e9ctrico #chevrolet #chevroletspark\" width=\"640\" height=\"360\" src=\"https:\/\/www.youtube.com\/embed\/asvoKwilhhY?feature=oembed\" frameborder=\"0\" allow=\"accelerometer; autoplay; clipboard-write; encrypted-media; gyroscope; picture-in-picture; web-share\" referrerpolicy=\"strict-origin-when-cross-origin\" allowfullscreen><\/iframe><\/p>\n<p>&nbsp;<\/p>\n<p><\/center>&nbsp;<\/p>\n<hr \/>\n<div style=\"display: flex; justify-content: center; width: 100%;\">\n<div style=\"display: flex; align-items: center; justify-content: space-between; background: #f0f2f5; padding: 3px 92px; border-radius: 0px; box-shadow: 0 4px 10px rgba(0, 0, 0, 0.08); margin: 24px 0; max-width: 700px;\">\n<div style=\"flex: 1;\"><a style=\"font-size: 18px; color: #921414; font-weight: bold; text-decoration: underline;\" href=\"https:\/\/autofans.com.ar\/wp-content\/uploads\/2025\/07\/ficha-tecnica-spark-euv-my26-argentina.pdf\" target=\"_blank\" rel=\"noopener\"><br \/>\n\u2192 Ficha T\u00e9cnica Spark EUV el\u00e9ctrico<br \/>\n<\/a><a style=\"font-size: 18px; color: #007bff; font-weight: 1200; text-decoration: underline;\" href=\"https:\/\/autofans.com.ar\/wp-content\/uploads\/2025\/05\/ftmy26argo-681166d8eb8a6.pdf\" target=\"_blank\" rel=\"noopener\"><br \/>\n<\/a><\/div>\n<div style=\"margin-left: 46px;\"><img decoding=\"async\" class=\"alignright\" style=\"height: 20px; width: auto;\" src=\"https:\/\/autofans.com.ar\/wp-content\/uploads\/2023\/02\/Autofans_600x102_150px5.png\" alt=\"Logo Autofans\" width=\"1200\" height=\"137\" \/><\/div>\n<\/div>\n<\/div>\n<hr \/>\n<p>&nbsp;<\/p>\n<p>&nbsp;<\/p>\n<p>&nbsp;<\/p>\n<p><i>Para enterarte de m\u00e1s novedades, no dejes de leer\u00a0<\/i><a href=\"https:\/\/autofans.thebrandsoup.com\/\"><i>nuestras notas<\/i><\/a><i>, de ver\u00a0<\/i><a href=\"https:\/\/www.youtube.com\/channel\/UCgAC8UGHZYbT6P7PpmVnP7g\"><i>AUTOFANS TV<\/i><\/a><i>\u00a0en nuestro\u00a0canal de Youtube. Adem\u00e1s seguinos en\u00a0<\/i><a href=\"https:\/\/www.instagram.com\/autofanstv\/\"><i>INSTAGRAM<\/i><\/a><i> y <\/i><a href=\"https:\/\/www.facebook.com\/autofansmas\/\"><i>FACEBOOK<\/i><\/a><i> para no perderte nada sobre las novedades del segmento automotor de Argentina y el mundo.<\/i><\/p>\n","protected":false},"excerpt":{"rendered":"<p>Chevrolet acaba de lanzar en Argentina el Spark EUV, su primer SUV 100% el\u00e9ctrico, combinando&#8230;<\/p>\n","protected":false},"author":2,"featured_media":13426,"comment_status":"closed","ping_status":"closed","sticky":false,"template":"","format":"standard","meta":{"footnotes":""},"categories":[341,1],"tags":[7071,7069,6104,7070,7068,6090,1460,7067,719],"class_list":["post-13422","post","type-post","status-publish","format-standard","has-post-thumbnail","hentry","category-hibridos-y-electricos","category-lanzamientos","tag-adas-seguridad","tag-autonomia-vehiculo-electrico","tag-autos-electricos-2025","tag-carga-rapida-auto-electrico","tag-chevrolet-cero-emisiones","tag-chevrolet-spark-euv","tag-movilidad-sustentable","tag-suv-electrico-argentina","tag-tecnologia-automotriz"],"yoast_head":"<!-- This site is optimized with the Yoast SEO plugin v27.5 - https:\/\/yoast.com\/product\/yoast-seo-wordpress\/ -->\n<title>Chevrolet lanza su Spark EUV el\u00e9ctrico con ADAS y pantalla 10.1&quot; -<\/title>\n<meta name=\"description\" content=\"Chevrolet acaba de lanzar en Argentina el Spark EUV, su primer SUV 100% el\u00e9ctrico, combinando tecnolog\u00eda, seguridad y dise\u00f1o...\" \/>\n<meta name=\"robots\" content=\"index, follow, max-snippet:-1, max-image-preview:large, max-video-preview:-1\" \/>\n<link rel=\"canonical\" href=\"https:\/\/autofans.com.ar\/index.php\/2025\/07\/25\/chevrolet-lanza-su-spark-euv-electrico-con-adas-y-pantalla-10-1\/\" \/>\n<meta property=\"og:locale\" content=\"es_ES\" \/>\n<meta property=\"og:type\" content=\"article\" \/>\n<meta property=\"og:title\" content=\"Chevrolet lanza su Spark EUV el\u00e9ctrico con ADAS y pantalla 10.1&quot; -\" \/>\n<meta property=\"og:description\" content=\"Chevrolet acaba de lanzar en Argentina el Spark EUV, su primer SUV 100% el\u00e9ctrico, combinando tecnolog\u00eda, seguridad y dise\u00f1o...\" \/>\n<meta property=\"og:url\" content=\"https:\/\/autofans.com.ar\/index.php\/2025\/07\/25\/chevrolet-lanza-su-spark-euv-electrico-con-adas-y-pantalla-10-1\/\" \/>\n<meta property=\"article:published_time\" content=\"2025-07-25T22:51:28+00:00\" \/>\n<meta property=\"og:image\" content=\"https:\/\/autofans.com.ar\/wp-content\/uploads\/2025\/07\/chevrolet-3-2.jpg\" \/>\n\t<meta property=\"og:image:width\" content=\"1000\" \/>\n\t<meta property=\"og:image:height\" content=\"667\" \/>\n\t<meta property=\"og:image:type\" content=\"image\/jpeg\" \/>\n<meta name=\"author\" content=\"Alejandro Gabriel Rosito\" \/>\n<meta name=\"twitter:card\" content=\"summary_large_image\" \/>\n<meta name=\"twitter:label1\" content=\"Escrito por\" \/>\n\t<meta name=\"twitter:data1\" content=\"Alejandro Gabriel Rosito\" \/>\n\t<meta name=\"twitter:label2\" content=\"Tiempo de lectura\" \/>\n\t<meta name=\"twitter:data2\" content=\"3 minutos\" \/>\n<script type=\"application\/ld+json\" class=\"yoast-schema-graph\">{\"@context\":\"https:\\\/\\\/schema.org\",\"@graph\":[{\"@type\":\"Article\",\"@id\":\"https:\\\/\\\/autofans.com.ar\\\/index.php\\\/2025\\\/07\\\/25\\\/chevrolet-lanza-su-spark-euv-electrico-con-adas-y-pantalla-10-1\\\/#article\",\"isPartOf\":{\"@id\":\"https:\\\/\\\/autofans.com.ar\\\/index.php\\\/2025\\\/07\\\/25\\\/chevrolet-lanza-su-spark-euv-electrico-con-adas-y-pantalla-10-1\\\/\"},\"author\":{\"name\":\"Alejandro Gabriel Rosito\",\"@id\":\"https:\\\/\\\/autofans.com.ar\\\/#\\\/schema\\\/person\\\/4a8dda0b6df83ac3d6723e921274c2aa\"},\"headline\":\"Chevrolet lanza su Spark EUV el\u00e9ctrico con ADAS y pantalla 10.1&#8243;\",\"datePublished\":\"2025-07-25T22:51:28+00:00\",\"mainEntityOfPage\":{\"@id\":\"https:\\\/\\\/autofans.com.ar\\\/index.php\\\/2025\\\/07\\\/25\\\/chevrolet-lanza-su-spark-euv-electrico-con-adas-y-pantalla-10-1\\\/\"},\"wordCount\":468,\"image\":{\"@id\":\"https:\\\/\\\/autofans.com.ar\\\/index.php\\\/2025\\\/07\\\/25\\\/chevrolet-lanza-su-spark-euv-electrico-con-adas-y-pantalla-10-1\\\/#primaryimage\"},\"thumbnailUrl\":\"https:\\\/\\\/autofans.com.ar\\\/wp-content\\\/uploads\\\/2025\\\/07\\\/chevrolet-3-2.jpg\",\"keywords\":[\"ADAS seguridad\",\"autonom\u00eda veh\u00edculo el\u00e9ctrico\",\"autos el\u00e9ctricos 2025\",\"carga r\u00e1pida auto el\u00e9ctrico\",\"Chevrolet cero emisiones\",\"Chevrolet Spark EUV\",\"movilidad sustentable\",\"SUV el\u00e9ctrico Argentina\",\"Tecnolog\u00eda automotriz\"],\"articleSection\":[\"HIBRIDOS, ELECTRICOS y otros\",\"LANZAMIENTOS\"],\"inLanguage\":\"es\"},{\"@type\":\"WebPage\",\"@id\":\"https:\\\/\\\/autofans.com.ar\\\/index.php\\\/2025\\\/07\\\/25\\\/chevrolet-lanza-su-spark-euv-electrico-con-adas-y-pantalla-10-1\\\/\",\"url\":\"https:\\\/\\\/autofans.com.ar\\\/index.php\\\/2025\\\/07\\\/25\\\/chevrolet-lanza-su-spark-euv-electrico-con-adas-y-pantalla-10-1\\\/\",\"name\":\"Chevrolet lanza su Spark EUV el\u00e9ctrico con ADAS y pantalla 10.1\\\" -\",\"isPartOf\":{\"@id\":\"https:\\\/\\\/autofans.com.ar\\\/#website\"},\"primaryImageOfPage\":{\"@id\":\"https:\\\/\\\/autofans.com.ar\\\/index.php\\\/2025\\\/07\\\/25\\\/chevrolet-lanza-su-spark-euv-electrico-con-adas-y-pantalla-10-1\\\/#primaryimage\"},\"image\":{\"@id\":\"https:\\\/\\\/autofans.com.ar\\\/index.php\\\/2025\\\/07\\\/25\\\/chevrolet-lanza-su-spark-euv-electrico-con-adas-y-pantalla-10-1\\\/#primaryimage\"},\"thumbnailUrl\":\"https:\\\/\\\/autofans.com.ar\\\/wp-content\\\/uploads\\\/2025\\\/07\\\/chevrolet-3-2.jpg\",\"datePublished\":\"2025-07-25T22:51:28+00:00\",\"author\":{\"@id\":\"https:\\\/\\\/autofans.com.ar\\\/#\\\/schema\\\/person\\\/4a8dda0b6df83ac3d6723e921274c2aa\"},\"description\":\"Chevrolet acaba de lanzar en Argentina el Spark EUV, su primer SUV 100% el\u00e9ctrico, combinando tecnolog\u00eda, seguridad y dise\u00f1o...\",\"breadcrumb\":{\"@id\":\"https:\\\/\\\/autofans.com.ar\\\/index.php\\\/2025\\\/07\\\/25\\\/chevrolet-lanza-su-spark-euv-electrico-con-adas-y-pantalla-10-1\\\/#breadcrumb\"},\"inLanguage\":\"es\",\"potentialAction\":[{\"@type\":\"ReadAction\",\"target\":[\"https:\\\/\\\/autofans.com.ar\\\/index.php\\\/2025\\\/07\\\/25\\\/chevrolet-lanza-su-spark-euv-electrico-con-adas-y-pantalla-10-1\\\/\"]}]},{\"@type\":\"ImageObject\",\"inLanguage\":\"es\",\"@id\":\"https:\\\/\\\/autofans.com.ar\\\/index.php\\\/2025\\\/07\\\/25\\\/chevrolet-lanza-su-spark-euv-electrico-con-adas-y-pantalla-10-1\\\/#primaryimage\",\"url\":\"https:\\\/\\\/autofans.com.ar\\\/wp-content\\\/uploads\\\/2025\\\/07\\\/chevrolet-3-2.jpg\",\"contentUrl\":\"https:\\\/\\\/autofans.com.ar\\\/wp-content\\\/uploads\\\/2025\\\/07\\\/chevrolet-3-2.jpg\",\"width\":1000,\"height\":667,\"caption\":\"Chevrolet\"},{\"@type\":\"BreadcrumbList\",\"@id\":\"https:\\\/\\\/autofans.com.ar\\\/index.php\\\/2025\\\/07\\\/25\\\/chevrolet-lanza-su-spark-euv-electrico-con-adas-y-pantalla-10-1\\\/#breadcrumb\",\"itemListElement\":[{\"@type\":\"ListItem\",\"position\":1,\"name\":\"Inicio\",\"item\":\"https:\\\/\\\/autofans.com.ar\\\/\"},{\"@type\":\"ListItem\",\"position\":2,\"name\":\"Chevrolet lanza su Spark EUV el\u00e9ctrico con ADAS y pantalla 10.1&#8243;\"}]},{\"@type\":\"WebSite\",\"@id\":\"https:\\\/\\\/autofans.com.ar\\\/#website\",\"url\":\"https:\\\/\\\/autofans.com.ar\\\/\",\"name\":\"\",\"description\":\"El multimedio referente de la industria automotriz\",\"potentialAction\":[{\"@type\":\"SearchAction\",\"target\":{\"@type\":\"EntryPoint\",\"urlTemplate\":\"https:\\\/\\\/autofans.com.ar\\\/?s={search_term_string}\"},\"query-input\":{\"@type\":\"PropertyValueSpecification\",\"valueRequired\":true,\"valueName\":\"search_term_string\"}}],\"inLanguage\":\"es\"},{\"@type\":\"Person\",\"@id\":\"https:\\\/\\\/autofans.com.ar\\\/#\\\/schema\\\/person\\\/4a8dda0b6df83ac3d6723e921274c2aa\",\"name\":\"Alejandro Gabriel Rosito\",\"image\":{\"@type\":\"ImageObject\",\"inLanguage\":\"es\",\"@id\":\"https:\\\/\\\/secure.gravatar.com\\\/avatar\\\/16c5dda1489adfc62618084dcbb91cffd879c374b13fe5dd8e44ed6733852c88?s=96&d=mm&r=g\",\"url\":\"https:\\\/\\\/secure.gravatar.com\\\/avatar\\\/16c5dda1489adfc62618084dcbb91cffd879c374b13fe5dd8e44ed6733852c88?s=96&d=mm&r=g\",\"contentUrl\":\"https:\\\/\\\/secure.gravatar.com\\\/avatar\\\/16c5dda1489adfc62618084dcbb91cffd879c374b13fe5dd8e44ed6733852c88?s=96&d=mm&r=g\",\"caption\":\"Alejandro Gabriel Rosito\"},\"url\":\"https:\\\/\\\/autofans.com.ar\\\/index.php\\\/author\\\/gabrielr\\\/\"}]}<\/script>\n<!-- \/ Yoast SEO plugin. -->","yoast_head_json":{"title":"Chevrolet lanza su Spark EUV el\u00e9ctrico con ADAS y pantalla 10.1\" -","description":"Chevrolet acaba de lanzar en Argentina el Spark EUV, su primer SUV 100% el\u00e9ctrico, combinando tecnolog\u00eda, seguridad y dise\u00f1o...","robots":{"index":"index","follow":"follow","max-snippet":"max-snippet:-1","max-image-preview":"max-image-preview:large","max-video-preview":"max-video-preview:-1"},"canonical":"https:\/\/autofans.com.ar\/index.php\/2025\/07\/25\/chevrolet-lanza-su-spark-euv-electrico-con-adas-y-pantalla-10-1\/","og_locale":"es_ES","og_type":"article","og_title":"Chevrolet lanza su Spark EUV el\u00e9ctrico con ADAS y pantalla 10.1\" -","og_description":"Chevrolet acaba de lanzar en Argentina el Spark EUV, su primer SUV 100% el\u00e9ctrico, combinando tecnolog\u00eda, seguridad y dise\u00f1o...","og_url":"https:\/\/autofans.com.ar\/index.php\/2025\/07\/25\/chevrolet-lanza-su-spark-euv-electrico-con-adas-y-pantalla-10-1\/","article_published_time":"2025-07-25T22:51:28+00:00","og_image":[{"width":1000,"height":667,"url":"https:\/\/autofans.com.ar\/wp-content\/uploads\/2025\/07\/chevrolet-3-2.jpg","type":"image\/jpeg"}],"author":"Alejandro Gabriel Rosito","twitter_card":"summary_large_image","twitter_misc":{"Escrito por":"Alejandro Gabriel Rosito","Tiempo de lectura":"3 minutos"},"schema":{"@context":"https:\/\/schema.org","@graph":[{"@type":"Article","@id":"https:\/\/autofans.com.ar\/index.php\/2025\/07\/25\/chevrolet-lanza-su-spark-euv-electrico-con-adas-y-pantalla-10-1\/#article","isPartOf":{"@id":"https:\/\/autofans.com.ar\/index.php\/2025\/07\/25\/chevrolet-lanza-su-spark-euv-electrico-con-adas-y-pantalla-10-1\/"},"author":{"name":"Alejandro Gabriel Rosito","@id":"https:\/\/autofans.com.ar\/#\/schema\/person\/4a8dda0b6df83ac3d6723e921274c2aa"},"headline":"Chevrolet lanza su Spark EUV el\u00e9ctrico con ADAS y pantalla 10.1&#8243;","datePublished":"2025-07-25T22:51:28+00:00","mainEntityOfPage":{"@id":"https:\/\/autofans.com.ar\/index.php\/2025\/07\/25\/chevrolet-lanza-su-spark-euv-electrico-con-adas-y-pantalla-10-1\/"},"wordCount":468,"image":{"@id":"https:\/\/autofans.com.ar\/index.php\/2025\/07\/25\/chevrolet-lanza-su-spark-euv-electrico-con-adas-y-pantalla-10-1\/#primaryimage"},"thumbnailUrl":"https:\/\/autofans.com.ar\/wp-content\/uploads\/2025\/07\/chevrolet-3-2.jpg","keywords":["ADAS seguridad","autonom\u00eda veh\u00edculo el\u00e9ctrico","autos el\u00e9ctricos 2025","carga r\u00e1pida auto el\u00e9ctrico","Chevrolet cero emisiones","Chevrolet Spark EUV","movilidad sustentable","SUV el\u00e9ctrico Argentina","Tecnolog\u00eda automotriz"],"articleSection":["HIBRIDOS, ELECTRICOS y otros","LANZAMIENTOS"],"inLanguage":"es"},{"@type":"WebPage","@id":"https:\/\/autofans.com.ar\/index.php\/2025\/07\/25\/chevrolet-lanza-su-spark-euv-electrico-con-adas-y-pantalla-10-1\/","url":"https:\/\/autofans.com.ar\/index.php\/2025\/07\/25\/chevrolet-lanza-su-spark-euv-electrico-con-adas-y-pantalla-10-1\/","name":"Chevrolet lanza su Spark EUV el\u00e9ctrico con ADAS y pantalla 10.1\" -","isPartOf":{"@id":"https:\/\/autofans.com.ar\/#website"},"primaryImageOfPage":{"@id":"https:\/\/autofans.com.ar\/index.php\/2025\/07\/25\/chevrolet-lanza-su-spark-euv-electrico-con-adas-y-pantalla-10-1\/#primaryimage"},"image":{"@id":"https:\/\/autofans.com.ar\/index.php\/2025\/07\/25\/chevrolet-lanza-su-spark-euv-electrico-con-adas-y-pantalla-10-1\/#primaryimage"},"thumbnailUrl":"https:\/\/autofans.com.ar\/wp-content\/uploads\/2025\/07\/chevrolet-3-2.jpg","datePublished":"2025-07-25T22:51:28+00:00","author":{"@id":"https:\/\/autofans.com.ar\/#\/schema\/person\/4a8dda0b6df83ac3d6723e921274c2aa"},"description":"Chevrolet acaba de lanzar en Argentina el Spark EUV, su primer SUV 100% el\u00e9ctrico, combinando tecnolog\u00eda, seguridad y dise\u00f1o...","breadcrumb":{"@id":"https:\/\/autofans.com.ar\/index.php\/2025\/07\/25\/chevrolet-lanza-su-spark-euv-electrico-con-adas-y-pantalla-10-1\/#breadcrumb"},"inLanguage":"es","potentialAction":[{"@type":"ReadAction","target":["https:\/\/autofans.com.ar\/index.php\/2025\/07\/25\/chevrolet-lanza-su-spark-euv-electrico-con-adas-y-pantalla-10-1\/"]}]},{"@type":"ImageObject","inLanguage":"es","@id":"https:\/\/autofans.com.ar\/index.php\/2025\/07\/25\/chevrolet-lanza-su-spark-euv-electrico-con-adas-y-pantalla-10-1\/#primaryimage","url":"https:\/\/autofans.com.ar\/wp-content\/uploads\/2025\/07\/chevrolet-3-2.jpg","contentUrl":"https:\/\/autofans.com.ar\/wp-content\/uploads\/2025\/07\/chevrolet-3-2.jpg","width":1000,"height":667,"caption":"Chevrolet"},{"@type":"BreadcrumbList","@id":"https:\/\/autofans.com.ar\/index.php\/2025\/07\/25\/chevrolet-lanza-su-spark-euv-electrico-con-adas-y-pantalla-10-1\/#breadcrumb","itemListElement":[{"@type":"ListItem","position":1,"name":"Inicio","item":"https:\/\/autofans.com.ar\/"},{"@type":"ListItem","position":2,"name":"Chevrolet lanza su Spark EUV el\u00e9ctrico con ADAS y pantalla 10.1&#8243;"}]},{"@type":"WebSite","@id":"https:\/\/autofans.com.ar\/#website","url":"https:\/\/autofans.com.ar\/","name":"","description":"El multimedio referente de la industria automotriz","potentialAction":[{"@type":"SearchAction","target":{"@type":"EntryPoint","urlTemplate":"https:\/\/autofans.com.ar\/?s={search_term_string}"},"query-input":{"@type":"PropertyValueSpecification","valueRequired":true,"valueName":"search_term_string"}}],"inLanguage":"es"},{"@type":"Person","@id":"https:\/\/autofans.com.ar\/#\/schema\/person\/4a8dda0b6df83ac3d6723e921274c2aa","name":"Alejandro Gabriel Rosito","image":{"@type":"ImageObject","inLanguage":"es","@id":"https:\/\/secure.gravatar.com\/avatar\/16c5dda1489adfc62618084dcbb91cffd879c374b13fe5dd8e44ed6733852c88?s=96&d=mm&r=g","url":"https:\/\/secure.gravatar.com\/avatar\/16c5dda1489adfc62618084dcbb91cffd879c374b13fe5dd8e44ed6733852c88?s=96&d=mm&r=g","contentUrl":"https:\/\/secure.gravatar.com\/avatar\/16c5dda1489adfc62618084dcbb91cffd879c374b13fe5dd8e44ed6733852c88?s=96&d=mm&r=g","caption":"Alejandro Gabriel Rosito"},"url":"https:\/\/autofans.com.ar\/index.php\/author\/gabrielr\/"}]}},"featured_image_urls":{"full":["https:\/\/autofans.com.ar\/wp-content\/uploads\/2025\/07\/chevrolet-3-2.jpg",1000,667,false],"thumbnail":["https:\/\/autofans.com.ar\/wp-content\/uploads\/2025\/07\/chevrolet-3-2-150x150.jpg",150,150,true],"medium":["https:\/\/autofans.com.ar\/wp-content\/uploads\/2025\/07\/chevrolet-3-2-300x200.jpg",300,200,true],"medium_large":["https:\/\/autofans.com.ar\/wp-content\/uploads\/2025\/07\/chevrolet-3-2-768x512.jpg",640,427,true],"large":["https:\/\/autofans.com.ar\/wp-content\/uploads\/2025\/07\/chevrolet-3-2.jpg",640,427,false],"1536x1536":["https:\/\/autofans.com.ar\/wp-content\/uploads\/2025\/07\/chevrolet-3-2.jpg",1000,667,false],"2048x2048":["https:\/\/autofans.com.ar\/wp-content\/uploads\/2025\/07\/chevrolet-3-2.jpg",1000,667,false],"covernews-featured":["https:\/\/autofans.com.ar\/wp-content\/uploads\/2025\/07\/chevrolet-3-2.jpg",1000,667,false],"covernews-medium":["https:\/\/autofans.com.ar\/wp-content\/uploads\/2025\/07\/chevrolet-3-2-540x340.jpg",540,340,true]},"author_info":{"display_name":"Alejandro Gabriel Rosito","author_link":"https:\/\/autofans.com.ar\/index.php\/author\/gabrielr\/"},"category_info":"<a href=\"https:\/\/autofans.com.ar\/index.php\/category\/noticias\/hibridos-y-electricos\/\" rel=\"category tag\">HIBRIDOS, ELECTRICOS y otros<\/a> <a href=\"https:\/\/autofans.com.ar\/index.php\/category\/lanzamientos\/\" rel=\"category tag\">LANZAMIENTOS<\/a>","tag_info":"LANZAMIENTOS","comment_count":0,"_links":{"self":[{"href":"https:\/\/autofans.com.ar\/index.php\/wp-json\/wp\/v2\/posts\/13422","targetHints":{"allow":["GET"]}}],"collection":[{"href":"https:\/\/autofans.com.ar\/index.php\/wp-json\/wp\/v2\/posts"}],"about":[{"href":"https:\/\/autofans.com.ar\/index.php\/wp-json\/wp\/v2\/types\/post"}],"author":[{"embeddable":true,"href":"https:\/\/autofans.com.ar\/index.php\/wp-json\/wp\/v2\/users\/2"}],"replies":[{"embeddable":true,"href":"https:\/\/autofans.com.ar\/index.php\/wp-json\/wp\/v2\/comments?post=13422"}],"version-history":[{"count":5,"href":"https:\/\/autofans.com.ar\/index.php\/wp-json\/wp\/v2\/posts\/13422\/revisions"}],"predecessor-version":[{"id":13436,"href":"https:\/\/autofans.com.ar\/index.php\/wp-json\/wp\/v2\/posts\/13422\/revisions\/13436"}],"wp:featuredmedia":[{"embeddable":true,"href":"https:\/\/autofans.com.ar\/index.php\/wp-json\/wp\/v2\/media\/13426"}],"wp:attachment":[{"href":"https:\/\/autofans.com.ar\/index.php\/wp-json\/wp\/v2\/media?parent=13422"}],"wp:term":[{"taxonomy":"category","embeddable":true,"href":"https:\/\/autofans.com.ar\/index.php\/wp-json\/wp\/v2\/categories?post=13422"},{"taxonomy":"post_tag","embeddable":true,"href":"https:\/\/autofans.com.ar\/index.php\/wp-json\/wp\/v2\/tags?post=13422"}],"curies":[{"name":"wp","href":"https:\/\/api.w.org\/{rel}","templated":true}]}}