{"id":13437,"date":"2025-07-28T17:12:33","date_gmt":"2025-07-28T20:12:33","guid":{"rendered":"https:\/\/autofans.com.ar\/?p=13437"},"modified":"2025-07-28T17:12:33","modified_gmt":"2025-07-28T20:12:33","slug":"asi-son-los-nuevos-onix-y-onix-plus","status":"publish","type":"post","link":"https:\/\/autofans.com.ar\/index.php\/2025\/07\/28\/asi-son-los-nuevos-onix-y-onix-plus\/","title":{"rendered":"As\u00ed son los nuevos Onix y Onix Plus"},"content":{"rendered":"<p class=\"ds-markdown-paragraph\">Chevrolet present\u00f3 la renovaci\u00f3n del Onix (hatchback) y Onix Plus (sed\u00e1n), con un exterior m\u00e1s refinado y un interior enfocado en la experiencia digital. La parrilla frontal cromada, faros Full LED (con un 61% m\u00e1s de luminosidad) y luces traseras transl\u00facidas destacan en el nuevo dise\u00f1o. El sed\u00e1n gana elegancia, mientras que el hatchback suma un difusor deportivo.<\/p>\n<p>&nbsp;<\/p>\n<h2>As\u00ed es el cockpit digital del Onix<\/h2>\n<p class=\"ds-markdown-paragraph\">Adentro, el tablero digital Virtual Cockpit System de 8&#8243; se integra con la pantalla MyLink de 11&#8243;, creando un espacio tecnol\u00f3gico unificado. El aire acondicionado ahora es autom\u00e1tico con IA, y todas las versiones incluyen acceso sin llave y conectividad avanzada.<\/p>\n<p>&nbsp;<\/p>\n<p><img fetchpriority=\"high\" decoding=\"async\" class=\"aligncenter wp-image-13445 size-full\" src=\"https:\/\/autofans.com.ar\/wp-content\/uploads\/2025\/07\/onix-3.jpg\" alt=\"Onix\" width=\"1000\" height=\"667\" srcset=\"https:\/\/autofans.com.ar\/wp-content\/uploads\/2025\/07\/onix-3.jpg 1000w, https:\/\/autofans.com.ar\/wp-content\/uploads\/2025\/07\/onix-3-300x200.jpg 300w, https:\/\/autofans.com.ar\/wp-content\/uploads\/2025\/07\/onix-3-768x512.jpg 768w\" sizes=\"(max-width: 1000px) 100vw, 1000px\" \/><\/p>\n<p>&nbsp;<\/p>\n<p class=\"ds-markdown-paragraph\">Ambos modelos mantienen el motor 1.0L turbo (116 CV, 160 Nm), con caja manual de 5 marchas (LT) o autom\u00e1tica de 6 (desde la LTZ). La recalibraci\u00f3n mejora la eficiencia, ideal para ciudad y ruta.<\/p>\n<p>&nbsp;<\/p>\n<blockquote>\n<p style=\"text-align: center;\">\u201cLos nuevos Chevrolet Onix y Onix Plus, con su renovada est\u00e9tica y dise\u00f1o interior llegan para seguir conquistando a nuestros clientes que hoy pueden volver a elegir Onix en nuestro mercado, un veh\u00edculo que ha sido un \u00e9xito de ventas con m\u00e1s de 3 millones producidas en y que hoy en Argentina crece a un ritmo de 300 por ciento este a\u00f1o, se\u00f1al\u00f3 Andr\u00e9s Carfagna, Director Comercial de General Motors para Argentina, Paraguay y Uruguay.<\/p>\n<\/blockquote>\n<p>&nbsp;<\/p>\n<h2>Seguridad premium<\/h2>\n<p>&nbsp;<\/p>\n<div id='gallery-1' class='gallery galleryid-13437 gallery-columns-2 gallery-size-full'><figure class='gallery-item'>\n\t\t\t<div class='gallery-icon landscape'>\n\t\t\t\t<a href='https:\/\/autofans.com.ar\/index.php\/2025\/07\/28\/asi-son-los-nuevos-onix-y-onix-plus\/onix-5\/'><img loading=\"lazy\" width=\"1000\" height=\"667\" src=\"https:\/\/autofans.com.ar\/wp-content\/uploads\/2025\/07\/onix-5.jpg\" class=\"attachment-full size-full\" alt=\"Onix\" srcset=\"https:\/\/autofans.com.ar\/wp-content\/uploads\/2025\/07\/onix-5.jpg 1000w, https:\/\/autofans.com.ar\/wp-content\/uploads\/2025\/07\/onix-5-300x200.jpg 300w, https:\/\/autofans.com.ar\/wp-content\/uploads\/2025\/07\/onix-5-768x512.jpg 768w\" sizes=\"auto, (max-width: 1000px) 100vw, 1000px\" loading=\"lazy\" decoding=\"async\" \/><\/a>\n\t\t\t<\/div><\/figure><figure class='gallery-item'>\n\t\t\t<div class='gallery-icon landscape'>\n\t\t\t\t<a href='https:\/\/autofans.com.ar\/index.php\/2025\/07\/28\/asi-son-los-nuevos-onix-y-onix-plus\/onix-4\/'><img loading=\"lazy\" width=\"1000\" height=\"667\" src=\"https:\/\/autofans.com.ar\/wp-content\/uploads\/2025\/07\/onix-4.jpg\" class=\"attachment-full size-full\" alt=\"Onix\" srcset=\"https:\/\/autofans.com.ar\/wp-content\/uploads\/2025\/07\/onix-4.jpg 1000w, https:\/\/autofans.com.ar\/wp-content\/uploads\/2025\/07\/onix-4-300x200.jpg 300w, https:\/\/autofans.com.ar\/wp-content\/uploads\/2025\/07\/onix-4-768x512.jpg 768w\" sizes=\"auto, (max-width: 1000px) 100vw, 1000px\" loading=\"lazy\" decoding=\"async\" \/><\/a>\n\t\t\t<\/div><\/figure>\n\t\t<\/div>\n\n<p>&nbsp;<\/p>\n<p class=\"ds-markdown-paragraph\">El equipamiento incluye:<\/p>\n<ul>\n<li>\n<p class=\"ds-markdown-paragraph\">6 airbags (frontales, laterales y de cortina).<\/p>\n<\/li>\n<li>\n<p class=\"ds-markdown-paragraph\">Control de estabilidad (ESC) y frenos ABS con EBD.<\/p>\n<\/li>\n<li>\n<p class=\"ds-markdown-paragraph\">C\u00e1mara de visi\u00f3n trasera + sensores de estacionamiento.<\/p>\n<\/li>\n<li>\n<p class=\"ds-markdown-paragraph\">Sistema Easy Park (estacionamiento semiautom\u00e1tico).<\/p>\n<\/li>\n<li>\n<p class=\"ds-markdown-paragraph\">Alerta de punto ciego y limitador de velocidad.<\/p>\n<\/li>\n<li>\n<p class=\"ds-markdown-paragraph\">Servicio OnStar (emergencias, recupero de veh\u00edculo y \u00abAcompa\u00f1amiento Seguro\u00bb).<\/p>\n<\/li>\n<\/ul>\n<p>&nbsp;<\/p>\n<h2>Conectividad y personalizaci\u00f3n<\/h2>\n<p>&nbsp;<\/p>\n<p><img decoding=\"async\" class=\"alignnone wp-image-13442 size-full\" src=\"https:\/\/autofans.com.ar\/wp-content\/uploads\/2025\/07\/onix-6.jpg\" alt=\"Onix\" width=\"1000\" height=\"667\" srcset=\"https:\/\/autofans.com.ar\/wp-content\/uploads\/2025\/07\/onix-6.jpg 1000w, https:\/\/autofans.com.ar\/wp-content\/uploads\/2025\/07\/onix-6-300x200.jpg 300w, https:\/\/autofans.com.ar\/wp-content\/uploads\/2025\/07\/onix-6-768x512.jpg 768w\" sizes=\"(max-width: 1000px) 100vw, 1000px\" \/><\/p>\n<p>&nbsp;<\/p>\n<p class=\"ds-markdown-paragraph\">Incluyen Apple CarPlay, Android Auto y la app myChevrolet (encendido remoto, climatizaci\u00f3n y geolocalizaci\u00f3n). Adem\u00e1s, hay 77 accesorios (19 nuevos) para personalizar el auto.<\/p>\n<p class=\"ds-markdown-paragraph\">Colores disponibles: Gris Obscuro, Gris Plata, Blanco, Negro, Azul y Rojo.<\/p>\n<hr \/>\n<div style=\"display: flex; justify-content: center; width: 100%;\">\n<div style=\"display: flex; align-items: center; justify-content: space-between; background: #f0f2f5; padding: 3px 92px; border-radius: 0px; box-shadow: 0 4px 10px rgba(0, 0, 0, 0.08); margin: 24px 0; max-width: 700px;\">\n<div style=\"flex: 1;\"><a style=\"font-size: 18px; color: #921414; font-weight: bold; text-decoration: underline;\" href=\"https:\/\/autofans.com.ar\/wp-content\/uploads\/2025\/07\/ft-onix-hb-2024.pdf\" target=\"_blank\" rel=\"noopener\"><br \/>\n\u2192 Ficha T\u00e9cnica Onix hatchback<br \/>\n<\/a><a style=\"font-size: 18px; color: #007bff; font-weight: 1200; text-decoration: underline;\" href=\"https:\/\/autofans.com.ar\/wp-content\/uploads\/2025\/05\/ftmy26argo-681166d8eb8a6.pdf\" target=\"_blank\" rel=\"noopener\"><br \/>\n<\/a><\/div>\n<div style=\"margin-left: 46px;\"><img decoding=\"async\" class=\"alignright\" style=\"height: 20px; width: auto;\" src=\"https:\/\/autofans.com.ar\/wp-content\/uploads\/2023\/02\/Autofans_600x102_150px5.png\" alt=\"Logo Autofans\" width=\"1200\" height=\"137\" \/><\/div>\n<\/div>\n<\/div>\n<hr \/>\n<div style=\"display: flex; justify-content: center; width: 100%;\">\n<div style=\"display: flex; align-items: center; justify-content: space-between; background: #f0f2f5; padding: 3px 92px; border-radius: 0px; box-shadow: 0 4px 10px rgba(0, 0, 0, 0.08); margin: 24px 0; max-width: 700px;\">\n<div style=\"flex: 1;\"><a style=\"font-size: 18px; color: #921414; font-weight: bold; text-decoration: underline;\" href=\"https:\/\/autofans.com.ar\/wp-content\/uploads\/2025\/07\/ficha-tecnica-onix-plus.pdf\" target=\"_blank\" rel=\"noopener\"><br \/>\n\u2192 Ficha T\u00e9cnica Onix Plus Sed\u00e1n<br \/>\n<\/a><a style=\"font-size: 18px; color: #007bff; font-weight: 1200; text-decoration: underline;\" href=\"https:\/\/autofans.com.ar\/wp-content\/uploads\/2025\/05\/ftmy26argo-681166d8eb8a6.pdf\" target=\"_blank\" rel=\"noopener\"><br \/>\n<\/a><\/div>\n<div style=\"margin-left: 46px;\"><img decoding=\"async\" class=\"alignright\" style=\"height: 20px; width: auto;\" src=\"https:\/\/autofans.com.ar\/wp-content\/uploads\/2023\/02\/Autofans_600x102_150px5.png\" alt=\"Logo Autofans\" width=\"1200\" height=\"137\" \/><\/div>\n<\/div>\n<\/div>\n<hr \/>\n<p>&nbsp;<\/p>\n<p><i>Para enterarte de m\u00e1s novedades, no dejes de leer\u00a0<\/i><a href=\"https:\/\/autofans.thebrandsoup.com\/\"><i>nuestras notas<\/i><\/a><i>, de ver\u00a0<\/i><a href=\"https:\/\/www.youtube.com\/channel\/UCgAC8UGHZYbT6P7PpmVnP7g\"><i>AUTOFANS TV<\/i><\/a><i>\u00a0en nuestro\u00a0canal de Youtube. Adem\u00e1s seguinos en\u00a0<\/i><a href=\"https:\/\/www.instagram.com\/autofanstv\/\"><i>INSTAGRAM<\/i><\/a><i> y <\/i><a href=\"https:\/\/www.facebook.com\/autofansmas\/\"><i>FACEBOOK<\/i><\/a><i> para no perderte nada sobre las novedades del segmento automotor de Argentina y el mundo.<\/i><\/p>\n","protected":false},"excerpt":{"rendered":"<p>Chevrolet present\u00f3 la renovaci\u00f3n del Onix (hatchback) y Onix Plus (sed\u00e1n), con un exterior m\u00e1s&#8230;<\/p>\n","protected":false},"author":2,"featured_media":13446,"comment_status":"closed","ping_status":"closed","sticky":false,"template":"","format":"standard","meta":{"footnotes":""},"categories":[3,1],"tags":[201,4489,273,7072,4940,1015,2846,7074,7073,1306],"class_list":["post-13437","post","type-post","status-publish","format-standard","has-post-thumbnail","hentry","category-autos","category-lanzamientos","tag-sedan","tag-autos-compactos","tag-chevrolet-argentina","tag-chevrolet-onix-2025","tag-conectividad-en-autos","tag-hatchback","tag-motor-turbo","tag-nuevos-lanzamientos","tag-onix-plus-argentina","tag-seguridad-vehicular"],"yoast_head":"<!-- This site is optimized with the Yoast SEO plugin v27.5 - https:\/\/yoast.com\/product\/yoast-seo-wordpress\/ -->\n<title>As\u00ed son los nuevos Onix y Onix Plus -<\/title>\n<meta name=\"description\" content=\"Chevrolet present\u00f3 la renovaci\u00f3n del Onix y Onix Plus, con un exterior m\u00e1s refinado y un interior enfocado en la experiencia digital...\" \/>\n<meta name=\"robots\" content=\"index, follow, max-snippet:-1, max-image-preview:large, max-video-preview:-1\" \/>\n<link rel=\"canonical\" href=\"https:\/\/autofans.com.ar\/index.php\/2025\/07\/28\/asi-son-los-nuevos-onix-y-onix-plus\/\" \/>\n<meta property=\"og:locale\" content=\"es_ES\" \/>\n<meta property=\"og:type\" content=\"article\" \/>\n<meta property=\"og:title\" content=\"As\u00ed son los nuevos Onix y Onix Plus -\" \/>\n<meta property=\"og:description\" content=\"Chevrolet present\u00f3 la renovaci\u00f3n del Onix y Onix Plus, con un exterior m\u00e1s refinado y un interior enfocado en la experiencia digital...\" \/>\n<meta property=\"og:url\" content=\"https:\/\/autofans.com.ar\/index.php\/2025\/07\/28\/asi-son-los-nuevos-onix-y-onix-plus\/\" \/>\n<meta property=\"article:published_time\" content=\"2025-07-28T20:12:33+00:00\" \/>\n<meta property=\"og:image\" content=\"https:\/\/autofans.com.ar\/wp-content\/uploads\/2025\/07\/onix-2.jpg\" \/>\n\t<meta property=\"og:image:width\" content=\"1000\" \/>\n\t<meta property=\"og:image:height\" content=\"667\" \/>\n\t<meta property=\"og:image:type\" content=\"image\/jpeg\" \/>\n<meta name=\"author\" content=\"Alejandro Gabriel Rosito\" \/>\n<meta name=\"twitter:card\" content=\"summary_large_image\" \/>\n<meta name=\"twitter:label1\" content=\"Escrito por\" \/>\n\t<meta name=\"twitter:data1\" content=\"Alejandro Gabriel Rosito\" \/>\n\t<meta name=\"twitter:label2\" content=\"Tiempo de lectura\" \/>\n\t<meta name=\"twitter:data2\" content=\"3 minutos\" \/>\n<script type=\"application\/ld+json\" class=\"yoast-schema-graph\">{\"@context\":\"https:\\\/\\\/schema.org\",\"@graph\":[{\"@type\":\"Article\",\"@id\":\"https:\\\/\\\/autofans.com.ar\\\/index.php\\\/2025\\\/07\\\/28\\\/asi-son-los-nuevos-onix-y-onix-plus\\\/#article\",\"isPartOf\":{\"@id\":\"https:\\\/\\\/autofans.com.ar\\\/index.php\\\/2025\\\/07\\\/28\\\/asi-son-los-nuevos-onix-y-onix-plus\\\/\"},\"author\":{\"name\":\"Alejandro Gabriel Rosito\",\"@id\":\"https:\\\/\\\/autofans.com.ar\\\/#\\\/schema\\\/person\\\/4a8dda0b6df83ac3d6723e921274c2aa\"},\"headline\":\"As\u00ed son los nuevos Onix y Onix Plus\",\"datePublished\":\"2025-07-28T20:12:33+00:00\",\"mainEntityOfPage\":{\"@id\":\"https:\\\/\\\/autofans.com.ar\\\/index.php\\\/2025\\\/07\\\/28\\\/asi-son-los-nuevos-onix-y-onix-plus\\\/\"},\"wordCount\":398,\"image\":{\"@id\":\"https:\\\/\\\/autofans.com.ar\\\/index.php\\\/2025\\\/07\\\/28\\\/asi-son-los-nuevos-onix-y-onix-plus\\\/#primaryimage\"},\"thumbnailUrl\":\"https:\\\/\\\/autofans.com.ar\\\/wp-content\\\/uploads\\\/2025\\\/07\\\/onix-2.jpg\",\"keywords\":[\"#sed\u00e1n\",\"autos compactos\",\"Chevrolet argentina\",\"Chevrolet Onix 2025\",\"conectividad en autos\",\"Hatchback\",\"Motor turbo\",\"nuevos lanzamientos\",\"Onix Plus Argentina\",\"seguridad vehicular\"],\"articleSection\":[\"AUTOS y SUV\",\"LANZAMIENTOS\"],\"inLanguage\":\"es\"},{\"@type\":\"WebPage\",\"@id\":\"https:\\\/\\\/autofans.com.ar\\\/index.php\\\/2025\\\/07\\\/28\\\/asi-son-los-nuevos-onix-y-onix-plus\\\/\",\"url\":\"https:\\\/\\\/autofans.com.ar\\\/index.php\\\/2025\\\/07\\\/28\\\/asi-son-los-nuevos-onix-y-onix-plus\\\/\",\"name\":\"As\u00ed son los nuevos Onix y Onix Plus -\",\"isPartOf\":{\"@id\":\"https:\\\/\\\/autofans.com.ar\\\/#website\"},\"primaryImageOfPage\":{\"@id\":\"https:\\\/\\\/autofans.com.ar\\\/index.php\\\/2025\\\/07\\\/28\\\/asi-son-los-nuevos-onix-y-onix-plus\\\/#primaryimage\"},\"image\":{\"@id\":\"https:\\\/\\\/autofans.com.ar\\\/index.php\\\/2025\\\/07\\\/28\\\/asi-son-los-nuevos-onix-y-onix-plus\\\/#primaryimage\"},\"thumbnailUrl\":\"https:\\\/\\\/autofans.com.ar\\\/wp-content\\\/uploads\\\/2025\\\/07\\\/onix-2.jpg\",\"datePublished\":\"2025-07-28T20:12:33+00:00\",\"author\":{\"@id\":\"https:\\\/\\\/autofans.com.ar\\\/#\\\/schema\\\/person\\\/4a8dda0b6df83ac3d6723e921274c2aa\"},\"description\":\"Chevrolet present\u00f3 la renovaci\u00f3n del Onix y Onix Plus, con un exterior m\u00e1s refinado y un interior enfocado en la experiencia digital...\",\"breadcrumb\":{\"@id\":\"https:\\\/\\\/autofans.com.ar\\\/index.php\\\/2025\\\/07\\\/28\\\/asi-son-los-nuevos-onix-y-onix-plus\\\/#breadcrumb\"},\"inLanguage\":\"es\",\"potentialAction\":[{\"@type\":\"ReadAction\",\"target\":[\"https:\\\/\\\/autofans.com.ar\\\/index.php\\\/2025\\\/07\\\/28\\\/asi-son-los-nuevos-onix-y-onix-plus\\\/\"]}]},{\"@type\":\"ImageObject\",\"inLanguage\":\"es\",\"@id\":\"https:\\\/\\\/autofans.com.ar\\\/index.php\\\/2025\\\/07\\\/28\\\/asi-son-los-nuevos-onix-y-onix-plus\\\/#primaryimage\",\"url\":\"https:\\\/\\\/autofans.com.ar\\\/wp-content\\\/uploads\\\/2025\\\/07\\\/onix-2.jpg\",\"contentUrl\":\"https:\\\/\\\/autofans.com.ar\\\/wp-content\\\/uploads\\\/2025\\\/07\\\/onix-2.jpg\",\"width\":1000,\"height\":667,\"caption\":\"Onix\"},{\"@type\":\"BreadcrumbList\",\"@id\":\"https:\\\/\\\/autofans.com.ar\\\/index.php\\\/2025\\\/07\\\/28\\\/asi-son-los-nuevos-onix-y-onix-plus\\\/#breadcrumb\",\"itemListElement\":[{\"@type\":\"ListItem\",\"position\":1,\"name\":\"Inicio\",\"item\":\"https:\\\/\\\/autofans.com.ar\\\/\"},{\"@type\":\"ListItem\",\"position\":2,\"name\":\"As\u00ed son los nuevos Onix y Onix Plus\"}]},{\"@type\":\"WebSite\",\"@id\":\"https:\\\/\\\/autofans.com.ar\\\/#website\",\"url\":\"https:\\\/\\\/autofans.com.ar\\\/\",\"name\":\"\",\"description\":\"El multimedio referente de la industria automotriz\",\"potentialAction\":[{\"@type\":\"SearchAction\",\"target\":{\"@type\":\"EntryPoint\",\"urlTemplate\":\"https:\\\/\\\/autofans.com.ar\\\/?s={search_term_string}\"},\"query-input\":{\"@type\":\"PropertyValueSpecification\",\"valueRequired\":true,\"valueName\":\"search_term_string\"}}],\"inLanguage\":\"es\"},{\"@type\":\"Person\",\"@id\":\"https:\\\/\\\/autofans.com.ar\\\/#\\\/schema\\\/person\\\/4a8dda0b6df83ac3d6723e921274c2aa\",\"name\":\"Alejandro Gabriel Rosito\",\"image\":{\"@type\":\"ImageObject\",\"inLanguage\":\"es\",\"@id\":\"https:\\\/\\\/secure.gravatar.com\\\/avatar\\\/16c5dda1489adfc62618084dcbb91cffd879c374b13fe5dd8e44ed6733852c88?s=96&d=mm&r=g\",\"url\":\"https:\\\/\\\/secure.gravatar.com\\\/avatar\\\/16c5dda1489adfc62618084dcbb91cffd879c374b13fe5dd8e44ed6733852c88?s=96&d=mm&r=g\",\"contentUrl\":\"https:\\\/\\\/secure.gravatar.com\\\/avatar\\\/16c5dda1489adfc62618084dcbb91cffd879c374b13fe5dd8e44ed6733852c88?s=96&d=mm&r=g\",\"caption\":\"Alejandro Gabriel Rosito\"},\"url\":\"https:\\\/\\\/autofans.com.ar\\\/index.php\\\/author\\\/gabrielr\\\/\"}]}<\/script>\n<!-- \/ Yoast SEO plugin. -->","yoast_head_json":{"title":"As\u00ed son los nuevos Onix y Onix Plus -","description":"Chevrolet present\u00f3 la renovaci\u00f3n del Onix y Onix Plus, con un exterior m\u00e1s refinado y un interior enfocado en la experiencia digital...","robots":{"index":"index","follow":"follow","max-snippet":"max-snippet:-1","max-image-preview":"max-image-preview:large","max-video-preview":"max-video-preview:-1"},"canonical":"https:\/\/autofans.com.ar\/index.php\/2025\/07\/28\/asi-son-los-nuevos-onix-y-onix-plus\/","og_locale":"es_ES","og_type":"article","og_title":"As\u00ed son los nuevos Onix y Onix Plus -","og_description":"Chevrolet present\u00f3 la renovaci\u00f3n del Onix y Onix Plus, con un exterior m\u00e1s refinado y un interior enfocado en la experiencia digital...","og_url":"https:\/\/autofans.com.ar\/index.php\/2025\/07\/28\/asi-son-los-nuevos-onix-y-onix-plus\/","article_published_time":"2025-07-28T20:12:33+00:00","og_image":[{"width":1000,"height":667,"url":"https:\/\/autofans.com.ar\/wp-content\/uploads\/2025\/07\/onix-2.jpg","type":"image\/jpeg"}],"author":"Alejandro Gabriel Rosito","twitter_card":"summary_large_image","twitter_misc":{"Escrito por":"Alejandro Gabriel Rosito","Tiempo de lectura":"3 minutos"},"schema":{"@context":"https:\/\/schema.org","@graph":[{"@type":"Article","@id":"https:\/\/autofans.com.ar\/index.php\/2025\/07\/28\/asi-son-los-nuevos-onix-y-onix-plus\/#article","isPartOf":{"@id":"https:\/\/autofans.com.ar\/index.php\/2025\/07\/28\/asi-son-los-nuevos-onix-y-onix-plus\/"},"author":{"name":"Alejandro Gabriel Rosito","@id":"https:\/\/autofans.com.ar\/#\/schema\/person\/4a8dda0b6df83ac3d6723e921274c2aa"},"headline":"As\u00ed son los nuevos Onix y Onix Plus","datePublished":"2025-07-28T20:12:33+00:00","mainEntityOfPage":{"@id":"https:\/\/autofans.com.ar\/index.php\/2025\/07\/28\/asi-son-los-nuevos-onix-y-onix-plus\/"},"wordCount":398,"image":{"@id":"https:\/\/autofans.com.ar\/index.php\/2025\/07\/28\/asi-son-los-nuevos-onix-y-onix-plus\/#primaryimage"},"thumbnailUrl":"https:\/\/autofans.com.ar\/wp-content\/uploads\/2025\/07\/onix-2.jpg","keywords":["#sed\u00e1n","autos compactos","Chevrolet argentina","Chevrolet Onix 2025","conectividad en autos","Hatchback","Motor turbo","nuevos lanzamientos","Onix Plus Argentina","seguridad vehicular"],"articleSection":["AUTOS y SUV","LANZAMIENTOS"],"inLanguage":"es"},{"@type":"WebPage","@id":"https:\/\/autofans.com.ar\/index.php\/2025\/07\/28\/asi-son-los-nuevos-onix-y-onix-plus\/","url":"https:\/\/autofans.com.ar\/index.php\/2025\/07\/28\/asi-son-los-nuevos-onix-y-onix-plus\/","name":"As\u00ed son los nuevos Onix y Onix Plus -","isPartOf":{"@id":"https:\/\/autofans.com.ar\/#website"},"primaryImageOfPage":{"@id":"https:\/\/autofans.com.ar\/index.php\/2025\/07\/28\/asi-son-los-nuevos-onix-y-onix-plus\/#primaryimage"},"image":{"@id":"https:\/\/autofans.com.ar\/index.php\/2025\/07\/28\/asi-son-los-nuevos-onix-y-onix-plus\/#primaryimage"},"thumbnailUrl":"https:\/\/autofans.com.ar\/wp-content\/uploads\/2025\/07\/onix-2.jpg","datePublished":"2025-07-28T20:12:33+00:00","author":{"@id":"https:\/\/autofans.com.ar\/#\/schema\/person\/4a8dda0b6df83ac3d6723e921274c2aa"},"description":"Chevrolet present\u00f3 la renovaci\u00f3n del Onix y Onix Plus, con un exterior m\u00e1s refinado y un interior enfocado en la experiencia digital...","breadcrumb":{"@id":"https:\/\/autofans.com.ar\/index.php\/2025\/07\/28\/asi-son-los-nuevos-onix-y-onix-plus\/#breadcrumb"},"inLanguage":"es","potentialAction":[{"@type":"ReadAction","target":["https:\/\/autofans.com.ar\/index.php\/2025\/07\/28\/asi-son-los-nuevos-onix-y-onix-plus\/"]}]},{"@type":"ImageObject","inLanguage":"es","@id":"https:\/\/autofans.com.ar\/index.php\/2025\/07\/28\/asi-son-los-nuevos-onix-y-onix-plus\/#primaryimage","url":"https:\/\/autofans.com.ar\/wp-content\/uploads\/2025\/07\/onix-2.jpg","contentUrl":"https:\/\/autofans.com.ar\/wp-content\/uploads\/2025\/07\/onix-2.jpg","width":1000,"height":667,"caption":"Onix"},{"@type":"BreadcrumbList","@id":"https:\/\/autofans.com.ar\/index.php\/2025\/07\/28\/asi-son-los-nuevos-onix-y-onix-plus\/#breadcrumb","itemListElement":[{"@type":"ListItem","position":1,"name":"Inicio","item":"https:\/\/autofans.com.ar\/"},{"@type":"ListItem","position":2,"name":"As\u00ed son los nuevos Onix y Onix Plus"}]},{"@type":"WebSite","@id":"https:\/\/autofans.com.ar\/#website","url":"https:\/\/autofans.com.ar\/","name":"","description":"El multimedio referente de la industria automotriz","potentialAction":[{"@type":"SearchAction","target":{"@type":"EntryPoint","urlTemplate":"https:\/\/autofans.com.ar\/?s={search_term_string}"},"query-input":{"@type":"PropertyValueSpecification","valueRequired":true,"valueName":"search_term_string"}}],"inLanguage":"es"},{"@type":"Person","@id":"https:\/\/autofans.com.ar\/#\/schema\/person\/4a8dda0b6df83ac3d6723e921274c2aa","name":"Alejandro Gabriel Rosito","image":{"@type":"ImageObject","inLanguage":"es","@id":"https:\/\/secure.gravatar.com\/avatar\/16c5dda1489adfc62618084dcbb91cffd879c374b13fe5dd8e44ed6733852c88?s=96&d=mm&r=g","url":"https:\/\/secure.gravatar.com\/avatar\/16c5dda1489adfc62618084dcbb91cffd879c374b13fe5dd8e44ed6733852c88?s=96&d=mm&r=g","contentUrl":"https:\/\/secure.gravatar.com\/avatar\/16c5dda1489adfc62618084dcbb91cffd879c374b13fe5dd8e44ed6733852c88?s=96&d=mm&r=g","caption":"Alejandro Gabriel Rosito"},"url":"https:\/\/autofans.com.ar\/index.php\/author\/gabrielr\/"}]}},"featured_image_urls":{"full":["https:\/\/autofans.com.ar\/wp-content\/uploads\/2025\/07\/onix-2.jpg",1000,667,false],"thumbnail":["https:\/\/autofans.com.ar\/wp-content\/uploads\/2025\/07\/onix-2-150x150.jpg",150,150,true],"medium":["https:\/\/autofans.com.ar\/wp-content\/uploads\/2025\/07\/onix-2-300x200.jpg",300,200,true],"medium_large":["https:\/\/autofans.com.ar\/wp-content\/uploads\/2025\/07\/onix-2-768x512.jpg",640,427,true],"large":["https:\/\/autofans.com.ar\/wp-content\/uploads\/2025\/07\/onix-2.jpg",640,427,false],"1536x1536":["https:\/\/autofans.com.ar\/wp-content\/uploads\/2025\/07\/onix-2.jpg",1000,667,false],"2048x2048":["https:\/\/autofans.com.ar\/wp-content\/uploads\/2025\/07\/onix-2.jpg",1000,667,false],"covernews-featured":["https:\/\/autofans.com.ar\/wp-content\/uploads\/2025\/07\/onix-2.jpg",1000,667,false],"covernews-medium":["https:\/\/autofans.com.ar\/wp-content\/uploads\/2025\/07\/onix-2-540x340.jpg",540,340,true]},"author_info":{"display_name":"Alejandro Gabriel Rosito","author_link":"https:\/\/autofans.com.ar\/index.php\/author\/gabrielr\/"},"category_info":"<a href=\"https:\/\/autofans.com.ar\/index.php\/category\/noticias\/autos\/\" rel=\"category tag\">AUTOS y SUV<\/a> <a href=\"https:\/\/autofans.com.ar\/index.php\/category\/lanzamientos\/\" rel=\"category tag\">LANZAMIENTOS<\/a>","tag_info":"LANZAMIENTOS","comment_count":0,"_links":{"self":[{"href":"https:\/\/autofans.com.ar\/index.php\/wp-json\/wp\/v2\/posts\/13437","targetHints":{"allow":["GET"]}}],"collection":[{"href":"https:\/\/autofans.com.ar\/index.php\/wp-json\/wp\/v2\/posts"}],"about":[{"href":"https:\/\/autofans.com.ar\/index.php\/wp-json\/wp\/v2\/types\/post"}],"author":[{"embeddable":true,"href":"https:\/\/autofans.com.ar\/index.php\/wp-json\/wp\/v2\/users\/2"}],"replies":[{"embeddable":true,"href":"https:\/\/autofans.com.ar\/index.php\/wp-json\/wp\/v2\/comments?post=13437"}],"version-history":[{"count":6,"href":"https:\/\/autofans.com.ar\/index.php\/wp-json\/wp\/v2\/posts\/13437\/revisions"}],"predecessor-version":[{"id":13453,"href":"https:\/\/autofans.com.ar\/index.php\/wp-json\/wp\/v2\/posts\/13437\/revisions\/13453"}],"wp:featuredmedia":[{"embeddable":true,"href":"https:\/\/autofans.com.ar\/index.php\/wp-json\/wp\/v2\/media\/13446"}],"wp:attachment":[{"href":"https:\/\/autofans.com.ar\/index.php\/wp-json\/wp\/v2\/media?parent=13437"}],"wp:term":[{"taxonomy":"category","embeddable":true,"href":"https:\/\/autofans.com.ar\/index.php\/wp-json\/wp\/v2\/categories?post=13437"},{"taxonomy":"post_tag","embeddable":true,"href":"https:\/\/autofans.com.ar\/index.php\/wp-json\/wp\/v2\/tags?post=13437"}],"curies":[{"name":"wp","href":"https:\/\/api.w.org\/{rel}","templated":true}]}}