{"id":13466,"date":"2025-07-28T18:33:26","date_gmt":"2025-07-28T21:33:26","guid":{"rendered":"https:\/\/autofans.com.ar\/?p=13466"},"modified":"2025-07-28T18:34:20","modified_gmt":"2025-07-28T21:34:20","slug":"autofans-tv-temp-18-programa-43-19-07-2025","status":"publish","type":"post","link":"https:\/\/autofans.com.ar\/index.php\/2025\/07\/28\/autofans-tv-temp-18-programa-43-19-07-2025\/","title":{"rendered":"Autofans TV &#8211; Temp. 18 Programa 43 &#8211; 19\/07\/2025"},"content":{"rendered":"<p>En esta edici\u00f3n de Autofans TV estuvimos presentes en la 137\u00ba Exposici\u00f3n Rural en el predio de La Rural que va desde el 17 al 27 de julio, te mostramos el Stand de Volkswagen y los nuevos modelos que presentan, tambi\u00e9n te mostramos Los nuevos modelos de Mitsubishi como la L200. En nuestra secci\u00f3n de Autofans Test Drive te traemos el nuevo BMW iX2 xDrive30 M Sport y te contamos todos los detalles. Peugeot nos trae Servicios Conectados \u201cMyPeugeot\u201d la tecnolog\u00eda para una mejor conducci\u00f3n, hablamos con Franklin Bendahan, Brand Manager Peugeot que nos cont\u00f3 todos los detalles. Estuvimos en el evento de Audi Buenos Aires en la presentaci\u00f3n del nuevo Audi A5 Sed\u00e1n, hablamos con Conrado Wittstatt, Gerente General Audi Argentina que nos cont\u00f3 los detalles de este ic\u00f3nico modelo, hablamos tambi\u00e9n con Leonardo Nadur Presidente de la agencia Audi Buenos Aires que nos cont\u00f3 todo sobre este evento. Volvo Trucks Argentina presenta el FH Edici\u00f3n 30 a\u00f1os en su aniversario. Esto y mucho m\u00e1s en nuestro nuevo programa<\/p>\n<p>&nbsp;<\/p>\n<p>Vas a encontrar esto y muchas notas m\u00e1s.<\/p>\n<h4>Bienvenidos a esta nueva temprada de Autofans TV<\/h4>\n<p>&nbsp;<\/p>\n<p><center><iframe title=\"Autofans TV - Temp. 18 Programa 43 - Test Drive BMW iX2 xDrive30 M Sport  #bmw #peugeot\" width=\"640\" height=\"360\" src=\"https:\/\/www.youtube.com\/embed\/m1Fuu78ZRQM?feature=oembed\" frameborder=\"0\" allow=\"accelerometer; autoplay; clipboard-write; encrypted-media; gyroscope; picture-in-picture; web-share\" referrerpolicy=\"strict-origin-when-cross-origin\" allowfullscreen><\/iframe><\/p>\n<p>&nbsp;<\/p>\n<p><\/center>&nbsp;<\/p>\n<p>&nbsp;<\/p>\n<p>Para volver a ver esta emisi\u00f3n, nuestros pr\u00f3ximos lives, streamings y mucho m\u00e1s contenido, suscribite a nuestro canal de YouTube y toc\u00e1 la campanita para recibir notificaciones de nuestras nuevas publicaciones.<\/p>\n<p>&nbsp;<\/p>\n<p><i>Para enterarte de m\u00e1s novedades, no dejes de leer\u00a0<\/i><a href=\"https:\/\/autofans.thebrandsoup.com\/\"><i>nuestras notas<\/i><\/a><i>, de ver<\/i><b><i>\u00a0<\/i><\/b><a href=\"https:\/\/www.youtube.com\/channel\/UCgAC8UGHZYbT6P7PpmVnP7g\"><b><i>AUTOFANS TV<\/i><\/b><\/a><b><i>\u00a0<\/i><\/b><i>en nuestro\u00a0canal de Youtube. Adem\u00e1s seguinos en\u00a0<\/i><a href=\"https:\/\/www.instagram.com\/autofanstv\/\"><i>INSTAGRAM<\/i><\/a><i> y <\/i><a href=\"https:\/\/www.facebook.com\/autofansmas\/\"><i>FACEBOOK<\/i><\/a><i> para no perderte nada sobre las novedades del segmento automotor de Argentina y el mundo.<\/i><\/p>\n","protected":false},"excerpt":{"rendered":"<p>En esta edici\u00f3n de Autofans TV estuvimos presentes en la 137\u00ba Exposici\u00f3n Rural en el&#8230;<\/p>\n","protected":false},"author":2,"featured_media":13470,"comment_status":"closed","ping_status":"closed","sticky":false,"template":"","format":"standard","meta":{"footnotes":""},"categories":[13,5780],"tags":[7076,911,741,7077,2540,7031,412,382,7078],"class_list":["post-13466","post","type-post","status-publish","format-standard","has-post-thumbnail","hentry","category-autofans-tv","category-programas-2025","tag-137o-exposicion-rural","tag-audi","tag-autofanstv","tag-bmw-ix2-xdrive30-m-sport","tag-mitsubishi","tag-mypeugeot","tag-peugeot","tag-volkswagen","tag-volvo"],"yoast_head":"<!-- This site is optimized with the Yoast SEO plugin v27.5 - https:\/\/yoast.com\/product\/yoast-seo-wordpress\/ -->\n<title>Autofans TV - Temp. 18 Programa 43 - 19\/07\/2025 -<\/title>\n<meta name=\"description\" content=\"En esta edici\u00f3n de Autofans TV estuvimos presentes en la 137\u00ba Exposici\u00f3n Rural en el predio de La Rural que va desde el 17 al 27 de julio...\" \/>\n<meta name=\"robots\" content=\"index, follow, max-snippet:-1, max-image-preview:large, max-video-preview:-1\" \/>\n<link rel=\"canonical\" href=\"https:\/\/autofans.com.ar\/index.php\/2025\/07\/28\/autofans-tv-temp-18-programa-43-19-07-2025\/\" \/>\n<meta property=\"og:locale\" content=\"es_ES\" \/>\n<meta property=\"og:type\" content=\"article\" \/>\n<meta property=\"og:title\" content=\"Autofans TV - Temp. 18 Programa 43 - 19\/07\/2025 -\" \/>\n<meta property=\"og:description\" content=\"En esta edici\u00f3n de Autofans TV estuvimos presentes en la 137\u00ba Exposici\u00f3n Rural en el predio de La Rural que va desde el 17 al 27 de julio...\" \/>\n<meta property=\"og:url\" content=\"https:\/\/autofans.com.ar\/index.php\/2025\/07\/28\/autofans-tv-temp-18-programa-43-19-07-2025\/\" \/>\n<meta property=\"article:published_time\" content=\"2025-07-28T21:33:26+00:00\" \/>\n<meta property=\"article:modified_time\" content=\"2025-07-28T21:34:20+00:00\" \/>\n<meta property=\"og:image\" content=\"https:\/\/autofans.com.ar\/wp-content\/uploads\/2025\/07\/temp-18-19-07.jpg\" \/>\n\t<meta property=\"og:image:width\" content=\"1831\" \/>\n\t<meta property=\"og:image:height\" content=\"957\" \/>\n\t<meta property=\"og:image:type\" content=\"image\/jpeg\" \/>\n<meta name=\"author\" content=\"Alejandro Gabriel Rosito\" \/>\n<meta name=\"twitter:card\" content=\"summary_large_image\" \/>\n<meta name=\"twitter:label1\" content=\"Escrito por\" \/>\n\t<meta name=\"twitter:data1\" content=\"Alejandro Gabriel Rosito\" \/>\n\t<meta name=\"twitter:label2\" content=\"Tiempo de lectura\" \/>\n\t<meta name=\"twitter:data2\" content=\"2 minutos\" \/>\n<script type=\"application\/ld+json\" class=\"yoast-schema-graph\">{\"@context\":\"https:\\\/\\\/schema.org\",\"@graph\":[{\"@type\":\"Article\",\"@id\":\"https:\\\/\\\/autofans.com.ar\\\/index.php\\\/2025\\\/07\\\/28\\\/autofans-tv-temp-18-programa-43-19-07-2025\\\/#article\",\"isPartOf\":{\"@id\":\"https:\\\/\\\/autofans.com.ar\\\/index.php\\\/2025\\\/07\\\/28\\\/autofans-tv-temp-18-programa-43-19-07-2025\\\/\"},\"author\":{\"name\":\"Alejandro Gabriel Rosito\",\"@id\":\"https:\\\/\\\/autofans.com.ar\\\/#\\\/schema\\\/person\\\/4a8dda0b6df83ac3d6723e921274c2aa\"},\"headline\":\"Autofans TV &#8211; Temp. 18 Programa 43 &#8211; 19\\\/07\\\/2025\",\"datePublished\":\"2025-07-28T21:33:26+00:00\",\"dateModified\":\"2025-07-28T21:34:20+00:00\",\"mainEntityOfPage\":{\"@id\":\"https:\\\/\\\/autofans.com.ar\\\/index.php\\\/2025\\\/07\\\/28\\\/autofans-tv-temp-18-programa-43-19-07-2025\\\/\"},\"wordCount\":293,\"image\":{\"@id\":\"https:\\\/\\\/autofans.com.ar\\\/index.php\\\/2025\\\/07\\\/28\\\/autofans-tv-temp-18-programa-43-19-07-2025\\\/#primaryimage\"},\"thumbnailUrl\":\"https:\\\/\\\/autofans.com.ar\\\/wp-content\\\/uploads\\\/2025\\\/07\\\/temp-18-19-07.jpg\",\"keywords\":[\"137\u00ba Exposici\u00f3n Rural\",\"Audi\",\"AutoFanstv\",\"BMW iX2 xDrive30 M Sport\",\"Mitsubishi\",\"MyPeugeot\",\"Peugeot\",\"Volkswagen\",\"Volvo\"],\"articleSection\":[\"AUTOFANS TV\",\"Programas 2025\"],\"inLanguage\":\"es\"},{\"@type\":\"WebPage\",\"@id\":\"https:\\\/\\\/autofans.com.ar\\\/index.php\\\/2025\\\/07\\\/28\\\/autofans-tv-temp-18-programa-43-19-07-2025\\\/\",\"url\":\"https:\\\/\\\/autofans.com.ar\\\/index.php\\\/2025\\\/07\\\/28\\\/autofans-tv-temp-18-programa-43-19-07-2025\\\/\",\"name\":\"Autofans TV - Temp. 18 Programa 43 - 19\\\/07\\\/2025 -\",\"isPartOf\":{\"@id\":\"https:\\\/\\\/autofans.com.ar\\\/#website\"},\"primaryImageOfPage\":{\"@id\":\"https:\\\/\\\/autofans.com.ar\\\/index.php\\\/2025\\\/07\\\/28\\\/autofans-tv-temp-18-programa-43-19-07-2025\\\/#primaryimage\"},\"image\":{\"@id\":\"https:\\\/\\\/autofans.com.ar\\\/index.php\\\/2025\\\/07\\\/28\\\/autofans-tv-temp-18-programa-43-19-07-2025\\\/#primaryimage\"},\"thumbnailUrl\":\"https:\\\/\\\/autofans.com.ar\\\/wp-content\\\/uploads\\\/2025\\\/07\\\/temp-18-19-07.jpg\",\"datePublished\":\"2025-07-28T21:33:26+00:00\",\"dateModified\":\"2025-07-28T21:34:20+00:00\",\"author\":{\"@id\":\"https:\\\/\\\/autofans.com.ar\\\/#\\\/schema\\\/person\\\/4a8dda0b6df83ac3d6723e921274c2aa\"},\"description\":\"En esta edici\u00f3n de Autofans TV estuvimos presentes en la 137\u00ba Exposici\u00f3n Rural en el predio de La Rural que va desde el 17 al 27 de julio...\",\"breadcrumb\":{\"@id\":\"https:\\\/\\\/autofans.com.ar\\\/index.php\\\/2025\\\/07\\\/28\\\/autofans-tv-temp-18-programa-43-19-07-2025\\\/#breadcrumb\"},\"inLanguage\":\"es\",\"potentialAction\":[{\"@type\":\"ReadAction\",\"target\":[\"https:\\\/\\\/autofans.com.ar\\\/index.php\\\/2025\\\/07\\\/28\\\/autofans-tv-temp-18-programa-43-19-07-2025\\\/\"]}]},{\"@type\":\"ImageObject\",\"inLanguage\":\"es\",\"@id\":\"https:\\\/\\\/autofans.com.ar\\\/index.php\\\/2025\\\/07\\\/28\\\/autofans-tv-temp-18-programa-43-19-07-2025\\\/#primaryimage\",\"url\":\"https:\\\/\\\/autofans.com.ar\\\/wp-content\\\/uploads\\\/2025\\\/07\\\/temp-18-19-07.jpg\",\"contentUrl\":\"https:\\\/\\\/autofans.com.ar\\\/wp-content\\\/uploads\\\/2025\\\/07\\\/temp-18-19-07.jpg\",\"width\":1831,\"height\":957},{\"@type\":\"BreadcrumbList\",\"@id\":\"https:\\\/\\\/autofans.com.ar\\\/index.php\\\/2025\\\/07\\\/28\\\/autofans-tv-temp-18-programa-43-19-07-2025\\\/#breadcrumb\",\"itemListElement\":[{\"@type\":\"ListItem\",\"position\":1,\"name\":\"Inicio\",\"item\":\"https:\\\/\\\/autofans.com.ar\\\/\"},{\"@type\":\"ListItem\",\"position\":2,\"name\":\"Autofans TV &#8211; Temp. 18 Programa 43 &#8211; 19\\\/07\\\/2025\"}]},{\"@type\":\"WebSite\",\"@id\":\"https:\\\/\\\/autofans.com.ar\\\/#website\",\"url\":\"https:\\\/\\\/autofans.com.ar\\\/\",\"name\":\"\",\"description\":\"El multimedio referente de la industria automotriz\",\"potentialAction\":[{\"@type\":\"SearchAction\",\"target\":{\"@type\":\"EntryPoint\",\"urlTemplate\":\"https:\\\/\\\/autofans.com.ar\\\/?s={search_term_string}\"},\"query-input\":{\"@type\":\"PropertyValueSpecification\",\"valueRequired\":true,\"valueName\":\"search_term_string\"}}],\"inLanguage\":\"es\"},{\"@type\":\"Person\",\"@id\":\"https:\\\/\\\/autofans.com.ar\\\/#\\\/schema\\\/person\\\/4a8dda0b6df83ac3d6723e921274c2aa\",\"name\":\"Alejandro Gabriel Rosito\",\"image\":{\"@type\":\"ImageObject\",\"inLanguage\":\"es\",\"@id\":\"https:\\\/\\\/secure.gravatar.com\\\/avatar\\\/16c5dda1489adfc62618084dcbb91cffd879c374b13fe5dd8e44ed6733852c88?s=96&d=mm&r=g\",\"url\":\"https:\\\/\\\/secure.gravatar.com\\\/avatar\\\/16c5dda1489adfc62618084dcbb91cffd879c374b13fe5dd8e44ed6733852c88?s=96&d=mm&r=g\",\"contentUrl\":\"https:\\\/\\\/secure.gravatar.com\\\/avatar\\\/16c5dda1489adfc62618084dcbb91cffd879c374b13fe5dd8e44ed6733852c88?s=96&d=mm&r=g\",\"caption\":\"Alejandro Gabriel Rosito\"},\"url\":\"https:\\\/\\\/autofans.com.ar\\\/index.php\\\/author\\\/gabrielr\\\/\"}]}<\/script>\n<!-- \/ Yoast SEO plugin. -->","yoast_head_json":{"title":"Autofans TV - Temp. 18 Programa 43 - 19\/07\/2025 -","description":"En esta edici\u00f3n de Autofans TV estuvimos presentes en la 137\u00ba Exposici\u00f3n Rural en el predio de La Rural que va desde el 17 al 27 de julio...","robots":{"index":"index","follow":"follow","max-snippet":"max-snippet:-1","max-image-preview":"max-image-preview:large","max-video-preview":"max-video-preview:-1"},"canonical":"https:\/\/autofans.com.ar\/index.php\/2025\/07\/28\/autofans-tv-temp-18-programa-43-19-07-2025\/","og_locale":"es_ES","og_type":"article","og_title":"Autofans TV - Temp. 18 Programa 43 - 19\/07\/2025 -","og_description":"En esta edici\u00f3n de Autofans TV estuvimos presentes en la 137\u00ba Exposici\u00f3n Rural en el predio de La Rural que va desde el 17 al 27 de julio...","og_url":"https:\/\/autofans.com.ar\/index.php\/2025\/07\/28\/autofans-tv-temp-18-programa-43-19-07-2025\/","article_published_time":"2025-07-28T21:33:26+00:00","article_modified_time":"2025-07-28T21:34:20+00:00","og_image":[{"width":1831,"height":957,"url":"https:\/\/autofans.com.ar\/wp-content\/uploads\/2025\/07\/temp-18-19-07.jpg","type":"image\/jpeg"}],"author":"Alejandro Gabriel Rosito","twitter_card":"summary_large_image","twitter_misc":{"Escrito por":"Alejandro Gabriel Rosito","Tiempo de lectura":"2 minutos"},"schema":{"@context":"https:\/\/schema.org","@graph":[{"@type":"Article","@id":"https:\/\/autofans.com.ar\/index.php\/2025\/07\/28\/autofans-tv-temp-18-programa-43-19-07-2025\/#article","isPartOf":{"@id":"https:\/\/autofans.com.ar\/index.php\/2025\/07\/28\/autofans-tv-temp-18-programa-43-19-07-2025\/"},"author":{"name":"Alejandro Gabriel Rosito","@id":"https:\/\/autofans.com.ar\/#\/schema\/person\/4a8dda0b6df83ac3d6723e921274c2aa"},"headline":"Autofans TV &#8211; Temp. 18 Programa 43 &#8211; 19\/07\/2025","datePublished":"2025-07-28T21:33:26+00:00","dateModified":"2025-07-28T21:34:20+00:00","mainEntityOfPage":{"@id":"https:\/\/autofans.com.ar\/index.php\/2025\/07\/28\/autofans-tv-temp-18-programa-43-19-07-2025\/"},"wordCount":293,"image":{"@id":"https:\/\/autofans.com.ar\/index.php\/2025\/07\/28\/autofans-tv-temp-18-programa-43-19-07-2025\/#primaryimage"},"thumbnailUrl":"https:\/\/autofans.com.ar\/wp-content\/uploads\/2025\/07\/temp-18-19-07.jpg","keywords":["137\u00ba Exposici\u00f3n Rural","Audi","AutoFanstv","BMW iX2 xDrive30 M Sport","Mitsubishi","MyPeugeot","Peugeot","Volkswagen","Volvo"],"articleSection":["AUTOFANS TV","Programas 2025"],"inLanguage":"es"},{"@type":"WebPage","@id":"https:\/\/autofans.com.ar\/index.php\/2025\/07\/28\/autofans-tv-temp-18-programa-43-19-07-2025\/","url":"https:\/\/autofans.com.ar\/index.php\/2025\/07\/28\/autofans-tv-temp-18-programa-43-19-07-2025\/","name":"Autofans TV - Temp. 18 Programa 43 - 19\/07\/2025 -","isPartOf":{"@id":"https:\/\/autofans.com.ar\/#website"},"primaryImageOfPage":{"@id":"https:\/\/autofans.com.ar\/index.php\/2025\/07\/28\/autofans-tv-temp-18-programa-43-19-07-2025\/#primaryimage"},"image":{"@id":"https:\/\/autofans.com.ar\/index.php\/2025\/07\/28\/autofans-tv-temp-18-programa-43-19-07-2025\/#primaryimage"},"thumbnailUrl":"https:\/\/autofans.com.ar\/wp-content\/uploads\/2025\/07\/temp-18-19-07.jpg","datePublished":"2025-07-28T21:33:26+00:00","dateModified":"2025-07-28T21:34:20+00:00","author":{"@id":"https:\/\/autofans.com.ar\/#\/schema\/person\/4a8dda0b6df83ac3d6723e921274c2aa"},"description":"En esta edici\u00f3n de Autofans TV estuvimos presentes en la 137\u00ba Exposici\u00f3n Rural en el predio de La Rural que va desde el 17 al 27 de julio...","breadcrumb":{"@id":"https:\/\/autofans.com.ar\/index.php\/2025\/07\/28\/autofans-tv-temp-18-programa-43-19-07-2025\/#breadcrumb"},"inLanguage":"es","potentialAction":[{"@type":"ReadAction","target":["https:\/\/autofans.com.ar\/index.php\/2025\/07\/28\/autofans-tv-temp-18-programa-43-19-07-2025\/"]}]},{"@type":"ImageObject","inLanguage":"es","@id":"https:\/\/autofans.com.ar\/index.php\/2025\/07\/28\/autofans-tv-temp-18-programa-43-19-07-2025\/#primaryimage","url":"https:\/\/autofans.com.ar\/wp-content\/uploads\/2025\/07\/temp-18-19-07.jpg","contentUrl":"https:\/\/autofans.com.ar\/wp-content\/uploads\/2025\/07\/temp-18-19-07.jpg","width":1831,"height":957},{"@type":"BreadcrumbList","@id":"https:\/\/autofans.com.ar\/index.php\/2025\/07\/28\/autofans-tv-temp-18-programa-43-19-07-2025\/#breadcrumb","itemListElement":[{"@type":"ListItem","position":1,"name":"Inicio","item":"https:\/\/autofans.com.ar\/"},{"@type":"ListItem","position":2,"name":"Autofans TV &#8211; Temp. 18 Programa 43 &#8211; 19\/07\/2025"}]},{"@type":"WebSite","@id":"https:\/\/autofans.com.ar\/#website","url":"https:\/\/autofans.com.ar\/","name":"","description":"El multimedio referente de la industria automotriz","potentialAction":[{"@type":"SearchAction","target":{"@type":"EntryPoint","urlTemplate":"https:\/\/autofans.com.ar\/?s={search_term_string}"},"query-input":{"@type":"PropertyValueSpecification","valueRequired":true,"valueName":"search_term_string"}}],"inLanguage":"es"},{"@type":"Person","@id":"https:\/\/autofans.com.ar\/#\/schema\/person\/4a8dda0b6df83ac3d6723e921274c2aa","name":"Alejandro Gabriel Rosito","image":{"@type":"ImageObject","inLanguage":"es","@id":"https:\/\/secure.gravatar.com\/avatar\/16c5dda1489adfc62618084dcbb91cffd879c374b13fe5dd8e44ed6733852c88?s=96&d=mm&r=g","url":"https:\/\/secure.gravatar.com\/avatar\/16c5dda1489adfc62618084dcbb91cffd879c374b13fe5dd8e44ed6733852c88?s=96&d=mm&r=g","contentUrl":"https:\/\/secure.gravatar.com\/avatar\/16c5dda1489adfc62618084dcbb91cffd879c374b13fe5dd8e44ed6733852c88?s=96&d=mm&r=g","caption":"Alejandro Gabriel Rosito"},"url":"https:\/\/autofans.com.ar\/index.php\/author\/gabrielr\/"}]}},"featured_image_urls":{"full":["https:\/\/autofans.com.ar\/wp-content\/uploads\/2025\/07\/temp-18-19-07.jpg",1831,957,false],"thumbnail":["https:\/\/autofans.com.ar\/wp-content\/uploads\/2025\/07\/temp-18-19-07-150x150.jpg",150,150,true],"medium":["https:\/\/autofans.com.ar\/wp-content\/uploads\/2025\/07\/temp-18-19-07-300x157.jpg",300,157,true],"medium_large":["https:\/\/autofans.com.ar\/wp-content\/uploads\/2025\/07\/temp-18-19-07-768x401.jpg",640,334,true],"large":["https:\/\/autofans.com.ar\/wp-content\/uploads\/2025\/07\/temp-18-19-07-1024x535.jpg",640,334,true],"1536x1536":["https:\/\/autofans.com.ar\/wp-content\/uploads\/2025\/07\/temp-18-19-07-1536x803.jpg",1536,803,true],"2048x2048":["https:\/\/autofans.com.ar\/wp-content\/uploads\/2025\/07\/temp-18-19-07.jpg",1831,957,false],"covernews-featured":["https:\/\/autofans.com.ar\/wp-content\/uploads\/2025\/07\/temp-18-19-07-1024x535.jpg",1024,535,true],"covernews-medium":["https:\/\/autofans.com.ar\/wp-content\/uploads\/2025\/07\/temp-18-19-07-540x340.jpg",540,340,true]},"author_info":{"display_name":"Alejandro Gabriel Rosito","author_link":"https:\/\/autofans.com.ar\/index.php\/author\/gabrielr\/"},"category_info":"<a href=\"https:\/\/autofans.com.ar\/index.php\/category\/autofans-tv\/\" rel=\"category tag\">AUTOFANS TV<\/a> <a href=\"https:\/\/autofans.com.ar\/index.php\/category\/autofans-tv\/programas-2025\/\" rel=\"category tag\">Programas 2025<\/a>","tag_info":"Programas 2025","comment_count":0,"_links":{"self":[{"href":"https:\/\/autofans.com.ar\/index.php\/wp-json\/wp\/v2\/posts\/13466","targetHints":{"allow":["GET"]}}],"collection":[{"href":"https:\/\/autofans.com.ar\/index.php\/wp-json\/wp\/v2\/posts"}],"about":[{"href":"https:\/\/autofans.com.ar\/index.php\/wp-json\/wp\/v2\/types\/post"}],"author":[{"embeddable":true,"href":"https:\/\/autofans.com.ar\/index.php\/wp-json\/wp\/v2\/users\/2"}],"replies":[{"embeddable":true,"href":"https:\/\/autofans.com.ar\/index.php\/wp-json\/wp\/v2\/comments?post=13466"}],"version-history":[{"count":4,"href":"https:\/\/autofans.com.ar\/index.php\/wp-json\/wp\/v2\/posts\/13466\/revisions"}],"predecessor-version":[{"id":13471,"href":"https:\/\/autofans.com.ar\/index.php\/wp-json\/wp\/v2\/posts\/13466\/revisions\/13471"}],"wp:featuredmedia":[{"embeddable":true,"href":"https:\/\/autofans.com.ar\/index.php\/wp-json\/wp\/v2\/media\/13470"}],"wp:attachment":[{"href":"https:\/\/autofans.com.ar\/index.php\/wp-json\/wp\/v2\/media?parent=13466"}],"wp:term":[{"taxonomy":"category","embeddable":true,"href":"https:\/\/autofans.com.ar\/index.php\/wp-json\/wp\/v2\/categories?post=13466"},{"taxonomy":"post_tag","embeddable":true,"href":"https:\/\/autofans.com.ar\/index.php\/wp-json\/wp\/v2\/tags?post=13466"}],"curies":[{"name":"wp","href":"https:\/\/api.w.org\/{rel}","templated":true}]}}