{"id":13473,"date":"2025-07-29T17:58:43","date_gmt":"2025-07-29T20:58:43","guid":{"rendered":"https:\/\/autofans.com.ar\/?p=13473"},"modified":"2025-07-29T18:01:10","modified_gmt":"2025-07-29T21:01:10","slug":"asi-es-la-nueva-chevrolet-tracker","status":"publish","type":"post","link":"https:\/\/autofans.com.ar\/index.php\/2025\/07\/29\/asi-es-la-nueva-chevrolet-tracker\/","title":{"rendered":"Conoce la nueva Chevrolet Tracker"},"content":{"rendered":"<p class=\"ds-markdown-paragraph\">El SUV m\u00e1s exitoso del mercado argentino llega renovado para mantener su liderazgo. Con un dise\u00f1o m\u00e1s sofisticado, mayor refinamiento en su interior y tecnolog\u00eda de punta, la nueva Tracker apunta a superar las expectativas de sus usuarios.<\/p>\n<p>&nbsp;<\/p>\n<h2>Dise\u00f1o y presencia en un SUV que se destaca<\/h2>\n<p class=\"ds-markdown-paragraph\">La nueva Tracker adopta el lenguaje global de Chevrolet:<\/p>\n<ul>\n<li>\n<p class=\"ds-markdown-paragraph\">Frente moderno con firma luminosa en dos niveles, parrilla redise\u00f1ada y faros full LED.<\/p>\n<\/li>\n<li>\n<p class=\"ds-markdown-paragraph\">Nuevas llantas y luces traseras con lente cristal para un look m\u00e1s premium.<\/p>\n<\/li>\n<li>\n<p class=\"ds-markdown-paragraph\">Seis colores disponibles, incluyendo tonos exclusivos como \u00abThe Drake Met\u00bb (gris oscuro) y \u00abSome Kinda Blue\u00bb (azul).<\/p>\n<\/li>\n<\/ul>\n<p>&nbsp;<\/p>\n<p><img fetchpriority=\"high\" decoding=\"async\" class=\"aligncenter wp-image-13477 size-full\" src=\"https:\/\/autofans.com.ar\/wp-content\/uploads\/2025\/07\/tracker-2.jpg\" alt=\"Chevrolet Tracker\" width=\"1000\" height=\"667\" srcset=\"https:\/\/autofans.com.ar\/wp-content\/uploads\/2025\/07\/tracker-2.jpg 1000w, https:\/\/autofans.com.ar\/wp-content\/uploads\/2025\/07\/tracker-2-300x200.jpg 300w, https:\/\/autofans.com.ar\/wp-content\/uploads\/2025\/07\/tracker-2-768x512.jpg 768w\" sizes=\"(max-width: 1000px) 100vw, 1000px\" \/><\/p>\n<p>&nbsp;<\/p>\n<p class=\"ds-markdown-paragraph\">Las actualizaciones no son solo est\u00e9ticas:<\/p>\n<ul>\n<li>\n<p class=\"ds-markdown-paragraph\">Motor turbo 1.2L (132 CV) con respuesta \u00e1gil gracias a sus 190 Nm de torque.<\/p>\n<\/li>\n<li>\n<p class=\"ds-markdown-paragraph\">Nueva calibraci\u00f3n en suspensi\u00f3n, direcci\u00f3n y neum\u00e1ticos (215\/55 R17\u201d en todas las versiones).<\/p>\n<\/li>\n<li>\n<p class=\"ds-markdown-paragraph\">Mayor confort en ruta, con menor ruido y mejor manejo.<\/p>\n<\/li>\n<\/ul>\n<p>&nbsp;<\/p>\n<blockquote>\n<p style=\"text-align: center;\">\u201cLa nueva Chevrolet Tracker evolucion\u00f3 &#8211; al igual que nuestros clientes -, y ahora lo hace sumando m\u00e1s seguridad, m\u00e1s tecnolog\u00eda y dise\u00f1o\u201d para seguir liderando el segmento de los SUV-B en nuestro mercado, como viene haciendo desde 2023\u201d, afirm\u00f3 Andr\u00e9s Carfagna, Director Comercial de GM Argentina, Paraguay y Uruguay.<\/p>\n<\/blockquote>\n<p>&nbsp;<\/p>\n<h2>Chevrolet Tracker tecnolog\u00eda y espacio inteligente<\/h2>\n<p class=\"ds-markdown-paragraph\">El habit\u00e1culo prioriza experiencia y conectividad:<\/p>\n<ul>\n<li>\n<p class=\"ds-markdown-paragraph\">Pantallas HD interconectadas (8\u201d en instrumentos + 11\u201d para el sistema MyLink).<\/p>\n<\/li>\n<li>\n<p class=\"ds-markdown-paragraph\">Wi-Fi nativo, cargador inal\u00e1mbrico y comando remoto v\u00eda app (myChevrolet).<\/p>\n<\/li>\n<li>\n<p class=\"ds-markdown-paragraph\">Asientos ergon\u00f3micos con espumas de densidad variable para viajes largos.<\/p>\n<\/li>\n<li>\n<p class=\"ds-markdown-paragraph\">Maletero adaptable (393 L, ampliable a 1294 L).<\/p>\n<\/li>\n<\/ul>\n<p>&nbsp;<\/p>\n<p><img decoding=\"async\" class=\"aligncenter wp-image-13479 size-full\" src=\"https:\/\/autofans.com.ar\/wp-content\/uploads\/2025\/07\/tracker-6.jpg\" alt=\"Chevrolet Tracker\" width=\"1000\" height=\"667\" srcset=\"https:\/\/autofans.com.ar\/wp-content\/uploads\/2025\/07\/tracker-6.jpg 1000w, https:\/\/autofans.com.ar\/wp-content\/uploads\/2025\/07\/tracker-6-300x200.jpg 300w, https:\/\/autofans.com.ar\/wp-content\/uploads\/2025\/07\/tracker-6-768x512.jpg 768w\" sizes=\"(max-width: 1000px) 100vw, 1000px\" \/><\/p>\n<p>&nbsp;<\/p>\n<p class=\"ds-markdown-paragraph\">Incluye sistemas avanzados como:<\/p>\n<ul>\n<li>\n<p class=\"ds-markdown-paragraph\">Frenado aut\u00f3nomo de emergencia y alerta de colisi\u00f3n frontal.<\/p>\n<\/li>\n<li>\n<p class=\"ds-markdown-paragraph\">Seis airbags, control de estabilidad (ESC) y anclajes Isofix.<\/p>\n<\/li>\n<li>\n<p class=\"ds-markdown-paragraph\">C\u00e1mara trasera HD + sensores de estacionamiento con asistencia Easy Park.<\/p>\n<\/li>\n<\/ul>\n<p>&nbsp;<\/p>\n<div id='gallery-1' class='gallery galleryid-13473 gallery-columns-4 gallery-size-full'><figure class='gallery-item'>\n\t\t\t<div class='gallery-icon landscape'>\n\t\t\t\t<a href='https:\/\/autofans.com.ar\/index.php\/2025\/07\/29\/asi-es-la-nueva-chevrolet-tracker\/lt-at-turbo\/'><img loading=\"lazy\" width=\"1000\" height=\"667\" src=\"https:\/\/autofans.com.ar\/wp-content\/uploads\/2025\/07\/lt-at-turbo.jpg\" class=\"attachment-full size-full\" alt=\"Chevrolet Tracker\" aria-describedby=\"gallery-1-13487\" srcset=\"https:\/\/autofans.com.ar\/wp-content\/uploads\/2025\/07\/lt-at-turbo.jpg 1000w, https:\/\/autofans.com.ar\/wp-content\/uploads\/2025\/07\/lt-at-turbo-300x200.jpg 300w, https:\/\/autofans.com.ar\/wp-content\/uploads\/2025\/07\/lt-at-turbo-768x512.jpg 768w\" sizes=\"auto, (max-width: 1000px) 100vw, 1000px\" loading=\"lazy\" decoding=\"async\" \/><\/a>\n\t\t\t<\/div>\n\t\t\t\t<figcaption class='wp-caption-text gallery-caption' id='gallery-1-13487'>\n\t\t\t\tLT AT Turbo\n\t\t\t\t<\/figcaption><\/figure><figure class='gallery-item'>\n\t\t\t<div class='gallery-icon landscape'>\n\t\t\t\t<a href='https:\/\/autofans.com.ar\/index.php\/2025\/07\/29\/asi-es-la-nueva-chevrolet-tracker\/ltz-turbo\/'><img loading=\"lazy\" width=\"1000\" height=\"667\" src=\"https:\/\/autofans.com.ar\/wp-content\/uploads\/2025\/07\/ltz-turbo.jpg\" class=\"attachment-full size-full\" alt=\"Chevrolet Tracker\" aria-describedby=\"gallery-1-13484\" srcset=\"https:\/\/autofans.com.ar\/wp-content\/uploads\/2025\/07\/ltz-turbo.jpg 1000w, https:\/\/autofans.com.ar\/wp-content\/uploads\/2025\/07\/ltz-turbo-300x200.jpg 300w, https:\/\/autofans.com.ar\/wp-content\/uploads\/2025\/07\/ltz-turbo-768x512.jpg 768w\" sizes=\"auto, (max-width: 1000px) 100vw, 1000px\" loading=\"lazy\" decoding=\"async\" \/><\/a>\n\t\t\t<\/div>\n\t\t\t\t<figcaption class='wp-caption-text gallery-caption' id='gallery-1-13484'>\n\t\t\t\tLTZ Turbo\n\t\t\t\t<\/figcaption><\/figure><figure class='gallery-item'>\n\t\t\t<div class='gallery-icon landscape'>\n\t\t\t\t<a href='https:\/\/autofans.com.ar\/index.php\/2025\/07\/29\/asi-es-la-nueva-chevrolet-tracker\/premier-at-turbo\/'><img loading=\"lazy\" width=\"1000\" height=\"667\" src=\"https:\/\/autofans.com.ar\/wp-content\/uploads\/2025\/07\/premier-at-turbo.jpg\" class=\"attachment-full size-full\" alt=\"Chevrolet Tracker\" aria-describedby=\"gallery-1-13488\" srcset=\"https:\/\/autofans.com.ar\/wp-content\/uploads\/2025\/07\/premier-at-turbo.jpg 1000w, https:\/\/autofans.com.ar\/wp-content\/uploads\/2025\/07\/premier-at-turbo-300x200.jpg 300w, https:\/\/autofans.com.ar\/wp-content\/uploads\/2025\/07\/premier-at-turbo-768x512.jpg 768w\" sizes=\"auto, (max-width: 1000px) 100vw, 1000px\" loading=\"lazy\" decoding=\"async\" \/><\/a>\n\t\t\t<\/div>\n\t\t\t\t<figcaption class='wp-caption-text gallery-caption' id='gallery-1-13488'>\n\t\t\t\tPremier AT Turbo\n\t\t\t\t<\/figcaption><\/figure><figure class='gallery-item'>\n\t\t\t<div class='gallery-icon landscape'>\n\t\t\t\t<a href='https:\/\/autofans.com.ar\/index.php\/2025\/07\/29\/asi-es-la-nueva-chevrolet-tracker\/rs-at-turbo\/'><img loading=\"lazy\" width=\"1000\" height=\"667\" src=\"https:\/\/autofans.com.ar\/wp-content\/uploads\/2025\/07\/rs-at-turbo.jpg\" class=\"attachment-full size-full\" alt=\"Chevrolet Tracker\" aria-describedby=\"gallery-1-13489\" srcset=\"https:\/\/autofans.com.ar\/wp-content\/uploads\/2025\/07\/rs-at-turbo.jpg 1000w, https:\/\/autofans.com.ar\/wp-content\/uploads\/2025\/07\/rs-at-turbo-300x200.jpg 300w, https:\/\/autofans.com.ar\/wp-content\/uploads\/2025\/07\/rs-at-turbo-768x512.jpg 768w\" sizes=\"auto, (max-width: 1000px) 100vw, 1000px\" loading=\"lazy\" decoding=\"async\" \/><\/a>\n\t\t\t<\/div>\n\t\t\t\t<figcaption class='wp-caption-text gallery-caption' id='gallery-1-13489'>\n\t\t\t\tRS AT Turbo\n\t\t\t\t<\/figcaption><\/figure>\n\t\t<\/div>\n\n<p>&nbsp;<\/p>\n<p>Cuatro opciones: LT, LTZ, Premier y RS, cada una con equipamiento diferenciado. Adem\u00e1s, Chevrolet ofrece 71 accesorios (16 nuevos), como iluminaci\u00f3n ambiental y apliques laterales.<\/p>\n<p dir=\"ltr\">El precio sugerido para la gama en Argentina es el siguiente:<\/p>\n<ul dir=\"ltr\">\n<li>Tracker LT 1.2 AT: $31.774.900<\/li>\n<li>Tracker LTZ 1.2 AT: $37.307.900<\/li>\n<li>Tracker Premier 1.2 AT: $39.654.900<\/li>\n<li>Tracker RS 1.2 AT: $39.990.900<\/li>\n<\/ul>\n<p>Para m\u00e1s info visita la <a href=\"https:\/\/www.chevrolet.com.ar\/camionetas-suv\/tracker-suv?ppc=GOOGLE_700000001310587_71700000119958691_58700008783622235_p80837865344&amp;gclsrc=aw.ds&amp;gad_source=1&amp;gad_campaignid=21768931618&amp;gbraid=0AAAAADvoIzyQPkzgi9xoWms-gbF_BXU3i&amp;gclid=Cj0KCQjw4qHEBhCDARIsALYKFNMTP0y6TecKOJD0Kg1sh74Qly8ozUN47AJ8wHy8NEyueJaxn0tE2k8aApo9EALw_wcB\" target=\"_blank\" rel=\"noopener\">web de la marca<\/a><\/p>\n<p>&nbsp;<\/p>\n<p><i>Para enterarte de m\u00e1s novedades, no dejes de leer\u00a0<\/i><a href=\"https:\/\/autofans.thebrandsoup.com\/\"><i>nuestras notas<\/i><\/a><i>, de ver\u00a0<\/i><a href=\"https:\/\/www.youtube.com\/channel\/UCgAC8UGHZYbT6P7PpmVnP7g\"><i>AUTOFANS TV<\/i><\/a><i>\u00a0en nuestro\u00a0canal de Youtube. Adem\u00e1s seguinos en\u00a0<\/i><a href=\"https:\/\/www.instagram.com\/autofanstv\/\"><i>INSTAGRAM<\/i><\/a><i> y <\/i><a href=\"https:\/\/www.facebook.com\/autofansmas\/\"><i>FACEBOOK<\/i><\/a><i> para no perderte nada sobre las novedades del segmento automotor de Argentina y el mundo.<\/i><\/p>\n","protected":false},"excerpt":{"rendered":"<p>El SUV m\u00e1s exitoso del mercado argentino llega renovado para mantener su liderazgo. Con un&#8230;<\/p>\n","protected":false},"author":2,"featured_media":13478,"comment_status":"closed","ping_status":"closed","sticky":false,"template":"","format":"standard","meta":{"footnotes":""},"categories":[3,1],"tags":[6265,6074,7079,7084,7083,7085,7080,7081,7082],"class_list":["post-13473","post","type-post","status-publish","format-standard","has-post-thumbnail","hentry","category-autos","category-lanzamientos","tag-autos-chevrolet","tag-autos-premium-argentina","tag-chevrolet-tracker-2025","tag-concesionarias-chevrolet","tag-precios-chevrolet","tag-suv-familiar","tag-suv-mas-vendido-argentina","tag-suv-seguridad","tag-tracker-tecnologia"],"yoast_head":"<!-- This site is optimized with the Yoast SEO plugin v27.5 - https:\/\/yoast.com\/product\/yoast-seo-wordpress\/ -->\n<title>Conoce la nueva Chevrolet Tracker -<\/title>\n<meta name=\"description\" content=\"Chevrolet Tracker el SUV m\u00e1s exitoso del mercado argentino llega renovado para mantener su liderazgo. Con un dise\u00f1o m\u00e1s sofisticado...\" \/>\n<meta name=\"robots\" content=\"index, follow, max-snippet:-1, max-image-preview:large, max-video-preview:-1\" \/>\n<link rel=\"canonical\" href=\"https:\/\/autofans.com.ar\/index.php\/2025\/07\/29\/asi-es-la-nueva-chevrolet-tracker\/\" \/>\n<meta property=\"og:locale\" content=\"es_ES\" \/>\n<meta property=\"og:type\" content=\"article\" \/>\n<meta property=\"og:title\" content=\"Conoce la nueva Chevrolet Tracker -\" \/>\n<meta property=\"og:description\" content=\"Chevrolet Tracker el SUV m\u00e1s exitoso del mercado argentino llega renovado para mantener su liderazgo. Con un dise\u00f1o m\u00e1s sofisticado...\" \/>\n<meta property=\"og:url\" content=\"https:\/\/autofans.com.ar\/index.php\/2025\/07\/29\/asi-es-la-nueva-chevrolet-tracker\/\" \/>\n<meta property=\"article:published_time\" content=\"2025-07-29T20:58:43+00:00\" \/>\n<meta property=\"article:modified_time\" content=\"2025-07-29T21:01:10+00:00\" \/>\n<meta property=\"og:image\" content=\"https:\/\/autofans.com.ar\/wp-content\/uploads\/2025\/07\/tracker-1.jpg\" \/>\n\t<meta property=\"og:image:width\" content=\"1000\" \/>\n\t<meta property=\"og:image:height\" content=\"667\" \/>\n\t<meta property=\"og:image:type\" content=\"image\/jpeg\" \/>\n<meta name=\"author\" content=\"Alejandro Gabriel Rosito\" \/>\n<meta name=\"twitter:card\" content=\"summary_large_image\" \/>\n<meta name=\"twitter:label1\" content=\"Escrito por\" \/>\n\t<meta name=\"twitter:data1\" content=\"Alejandro Gabriel Rosito\" \/>\n\t<meta name=\"twitter:label2\" content=\"Tiempo de lectura\" \/>\n\t<meta name=\"twitter:data2\" content=\"3 minutos\" \/>\n<script type=\"application\/ld+json\" class=\"yoast-schema-graph\">{\"@context\":\"https:\\\/\\\/schema.org\",\"@graph\":[{\"@type\":\"Article\",\"@id\":\"https:\\\/\\\/autofans.com.ar\\\/index.php\\\/2025\\\/07\\\/29\\\/asi-es-la-nueva-chevrolet-tracker\\\/#article\",\"isPartOf\":{\"@id\":\"https:\\\/\\\/autofans.com.ar\\\/index.php\\\/2025\\\/07\\\/29\\\/asi-es-la-nueva-chevrolet-tracker\\\/\"},\"author\":{\"name\":\"Alejandro Gabriel Rosito\",\"@id\":\"https:\\\/\\\/autofans.com.ar\\\/#\\\/schema\\\/person\\\/4a8dda0b6df83ac3d6723e921274c2aa\"},\"headline\":\"Conoce la nueva Chevrolet Tracker\",\"datePublished\":\"2025-07-29T20:58:43+00:00\",\"dateModified\":\"2025-07-29T21:01:10+00:00\",\"mainEntityOfPage\":{\"@id\":\"https:\\\/\\\/autofans.com.ar\\\/index.php\\\/2025\\\/07\\\/29\\\/asi-es-la-nueva-chevrolet-tracker\\\/\"},\"wordCount\":415,\"image\":{\"@id\":\"https:\\\/\\\/autofans.com.ar\\\/index.php\\\/2025\\\/07\\\/29\\\/asi-es-la-nueva-chevrolet-tracker\\\/#primaryimage\"},\"thumbnailUrl\":\"https:\\\/\\\/autofans.com.ar\\\/wp-content\\\/uploads\\\/2025\\\/07\\\/tracker-1.jpg\",\"keywords\":[\"autos Chevrolet\",\"autos premium Argentina\",\"Chevrolet Tracker 2025\",\"concesionarias Chevrolet\",\"precios Chevrolet\",\"SUV familiar\",\"SUV m\u00e1s vendido Argentina\",\"SUV seguridad\",\"Tracker tecnolog\u00eda\"],\"articleSection\":[\"AUTOS y SUV\",\"LANZAMIENTOS\"],\"inLanguage\":\"es\"},{\"@type\":\"WebPage\",\"@id\":\"https:\\\/\\\/autofans.com.ar\\\/index.php\\\/2025\\\/07\\\/29\\\/asi-es-la-nueva-chevrolet-tracker\\\/\",\"url\":\"https:\\\/\\\/autofans.com.ar\\\/index.php\\\/2025\\\/07\\\/29\\\/asi-es-la-nueva-chevrolet-tracker\\\/\",\"name\":\"Conoce la nueva Chevrolet Tracker -\",\"isPartOf\":{\"@id\":\"https:\\\/\\\/autofans.com.ar\\\/#website\"},\"primaryImageOfPage\":{\"@id\":\"https:\\\/\\\/autofans.com.ar\\\/index.php\\\/2025\\\/07\\\/29\\\/asi-es-la-nueva-chevrolet-tracker\\\/#primaryimage\"},\"image\":{\"@id\":\"https:\\\/\\\/autofans.com.ar\\\/index.php\\\/2025\\\/07\\\/29\\\/asi-es-la-nueva-chevrolet-tracker\\\/#primaryimage\"},\"thumbnailUrl\":\"https:\\\/\\\/autofans.com.ar\\\/wp-content\\\/uploads\\\/2025\\\/07\\\/tracker-1.jpg\",\"datePublished\":\"2025-07-29T20:58:43+00:00\",\"dateModified\":\"2025-07-29T21:01:10+00:00\",\"author\":{\"@id\":\"https:\\\/\\\/autofans.com.ar\\\/#\\\/schema\\\/person\\\/4a8dda0b6df83ac3d6723e921274c2aa\"},\"description\":\"Chevrolet Tracker el SUV m\u00e1s exitoso del mercado argentino llega renovado para mantener su liderazgo. Con un dise\u00f1o m\u00e1s sofisticado...\",\"breadcrumb\":{\"@id\":\"https:\\\/\\\/autofans.com.ar\\\/index.php\\\/2025\\\/07\\\/29\\\/asi-es-la-nueva-chevrolet-tracker\\\/#breadcrumb\"},\"inLanguage\":\"es\",\"potentialAction\":[{\"@type\":\"ReadAction\",\"target\":[\"https:\\\/\\\/autofans.com.ar\\\/index.php\\\/2025\\\/07\\\/29\\\/asi-es-la-nueva-chevrolet-tracker\\\/\"]}]},{\"@type\":\"ImageObject\",\"inLanguage\":\"es\",\"@id\":\"https:\\\/\\\/autofans.com.ar\\\/index.php\\\/2025\\\/07\\\/29\\\/asi-es-la-nueva-chevrolet-tracker\\\/#primaryimage\",\"url\":\"https:\\\/\\\/autofans.com.ar\\\/wp-content\\\/uploads\\\/2025\\\/07\\\/tracker-1.jpg\",\"contentUrl\":\"https:\\\/\\\/autofans.com.ar\\\/wp-content\\\/uploads\\\/2025\\\/07\\\/tracker-1.jpg\",\"width\":1000,\"height\":667,\"caption\":\"Chevrolet Tracker\"},{\"@type\":\"BreadcrumbList\",\"@id\":\"https:\\\/\\\/autofans.com.ar\\\/index.php\\\/2025\\\/07\\\/29\\\/asi-es-la-nueva-chevrolet-tracker\\\/#breadcrumb\",\"itemListElement\":[{\"@type\":\"ListItem\",\"position\":1,\"name\":\"Inicio\",\"item\":\"https:\\\/\\\/autofans.com.ar\\\/\"},{\"@type\":\"ListItem\",\"position\":2,\"name\":\"Conoce la nueva Chevrolet Tracker\"}]},{\"@type\":\"WebSite\",\"@id\":\"https:\\\/\\\/autofans.com.ar\\\/#website\",\"url\":\"https:\\\/\\\/autofans.com.ar\\\/\",\"name\":\"\",\"description\":\"El multimedio referente de la industria automotriz\",\"potentialAction\":[{\"@type\":\"SearchAction\",\"target\":{\"@type\":\"EntryPoint\",\"urlTemplate\":\"https:\\\/\\\/autofans.com.ar\\\/?s={search_term_string}\"},\"query-input\":{\"@type\":\"PropertyValueSpecification\",\"valueRequired\":true,\"valueName\":\"search_term_string\"}}],\"inLanguage\":\"es\"},{\"@type\":\"Person\",\"@id\":\"https:\\\/\\\/autofans.com.ar\\\/#\\\/schema\\\/person\\\/4a8dda0b6df83ac3d6723e921274c2aa\",\"name\":\"Alejandro Gabriel Rosito\",\"image\":{\"@type\":\"ImageObject\",\"inLanguage\":\"es\",\"@id\":\"https:\\\/\\\/secure.gravatar.com\\\/avatar\\\/16c5dda1489adfc62618084dcbb91cffd879c374b13fe5dd8e44ed6733852c88?s=96&d=mm&r=g\",\"url\":\"https:\\\/\\\/secure.gravatar.com\\\/avatar\\\/16c5dda1489adfc62618084dcbb91cffd879c374b13fe5dd8e44ed6733852c88?s=96&d=mm&r=g\",\"contentUrl\":\"https:\\\/\\\/secure.gravatar.com\\\/avatar\\\/16c5dda1489adfc62618084dcbb91cffd879c374b13fe5dd8e44ed6733852c88?s=96&d=mm&r=g\",\"caption\":\"Alejandro Gabriel Rosito\"},\"url\":\"https:\\\/\\\/autofans.com.ar\\\/index.php\\\/author\\\/gabrielr\\\/\"}]}<\/script>\n<!-- \/ Yoast SEO plugin. -->","yoast_head_json":{"title":"Conoce la nueva Chevrolet Tracker -","description":"Chevrolet Tracker el SUV m\u00e1s exitoso del mercado argentino llega renovado para mantener su liderazgo. Con un dise\u00f1o m\u00e1s sofisticado...","robots":{"index":"index","follow":"follow","max-snippet":"max-snippet:-1","max-image-preview":"max-image-preview:large","max-video-preview":"max-video-preview:-1"},"canonical":"https:\/\/autofans.com.ar\/index.php\/2025\/07\/29\/asi-es-la-nueva-chevrolet-tracker\/","og_locale":"es_ES","og_type":"article","og_title":"Conoce la nueva Chevrolet Tracker -","og_description":"Chevrolet Tracker el SUV m\u00e1s exitoso del mercado argentino llega renovado para mantener su liderazgo. Con un dise\u00f1o m\u00e1s sofisticado...","og_url":"https:\/\/autofans.com.ar\/index.php\/2025\/07\/29\/asi-es-la-nueva-chevrolet-tracker\/","article_published_time":"2025-07-29T20:58:43+00:00","article_modified_time":"2025-07-29T21:01:10+00:00","og_image":[{"width":1000,"height":667,"url":"https:\/\/autofans.com.ar\/wp-content\/uploads\/2025\/07\/tracker-1.jpg","type":"image\/jpeg"}],"author":"Alejandro Gabriel Rosito","twitter_card":"summary_large_image","twitter_misc":{"Escrito por":"Alejandro Gabriel Rosito","Tiempo de lectura":"3 minutos"},"schema":{"@context":"https:\/\/schema.org","@graph":[{"@type":"Article","@id":"https:\/\/autofans.com.ar\/index.php\/2025\/07\/29\/asi-es-la-nueva-chevrolet-tracker\/#article","isPartOf":{"@id":"https:\/\/autofans.com.ar\/index.php\/2025\/07\/29\/asi-es-la-nueva-chevrolet-tracker\/"},"author":{"name":"Alejandro Gabriel Rosito","@id":"https:\/\/autofans.com.ar\/#\/schema\/person\/4a8dda0b6df83ac3d6723e921274c2aa"},"headline":"Conoce la nueva Chevrolet Tracker","datePublished":"2025-07-29T20:58:43+00:00","dateModified":"2025-07-29T21:01:10+00:00","mainEntityOfPage":{"@id":"https:\/\/autofans.com.ar\/index.php\/2025\/07\/29\/asi-es-la-nueva-chevrolet-tracker\/"},"wordCount":415,"image":{"@id":"https:\/\/autofans.com.ar\/index.php\/2025\/07\/29\/asi-es-la-nueva-chevrolet-tracker\/#primaryimage"},"thumbnailUrl":"https:\/\/autofans.com.ar\/wp-content\/uploads\/2025\/07\/tracker-1.jpg","keywords":["autos Chevrolet","autos premium Argentina","Chevrolet Tracker 2025","concesionarias Chevrolet","precios Chevrolet","SUV familiar","SUV m\u00e1s vendido Argentina","SUV seguridad","Tracker tecnolog\u00eda"],"articleSection":["AUTOS y SUV","LANZAMIENTOS"],"inLanguage":"es"},{"@type":"WebPage","@id":"https:\/\/autofans.com.ar\/index.php\/2025\/07\/29\/asi-es-la-nueva-chevrolet-tracker\/","url":"https:\/\/autofans.com.ar\/index.php\/2025\/07\/29\/asi-es-la-nueva-chevrolet-tracker\/","name":"Conoce la nueva Chevrolet Tracker -","isPartOf":{"@id":"https:\/\/autofans.com.ar\/#website"},"primaryImageOfPage":{"@id":"https:\/\/autofans.com.ar\/index.php\/2025\/07\/29\/asi-es-la-nueva-chevrolet-tracker\/#primaryimage"},"image":{"@id":"https:\/\/autofans.com.ar\/index.php\/2025\/07\/29\/asi-es-la-nueva-chevrolet-tracker\/#primaryimage"},"thumbnailUrl":"https:\/\/autofans.com.ar\/wp-content\/uploads\/2025\/07\/tracker-1.jpg","datePublished":"2025-07-29T20:58:43+00:00","dateModified":"2025-07-29T21:01:10+00:00","author":{"@id":"https:\/\/autofans.com.ar\/#\/schema\/person\/4a8dda0b6df83ac3d6723e921274c2aa"},"description":"Chevrolet Tracker el SUV m\u00e1s exitoso del mercado argentino llega renovado para mantener su liderazgo. Con un dise\u00f1o m\u00e1s sofisticado...","breadcrumb":{"@id":"https:\/\/autofans.com.ar\/index.php\/2025\/07\/29\/asi-es-la-nueva-chevrolet-tracker\/#breadcrumb"},"inLanguage":"es","potentialAction":[{"@type":"ReadAction","target":["https:\/\/autofans.com.ar\/index.php\/2025\/07\/29\/asi-es-la-nueva-chevrolet-tracker\/"]}]},{"@type":"ImageObject","inLanguage":"es","@id":"https:\/\/autofans.com.ar\/index.php\/2025\/07\/29\/asi-es-la-nueva-chevrolet-tracker\/#primaryimage","url":"https:\/\/autofans.com.ar\/wp-content\/uploads\/2025\/07\/tracker-1.jpg","contentUrl":"https:\/\/autofans.com.ar\/wp-content\/uploads\/2025\/07\/tracker-1.jpg","width":1000,"height":667,"caption":"Chevrolet Tracker"},{"@type":"BreadcrumbList","@id":"https:\/\/autofans.com.ar\/index.php\/2025\/07\/29\/asi-es-la-nueva-chevrolet-tracker\/#breadcrumb","itemListElement":[{"@type":"ListItem","position":1,"name":"Inicio","item":"https:\/\/autofans.com.ar\/"},{"@type":"ListItem","position":2,"name":"Conoce la nueva Chevrolet Tracker"}]},{"@type":"WebSite","@id":"https:\/\/autofans.com.ar\/#website","url":"https:\/\/autofans.com.ar\/","name":"","description":"El multimedio referente de la industria automotriz","potentialAction":[{"@type":"SearchAction","target":{"@type":"EntryPoint","urlTemplate":"https:\/\/autofans.com.ar\/?s={search_term_string}"},"query-input":{"@type":"PropertyValueSpecification","valueRequired":true,"valueName":"search_term_string"}}],"inLanguage":"es"},{"@type":"Person","@id":"https:\/\/autofans.com.ar\/#\/schema\/person\/4a8dda0b6df83ac3d6723e921274c2aa","name":"Alejandro Gabriel Rosito","image":{"@type":"ImageObject","inLanguage":"es","@id":"https:\/\/secure.gravatar.com\/avatar\/16c5dda1489adfc62618084dcbb91cffd879c374b13fe5dd8e44ed6733852c88?s=96&d=mm&r=g","url":"https:\/\/secure.gravatar.com\/avatar\/16c5dda1489adfc62618084dcbb91cffd879c374b13fe5dd8e44ed6733852c88?s=96&d=mm&r=g","contentUrl":"https:\/\/secure.gravatar.com\/avatar\/16c5dda1489adfc62618084dcbb91cffd879c374b13fe5dd8e44ed6733852c88?s=96&d=mm&r=g","caption":"Alejandro Gabriel Rosito"},"url":"https:\/\/autofans.com.ar\/index.php\/author\/gabrielr\/"}]}},"featured_image_urls":{"full":["https:\/\/autofans.com.ar\/wp-content\/uploads\/2025\/07\/tracker-1.jpg",1000,667,false],"thumbnail":["https:\/\/autofans.com.ar\/wp-content\/uploads\/2025\/07\/tracker-1-150x150.jpg",150,150,true],"medium":["https:\/\/autofans.com.ar\/wp-content\/uploads\/2025\/07\/tracker-1-300x200.jpg",300,200,true],"medium_large":["https:\/\/autofans.com.ar\/wp-content\/uploads\/2025\/07\/tracker-1-768x512.jpg",640,427,true],"large":["https:\/\/autofans.com.ar\/wp-content\/uploads\/2025\/07\/tracker-1.jpg",640,427,false],"1536x1536":["https:\/\/autofans.com.ar\/wp-content\/uploads\/2025\/07\/tracker-1.jpg",1000,667,false],"2048x2048":["https:\/\/autofans.com.ar\/wp-content\/uploads\/2025\/07\/tracker-1.jpg",1000,667,false],"covernews-featured":["https:\/\/autofans.com.ar\/wp-content\/uploads\/2025\/07\/tracker-1.jpg",1000,667,false],"covernews-medium":["https:\/\/autofans.com.ar\/wp-content\/uploads\/2025\/07\/tracker-1-540x340.jpg",540,340,true]},"author_info":{"display_name":"Alejandro Gabriel Rosito","author_link":"https:\/\/autofans.com.ar\/index.php\/author\/gabrielr\/"},"category_info":"<a href=\"https:\/\/autofans.com.ar\/index.php\/category\/noticias\/autos\/\" rel=\"category tag\">AUTOS y SUV<\/a> <a href=\"https:\/\/autofans.com.ar\/index.php\/category\/lanzamientos\/\" rel=\"category tag\">LANZAMIENTOS<\/a>","tag_info":"LANZAMIENTOS","comment_count":0,"_links":{"self":[{"href":"https:\/\/autofans.com.ar\/index.php\/wp-json\/wp\/v2\/posts\/13473","targetHints":{"allow":["GET"]}}],"collection":[{"href":"https:\/\/autofans.com.ar\/index.php\/wp-json\/wp\/v2\/posts"}],"about":[{"href":"https:\/\/autofans.com.ar\/index.php\/wp-json\/wp\/v2\/types\/post"}],"author":[{"embeddable":true,"href":"https:\/\/autofans.com.ar\/index.php\/wp-json\/wp\/v2\/users\/2"}],"replies":[{"embeddable":true,"href":"https:\/\/autofans.com.ar\/index.php\/wp-json\/wp\/v2\/comments?post=13473"}],"version-history":[{"count":6,"href":"https:\/\/autofans.com.ar\/index.php\/wp-json\/wp\/v2\/posts\/13473\/revisions"}],"predecessor-version":[{"id":13492,"href":"https:\/\/autofans.com.ar\/index.php\/wp-json\/wp\/v2\/posts\/13473\/revisions\/13492"}],"wp:featuredmedia":[{"embeddable":true,"href":"https:\/\/autofans.com.ar\/index.php\/wp-json\/wp\/v2\/media\/13478"}],"wp:attachment":[{"href":"https:\/\/autofans.com.ar\/index.php\/wp-json\/wp\/v2\/media?parent=13473"}],"wp:term":[{"taxonomy":"category","embeddable":true,"href":"https:\/\/autofans.com.ar\/index.php\/wp-json\/wp\/v2\/categories?post=13473"},{"taxonomy":"post_tag","embeddable":true,"href":"https:\/\/autofans.com.ar\/index.php\/wp-json\/wp\/v2\/tags?post=13473"}],"curies":[{"name":"wp","href":"https:\/\/api.w.org\/{rel}","templated":true}]}}