{"id":13510,"date":"2025-07-31T13:38:10","date_gmt":"2025-07-31T16:38:10","guid":{"rendered":"https:\/\/autofans.com.ar\/?p=13510"},"modified":"2025-07-31T13:38:10","modified_gmt":"2025-07-31T16:38:10","slug":"chevrolet-presenta-su-nueva-gama-2025-en-argentina","status":"publish","type":"post","link":"https:\/\/autofans.com.ar\/index.php\/2025\/07\/31\/chevrolet-presenta-su-nueva-gama-2025-en-argentina\/","title":{"rendered":"Chevrolet presenta su nueva gama 2025 en Argentina"},"content":{"rendered":"<p class=\"ds-markdown-paragraph\">En un a\u00f1o emblem\u00e1tico por su centenario en Argentina, Chevrolet present\u00f3 cinco novedades: los renovados Onix y Onix Plus, la actualizada Tracker, y los in\u00e9ditos Spark EUV (el\u00e9ctrico) y Captiva PHEV (h\u00edbrida enchufable). Con esta movida, la marca refuerza su cat\u00e1logo y avanza en electrificaci\u00f3n accesible, sin descuidar el desarrollo industrial local.<\/p>\n<p>&nbsp;<\/p>\n<blockquote>\n<p style=\"text-align: center;\">\u201cNuevamente hemos hecho un evento que muestra el gran despliegue que nuestra marca est\u00e1 realizando en el pa\u00eds para seguir creciendo y recuperando nuestra posici\u00f3n de mercado. La llegada de los nuevos Onix y Tracker consolidar\u00e1n el crecimiento de Chevrolet en estos segmentos\u201d, coment\u00f3 Andr\u00e9s Carfagna, Director Comercial de General Motors de Argentina, Uruguay y Paraguay. \u00a0\u201cAdem\u00e1s, presentamos los nuevos veh\u00edculos electrificados (NEV) que lanzaremos muy pronto en la Argentina, veh\u00edculos globales de la marca que llegar\u00e1n con el respaldo de nuestra postventa y nuestra amplia red de concesionarios Chevrolet en todo el pa\u00eds\u201d.<\/p>\n<\/blockquote>\n<p>&nbsp;<\/p>\n<h2>Tracker 2025 &#8211; m\u00e1s tecnolog\u00eda y confort en el SUV m\u00e1s vendido<\/h2>\n<p>&nbsp;<\/p>\n<figure id=\"attachment_13516\" aria-describedby=\"caption-attachment-13516\" style=\"width: 1000px\" class=\"wp-caption aligncenter\"><img fetchpriority=\"high\" decoding=\"async\" class=\"wp-image-13516 size-full\" src=\"https:\/\/autofans.com.ar\/wp-content\/uploads\/2025\/07\/chevrolet-1-3.jpg\" alt=\"Chevrolet\" width=\"1000\" height=\"667\" srcset=\"https:\/\/autofans.com.ar\/wp-content\/uploads\/2025\/07\/chevrolet-1-3.jpg 1000w, https:\/\/autofans.com.ar\/wp-content\/uploads\/2025\/07\/chevrolet-1-3-300x200.jpg 300w, https:\/\/autofans.com.ar\/wp-content\/uploads\/2025\/07\/chevrolet-1-3-768x512.jpg 768w\" sizes=\"(max-width: 1000px) 100vw, 1000px\" \/><figcaption id=\"caption-attachment-13516\" class=\"wp-caption-text\">Andr\u00e9s Carfagna \u2013 Director Comercial Argentina, Paraguay &amp; Uruguay<\/figcaption><\/figure>\n<p>&nbsp;<\/p>\n<p class=\"ds-markdown-paragraph\">Producida en Santa Fe, la nueva Tracker llega con:<\/p>\n<ul>\n<li>\n<p class=\"ds-markdown-paragraph\">Dise\u00f1o renovado: luces en dos niveles, parrilla trapezoidal y llantas redise\u00f1adas.<\/p>\n<\/li>\n<li>\n<p class=\"ds-markdown-paragraph\">Interior premium: asientos con espuma multicapa, pantallas HD (8&#8243; y 11&#8243;) y materiales t\u00e1ctiles.<\/p>\n<\/li>\n<li>\n<p class=\"ds-markdown-paragraph\">Mec\u00e1nica optimizada: motor turbo 1.2L (132 CV), caja autom\u00e1tica de 6 velocidades y mejoras en suspensi\u00f3n.<\/p>\n<\/li>\n<li>\n<p class=\"ds-markdown-paragraph\">Conectividad avanzada: Wi-Fi nativo, app MyChevrolet y servicios OnStar como \u00abAcompa\u00f1amiento Seguro\u00bb.<\/p>\n<\/li>\n<\/ul>\n<p>&nbsp;<\/p>\n<h2>Onix y Onix Plus &#8211; dise\u00f1o refinado y cockpit digital<\/h2>\n<p>&nbsp;<\/p>\n<figure id=\"attachment_13515\" aria-describedby=\"caption-attachment-13515\" style=\"width: 1000px\" class=\"wp-caption aligncenter\"><img decoding=\"async\" class=\"wp-image-13515 size-full\" src=\"https:\/\/autofans.com.ar\/wp-content\/uploads\/2025\/07\/chevrolet-2-3.jpg\" alt=\"Chevrolet\" width=\"1000\" height=\"667\" srcset=\"https:\/\/autofans.com.ar\/wp-content\/uploads\/2025\/07\/chevrolet-2-3.jpg 1000w, https:\/\/autofans.com.ar\/wp-content\/uploads\/2025\/07\/chevrolet-2-3-300x200.jpg 300w, https:\/\/autofans.com.ar\/wp-content\/uploads\/2025\/07\/chevrolet-2-3-768x512.jpg 768w\" sizes=\"(max-width: 1000px) 100vw, 1000px\" \/><figcaption id=\"caption-attachment-13515\" class=\"wp-caption-text\">Mart\u00edn Llambi \u2013 Presidente Plan Chevrolet Argentina<\/figcaption><\/figure>\n<p>&nbsp;<\/p>\n<p class=\"ds-markdown-paragraph\">Los \u00e9xitos de ventas suman:<\/p>\n<ul>\n<li>\n<p class=\"ds-markdown-paragraph\">Faros full LED (61% m\u00e1s de iluminaci\u00f3n) y paragolpes funcionales.<\/p>\n<\/li>\n<li>\n<p class=\"ds-markdown-paragraph\">Cockpit virtual integrado (panel digital + pantalla 11&#8243; MyLink).<\/p>\n<\/li>\n<li>\n<p class=\"ds-markdown-paragraph\">Motor turbo 1.0L (116 CV) con transmisi\u00f3n autom\u00e1tica de 6 marchas.<\/p>\n<\/li>\n<li>\n<p class=\"ds-markdown-paragraph\">Serie de f\u00e1brica: aire acondicionado con IA, Wi-Fi y llave presencial.<\/p>\n<\/li>\n<\/ul>\n<p>&nbsp;<\/p>\n<h2>Spark EUV &#8211; el primer SUV el\u00e9ctrico de Chevrolet<\/h2>\n<p>&nbsp;<\/p>\n<figure id=\"attachment_13514\" aria-describedby=\"caption-attachment-13514\" style=\"width: 1000px\" class=\"wp-caption aligncenter\"><img decoding=\"async\" class=\"wp-image-13514 size-full\" src=\"https:\/\/autofans.com.ar\/wp-content\/uploads\/2025\/07\/chevrolet-3-3.jpg\" alt=\"Chevrolet\" width=\"1000\" height=\"667\" srcset=\"https:\/\/autofans.com.ar\/wp-content\/uploads\/2025\/07\/chevrolet-3-3.jpg 1000w, https:\/\/autofans.com.ar\/wp-content\/uploads\/2025\/07\/chevrolet-3-3-300x200.jpg 300w, https:\/\/autofans.com.ar\/wp-content\/uploads\/2025\/07\/chevrolet-3-3-768x512.jpg 768w\" sizes=\"(max-width: 1000px) 100vw, 1000px\" \/><figcaption id=\"caption-attachment-13514\" class=\"wp-caption-text\">Claudio D\u2019Agostini Nascimiento \u2013 Gerente General de GM Uruguay<\/figcaption><\/figure>\n<p>&nbsp;<\/p>\n<p class=\"ds-markdown-paragraph\">Compacto y urbano, destaca por:<\/p>\n<ul>\n<li>\n<p class=\"ds-markdown-paragraph\">Autonom\u00eda: 360 km (ciclo NEDC) con bater\u00eda de 42 kWh.<\/p>\n<\/li>\n<li>\n<p class=\"ds-markdown-paragraph\">Tecnolog\u00eda: Chevrolet Intelligent Driving, control de crucero adaptativo y c\u00e1mara 360\u00b0.<\/p>\n<\/li>\n<li>\n<p class=\"ds-markdown-paragraph\">Performance: motor el\u00e9ctrico de 75 KWH (102 CV) y torque de 180 Nm.<\/p>\n<\/li>\n<\/ul>\n<p>&nbsp;<\/p>\n<h2>Captiva PHEV &#8211; el regreso sorpresa en versi\u00f3n h\u00edbrida<\/h2>\n<p>&nbsp;<\/p>\n<figure id=\"attachment_13513\" aria-describedby=\"caption-attachment-13513\" style=\"width: 1000px\" class=\"wp-caption aligncenter\"><img loading=\"lazy\" decoding=\"async\" class=\"wp-image-13513 size-full\" src=\"https:\/\/autofans.com.ar\/wp-content\/uploads\/2025\/07\/chevrolet-4-2.jpg\" alt=\"Chevrolet\" width=\"1000\" height=\"667\" srcset=\"https:\/\/autofans.com.ar\/wp-content\/uploads\/2025\/07\/chevrolet-4-2.jpg 1000w, https:\/\/autofans.com.ar\/wp-content\/uploads\/2025\/07\/chevrolet-4-2-300x200.jpg 300w, https:\/\/autofans.com.ar\/wp-content\/uploads\/2025\/07\/chevrolet-4-2-768x512.jpg 768w\" sizes=\"(max-width: 1000px) 100vw, 1000px\" \/><figcaption id=\"caption-attachment-13513\" class=\"wp-caption-text\">Kleusner L\u00f3pes &#8211; CCO GMSA &#8211; Atlantic Cluster<\/figcaption><\/figure>\n<p>&nbsp;<\/p>\n<p class=\"ds-markdown-paragraph\">El SUV familiar vuelve con:<\/p>\n<ul>\n<li>\n<p class=\"ds-markdown-paragraph\">Propulsi\u00f3n h\u00edbrida enchufable (PHEV), posible futura versi\u00f3n 100% el\u00e9ctrica.<\/p>\n<\/li>\n<li>\n<p class=\"ds-markdown-paragraph\">Espacio y dise\u00f1o refinado, enfocado en confort y conectividad.<\/p>\n<\/li>\n<li>\n<p class=\"ds-markdown-paragraph\">Lanzamiento previsto: finales de 2025.<\/p>\n<\/li>\n<\/ul>\n<p>&nbsp;<\/p>\n<h2>Accesorios originales para personalizar cada modelo<\/h2>\n<p>&nbsp;<\/p>\n<figure id=\"attachment_13512\" aria-describedby=\"caption-attachment-13512\" style=\"width: 1000px\" class=\"wp-caption aligncenter\"><img loading=\"lazy\" decoding=\"async\" class=\"wp-image-13512 size-full\" src=\"https:\/\/autofans.com.ar\/wp-content\/uploads\/2025\/07\/chevrolet-5-2.jpg\" alt=\"Chevrolet\" width=\"1000\" height=\"667\" srcset=\"https:\/\/autofans.com.ar\/wp-content\/uploads\/2025\/07\/chevrolet-5-2.jpg 1000w, https:\/\/autofans.com.ar\/wp-content\/uploads\/2025\/07\/chevrolet-5-2-300x200.jpg 300w, https:\/\/autofans.com.ar\/wp-content\/uploads\/2025\/07\/chevrolet-5-2-768x512.jpg 768w\" sizes=\"(max-width: 1000px) 100vw, 1000px\" \/><figcaption id=\"caption-attachment-13512\" class=\"wp-caption-text\">Paula Saiani \u2013 Directora de Marketing de Producto GMSA<\/figcaption><\/figure>\n<p>&nbsp;<\/p>\n<ul>\n<li>\n<p class=\"ds-markdown-paragraph\">Spark EUV: 70 accesorios, incluido cargador port\u00e1til y luces ambientales.<\/p>\n<\/li>\n<li>\n<p class=\"ds-markdown-paragraph\">Tracker: 71 \u00edtems, como extensor de paragolpes y apliques laterales.<\/p>\n<\/li>\n<li>\n<p class=\"ds-markdown-paragraph\">Onix\/Onix Plus: 77 opciones, desde proyector de logo hasta molduras personalizadas.<\/p>\n<\/li>\n<\/ul>\n<p>&nbsp;<\/p>\n<p>&nbsp;<\/p>\n<p>&nbsp;<\/p>\n<p><i>Para enterarte de m\u00e1s novedades, no dejes de leer\u00a0<\/i><a href=\"https:\/\/autofans.thebrandsoup.com\/\"><i>nuestras notas<\/i><\/a><i>, de ver\u00a0<\/i><a href=\"https:\/\/www.youtube.com\/channel\/UCgAC8UGHZYbT6P7PpmVnP7g\"><i>AUTOFANS TV<\/i><\/a><i>\u00a0en nuestro\u00a0canal de Youtube. Adem\u00e1s seguinos en\u00a0<\/i><a href=\"https:\/\/www.instagram.com\/autofanstv\/\"><i>INSTAGRAM<\/i><\/a><i> y <\/i><a href=\"https:\/\/www.facebook.com\/autofansmas\/\"><i>FACEBOOK<\/i><\/a><i> para no perderte nada sobre las novedades del segmento automotor de Argentina y el mundo.<\/i><\/p>\n","protected":false},"excerpt":{"rendered":"<p>En un a\u00f1o emblem\u00e1tico por su centenario en Argentina, Chevrolet present\u00f3 cinco novedades: los renovados&#8230;<\/p>\n","protected":false},"author":2,"featured_media":13511,"comment_status":"closed","ping_status":"closed","sticky":false,"template":"","format":"standard","meta":{"footnotes":""},"categories":[8,341,1],"tags":[4180,7100,7101,273,7097,7099,7098],"class_list":["post-13510","post","type-post","status-publish","format-standard","has-post-thumbnail","hentry","category-autos-y-suv","category-hibridos-y-electricos","category-lanzamientos","tag-autos-electricos-argentina","tag-captiva-hibrida","tag-chevrolet-100-anos","tag-chevrolet-argentina","tag-onix-2025","tag-spark-euv-electrico","tag-tracker-suv"],"yoast_head":"<!-- This site is optimized with the Yoast SEO plugin v27.5 - https:\/\/yoast.com\/product\/yoast-seo-wordpress\/ -->\n<title>Chevrolet presenta su nueva gama 2025 en Argentina -<\/title>\n<meta name=\"description\" content=\"En un a\u00f1o emblem\u00e1tico por su centenario en Argentina, Chevrolet present\u00f3 cinco novedades: los Onix y Onix Plus, la actualizada Tracker...\" \/>\n<meta name=\"robots\" content=\"index, follow, max-snippet:-1, max-image-preview:large, max-video-preview:-1\" \/>\n<link rel=\"canonical\" href=\"https:\/\/autofans.com.ar\/index.php\/2025\/07\/31\/chevrolet-presenta-su-nueva-gama-2025-en-argentina\/\" \/>\n<meta property=\"og:locale\" content=\"es_ES\" \/>\n<meta property=\"og:type\" content=\"article\" \/>\n<meta property=\"og:title\" content=\"Chevrolet presenta su nueva gama 2025 en Argentina -\" \/>\n<meta property=\"og:description\" content=\"En un a\u00f1o emblem\u00e1tico por su centenario en Argentina, Chevrolet present\u00f3 cinco novedades: los Onix y Onix Plus, la actualizada Tracker...\" \/>\n<meta property=\"og:url\" content=\"https:\/\/autofans.com.ar\/index.php\/2025\/07\/31\/chevrolet-presenta-su-nueva-gama-2025-en-argentina\/\" \/>\n<meta property=\"article:published_time\" content=\"2025-07-31T16:38:10+00:00\" \/>\n<meta property=\"og:image\" content=\"https:\/\/autofans.com.ar\/wp-content\/uploads\/2025\/07\/chevrolet-6-1.jpg\" \/>\n\t<meta property=\"og:image:width\" content=\"1000\" \/>\n\t<meta property=\"og:image:height\" content=\"667\" \/>\n\t<meta property=\"og:image:type\" content=\"image\/jpeg\" \/>\n<meta name=\"author\" content=\"Alejandro Gabriel Rosito\" \/>\n<meta name=\"twitter:card\" content=\"summary_large_image\" \/>\n<meta name=\"twitter:label1\" content=\"Escrito por\" \/>\n\t<meta name=\"twitter:data1\" content=\"Alejandro Gabriel Rosito\" \/>\n\t<meta name=\"twitter:label2\" content=\"Tiempo de lectura\" \/>\n\t<meta name=\"twitter:data2\" content=\"4 minutos\" \/>\n<script type=\"application\/ld+json\" class=\"yoast-schema-graph\">{\"@context\":\"https:\\\/\\\/schema.org\",\"@graph\":[{\"@type\":\"Article\",\"@id\":\"https:\\\/\\\/autofans.com.ar\\\/index.php\\\/2025\\\/07\\\/31\\\/chevrolet-presenta-su-nueva-gama-2025-en-argentina\\\/#article\",\"isPartOf\":{\"@id\":\"https:\\\/\\\/autofans.com.ar\\\/index.php\\\/2025\\\/07\\\/31\\\/chevrolet-presenta-su-nueva-gama-2025-en-argentina\\\/\"},\"author\":{\"name\":\"Alejandro Gabriel Rosito\",\"@id\":\"https:\\\/\\\/autofans.com.ar\\\/#\\\/schema\\\/person\\\/4a8dda0b6df83ac3d6723e921274c2aa\"},\"headline\":\"Chevrolet presenta su nueva gama 2025 en Argentina\",\"datePublished\":\"2025-07-31T16:38:10+00:00\",\"mainEntityOfPage\":{\"@id\":\"https:\\\/\\\/autofans.com.ar\\\/index.php\\\/2025\\\/07\\\/31\\\/chevrolet-presenta-su-nueva-gama-2025-en-argentina\\\/\"},\"wordCount\":570,\"image\":{\"@id\":\"https:\\\/\\\/autofans.com.ar\\\/index.php\\\/2025\\\/07\\\/31\\\/chevrolet-presenta-su-nueva-gama-2025-en-argentina\\\/#primaryimage\"},\"thumbnailUrl\":\"https:\\\/\\\/autofans.com.ar\\\/wp-content\\\/uploads\\\/2025\\\/07\\\/chevrolet-6-1.jpg\",\"keywords\":[\"autos el\u00e9ctricos Argentina\",\"Captiva h\u00edbrida\",\"Chevrolet 100 a\u00f1os.\",\"Chevrolet argentina\",\"Onix 2025\",\"Spark EUV el\u00e9ctrico\",\"Tracker SUV\"],\"articleSection\":[\"Autos y SUV\",\"HIBRIDOS, ELECTRICOS y otros\",\"LANZAMIENTOS\"],\"inLanguage\":\"es\"},{\"@type\":\"WebPage\",\"@id\":\"https:\\\/\\\/autofans.com.ar\\\/index.php\\\/2025\\\/07\\\/31\\\/chevrolet-presenta-su-nueva-gama-2025-en-argentina\\\/\",\"url\":\"https:\\\/\\\/autofans.com.ar\\\/index.php\\\/2025\\\/07\\\/31\\\/chevrolet-presenta-su-nueva-gama-2025-en-argentina\\\/\",\"name\":\"Chevrolet presenta su nueva gama 2025 en Argentina -\",\"isPartOf\":{\"@id\":\"https:\\\/\\\/autofans.com.ar\\\/#website\"},\"primaryImageOfPage\":{\"@id\":\"https:\\\/\\\/autofans.com.ar\\\/index.php\\\/2025\\\/07\\\/31\\\/chevrolet-presenta-su-nueva-gama-2025-en-argentina\\\/#primaryimage\"},\"image\":{\"@id\":\"https:\\\/\\\/autofans.com.ar\\\/index.php\\\/2025\\\/07\\\/31\\\/chevrolet-presenta-su-nueva-gama-2025-en-argentina\\\/#primaryimage\"},\"thumbnailUrl\":\"https:\\\/\\\/autofans.com.ar\\\/wp-content\\\/uploads\\\/2025\\\/07\\\/chevrolet-6-1.jpg\",\"datePublished\":\"2025-07-31T16:38:10+00:00\",\"author\":{\"@id\":\"https:\\\/\\\/autofans.com.ar\\\/#\\\/schema\\\/person\\\/4a8dda0b6df83ac3d6723e921274c2aa\"},\"description\":\"En un a\u00f1o emblem\u00e1tico por su centenario en Argentina, Chevrolet present\u00f3 cinco novedades: los Onix y Onix Plus, la actualizada Tracker...\",\"breadcrumb\":{\"@id\":\"https:\\\/\\\/autofans.com.ar\\\/index.php\\\/2025\\\/07\\\/31\\\/chevrolet-presenta-su-nueva-gama-2025-en-argentina\\\/#breadcrumb\"},\"inLanguage\":\"es\",\"potentialAction\":[{\"@type\":\"ReadAction\",\"target\":[\"https:\\\/\\\/autofans.com.ar\\\/index.php\\\/2025\\\/07\\\/31\\\/chevrolet-presenta-su-nueva-gama-2025-en-argentina\\\/\"]}]},{\"@type\":\"ImageObject\",\"inLanguage\":\"es\",\"@id\":\"https:\\\/\\\/autofans.com.ar\\\/index.php\\\/2025\\\/07\\\/31\\\/chevrolet-presenta-su-nueva-gama-2025-en-argentina\\\/#primaryimage\",\"url\":\"https:\\\/\\\/autofans.com.ar\\\/wp-content\\\/uploads\\\/2025\\\/07\\\/chevrolet-6-1.jpg\",\"contentUrl\":\"https:\\\/\\\/autofans.com.ar\\\/wp-content\\\/uploads\\\/2025\\\/07\\\/chevrolet-6-1.jpg\",\"width\":1000,\"height\":667,\"caption\":\"Chevrolet\"},{\"@type\":\"BreadcrumbList\",\"@id\":\"https:\\\/\\\/autofans.com.ar\\\/index.php\\\/2025\\\/07\\\/31\\\/chevrolet-presenta-su-nueva-gama-2025-en-argentina\\\/#breadcrumb\",\"itemListElement\":[{\"@type\":\"ListItem\",\"position\":1,\"name\":\"Inicio\",\"item\":\"https:\\\/\\\/autofans.com.ar\\\/\"},{\"@type\":\"ListItem\",\"position\":2,\"name\":\"Chevrolet presenta su nueva gama 2025 en Argentina\"}]},{\"@type\":\"WebSite\",\"@id\":\"https:\\\/\\\/autofans.com.ar\\\/#website\",\"url\":\"https:\\\/\\\/autofans.com.ar\\\/\",\"name\":\"\",\"description\":\"El multimedio referente de la industria automotriz\",\"potentialAction\":[{\"@type\":\"SearchAction\",\"target\":{\"@type\":\"EntryPoint\",\"urlTemplate\":\"https:\\\/\\\/autofans.com.ar\\\/?s={search_term_string}\"},\"query-input\":{\"@type\":\"PropertyValueSpecification\",\"valueRequired\":true,\"valueName\":\"search_term_string\"}}],\"inLanguage\":\"es\"},{\"@type\":\"Person\",\"@id\":\"https:\\\/\\\/autofans.com.ar\\\/#\\\/schema\\\/person\\\/4a8dda0b6df83ac3d6723e921274c2aa\",\"name\":\"Alejandro Gabriel Rosito\",\"image\":{\"@type\":\"ImageObject\",\"inLanguage\":\"es\",\"@id\":\"https:\\\/\\\/secure.gravatar.com\\\/avatar\\\/16c5dda1489adfc62618084dcbb91cffd879c374b13fe5dd8e44ed6733852c88?s=96&d=mm&r=g\",\"url\":\"https:\\\/\\\/secure.gravatar.com\\\/avatar\\\/16c5dda1489adfc62618084dcbb91cffd879c374b13fe5dd8e44ed6733852c88?s=96&d=mm&r=g\",\"contentUrl\":\"https:\\\/\\\/secure.gravatar.com\\\/avatar\\\/16c5dda1489adfc62618084dcbb91cffd879c374b13fe5dd8e44ed6733852c88?s=96&d=mm&r=g\",\"caption\":\"Alejandro Gabriel Rosito\"},\"url\":\"https:\\\/\\\/autofans.com.ar\\\/index.php\\\/author\\\/gabrielr\\\/\"}]}<\/script>\n<!-- \/ Yoast SEO plugin. -->","yoast_head_json":{"title":"Chevrolet presenta su nueva gama 2025 en Argentina -","description":"En un a\u00f1o emblem\u00e1tico por su centenario en Argentina, Chevrolet present\u00f3 cinco novedades: los Onix y Onix Plus, la actualizada Tracker...","robots":{"index":"index","follow":"follow","max-snippet":"max-snippet:-1","max-image-preview":"max-image-preview:large","max-video-preview":"max-video-preview:-1"},"canonical":"https:\/\/autofans.com.ar\/index.php\/2025\/07\/31\/chevrolet-presenta-su-nueva-gama-2025-en-argentina\/","og_locale":"es_ES","og_type":"article","og_title":"Chevrolet presenta su nueva gama 2025 en Argentina -","og_description":"En un a\u00f1o emblem\u00e1tico por su centenario en Argentina, Chevrolet present\u00f3 cinco novedades: los Onix y Onix Plus, la actualizada Tracker...","og_url":"https:\/\/autofans.com.ar\/index.php\/2025\/07\/31\/chevrolet-presenta-su-nueva-gama-2025-en-argentina\/","article_published_time":"2025-07-31T16:38:10+00:00","og_image":[{"width":1000,"height":667,"url":"https:\/\/autofans.com.ar\/wp-content\/uploads\/2025\/07\/chevrolet-6-1.jpg","type":"image\/jpeg"}],"author":"Alejandro Gabriel Rosito","twitter_card":"summary_large_image","twitter_misc":{"Escrito por":"Alejandro Gabriel Rosito","Tiempo de lectura":"4 minutos"},"schema":{"@context":"https:\/\/schema.org","@graph":[{"@type":"Article","@id":"https:\/\/autofans.com.ar\/index.php\/2025\/07\/31\/chevrolet-presenta-su-nueva-gama-2025-en-argentina\/#article","isPartOf":{"@id":"https:\/\/autofans.com.ar\/index.php\/2025\/07\/31\/chevrolet-presenta-su-nueva-gama-2025-en-argentina\/"},"author":{"name":"Alejandro Gabriel Rosito","@id":"https:\/\/autofans.com.ar\/#\/schema\/person\/4a8dda0b6df83ac3d6723e921274c2aa"},"headline":"Chevrolet presenta su nueva gama 2025 en Argentina","datePublished":"2025-07-31T16:38:10+00:00","mainEntityOfPage":{"@id":"https:\/\/autofans.com.ar\/index.php\/2025\/07\/31\/chevrolet-presenta-su-nueva-gama-2025-en-argentina\/"},"wordCount":570,"image":{"@id":"https:\/\/autofans.com.ar\/index.php\/2025\/07\/31\/chevrolet-presenta-su-nueva-gama-2025-en-argentina\/#primaryimage"},"thumbnailUrl":"https:\/\/autofans.com.ar\/wp-content\/uploads\/2025\/07\/chevrolet-6-1.jpg","keywords":["autos el\u00e9ctricos Argentina","Captiva h\u00edbrida","Chevrolet 100 a\u00f1os.","Chevrolet argentina","Onix 2025","Spark EUV el\u00e9ctrico","Tracker SUV"],"articleSection":["Autos y SUV","HIBRIDOS, ELECTRICOS y otros","LANZAMIENTOS"],"inLanguage":"es"},{"@type":"WebPage","@id":"https:\/\/autofans.com.ar\/index.php\/2025\/07\/31\/chevrolet-presenta-su-nueva-gama-2025-en-argentina\/","url":"https:\/\/autofans.com.ar\/index.php\/2025\/07\/31\/chevrolet-presenta-su-nueva-gama-2025-en-argentina\/","name":"Chevrolet presenta su nueva gama 2025 en Argentina -","isPartOf":{"@id":"https:\/\/autofans.com.ar\/#website"},"primaryImageOfPage":{"@id":"https:\/\/autofans.com.ar\/index.php\/2025\/07\/31\/chevrolet-presenta-su-nueva-gama-2025-en-argentina\/#primaryimage"},"image":{"@id":"https:\/\/autofans.com.ar\/index.php\/2025\/07\/31\/chevrolet-presenta-su-nueva-gama-2025-en-argentina\/#primaryimage"},"thumbnailUrl":"https:\/\/autofans.com.ar\/wp-content\/uploads\/2025\/07\/chevrolet-6-1.jpg","datePublished":"2025-07-31T16:38:10+00:00","author":{"@id":"https:\/\/autofans.com.ar\/#\/schema\/person\/4a8dda0b6df83ac3d6723e921274c2aa"},"description":"En un a\u00f1o emblem\u00e1tico por su centenario en Argentina, Chevrolet present\u00f3 cinco novedades: los Onix y Onix Plus, la actualizada Tracker...","breadcrumb":{"@id":"https:\/\/autofans.com.ar\/index.php\/2025\/07\/31\/chevrolet-presenta-su-nueva-gama-2025-en-argentina\/#breadcrumb"},"inLanguage":"es","potentialAction":[{"@type":"ReadAction","target":["https:\/\/autofans.com.ar\/index.php\/2025\/07\/31\/chevrolet-presenta-su-nueva-gama-2025-en-argentina\/"]}]},{"@type":"ImageObject","inLanguage":"es","@id":"https:\/\/autofans.com.ar\/index.php\/2025\/07\/31\/chevrolet-presenta-su-nueva-gama-2025-en-argentina\/#primaryimage","url":"https:\/\/autofans.com.ar\/wp-content\/uploads\/2025\/07\/chevrolet-6-1.jpg","contentUrl":"https:\/\/autofans.com.ar\/wp-content\/uploads\/2025\/07\/chevrolet-6-1.jpg","width":1000,"height":667,"caption":"Chevrolet"},{"@type":"BreadcrumbList","@id":"https:\/\/autofans.com.ar\/index.php\/2025\/07\/31\/chevrolet-presenta-su-nueva-gama-2025-en-argentina\/#breadcrumb","itemListElement":[{"@type":"ListItem","position":1,"name":"Inicio","item":"https:\/\/autofans.com.ar\/"},{"@type":"ListItem","position":2,"name":"Chevrolet presenta su nueva gama 2025 en Argentina"}]},{"@type":"WebSite","@id":"https:\/\/autofans.com.ar\/#website","url":"https:\/\/autofans.com.ar\/","name":"","description":"El multimedio referente de la industria automotriz","potentialAction":[{"@type":"SearchAction","target":{"@type":"EntryPoint","urlTemplate":"https:\/\/autofans.com.ar\/?s={search_term_string}"},"query-input":{"@type":"PropertyValueSpecification","valueRequired":true,"valueName":"search_term_string"}}],"inLanguage":"es"},{"@type":"Person","@id":"https:\/\/autofans.com.ar\/#\/schema\/person\/4a8dda0b6df83ac3d6723e921274c2aa","name":"Alejandro Gabriel Rosito","image":{"@type":"ImageObject","inLanguage":"es","@id":"https:\/\/secure.gravatar.com\/avatar\/16c5dda1489adfc62618084dcbb91cffd879c374b13fe5dd8e44ed6733852c88?s=96&d=mm&r=g","url":"https:\/\/secure.gravatar.com\/avatar\/16c5dda1489adfc62618084dcbb91cffd879c374b13fe5dd8e44ed6733852c88?s=96&d=mm&r=g","contentUrl":"https:\/\/secure.gravatar.com\/avatar\/16c5dda1489adfc62618084dcbb91cffd879c374b13fe5dd8e44ed6733852c88?s=96&d=mm&r=g","caption":"Alejandro Gabriel Rosito"},"url":"https:\/\/autofans.com.ar\/index.php\/author\/gabrielr\/"}]}},"featured_image_urls":{"full":["https:\/\/autofans.com.ar\/wp-content\/uploads\/2025\/07\/chevrolet-6-1.jpg",1000,667,false],"thumbnail":["https:\/\/autofans.com.ar\/wp-content\/uploads\/2025\/07\/chevrolet-6-1-150x150.jpg",150,150,true],"medium":["https:\/\/autofans.com.ar\/wp-content\/uploads\/2025\/07\/chevrolet-6-1-300x200.jpg",300,200,true],"medium_large":["https:\/\/autofans.com.ar\/wp-content\/uploads\/2025\/07\/chevrolet-6-1-768x512.jpg",640,427,true],"large":["https:\/\/autofans.com.ar\/wp-content\/uploads\/2025\/07\/chevrolet-6-1.jpg",640,427,false],"1536x1536":["https:\/\/autofans.com.ar\/wp-content\/uploads\/2025\/07\/chevrolet-6-1.jpg",1000,667,false],"2048x2048":["https:\/\/autofans.com.ar\/wp-content\/uploads\/2025\/07\/chevrolet-6-1.jpg",1000,667,false],"covernews-featured":["https:\/\/autofans.com.ar\/wp-content\/uploads\/2025\/07\/chevrolet-6-1.jpg",1000,667,false],"covernews-medium":["https:\/\/autofans.com.ar\/wp-content\/uploads\/2025\/07\/chevrolet-6-1-540x340.jpg",540,340,true]},"author_info":{"display_name":"Alejandro Gabriel Rosito","author_link":"https:\/\/autofans.com.ar\/index.php\/author\/gabrielr\/"},"category_info":"<a href=\"https:\/\/autofans.com.ar\/index.php\/category\/lanzamientos\/autos-y-suv\/\" rel=\"category tag\">Autos y SUV<\/a> <a href=\"https:\/\/autofans.com.ar\/index.php\/category\/noticias\/hibridos-y-electricos\/\" rel=\"category tag\">HIBRIDOS, ELECTRICOS y otros<\/a> <a href=\"https:\/\/autofans.com.ar\/index.php\/category\/lanzamientos\/\" rel=\"category tag\">LANZAMIENTOS<\/a>","tag_info":"LANZAMIENTOS","comment_count":0,"_links":{"self":[{"href":"https:\/\/autofans.com.ar\/index.php\/wp-json\/wp\/v2\/posts\/13510","targetHints":{"allow":["GET"]}}],"collection":[{"href":"https:\/\/autofans.com.ar\/index.php\/wp-json\/wp\/v2\/posts"}],"about":[{"href":"https:\/\/autofans.com.ar\/index.php\/wp-json\/wp\/v2\/types\/post"}],"author":[{"embeddable":true,"href":"https:\/\/autofans.com.ar\/index.php\/wp-json\/wp\/v2\/users\/2"}],"replies":[{"embeddable":true,"href":"https:\/\/autofans.com.ar\/index.php\/wp-json\/wp\/v2\/comments?post=13510"}],"version-history":[{"count":3,"href":"https:\/\/autofans.com.ar\/index.php\/wp-json\/wp\/v2\/posts\/13510\/revisions"}],"predecessor-version":[{"id":13519,"href":"https:\/\/autofans.com.ar\/index.php\/wp-json\/wp\/v2\/posts\/13510\/revisions\/13519"}],"wp:featuredmedia":[{"embeddable":true,"href":"https:\/\/autofans.com.ar\/index.php\/wp-json\/wp\/v2\/media\/13511"}],"wp:attachment":[{"href":"https:\/\/autofans.com.ar\/index.php\/wp-json\/wp\/v2\/media?parent=13510"}],"wp:term":[{"taxonomy":"category","embeddable":true,"href":"https:\/\/autofans.com.ar\/index.php\/wp-json\/wp\/v2\/categories?post=13510"},{"taxonomy":"post_tag","embeddable":true,"href":"https:\/\/autofans.com.ar\/index.php\/wp-json\/wp\/v2\/tags?post=13510"}],"curies":[{"name":"wp","href":"https:\/\/api.w.org\/{rel}","templated":true}]}}