{"id":13531,"date":"2025-08-01T14:19:15","date_gmt":"2025-08-01T17:19:15","guid":{"rendered":"https:\/\/autofans.com.ar\/?p=13531"},"modified":"2025-08-01T14:21:01","modified_gmt":"2025-08-01T17:21:01","slug":"resultados-daimler-truck-2025","status":"publish","type":"post","link":"https:\/\/autofans.com.ar\/index.php\/2025\/08\/01\/resultados-daimler-truck-2025\/","title":{"rendered":"Resultados Daimler Truck 2025"},"content":{"rendered":"<p class=\"ds-markdown-paragraph\">En el segundo trimestre de 2025, Daimler Truck AG report\u00f3 resultados estables a pesar de la incertidumbre macroecon\u00f3mica, especialmente en el mercado norteamericano. El Retorno Ajustado sobre Ventas (ROS) del Grupo se mantuvo en 9,3%, igual que en el mismo per\u00edodo de 2024.<\/p>\n<p>&nbsp;<\/p>\n<blockquote>\n<p style=\"text-align: center;\">Karin R\u00e5dstr\u00f6m, CEO de Daimler Truck, expres\u00f3: \u201cEn la primera mitad de 2025, nuevamente demostramos un fuerte desempe\u00f1o. Mientras Trucks North America logr\u00f3 resultados destacados en un mercado desafiante, Mercedes-Benz Trucks, Daimler Buses y Trucks Asia aumentaron su rentabilidad respecto al a\u00f1o anterior. Para la segunda mitad del a\u00f1o, seguimos enfocados en navegar las din\u00e1micas e incertidumbres.\u201d<\/p>\n<\/blockquote>\n<p>&nbsp;<\/p>\n<h2 class=\"ds-markdown-paragraph\">Daimler Truck &#8211; destacados por segmento<\/h2>\n<ul>\n<li>\n<p class=\"ds-markdown-paragraph\">Trucks North America: ROS del 12,9% (vs. 14,6% en Q2 2024), pese a una ca\u00edda del 20% en unidades vendidas.<\/p>\n<\/li>\n<li>\n<p class=\"ds-markdown-paragraph\">Mercedes-Benz Trucks: Mejor\u00f3 su rentabilidad (5,9% vs. 3,1% en 2024).<\/p>\n<\/li>\n<li>\n<p class=\"ds-markdown-paragraph\">Daimler Buses: Alcanz\u00f3 un ROS del 10,0% (9,2% en 2024).<\/p>\n<\/li>\n<li>\n<p class=\"ds-markdown-paragraph\">Trucks Asia: Increment\u00f3 su margen a 5,4% (4,9% en 2024).<\/p>\n<\/li>\n<\/ul>\n<p class=\"ds-markdown-paragraph\">Los ingresos netos fueron de \u20ac11.800 millones (\u20ac12.500M en Q2 2024), afectados por menores ventas. El EBIT ajustado del Grupo lleg\u00f3 a \u20ac1.120 millones (\u20ac1.170M en 2024).<\/p>\n<p>&nbsp;<\/p>\n<figure id=\"attachment_13532\" aria-describedby=\"caption-attachment-13532\" style=\"width: 1000px\" class=\"wp-caption aligncenter\"><img fetchpriority=\"high\" decoding=\"async\" class=\"wp-image-13532 size-full\" src=\"https:\/\/autofans.com.ar\/wp-content\/uploads\/2025\/08\/mercedes-2.jpg\" alt=\"Daimler Truck\" width=\"1000\" height=\"667\" srcset=\"https:\/\/autofans.com.ar\/wp-content\/uploads\/2025\/08\/mercedes-2.jpg 1000w, https:\/\/autofans.com.ar\/wp-content\/uploads\/2025\/08\/mercedes-2-300x200.jpg 300w, https:\/\/autofans.com.ar\/wp-content\/uploads\/2025\/08\/mercedes-2-768x512.jpg 768w\" sizes=\"(max-width: 1000px) 100vw, 1000px\" \/><figcaption id=\"caption-attachment-13532\" class=\"wp-caption-text\">Karin R\u00e5dstr\u00f6m, CEO de Daimler Truck junto a Eva Scherer, CFO de Daimler Truck<\/figcaption><\/figure>\n<p>&nbsp;<\/p>\n<h2>Crecimiento en veh\u00edculos el\u00e9ctricos y perspectivas 2025<\/h2>\n<p class=\"ds-markdown-paragraph\">Las ventas de camiones y buses el\u00e9ctricos (ZEVs) se duplicaron: 1.232 unidades vs. 648 en Q2 2024. Sin embargo, los pedidos totales bajaron a 88.241 unidades (92.569 en 2024), reflejando la cautela del mercado.<\/p>\n<p class=\"ds-markdown-paragraph\">Actualizaci\u00f3n de proyecciones:<\/p>\n<ul>\n<li>\n<p class=\"ds-markdown-paragraph\">Trucks North America: Expectativa de ventas reducida (135.000\u2013155.000 unidades) y ROS ajustado entre 10%\u201312%.<\/p>\n<\/li>\n<li>\n<p class=\"ds-markdown-paragraph\">Grupo Daimler Truck: EBIT ajustado estimado en \u20ac3.600\u2013\u20ac4.100M; ingresos netos entre \u20ac44.000\u2013\u20ac47.000M.<\/p>\n<\/li>\n<\/ul>\n<p class=\"ds-markdown-paragraph\">La gu\u00eda considera el impacto del USMCA y posibles cambios geopol\u00edticos.<\/p>\n<p>&nbsp;<\/p>\n<blockquote>\n<p style=\"text-align: center;\">Eva Scherer, CFO de Daimler Truck, expres\u00f3: \u201cDespu\u00e9s de una s\u00f3lida primera mitad en Norteam\u00e9rica, los meses recientes demostraron una clara desaceleraci\u00f3n en los niveles de pedidos, reflejando la persistente incertidumbre del mercado. En respuesta, hemos ajustado nuestra capacidad y reducido nuestras previsiones de mercado y volumen en consecuencia. A pesar de vol\u00famenes significativamente menores, esperamos lograr una rentabilidad del 10% al 12% en 2025 en Trucks North America, lo que subraya la resiliencia de nuestro negocio. Con todos los dem\u00e1s segmentos funcionando de manera estable, seguimos comprometidos a entregar otro resultado s\u00f3lido en 2025, apuntando a un retorno ajustado sobre ventas del 7% al 9% en nuestro negocio. Al mismo tiempo, nos enfocamos en una fuerte generaci\u00f3n de caja hasta fin de a\u00f1o. El lanzamiento de nuestro nuevo programa de recompra de acciones en el tercer trimestre refuerza nuestra confianza en el desempe\u00f1o continuo de Daimler Truck.\u201d<\/p>\n<\/blockquote>\n<p>&nbsp;<\/p>\n<p>&nbsp;<\/p>\n<p>&nbsp;<\/p>\n<p><i>Para enterarte de m\u00e1s novedades, no dejes de leer\u00a0<\/i><a href=\"https:\/\/autofans.thebrandsoup.com\/\"><i>nuestras notas<\/i><\/a><i>, de ver\u00a0<\/i><a href=\"https:\/\/www.youtube.com\/channel\/UCgAC8UGHZYbT6P7PpmVnP7g\"><i>AUTOFANS TV<\/i><\/a><i>\u00a0en nuestro\u00a0canal de Youtube. Adem\u00e1s seguinos en\u00a0<\/i><a href=\"https:\/\/www.instagram.com\/autofanstv\/\"><i>INSTAGRAM<\/i><\/a><i> y <\/i><a href=\"https:\/\/www.facebook.com\/autofansmas\/\"><i>FACEBOOK<\/i><\/a><i> para no perderte nada sobre las novedades del segmento automotor de Argentina y el mundo.<\/i><\/p>\n","protected":false},"excerpt":{"rendered":"<p>En el segundo trimestre de 2025, Daimler Truck AG report\u00f3 resultados estables a pesar de&#8230;<\/p>\n","protected":false},"author":2,"featured_media":13533,"comment_status":"closed","ping_status":"closed","sticky":false,"template":"","format":"standard","meta":{"footnotes":""},"categories":[13,292],"tags":[1652,3566,7105,1224,7104,444],"class_list":["post-13531","post","type-post","status-publish","format-standard","has-post-thumbnail","hentry","category-autofans-tv","category-empresas","tag-camiones-electricos","tag-daimler-truck","tag-mercado-norteamericano","tag-rentabilidad","tag-resultados-financieros-2025","tag-vehiculos-comerciales"],"yoast_head":"<!-- This site is optimized with the Yoast SEO plugin v27.5 - https:\/\/yoast.com\/product\/yoast-seo-wordpress\/ -->\n<title>Resultados Daimler Truck 2025 -<\/title>\n<meta name=\"description\" content=\"En el segundo trimestre de 2025, Daimler Truck AG report\u00f3 resultados estables a pesar de la incertidumbre macroecon\u00f3mica...\" \/>\n<meta name=\"robots\" content=\"index, follow, max-snippet:-1, max-image-preview:large, max-video-preview:-1\" \/>\n<link rel=\"canonical\" href=\"https:\/\/autofans.com.ar\/index.php\/2025\/08\/01\/resultados-daimler-truck-2025\/\" \/>\n<meta property=\"og:locale\" content=\"es_ES\" \/>\n<meta property=\"og:type\" content=\"article\" \/>\n<meta property=\"og:title\" content=\"Resultados Daimler Truck 2025 -\" \/>\n<meta property=\"og:description\" content=\"En el segundo trimestre de 2025, Daimler Truck AG report\u00f3 resultados estables a pesar de la incertidumbre macroecon\u00f3mica...\" \/>\n<meta property=\"og:url\" content=\"https:\/\/autofans.com.ar\/index.php\/2025\/08\/01\/resultados-daimler-truck-2025\/\" \/>\n<meta property=\"article:published_time\" content=\"2025-08-01T17:19:15+00:00\" \/>\n<meta property=\"article:modified_time\" content=\"2025-08-01T17:21:01+00:00\" \/>\n<meta property=\"og:image\" content=\"https:\/\/autofans.com.ar\/wp-content\/uploads\/2025\/08\/mercedes-1.jpg\" \/>\n\t<meta property=\"og:image:width\" content=\"1000\" \/>\n\t<meta property=\"og:image:height\" content=\"667\" \/>\n\t<meta property=\"og:image:type\" content=\"image\/jpeg\" \/>\n<meta name=\"author\" content=\"Alejandro Gabriel Rosito\" \/>\n<meta name=\"twitter:card\" content=\"summary_large_image\" \/>\n<meta name=\"twitter:label1\" content=\"Escrito por\" \/>\n\t<meta name=\"twitter:data1\" content=\"Alejandro Gabriel Rosito\" \/>\n\t<meta name=\"twitter:label2\" content=\"Tiempo de lectura\" \/>\n\t<meta name=\"twitter:data2\" content=\"2 minutos\" \/>\n<script type=\"application\/ld+json\" class=\"yoast-schema-graph\">{\"@context\":\"https:\\\/\\\/schema.org\",\"@graph\":[{\"@type\":\"Article\",\"@id\":\"https:\\\/\\\/autofans.com.ar\\\/index.php\\\/2025\\\/08\\\/01\\\/resultados-daimler-truck-2025\\\/#article\",\"isPartOf\":{\"@id\":\"https:\\\/\\\/autofans.com.ar\\\/index.php\\\/2025\\\/08\\\/01\\\/resultados-daimler-truck-2025\\\/\"},\"author\":{\"name\":\"Alejandro Gabriel Rosito\",\"@id\":\"https:\\\/\\\/autofans.com.ar\\\/#\\\/schema\\\/person\\\/4a8dda0b6df83ac3d6723e921274c2aa\"},\"headline\":\"Resultados Daimler Truck 2025\",\"datePublished\":\"2025-08-01T17:19:15+00:00\",\"dateModified\":\"2025-08-01T17:21:01+00:00\",\"mainEntityOfPage\":{\"@id\":\"https:\\\/\\\/autofans.com.ar\\\/index.php\\\/2025\\\/08\\\/01\\\/resultados-daimler-truck-2025\\\/\"},\"wordCount\":478,\"image\":{\"@id\":\"https:\\\/\\\/autofans.com.ar\\\/index.php\\\/2025\\\/08\\\/01\\\/resultados-daimler-truck-2025\\\/#primaryimage\"},\"thumbnailUrl\":\"https:\\\/\\\/autofans.com.ar\\\/wp-content\\\/uploads\\\/2025\\\/08\\\/mercedes-1.jpg\",\"keywords\":[\"camiones el\u00e9ctricos\",\"Daimler Truck\",\"mercado norteamericano\",\"rentabilidad\",\"resultados financieros 2025\",\"Veh\u00edculos Comerciales\"],\"articleSection\":[\"AUTOFANS TV\",\"EMPRESAS\"],\"inLanguage\":\"es\"},{\"@type\":\"WebPage\",\"@id\":\"https:\\\/\\\/autofans.com.ar\\\/index.php\\\/2025\\\/08\\\/01\\\/resultados-daimler-truck-2025\\\/\",\"url\":\"https:\\\/\\\/autofans.com.ar\\\/index.php\\\/2025\\\/08\\\/01\\\/resultados-daimler-truck-2025\\\/\",\"name\":\"Resultados Daimler Truck 2025 -\",\"isPartOf\":{\"@id\":\"https:\\\/\\\/autofans.com.ar\\\/#website\"},\"primaryImageOfPage\":{\"@id\":\"https:\\\/\\\/autofans.com.ar\\\/index.php\\\/2025\\\/08\\\/01\\\/resultados-daimler-truck-2025\\\/#primaryimage\"},\"image\":{\"@id\":\"https:\\\/\\\/autofans.com.ar\\\/index.php\\\/2025\\\/08\\\/01\\\/resultados-daimler-truck-2025\\\/#primaryimage\"},\"thumbnailUrl\":\"https:\\\/\\\/autofans.com.ar\\\/wp-content\\\/uploads\\\/2025\\\/08\\\/mercedes-1.jpg\",\"datePublished\":\"2025-08-01T17:19:15+00:00\",\"dateModified\":\"2025-08-01T17:21:01+00:00\",\"author\":{\"@id\":\"https:\\\/\\\/autofans.com.ar\\\/#\\\/schema\\\/person\\\/4a8dda0b6df83ac3d6723e921274c2aa\"},\"description\":\"En el segundo trimestre de 2025, Daimler Truck AG report\u00f3 resultados estables a pesar de la incertidumbre macroecon\u00f3mica...\",\"breadcrumb\":{\"@id\":\"https:\\\/\\\/autofans.com.ar\\\/index.php\\\/2025\\\/08\\\/01\\\/resultados-daimler-truck-2025\\\/#breadcrumb\"},\"inLanguage\":\"es\",\"potentialAction\":[{\"@type\":\"ReadAction\",\"target\":[\"https:\\\/\\\/autofans.com.ar\\\/index.php\\\/2025\\\/08\\\/01\\\/resultados-daimler-truck-2025\\\/\"]}]},{\"@type\":\"ImageObject\",\"inLanguage\":\"es\",\"@id\":\"https:\\\/\\\/autofans.com.ar\\\/index.php\\\/2025\\\/08\\\/01\\\/resultados-daimler-truck-2025\\\/#primaryimage\",\"url\":\"https:\\\/\\\/autofans.com.ar\\\/wp-content\\\/uploads\\\/2025\\\/08\\\/mercedes-1.jpg\",\"contentUrl\":\"https:\\\/\\\/autofans.com.ar\\\/wp-content\\\/uploads\\\/2025\\\/08\\\/mercedes-1.jpg\",\"width\":1000,\"height\":667,\"caption\":\"Daimler Truck\"},{\"@type\":\"BreadcrumbList\",\"@id\":\"https:\\\/\\\/autofans.com.ar\\\/index.php\\\/2025\\\/08\\\/01\\\/resultados-daimler-truck-2025\\\/#breadcrumb\",\"itemListElement\":[{\"@type\":\"ListItem\",\"position\":1,\"name\":\"Inicio\",\"item\":\"https:\\\/\\\/autofans.com.ar\\\/\"},{\"@type\":\"ListItem\",\"position\":2,\"name\":\"Resultados Daimler Truck 2025\"}]},{\"@type\":\"WebSite\",\"@id\":\"https:\\\/\\\/autofans.com.ar\\\/#website\",\"url\":\"https:\\\/\\\/autofans.com.ar\\\/\",\"name\":\"\",\"description\":\"El multimedio referente de la industria automotriz\",\"potentialAction\":[{\"@type\":\"SearchAction\",\"target\":{\"@type\":\"EntryPoint\",\"urlTemplate\":\"https:\\\/\\\/autofans.com.ar\\\/?s={search_term_string}\"},\"query-input\":{\"@type\":\"PropertyValueSpecification\",\"valueRequired\":true,\"valueName\":\"search_term_string\"}}],\"inLanguage\":\"es\"},{\"@type\":\"Person\",\"@id\":\"https:\\\/\\\/autofans.com.ar\\\/#\\\/schema\\\/person\\\/4a8dda0b6df83ac3d6723e921274c2aa\",\"name\":\"Alejandro Gabriel Rosito\",\"image\":{\"@type\":\"ImageObject\",\"inLanguage\":\"es\",\"@id\":\"https:\\\/\\\/secure.gravatar.com\\\/avatar\\\/16c5dda1489adfc62618084dcbb91cffd879c374b13fe5dd8e44ed6733852c88?s=96&d=mm&r=g\",\"url\":\"https:\\\/\\\/secure.gravatar.com\\\/avatar\\\/16c5dda1489adfc62618084dcbb91cffd879c374b13fe5dd8e44ed6733852c88?s=96&d=mm&r=g\",\"contentUrl\":\"https:\\\/\\\/secure.gravatar.com\\\/avatar\\\/16c5dda1489adfc62618084dcbb91cffd879c374b13fe5dd8e44ed6733852c88?s=96&d=mm&r=g\",\"caption\":\"Alejandro Gabriel Rosito\"},\"url\":\"https:\\\/\\\/autofans.com.ar\\\/index.php\\\/author\\\/gabrielr\\\/\"}]}<\/script>\n<!-- \/ Yoast SEO plugin. -->","yoast_head_json":{"title":"Resultados Daimler Truck 2025 -","description":"En el segundo trimestre de 2025, Daimler Truck AG report\u00f3 resultados estables a pesar de la incertidumbre macroecon\u00f3mica...","robots":{"index":"index","follow":"follow","max-snippet":"max-snippet:-1","max-image-preview":"max-image-preview:large","max-video-preview":"max-video-preview:-1"},"canonical":"https:\/\/autofans.com.ar\/index.php\/2025\/08\/01\/resultados-daimler-truck-2025\/","og_locale":"es_ES","og_type":"article","og_title":"Resultados Daimler Truck 2025 -","og_description":"En el segundo trimestre de 2025, Daimler Truck AG report\u00f3 resultados estables a pesar de la incertidumbre macroecon\u00f3mica...","og_url":"https:\/\/autofans.com.ar\/index.php\/2025\/08\/01\/resultados-daimler-truck-2025\/","article_published_time":"2025-08-01T17:19:15+00:00","article_modified_time":"2025-08-01T17:21:01+00:00","og_image":[{"width":1000,"height":667,"url":"https:\/\/autofans.com.ar\/wp-content\/uploads\/2025\/08\/mercedes-1.jpg","type":"image\/jpeg"}],"author":"Alejandro Gabriel Rosito","twitter_card":"summary_large_image","twitter_misc":{"Escrito por":"Alejandro Gabriel Rosito","Tiempo de lectura":"2 minutos"},"schema":{"@context":"https:\/\/schema.org","@graph":[{"@type":"Article","@id":"https:\/\/autofans.com.ar\/index.php\/2025\/08\/01\/resultados-daimler-truck-2025\/#article","isPartOf":{"@id":"https:\/\/autofans.com.ar\/index.php\/2025\/08\/01\/resultados-daimler-truck-2025\/"},"author":{"name":"Alejandro Gabriel Rosito","@id":"https:\/\/autofans.com.ar\/#\/schema\/person\/4a8dda0b6df83ac3d6723e921274c2aa"},"headline":"Resultados Daimler Truck 2025","datePublished":"2025-08-01T17:19:15+00:00","dateModified":"2025-08-01T17:21:01+00:00","mainEntityOfPage":{"@id":"https:\/\/autofans.com.ar\/index.php\/2025\/08\/01\/resultados-daimler-truck-2025\/"},"wordCount":478,"image":{"@id":"https:\/\/autofans.com.ar\/index.php\/2025\/08\/01\/resultados-daimler-truck-2025\/#primaryimage"},"thumbnailUrl":"https:\/\/autofans.com.ar\/wp-content\/uploads\/2025\/08\/mercedes-1.jpg","keywords":["camiones el\u00e9ctricos","Daimler Truck","mercado norteamericano","rentabilidad","resultados financieros 2025","Veh\u00edculos Comerciales"],"articleSection":["AUTOFANS TV","EMPRESAS"],"inLanguage":"es"},{"@type":"WebPage","@id":"https:\/\/autofans.com.ar\/index.php\/2025\/08\/01\/resultados-daimler-truck-2025\/","url":"https:\/\/autofans.com.ar\/index.php\/2025\/08\/01\/resultados-daimler-truck-2025\/","name":"Resultados Daimler Truck 2025 -","isPartOf":{"@id":"https:\/\/autofans.com.ar\/#website"},"primaryImageOfPage":{"@id":"https:\/\/autofans.com.ar\/index.php\/2025\/08\/01\/resultados-daimler-truck-2025\/#primaryimage"},"image":{"@id":"https:\/\/autofans.com.ar\/index.php\/2025\/08\/01\/resultados-daimler-truck-2025\/#primaryimage"},"thumbnailUrl":"https:\/\/autofans.com.ar\/wp-content\/uploads\/2025\/08\/mercedes-1.jpg","datePublished":"2025-08-01T17:19:15+00:00","dateModified":"2025-08-01T17:21:01+00:00","author":{"@id":"https:\/\/autofans.com.ar\/#\/schema\/person\/4a8dda0b6df83ac3d6723e921274c2aa"},"description":"En el segundo trimestre de 2025, Daimler Truck AG report\u00f3 resultados estables a pesar de la incertidumbre macroecon\u00f3mica...","breadcrumb":{"@id":"https:\/\/autofans.com.ar\/index.php\/2025\/08\/01\/resultados-daimler-truck-2025\/#breadcrumb"},"inLanguage":"es","potentialAction":[{"@type":"ReadAction","target":["https:\/\/autofans.com.ar\/index.php\/2025\/08\/01\/resultados-daimler-truck-2025\/"]}]},{"@type":"ImageObject","inLanguage":"es","@id":"https:\/\/autofans.com.ar\/index.php\/2025\/08\/01\/resultados-daimler-truck-2025\/#primaryimage","url":"https:\/\/autofans.com.ar\/wp-content\/uploads\/2025\/08\/mercedes-1.jpg","contentUrl":"https:\/\/autofans.com.ar\/wp-content\/uploads\/2025\/08\/mercedes-1.jpg","width":1000,"height":667,"caption":"Daimler Truck"},{"@type":"BreadcrumbList","@id":"https:\/\/autofans.com.ar\/index.php\/2025\/08\/01\/resultados-daimler-truck-2025\/#breadcrumb","itemListElement":[{"@type":"ListItem","position":1,"name":"Inicio","item":"https:\/\/autofans.com.ar\/"},{"@type":"ListItem","position":2,"name":"Resultados Daimler Truck 2025"}]},{"@type":"WebSite","@id":"https:\/\/autofans.com.ar\/#website","url":"https:\/\/autofans.com.ar\/","name":"","description":"El multimedio referente de la industria automotriz","potentialAction":[{"@type":"SearchAction","target":{"@type":"EntryPoint","urlTemplate":"https:\/\/autofans.com.ar\/?s={search_term_string}"},"query-input":{"@type":"PropertyValueSpecification","valueRequired":true,"valueName":"search_term_string"}}],"inLanguage":"es"},{"@type":"Person","@id":"https:\/\/autofans.com.ar\/#\/schema\/person\/4a8dda0b6df83ac3d6723e921274c2aa","name":"Alejandro Gabriel Rosito","image":{"@type":"ImageObject","inLanguage":"es","@id":"https:\/\/secure.gravatar.com\/avatar\/16c5dda1489adfc62618084dcbb91cffd879c374b13fe5dd8e44ed6733852c88?s=96&d=mm&r=g","url":"https:\/\/secure.gravatar.com\/avatar\/16c5dda1489adfc62618084dcbb91cffd879c374b13fe5dd8e44ed6733852c88?s=96&d=mm&r=g","contentUrl":"https:\/\/secure.gravatar.com\/avatar\/16c5dda1489adfc62618084dcbb91cffd879c374b13fe5dd8e44ed6733852c88?s=96&d=mm&r=g","caption":"Alejandro Gabriel Rosito"},"url":"https:\/\/autofans.com.ar\/index.php\/author\/gabrielr\/"}]}},"featured_image_urls":{"full":["https:\/\/autofans.com.ar\/wp-content\/uploads\/2025\/08\/mercedes-1.jpg",1000,667,false],"thumbnail":["https:\/\/autofans.com.ar\/wp-content\/uploads\/2025\/08\/mercedes-1-150x150.jpg",150,150,true],"medium":["https:\/\/autofans.com.ar\/wp-content\/uploads\/2025\/08\/mercedes-1-300x200.jpg",300,200,true],"medium_large":["https:\/\/autofans.com.ar\/wp-content\/uploads\/2025\/08\/mercedes-1-768x512.jpg",640,427,true],"large":["https:\/\/autofans.com.ar\/wp-content\/uploads\/2025\/08\/mercedes-1.jpg",640,427,false],"1536x1536":["https:\/\/autofans.com.ar\/wp-content\/uploads\/2025\/08\/mercedes-1.jpg",1000,667,false],"2048x2048":["https:\/\/autofans.com.ar\/wp-content\/uploads\/2025\/08\/mercedes-1.jpg",1000,667,false],"covernews-featured":["https:\/\/autofans.com.ar\/wp-content\/uploads\/2025\/08\/mercedes-1.jpg",1000,667,false],"covernews-medium":["https:\/\/autofans.com.ar\/wp-content\/uploads\/2025\/08\/mercedes-1-540x340.jpg",540,340,true]},"author_info":{"display_name":"Alejandro Gabriel Rosito","author_link":"https:\/\/autofans.com.ar\/index.php\/author\/gabrielr\/"},"category_info":"<a href=\"https:\/\/autofans.com.ar\/index.php\/category\/autofans-tv\/\" rel=\"category tag\">AUTOFANS TV<\/a> <a href=\"https:\/\/autofans.com.ar\/index.php\/category\/noticias\/empresas\/\" rel=\"category tag\">EMPRESAS<\/a>","tag_info":"EMPRESAS","comment_count":0,"_links":{"self":[{"href":"https:\/\/autofans.com.ar\/index.php\/wp-json\/wp\/v2\/posts\/13531","targetHints":{"allow":["GET"]}}],"collection":[{"href":"https:\/\/autofans.com.ar\/index.php\/wp-json\/wp\/v2\/posts"}],"about":[{"href":"https:\/\/autofans.com.ar\/index.php\/wp-json\/wp\/v2\/types\/post"}],"author":[{"embeddable":true,"href":"https:\/\/autofans.com.ar\/index.php\/wp-json\/wp\/v2\/users\/2"}],"replies":[{"embeddable":true,"href":"https:\/\/autofans.com.ar\/index.php\/wp-json\/wp\/v2\/comments?post=13531"}],"version-history":[{"count":5,"href":"https:\/\/autofans.com.ar\/index.php\/wp-json\/wp\/v2\/posts\/13531\/revisions"}],"predecessor-version":[{"id":13538,"href":"https:\/\/autofans.com.ar\/index.php\/wp-json\/wp\/v2\/posts\/13531\/revisions\/13538"}],"wp:featuredmedia":[{"embeddable":true,"href":"https:\/\/autofans.com.ar\/index.php\/wp-json\/wp\/v2\/media\/13533"}],"wp:attachment":[{"href":"https:\/\/autofans.com.ar\/index.php\/wp-json\/wp\/v2\/media?parent=13531"}],"wp:term":[{"taxonomy":"category","embeddable":true,"href":"https:\/\/autofans.com.ar\/index.php\/wp-json\/wp\/v2\/categories?post=13531"},{"taxonomy":"post_tag","embeddable":true,"href":"https:\/\/autofans.com.ar\/index.php\/wp-json\/wp\/v2\/tags?post=13531"}],"curies":[{"name":"wp","href":"https:\/\/api.w.org\/{rel}","templated":true}]}}