{"id":13598,"date":"2025-08-06T20:30:56","date_gmt":"2025-08-06T23:30:56","guid":{"rendered":"https:\/\/autofans.com.ar\/?p=13598"},"modified":"2025-08-06T20:30:56","modified_gmt":"2025-08-06T23:30:56","slug":"nissan-lanza-en-argentina-el-sentra-nightfall","status":"publish","type":"post","link":"https:\/\/autofans.com.ar\/index.php\/2025\/08\/06\/nissan-lanza-en-argentina-el-sentra-nightfall\/","title":{"rendered":"Nissan lanza en Argentina el Sentra Nightfall"},"content":{"rendered":"<p class=\"ds-markdown-paragraph\">Con m\u00e1s de 50 a\u00f1os de historia en Am\u00e9rica Latina, el Nissan Sentra reafirma su posici\u00f3n como un referente entre los sedanes medianos. Ahora, Nissan Argentina lanza una edici\u00f3n especial que combina dise\u00f1o vanguardista y personalizaci\u00f3n: el Sentra SR Nightfall, una propuesta que destaca por su est\u00e9tica total black y su equipamiento tecnol\u00f3gico.<\/p>\n<p>&nbsp;<\/p>\n<h2>Nissan &#8211; dise\u00f1o impactante en negro absoluto<\/h2>\n<p>&nbsp;<\/p>\n<div id='gallery-1' class='gallery galleryid-13598 gallery-columns-2 gallery-size-full'><figure class='gallery-item'>\n\t\t\t<div class='gallery-icon landscape'>\n\t\t\t\t<a href='https:\/\/autofans.com.ar\/index.php\/2025\/08\/06\/nissan-lanza-en-argentina-el-sentra-nightfall\/nissan-2-61\/'><img loading=\"lazy\" width=\"1000\" height=\"667\" src=\"https:\/\/autofans.com.ar\/wp-content\/uploads\/2025\/08\/nissan-2-1.jpg\" class=\"attachment-full size-full\" alt=\"Nissan\" srcset=\"https:\/\/autofans.com.ar\/wp-content\/uploads\/2025\/08\/nissan-2-1.jpg 1000w, https:\/\/autofans.com.ar\/wp-content\/uploads\/2025\/08\/nissan-2-1-300x200.jpg 300w, https:\/\/autofans.com.ar\/wp-content\/uploads\/2025\/08\/nissan-2-1-768x512.jpg 768w\" sizes=\"auto, (max-width: 1000px) 100vw, 1000px\" loading=\"lazy\" decoding=\"async\" \/><\/a>\n\t\t\t<\/div><\/figure><figure class='gallery-item'>\n\t\t\t<div class='gallery-icon landscape'>\n\t\t\t\t<a href='https:\/\/autofans.com.ar\/index.php\/2025\/08\/06\/nissan-lanza-en-argentina-el-sentra-nightfall\/nissan-1-62\/'><img loading=\"lazy\" width=\"1000\" height=\"667\" src=\"https:\/\/autofans.com.ar\/wp-content\/uploads\/2025\/08\/nissan-1-1.jpg\" class=\"attachment-full size-full\" alt=\"Nissan\" srcset=\"https:\/\/autofans.com.ar\/wp-content\/uploads\/2025\/08\/nissan-1-1.jpg 1000w, https:\/\/autofans.com.ar\/wp-content\/uploads\/2025\/08\/nissan-1-1-300x200.jpg 300w, https:\/\/autofans.com.ar\/wp-content\/uploads\/2025\/08\/nissan-1-1-768x512.jpg 768w\" sizes=\"auto, (max-width: 1000px) 100vw, 1000px\" loading=\"lazy\" decoding=\"async\" \/><\/a>\n\t\t\t<\/div><\/figure>\n\t\t<\/div>\n\n<p>&nbsp;<\/p>\n<p class=\"ds-markdown-paragraph\">El Sentra SR Nightfall se distingue por su estilo oscuro y detalles premium, que incluyen:<\/p>\n<ul>\n<li>\n<p class=\"ds-markdown-paragraph\">Carrocer\u00eda en negro (color exclusivo Nightfall).<\/p>\n<\/li>\n<li>\n<p class=\"ds-markdown-paragraph\">Parrilla V-Motion con terminaciones negras.<\/p>\n<\/li>\n<li>\n<p class=\"ds-markdown-paragraph\">Llantas deportivas de 18&#8243; en negro.<\/p>\n<\/li>\n<li>\n<p class=\"ds-markdown-paragraph\">Badges, spoiler y z\u00f3calos en tonalidad oscura.<\/p>\n<\/li>\n<\/ul>\n<p class=\"ds-markdown-paragraph\">Esta edici\u00f3n especial mantiene los atributos clave del Sentra: confort, tecnolog\u00eda y eficiencia, pero con un enfoque m\u00e1s audaz y urbano.<\/p>\n<p class=\"ds-markdown-paragraph\">El modelo tiene un precio sugerido de $44.567.900 (vigente durante julio).<\/p>\n<p>&nbsp;<\/p>\n<h2>Un sed\u00e1n ic\u00f3nico que se renueva<\/h2>\n<p>&nbsp;<\/p>\n<p><img fetchpriority=\"high\" decoding=\"async\" class=\"aligncenter wp-image-13602 size-full\" src=\"https:\/\/autofans.com.ar\/wp-content\/uploads\/2025\/08\/nissan-4.jpg\" alt=\"Nissan\" width=\"1000\" height=\"667\" srcset=\"https:\/\/autofans.com.ar\/wp-content\/uploads\/2025\/08\/nissan-4.jpg 1000w, https:\/\/autofans.com.ar\/wp-content\/uploads\/2025\/08\/nissan-4-300x200.jpg 300w, https:\/\/autofans.com.ar\/wp-content\/uploads\/2025\/08\/nissan-4-768x512.jpg 768w\" sizes=\"(max-width: 1000px) 100vw, 1000px\" \/><\/p>\n<p>&nbsp;<\/p>\n<p class=\"ds-markdown-paragraph\">El lanzamiento del Nightfall refleja la demanda de los consumidores latinoamericanos por veh\u00edculos con dise\u00f1o emocional y personalizaci\u00f3n. Nissan refuerza as\u00ed su compromiso con la innovaci\u00f3n y la evoluci\u00f3n de su gama, manteniendo el ADN del Sentra: confiabilidad, versatilidad y alto valor de marca.<\/p>\n<p class=\"ds-markdown-paragraph\">Con m\u00e1s de 50 a\u00f1os en la regi\u00f3n, el Sentra sigue siendo un l\u00edder en su segmento, y esta nueva variante consolida su legado con un estilo distintivo y tecnolog\u00eda avanzada.<\/p>\n<p>&nbsp;<\/p>\n<p>&nbsp;<\/p>\n<p>&nbsp;<\/p>\n<p><i>Para enterarte de m\u00e1s novedades, no dejes de leer\u00a0<\/i><a href=\"https:\/\/autofans.thebrandsoup.com\/\"><i>nuestras notas<\/i><\/a><i>, de ver\u00a0<\/i><a href=\"https:\/\/www.youtube.com\/channel\/UCgAC8UGHZYbT6P7PpmVnP7g\"><i>AUTOFANS TV<\/i><\/a><i>\u00a0en nuestro\u00a0canal de Youtube. Adem\u00e1s seguinos en\u00a0<\/i><a href=\"https:\/\/www.instagram.com\/autofanstv\/\"><i>INSTAGRAM<\/i><\/a><i> y <\/i><a href=\"https:\/\/www.facebook.com\/autofansmas\/\"><i>FACEBOOK<\/i><\/a><i> para no perderte nada sobre las novedades del segmento automotor de Argentina y el mundo.<\/i><\/p>\n","protected":false},"excerpt":{"rendered":"<p>Con m\u00e1s de 50 a\u00f1os de historia en Am\u00e9rica Latina, el Nissan Sentra reafirma su&#8230;<\/p>\n","protected":false},"author":2,"featured_media":13603,"comment_status":"closed","ping_status":"closed","sticky":false,"template":"","format":"standard","meta":{"footnotes":""},"categories":[3,1],"tags":[7127,7129,7125,7124,7128,7126],"class_list":["post-13598","post","type-post","status-publish","format-standard","has-post-thumbnail","hentry","category-autos","category-lanzamientos","tag-autos-sedan-negro","tag-lanzamiento-de-autos-2025","tag-nissan-argentina-2025","tag-nissan-sentra-nightfall","tag-nissan-sentra-precio","tag-sentra-sr-edicion-limitada"],"yoast_head":"<!-- This site is optimized with the Yoast SEO plugin v27.5 - https:\/\/yoast.com\/product\/yoast-seo-wordpress\/ -->\n<title>Nissan lanza en Argentina el Sentra Nightfall -<\/title>\n<meta name=\"description\" content=\"Con m\u00e1s de 50 a\u00f1os de historia en Am\u00e9rica Latina, el Nissan Sentra reafirma su posici\u00f3n como un referente entre los sedanes medianos...\" \/>\n<meta name=\"robots\" content=\"index, follow, max-snippet:-1, max-image-preview:large, max-video-preview:-1\" \/>\n<link rel=\"canonical\" href=\"https:\/\/autofans.com.ar\/index.php\/2025\/08\/06\/nissan-lanza-en-argentina-el-sentra-nightfall\/\" \/>\n<meta property=\"og:locale\" content=\"es_ES\" \/>\n<meta property=\"og:type\" content=\"article\" \/>\n<meta property=\"og:title\" content=\"Nissan lanza en Argentina el Sentra Nightfall -\" \/>\n<meta property=\"og:description\" content=\"Con m\u00e1s de 50 a\u00f1os de historia en Am\u00e9rica Latina, el Nissan Sentra reafirma su posici\u00f3n como un referente entre los sedanes medianos...\" \/>\n<meta property=\"og:url\" content=\"https:\/\/autofans.com.ar\/index.php\/2025\/08\/06\/nissan-lanza-en-argentina-el-sentra-nightfall\/\" \/>\n<meta property=\"article:published_time\" content=\"2025-08-06T23:30:56+00:00\" \/>\n<meta property=\"og:image\" content=\"https:\/\/autofans.com.ar\/wp-content\/uploads\/2025\/08\/nissan-3-1.jpg\" \/>\n\t<meta property=\"og:image:width\" content=\"1000\" \/>\n\t<meta property=\"og:image:height\" content=\"667\" \/>\n\t<meta property=\"og:image:type\" content=\"image\/jpeg\" \/>\n<meta name=\"author\" content=\"Alejandro Gabriel Rosito\" \/>\n<meta name=\"twitter:card\" content=\"summary_large_image\" \/>\n<meta name=\"twitter:label1\" content=\"Escrito por\" \/>\n\t<meta name=\"twitter:data1\" content=\"Alejandro Gabriel Rosito\" \/>\n\t<meta name=\"twitter:label2\" content=\"Tiempo de lectura\" \/>\n\t<meta name=\"twitter:data2\" content=\"2 minutos\" \/>\n<script type=\"application\/ld+json\" class=\"yoast-schema-graph\">{\"@context\":\"https:\\\/\\\/schema.org\",\"@graph\":[{\"@type\":\"Article\",\"@id\":\"https:\\\/\\\/autofans.com.ar\\\/index.php\\\/2025\\\/08\\\/06\\\/nissan-lanza-en-argentina-el-sentra-nightfall\\\/#article\",\"isPartOf\":{\"@id\":\"https:\\\/\\\/autofans.com.ar\\\/index.php\\\/2025\\\/08\\\/06\\\/nissan-lanza-en-argentina-el-sentra-nightfall\\\/\"},\"author\":{\"name\":\"Alejandro Gabriel Rosito\",\"@id\":\"https:\\\/\\\/autofans.com.ar\\\/#\\\/schema\\\/person\\\/4a8dda0b6df83ac3d6723e921274c2aa\"},\"headline\":\"Nissan lanza en Argentina el Sentra Nightfall\",\"datePublished\":\"2025-08-06T23:30:56+00:00\",\"mainEntityOfPage\":{\"@id\":\"https:\\\/\\\/autofans.com.ar\\\/index.php\\\/2025\\\/08\\\/06\\\/nissan-lanza-en-argentina-el-sentra-nightfall\\\/\"},\"wordCount\":299,\"image\":{\"@id\":\"https:\\\/\\\/autofans.com.ar\\\/index.php\\\/2025\\\/08\\\/06\\\/nissan-lanza-en-argentina-el-sentra-nightfall\\\/#primaryimage\"},\"thumbnailUrl\":\"https:\\\/\\\/autofans.com.ar\\\/wp-content\\\/uploads\\\/2025\\\/08\\\/nissan-3-1.jpg\",\"keywords\":[\"autos sed\u00e1n negro\",\"lanzamiento de autos 2025\",\"Nissan Argentina 2025\",\"Nissan Sentra Nightfall\",\"Nissan Sentra precio\",\"Sentra SR edici\u00f3n limitada\"],\"articleSection\":[\"AUTOS y SUV\",\"LANZAMIENTOS\"],\"inLanguage\":\"es\"},{\"@type\":\"WebPage\",\"@id\":\"https:\\\/\\\/autofans.com.ar\\\/index.php\\\/2025\\\/08\\\/06\\\/nissan-lanza-en-argentina-el-sentra-nightfall\\\/\",\"url\":\"https:\\\/\\\/autofans.com.ar\\\/index.php\\\/2025\\\/08\\\/06\\\/nissan-lanza-en-argentina-el-sentra-nightfall\\\/\",\"name\":\"Nissan lanza en Argentina el Sentra Nightfall -\",\"isPartOf\":{\"@id\":\"https:\\\/\\\/autofans.com.ar\\\/#website\"},\"primaryImageOfPage\":{\"@id\":\"https:\\\/\\\/autofans.com.ar\\\/index.php\\\/2025\\\/08\\\/06\\\/nissan-lanza-en-argentina-el-sentra-nightfall\\\/#primaryimage\"},\"image\":{\"@id\":\"https:\\\/\\\/autofans.com.ar\\\/index.php\\\/2025\\\/08\\\/06\\\/nissan-lanza-en-argentina-el-sentra-nightfall\\\/#primaryimage\"},\"thumbnailUrl\":\"https:\\\/\\\/autofans.com.ar\\\/wp-content\\\/uploads\\\/2025\\\/08\\\/nissan-3-1.jpg\",\"datePublished\":\"2025-08-06T23:30:56+00:00\",\"author\":{\"@id\":\"https:\\\/\\\/autofans.com.ar\\\/#\\\/schema\\\/person\\\/4a8dda0b6df83ac3d6723e921274c2aa\"},\"description\":\"Con m\u00e1s de 50 a\u00f1os de historia en Am\u00e9rica Latina, el Nissan Sentra reafirma su posici\u00f3n como un referente entre los sedanes medianos...\",\"breadcrumb\":{\"@id\":\"https:\\\/\\\/autofans.com.ar\\\/index.php\\\/2025\\\/08\\\/06\\\/nissan-lanza-en-argentina-el-sentra-nightfall\\\/#breadcrumb\"},\"inLanguage\":\"es\",\"potentialAction\":[{\"@type\":\"ReadAction\",\"target\":[\"https:\\\/\\\/autofans.com.ar\\\/index.php\\\/2025\\\/08\\\/06\\\/nissan-lanza-en-argentina-el-sentra-nightfall\\\/\"]}]},{\"@type\":\"ImageObject\",\"inLanguage\":\"es\",\"@id\":\"https:\\\/\\\/autofans.com.ar\\\/index.php\\\/2025\\\/08\\\/06\\\/nissan-lanza-en-argentina-el-sentra-nightfall\\\/#primaryimage\",\"url\":\"https:\\\/\\\/autofans.com.ar\\\/wp-content\\\/uploads\\\/2025\\\/08\\\/nissan-3-1.jpg\",\"contentUrl\":\"https:\\\/\\\/autofans.com.ar\\\/wp-content\\\/uploads\\\/2025\\\/08\\\/nissan-3-1.jpg\",\"width\":1000,\"height\":667,\"caption\":\"Nissan\"},{\"@type\":\"BreadcrumbList\",\"@id\":\"https:\\\/\\\/autofans.com.ar\\\/index.php\\\/2025\\\/08\\\/06\\\/nissan-lanza-en-argentina-el-sentra-nightfall\\\/#breadcrumb\",\"itemListElement\":[{\"@type\":\"ListItem\",\"position\":1,\"name\":\"Inicio\",\"item\":\"https:\\\/\\\/autofans.com.ar\\\/\"},{\"@type\":\"ListItem\",\"position\":2,\"name\":\"Nissan lanza en Argentina el Sentra Nightfall\"}]},{\"@type\":\"WebSite\",\"@id\":\"https:\\\/\\\/autofans.com.ar\\\/#website\",\"url\":\"https:\\\/\\\/autofans.com.ar\\\/\",\"name\":\"\",\"description\":\"El multimedio referente de la industria automotriz\",\"potentialAction\":[{\"@type\":\"SearchAction\",\"target\":{\"@type\":\"EntryPoint\",\"urlTemplate\":\"https:\\\/\\\/autofans.com.ar\\\/?s={search_term_string}\"},\"query-input\":{\"@type\":\"PropertyValueSpecification\",\"valueRequired\":true,\"valueName\":\"search_term_string\"}}],\"inLanguage\":\"es\"},{\"@type\":\"Person\",\"@id\":\"https:\\\/\\\/autofans.com.ar\\\/#\\\/schema\\\/person\\\/4a8dda0b6df83ac3d6723e921274c2aa\",\"name\":\"Alejandro Gabriel Rosito\",\"image\":{\"@type\":\"ImageObject\",\"inLanguage\":\"es\",\"@id\":\"https:\\\/\\\/secure.gravatar.com\\\/avatar\\\/16c5dda1489adfc62618084dcbb91cffd879c374b13fe5dd8e44ed6733852c88?s=96&d=mm&r=g\",\"url\":\"https:\\\/\\\/secure.gravatar.com\\\/avatar\\\/16c5dda1489adfc62618084dcbb91cffd879c374b13fe5dd8e44ed6733852c88?s=96&d=mm&r=g\",\"contentUrl\":\"https:\\\/\\\/secure.gravatar.com\\\/avatar\\\/16c5dda1489adfc62618084dcbb91cffd879c374b13fe5dd8e44ed6733852c88?s=96&d=mm&r=g\",\"caption\":\"Alejandro Gabriel Rosito\"},\"url\":\"https:\\\/\\\/autofans.com.ar\\\/index.php\\\/author\\\/gabrielr\\\/\"}]}<\/script>\n<!-- \/ Yoast SEO plugin. -->","yoast_head_json":{"title":"Nissan lanza en Argentina el Sentra Nightfall -","description":"Con m\u00e1s de 50 a\u00f1os de historia en Am\u00e9rica Latina, el Nissan Sentra reafirma su posici\u00f3n como un referente entre los sedanes medianos...","robots":{"index":"index","follow":"follow","max-snippet":"max-snippet:-1","max-image-preview":"max-image-preview:large","max-video-preview":"max-video-preview:-1"},"canonical":"https:\/\/autofans.com.ar\/index.php\/2025\/08\/06\/nissan-lanza-en-argentina-el-sentra-nightfall\/","og_locale":"es_ES","og_type":"article","og_title":"Nissan lanza en Argentina el Sentra Nightfall -","og_description":"Con m\u00e1s de 50 a\u00f1os de historia en Am\u00e9rica Latina, el Nissan Sentra reafirma su posici\u00f3n como un referente entre los sedanes medianos...","og_url":"https:\/\/autofans.com.ar\/index.php\/2025\/08\/06\/nissan-lanza-en-argentina-el-sentra-nightfall\/","article_published_time":"2025-08-06T23:30:56+00:00","og_image":[{"width":1000,"height":667,"url":"https:\/\/autofans.com.ar\/wp-content\/uploads\/2025\/08\/nissan-3-1.jpg","type":"image\/jpeg"}],"author":"Alejandro Gabriel Rosito","twitter_card":"summary_large_image","twitter_misc":{"Escrito por":"Alejandro Gabriel Rosito","Tiempo de lectura":"2 minutos"},"schema":{"@context":"https:\/\/schema.org","@graph":[{"@type":"Article","@id":"https:\/\/autofans.com.ar\/index.php\/2025\/08\/06\/nissan-lanza-en-argentina-el-sentra-nightfall\/#article","isPartOf":{"@id":"https:\/\/autofans.com.ar\/index.php\/2025\/08\/06\/nissan-lanza-en-argentina-el-sentra-nightfall\/"},"author":{"name":"Alejandro Gabriel Rosito","@id":"https:\/\/autofans.com.ar\/#\/schema\/person\/4a8dda0b6df83ac3d6723e921274c2aa"},"headline":"Nissan lanza en Argentina el Sentra Nightfall","datePublished":"2025-08-06T23:30:56+00:00","mainEntityOfPage":{"@id":"https:\/\/autofans.com.ar\/index.php\/2025\/08\/06\/nissan-lanza-en-argentina-el-sentra-nightfall\/"},"wordCount":299,"image":{"@id":"https:\/\/autofans.com.ar\/index.php\/2025\/08\/06\/nissan-lanza-en-argentina-el-sentra-nightfall\/#primaryimage"},"thumbnailUrl":"https:\/\/autofans.com.ar\/wp-content\/uploads\/2025\/08\/nissan-3-1.jpg","keywords":["autos sed\u00e1n negro","lanzamiento de autos 2025","Nissan Argentina 2025","Nissan Sentra Nightfall","Nissan Sentra precio","Sentra SR edici\u00f3n limitada"],"articleSection":["AUTOS y SUV","LANZAMIENTOS"],"inLanguage":"es"},{"@type":"WebPage","@id":"https:\/\/autofans.com.ar\/index.php\/2025\/08\/06\/nissan-lanza-en-argentina-el-sentra-nightfall\/","url":"https:\/\/autofans.com.ar\/index.php\/2025\/08\/06\/nissan-lanza-en-argentina-el-sentra-nightfall\/","name":"Nissan lanza en Argentina el Sentra Nightfall -","isPartOf":{"@id":"https:\/\/autofans.com.ar\/#website"},"primaryImageOfPage":{"@id":"https:\/\/autofans.com.ar\/index.php\/2025\/08\/06\/nissan-lanza-en-argentina-el-sentra-nightfall\/#primaryimage"},"image":{"@id":"https:\/\/autofans.com.ar\/index.php\/2025\/08\/06\/nissan-lanza-en-argentina-el-sentra-nightfall\/#primaryimage"},"thumbnailUrl":"https:\/\/autofans.com.ar\/wp-content\/uploads\/2025\/08\/nissan-3-1.jpg","datePublished":"2025-08-06T23:30:56+00:00","author":{"@id":"https:\/\/autofans.com.ar\/#\/schema\/person\/4a8dda0b6df83ac3d6723e921274c2aa"},"description":"Con m\u00e1s de 50 a\u00f1os de historia en Am\u00e9rica Latina, el Nissan Sentra reafirma su posici\u00f3n como un referente entre los sedanes medianos...","breadcrumb":{"@id":"https:\/\/autofans.com.ar\/index.php\/2025\/08\/06\/nissan-lanza-en-argentina-el-sentra-nightfall\/#breadcrumb"},"inLanguage":"es","potentialAction":[{"@type":"ReadAction","target":["https:\/\/autofans.com.ar\/index.php\/2025\/08\/06\/nissan-lanza-en-argentina-el-sentra-nightfall\/"]}]},{"@type":"ImageObject","inLanguage":"es","@id":"https:\/\/autofans.com.ar\/index.php\/2025\/08\/06\/nissan-lanza-en-argentina-el-sentra-nightfall\/#primaryimage","url":"https:\/\/autofans.com.ar\/wp-content\/uploads\/2025\/08\/nissan-3-1.jpg","contentUrl":"https:\/\/autofans.com.ar\/wp-content\/uploads\/2025\/08\/nissan-3-1.jpg","width":1000,"height":667,"caption":"Nissan"},{"@type":"BreadcrumbList","@id":"https:\/\/autofans.com.ar\/index.php\/2025\/08\/06\/nissan-lanza-en-argentina-el-sentra-nightfall\/#breadcrumb","itemListElement":[{"@type":"ListItem","position":1,"name":"Inicio","item":"https:\/\/autofans.com.ar\/"},{"@type":"ListItem","position":2,"name":"Nissan lanza en Argentina el Sentra Nightfall"}]},{"@type":"WebSite","@id":"https:\/\/autofans.com.ar\/#website","url":"https:\/\/autofans.com.ar\/","name":"","description":"El multimedio referente de la industria automotriz","potentialAction":[{"@type":"SearchAction","target":{"@type":"EntryPoint","urlTemplate":"https:\/\/autofans.com.ar\/?s={search_term_string}"},"query-input":{"@type":"PropertyValueSpecification","valueRequired":true,"valueName":"search_term_string"}}],"inLanguage":"es"},{"@type":"Person","@id":"https:\/\/autofans.com.ar\/#\/schema\/person\/4a8dda0b6df83ac3d6723e921274c2aa","name":"Alejandro Gabriel Rosito","image":{"@type":"ImageObject","inLanguage":"es","@id":"https:\/\/secure.gravatar.com\/avatar\/16c5dda1489adfc62618084dcbb91cffd879c374b13fe5dd8e44ed6733852c88?s=96&d=mm&r=g","url":"https:\/\/secure.gravatar.com\/avatar\/16c5dda1489adfc62618084dcbb91cffd879c374b13fe5dd8e44ed6733852c88?s=96&d=mm&r=g","contentUrl":"https:\/\/secure.gravatar.com\/avatar\/16c5dda1489adfc62618084dcbb91cffd879c374b13fe5dd8e44ed6733852c88?s=96&d=mm&r=g","caption":"Alejandro Gabriel Rosito"},"url":"https:\/\/autofans.com.ar\/index.php\/author\/gabrielr\/"}]}},"featured_image_urls":{"full":["https:\/\/autofans.com.ar\/wp-content\/uploads\/2025\/08\/nissan-3-1.jpg",1000,667,false],"thumbnail":["https:\/\/autofans.com.ar\/wp-content\/uploads\/2025\/08\/nissan-3-1-150x150.jpg",150,150,true],"medium":["https:\/\/autofans.com.ar\/wp-content\/uploads\/2025\/08\/nissan-3-1-300x200.jpg",300,200,true],"medium_large":["https:\/\/autofans.com.ar\/wp-content\/uploads\/2025\/08\/nissan-3-1-768x512.jpg",640,427,true],"large":["https:\/\/autofans.com.ar\/wp-content\/uploads\/2025\/08\/nissan-3-1.jpg",640,427,false],"1536x1536":["https:\/\/autofans.com.ar\/wp-content\/uploads\/2025\/08\/nissan-3-1.jpg",1000,667,false],"2048x2048":["https:\/\/autofans.com.ar\/wp-content\/uploads\/2025\/08\/nissan-3-1.jpg",1000,667,false],"covernews-featured":["https:\/\/autofans.com.ar\/wp-content\/uploads\/2025\/08\/nissan-3-1.jpg",1000,667,false],"covernews-medium":["https:\/\/autofans.com.ar\/wp-content\/uploads\/2025\/08\/nissan-3-1-540x340.jpg",540,340,true]},"author_info":{"display_name":"Alejandro Gabriel Rosito","author_link":"https:\/\/autofans.com.ar\/index.php\/author\/gabrielr\/"},"category_info":"<a href=\"https:\/\/autofans.com.ar\/index.php\/category\/noticias\/autos\/\" rel=\"category tag\">AUTOS y SUV<\/a> <a href=\"https:\/\/autofans.com.ar\/index.php\/category\/lanzamientos\/\" rel=\"category tag\">LANZAMIENTOS<\/a>","tag_info":"LANZAMIENTOS","comment_count":0,"_links":{"self":[{"href":"https:\/\/autofans.com.ar\/index.php\/wp-json\/wp\/v2\/posts\/13598","targetHints":{"allow":["GET"]}}],"collection":[{"href":"https:\/\/autofans.com.ar\/index.php\/wp-json\/wp\/v2\/posts"}],"about":[{"href":"https:\/\/autofans.com.ar\/index.php\/wp-json\/wp\/v2\/types\/post"}],"author":[{"embeddable":true,"href":"https:\/\/autofans.com.ar\/index.php\/wp-json\/wp\/v2\/users\/2"}],"replies":[{"embeddable":true,"href":"https:\/\/autofans.com.ar\/index.php\/wp-json\/wp\/v2\/comments?post=13598"}],"version-history":[{"count":1,"href":"https:\/\/autofans.com.ar\/index.php\/wp-json\/wp\/v2\/posts\/13598\/revisions"}],"predecessor-version":[{"id":13606,"href":"https:\/\/autofans.com.ar\/index.php\/wp-json\/wp\/v2\/posts\/13598\/revisions\/13606"}],"wp:featuredmedia":[{"embeddable":true,"href":"https:\/\/autofans.com.ar\/index.php\/wp-json\/wp\/v2\/media\/13603"}],"wp:attachment":[{"href":"https:\/\/autofans.com.ar\/index.php\/wp-json\/wp\/v2\/media?parent=13598"}],"wp:term":[{"taxonomy":"category","embeddable":true,"href":"https:\/\/autofans.com.ar\/index.php\/wp-json\/wp\/v2\/categories?post=13598"},{"taxonomy":"post_tag","embeddable":true,"href":"https:\/\/autofans.com.ar\/index.php\/wp-json\/wp\/v2\/tags?post=13598"}],"curies":[{"name":"wp","href":"https:\/\/api.w.org\/{rel}","templated":true}]}}