{"id":13631,"date":"2025-08-08T21:26:03","date_gmt":"2025-08-09T00:26:03","guid":{"rendered":"https:\/\/autofans.com.ar\/?p=13631"},"modified":"2025-08-08T21:26:03","modified_gmt":"2025-08-09T00:26:03","slug":"mercedes-benz-en-aapresid-2025","status":"publish","type":"post","link":"https:\/\/autofans.com.ar\/index.php\/2025\/08\/08\/mercedes-benz-en-aapresid-2025\/","title":{"rendered":"Mercedes-Benz en AAPRESID 2025"},"content":{"rendered":"<p class=\"ds-markdown-paragraph\">Del 6 al 8 de agosto, Mercedes-Benz Camiones y Buses participa en AAPRESID 2025, el congreso l\u00edder del agro argentino, en La Rural (CABA). En su stand, exhibe dos modelos clave para el sector: el Atego 1932 LS\/36 y el Actros 2545 LS\/33, acompa\u00f1ados de asesoramiento experto y soluciones financieras personalizadas.<\/p>\n<p>&nbsp;<\/p>\n<blockquote>\n<p style=\"text-align: center;\">Estar presentes en AAPRESID nos permite acercarnos a los actores del negocio del campo y exhibir la nueva generaci\u00f3n de camiones Mercedes-Benz, equipados con la m\u00e1s alta tecnolog\u00eda y soluciones a medida. Cerramos un semestre como l\u00edderes del mercado de camiones, en un contexto que muestra se\u00f1ales de reactivaci\u00f3n. Con la nueva generaci\u00f3n de camiones y asesoramiento experto de nuestra red comercial, acompa\u00f1amos quienes impulsan el crecimiento de la econom\u00eda y el desarrollo del campo. El Atego 1932 LS\/36 y el Actros 2545 LS\/33 son hoy los camiones que presentamos que brindan la eficiencia, seguridad y calidad que distingue nuestros productos\u201d, expres\u00f3 Juan Pablo Biau, Gerente de Ventas de Mercedes-Benz Camiones.<\/p>\n<\/blockquote>\n<p>&nbsp;<\/p>\n<h2>Atego 1932 LS\/36 &#8211; eficiencia y versatilidad<\/h2>\n<p>&nbsp;<\/p>\n<p><img fetchpriority=\"high\" decoding=\"async\" class=\"aligncenter wp-image-13634 size-full\" src=\"https:\/\/autofans.com.ar\/wp-content\/uploads\/2025\/08\/mercedes-5.jpg\" alt=\"Mercedes-Benz\" width=\"1000\" height=\"667\" srcset=\"https:\/\/autofans.com.ar\/wp-content\/uploads\/2025\/08\/mercedes-5.jpg 1000w, https:\/\/autofans.com.ar\/wp-content\/uploads\/2025\/08\/mercedes-5-300x200.jpg 300w, https:\/\/autofans.com.ar\/wp-content\/uploads\/2025\/08\/mercedes-5-768x512.jpg 768w\" sizes=\"(max-width: 1000px) 100vw, 1000px\" \/><\/p>\n<p>&nbsp;<\/p>\n<p class=\"ds-markdown-paragraph\">Parte de la Nueva Generaci\u00f3n de Mercedes-Benz, este cami\u00f3n destaca por:<\/p>\n<ul>\n<li>\n<p class=\"ds-markdown-paragraph\">Motor MB OM 926 LA BlueTec 5 (326 CV).<\/p>\n<\/li>\n<li>\n<p class=\"ds-markdown-paragraph\">Transmisi\u00f3n automatizada Mercedes PowerShift 3 para reducir consumo y fatiga del conductor.<\/p>\n<\/li>\n<li>\n<p class=\"ds-markdown-paragraph\">Seguridad activa: Control de estabilidad (ESP), ABS, ASR y asistencia en pendientes.<\/p>\n<\/li>\n<li>\n<p class=\"ds-markdown-paragraph\">Ideal para rutas urbanas, rurales o mixtas, con cabina renovada y suspensi\u00f3n neum\u00e1tica.<\/p>\n<\/li>\n<\/ul>\n<p>&nbsp;<\/p>\n<h2>Actros 2545 LS\/33 &#8211; potencia para alto tonelaje<\/h2>\n<p>&nbsp;<\/p>\n<p><img decoding=\"async\" class=\"aligncenter wp-image-13635 size-full\" src=\"https:\/\/autofans.com.ar\/wp-content\/uploads\/2025\/08\/mercedes-4.jpg\" alt=\"Mercedes-Benz\" width=\"1000\" height=\"667\" srcset=\"https:\/\/autofans.com.ar\/wp-content\/uploads\/2025\/08\/mercedes-4.jpg 1000w, https:\/\/autofans.com.ar\/wp-content\/uploads\/2025\/08\/mercedes-4-300x200.jpg 300w, https:\/\/autofans.com.ar\/wp-content\/uploads\/2025\/08\/mercedes-4-768x512.jpg 768w\" sizes=\"(max-width: 1000px) 100vw, 1000px\" \/><\/p>\n<p>&nbsp;<\/p>\n<p class=\"ds-markdown-paragraph\">Dise\u00f1ado para operaciones exigentes:<\/p>\n<ul>\n<li>\n<p class=\"ds-markdown-paragraph\">Motor OM 460 BlueTec 5 (12.8 L, 449 CV).<\/p>\n<\/li>\n<li>\n<p class=\"ds-markdown-paragraph\">Transmisi\u00f3n PowerShift 3 de 12 marchas y capacidad de carga de hasta 60 toneladas.<\/p>\n<\/li>\n<li>\n<p class=\"ds-markdown-paragraph\">Tecnolog\u00edas como alerta por cansancio y paquete de seguridad ESP + EBS.<\/p>\n<\/li>\n<li>\n<p class=\"ds-markdown-paragraph\">Cabina ClassicSpace con mejor visibilidad y confort para largas distancias.<\/p>\n<\/li>\n<\/ul>\n<p>&nbsp;<\/p>\n<h2>Mercedes-Benz &#8211; asesoramiento y financiaci\u00f3n<\/h2>\n<p>&nbsp;<\/p>\n<div id='gallery-1' class='gallery galleryid-13631 gallery-columns-3 gallery-size-full'><figure class='gallery-item'>\n\t\t\t<div class='gallery-icon landscape'>\n\t\t\t\t<a href='https:\/\/autofans.com.ar\/index.php\/2025\/08\/08\/mercedes-benz-en-aapresid-2025\/mercedes-1-56\/'><img loading=\"lazy\" width=\"1000\" height=\"667\" src=\"https:\/\/autofans.com.ar\/wp-content\/uploads\/2025\/08\/mercedes-1-1.jpg\" class=\"attachment-full size-full\" alt=\"Mercedes-Benz\" aria-describedby=\"gallery-1-13639\" srcset=\"https:\/\/autofans.com.ar\/wp-content\/uploads\/2025\/08\/mercedes-1-1.jpg 1000w, https:\/\/autofans.com.ar\/wp-content\/uploads\/2025\/08\/mercedes-1-1-300x200.jpg 300w, https:\/\/autofans.com.ar\/wp-content\/uploads\/2025\/08\/mercedes-1-1-768x512.jpg 768w\" sizes=\"auto, (max-width: 1000px) 100vw, 1000px\" loading=\"lazy\" decoding=\"async\" \/><\/a>\n\t\t\t<\/div>\n\t\t\t\t<figcaption class='wp-caption-text gallery-caption' id='gallery-1-13639'>\n\t\t\t\tJuan Pablo Biau, Gerente de Ventas de Camiones Mercedes-Benz.\n\t\t\t\t<\/figcaption><\/figure><figure class='gallery-item'>\n\t\t\t<div class='gallery-icon landscape'>\n\t\t\t\t<a href='https:\/\/autofans.com.ar\/index.php\/2025\/08\/08\/mercedes-benz-en-aapresid-2025\/mercedes-2-57\/'><img loading=\"lazy\" width=\"1000\" height=\"667\" src=\"https:\/\/autofans.com.ar\/wp-content\/uploads\/2025\/08\/mercedes-2-1.jpg\" class=\"attachment-full size-full\" alt=\"Mercedes-Benz\" aria-describedby=\"gallery-1-13638\" srcset=\"https:\/\/autofans.com.ar\/wp-content\/uploads\/2025\/08\/mercedes-2-1.jpg 1000w, https:\/\/autofans.com.ar\/wp-content\/uploads\/2025\/08\/mercedes-2-1-300x200.jpg 300w, https:\/\/autofans.com.ar\/wp-content\/uploads\/2025\/08\/mercedes-2-1-768x512.jpg 768w\" sizes=\"auto, (max-width: 1000px) 100vw, 1000px\" loading=\"lazy\" decoding=\"async\" \/><\/a>\n\t\t\t<\/div>\n\t\t\t\t<figcaption class='wp-caption-text gallery-caption' id='gallery-1-13638'>\n\t\t\t\tJuan Manuel Vernengo, Presidente de Automotores Haedo.\n\t\t\t\t<\/figcaption><\/figure><figure class='gallery-item'>\n\t\t\t<div class='gallery-icon landscape'>\n\t\t\t\t<a href='https:\/\/autofans.com.ar\/index.php\/2025\/08\/08\/mercedes-benz-en-aapresid-2025\/mercedes-3-48\/'><img loading=\"lazy\" width=\"1000\" height=\"667\" src=\"https:\/\/autofans.com.ar\/wp-content\/uploads\/2025\/08\/mercedes-3.jpg\" class=\"attachment-full size-full\" alt=\"Mercedes-Benz\" aria-describedby=\"gallery-1-13637\" srcset=\"https:\/\/autofans.com.ar\/wp-content\/uploads\/2025\/08\/mercedes-3.jpg 1000w, https:\/\/autofans.com.ar\/wp-content\/uploads\/2025\/08\/mercedes-3-300x200.jpg 300w, https:\/\/autofans.com.ar\/wp-content\/uploads\/2025\/08\/mercedes-3-768x512.jpg 768w\" sizes=\"auto, (max-width: 1000px) 100vw, 1000px\" loading=\"lazy\" decoding=\"async\" \/><\/a>\n\t\t\t<\/div>\n\t\t\t\t<figcaption class='wp-caption-text gallery-caption' id='gallery-1-13637'>\n\t\t\t\tGustavo Lopresti, Especialista de Producto de Camiones Mercedes-Benz.\n\t\t\t\t<\/figcaption><\/figure>\n\t\t<\/div>\n\n<p>&nbsp;<\/p>\n<p class=\"ds-markdown-paragraph\">Un equipo de concesionarios oficiales (Armando J. R\u00edos, Besten, Colcar, entre otros) brinda soporte certificado por Daimler Truck, con:<\/p>\n<ul>\n<li>\n<p class=\"ds-markdown-paragraph\">Venta de unidades 0 KM y REMAN.<\/p>\n<\/li>\n<li>\n<p class=\"ds-markdown-paragraph\">Mantenimiento y planes de financiaci\u00f3n flexibles.<\/p>\n<\/li>\n<li>\n<p class=\"ds-markdown-paragraph\">Leasing con beneficios impositivos para renovar flotas.<\/p>\n<\/li>\n<\/ul>\n<p class=\"ds-markdown-paragraph\">Adem\u00e1s, el stand incluye la tienda oficial de accesorios con promociones exclusivas.<\/p>\n<p class=\"ds-markdown-paragraph\">Visita el stand en AAPRESID 2025 o consult\u00e1 m\u00e1s en: <a href=\"http:\/\/www.tiendaboutique.com.ar\/\" target=\"_blank\" rel=\"noopener noreferrer\">www.tiendaboutique.com.ar<\/a>.<\/p>\n<p>&nbsp;<\/p>\n<p>&nbsp;<\/p>\n<p>&nbsp;<\/p>\n<p><i>Para enterarte de m\u00e1s novedades, no dejes de leer\u00a0<\/i><a href=\"https:\/\/autofans.thebrandsoup.com\/\"><i>nuestras notas<\/i><\/a><i>, de ver\u00a0<\/i><a href=\"https:\/\/www.youtube.com\/channel\/UCgAC8UGHZYbT6P7PpmVnP7g\"><i>AUTOFANS TV<\/i><\/a><i>\u00a0en nuestro\u00a0canal de Youtube. Adem\u00e1s seguinos en\u00a0<\/i><a href=\"https:\/\/www.instagram.com\/autofanstv\/\"><i>INSTAGRAM<\/i><\/a><i> y <\/i><a href=\"https:\/\/www.facebook.com\/autofansmas\/\"><i>FACEBOOK<\/i><\/a><i> para no perderte nada sobre las novedades del segmento automotor de Argentina y el mundo.<\/i><\/p>\n","protected":false},"excerpt":{"rendered":"<p>Del 6 al 8 de agosto, Mercedes-Benz Camiones y Buses participa en AAPRESID 2025, el&#8230;<\/p>\n","protected":false},"author":2,"featured_media":13633,"comment_status":"closed","ping_status":"closed","sticky":false,"template":"","format":"standard","meta":{"footnotes":""},"categories":[16,10],"tags":[7140,7143,7142,7141,3566,7144,7145,364,6825],"class_list":["post-13631","post","type-post","status-publish","format-standard","has-post-thumbnail","hentry","category-noticias","category-utilitarios-y-pesados-lanzamientos","tag-aapresid-2025","tag-actros-2545","tag-atego-1932","tag-camiones-agro","tag-daimler-truck","tag-financiacion-camiones","tag-leasing-vehicular","tag-mercedes-benz","tag-transporte-rural"],"yoast_head":"<!-- This site is optimized with the Yoast SEO plugin v27.5 - https:\/\/yoast.com\/product\/yoast-seo-wordpress\/ -->\n<title>Mercedes-Benz en AAPRESID 2025 -<\/title>\n<meta name=\"description\" content=\"Del 6 al 8 de agosto, Mercedes-Benz Camiones y Buses participa en AAPRESID 2025, el congreso l\u00edder del agro argentino, en La Rural (CABA)...\" \/>\n<meta name=\"robots\" content=\"index, follow, max-snippet:-1, max-image-preview:large, max-video-preview:-1\" \/>\n<link rel=\"canonical\" href=\"https:\/\/autofans.com.ar\/index.php\/2025\/08\/08\/mercedes-benz-en-aapresid-2025\/\" \/>\n<meta property=\"og:locale\" content=\"es_ES\" \/>\n<meta property=\"og:type\" content=\"article\" \/>\n<meta property=\"og:title\" content=\"Mercedes-Benz en AAPRESID 2025 -\" \/>\n<meta property=\"og:description\" content=\"Del 6 al 8 de agosto, Mercedes-Benz Camiones y Buses participa en AAPRESID 2025, el congreso l\u00edder del agro argentino, en La Rural (CABA)...\" \/>\n<meta property=\"og:url\" content=\"https:\/\/autofans.com.ar\/index.php\/2025\/08\/08\/mercedes-benz-en-aapresid-2025\/\" \/>\n<meta property=\"article:published_time\" content=\"2025-08-09T00:26:03+00:00\" \/>\n<meta property=\"og:image\" content=\"https:\/\/autofans.com.ar\/wp-content\/uploads\/2025\/08\/mercedes-6.jpg\" \/>\n\t<meta property=\"og:image:width\" content=\"1000\" \/>\n\t<meta property=\"og:image:height\" content=\"667\" \/>\n\t<meta property=\"og:image:type\" content=\"image\/jpeg\" \/>\n<meta name=\"author\" content=\"Alejandro Gabriel Rosito\" \/>\n<meta name=\"twitter:card\" content=\"summary_large_image\" \/>\n<meta name=\"twitter:label1\" content=\"Escrito por\" \/>\n\t<meta name=\"twitter:data1\" content=\"Alejandro Gabriel Rosito\" \/>\n\t<meta name=\"twitter:label2\" content=\"Tiempo de lectura\" \/>\n\t<meta name=\"twitter:data2\" content=\"2 minutos\" \/>\n<script type=\"application\/ld+json\" class=\"yoast-schema-graph\">{\"@context\":\"https:\\\/\\\/schema.org\",\"@graph\":[{\"@type\":\"Article\",\"@id\":\"https:\\\/\\\/autofans.com.ar\\\/index.php\\\/2025\\\/08\\\/08\\\/mercedes-benz-en-aapresid-2025\\\/#article\",\"isPartOf\":{\"@id\":\"https:\\\/\\\/autofans.com.ar\\\/index.php\\\/2025\\\/08\\\/08\\\/mercedes-benz-en-aapresid-2025\\\/\"},\"author\":{\"name\":\"Alejandro Gabriel Rosito\",\"@id\":\"https:\\\/\\\/autofans.com.ar\\\/#\\\/schema\\\/person\\\/4a8dda0b6df83ac3d6723e921274c2aa\"},\"headline\":\"Mercedes-Benz en AAPRESID 2025\",\"datePublished\":\"2025-08-09T00:26:03+00:00\",\"mainEntityOfPage\":{\"@id\":\"https:\\\/\\\/autofans.com.ar\\\/index.php\\\/2025\\\/08\\\/08\\\/mercedes-benz-en-aapresid-2025\\\/\"},\"wordCount\":417,\"image\":{\"@id\":\"https:\\\/\\\/autofans.com.ar\\\/index.php\\\/2025\\\/08\\\/08\\\/mercedes-benz-en-aapresid-2025\\\/#primaryimage\"},\"thumbnailUrl\":\"https:\\\/\\\/autofans.com.ar\\\/wp-content\\\/uploads\\\/2025\\\/08\\\/mercedes-6.jpg\",\"keywords\":[\"AAPRESID 2025\",\"Actros 2545\",\"Atego 1932\",\"camiones agro\",\"Daimler Truck\",\"financiaci\u00f3n camiones\",\"leasing vehicular\",\"Mercedes-Benz\",\"transporte rural\"],\"articleSection\":[\"NOTICIAS\",\"Pick Ups, Utilitarios y Pesados\"],\"inLanguage\":\"es\"},{\"@type\":\"WebPage\",\"@id\":\"https:\\\/\\\/autofans.com.ar\\\/index.php\\\/2025\\\/08\\\/08\\\/mercedes-benz-en-aapresid-2025\\\/\",\"url\":\"https:\\\/\\\/autofans.com.ar\\\/index.php\\\/2025\\\/08\\\/08\\\/mercedes-benz-en-aapresid-2025\\\/\",\"name\":\"Mercedes-Benz en AAPRESID 2025 -\",\"isPartOf\":{\"@id\":\"https:\\\/\\\/autofans.com.ar\\\/#website\"},\"primaryImageOfPage\":{\"@id\":\"https:\\\/\\\/autofans.com.ar\\\/index.php\\\/2025\\\/08\\\/08\\\/mercedes-benz-en-aapresid-2025\\\/#primaryimage\"},\"image\":{\"@id\":\"https:\\\/\\\/autofans.com.ar\\\/index.php\\\/2025\\\/08\\\/08\\\/mercedes-benz-en-aapresid-2025\\\/#primaryimage\"},\"thumbnailUrl\":\"https:\\\/\\\/autofans.com.ar\\\/wp-content\\\/uploads\\\/2025\\\/08\\\/mercedes-6.jpg\",\"datePublished\":\"2025-08-09T00:26:03+00:00\",\"author\":{\"@id\":\"https:\\\/\\\/autofans.com.ar\\\/#\\\/schema\\\/person\\\/4a8dda0b6df83ac3d6723e921274c2aa\"},\"description\":\"Del 6 al 8 de agosto, Mercedes-Benz Camiones y Buses participa en AAPRESID 2025, el congreso l\u00edder del agro argentino, en La Rural (CABA)...\",\"breadcrumb\":{\"@id\":\"https:\\\/\\\/autofans.com.ar\\\/index.php\\\/2025\\\/08\\\/08\\\/mercedes-benz-en-aapresid-2025\\\/#breadcrumb\"},\"inLanguage\":\"es\",\"potentialAction\":[{\"@type\":\"ReadAction\",\"target\":[\"https:\\\/\\\/autofans.com.ar\\\/index.php\\\/2025\\\/08\\\/08\\\/mercedes-benz-en-aapresid-2025\\\/\"]}]},{\"@type\":\"ImageObject\",\"inLanguage\":\"es\",\"@id\":\"https:\\\/\\\/autofans.com.ar\\\/index.php\\\/2025\\\/08\\\/08\\\/mercedes-benz-en-aapresid-2025\\\/#primaryimage\",\"url\":\"https:\\\/\\\/autofans.com.ar\\\/wp-content\\\/uploads\\\/2025\\\/08\\\/mercedes-6.jpg\",\"contentUrl\":\"https:\\\/\\\/autofans.com.ar\\\/wp-content\\\/uploads\\\/2025\\\/08\\\/mercedes-6.jpg\",\"width\":1000,\"height\":667,\"caption\":\"Mercedes-Benz\"},{\"@type\":\"BreadcrumbList\",\"@id\":\"https:\\\/\\\/autofans.com.ar\\\/index.php\\\/2025\\\/08\\\/08\\\/mercedes-benz-en-aapresid-2025\\\/#breadcrumb\",\"itemListElement\":[{\"@type\":\"ListItem\",\"position\":1,\"name\":\"Inicio\",\"item\":\"https:\\\/\\\/autofans.com.ar\\\/\"},{\"@type\":\"ListItem\",\"position\":2,\"name\":\"Mercedes-Benz en AAPRESID 2025\"}]},{\"@type\":\"WebSite\",\"@id\":\"https:\\\/\\\/autofans.com.ar\\\/#website\",\"url\":\"https:\\\/\\\/autofans.com.ar\\\/\",\"name\":\"\",\"description\":\"El multimedio referente de la industria automotriz\",\"potentialAction\":[{\"@type\":\"SearchAction\",\"target\":{\"@type\":\"EntryPoint\",\"urlTemplate\":\"https:\\\/\\\/autofans.com.ar\\\/?s={search_term_string}\"},\"query-input\":{\"@type\":\"PropertyValueSpecification\",\"valueRequired\":true,\"valueName\":\"search_term_string\"}}],\"inLanguage\":\"es\"},{\"@type\":\"Person\",\"@id\":\"https:\\\/\\\/autofans.com.ar\\\/#\\\/schema\\\/person\\\/4a8dda0b6df83ac3d6723e921274c2aa\",\"name\":\"Alejandro Gabriel Rosito\",\"image\":{\"@type\":\"ImageObject\",\"inLanguage\":\"es\",\"@id\":\"https:\\\/\\\/secure.gravatar.com\\\/avatar\\\/16c5dda1489adfc62618084dcbb91cffd879c374b13fe5dd8e44ed6733852c88?s=96&d=mm&r=g\",\"url\":\"https:\\\/\\\/secure.gravatar.com\\\/avatar\\\/16c5dda1489adfc62618084dcbb91cffd879c374b13fe5dd8e44ed6733852c88?s=96&d=mm&r=g\",\"contentUrl\":\"https:\\\/\\\/secure.gravatar.com\\\/avatar\\\/16c5dda1489adfc62618084dcbb91cffd879c374b13fe5dd8e44ed6733852c88?s=96&d=mm&r=g\",\"caption\":\"Alejandro Gabriel Rosito\"},\"url\":\"https:\\\/\\\/autofans.com.ar\\\/index.php\\\/author\\\/gabrielr\\\/\"}]}<\/script>\n<!-- \/ Yoast SEO plugin. -->","yoast_head_json":{"title":"Mercedes-Benz en AAPRESID 2025 -","description":"Del 6 al 8 de agosto, Mercedes-Benz Camiones y Buses participa en AAPRESID 2025, el congreso l\u00edder del agro argentino, en La Rural (CABA)...","robots":{"index":"index","follow":"follow","max-snippet":"max-snippet:-1","max-image-preview":"max-image-preview:large","max-video-preview":"max-video-preview:-1"},"canonical":"https:\/\/autofans.com.ar\/index.php\/2025\/08\/08\/mercedes-benz-en-aapresid-2025\/","og_locale":"es_ES","og_type":"article","og_title":"Mercedes-Benz en AAPRESID 2025 -","og_description":"Del 6 al 8 de agosto, Mercedes-Benz Camiones y Buses participa en AAPRESID 2025, el congreso l\u00edder del agro argentino, en La Rural (CABA)...","og_url":"https:\/\/autofans.com.ar\/index.php\/2025\/08\/08\/mercedes-benz-en-aapresid-2025\/","article_published_time":"2025-08-09T00:26:03+00:00","og_image":[{"width":1000,"height":667,"url":"https:\/\/autofans.com.ar\/wp-content\/uploads\/2025\/08\/mercedes-6.jpg","type":"image\/jpeg"}],"author":"Alejandro Gabriel Rosito","twitter_card":"summary_large_image","twitter_misc":{"Escrito por":"Alejandro Gabriel Rosito","Tiempo de lectura":"2 minutos"},"schema":{"@context":"https:\/\/schema.org","@graph":[{"@type":"Article","@id":"https:\/\/autofans.com.ar\/index.php\/2025\/08\/08\/mercedes-benz-en-aapresid-2025\/#article","isPartOf":{"@id":"https:\/\/autofans.com.ar\/index.php\/2025\/08\/08\/mercedes-benz-en-aapresid-2025\/"},"author":{"name":"Alejandro Gabriel Rosito","@id":"https:\/\/autofans.com.ar\/#\/schema\/person\/4a8dda0b6df83ac3d6723e921274c2aa"},"headline":"Mercedes-Benz en AAPRESID 2025","datePublished":"2025-08-09T00:26:03+00:00","mainEntityOfPage":{"@id":"https:\/\/autofans.com.ar\/index.php\/2025\/08\/08\/mercedes-benz-en-aapresid-2025\/"},"wordCount":417,"image":{"@id":"https:\/\/autofans.com.ar\/index.php\/2025\/08\/08\/mercedes-benz-en-aapresid-2025\/#primaryimage"},"thumbnailUrl":"https:\/\/autofans.com.ar\/wp-content\/uploads\/2025\/08\/mercedes-6.jpg","keywords":["AAPRESID 2025","Actros 2545","Atego 1932","camiones agro","Daimler Truck","financiaci\u00f3n camiones","leasing vehicular","Mercedes-Benz","transporte rural"],"articleSection":["NOTICIAS","Pick Ups, Utilitarios y Pesados"],"inLanguage":"es"},{"@type":"WebPage","@id":"https:\/\/autofans.com.ar\/index.php\/2025\/08\/08\/mercedes-benz-en-aapresid-2025\/","url":"https:\/\/autofans.com.ar\/index.php\/2025\/08\/08\/mercedes-benz-en-aapresid-2025\/","name":"Mercedes-Benz en AAPRESID 2025 -","isPartOf":{"@id":"https:\/\/autofans.com.ar\/#website"},"primaryImageOfPage":{"@id":"https:\/\/autofans.com.ar\/index.php\/2025\/08\/08\/mercedes-benz-en-aapresid-2025\/#primaryimage"},"image":{"@id":"https:\/\/autofans.com.ar\/index.php\/2025\/08\/08\/mercedes-benz-en-aapresid-2025\/#primaryimage"},"thumbnailUrl":"https:\/\/autofans.com.ar\/wp-content\/uploads\/2025\/08\/mercedes-6.jpg","datePublished":"2025-08-09T00:26:03+00:00","author":{"@id":"https:\/\/autofans.com.ar\/#\/schema\/person\/4a8dda0b6df83ac3d6723e921274c2aa"},"description":"Del 6 al 8 de agosto, Mercedes-Benz Camiones y Buses participa en AAPRESID 2025, el congreso l\u00edder del agro argentino, en La Rural (CABA)...","breadcrumb":{"@id":"https:\/\/autofans.com.ar\/index.php\/2025\/08\/08\/mercedes-benz-en-aapresid-2025\/#breadcrumb"},"inLanguage":"es","potentialAction":[{"@type":"ReadAction","target":["https:\/\/autofans.com.ar\/index.php\/2025\/08\/08\/mercedes-benz-en-aapresid-2025\/"]}]},{"@type":"ImageObject","inLanguage":"es","@id":"https:\/\/autofans.com.ar\/index.php\/2025\/08\/08\/mercedes-benz-en-aapresid-2025\/#primaryimage","url":"https:\/\/autofans.com.ar\/wp-content\/uploads\/2025\/08\/mercedes-6.jpg","contentUrl":"https:\/\/autofans.com.ar\/wp-content\/uploads\/2025\/08\/mercedes-6.jpg","width":1000,"height":667,"caption":"Mercedes-Benz"},{"@type":"BreadcrumbList","@id":"https:\/\/autofans.com.ar\/index.php\/2025\/08\/08\/mercedes-benz-en-aapresid-2025\/#breadcrumb","itemListElement":[{"@type":"ListItem","position":1,"name":"Inicio","item":"https:\/\/autofans.com.ar\/"},{"@type":"ListItem","position":2,"name":"Mercedes-Benz en AAPRESID 2025"}]},{"@type":"WebSite","@id":"https:\/\/autofans.com.ar\/#website","url":"https:\/\/autofans.com.ar\/","name":"","description":"El multimedio referente de la industria automotriz","potentialAction":[{"@type":"SearchAction","target":{"@type":"EntryPoint","urlTemplate":"https:\/\/autofans.com.ar\/?s={search_term_string}"},"query-input":{"@type":"PropertyValueSpecification","valueRequired":true,"valueName":"search_term_string"}}],"inLanguage":"es"},{"@type":"Person","@id":"https:\/\/autofans.com.ar\/#\/schema\/person\/4a8dda0b6df83ac3d6723e921274c2aa","name":"Alejandro Gabriel Rosito","image":{"@type":"ImageObject","inLanguage":"es","@id":"https:\/\/secure.gravatar.com\/avatar\/16c5dda1489adfc62618084dcbb91cffd879c374b13fe5dd8e44ed6733852c88?s=96&d=mm&r=g","url":"https:\/\/secure.gravatar.com\/avatar\/16c5dda1489adfc62618084dcbb91cffd879c374b13fe5dd8e44ed6733852c88?s=96&d=mm&r=g","contentUrl":"https:\/\/secure.gravatar.com\/avatar\/16c5dda1489adfc62618084dcbb91cffd879c374b13fe5dd8e44ed6733852c88?s=96&d=mm&r=g","caption":"Alejandro Gabriel Rosito"},"url":"https:\/\/autofans.com.ar\/index.php\/author\/gabrielr\/"}]}},"featured_image_urls":{"full":["https:\/\/autofans.com.ar\/wp-content\/uploads\/2025\/08\/mercedes-6.jpg",1000,667,false],"thumbnail":["https:\/\/autofans.com.ar\/wp-content\/uploads\/2025\/08\/mercedes-6-150x150.jpg",150,150,true],"medium":["https:\/\/autofans.com.ar\/wp-content\/uploads\/2025\/08\/mercedes-6-300x200.jpg",300,200,true],"medium_large":["https:\/\/autofans.com.ar\/wp-content\/uploads\/2025\/08\/mercedes-6-768x512.jpg",640,427,true],"large":["https:\/\/autofans.com.ar\/wp-content\/uploads\/2025\/08\/mercedes-6.jpg",640,427,false],"1536x1536":["https:\/\/autofans.com.ar\/wp-content\/uploads\/2025\/08\/mercedes-6.jpg",1000,667,false],"2048x2048":["https:\/\/autofans.com.ar\/wp-content\/uploads\/2025\/08\/mercedes-6.jpg",1000,667,false],"covernews-featured":["https:\/\/autofans.com.ar\/wp-content\/uploads\/2025\/08\/mercedes-6.jpg",1000,667,false],"covernews-medium":["https:\/\/autofans.com.ar\/wp-content\/uploads\/2025\/08\/mercedes-6-540x340.jpg",540,340,true]},"author_info":{"display_name":"Alejandro Gabriel Rosito","author_link":"https:\/\/autofans.com.ar\/index.php\/author\/gabrielr\/"},"category_info":"<a href=\"https:\/\/autofans.com.ar\/index.php\/category\/noticias\/\" rel=\"category tag\">NOTICIAS<\/a> <a href=\"https:\/\/autofans.com.ar\/index.php\/category\/lanzamientos\/utilitarios-y-pesados-lanzamientos\/\" rel=\"category tag\">Pick Ups, Utilitarios y Pesados<\/a>","tag_info":"Pick Ups, Utilitarios y Pesados","comment_count":0,"_links":{"self":[{"href":"https:\/\/autofans.com.ar\/index.php\/wp-json\/wp\/v2\/posts\/13631","targetHints":{"allow":["GET"]}}],"collection":[{"href":"https:\/\/autofans.com.ar\/index.php\/wp-json\/wp\/v2\/posts"}],"about":[{"href":"https:\/\/autofans.com.ar\/index.php\/wp-json\/wp\/v2\/types\/post"}],"author":[{"embeddable":true,"href":"https:\/\/autofans.com.ar\/index.php\/wp-json\/wp\/v2\/users\/2"}],"replies":[{"embeddable":true,"href":"https:\/\/autofans.com.ar\/index.php\/wp-json\/wp\/v2\/comments?post=13631"}],"version-history":[{"count":2,"href":"https:\/\/autofans.com.ar\/index.php\/wp-json\/wp\/v2\/posts\/13631\/revisions"}],"predecessor-version":[{"id":13640,"href":"https:\/\/autofans.com.ar\/index.php\/wp-json\/wp\/v2\/posts\/13631\/revisions\/13640"}],"wp:featuredmedia":[{"embeddable":true,"href":"https:\/\/autofans.com.ar\/index.php\/wp-json\/wp\/v2\/media\/13633"}],"wp:attachment":[{"href":"https:\/\/autofans.com.ar\/index.php\/wp-json\/wp\/v2\/media?parent=13631"}],"wp:term":[{"taxonomy":"category","embeddable":true,"href":"https:\/\/autofans.com.ar\/index.php\/wp-json\/wp\/v2\/categories?post=13631"},{"taxonomy":"post_tag","embeddable":true,"href":"https:\/\/autofans.com.ar\/index.php\/wp-json\/wp\/v2\/tags?post=13631"}],"curies":[{"name":"wp","href":"https:\/\/api.w.org\/{rel}","templated":true}]}}