{"id":13671,"date":"2025-08-12T18:05:27","date_gmt":"2025-08-12T21:05:27","guid":{"rendered":"https:\/\/autofans.com.ar\/?p=13671"},"modified":"2025-08-12T18:05:27","modified_gmt":"2025-08-12T21:05:27","slug":"mercedes-benz-congela-precios-y-apuesta-a-mas-modelos-hibridos","status":"publish","type":"post","link":"https:\/\/autofans.com.ar\/index.php\/2025\/08\/12\/mercedes-benz-congela-precios-y-apuesta-a-mas-modelos-hibridos\/","title":{"rendered":"Mercedes-Benz congela precios y apuesta a m\u00e1s modelos h\u00edbridos"},"content":{"rendered":"<p class=\"ds-markdown-paragraph\">Tras la reducci\u00f3n de precios anunciada en junio, Mercedes-Benz (a trav\u00e9s de Prestige Auto) confirm\u00f3 que no habr\u00e1 aumentos en agosto. La lista de valores sugeridos para sus veh\u00edculos \u2014tanto importados como la Sprinter fabricada en Argentina\u2014 se mantiene sin cambios.<\/p>\n<p class=\"ds-markdown-paragraph\">La Sprinter, con m\u00e1s del 60% del mercado de utilitarios, fue el modelo m\u00e1s patentado en julio, reforzando su dominio en el segmento.<\/p>\n<p>&nbsp;<\/p>\n<blockquote>\n<p style=\"text-align: center;\">\u201cEs un orgullo compartir que, a pocos d\u00edas de cumplir los primeros tres meses de operaciones de Prestige Auto, ya estamos alcanzando hitos relevantes. Tal como lo anunciamos en junio, comenzamos el a\u00f1o con un objetivo de 14.000 unidades y proyectamos cerrar 2025 con un incremento del 20\u202f% en la producci\u00f3n. Para 2026, estimamos alcanzar las 20.000 unidades fabricadas\u201d, expres\u00f3 Daniel Herrero, CEO de Prestige Auto.<\/p>\n<\/blockquote>\n<p>&nbsp;<\/p>\n<h2>Mercedes-Benz &#8211; de los h\u00edbridos a los AMG<\/h2>\n<p>&nbsp;<\/p>\n<div id='gallery-1' class='gallery galleryid-13671 gallery-columns-2 gallery-size-full'><figure class='gallery-item'>\n\t\t\t<div class='gallery-icon landscape'>\n\t\t\t\t<a href='https:\/\/autofans.com.ar\/index.php\/2025\/08\/12\/mercedes-benz-congela-precios-y-apuesta-a-mas-modelos-hibridos\/mercedes-4-26\/'><img loading=\"lazy\" width=\"1000\" height=\"667\" src=\"https:\/\/autofans.com.ar\/wp-content\/uploads\/2025\/08\/mercedes-4-1.jpg\" class=\"attachment-full size-full\" alt=\"Mercedes-Benz\" srcset=\"https:\/\/autofans.com.ar\/wp-content\/uploads\/2025\/08\/mercedes-4-1.jpg 1000w, https:\/\/autofans.com.ar\/wp-content\/uploads\/2025\/08\/mercedes-4-1-300x200.jpg 300w, https:\/\/autofans.com.ar\/wp-content\/uploads\/2025\/08\/mercedes-4-1-768x512.jpg 768w\" sizes=\"auto, (max-width: 1000px) 100vw, 1000px\" loading=\"lazy\" decoding=\"async\" \/><\/a>\n\t\t\t<\/div><\/figure><figure class='gallery-item'>\n\t\t\t<div class='gallery-icon landscape'>\n\t\t\t\t<a href='https:\/\/autofans.com.ar\/index.php\/2025\/08\/12\/mercedes-benz-congela-precios-y-apuesta-a-mas-modelos-hibridos\/mercedes-5-12\/'><img loading=\"lazy\" width=\"1000\" height=\"667\" src=\"https:\/\/autofans.com.ar\/wp-content\/uploads\/2025\/08\/mercedes-5-1.jpg\" class=\"attachment-full size-full\" alt=\"Mercedes-Benz\" srcset=\"https:\/\/autofans.com.ar\/wp-content\/uploads\/2025\/08\/mercedes-5-1.jpg 1000w, https:\/\/autofans.com.ar\/wp-content\/uploads\/2025\/08\/mercedes-5-1-300x200.jpg 300w, https:\/\/autofans.com.ar\/wp-content\/uploads\/2025\/08\/mercedes-5-1-768x512.jpg 768w\" sizes=\"auto, (max-width: 1000px) 100vw, 1000px\" loading=\"lazy\" decoding=\"async\" \/><\/a>\n\t\t\t<\/div><\/figure>\n\t\t<\/div>\n\n<p>&nbsp;<\/p>\n<p class=\"ds-markdown-paragraph\">La marca ampl\u00eda su portfolio con lanzamientos recientes como el GLC 200, C 300, Vito y CLA. Adem\u00e1s, suma dos modelos high-end:<\/p>\n<ul>\n<li>\n<p class=\"ds-markdown-paragraph\">Mercedes-AMG GLC 43 Coup\u00e9 (USD 165.500)<\/p>\n<\/li>\n<li>\n<p class=\"ds-markdown-paragraph\">Mercedes-AMG G 63 (USD 400.000).<\/p>\n<\/li>\n<\/ul>\n<p class=\"ds-markdown-paragraph\">Varios veh\u00edculos incorporan tecnolog\u00eda Mild Hybrid, que reduce el consumo de combustible y emisiones, mejorando eficiencia y confort.<\/p>\n<p>&nbsp;<\/p>\n<blockquote>\n<p style=\"text-align: center;\">\u201cEste crecimiento est\u00e1 respaldado por una s\u00f3lida estrategia comercial que impulsa tanto la oferta en el mercado interno como las exportaciones, que hoy representan el 60\u202f% de nuestra producci\u00f3n\u201d, agreg\u00f3.<\/p>\n<\/blockquote>\n<p>&nbsp;<\/p>\n<h2>Crecimiento industrial &#8211; exportaciones e importaciones<\/h2>\n<p>&nbsp;<\/p>\n<div id='gallery-2' class='gallery galleryid-13671 gallery-columns-3 gallery-size-full'><figure class='gallery-item'>\n\t\t\t<div class='gallery-icon landscape'>\n\t\t\t\t<a href='https:\/\/autofans.com.ar\/index.php\/2025\/08\/12\/mercedes-benz-congela-precios-y-apuesta-a-mas-modelos-hibridos\/mercedes-1-57\/'><img loading=\"lazy\" width=\"1000\" height=\"667\" src=\"https:\/\/autofans.com.ar\/wp-content\/uploads\/2025\/08\/mercedes-1-2.jpg\" class=\"attachment-full size-full\" alt=\"Mercedes-Benz\" srcset=\"https:\/\/autofans.com.ar\/wp-content\/uploads\/2025\/08\/mercedes-1-2.jpg 1000w, https:\/\/autofans.com.ar\/wp-content\/uploads\/2025\/08\/mercedes-1-2-300x200.jpg 300w, https:\/\/autofans.com.ar\/wp-content\/uploads\/2025\/08\/mercedes-1-2-768x512.jpg 768w\" sizes=\"auto, (max-width: 1000px) 100vw, 1000px\" loading=\"lazy\" decoding=\"async\" \/><\/a>\n\t\t\t<\/div><\/figure><figure class='gallery-item'>\n\t\t\t<div class='gallery-icon landscape'>\n\t\t\t\t<a href='https:\/\/autofans.com.ar\/index.php\/2025\/08\/12\/mercedes-benz-congela-precios-y-apuesta-a-mas-modelos-hibridos\/mercedes-3-49\/'><img loading=\"lazy\" width=\"1000\" height=\"667\" src=\"https:\/\/autofans.com.ar\/wp-content\/uploads\/2025\/08\/mercedes-3-1.jpg\" class=\"attachment-full size-full\" alt=\"Mercedes-Benz\" srcset=\"https:\/\/autofans.com.ar\/wp-content\/uploads\/2025\/08\/mercedes-3-1.jpg 1000w, https:\/\/autofans.com.ar\/wp-content\/uploads\/2025\/08\/mercedes-3-1-300x200.jpg 300w, https:\/\/autofans.com.ar\/wp-content\/uploads\/2025\/08\/mercedes-3-1-768x512.jpg 768w\" sizes=\"auto, (max-width: 1000px) 100vw, 1000px\" loading=\"lazy\" decoding=\"async\" \/><\/a>\n\t\t\t<\/div><\/figure><figure class='gallery-item'>\n\t\t\t<div class='gallery-icon landscape'>\n\t\t\t\t<a href='https:\/\/autofans.com.ar\/index.php\/2025\/08\/12\/mercedes-benz-congela-precios-y-apuesta-a-mas-modelos-hibridos\/mercedes-2-58\/'><img loading=\"lazy\" width=\"1000\" height=\"667\" src=\"https:\/\/autofans.com.ar\/wp-content\/uploads\/2025\/08\/mercedes-2-2.jpg\" class=\"attachment-full size-full\" alt=\"Mercedes-Benz\" srcset=\"https:\/\/autofans.com.ar\/wp-content\/uploads\/2025\/08\/mercedes-2-2.jpg 1000w, https:\/\/autofans.com.ar\/wp-content\/uploads\/2025\/08\/mercedes-2-2-300x200.jpg 300w, https:\/\/autofans.com.ar\/wp-content\/uploads\/2025\/08\/mercedes-2-2-768x512.jpg 768w\" sizes=\"auto, (max-width: 1000px) 100vw, 1000px\" loading=\"lazy\" decoding=\"async\" \/><\/a>\n\t\t\t<\/div><\/figure>\n\t\t<\/div>\n\n<p>&nbsp;<\/p>\n<p class=\"ds-markdown-paragraph\">La producci\u00f3n local de la Sprinter en Argentina abastece a Brasil y otros mercados regionales, con un aumento del 30% en pedidos de exportaci\u00f3n. Esto abre puertas a nuevos destinos.<\/p>\n<p class=\"ds-markdown-paragraph\">En paralelo, el CEO anticip\u00f3 que la marca duplicar\u00e1 su oferta de unidades importadas en 2025 (de 1.500 a 3.000), con m\u00e1s modelos en camino.<\/p>\n<p>&nbsp;<\/p>\n<blockquote>\n<p style=\"text-align: center;\">Herrero tambi\u00e9n destac\u00f3 que \u201cla calidad seguir\u00e1 siendo nuestra m\u00e1xima prioridad\u201d. En ese sentido, explic\u00f3 que, adem\u00e1s del trabajo de los equipos locales en cada etapa del proceso productivo, la casa matriz de Mercedes-Benz continuar\u00e1 auditando los veh\u00edculos fabricados para garantizar el cumplimiento de los est\u00e1ndares globales. \u201cNuestro objetivo es seguir diversificando los destinos de exportaci\u00f3n\u201d, asegur\u00f3.<\/p>\n<\/blockquote>\n<p>&nbsp;<\/p>\n<p>&nbsp;<\/p>\n<p>&nbsp;<\/p>\n<p><i>Para enterarte de m\u00e1s novedades, no dejes de leer\u00a0<\/i><a href=\"https:\/\/autofans.thebrandsoup.com\/\"><i>nuestras notas<\/i><\/a><i>, de ver\u00a0<\/i><a href=\"https:\/\/www.youtube.com\/channel\/UCgAC8UGHZYbT6P7PpmVnP7g\"><i>AUTOFANS TV<\/i><\/a><i>\u00a0en nuestro\u00a0canal de Youtube. Adem\u00e1s seguinos en\u00a0<\/i><a href=\"https:\/\/www.instagram.com\/autofanstv\/\"><i>INSTAGRAM<\/i><\/a><i> y <\/i><a href=\"https:\/\/www.facebook.com\/autofansmas\/\"><i>FACEBOOK<\/i><\/a><i> para no perderte nada sobre las novedades del segmento automotor de Argentina y el mundo.<\/i><\/p>\n","protected":false},"excerpt":{"rendered":"<p>Tras la reducci\u00f3n de precios anunciada en junio, Mercedes-Benz (a trav\u00e9s de Prestige Auto) confirm\u00f3&#8230;<\/p>\n","protected":false},"author":2,"featured_media":13672,"comment_status":"closed","ping_status":"closed","sticky":false,"template":"","format":"standard","meta":{"footnotes":""},"categories":[292,16],"tags":[1194,4316,2527,17,993,7160,6132,4056],"class_list":["post-13671","post","type-post","status-publish","format-standard","has-post-thumbnail","hentry","category-empresas","category-noticias","tag-amg","tag-autos-premium","tag-exportacion-de-vehiculos","tag-mercedes-benz-argentina","tag-mild-hybrid","tag-precios-de-autos","tag-prestige-auto","tag-sprinter"],"yoast_head":"<!-- This site is optimized with the Yoast SEO plugin v27.5 - https:\/\/yoast.com\/product\/yoast-seo-wordpress\/ -->\n<title>Mercedes-Benz congela precios y apuesta a m\u00e1s modelos h\u00edbridos -<\/title>\n<meta name=\"description\" content=\"Tras la reducci\u00f3n de precios anunciada en junio, Mercedes-Benz (a trav\u00e9s de Prestige Auto) confirm\u00f3 que no habr\u00e1 aumentos en agosto...\" \/>\n<meta name=\"robots\" content=\"index, follow, max-snippet:-1, max-image-preview:large, max-video-preview:-1\" \/>\n<link rel=\"canonical\" href=\"https:\/\/autofans.com.ar\/index.php\/2025\/08\/12\/mercedes-benz-congela-precios-y-apuesta-a-mas-modelos-hibridos\/\" \/>\n<meta property=\"og:locale\" content=\"es_ES\" \/>\n<meta property=\"og:type\" content=\"article\" \/>\n<meta property=\"og:title\" content=\"Mercedes-Benz congela precios y apuesta a m\u00e1s modelos h\u00edbridos -\" \/>\n<meta property=\"og:description\" content=\"Tras la reducci\u00f3n de precios anunciada en junio, Mercedes-Benz (a trav\u00e9s de Prestige Auto) confirm\u00f3 que no habr\u00e1 aumentos en agosto...\" \/>\n<meta property=\"og:url\" content=\"https:\/\/autofans.com.ar\/index.php\/2025\/08\/12\/mercedes-benz-congela-precios-y-apuesta-a-mas-modelos-hibridos\/\" \/>\n<meta property=\"article:published_time\" content=\"2025-08-12T21:05:27+00:00\" \/>\n<meta property=\"og:image\" content=\"https:\/\/autofans.com.ar\/wp-content\/uploads\/2025\/08\/mercedes-6-1.jpg\" \/>\n\t<meta property=\"og:image:width\" content=\"1000\" \/>\n\t<meta property=\"og:image:height\" content=\"667\" \/>\n\t<meta property=\"og:image:type\" content=\"image\/jpeg\" \/>\n<meta name=\"author\" content=\"Alejandro Gabriel Rosito\" \/>\n<meta name=\"twitter:card\" content=\"summary_large_image\" \/>\n<meta name=\"twitter:label1\" content=\"Escrito por\" \/>\n\t<meta name=\"twitter:data1\" content=\"Alejandro Gabriel Rosito\" \/>\n\t<meta name=\"twitter:label2\" content=\"Tiempo de lectura\" \/>\n\t<meta name=\"twitter:data2\" content=\"2 minutos\" \/>\n<script type=\"application\/ld+json\" class=\"yoast-schema-graph\">{\"@context\":\"https:\\\/\\\/schema.org\",\"@graph\":[{\"@type\":\"Article\",\"@id\":\"https:\\\/\\\/autofans.com.ar\\\/index.php\\\/2025\\\/08\\\/12\\\/mercedes-benz-congela-precios-y-apuesta-a-mas-modelos-hibridos\\\/#article\",\"isPartOf\":{\"@id\":\"https:\\\/\\\/autofans.com.ar\\\/index.php\\\/2025\\\/08\\\/12\\\/mercedes-benz-congela-precios-y-apuesta-a-mas-modelos-hibridos\\\/\"},\"author\":{\"name\":\"Alejandro Gabriel Rosito\",\"@id\":\"https:\\\/\\\/autofans.com.ar\\\/#\\\/schema\\\/person\\\/4a8dda0b6df83ac3d6723e921274c2aa\"},\"headline\":\"Mercedes-Benz congela precios y apuesta a m\u00e1s modelos h\u00edbridos\",\"datePublished\":\"2025-08-12T21:05:27+00:00\",\"mainEntityOfPage\":{\"@id\":\"https:\\\/\\\/autofans.com.ar\\\/index.php\\\/2025\\\/08\\\/12\\\/mercedes-benz-congela-precios-y-apuesta-a-mas-modelos-hibridos\\\/\"},\"wordCount\":419,\"image\":{\"@id\":\"https:\\\/\\\/autofans.com.ar\\\/index.php\\\/2025\\\/08\\\/12\\\/mercedes-benz-congela-precios-y-apuesta-a-mas-modelos-hibridos\\\/#primaryimage\"},\"thumbnailUrl\":\"https:\\\/\\\/autofans.com.ar\\\/wp-content\\\/uploads\\\/2025\\\/08\\\/mercedes-6-1.jpg\",\"keywords\":[\"AMG\",\"autos premium\",\"exportaci\u00f3n de veh\u00edculos\",\"Mercedes Benz Argentina\",\"Mild Hybrid\",\"precios de autos\",\"Prestige Auto\",\"Sprinter\"],\"articleSection\":[\"EMPRESAS\",\"NOTICIAS\"],\"inLanguage\":\"es\"},{\"@type\":\"WebPage\",\"@id\":\"https:\\\/\\\/autofans.com.ar\\\/index.php\\\/2025\\\/08\\\/12\\\/mercedes-benz-congela-precios-y-apuesta-a-mas-modelos-hibridos\\\/\",\"url\":\"https:\\\/\\\/autofans.com.ar\\\/index.php\\\/2025\\\/08\\\/12\\\/mercedes-benz-congela-precios-y-apuesta-a-mas-modelos-hibridos\\\/\",\"name\":\"Mercedes-Benz congela precios y apuesta a m\u00e1s modelos h\u00edbridos -\",\"isPartOf\":{\"@id\":\"https:\\\/\\\/autofans.com.ar\\\/#website\"},\"primaryImageOfPage\":{\"@id\":\"https:\\\/\\\/autofans.com.ar\\\/index.php\\\/2025\\\/08\\\/12\\\/mercedes-benz-congela-precios-y-apuesta-a-mas-modelos-hibridos\\\/#primaryimage\"},\"image\":{\"@id\":\"https:\\\/\\\/autofans.com.ar\\\/index.php\\\/2025\\\/08\\\/12\\\/mercedes-benz-congela-precios-y-apuesta-a-mas-modelos-hibridos\\\/#primaryimage\"},\"thumbnailUrl\":\"https:\\\/\\\/autofans.com.ar\\\/wp-content\\\/uploads\\\/2025\\\/08\\\/mercedes-6-1.jpg\",\"datePublished\":\"2025-08-12T21:05:27+00:00\",\"author\":{\"@id\":\"https:\\\/\\\/autofans.com.ar\\\/#\\\/schema\\\/person\\\/4a8dda0b6df83ac3d6723e921274c2aa\"},\"description\":\"Tras la reducci\u00f3n de precios anunciada en junio, Mercedes-Benz (a trav\u00e9s de Prestige Auto) confirm\u00f3 que no habr\u00e1 aumentos en agosto...\",\"breadcrumb\":{\"@id\":\"https:\\\/\\\/autofans.com.ar\\\/index.php\\\/2025\\\/08\\\/12\\\/mercedes-benz-congela-precios-y-apuesta-a-mas-modelos-hibridos\\\/#breadcrumb\"},\"inLanguage\":\"es\",\"potentialAction\":[{\"@type\":\"ReadAction\",\"target\":[\"https:\\\/\\\/autofans.com.ar\\\/index.php\\\/2025\\\/08\\\/12\\\/mercedes-benz-congela-precios-y-apuesta-a-mas-modelos-hibridos\\\/\"]}]},{\"@type\":\"ImageObject\",\"inLanguage\":\"es\",\"@id\":\"https:\\\/\\\/autofans.com.ar\\\/index.php\\\/2025\\\/08\\\/12\\\/mercedes-benz-congela-precios-y-apuesta-a-mas-modelos-hibridos\\\/#primaryimage\",\"url\":\"https:\\\/\\\/autofans.com.ar\\\/wp-content\\\/uploads\\\/2025\\\/08\\\/mercedes-6-1.jpg\",\"contentUrl\":\"https:\\\/\\\/autofans.com.ar\\\/wp-content\\\/uploads\\\/2025\\\/08\\\/mercedes-6-1.jpg\",\"width\":1000,\"height\":667,\"caption\":\"Mercedes-Benz\"},{\"@type\":\"BreadcrumbList\",\"@id\":\"https:\\\/\\\/autofans.com.ar\\\/index.php\\\/2025\\\/08\\\/12\\\/mercedes-benz-congela-precios-y-apuesta-a-mas-modelos-hibridos\\\/#breadcrumb\",\"itemListElement\":[{\"@type\":\"ListItem\",\"position\":1,\"name\":\"Inicio\",\"item\":\"https:\\\/\\\/autofans.com.ar\\\/\"},{\"@type\":\"ListItem\",\"position\":2,\"name\":\"Mercedes-Benz congela precios y apuesta a m\u00e1s modelos h\u00edbridos\"}]},{\"@type\":\"WebSite\",\"@id\":\"https:\\\/\\\/autofans.com.ar\\\/#website\",\"url\":\"https:\\\/\\\/autofans.com.ar\\\/\",\"name\":\"\",\"description\":\"El multimedio referente de la industria automotriz\",\"potentialAction\":[{\"@type\":\"SearchAction\",\"target\":{\"@type\":\"EntryPoint\",\"urlTemplate\":\"https:\\\/\\\/autofans.com.ar\\\/?s={search_term_string}\"},\"query-input\":{\"@type\":\"PropertyValueSpecification\",\"valueRequired\":true,\"valueName\":\"search_term_string\"}}],\"inLanguage\":\"es\"},{\"@type\":\"Person\",\"@id\":\"https:\\\/\\\/autofans.com.ar\\\/#\\\/schema\\\/person\\\/4a8dda0b6df83ac3d6723e921274c2aa\",\"name\":\"Alejandro Gabriel Rosito\",\"image\":{\"@type\":\"ImageObject\",\"inLanguage\":\"es\",\"@id\":\"https:\\\/\\\/secure.gravatar.com\\\/avatar\\\/16c5dda1489adfc62618084dcbb91cffd879c374b13fe5dd8e44ed6733852c88?s=96&d=mm&r=g\",\"url\":\"https:\\\/\\\/secure.gravatar.com\\\/avatar\\\/16c5dda1489adfc62618084dcbb91cffd879c374b13fe5dd8e44ed6733852c88?s=96&d=mm&r=g\",\"contentUrl\":\"https:\\\/\\\/secure.gravatar.com\\\/avatar\\\/16c5dda1489adfc62618084dcbb91cffd879c374b13fe5dd8e44ed6733852c88?s=96&d=mm&r=g\",\"caption\":\"Alejandro Gabriel Rosito\"},\"url\":\"https:\\\/\\\/autofans.com.ar\\\/index.php\\\/author\\\/gabrielr\\\/\"}]}<\/script>\n<!-- \/ Yoast SEO plugin. -->","yoast_head_json":{"title":"Mercedes-Benz congela precios y apuesta a m\u00e1s modelos h\u00edbridos -","description":"Tras la reducci\u00f3n de precios anunciada en junio, Mercedes-Benz (a trav\u00e9s de Prestige Auto) confirm\u00f3 que no habr\u00e1 aumentos en agosto...","robots":{"index":"index","follow":"follow","max-snippet":"max-snippet:-1","max-image-preview":"max-image-preview:large","max-video-preview":"max-video-preview:-1"},"canonical":"https:\/\/autofans.com.ar\/index.php\/2025\/08\/12\/mercedes-benz-congela-precios-y-apuesta-a-mas-modelos-hibridos\/","og_locale":"es_ES","og_type":"article","og_title":"Mercedes-Benz congela precios y apuesta a m\u00e1s modelos h\u00edbridos -","og_description":"Tras la reducci\u00f3n de precios anunciada en junio, Mercedes-Benz (a trav\u00e9s de Prestige Auto) confirm\u00f3 que no habr\u00e1 aumentos en agosto...","og_url":"https:\/\/autofans.com.ar\/index.php\/2025\/08\/12\/mercedes-benz-congela-precios-y-apuesta-a-mas-modelos-hibridos\/","article_published_time":"2025-08-12T21:05:27+00:00","og_image":[{"width":1000,"height":667,"url":"https:\/\/autofans.com.ar\/wp-content\/uploads\/2025\/08\/mercedes-6-1.jpg","type":"image\/jpeg"}],"author":"Alejandro Gabriel Rosito","twitter_card":"summary_large_image","twitter_misc":{"Escrito por":"Alejandro Gabriel Rosito","Tiempo de lectura":"2 minutos"},"schema":{"@context":"https:\/\/schema.org","@graph":[{"@type":"Article","@id":"https:\/\/autofans.com.ar\/index.php\/2025\/08\/12\/mercedes-benz-congela-precios-y-apuesta-a-mas-modelos-hibridos\/#article","isPartOf":{"@id":"https:\/\/autofans.com.ar\/index.php\/2025\/08\/12\/mercedes-benz-congela-precios-y-apuesta-a-mas-modelos-hibridos\/"},"author":{"name":"Alejandro Gabriel Rosito","@id":"https:\/\/autofans.com.ar\/#\/schema\/person\/4a8dda0b6df83ac3d6723e921274c2aa"},"headline":"Mercedes-Benz congela precios y apuesta a m\u00e1s modelos h\u00edbridos","datePublished":"2025-08-12T21:05:27+00:00","mainEntityOfPage":{"@id":"https:\/\/autofans.com.ar\/index.php\/2025\/08\/12\/mercedes-benz-congela-precios-y-apuesta-a-mas-modelos-hibridos\/"},"wordCount":419,"image":{"@id":"https:\/\/autofans.com.ar\/index.php\/2025\/08\/12\/mercedes-benz-congela-precios-y-apuesta-a-mas-modelos-hibridos\/#primaryimage"},"thumbnailUrl":"https:\/\/autofans.com.ar\/wp-content\/uploads\/2025\/08\/mercedes-6-1.jpg","keywords":["AMG","autos premium","exportaci\u00f3n de veh\u00edculos","Mercedes Benz Argentina","Mild Hybrid","precios de autos","Prestige Auto","Sprinter"],"articleSection":["EMPRESAS","NOTICIAS"],"inLanguage":"es"},{"@type":"WebPage","@id":"https:\/\/autofans.com.ar\/index.php\/2025\/08\/12\/mercedes-benz-congela-precios-y-apuesta-a-mas-modelos-hibridos\/","url":"https:\/\/autofans.com.ar\/index.php\/2025\/08\/12\/mercedes-benz-congela-precios-y-apuesta-a-mas-modelos-hibridos\/","name":"Mercedes-Benz congela precios y apuesta a m\u00e1s modelos h\u00edbridos -","isPartOf":{"@id":"https:\/\/autofans.com.ar\/#website"},"primaryImageOfPage":{"@id":"https:\/\/autofans.com.ar\/index.php\/2025\/08\/12\/mercedes-benz-congela-precios-y-apuesta-a-mas-modelos-hibridos\/#primaryimage"},"image":{"@id":"https:\/\/autofans.com.ar\/index.php\/2025\/08\/12\/mercedes-benz-congela-precios-y-apuesta-a-mas-modelos-hibridos\/#primaryimage"},"thumbnailUrl":"https:\/\/autofans.com.ar\/wp-content\/uploads\/2025\/08\/mercedes-6-1.jpg","datePublished":"2025-08-12T21:05:27+00:00","author":{"@id":"https:\/\/autofans.com.ar\/#\/schema\/person\/4a8dda0b6df83ac3d6723e921274c2aa"},"description":"Tras la reducci\u00f3n de precios anunciada en junio, Mercedes-Benz (a trav\u00e9s de Prestige Auto) confirm\u00f3 que no habr\u00e1 aumentos en agosto...","breadcrumb":{"@id":"https:\/\/autofans.com.ar\/index.php\/2025\/08\/12\/mercedes-benz-congela-precios-y-apuesta-a-mas-modelos-hibridos\/#breadcrumb"},"inLanguage":"es","potentialAction":[{"@type":"ReadAction","target":["https:\/\/autofans.com.ar\/index.php\/2025\/08\/12\/mercedes-benz-congela-precios-y-apuesta-a-mas-modelos-hibridos\/"]}]},{"@type":"ImageObject","inLanguage":"es","@id":"https:\/\/autofans.com.ar\/index.php\/2025\/08\/12\/mercedes-benz-congela-precios-y-apuesta-a-mas-modelos-hibridos\/#primaryimage","url":"https:\/\/autofans.com.ar\/wp-content\/uploads\/2025\/08\/mercedes-6-1.jpg","contentUrl":"https:\/\/autofans.com.ar\/wp-content\/uploads\/2025\/08\/mercedes-6-1.jpg","width":1000,"height":667,"caption":"Mercedes-Benz"},{"@type":"BreadcrumbList","@id":"https:\/\/autofans.com.ar\/index.php\/2025\/08\/12\/mercedes-benz-congela-precios-y-apuesta-a-mas-modelos-hibridos\/#breadcrumb","itemListElement":[{"@type":"ListItem","position":1,"name":"Inicio","item":"https:\/\/autofans.com.ar\/"},{"@type":"ListItem","position":2,"name":"Mercedes-Benz congela precios y apuesta a m\u00e1s modelos h\u00edbridos"}]},{"@type":"WebSite","@id":"https:\/\/autofans.com.ar\/#website","url":"https:\/\/autofans.com.ar\/","name":"","description":"El multimedio referente de la industria automotriz","potentialAction":[{"@type":"SearchAction","target":{"@type":"EntryPoint","urlTemplate":"https:\/\/autofans.com.ar\/?s={search_term_string}"},"query-input":{"@type":"PropertyValueSpecification","valueRequired":true,"valueName":"search_term_string"}}],"inLanguage":"es"},{"@type":"Person","@id":"https:\/\/autofans.com.ar\/#\/schema\/person\/4a8dda0b6df83ac3d6723e921274c2aa","name":"Alejandro Gabriel Rosito","image":{"@type":"ImageObject","inLanguage":"es","@id":"https:\/\/secure.gravatar.com\/avatar\/16c5dda1489adfc62618084dcbb91cffd879c374b13fe5dd8e44ed6733852c88?s=96&d=mm&r=g","url":"https:\/\/secure.gravatar.com\/avatar\/16c5dda1489adfc62618084dcbb91cffd879c374b13fe5dd8e44ed6733852c88?s=96&d=mm&r=g","contentUrl":"https:\/\/secure.gravatar.com\/avatar\/16c5dda1489adfc62618084dcbb91cffd879c374b13fe5dd8e44ed6733852c88?s=96&d=mm&r=g","caption":"Alejandro Gabriel Rosito"},"url":"https:\/\/autofans.com.ar\/index.php\/author\/gabrielr\/"}]}},"featured_image_urls":{"full":["https:\/\/autofans.com.ar\/wp-content\/uploads\/2025\/08\/mercedes-6-1.jpg",1000,667,false],"thumbnail":["https:\/\/autofans.com.ar\/wp-content\/uploads\/2025\/08\/mercedes-6-1-150x150.jpg",150,150,true],"medium":["https:\/\/autofans.com.ar\/wp-content\/uploads\/2025\/08\/mercedes-6-1-300x200.jpg",300,200,true],"medium_large":["https:\/\/autofans.com.ar\/wp-content\/uploads\/2025\/08\/mercedes-6-1-768x512.jpg",640,427,true],"large":["https:\/\/autofans.com.ar\/wp-content\/uploads\/2025\/08\/mercedes-6-1.jpg",640,427,false],"1536x1536":["https:\/\/autofans.com.ar\/wp-content\/uploads\/2025\/08\/mercedes-6-1.jpg",1000,667,false],"2048x2048":["https:\/\/autofans.com.ar\/wp-content\/uploads\/2025\/08\/mercedes-6-1.jpg",1000,667,false],"covernews-featured":["https:\/\/autofans.com.ar\/wp-content\/uploads\/2025\/08\/mercedes-6-1.jpg",1000,667,false],"covernews-medium":["https:\/\/autofans.com.ar\/wp-content\/uploads\/2025\/08\/mercedes-6-1-540x340.jpg",540,340,true]},"author_info":{"display_name":"Alejandro Gabriel Rosito","author_link":"https:\/\/autofans.com.ar\/index.php\/author\/gabrielr\/"},"category_info":"<a href=\"https:\/\/autofans.com.ar\/index.php\/category\/noticias\/empresas\/\" rel=\"category tag\">EMPRESAS<\/a> <a href=\"https:\/\/autofans.com.ar\/index.php\/category\/noticias\/\" rel=\"category tag\">NOTICIAS<\/a>","tag_info":"NOTICIAS","comment_count":0,"_links":{"self":[{"href":"https:\/\/autofans.com.ar\/index.php\/wp-json\/wp\/v2\/posts\/13671","targetHints":{"allow":["GET"]}}],"collection":[{"href":"https:\/\/autofans.com.ar\/index.php\/wp-json\/wp\/v2\/posts"}],"about":[{"href":"https:\/\/autofans.com.ar\/index.php\/wp-json\/wp\/v2\/types\/post"}],"author":[{"embeddable":true,"href":"https:\/\/autofans.com.ar\/index.php\/wp-json\/wp\/v2\/users\/2"}],"replies":[{"embeddable":true,"href":"https:\/\/autofans.com.ar\/index.php\/wp-json\/wp\/v2\/comments?post=13671"}],"version-history":[{"count":3,"href":"https:\/\/autofans.com.ar\/index.php\/wp-json\/wp\/v2\/posts\/13671\/revisions"}],"predecessor-version":[{"id":13680,"href":"https:\/\/autofans.com.ar\/index.php\/wp-json\/wp\/v2\/posts\/13671\/revisions\/13680"}],"wp:featuredmedia":[{"embeddable":true,"href":"https:\/\/autofans.com.ar\/index.php\/wp-json\/wp\/v2\/media\/13672"}],"wp:attachment":[{"href":"https:\/\/autofans.com.ar\/index.php\/wp-json\/wp\/v2\/media?parent=13671"}],"wp:term":[{"taxonomy":"category","embeddable":true,"href":"https:\/\/autofans.com.ar\/index.php\/wp-json\/wp\/v2\/categories?post=13671"},{"taxonomy":"post_tag","embeddable":true,"href":"https:\/\/autofans.com.ar\/index.php\/wp-json\/wp\/v2\/tags?post=13671"}],"curies":[{"name":"wp","href":"https:\/\/api.w.org\/{rel}","templated":true}]}}