{"id":13694,"date":"2025-08-13T18:58:19","date_gmt":"2025-08-13T21:58:19","guid":{"rendered":"https:\/\/autofans.com.ar\/?p=13694"},"modified":"2025-08-13T18:58:19","modified_gmt":"2025-08-13T21:58:19","slug":"preventa-exclusiva-del-volkswagen-tera","status":"publish","type":"post","link":"https:\/\/autofans.com.ar\/index.php\/2025\/08\/13\/preventa-exclusiva-del-volkswagen-tera\/","title":{"rendered":"Preventa exclusiva del Volkswagen Tera"},"content":{"rendered":"<p class=\"ds-markdown-paragraph\">Volkswagen Argentina present\u00f3 el Tera, un SUVW que llega para consolidarse como el nuevo \u00edcono de la marca. Con un dise\u00f1o vanguardista, tecnolog\u00eda avanzada y m\u00faltiples opciones de equipamiento, apunta a un p\u00fablico joven y exigente.<\/p>\n<p>&nbsp;<\/p>\n<h2>Volkswagen Tera dise\u00f1o innovador y personalidad \u00fanica<\/h2>\n<p class=\"ds-markdown-paragraph\">Desarrollado bajo la plataforma MQB, el Tera destaca por sus l\u00edneas din\u00e1micas y proporciones equilibradas. La firma lum\u00ednica VW LED y los faros traseros con efecto \u00abclick-clack\u00bb refuerzan su identidad. Adem\u00e1s, incluye \u00abEaster Eggs\u00bb (detalles ocultos) como gui\u00f1os a modelos emblem\u00e1ticos como el Beetle y el Gol.<\/p>\n<p>&nbsp;<\/p>\n<div id='gallery-1' class='gallery galleryid-13694 gallery-columns-2 gallery-size-full'><figure class='gallery-item'>\n\t\t\t<div class='gallery-icon landscape'>\n\t\t\t\t<a href='https:\/\/autofans.com.ar\/index.php\/2025\/08\/13\/preventa-exclusiva-del-volkswagen-tera\/wolkswagen-1\/'><img loading=\"lazy\" width=\"1000\" height=\"667\" src=\"https:\/\/autofans.com.ar\/wp-content\/uploads\/2025\/08\/wolkswagen-1.jpg\" class=\"attachment-full size-full\" alt=\"Volkswagen Tera\" srcset=\"https:\/\/autofans.com.ar\/wp-content\/uploads\/2025\/08\/wolkswagen-1.jpg 1000w, https:\/\/autofans.com.ar\/wp-content\/uploads\/2025\/08\/wolkswagen-1-300x200.jpg 300w, https:\/\/autofans.com.ar\/wp-content\/uploads\/2025\/08\/wolkswagen-1-768x512.jpg 768w\" sizes=\"auto, (max-width: 1000px) 100vw, 1000px\" loading=\"lazy\" decoding=\"async\" \/><\/a>\n\t\t\t<\/div><\/figure><figure class='gallery-item'>\n\t\t\t<div class='gallery-icon landscape'>\n\t\t\t\t<a href='https:\/\/autofans.com.ar\/index.php\/2025\/08\/13\/preventa-exclusiva-del-volkswagen-tera\/volkswagen-3-9\/'><img loading=\"lazy\" width=\"1000\" height=\"667\" src=\"https:\/\/autofans.com.ar\/wp-content\/uploads\/2025\/08\/volkswagen-3-1.jpg\" class=\"attachment-full size-full\" alt=\"Volkswagen Tera\" srcset=\"https:\/\/autofans.com.ar\/wp-content\/uploads\/2025\/08\/volkswagen-3-1.jpg 1000w, https:\/\/autofans.com.ar\/wp-content\/uploads\/2025\/08\/volkswagen-3-1-300x200.jpg 300w, https:\/\/autofans.com.ar\/wp-content\/uploads\/2025\/08\/volkswagen-3-1-768x512.jpg 768w\" sizes=\"auto, (max-width: 1000px) 100vw, 1000px\" loading=\"lazy\" decoding=\"async\" \/><\/a>\n\t\t\t<\/div><\/figure>\n\t\t<\/div>\n\n<p>&nbsp;<\/p>\n<ol start=\"1\">\n<li>\n<p class=\"ds-markdown-paragraph\">Trend: Motor 1.6 MSI (110 CV), caja manual, pantalla VW Play 10&#8243; y seguridad con 6 airbags.<\/p>\n<\/li>\n<li>\n<p class=\"ds-markdown-paragraph\">Comfort: Motor 1.0 TSI (101 CV), caja autom\u00e1tica, llantas de aleaci\u00f3n y opci\u00f3n de freno aut\u00f3nomo (AEB).<\/p>\n<\/li>\n<li>\n<p class=\"ds-markdown-paragraph\">High: M\u00e1ximo confort con asistente de carril, c\u00e1mara de estacionamiento, cargador inal\u00e1mbrico y tablero digital 10&#8243;.<\/p>\n<\/li>\n<li>\n<p class=\"ds-markdown-paragraph\">Outfit: Enfoque en personalizaci\u00f3n con llantas oscurecidas, techo negro contrastante y tapizados exclusivos.<\/p>\n<\/li>\n<\/ol>\n<p>&nbsp;<\/p>\n<h2>Seguridad top, 5 estrellas Latin NCAP<\/h2>\n<p>&nbsp;<\/p>\n<div id='gallery-2' class='gallery galleryid-13694 gallery-columns-2 gallery-size-full'><figure class='gallery-item'>\n\t\t\t<div class='gallery-icon landscape'>\n\t\t\t\t<a href='https:\/\/autofans.com.ar\/index.php\/2025\/08\/13\/preventa-exclusiva-del-volkswagen-tera\/volkswagen-4-8\/'><img loading=\"lazy\" width=\"1000\" height=\"667\" src=\"https:\/\/autofans.com.ar\/wp-content\/uploads\/2025\/08\/volkswagen-4.jpg\" class=\"attachment-full size-full\" alt=\"Volkswagen Tera\" srcset=\"https:\/\/autofans.com.ar\/wp-content\/uploads\/2025\/08\/volkswagen-4.jpg 1000w, https:\/\/autofans.com.ar\/wp-content\/uploads\/2025\/08\/volkswagen-4-300x200.jpg 300w, https:\/\/autofans.com.ar\/wp-content\/uploads\/2025\/08\/volkswagen-4-768x512.jpg 768w\" sizes=\"auto, (max-width: 1000px) 100vw, 1000px\" loading=\"lazy\" decoding=\"async\" \/><\/a>\n\t\t\t<\/div><\/figure><figure class='gallery-item'>\n\t\t\t<div class='gallery-icon landscape'>\n\t\t\t\t<a href='https:\/\/autofans.com.ar\/index.php\/2025\/08\/13\/preventa-exclusiva-del-volkswagen-tera\/volkswagen-2-13\/'><img loading=\"lazy\" width=\"1000\" height=\"667\" src=\"https:\/\/autofans.com.ar\/wp-content\/uploads\/2025\/08\/volkswagen-2-1.jpg\" class=\"attachment-full size-full\" alt=\"Volkswagen Tera\" srcset=\"https:\/\/autofans.com.ar\/wp-content\/uploads\/2025\/08\/volkswagen-2-1.jpg 1000w, https:\/\/autofans.com.ar\/wp-content\/uploads\/2025\/08\/volkswagen-2-1-300x200.jpg 300w, https:\/\/autofans.com.ar\/wp-content\/uploads\/2025\/08\/volkswagen-2-1-768x512.jpg 768w\" sizes=\"auto, (max-width: 1000px) 100vw, 1000px\" loading=\"lazy\" decoding=\"async\" \/><\/a>\n\t\t\t<\/div><\/figure>\n\t\t<\/div>\n\n<p>&nbsp;<\/p>\n<p class=\"ds-markdown-paragraph\">El Tera obtuvo la m\u00e1xima calificaci\u00f3n en protecci\u00f3n para adultos y ni\u00f1os, sum\u00e1ndose a los SUV m\u00e1s seguros de Volkswagen (T-Cross, Nivus, Taos). Incluye:<\/p>\n<ul>\n<li>\n<p class=\"ds-markdown-paragraph\">Estructura con aceros de alta resistencia.<\/p>\n<\/li>\n<li>\n<p class=\"ds-markdown-paragraph\">Frenado aut\u00f3nomo con detecci\u00f3n de peatones.<\/p>\n<\/li>\n<li>\n<p class=\"ds-markdown-paragraph\">Control de estabilidad ESP y 6 airbags de serie.<\/p>\n<\/li>\n<\/ul>\n<hr \/>\n<div style=\"display: flex; justify-content: center; width: 100%;\">\n<div style=\"display: flex; align-items: center; justify-content: space-between; background: #f0f2f5; padding: 3px 92px; border-radius: 0px; box-shadow: 0 4px 10px rgba(0, 0, 0, 0.08); margin: 24px 0; max-width: 700px;\">\n<div style=\"flex: 1;\"><a style=\"font-size: 18px; color: #921414; font-weight: bold; text-decoration: underline;\" href=\"https:\/\/autofans.com.ar\/wp-content\/uploads\/2025\/08\/Flyer-Nuevo-VW-Tera.pdf\" target=\"_blank\" rel=\"noopener\"><br \/>\n\u2192 Ficha T\u00e9cnica Volkswagen Tera<br \/>\n<\/a><a style=\"font-size: 18px; color: #007bff; font-weight: 1200; text-decoration: underline;\" href=\"https:\/\/autofans.com.ar\/wp-content\/uploads\/2025\/05\/ftmy26argo-681166d8eb8a6.pdf\" target=\"_blank\" rel=\"noopener\"><br \/>\n<\/a><\/div>\n<div style=\"margin-left: 46px;\"><img fetchpriority=\"high\" decoding=\"async\" class=\"alignright\" style=\"height: 20px; width: auto;\" src=\"https:\/\/autofans.com.ar\/wp-content\/uploads\/2023\/02\/Autofans_600x102_150px5.png\" alt=\"Logo Autofans\" width=\"1200\" height=\"137\" \/><\/div>\n<\/div>\n<\/div>\n<hr \/>\n<p>&nbsp;<\/p>\n<h2>Preventa con beneficios exclusivos<\/h2>\n<p class=\"ds-markdown-paragraph\">Hasta agotar las 200 unidades disponibles, los clientes acceden a:<\/p>\n<ul>\n<li>\n<p class=\"ds-markdown-paragraph\">Tasa 0% a 9 meses (hasta $12.500.000).<\/p>\n<\/li>\n<li>\n<p class=\"ds-markdown-paragraph\">3 servicios bonificados + seguro gratis por 3 meses.<\/p>\n<\/li>\n<li>\n<p class=\"ds-markdown-paragraph\">1000 km de combustible cortes\u00eda de Shell V-Power.<\/p>\n<\/li>\n<\/ul>\n<p>&nbsp;<\/p>\n<p><img decoding=\"async\" class=\"aligncenter wp-image-13695 size-full\" src=\"https:\/\/autofans.com.ar\/wp-content\/uploads\/2025\/08\/volkswagen-6.jpg\" alt=\"Volkswagen Tera\" width=\"1000\" height=\"667\" srcset=\"https:\/\/autofans.com.ar\/wp-content\/uploads\/2025\/08\/volkswagen-6.jpg 1000w, https:\/\/autofans.com.ar\/wp-content\/uploads\/2025\/08\/volkswagen-6-300x200.jpg 300w, https:\/\/autofans.com.ar\/wp-content\/uploads\/2025\/08\/volkswagen-6-768x512.jpg 768w\" sizes=\"(max-width: 1000px) 100vw, 1000px\" \/><\/p>\n<p>&nbsp;<\/p>\n<h4>Precios (agosto 2024)<\/h4>\n<ul>\n<li>\n<p class=\"ds-markdown-paragraph\">Trend: $29.900.000<\/p>\n<\/li>\n<li>\n<p class=\"ds-markdown-paragraph\">Comfort: $33.700.000<\/p>\n<\/li>\n<li>\n<p class=\"ds-markdown-paragraph\">High: $36.900.000<\/p>\n<\/li>\n<li>\n<p class=\"ds-markdown-paragraph\">Outfit: $37.800.000<\/p>\n<\/li>\n<\/ul>\n<h4>Postventa y financiaci\u00f3n<\/h4>\n<ul>\n<li>\n<p class=\"ds-markdown-paragraph\">Garant\u00eda de 3 a\u00f1os o 100.000 km.<\/p>\n<\/li>\n<li>\n<p class=\"ds-markdown-paragraph\">Mantenimiento con precio fijo en cuotas.<\/p>\n<\/li>\n<li>\n<p class=\"ds-markdown-paragraph\">Promoci\u00f3n de 9 meses de seguro Todo Riesgo con VW Financial Services.<\/p>\n<\/li>\n<\/ul>\n<p>&nbsp;<\/p>\n<p>&nbsp;<\/p>\n<p>&nbsp;<\/p>\n<p><i>Para enterarte de m\u00e1s novedades, no dejes de leer\u00a0<\/i><a href=\"https:\/\/autofans.thebrandsoup.com\/\"><i>nuestras notas<\/i><\/a><i>, de ver\u00a0<\/i><a href=\"https:\/\/www.youtube.com\/channel\/UCgAC8UGHZYbT6P7PpmVnP7g\"><i>AUTOFANS TV<\/i><\/a><i>\u00a0en nuestro\u00a0canal de Youtube. Adem\u00e1s seguinos en\u00a0<\/i><a href=\"https:\/\/www.instagram.com\/autofanstv\/\"><i>INSTAGRAM<\/i><\/a><i> y <\/i><a href=\"https:\/\/www.facebook.com\/autofansmas\/\"><i>FACEBOOK<\/i><\/a><i> para no perderte nada sobre las novedades del segmento automotor de Argentina y el mundo.<\/i><\/p>\n","protected":false},"excerpt":{"rendered":"<p>Volkswagen Argentina present\u00f3 el Tera, un SUVW que llega para consolidarse como el nuevo \u00edcono&#8230;<\/p>\n","protected":false},"author":2,"featured_media":13696,"comment_status":"closed","ping_status":"closed","sticky":false,"template":"","format":"standard","meta":{"footnotes":""},"categories":[8,1],"tags":[3878,7167,7168,522,7169,5243,1064],"class_list":["post-13694","post","type-post","status-publish","format-standard","has-post-thumbnail","hentry","category-autos-y-suv","category-lanzamientos","tag-financiacion-0","tag-latin-ncap-5-estrellas","tag-preventa-tera","tag-suvw","tag-tera-version-high","tag-volkswagen-tera","tag-vw-argentina"],"yoast_head":"<!-- This site is optimized with the Yoast SEO plugin v27.5 - https:\/\/yoast.com\/product\/yoast-seo-wordpress\/ -->\n<title>Preventa exclusiva del Volkswagen Tera -<\/title>\n<meta name=\"description\" content=\"Volkswagen Argentina present\u00f3 el Tera, un SUVW que llega para consolidarse como el nuevo \u00edcono de la marca. Con un dise\u00f1o vanguardista..\" \/>\n<meta name=\"robots\" content=\"index, follow, max-snippet:-1, max-image-preview:large, max-video-preview:-1\" \/>\n<link rel=\"canonical\" href=\"https:\/\/autofans.com.ar\/index.php\/2025\/08\/13\/preventa-exclusiva-del-volkswagen-tera\/\" \/>\n<meta property=\"og:locale\" content=\"es_ES\" \/>\n<meta property=\"og:type\" content=\"article\" \/>\n<meta property=\"og:title\" content=\"Preventa exclusiva del Volkswagen Tera -\" \/>\n<meta property=\"og:description\" content=\"Volkswagen Argentina present\u00f3 el Tera, un SUVW que llega para consolidarse como el nuevo \u00edcono de la marca. Con un dise\u00f1o vanguardista..\" \/>\n<meta property=\"og:url\" content=\"https:\/\/autofans.com.ar\/index.php\/2025\/08\/13\/preventa-exclusiva-del-volkswagen-tera\/\" \/>\n<meta property=\"article:published_time\" content=\"2025-08-13T21:58:19+00:00\" \/>\n<meta property=\"og:image\" content=\"https:\/\/autofans.com.ar\/wp-content\/uploads\/2025\/08\/volkswagen-5.jpg\" \/>\n\t<meta property=\"og:image:width\" content=\"1000\" \/>\n\t<meta property=\"og:image:height\" content=\"667\" \/>\n\t<meta property=\"og:image:type\" content=\"image\/jpeg\" \/>\n<meta name=\"author\" content=\"Alejandro Gabriel Rosito\" \/>\n<meta name=\"twitter:card\" content=\"summary_large_image\" \/>\n<meta name=\"twitter:label1\" content=\"Escrito por\" \/>\n\t<meta name=\"twitter:data1\" content=\"Alejandro Gabriel Rosito\" \/>\n\t<meta name=\"twitter:label2\" content=\"Tiempo de lectura\" \/>\n\t<meta name=\"twitter:data2\" content=\"3 minutos\" \/>\n<script type=\"application\/ld+json\" class=\"yoast-schema-graph\">{\"@context\":\"https:\\\/\\\/schema.org\",\"@graph\":[{\"@type\":\"Article\",\"@id\":\"https:\\\/\\\/autofans.com.ar\\\/index.php\\\/2025\\\/08\\\/13\\\/preventa-exclusiva-del-volkswagen-tera\\\/#article\",\"isPartOf\":{\"@id\":\"https:\\\/\\\/autofans.com.ar\\\/index.php\\\/2025\\\/08\\\/13\\\/preventa-exclusiva-del-volkswagen-tera\\\/\"},\"author\":{\"name\":\"Alejandro Gabriel Rosito\",\"@id\":\"https:\\\/\\\/autofans.com.ar\\\/#\\\/schema\\\/person\\\/4a8dda0b6df83ac3d6723e921274c2aa\"},\"headline\":\"Preventa exclusiva del Volkswagen Tera\",\"datePublished\":\"2025-08-13T21:58:19+00:00\",\"mainEntityOfPage\":{\"@id\":\"https:\\\/\\\/autofans.com.ar\\\/index.php\\\/2025\\\/08\\\/13\\\/preventa-exclusiva-del-volkswagen-tera\\\/\"},\"wordCount\":363,\"image\":{\"@id\":\"https:\\\/\\\/autofans.com.ar\\\/index.php\\\/2025\\\/08\\\/13\\\/preventa-exclusiva-del-volkswagen-tera\\\/#primaryimage\"},\"thumbnailUrl\":\"https:\\\/\\\/autofans.com.ar\\\/wp-content\\\/uploads\\\/2025\\\/08\\\/volkswagen-5.jpg\",\"keywords\":[\"financiaci\u00f3n 0%\",\"Latin NCAP 5 estrellas\",\"preventa Tera\",\"SUVW\",\"Tera versi\u00f3n High\",\"Volkswagen TERA\",\"vw argentina\"],\"articleSection\":[\"Autos y SUV\",\"LANZAMIENTOS\"],\"inLanguage\":\"es\"},{\"@type\":\"WebPage\",\"@id\":\"https:\\\/\\\/autofans.com.ar\\\/index.php\\\/2025\\\/08\\\/13\\\/preventa-exclusiva-del-volkswagen-tera\\\/\",\"url\":\"https:\\\/\\\/autofans.com.ar\\\/index.php\\\/2025\\\/08\\\/13\\\/preventa-exclusiva-del-volkswagen-tera\\\/\",\"name\":\"Preventa exclusiva del Volkswagen Tera -\",\"isPartOf\":{\"@id\":\"https:\\\/\\\/autofans.com.ar\\\/#website\"},\"primaryImageOfPage\":{\"@id\":\"https:\\\/\\\/autofans.com.ar\\\/index.php\\\/2025\\\/08\\\/13\\\/preventa-exclusiva-del-volkswagen-tera\\\/#primaryimage\"},\"image\":{\"@id\":\"https:\\\/\\\/autofans.com.ar\\\/index.php\\\/2025\\\/08\\\/13\\\/preventa-exclusiva-del-volkswagen-tera\\\/#primaryimage\"},\"thumbnailUrl\":\"https:\\\/\\\/autofans.com.ar\\\/wp-content\\\/uploads\\\/2025\\\/08\\\/volkswagen-5.jpg\",\"datePublished\":\"2025-08-13T21:58:19+00:00\",\"author\":{\"@id\":\"https:\\\/\\\/autofans.com.ar\\\/#\\\/schema\\\/person\\\/4a8dda0b6df83ac3d6723e921274c2aa\"},\"description\":\"Volkswagen Argentina present\u00f3 el Tera, un SUVW que llega para consolidarse como el nuevo \u00edcono de la marca. Con un dise\u00f1o vanguardista..\",\"breadcrumb\":{\"@id\":\"https:\\\/\\\/autofans.com.ar\\\/index.php\\\/2025\\\/08\\\/13\\\/preventa-exclusiva-del-volkswagen-tera\\\/#breadcrumb\"},\"inLanguage\":\"es\",\"potentialAction\":[{\"@type\":\"ReadAction\",\"target\":[\"https:\\\/\\\/autofans.com.ar\\\/index.php\\\/2025\\\/08\\\/13\\\/preventa-exclusiva-del-volkswagen-tera\\\/\"]}]},{\"@type\":\"ImageObject\",\"inLanguage\":\"es\",\"@id\":\"https:\\\/\\\/autofans.com.ar\\\/index.php\\\/2025\\\/08\\\/13\\\/preventa-exclusiva-del-volkswagen-tera\\\/#primaryimage\",\"url\":\"https:\\\/\\\/autofans.com.ar\\\/wp-content\\\/uploads\\\/2025\\\/08\\\/volkswagen-5.jpg\",\"contentUrl\":\"https:\\\/\\\/autofans.com.ar\\\/wp-content\\\/uploads\\\/2025\\\/08\\\/volkswagen-5.jpg\",\"width\":1000,\"height\":667,\"caption\":\"Volkswagen Tera\"},{\"@type\":\"BreadcrumbList\",\"@id\":\"https:\\\/\\\/autofans.com.ar\\\/index.php\\\/2025\\\/08\\\/13\\\/preventa-exclusiva-del-volkswagen-tera\\\/#breadcrumb\",\"itemListElement\":[{\"@type\":\"ListItem\",\"position\":1,\"name\":\"Inicio\",\"item\":\"https:\\\/\\\/autofans.com.ar\\\/\"},{\"@type\":\"ListItem\",\"position\":2,\"name\":\"Preventa exclusiva del Volkswagen Tera\"}]},{\"@type\":\"WebSite\",\"@id\":\"https:\\\/\\\/autofans.com.ar\\\/#website\",\"url\":\"https:\\\/\\\/autofans.com.ar\\\/\",\"name\":\"\",\"description\":\"El multimedio referente de la industria automotriz\",\"potentialAction\":[{\"@type\":\"SearchAction\",\"target\":{\"@type\":\"EntryPoint\",\"urlTemplate\":\"https:\\\/\\\/autofans.com.ar\\\/?s={search_term_string}\"},\"query-input\":{\"@type\":\"PropertyValueSpecification\",\"valueRequired\":true,\"valueName\":\"search_term_string\"}}],\"inLanguage\":\"es\"},{\"@type\":\"Person\",\"@id\":\"https:\\\/\\\/autofans.com.ar\\\/#\\\/schema\\\/person\\\/4a8dda0b6df83ac3d6723e921274c2aa\",\"name\":\"Alejandro Gabriel Rosito\",\"image\":{\"@type\":\"ImageObject\",\"inLanguage\":\"es\",\"@id\":\"https:\\\/\\\/secure.gravatar.com\\\/avatar\\\/16c5dda1489adfc62618084dcbb91cffd879c374b13fe5dd8e44ed6733852c88?s=96&d=mm&r=g\",\"url\":\"https:\\\/\\\/secure.gravatar.com\\\/avatar\\\/16c5dda1489adfc62618084dcbb91cffd879c374b13fe5dd8e44ed6733852c88?s=96&d=mm&r=g\",\"contentUrl\":\"https:\\\/\\\/secure.gravatar.com\\\/avatar\\\/16c5dda1489adfc62618084dcbb91cffd879c374b13fe5dd8e44ed6733852c88?s=96&d=mm&r=g\",\"caption\":\"Alejandro Gabriel Rosito\"},\"url\":\"https:\\\/\\\/autofans.com.ar\\\/index.php\\\/author\\\/gabrielr\\\/\"}]}<\/script>\n<!-- \/ Yoast SEO plugin. -->","yoast_head_json":{"title":"Preventa exclusiva del Volkswagen Tera -","description":"Volkswagen Argentina present\u00f3 el Tera, un SUVW que llega para consolidarse como el nuevo \u00edcono de la marca. Con un dise\u00f1o vanguardista..","robots":{"index":"index","follow":"follow","max-snippet":"max-snippet:-1","max-image-preview":"max-image-preview:large","max-video-preview":"max-video-preview:-1"},"canonical":"https:\/\/autofans.com.ar\/index.php\/2025\/08\/13\/preventa-exclusiva-del-volkswagen-tera\/","og_locale":"es_ES","og_type":"article","og_title":"Preventa exclusiva del Volkswagen Tera -","og_description":"Volkswagen Argentina present\u00f3 el Tera, un SUVW que llega para consolidarse como el nuevo \u00edcono de la marca. Con un dise\u00f1o vanguardista..","og_url":"https:\/\/autofans.com.ar\/index.php\/2025\/08\/13\/preventa-exclusiva-del-volkswagen-tera\/","article_published_time":"2025-08-13T21:58:19+00:00","og_image":[{"width":1000,"height":667,"url":"https:\/\/autofans.com.ar\/wp-content\/uploads\/2025\/08\/volkswagen-5.jpg","type":"image\/jpeg"}],"author":"Alejandro Gabriel Rosito","twitter_card":"summary_large_image","twitter_misc":{"Escrito por":"Alejandro Gabriel Rosito","Tiempo de lectura":"3 minutos"},"schema":{"@context":"https:\/\/schema.org","@graph":[{"@type":"Article","@id":"https:\/\/autofans.com.ar\/index.php\/2025\/08\/13\/preventa-exclusiva-del-volkswagen-tera\/#article","isPartOf":{"@id":"https:\/\/autofans.com.ar\/index.php\/2025\/08\/13\/preventa-exclusiva-del-volkswagen-tera\/"},"author":{"name":"Alejandro Gabriel Rosito","@id":"https:\/\/autofans.com.ar\/#\/schema\/person\/4a8dda0b6df83ac3d6723e921274c2aa"},"headline":"Preventa exclusiva del Volkswagen Tera","datePublished":"2025-08-13T21:58:19+00:00","mainEntityOfPage":{"@id":"https:\/\/autofans.com.ar\/index.php\/2025\/08\/13\/preventa-exclusiva-del-volkswagen-tera\/"},"wordCount":363,"image":{"@id":"https:\/\/autofans.com.ar\/index.php\/2025\/08\/13\/preventa-exclusiva-del-volkswagen-tera\/#primaryimage"},"thumbnailUrl":"https:\/\/autofans.com.ar\/wp-content\/uploads\/2025\/08\/volkswagen-5.jpg","keywords":["financiaci\u00f3n 0%","Latin NCAP 5 estrellas","preventa Tera","SUVW","Tera versi\u00f3n High","Volkswagen TERA","vw argentina"],"articleSection":["Autos y SUV","LANZAMIENTOS"],"inLanguage":"es"},{"@type":"WebPage","@id":"https:\/\/autofans.com.ar\/index.php\/2025\/08\/13\/preventa-exclusiva-del-volkswagen-tera\/","url":"https:\/\/autofans.com.ar\/index.php\/2025\/08\/13\/preventa-exclusiva-del-volkswagen-tera\/","name":"Preventa exclusiva del Volkswagen Tera -","isPartOf":{"@id":"https:\/\/autofans.com.ar\/#website"},"primaryImageOfPage":{"@id":"https:\/\/autofans.com.ar\/index.php\/2025\/08\/13\/preventa-exclusiva-del-volkswagen-tera\/#primaryimage"},"image":{"@id":"https:\/\/autofans.com.ar\/index.php\/2025\/08\/13\/preventa-exclusiva-del-volkswagen-tera\/#primaryimage"},"thumbnailUrl":"https:\/\/autofans.com.ar\/wp-content\/uploads\/2025\/08\/volkswagen-5.jpg","datePublished":"2025-08-13T21:58:19+00:00","author":{"@id":"https:\/\/autofans.com.ar\/#\/schema\/person\/4a8dda0b6df83ac3d6723e921274c2aa"},"description":"Volkswagen Argentina present\u00f3 el Tera, un SUVW que llega para consolidarse como el nuevo \u00edcono de la marca. Con un dise\u00f1o vanguardista..","breadcrumb":{"@id":"https:\/\/autofans.com.ar\/index.php\/2025\/08\/13\/preventa-exclusiva-del-volkswagen-tera\/#breadcrumb"},"inLanguage":"es","potentialAction":[{"@type":"ReadAction","target":["https:\/\/autofans.com.ar\/index.php\/2025\/08\/13\/preventa-exclusiva-del-volkswagen-tera\/"]}]},{"@type":"ImageObject","inLanguage":"es","@id":"https:\/\/autofans.com.ar\/index.php\/2025\/08\/13\/preventa-exclusiva-del-volkswagen-tera\/#primaryimage","url":"https:\/\/autofans.com.ar\/wp-content\/uploads\/2025\/08\/volkswagen-5.jpg","contentUrl":"https:\/\/autofans.com.ar\/wp-content\/uploads\/2025\/08\/volkswagen-5.jpg","width":1000,"height":667,"caption":"Volkswagen Tera"},{"@type":"BreadcrumbList","@id":"https:\/\/autofans.com.ar\/index.php\/2025\/08\/13\/preventa-exclusiva-del-volkswagen-tera\/#breadcrumb","itemListElement":[{"@type":"ListItem","position":1,"name":"Inicio","item":"https:\/\/autofans.com.ar\/"},{"@type":"ListItem","position":2,"name":"Preventa exclusiva del Volkswagen Tera"}]},{"@type":"WebSite","@id":"https:\/\/autofans.com.ar\/#website","url":"https:\/\/autofans.com.ar\/","name":"","description":"El multimedio referente de la industria automotriz","potentialAction":[{"@type":"SearchAction","target":{"@type":"EntryPoint","urlTemplate":"https:\/\/autofans.com.ar\/?s={search_term_string}"},"query-input":{"@type":"PropertyValueSpecification","valueRequired":true,"valueName":"search_term_string"}}],"inLanguage":"es"},{"@type":"Person","@id":"https:\/\/autofans.com.ar\/#\/schema\/person\/4a8dda0b6df83ac3d6723e921274c2aa","name":"Alejandro Gabriel Rosito","image":{"@type":"ImageObject","inLanguage":"es","@id":"https:\/\/secure.gravatar.com\/avatar\/16c5dda1489adfc62618084dcbb91cffd879c374b13fe5dd8e44ed6733852c88?s=96&d=mm&r=g","url":"https:\/\/secure.gravatar.com\/avatar\/16c5dda1489adfc62618084dcbb91cffd879c374b13fe5dd8e44ed6733852c88?s=96&d=mm&r=g","contentUrl":"https:\/\/secure.gravatar.com\/avatar\/16c5dda1489adfc62618084dcbb91cffd879c374b13fe5dd8e44ed6733852c88?s=96&d=mm&r=g","caption":"Alejandro Gabriel Rosito"},"url":"https:\/\/autofans.com.ar\/index.php\/author\/gabrielr\/"}]}},"featured_image_urls":{"full":["https:\/\/autofans.com.ar\/wp-content\/uploads\/2025\/08\/volkswagen-5.jpg",1000,667,false],"thumbnail":["https:\/\/autofans.com.ar\/wp-content\/uploads\/2025\/08\/volkswagen-5-150x150.jpg",150,150,true],"medium":["https:\/\/autofans.com.ar\/wp-content\/uploads\/2025\/08\/volkswagen-5-300x200.jpg",300,200,true],"medium_large":["https:\/\/autofans.com.ar\/wp-content\/uploads\/2025\/08\/volkswagen-5-768x512.jpg",640,427,true],"large":["https:\/\/autofans.com.ar\/wp-content\/uploads\/2025\/08\/volkswagen-5.jpg",640,427,false],"1536x1536":["https:\/\/autofans.com.ar\/wp-content\/uploads\/2025\/08\/volkswagen-5.jpg",1000,667,false],"2048x2048":["https:\/\/autofans.com.ar\/wp-content\/uploads\/2025\/08\/volkswagen-5.jpg",1000,667,false],"covernews-featured":["https:\/\/autofans.com.ar\/wp-content\/uploads\/2025\/08\/volkswagen-5.jpg",1000,667,false],"covernews-medium":["https:\/\/autofans.com.ar\/wp-content\/uploads\/2025\/08\/volkswagen-5-540x340.jpg",540,340,true]},"author_info":{"display_name":"Alejandro Gabriel Rosito","author_link":"https:\/\/autofans.com.ar\/index.php\/author\/gabrielr\/"},"category_info":"<a href=\"https:\/\/autofans.com.ar\/index.php\/category\/lanzamientos\/autos-y-suv\/\" rel=\"category tag\">Autos y SUV<\/a> <a href=\"https:\/\/autofans.com.ar\/index.php\/category\/lanzamientos\/\" rel=\"category tag\">LANZAMIENTOS<\/a>","tag_info":"LANZAMIENTOS","comment_count":0,"_links":{"self":[{"href":"https:\/\/autofans.com.ar\/index.php\/wp-json\/wp\/v2\/posts\/13694","targetHints":{"allow":["GET"]}}],"collection":[{"href":"https:\/\/autofans.com.ar\/index.php\/wp-json\/wp\/v2\/posts"}],"about":[{"href":"https:\/\/autofans.com.ar\/index.php\/wp-json\/wp\/v2\/types\/post"}],"author":[{"embeddable":true,"href":"https:\/\/autofans.com.ar\/index.php\/wp-json\/wp\/v2\/users\/2"}],"replies":[{"embeddable":true,"href":"https:\/\/autofans.com.ar\/index.php\/wp-json\/wp\/v2\/comments?post=13694"}],"version-history":[{"count":2,"href":"https:\/\/autofans.com.ar\/index.php\/wp-json\/wp\/v2\/posts\/13694\/revisions"}],"predecessor-version":[{"id":13703,"href":"https:\/\/autofans.com.ar\/index.php\/wp-json\/wp\/v2\/posts\/13694\/revisions\/13703"}],"wp:featuredmedia":[{"embeddable":true,"href":"https:\/\/autofans.com.ar\/index.php\/wp-json\/wp\/v2\/media\/13696"}],"wp:attachment":[{"href":"https:\/\/autofans.com.ar\/index.php\/wp-json\/wp\/v2\/media?parent=13694"}],"wp:term":[{"taxonomy":"category","embeddable":true,"href":"https:\/\/autofans.com.ar\/index.php\/wp-json\/wp\/v2\/categories?post=13694"},{"taxonomy":"post_tag","embeddable":true,"href":"https:\/\/autofans.com.ar\/index.php\/wp-json\/wp\/v2\/tags?post=13694"}],"curies":[{"name":"wp","href":"https:\/\/api.w.org\/{rel}","templated":true}]}}