{"id":13721,"date":"2025-08-15T19:47:26","date_gmt":"2025-08-15T22:47:26","guid":{"rendered":"https:\/\/autofans.com.ar\/?p=13721"},"modified":"2025-08-15T19:47:26","modified_gmt":"2025-08-15T22:47:26","slug":"nightfall-concept-anuncia-la-ram-dakota","status":"publish","type":"post","link":"https:\/\/autofans.com.ar\/index.php\/2025\/08\/15\/nightfall-concept-anuncia-la-ram-dakota\/","title":{"rendered":"Nightfall Concept anuncia la RAM Dakota"},"content":{"rendered":"<p class=\"ds-markdown-paragraph\">RAM, la marca especializada en pick-ups, anunci\u00f3 el lanzamiento de su nuevo modelo: la Dakota. Producida en la planta de Stellantis en C\u00f3rdoba, llegar\u00e1 a Argentina a fin de a\u00f1o y luego se exportar\u00e1 a Brasil y otros mercados sudamericanos.<\/p>\n<p class=\"ds-markdown-paragraph\">El anticipo de este veh\u00edculo fue el concept Nightfall, presentado en un evento en S\u00e3o Paulo. Con un dise\u00f1o que combina fuerza y tecnolog\u00eda, la Dakota promete redefinir el segmento.<\/p>\n<p>&nbsp;<\/p>\n<blockquote>\n<p style=\"text-align: center;\">\u00abLa nueva RAM Dakota ser\u00e1 el segundo modelo producido en el hub de pick-ups de Stellantis en C\u00f3rdoba, Argentina. La flexibilidad y capacidad de esta planta \u2014que recientemente recibi\u00f3 una inversi\u00f3n de 385 millones de d\u00f3lares\u2014 es clave para cumplir con las expectativas del cliente sudamericano y responder al gran volumen de este segmento\u201d, explic\u00f3 Emanuele Cappellano, COO de Stellantis Sudam\u00e9rica.<\/p>\n<\/blockquote>\n<p>&nbsp;<\/p>\n<h2>\u00a0RAM Dakota, dise\u00f1o imponente y detalles premium<\/h2>\n<p>&nbsp;<\/p>\n<div id='gallery-1' class='gallery galleryid-13721 gallery-columns-2 gallery-size-full'><figure class='gallery-item'>\n\t\t\t<div class='gallery-icon landscape'>\n\t\t\t\t<a href='https:\/\/autofans.com.ar\/index.php\/2025\/08\/15\/nightfall-concept-anuncia-la-ram-dakota\/ram-2-13\/'><img loading=\"lazy\" width=\"1000\" height=\"667\" src=\"https:\/\/autofans.com.ar\/wp-content\/uploads\/2025\/08\/ram-2.jpg\" class=\"attachment-full size-full\" alt=\"RAM Dakota\" srcset=\"https:\/\/autofans.com.ar\/wp-content\/uploads\/2025\/08\/ram-2.jpg 1000w, https:\/\/autofans.com.ar\/wp-content\/uploads\/2025\/08\/ram-2-300x200.jpg 300w, https:\/\/autofans.com.ar\/wp-content\/uploads\/2025\/08\/ram-2-768x512.jpg 768w\" sizes=\"auto, (max-width: 1000px) 100vw, 1000px\" loading=\"lazy\" decoding=\"async\" \/><\/a>\n\t\t\t<\/div><\/figure><figure class='gallery-item'>\n\t\t\t<div class='gallery-icon landscape'>\n\t\t\t\t<a href='https:\/\/autofans.com.ar\/index.php\/2025\/08\/15\/nightfall-concept-anuncia-la-ram-dakota\/ram-3-13\/'><img loading=\"lazy\" width=\"1000\" height=\"667\" src=\"https:\/\/autofans.com.ar\/wp-content\/uploads\/2025\/08\/ram-3.jpg\" class=\"attachment-full size-full\" alt=\"RAM Dakota\" srcset=\"https:\/\/autofans.com.ar\/wp-content\/uploads\/2025\/08\/ram-3.jpg 1000w, https:\/\/autofans.com.ar\/wp-content\/uploads\/2025\/08\/ram-3-300x200.jpg 300w, https:\/\/autofans.com.ar\/wp-content\/uploads\/2025\/08\/ram-3-768x512.jpg 768w\" sizes=\"auto, (max-width: 1000px) 100vw, 1000px\" loading=\"lazy\" decoding=\"async\" \/><\/a>\n\t\t\t<\/div><\/figure>\n\t\t<\/div>\n\n<p>&nbsp;<\/p>\n<p class=\"ds-markdown-paragraph\">El Nightfall Concept muestra l\u00edneas robustas, una parrilla frontal con el nombre RAM en relieve y firma lum\u00ednica LED. El cap\u00f3 deportivo incluye tres luces \u00e1mbar, un gui\u00f1o a los modelos cl\u00e1sicos de la marca.<\/p>\n<p class=\"ds-markdown-paragraph\">En el frente, lleva ganchos de remolque, winche el\u00e9ctrico y protector inferior. Los detalles en bronce y los neum\u00e1ticos todo terreno de 33 pulgadas refuerzan su car\u00e1cter off-road.<\/p>\n<p>&nbsp;<\/p>\n<blockquote>\n<p style=\"text-align: center;\">\u201cCon el lanzamiento de este nuevo modelo RAM, reafirmamos la visi\u00f3n de consolidar al Polo Industrial C\u00f3rdoba como un centro estrat\u00e9gico para la producci\u00f3n de pick-ups en la regi\u00f3n. Esta planta, reconocida por su calidad y capacidad, suma ahora la fuerza y el legado de RAM, una marca ic\u00f3nica en el mundo de las camionetas. Es un orgullo que, gracias al talento y compromiso de nuestro equipo en Ferreyra, podamos producir en Argentina un veh\u00edculo que combina robustez, tecnolog\u00eda y el ADN 100% RAM para conquistar nuevos mercados\u201d, agreg\u00f3 Mart\u00edn Zuppi, Presidente de Stellantis Argentina.<\/p>\n<\/blockquote>\n<p>&nbsp;<\/p>\n<h2>Tecnolog\u00eda y performance para terrenos exigentes<\/h2>\n<p>&nbsp;<\/p>\n<div id='gallery-2' class='gallery galleryid-13721 gallery-columns-3 gallery-size-full'><figure class='gallery-item'>\n\t\t\t<div class='gallery-icon landscape'>\n\t\t\t\t<a href='https:\/\/autofans.com.ar\/index.php\/2025\/08\/15\/nightfall-concept-anuncia-la-ram-dakota\/ram-6-5\/'><img loading=\"lazy\" width=\"1000\" height=\"667\" src=\"https:\/\/autofans.com.ar\/wp-content\/uploads\/2025\/08\/ram-6.jpg\" class=\"attachment-full size-full\" alt=\"RAM Dakota\" srcset=\"https:\/\/autofans.com.ar\/wp-content\/uploads\/2025\/08\/ram-6.jpg 1000w, https:\/\/autofans.com.ar\/wp-content\/uploads\/2025\/08\/ram-6-300x200.jpg 300w, https:\/\/autofans.com.ar\/wp-content\/uploads\/2025\/08\/ram-6-768x512.jpg 768w\" sizes=\"auto, (max-width: 1000px) 100vw, 1000px\" loading=\"lazy\" decoding=\"async\" \/><\/a>\n\t\t\t<\/div><\/figure><figure class='gallery-item'>\n\t\t\t<div class='gallery-icon landscape'>\n\t\t\t\t<a href='https:\/\/autofans.com.ar\/index.php\/2025\/08\/15\/nightfall-concept-anuncia-la-ram-dakota\/ram-4-9\/'><img loading=\"lazy\" width=\"1000\" height=\"667\" src=\"https:\/\/autofans.com.ar\/wp-content\/uploads\/2025\/08\/ram-4.jpg\" class=\"attachment-full size-full\" alt=\"RAM Dakota\" srcset=\"https:\/\/autofans.com.ar\/wp-content\/uploads\/2025\/08\/ram-4.jpg 1000w, https:\/\/autofans.com.ar\/wp-content\/uploads\/2025\/08\/ram-4-300x200.jpg 300w, https:\/\/autofans.com.ar\/wp-content\/uploads\/2025\/08\/ram-4-768x512.jpg 768w\" sizes=\"auto, (max-width: 1000px) 100vw, 1000px\" loading=\"lazy\" decoding=\"async\" \/><\/a>\n\t\t\t<\/div><\/figure><figure class='gallery-item'>\n\t\t\t<div class='gallery-icon landscape'>\n\t\t\t\t<a href='https:\/\/autofans.com.ar\/index.php\/2025\/08\/15\/nightfall-concept-anuncia-la-ram-dakota\/ram-1-13\/'><img loading=\"lazy\" width=\"1000\" height=\"667\" src=\"https:\/\/autofans.com.ar\/wp-content\/uploads\/2025\/08\/ram-1.jpg\" class=\"attachment-full size-full\" alt=\"RAM Dakota\" srcset=\"https:\/\/autofans.com.ar\/wp-content\/uploads\/2025\/08\/ram-1.jpg 1000w, https:\/\/autofans.com.ar\/wp-content\/uploads\/2025\/08\/ram-1-300x200.jpg 300w, https:\/\/autofans.com.ar\/wp-content\/uploads\/2025\/08\/ram-1-768x512.jpg 768w\" sizes=\"auto, (max-width: 1000px) 100vw, 1000px\" loading=\"lazy\" decoding=\"async\" \/><\/a>\n\t\t\t<\/div><\/figure>\n\t\t<\/div>\n\n<p>&nbsp;<\/p>\n<p class=\"ds-markdown-paragraph\">La suspensi\u00f3n elevada con sello FOX, llantas de aleaci\u00f3n de 18\u201d y pasarruedas negros aseguran un rendimiento s\u00f3lido en cualquier terreno. En la parte trasera, incluye un auxilio externo sobre un Rambar con luces LED de largo alcance.<\/p>\n<p class=\"ds-markdown-paragraph\">RAM promete m\u00e1s detalles en sus redes sociales antes del lanzamiento oficial. La Dakota no solo reforzar\u00e1 el liderazgo de la marca, sino que tambi\u00e9n posicionar\u00e1 a Argentina como un hub clave para la producci\u00f3n regional.<\/p>\n<p>&nbsp;<\/p>\n<p><center><iframe title=\"RAM Dakota, \u00a1La NUEVA pick-up argentina que revoluciona Latinoam\u00e9rica! #ram\" width=\"640\" height=\"360\" src=\"https:\/\/www.youtube.com\/embed\/lmnGYeleAes?feature=oembed\" frameborder=\"0\" allow=\"accelerometer; autoplay; clipboard-write; encrypted-media; gyroscope; picture-in-picture; web-share\" referrerpolicy=\"strict-origin-when-cross-origin\" allowfullscreen><\/iframe><\/p>\n<p>&nbsp;<\/p>\n<p><\/center><\/p>\n<blockquote>\n<p style=\"text-align: center;\">\u201cDakota es el nombre ideal para marcar la entrada de RAM en un segmento tan competitivo. La excelencia viene con experiencia, y solo Dakota representa todo el legado y conocimiento de la \u00fanica marca exclusiva de pick-ups en Am\u00e9rica del Sur\u201d, destac\u00f3 Juliano Machado, vicepresidente de RAM para la regi\u00f3n.<\/p>\n<\/blockquote>\n<p>&nbsp;<\/p>\n<p>&nbsp;<\/p>\n<p><i>Para enterarte de m\u00e1s novedades, no dejes de leer\u00a0<\/i><a href=\"https:\/\/autofans.thebrandsoup.com\/\"><i>nuestras notas<\/i><\/a><i>, de ver\u00a0<\/i><a href=\"https:\/\/www.youtube.com\/channel\/UCgAC8UGHZYbT6P7PpmVnP7g\"><i>AUTOFANS TV<\/i><\/a><i>\u00a0en nuestro\u00a0canal de Youtube. Adem\u00e1s seguinos en\u00a0<\/i><a href=\"https:\/\/www.instagram.com\/autofanstv\/\"><i>INSTAGRAM<\/i><\/a><i> y <\/i><a href=\"https:\/\/www.facebook.com\/autofansmas\/\"><i>FACEBOOK<\/i><\/a><i> para no perderte nada sobre las novedades del segmento automotor de Argentina y el mundo.<\/i><\/p>\n","protected":false},"excerpt":{"rendered":"<p>RAM, la marca especializada en pick-ups, anunci\u00f3 el lanzamiento de su nuevo modelo: la Dakota&#8230;.<\/p>\n","protected":false},"author":2,"featured_media":13724,"comment_status":"closed","ping_status":"closed","sticky":false,"template":"","format":"standard","meta":{"footnotes":""},"categories":[1,10],"tags":[7004,7180,7181,1134,6456,7182,7178,7179],"class_list":["post-13721","post","type-post","status-publish","format-standard","has-post-thumbnail","hentry","category-lanzamientos","category-utilitarios-y-pesados-lanzamientos","tag-camionetas-argentinas","tag-lanzamiento-ram-2024","tag-nightfall-concept","tag-off-road","tag-pick-up-mediana","tag-pick-ups-latinoamerica","tag-ram-dakota","tag-stellantis-cordoba"],"yoast_head":"<!-- This site is optimized with the Yoast SEO plugin v27.5 - https:\/\/yoast.com\/product\/yoast-seo-wordpress\/ -->\n<title>Nightfall Concept anuncia la RAM Dakota -<\/title>\n<meta name=\"description\" content=\"RAM, la marca especializada en pick-ups, anunci\u00f3 el lanzamiento de su nuevo modelo la Dakota. Producida en la planta de Stellantis en C\u00f3rdoba\" \/>\n<meta name=\"robots\" content=\"index, follow, max-snippet:-1, max-image-preview:large, max-video-preview:-1\" \/>\n<link rel=\"canonical\" href=\"https:\/\/autofans.com.ar\/index.php\/2025\/08\/15\/nightfall-concept-anuncia-la-ram-dakota\/\" \/>\n<meta property=\"og:locale\" content=\"es_ES\" \/>\n<meta property=\"og:type\" content=\"article\" \/>\n<meta property=\"og:title\" content=\"Nightfall Concept anuncia la RAM Dakota -\" \/>\n<meta property=\"og:description\" content=\"RAM, la marca especializada en pick-ups, anunci\u00f3 el lanzamiento de su nuevo modelo la Dakota. Producida en la planta de Stellantis en C\u00f3rdoba\" \/>\n<meta property=\"og:url\" content=\"https:\/\/autofans.com.ar\/index.php\/2025\/08\/15\/nightfall-concept-anuncia-la-ram-dakota\/\" \/>\n<meta property=\"article:published_time\" content=\"2025-08-15T22:47:26+00:00\" \/>\n<meta property=\"og:image\" content=\"https:\/\/autofans.com.ar\/wp-content\/uploads\/2025\/08\/ram-5.jpg\" \/>\n\t<meta property=\"og:image:width\" content=\"1000\" \/>\n\t<meta property=\"og:image:height\" content=\"667\" \/>\n\t<meta property=\"og:image:type\" content=\"image\/jpeg\" \/>\n<meta name=\"author\" content=\"Alejandro Gabriel Rosito\" \/>\n<meta name=\"twitter:card\" content=\"summary_large_image\" \/>\n<meta name=\"twitter:label1\" content=\"Escrito por\" \/>\n\t<meta name=\"twitter:data1\" content=\"Alejandro Gabriel Rosito\" \/>\n\t<meta name=\"twitter:label2\" content=\"Tiempo de lectura\" \/>\n\t<meta name=\"twitter:data2\" content=\"2 minutos\" \/>\n<script type=\"application\/ld+json\" class=\"yoast-schema-graph\">{\"@context\":\"https:\\\/\\\/schema.org\",\"@graph\":[{\"@type\":\"Article\",\"@id\":\"https:\\\/\\\/autofans.com.ar\\\/index.php\\\/2025\\\/08\\\/15\\\/nightfall-concept-anuncia-la-ram-dakota\\\/#article\",\"isPartOf\":{\"@id\":\"https:\\\/\\\/autofans.com.ar\\\/index.php\\\/2025\\\/08\\\/15\\\/nightfall-concept-anuncia-la-ram-dakota\\\/\"},\"author\":{\"name\":\"Alejandro Gabriel Rosito\",\"@id\":\"https:\\\/\\\/autofans.com.ar\\\/#\\\/schema\\\/person\\\/4a8dda0b6df83ac3d6723e921274c2aa\"},\"headline\":\"Nightfall Concept anuncia la RAM Dakota\",\"datePublished\":\"2025-08-15T22:47:26+00:00\",\"mainEntityOfPage\":{\"@id\":\"https:\\\/\\\/autofans.com.ar\\\/index.php\\\/2025\\\/08\\\/15\\\/nightfall-concept-anuncia-la-ram-dakota\\\/\"},\"wordCount\":534,\"image\":{\"@id\":\"https:\\\/\\\/autofans.com.ar\\\/index.php\\\/2025\\\/08\\\/15\\\/nightfall-concept-anuncia-la-ram-dakota\\\/#primaryimage\"},\"thumbnailUrl\":\"https:\\\/\\\/autofans.com.ar\\\/wp-content\\\/uploads\\\/2025\\\/08\\\/ram-5.jpg\",\"keywords\":[\"camionetas argentinas\",\"lanzamiento RAM 2024\",\"Nightfall Concept\",\"off-road\",\"pick-up mediana\",\"pick-ups Latinoam\u00e9rica\",\"RAM Dakota\",\"Stellantis C\u00f3rdoba\"],\"articleSection\":[\"LANZAMIENTOS\",\"Pick Ups, Utilitarios y Pesados\"],\"inLanguage\":\"es\"},{\"@type\":\"WebPage\",\"@id\":\"https:\\\/\\\/autofans.com.ar\\\/index.php\\\/2025\\\/08\\\/15\\\/nightfall-concept-anuncia-la-ram-dakota\\\/\",\"url\":\"https:\\\/\\\/autofans.com.ar\\\/index.php\\\/2025\\\/08\\\/15\\\/nightfall-concept-anuncia-la-ram-dakota\\\/\",\"name\":\"Nightfall Concept anuncia la RAM Dakota -\",\"isPartOf\":{\"@id\":\"https:\\\/\\\/autofans.com.ar\\\/#website\"},\"primaryImageOfPage\":{\"@id\":\"https:\\\/\\\/autofans.com.ar\\\/index.php\\\/2025\\\/08\\\/15\\\/nightfall-concept-anuncia-la-ram-dakota\\\/#primaryimage\"},\"image\":{\"@id\":\"https:\\\/\\\/autofans.com.ar\\\/index.php\\\/2025\\\/08\\\/15\\\/nightfall-concept-anuncia-la-ram-dakota\\\/#primaryimage\"},\"thumbnailUrl\":\"https:\\\/\\\/autofans.com.ar\\\/wp-content\\\/uploads\\\/2025\\\/08\\\/ram-5.jpg\",\"datePublished\":\"2025-08-15T22:47:26+00:00\",\"author\":{\"@id\":\"https:\\\/\\\/autofans.com.ar\\\/#\\\/schema\\\/person\\\/4a8dda0b6df83ac3d6723e921274c2aa\"},\"description\":\"RAM, la marca especializada en pick-ups, anunci\u00f3 el lanzamiento de su nuevo modelo la Dakota. Producida en la planta de Stellantis en C\u00f3rdoba\",\"breadcrumb\":{\"@id\":\"https:\\\/\\\/autofans.com.ar\\\/index.php\\\/2025\\\/08\\\/15\\\/nightfall-concept-anuncia-la-ram-dakota\\\/#breadcrumb\"},\"inLanguage\":\"es\",\"potentialAction\":[{\"@type\":\"ReadAction\",\"target\":[\"https:\\\/\\\/autofans.com.ar\\\/index.php\\\/2025\\\/08\\\/15\\\/nightfall-concept-anuncia-la-ram-dakota\\\/\"]}]},{\"@type\":\"ImageObject\",\"inLanguage\":\"es\",\"@id\":\"https:\\\/\\\/autofans.com.ar\\\/index.php\\\/2025\\\/08\\\/15\\\/nightfall-concept-anuncia-la-ram-dakota\\\/#primaryimage\",\"url\":\"https:\\\/\\\/autofans.com.ar\\\/wp-content\\\/uploads\\\/2025\\\/08\\\/ram-5.jpg\",\"contentUrl\":\"https:\\\/\\\/autofans.com.ar\\\/wp-content\\\/uploads\\\/2025\\\/08\\\/ram-5.jpg\",\"width\":1000,\"height\":667,\"caption\":\"RAM Dakota\"},{\"@type\":\"BreadcrumbList\",\"@id\":\"https:\\\/\\\/autofans.com.ar\\\/index.php\\\/2025\\\/08\\\/15\\\/nightfall-concept-anuncia-la-ram-dakota\\\/#breadcrumb\",\"itemListElement\":[{\"@type\":\"ListItem\",\"position\":1,\"name\":\"Inicio\",\"item\":\"https:\\\/\\\/autofans.com.ar\\\/\"},{\"@type\":\"ListItem\",\"position\":2,\"name\":\"Nightfall Concept anuncia la RAM Dakota\"}]},{\"@type\":\"WebSite\",\"@id\":\"https:\\\/\\\/autofans.com.ar\\\/#website\",\"url\":\"https:\\\/\\\/autofans.com.ar\\\/\",\"name\":\"\",\"description\":\"El multimedio referente de la industria automotriz\",\"potentialAction\":[{\"@type\":\"SearchAction\",\"target\":{\"@type\":\"EntryPoint\",\"urlTemplate\":\"https:\\\/\\\/autofans.com.ar\\\/?s={search_term_string}\"},\"query-input\":{\"@type\":\"PropertyValueSpecification\",\"valueRequired\":true,\"valueName\":\"search_term_string\"}}],\"inLanguage\":\"es\"},{\"@type\":\"Person\",\"@id\":\"https:\\\/\\\/autofans.com.ar\\\/#\\\/schema\\\/person\\\/4a8dda0b6df83ac3d6723e921274c2aa\",\"name\":\"Alejandro Gabriel Rosito\",\"image\":{\"@type\":\"ImageObject\",\"inLanguage\":\"es\",\"@id\":\"https:\\\/\\\/secure.gravatar.com\\\/avatar\\\/16c5dda1489adfc62618084dcbb91cffd879c374b13fe5dd8e44ed6733852c88?s=96&d=mm&r=g\",\"url\":\"https:\\\/\\\/secure.gravatar.com\\\/avatar\\\/16c5dda1489adfc62618084dcbb91cffd879c374b13fe5dd8e44ed6733852c88?s=96&d=mm&r=g\",\"contentUrl\":\"https:\\\/\\\/secure.gravatar.com\\\/avatar\\\/16c5dda1489adfc62618084dcbb91cffd879c374b13fe5dd8e44ed6733852c88?s=96&d=mm&r=g\",\"caption\":\"Alejandro Gabriel Rosito\"},\"url\":\"https:\\\/\\\/autofans.com.ar\\\/index.php\\\/author\\\/gabrielr\\\/\"}]}<\/script>\n<!-- \/ Yoast SEO plugin. -->","yoast_head_json":{"title":"Nightfall Concept anuncia la RAM Dakota -","description":"RAM, la marca especializada en pick-ups, anunci\u00f3 el lanzamiento de su nuevo modelo la Dakota. Producida en la planta de Stellantis en C\u00f3rdoba","robots":{"index":"index","follow":"follow","max-snippet":"max-snippet:-1","max-image-preview":"max-image-preview:large","max-video-preview":"max-video-preview:-1"},"canonical":"https:\/\/autofans.com.ar\/index.php\/2025\/08\/15\/nightfall-concept-anuncia-la-ram-dakota\/","og_locale":"es_ES","og_type":"article","og_title":"Nightfall Concept anuncia la RAM Dakota -","og_description":"RAM, la marca especializada en pick-ups, anunci\u00f3 el lanzamiento de su nuevo modelo la Dakota. Producida en la planta de Stellantis en C\u00f3rdoba","og_url":"https:\/\/autofans.com.ar\/index.php\/2025\/08\/15\/nightfall-concept-anuncia-la-ram-dakota\/","article_published_time":"2025-08-15T22:47:26+00:00","og_image":[{"width":1000,"height":667,"url":"https:\/\/autofans.com.ar\/wp-content\/uploads\/2025\/08\/ram-5.jpg","type":"image\/jpeg"}],"author":"Alejandro Gabriel Rosito","twitter_card":"summary_large_image","twitter_misc":{"Escrito por":"Alejandro Gabriel Rosito","Tiempo de lectura":"2 minutos"},"schema":{"@context":"https:\/\/schema.org","@graph":[{"@type":"Article","@id":"https:\/\/autofans.com.ar\/index.php\/2025\/08\/15\/nightfall-concept-anuncia-la-ram-dakota\/#article","isPartOf":{"@id":"https:\/\/autofans.com.ar\/index.php\/2025\/08\/15\/nightfall-concept-anuncia-la-ram-dakota\/"},"author":{"name":"Alejandro Gabriel Rosito","@id":"https:\/\/autofans.com.ar\/#\/schema\/person\/4a8dda0b6df83ac3d6723e921274c2aa"},"headline":"Nightfall Concept anuncia la RAM Dakota","datePublished":"2025-08-15T22:47:26+00:00","mainEntityOfPage":{"@id":"https:\/\/autofans.com.ar\/index.php\/2025\/08\/15\/nightfall-concept-anuncia-la-ram-dakota\/"},"wordCount":534,"image":{"@id":"https:\/\/autofans.com.ar\/index.php\/2025\/08\/15\/nightfall-concept-anuncia-la-ram-dakota\/#primaryimage"},"thumbnailUrl":"https:\/\/autofans.com.ar\/wp-content\/uploads\/2025\/08\/ram-5.jpg","keywords":["camionetas argentinas","lanzamiento RAM 2024","Nightfall Concept","off-road","pick-up mediana","pick-ups Latinoam\u00e9rica","RAM Dakota","Stellantis C\u00f3rdoba"],"articleSection":["LANZAMIENTOS","Pick Ups, Utilitarios y Pesados"],"inLanguage":"es"},{"@type":"WebPage","@id":"https:\/\/autofans.com.ar\/index.php\/2025\/08\/15\/nightfall-concept-anuncia-la-ram-dakota\/","url":"https:\/\/autofans.com.ar\/index.php\/2025\/08\/15\/nightfall-concept-anuncia-la-ram-dakota\/","name":"Nightfall Concept anuncia la RAM Dakota -","isPartOf":{"@id":"https:\/\/autofans.com.ar\/#website"},"primaryImageOfPage":{"@id":"https:\/\/autofans.com.ar\/index.php\/2025\/08\/15\/nightfall-concept-anuncia-la-ram-dakota\/#primaryimage"},"image":{"@id":"https:\/\/autofans.com.ar\/index.php\/2025\/08\/15\/nightfall-concept-anuncia-la-ram-dakota\/#primaryimage"},"thumbnailUrl":"https:\/\/autofans.com.ar\/wp-content\/uploads\/2025\/08\/ram-5.jpg","datePublished":"2025-08-15T22:47:26+00:00","author":{"@id":"https:\/\/autofans.com.ar\/#\/schema\/person\/4a8dda0b6df83ac3d6723e921274c2aa"},"description":"RAM, la marca especializada en pick-ups, anunci\u00f3 el lanzamiento de su nuevo modelo la Dakota. Producida en la planta de Stellantis en C\u00f3rdoba","breadcrumb":{"@id":"https:\/\/autofans.com.ar\/index.php\/2025\/08\/15\/nightfall-concept-anuncia-la-ram-dakota\/#breadcrumb"},"inLanguage":"es","potentialAction":[{"@type":"ReadAction","target":["https:\/\/autofans.com.ar\/index.php\/2025\/08\/15\/nightfall-concept-anuncia-la-ram-dakota\/"]}]},{"@type":"ImageObject","inLanguage":"es","@id":"https:\/\/autofans.com.ar\/index.php\/2025\/08\/15\/nightfall-concept-anuncia-la-ram-dakota\/#primaryimage","url":"https:\/\/autofans.com.ar\/wp-content\/uploads\/2025\/08\/ram-5.jpg","contentUrl":"https:\/\/autofans.com.ar\/wp-content\/uploads\/2025\/08\/ram-5.jpg","width":1000,"height":667,"caption":"RAM Dakota"},{"@type":"BreadcrumbList","@id":"https:\/\/autofans.com.ar\/index.php\/2025\/08\/15\/nightfall-concept-anuncia-la-ram-dakota\/#breadcrumb","itemListElement":[{"@type":"ListItem","position":1,"name":"Inicio","item":"https:\/\/autofans.com.ar\/"},{"@type":"ListItem","position":2,"name":"Nightfall Concept anuncia la RAM Dakota"}]},{"@type":"WebSite","@id":"https:\/\/autofans.com.ar\/#website","url":"https:\/\/autofans.com.ar\/","name":"","description":"El multimedio referente de la industria automotriz","potentialAction":[{"@type":"SearchAction","target":{"@type":"EntryPoint","urlTemplate":"https:\/\/autofans.com.ar\/?s={search_term_string}"},"query-input":{"@type":"PropertyValueSpecification","valueRequired":true,"valueName":"search_term_string"}}],"inLanguage":"es"},{"@type":"Person","@id":"https:\/\/autofans.com.ar\/#\/schema\/person\/4a8dda0b6df83ac3d6723e921274c2aa","name":"Alejandro Gabriel Rosito","image":{"@type":"ImageObject","inLanguage":"es","@id":"https:\/\/secure.gravatar.com\/avatar\/16c5dda1489adfc62618084dcbb91cffd879c374b13fe5dd8e44ed6733852c88?s=96&d=mm&r=g","url":"https:\/\/secure.gravatar.com\/avatar\/16c5dda1489adfc62618084dcbb91cffd879c374b13fe5dd8e44ed6733852c88?s=96&d=mm&r=g","contentUrl":"https:\/\/secure.gravatar.com\/avatar\/16c5dda1489adfc62618084dcbb91cffd879c374b13fe5dd8e44ed6733852c88?s=96&d=mm&r=g","caption":"Alejandro Gabriel Rosito"},"url":"https:\/\/autofans.com.ar\/index.php\/author\/gabrielr\/"}]}},"featured_image_urls":{"full":["https:\/\/autofans.com.ar\/wp-content\/uploads\/2025\/08\/ram-5.jpg",1000,667,false],"thumbnail":["https:\/\/autofans.com.ar\/wp-content\/uploads\/2025\/08\/ram-5-150x150.jpg",150,150,true],"medium":["https:\/\/autofans.com.ar\/wp-content\/uploads\/2025\/08\/ram-5-300x200.jpg",300,200,true],"medium_large":["https:\/\/autofans.com.ar\/wp-content\/uploads\/2025\/08\/ram-5-768x512.jpg",640,427,true],"large":["https:\/\/autofans.com.ar\/wp-content\/uploads\/2025\/08\/ram-5.jpg",640,427,false],"1536x1536":["https:\/\/autofans.com.ar\/wp-content\/uploads\/2025\/08\/ram-5.jpg",1000,667,false],"2048x2048":["https:\/\/autofans.com.ar\/wp-content\/uploads\/2025\/08\/ram-5.jpg",1000,667,false],"covernews-featured":["https:\/\/autofans.com.ar\/wp-content\/uploads\/2025\/08\/ram-5.jpg",1000,667,false],"covernews-medium":["https:\/\/autofans.com.ar\/wp-content\/uploads\/2025\/08\/ram-5-540x340.jpg",540,340,true]},"author_info":{"display_name":"Alejandro Gabriel Rosito","author_link":"https:\/\/autofans.com.ar\/index.php\/author\/gabrielr\/"},"category_info":"<a href=\"https:\/\/autofans.com.ar\/index.php\/category\/lanzamientos\/\" rel=\"category tag\">LANZAMIENTOS<\/a> <a href=\"https:\/\/autofans.com.ar\/index.php\/category\/lanzamientos\/utilitarios-y-pesados-lanzamientos\/\" rel=\"category tag\">Pick Ups, Utilitarios y Pesados<\/a>","tag_info":"Pick Ups, Utilitarios y Pesados","comment_count":0,"_links":{"self":[{"href":"https:\/\/autofans.com.ar\/index.php\/wp-json\/wp\/v2\/posts\/13721","targetHints":{"allow":["GET"]}}],"collection":[{"href":"https:\/\/autofans.com.ar\/index.php\/wp-json\/wp\/v2\/posts"}],"about":[{"href":"https:\/\/autofans.com.ar\/index.php\/wp-json\/wp\/v2\/types\/post"}],"author":[{"embeddable":true,"href":"https:\/\/autofans.com.ar\/index.php\/wp-json\/wp\/v2\/users\/2"}],"replies":[{"embeddable":true,"href":"https:\/\/autofans.com.ar\/index.php\/wp-json\/wp\/v2\/comments?post=13721"}],"version-history":[{"count":6,"href":"https:\/\/autofans.com.ar\/index.php\/wp-json\/wp\/v2\/posts\/13721\/revisions"}],"predecessor-version":[{"id":13733,"href":"https:\/\/autofans.com.ar\/index.php\/wp-json\/wp\/v2\/posts\/13721\/revisions\/13733"}],"wp:featuredmedia":[{"embeddable":true,"href":"https:\/\/autofans.com.ar\/index.php\/wp-json\/wp\/v2\/media\/13724"}],"wp:attachment":[{"href":"https:\/\/autofans.com.ar\/index.php\/wp-json\/wp\/v2\/media?parent=13721"}],"wp:term":[{"taxonomy":"category","embeddable":true,"href":"https:\/\/autofans.com.ar\/index.php\/wp-json\/wp\/v2\/categories?post=13721"},{"taxonomy":"post_tag","embeddable":true,"href":"https:\/\/autofans.com.ar\/index.php\/wp-json\/wp\/v2\/tags?post=13721"}],"curies":[{"name":"wp","href":"https:\/\/api.w.org\/{rel}","templated":true}]}}