{"id":13734,"date":"2025-08-15T21:24:41","date_gmt":"2025-08-16T00:24:41","guid":{"rendered":"https:\/\/autofans.com.ar\/?p=13734"},"modified":"2025-08-15T21:24:41","modified_gmt":"2025-08-16T00:24:41","slug":"manlla-suma-10-scania-super-para-su-flota-refrigerada","status":"publish","type":"post","link":"https:\/\/autofans.com.ar\/index.php\/2025\/08\/15\/manlla-suma-10-scania-super-para-su-flota-refrigerada\/","title":{"rendered":"Manlla suma 10 Scania Super para su flota refrigerada"},"content":{"rendered":"<p class=\"ds-markdown-paragraph\">Transporte Manlla, con base en Termas de R\u00edo Hondo, incorpor\u00f3 10 unidades de la nueva l\u00ednea Scania Super R500 6&#215;2, reforzando su flota con tecnolog\u00eda de punta para el transporte de bebidas y carga refrigerada. Con esta adquisici\u00f3n, la empresa suma 25 camiones en total, 22 de ellos de la marca sueca.<\/p>\n<p>&nbsp;<\/p>\n<h2>Scania, tecnolog\u00eda y seguridad, el diferencial de la flota<\/h2>\n<p>&nbsp;<\/p>\n<div id='gallery-1' class='gallery galleryid-13734 gallery-columns-2 gallery-size-full'><figure class='gallery-item'>\n\t\t\t<div class='gallery-icon landscape'>\n\t\t\t\t<a href='https:\/\/autofans.com.ar\/index.php\/2025\/08\/15\/manlla-suma-10-scania-super-para-su-flota-refrigerada\/esca-2\/'><img loading=\"lazy\" width=\"1000\" height=\"667\" src=\"https:\/\/autofans.com.ar\/wp-content\/uploads\/2025\/08\/esca-2.jpg\" class=\"attachment-full size-full\" alt=\"Scania\" srcset=\"https:\/\/autofans.com.ar\/wp-content\/uploads\/2025\/08\/esca-2.jpg 1000w, https:\/\/autofans.com.ar\/wp-content\/uploads\/2025\/08\/esca-2-300x200.jpg 300w, https:\/\/autofans.com.ar\/wp-content\/uploads\/2025\/08\/esca-2-768x512.jpg 768w\" sizes=\"auto, (max-width: 1000px) 100vw, 1000px\" loading=\"lazy\" decoding=\"async\" \/><\/a>\n\t\t\t<\/div><\/figure><figure class='gallery-item'>\n\t\t\t<div class='gallery-icon landscape'>\n\t\t\t\t<a href='https:\/\/autofans.com.ar\/index.php\/2025\/08\/15\/manlla-suma-10-scania-super-para-su-flota-refrigerada\/esca-3\/'><img loading=\"lazy\" width=\"1000\" height=\"667\" src=\"https:\/\/autofans.com.ar\/wp-content\/uploads\/2025\/08\/esca-3.jpg\" class=\"attachment-full size-full\" alt=\"Scania\" srcset=\"https:\/\/autofans.com.ar\/wp-content\/uploads\/2025\/08\/esca-3.jpg 1000w, https:\/\/autofans.com.ar\/wp-content\/uploads\/2025\/08\/esca-3-300x200.jpg 300w, https:\/\/autofans.com.ar\/wp-content\/uploads\/2025\/08\/esca-3-768x512.jpg 768w\" sizes=\"auto, (max-width: 1000px) 100vw, 1000px\" loading=\"lazy\" decoding=\"async\" \/><\/a>\n\t\t\t<\/div><\/figure>\n\t\t<\/div>\n\n<p>&nbsp;<\/p>\n<p class=\"ds-markdown-paragraph\">Los nuevos veh\u00edculos incluyen:<\/p>\n<ul>\n<li>\n<p class=\"ds-markdown-paragraph\">Sistema ADAS 2.0: control crucero adaptativo, alerta de punto ciego, detecci\u00f3n de peatones y frenado autom\u00e1tico.<\/p>\n<\/li>\n<li>\n<p class=\"ds-markdown-paragraph\">Suspensi\u00f3n neum\u00e1tica integral: mayor confort, menor desgaste de neum\u00e1ticos y protecci\u00f3n optimizada para la carga.<\/p>\n<\/li>\n<\/ul>\n<p class=\"ds-markdown-paragraph\">Adem\u00e1s, la compa\u00f1\u00eda opera con Servicios Conectados de Scania, permitiendo monitoreo remoto en tiempo real para maximizar la disponibilidad y reducir tiempos de inactividad.<\/p>\n<p>&nbsp;<\/p>\n<h2>Operaciones estrat\u00e9gicas con costos controlados<\/h2>\n<p>&nbsp;<\/p>\n<div id='gallery-2' class='gallery galleryid-13734 gallery-columns-2 gallery-size-full'><figure class='gallery-item'>\n\t\t\t<div class='gallery-icon landscape'>\n\t\t\t\t<a href='https:\/\/autofans.com.ar\/index.php\/2025\/08\/15\/manlla-suma-10-scania-super-para-su-flota-refrigerada\/esca-1\/'><img loading=\"lazy\" width=\"1000\" height=\"667\" src=\"https:\/\/autofans.com.ar\/wp-content\/uploads\/2025\/08\/esca-1.jpg\" class=\"attachment-full size-full\" alt=\"Scania\" srcset=\"https:\/\/autofans.com.ar\/wp-content\/uploads\/2025\/08\/esca-1.jpg 1000w, https:\/\/autofans.com.ar\/wp-content\/uploads\/2025\/08\/esca-1-300x200.jpg 300w, https:\/\/autofans.com.ar\/wp-content\/uploads\/2025\/08\/esca-1-768x512.jpg 768w\" sizes=\"auto, (max-width: 1000px) 100vw, 1000px\" loading=\"lazy\" decoding=\"async\" \/><\/a>\n\t\t\t<\/div><\/figure><figure class='gallery-item'>\n\t\t\t<div class='gallery-icon landscape'>\n\t\t\t\t<a href='https:\/\/autofans.com.ar\/index.php\/2025\/08\/15\/manlla-suma-10-scania-super-para-su-flota-refrigerada\/esca-4\/'><img loading=\"lazy\" width=\"1000\" height=\"667\" src=\"https:\/\/autofans.com.ar\/wp-content\/uploads\/2025\/08\/esca-4.jpg\" class=\"attachment-full size-full\" alt=\"Scania\" srcset=\"https:\/\/autofans.com.ar\/wp-content\/uploads\/2025\/08\/esca-4.jpg 1000w, https:\/\/autofans.com.ar\/wp-content\/uploads\/2025\/08\/esca-4-300x200.jpg 300w, https:\/\/autofans.com.ar\/wp-content\/uploads\/2025\/08\/esca-4-768x512.jpg 768w\" sizes=\"auto, (max-width: 1000px) 100vw, 1000px\" loading=\"lazy\" decoding=\"async\" \/><\/a>\n\t\t\t<\/div><\/figure>\n\t\t<\/div>\n\n<p>&nbsp;<\/p>\n<p class=\"ds-markdown-paragraph\">Transporte Manlla maneja dos l\u00edneas clave:<\/p>\n<ol start=\"1\">\n<li>\n<p class=\"ds-markdown-paragraph\">Distribuci\u00f3n de bebidas para Coca-Cola en el NOA (Tucum\u00e1n, Salta, Jujuy, Catamarca, La Rioja y Santiago del Estero).<\/p>\n<\/li>\n<li>\n<p class=\"ds-markdown-paragraph\">Env\u00edos refrigerados hacia la Patagonia, utilizando semirremolques sider y t\u00e9rmicos.<\/p>\n<\/li>\n<\/ol>\n<p class=\"ds-markdown-paragraph\">Toda su flota est\u00e1 cubierta por acuerdos de Mantenimiento Scania, que garantizan costos fijos por kil\u00f3metro y soporte t\u00e9cnico especializado.<\/p>\n<p>&nbsp;<\/p>\n<p>&nbsp;<\/p>\n<p>&nbsp;<\/p>\n<p><i>Para enterarte de m\u00e1s novedades, no dejes de leer\u00a0<\/i><a href=\"https:\/\/autofans.thebrandsoup.com\/\"><i>nuestras notas<\/i><\/a><i>, de ver\u00a0<\/i><a href=\"https:\/\/www.youtube.com\/channel\/UCgAC8UGHZYbT6P7PpmVnP7g\"><i>AUTOFANS TV<\/i><\/a><i>\u00a0en nuestro\u00a0canal de Youtube. Adem\u00e1s seguinos en\u00a0<\/i><a href=\"https:\/\/www.instagram.com\/autofanstv\/\"><i>INSTAGRAM<\/i><\/a><i> y <\/i><a href=\"https:\/\/www.facebook.com\/autofansmas\/\"><i>FACEBOOK<\/i><\/a><i> para no perderte nada sobre las novedades del segmento automotor de Argentina y el mundo.<\/i><\/p>\n","protected":false},"excerpt":{"rendered":"<p>Transporte Manlla, con base en Termas de R\u00edo Hondo, incorpor\u00f3 10 unidades de la nueva&#8230;<\/p>\n","protected":false},"author":2,"featured_media":13735,"comment_status":"closed","ping_status":"closed","sticky":false,"template":"","format":"standard","meta":{"footnotes":""},"categories":[16,5],"tags":[7185,5694,7186,7184,7183,7188,797,7187],"class_list":["post-13734","post","type-post","status-publish","format-standard","has-post-thumbnail","hentry","category-noticias","category-otros","tag-adas-2-0","tag-camiones-argentinos","tag-flotas-eficientes","tag-logistica-refrigerada","tag-scania-super-r500","tag-tecnologia-en-camiones","tag-transporte-de-carga","tag-transporte-manlla"],"yoast_head":"<!-- This site is optimized with the Yoast SEO plugin v27.5 - https:\/\/yoast.com\/product\/yoast-seo-wordpress\/ -->\n<title>Manlla suma 10 Scania Super para su flota refrigerada -<\/title>\n<meta name=\"description\" content=\"Transporte Manlla, con base en Termas de R\u00edo Hondo, incorpor\u00f3 10 unidades de la nueva l\u00ednea Scania Super R500 6x2, reforzando su flota...\" \/>\n<meta name=\"robots\" content=\"index, follow, max-snippet:-1, max-image-preview:large, max-video-preview:-1\" \/>\n<link rel=\"canonical\" href=\"https:\/\/autofans.com.ar\/index.php\/2025\/08\/15\/manlla-suma-10-scania-super-para-su-flota-refrigerada\/\" \/>\n<meta property=\"og:locale\" content=\"es_ES\" \/>\n<meta property=\"og:type\" content=\"article\" \/>\n<meta property=\"og:title\" content=\"Manlla suma 10 Scania Super para su flota refrigerada -\" \/>\n<meta property=\"og:description\" content=\"Transporte Manlla, con base en Termas de R\u00edo Hondo, incorpor\u00f3 10 unidades de la nueva l\u00ednea Scania Super R500 6x2, reforzando su flota...\" \/>\n<meta property=\"og:url\" content=\"https:\/\/autofans.com.ar\/index.php\/2025\/08\/15\/manlla-suma-10-scania-super-para-su-flota-refrigerada\/\" \/>\n<meta property=\"article:published_time\" content=\"2025-08-16T00:24:41+00:00\" \/>\n<meta property=\"og:image\" content=\"https:\/\/autofans.com.ar\/wp-content\/uploads\/2025\/08\/esca-5.jpg\" \/>\n\t<meta property=\"og:image:width\" content=\"1000\" \/>\n\t<meta property=\"og:image:height\" content=\"667\" \/>\n\t<meta property=\"og:image:type\" content=\"image\/jpeg\" \/>\n<meta name=\"author\" content=\"Alejandro Gabriel Rosito\" \/>\n<meta name=\"twitter:card\" content=\"summary_large_image\" \/>\n<meta name=\"twitter:label1\" content=\"Escrito por\" \/>\n\t<meta name=\"twitter:data1\" content=\"Alejandro Gabriel Rosito\" \/>\n\t<meta name=\"twitter:label2\" content=\"Tiempo de lectura\" \/>\n\t<meta name=\"twitter:data2\" content=\"2 minutos\" \/>\n<script type=\"application\/ld+json\" class=\"yoast-schema-graph\">{\"@context\":\"https:\\\/\\\/schema.org\",\"@graph\":[{\"@type\":\"Article\",\"@id\":\"https:\\\/\\\/autofans.com.ar\\\/index.php\\\/2025\\\/08\\\/15\\\/manlla-suma-10-scania-super-para-su-flota-refrigerada\\\/#article\",\"isPartOf\":{\"@id\":\"https:\\\/\\\/autofans.com.ar\\\/index.php\\\/2025\\\/08\\\/15\\\/manlla-suma-10-scania-super-para-su-flota-refrigerada\\\/\"},\"author\":{\"name\":\"Alejandro Gabriel Rosito\",\"@id\":\"https:\\\/\\\/autofans.com.ar\\\/#\\\/schema\\\/person\\\/4a8dda0b6df83ac3d6723e921274c2aa\"},\"headline\":\"Manlla suma 10 Scania Super para su flota refrigerada\",\"datePublished\":\"2025-08-16T00:24:41+00:00\",\"mainEntityOfPage\":{\"@id\":\"https:\\\/\\\/autofans.com.ar\\\/index.php\\\/2025\\\/08\\\/15\\\/manlla-suma-10-scania-super-para-su-flota-refrigerada\\\/\"},\"wordCount\":267,\"image\":{\"@id\":\"https:\\\/\\\/autofans.com.ar\\\/index.php\\\/2025\\\/08\\\/15\\\/manlla-suma-10-scania-super-para-su-flota-refrigerada\\\/#primaryimage\"},\"thumbnailUrl\":\"https:\\\/\\\/autofans.com.ar\\\/wp-content\\\/uploads\\\/2025\\\/08\\\/esca-5.jpg\",\"keywords\":[\"ADAS 2.0\",\"camiones argentinos\",\"flotas eficientes\",\"log\u00edstica refrigerada\",\"Scania Super R500\",\"tecnolog\u00eda en camiones\",\"transporte de carga\",\"transporte Manlla\"],\"articleSection\":[\"NOTICIAS\",\"PICK UPs, UTILITARIOS Y OTROS\"],\"inLanguage\":\"es\"},{\"@type\":\"WebPage\",\"@id\":\"https:\\\/\\\/autofans.com.ar\\\/index.php\\\/2025\\\/08\\\/15\\\/manlla-suma-10-scania-super-para-su-flota-refrigerada\\\/\",\"url\":\"https:\\\/\\\/autofans.com.ar\\\/index.php\\\/2025\\\/08\\\/15\\\/manlla-suma-10-scania-super-para-su-flota-refrigerada\\\/\",\"name\":\"Manlla suma 10 Scania Super para su flota refrigerada -\",\"isPartOf\":{\"@id\":\"https:\\\/\\\/autofans.com.ar\\\/#website\"},\"primaryImageOfPage\":{\"@id\":\"https:\\\/\\\/autofans.com.ar\\\/index.php\\\/2025\\\/08\\\/15\\\/manlla-suma-10-scania-super-para-su-flota-refrigerada\\\/#primaryimage\"},\"image\":{\"@id\":\"https:\\\/\\\/autofans.com.ar\\\/index.php\\\/2025\\\/08\\\/15\\\/manlla-suma-10-scania-super-para-su-flota-refrigerada\\\/#primaryimage\"},\"thumbnailUrl\":\"https:\\\/\\\/autofans.com.ar\\\/wp-content\\\/uploads\\\/2025\\\/08\\\/esca-5.jpg\",\"datePublished\":\"2025-08-16T00:24:41+00:00\",\"author\":{\"@id\":\"https:\\\/\\\/autofans.com.ar\\\/#\\\/schema\\\/person\\\/4a8dda0b6df83ac3d6723e921274c2aa\"},\"description\":\"Transporte Manlla, con base en Termas de R\u00edo Hondo, incorpor\u00f3 10 unidades de la nueva l\u00ednea Scania Super R500 6x2, reforzando su flota...\",\"breadcrumb\":{\"@id\":\"https:\\\/\\\/autofans.com.ar\\\/index.php\\\/2025\\\/08\\\/15\\\/manlla-suma-10-scania-super-para-su-flota-refrigerada\\\/#breadcrumb\"},\"inLanguage\":\"es\",\"potentialAction\":[{\"@type\":\"ReadAction\",\"target\":[\"https:\\\/\\\/autofans.com.ar\\\/index.php\\\/2025\\\/08\\\/15\\\/manlla-suma-10-scania-super-para-su-flota-refrigerada\\\/\"]}]},{\"@type\":\"ImageObject\",\"inLanguage\":\"es\",\"@id\":\"https:\\\/\\\/autofans.com.ar\\\/index.php\\\/2025\\\/08\\\/15\\\/manlla-suma-10-scania-super-para-su-flota-refrigerada\\\/#primaryimage\",\"url\":\"https:\\\/\\\/autofans.com.ar\\\/wp-content\\\/uploads\\\/2025\\\/08\\\/esca-5.jpg\",\"contentUrl\":\"https:\\\/\\\/autofans.com.ar\\\/wp-content\\\/uploads\\\/2025\\\/08\\\/esca-5.jpg\",\"width\":1000,\"height\":667,\"caption\":\"Scania\"},{\"@type\":\"BreadcrumbList\",\"@id\":\"https:\\\/\\\/autofans.com.ar\\\/index.php\\\/2025\\\/08\\\/15\\\/manlla-suma-10-scania-super-para-su-flota-refrigerada\\\/#breadcrumb\",\"itemListElement\":[{\"@type\":\"ListItem\",\"position\":1,\"name\":\"Inicio\",\"item\":\"https:\\\/\\\/autofans.com.ar\\\/\"},{\"@type\":\"ListItem\",\"position\":2,\"name\":\"Manlla suma 10 Scania Super para su flota refrigerada\"}]},{\"@type\":\"WebSite\",\"@id\":\"https:\\\/\\\/autofans.com.ar\\\/#website\",\"url\":\"https:\\\/\\\/autofans.com.ar\\\/\",\"name\":\"\",\"description\":\"El multimedio referente de la industria automotriz\",\"potentialAction\":[{\"@type\":\"SearchAction\",\"target\":{\"@type\":\"EntryPoint\",\"urlTemplate\":\"https:\\\/\\\/autofans.com.ar\\\/?s={search_term_string}\"},\"query-input\":{\"@type\":\"PropertyValueSpecification\",\"valueRequired\":true,\"valueName\":\"search_term_string\"}}],\"inLanguage\":\"es\"},{\"@type\":\"Person\",\"@id\":\"https:\\\/\\\/autofans.com.ar\\\/#\\\/schema\\\/person\\\/4a8dda0b6df83ac3d6723e921274c2aa\",\"name\":\"Alejandro Gabriel Rosito\",\"image\":{\"@type\":\"ImageObject\",\"inLanguage\":\"es\",\"@id\":\"https:\\\/\\\/secure.gravatar.com\\\/avatar\\\/16c5dda1489adfc62618084dcbb91cffd879c374b13fe5dd8e44ed6733852c88?s=96&d=mm&r=g\",\"url\":\"https:\\\/\\\/secure.gravatar.com\\\/avatar\\\/16c5dda1489adfc62618084dcbb91cffd879c374b13fe5dd8e44ed6733852c88?s=96&d=mm&r=g\",\"contentUrl\":\"https:\\\/\\\/secure.gravatar.com\\\/avatar\\\/16c5dda1489adfc62618084dcbb91cffd879c374b13fe5dd8e44ed6733852c88?s=96&d=mm&r=g\",\"caption\":\"Alejandro Gabriel Rosito\"},\"url\":\"https:\\\/\\\/autofans.com.ar\\\/index.php\\\/author\\\/gabrielr\\\/\"}]}<\/script>\n<!-- \/ Yoast SEO plugin. -->","yoast_head_json":{"title":"Manlla suma 10 Scania Super para su flota refrigerada -","description":"Transporte Manlla, con base en Termas de R\u00edo Hondo, incorpor\u00f3 10 unidades de la nueva l\u00ednea Scania Super R500 6x2, reforzando su flota...","robots":{"index":"index","follow":"follow","max-snippet":"max-snippet:-1","max-image-preview":"max-image-preview:large","max-video-preview":"max-video-preview:-1"},"canonical":"https:\/\/autofans.com.ar\/index.php\/2025\/08\/15\/manlla-suma-10-scania-super-para-su-flota-refrigerada\/","og_locale":"es_ES","og_type":"article","og_title":"Manlla suma 10 Scania Super para su flota refrigerada -","og_description":"Transporte Manlla, con base en Termas de R\u00edo Hondo, incorpor\u00f3 10 unidades de la nueva l\u00ednea Scania Super R500 6x2, reforzando su flota...","og_url":"https:\/\/autofans.com.ar\/index.php\/2025\/08\/15\/manlla-suma-10-scania-super-para-su-flota-refrigerada\/","article_published_time":"2025-08-16T00:24:41+00:00","og_image":[{"width":1000,"height":667,"url":"https:\/\/autofans.com.ar\/wp-content\/uploads\/2025\/08\/esca-5.jpg","type":"image\/jpeg"}],"author":"Alejandro Gabriel Rosito","twitter_card":"summary_large_image","twitter_misc":{"Escrito por":"Alejandro Gabriel Rosito","Tiempo de lectura":"2 minutos"},"schema":{"@context":"https:\/\/schema.org","@graph":[{"@type":"Article","@id":"https:\/\/autofans.com.ar\/index.php\/2025\/08\/15\/manlla-suma-10-scania-super-para-su-flota-refrigerada\/#article","isPartOf":{"@id":"https:\/\/autofans.com.ar\/index.php\/2025\/08\/15\/manlla-suma-10-scania-super-para-su-flota-refrigerada\/"},"author":{"name":"Alejandro Gabriel Rosito","@id":"https:\/\/autofans.com.ar\/#\/schema\/person\/4a8dda0b6df83ac3d6723e921274c2aa"},"headline":"Manlla suma 10 Scania Super para su flota refrigerada","datePublished":"2025-08-16T00:24:41+00:00","mainEntityOfPage":{"@id":"https:\/\/autofans.com.ar\/index.php\/2025\/08\/15\/manlla-suma-10-scania-super-para-su-flota-refrigerada\/"},"wordCount":267,"image":{"@id":"https:\/\/autofans.com.ar\/index.php\/2025\/08\/15\/manlla-suma-10-scania-super-para-su-flota-refrigerada\/#primaryimage"},"thumbnailUrl":"https:\/\/autofans.com.ar\/wp-content\/uploads\/2025\/08\/esca-5.jpg","keywords":["ADAS 2.0","camiones argentinos","flotas eficientes","log\u00edstica refrigerada","Scania Super R500","tecnolog\u00eda en camiones","transporte de carga","transporte Manlla"],"articleSection":["NOTICIAS","PICK UPs, UTILITARIOS Y OTROS"],"inLanguage":"es"},{"@type":"WebPage","@id":"https:\/\/autofans.com.ar\/index.php\/2025\/08\/15\/manlla-suma-10-scania-super-para-su-flota-refrigerada\/","url":"https:\/\/autofans.com.ar\/index.php\/2025\/08\/15\/manlla-suma-10-scania-super-para-su-flota-refrigerada\/","name":"Manlla suma 10 Scania Super para su flota refrigerada -","isPartOf":{"@id":"https:\/\/autofans.com.ar\/#website"},"primaryImageOfPage":{"@id":"https:\/\/autofans.com.ar\/index.php\/2025\/08\/15\/manlla-suma-10-scania-super-para-su-flota-refrigerada\/#primaryimage"},"image":{"@id":"https:\/\/autofans.com.ar\/index.php\/2025\/08\/15\/manlla-suma-10-scania-super-para-su-flota-refrigerada\/#primaryimage"},"thumbnailUrl":"https:\/\/autofans.com.ar\/wp-content\/uploads\/2025\/08\/esca-5.jpg","datePublished":"2025-08-16T00:24:41+00:00","author":{"@id":"https:\/\/autofans.com.ar\/#\/schema\/person\/4a8dda0b6df83ac3d6723e921274c2aa"},"description":"Transporte Manlla, con base en Termas de R\u00edo Hondo, incorpor\u00f3 10 unidades de la nueva l\u00ednea Scania Super R500 6x2, reforzando su flota...","breadcrumb":{"@id":"https:\/\/autofans.com.ar\/index.php\/2025\/08\/15\/manlla-suma-10-scania-super-para-su-flota-refrigerada\/#breadcrumb"},"inLanguage":"es","potentialAction":[{"@type":"ReadAction","target":["https:\/\/autofans.com.ar\/index.php\/2025\/08\/15\/manlla-suma-10-scania-super-para-su-flota-refrigerada\/"]}]},{"@type":"ImageObject","inLanguage":"es","@id":"https:\/\/autofans.com.ar\/index.php\/2025\/08\/15\/manlla-suma-10-scania-super-para-su-flota-refrigerada\/#primaryimage","url":"https:\/\/autofans.com.ar\/wp-content\/uploads\/2025\/08\/esca-5.jpg","contentUrl":"https:\/\/autofans.com.ar\/wp-content\/uploads\/2025\/08\/esca-5.jpg","width":1000,"height":667,"caption":"Scania"},{"@type":"BreadcrumbList","@id":"https:\/\/autofans.com.ar\/index.php\/2025\/08\/15\/manlla-suma-10-scania-super-para-su-flota-refrigerada\/#breadcrumb","itemListElement":[{"@type":"ListItem","position":1,"name":"Inicio","item":"https:\/\/autofans.com.ar\/"},{"@type":"ListItem","position":2,"name":"Manlla suma 10 Scania Super para su flota refrigerada"}]},{"@type":"WebSite","@id":"https:\/\/autofans.com.ar\/#website","url":"https:\/\/autofans.com.ar\/","name":"","description":"El multimedio referente de la industria automotriz","potentialAction":[{"@type":"SearchAction","target":{"@type":"EntryPoint","urlTemplate":"https:\/\/autofans.com.ar\/?s={search_term_string}"},"query-input":{"@type":"PropertyValueSpecification","valueRequired":true,"valueName":"search_term_string"}}],"inLanguage":"es"},{"@type":"Person","@id":"https:\/\/autofans.com.ar\/#\/schema\/person\/4a8dda0b6df83ac3d6723e921274c2aa","name":"Alejandro Gabriel Rosito","image":{"@type":"ImageObject","inLanguage":"es","@id":"https:\/\/secure.gravatar.com\/avatar\/16c5dda1489adfc62618084dcbb91cffd879c374b13fe5dd8e44ed6733852c88?s=96&d=mm&r=g","url":"https:\/\/secure.gravatar.com\/avatar\/16c5dda1489adfc62618084dcbb91cffd879c374b13fe5dd8e44ed6733852c88?s=96&d=mm&r=g","contentUrl":"https:\/\/secure.gravatar.com\/avatar\/16c5dda1489adfc62618084dcbb91cffd879c374b13fe5dd8e44ed6733852c88?s=96&d=mm&r=g","caption":"Alejandro Gabriel Rosito"},"url":"https:\/\/autofans.com.ar\/index.php\/author\/gabrielr\/"}]}},"featured_image_urls":{"full":["https:\/\/autofans.com.ar\/wp-content\/uploads\/2025\/08\/esca-5.jpg",1000,667,false],"thumbnail":["https:\/\/autofans.com.ar\/wp-content\/uploads\/2025\/08\/esca-5-150x150.jpg",150,150,true],"medium":["https:\/\/autofans.com.ar\/wp-content\/uploads\/2025\/08\/esca-5-300x200.jpg",300,200,true],"medium_large":["https:\/\/autofans.com.ar\/wp-content\/uploads\/2025\/08\/esca-5-768x512.jpg",640,427,true],"large":["https:\/\/autofans.com.ar\/wp-content\/uploads\/2025\/08\/esca-5.jpg",640,427,false],"1536x1536":["https:\/\/autofans.com.ar\/wp-content\/uploads\/2025\/08\/esca-5.jpg",1000,667,false],"2048x2048":["https:\/\/autofans.com.ar\/wp-content\/uploads\/2025\/08\/esca-5.jpg",1000,667,false],"covernews-featured":["https:\/\/autofans.com.ar\/wp-content\/uploads\/2025\/08\/esca-5.jpg",1000,667,false],"covernews-medium":["https:\/\/autofans.com.ar\/wp-content\/uploads\/2025\/08\/esca-5-540x340.jpg",540,340,true]},"author_info":{"display_name":"Alejandro Gabriel Rosito","author_link":"https:\/\/autofans.com.ar\/index.php\/author\/gabrielr\/"},"category_info":"<a href=\"https:\/\/autofans.com.ar\/index.php\/category\/noticias\/\" rel=\"category tag\">NOTICIAS<\/a> <a href=\"https:\/\/autofans.com.ar\/index.php\/category\/noticias\/otros\/\" rel=\"category tag\">PICK UPs, UTILITARIOS Y OTROS<\/a>","tag_info":"PICK UPs, UTILITARIOS Y OTROS","comment_count":0,"_links":{"self":[{"href":"https:\/\/autofans.com.ar\/index.php\/wp-json\/wp\/v2\/posts\/13734","targetHints":{"allow":["GET"]}}],"collection":[{"href":"https:\/\/autofans.com.ar\/index.php\/wp-json\/wp\/v2\/posts"}],"about":[{"href":"https:\/\/autofans.com.ar\/index.php\/wp-json\/wp\/v2\/types\/post"}],"author":[{"embeddable":true,"href":"https:\/\/autofans.com.ar\/index.php\/wp-json\/wp\/v2\/users\/2"}],"replies":[{"embeddable":true,"href":"https:\/\/autofans.com.ar\/index.php\/wp-json\/wp\/v2\/comments?post=13734"}],"version-history":[{"count":1,"href":"https:\/\/autofans.com.ar\/index.php\/wp-json\/wp\/v2\/posts\/13734\/revisions"}],"predecessor-version":[{"id":13740,"href":"https:\/\/autofans.com.ar\/index.php\/wp-json\/wp\/v2\/posts\/13734\/revisions\/13740"}],"wp:featuredmedia":[{"embeddable":true,"href":"https:\/\/autofans.com.ar\/index.php\/wp-json\/wp\/v2\/media\/13735"}],"wp:attachment":[{"href":"https:\/\/autofans.com.ar\/index.php\/wp-json\/wp\/v2\/media?parent=13734"}],"wp:term":[{"taxonomy":"category","embeddable":true,"href":"https:\/\/autofans.com.ar\/index.php\/wp-json\/wp\/v2\/categories?post=13734"},{"taxonomy":"post_tag","embeddable":true,"href":"https:\/\/autofans.com.ar\/index.php\/wp-json\/wp\/v2\/tags?post=13734"}],"curies":[{"name":"wp","href":"https:\/\/api.w.org\/{rel}","templated":true}]}}