{"id":13741,"date":"2025-08-18T16:24:46","date_gmt":"2025-08-18T19:24:46","guid":{"rendered":"https:\/\/autofans.com.ar\/?p=13741"},"modified":"2025-08-18T16:24:46","modified_gmt":"2025-08-18T19:24:46","slug":"dongfeng-aterriza-en-argentina","status":"publish","type":"post","link":"https:\/\/autofans.com.ar\/index.php\/2025\/08\/18\/dongfeng-aterriza-en-argentina\/","title":{"rendered":"Dongfeng aterriza en Argentina"},"content":{"rendered":"<p class=\"ds-markdown-paragraph\">El fabricante chino de veh\u00edculos comerciales m\u00e1s grande del mundo inicia operaciones en el pa\u00eds de la mano de Magma Automotive, divisi\u00f3n del Grupo Magna. Con m\u00e1s de 50 a\u00f1os de experiencia en el mercado automotor, el grupo impulsa la llegada de Dongfeng con una propuesta diversa: camiones, buses y vans adaptados a las necesidades locales.<\/p>\n<p>&nbsp;<\/p>\n<blockquote>\n<p style=\"text-align: center;\">\u201cComo empresa de origen dominicano, establecer presencia en Argentina representa un paso estrat\u00e9gico y muy significativo en nuestra expansi\u00f3n regional. Luego de aperturas exitosas en mercados clave como M\u00e9xico y Colombia, ven\u00edamos observando de cerca el contexto local, y en este 2025 se dan las condiciones para concretar esta llegada. Argentina es uno de los mercados m\u00e1s relevantes de Latinoam\u00e9rica, y nuestra apuesta es clara: ofrecer un portafolio de veh\u00edculos comerciales s\u00f3lido, acompa\u00f1ado por una red de concesionarios especializada en veh\u00edculos comerciales, una atenci\u00f3n de postventa de excelencia y respaldado por una de las marcas m\u00e1s reconocidas a nivel global\u201d, expres\u00f3 Agust\u00edn Lama, CEO del Grupo Magna.<\/p>\n<\/blockquote>\n<p>&nbsp;<\/p>\n<h2>Tras Hyundai y BMW, Grupo Magna suma a Dongfeng<\/h2>\n<p>&nbsp;<\/p>\n<figure id=\"attachment_13747\" aria-describedby=\"caption-attachment-13747\" style=\"width: 1000px\" class=\"wp-caption aligncenter\"><img fetchpriority=\"high\" decoding=\"async\" class=\"wp-image-13747 size-full\" src=\"https:\/\/autofans.com.ar\/wp-content\/uploads\/2025\/08\/foto-2.jpg\" alt=\"Dongfeng\" width=\"1000\" height=\"667\" srcset=\"https:\/\/autofans.com.ar\/wp-content\/uploads\/2025\/08\/foto-2.jpg 1000w, https:\/\/autofans.com.ar\/wp-content\/uploads\/2025\/08\/foto-2-300x200.jpg 300w, https:\/\/autofans.com.ar\/wp-content\/uploads\/2025\/08\/foto-2-768x512.jpg 768w\" sizes=\"(max-width: 1000px) 100vw, 1000px\" \/><figcaption id=\"caption-attachment-13747\" class=\"wp-caption-text\">Entrega de los primeros dos camiones Dongfeng a Empresa Lesko &#8211; BsAs<\/figcaption><\/figure>\n<p>&nbsp;<\/p>\n<p class=\"ds-markdown-paragraph\">El Grupo Magna, con presencia en 19 pa\u00edses, suma a Dongfeng a su portafolio, que ya incluye marcas como Hyundai, BMW y Kawasaki. La estrategia apunta a consolidar su liderazgo en Latinoam\u00e9rica con veh\u00edculos potentes, tecnol\u00f3gicos y eficientes.<\/p>\n<h3><\/h3>\n<blockquote>\n<p style=\"text-align: center;\">\u201cEsta incorporaci\u00f3n forma parte de nuestra visi\u00f3n estrat\u00e9gica para Latinoam\u00e9rica, donde buscamos seguir construyendo un ecosistema de movilidad eficiente, robusto y alineado con las necesidades del sector. Con Dongfeng Argentina, damos un paso firme en la consolidaci\u00f3n de nuestra presencia regional y en el desarrollo de soluciones de largo plazo para el transporte comercial\u201d, se\u00f1al\u00f3 Federico Bangerter, Gerente General del Cono Sur de Magna.<\/p>\n<\/blockquote>\n<p>&nbsp;<\/p>\n<h2>La gama Dongfeng en Argentina<\/h2>\n<p>&nbsp;<\/p>\n<h4><strong>1. Ultralivianos Captain W: soluciones para log\u00edstica urbana<\/strong><\/h4>\n<p>&nbsp;<\/p>\n<p><img decoding=\"async\" class=\"aligncenter wp-image-13744 size-full\" src=\"https:\/\/autofans.com.ar\/wp-content\/uploads\/2025\/08\/captain-w414.jpg\" alt=\"Dongfeng\" width=\"1000\" height=\"667\" srcset=\"https:\/\/autofans.com.ar\/wp-content\/uploads\/2025\/08\/captain-w414.jpg 1000w, https:\/\/autofans.com.ar\/wp-content\/uploads\/2025\/08\/captain-w414-300x200.jpg 300w, https:\/\/autofans.com.ar\/wp-content\/uploads\/2025\/08\/captain-w414-768x512.jpg 768w\" sizes=\"(max-width: 1000px) 100vw, 1000px\" \/><\/p>\n<p>&nbsp;<\/p>\n<p class=\"ds-markdown-paragraph\">Dise\u00f1ados para \u00faltima milla, los modelos Captain W 310 y 412 destacan por su capacidad de carga (1.100 kg a 2.045 kg) y motores nafteros (1.3L y 1.6L). Incluyen:<\/p>\n<ul>\n<li>\n<p class=\"ds-markdown-paragraph\">Aire acondicionado, pantalla multimedia y c\u00e1mara de retroceso.<\/p>\n<\/li>\n<li>\n<p class=\"ds-markdown-paragraph\">Opciones de cabina simple o doble (2 o 5 asientos).<\/p>\n<\/li>\n<\/ul>\n<h4><strong>2. Livianos Captain C: potencia y tecnolog\u00eda<\/strong><\/h4>\n<p class=\"ds-markdown-paragraph\">Los Captain C 615, 815, 1016 y 1217 ofrecen motores Nissan ZD30 y Cummins ISF, con capacidades de 6.000 kg a 12.000 kg. Equipamiento destacado:<\/p>\n<ul>\n<li>\n<p class=\"ds-markdown-paragraph\">Transmisi\u00f3n de 6 u 8 velocidades.<\/p>\n<\/li>\n<li>\n<p class=\"ds-markdown-paragraph\">Frenos neum\u00e1ticos, control crucero y pantalla de 10&#8243;.<\/p>\n<\/li>\n<\/ul>\n<h4><strong>3. Medianos Captain D: robustez para grandes cargas<\/strong><\/h4>\n<p class=\"ds-markdown-paragraph\">El Captain D 1830 (18 toneladas) lleva motor Cummins ISD 6.7L (300 hp), suspensi\u00f3n neum\u00e1tica y:<\/p>\n<ul>\n<li>\n<p class=\"ds-markdown-paragraph\">Cabina extendida, ABS + ESC y tanque de 400 litros.<\/p>\n<\/li>\n<li>\n<p class=\"ds-markdown-paragraph\">Ideal para transporte interurbano e industrial.<\/p>\n<\/li>\n<\/ul>\n<h4><strong>4. Vans: carga y pasajeros<\/strong><\/h4>\n<p>&nbsp;<\/p>\n<div id='gallery-1' class='gallery galleryid-13741 gallery-columns-2 gallery-size-full'><figure class='gallery-item'>\n\t\t\t<div class='gallery-icon landscape'>\n\t\t\t\t<a href='https:\/\/autofans.com.ar\/index.php\/2025\/08\/18\/dongfeng-aterriza-en-argentina\/u-van-414\/'><img loading=\"lazy\" width=\"1000\" height=\"667\" src=\"https:\/\/autofans.com.ar\/wp-content\/uploads\/2025\/08\/u-van-414.jpg\" class=\"attachment-full size-full\" alt=\"Dongfeng\" aria-describedby=\"gallery-1-13746\" srcset=\"https:\/\/autofans.com.ar\/wp-content\/uploads\/2025\/08\/u-van-414.jpg 1000w, https:\/\/autofans.com.ar\/wp-content\/uploads\/2025\/08\/u-van-414-300x200.jpg 300w, https:\/\/autofans.com.ar\/wp-content\/uploads\/2025\/08\/u-van-414-768x512.jpg 768w\" sizes=\"auto, (max-width: 1000px) 100vw, 1000px\" loading=\"lazy\" decoding=\"async\" \/><\/a>\n\t\t\t<\/div>\n\t\t\t\t<figcaption class='wp-caption-text gallery-caption' id='gallery-1-13746'>\n\t\t\t\tU-van 414\n\t\t\t\t<\/figcaption><\/figure><figure class='gallery-item'>\n\t\t\t<div class='gallery-icon landscape'>\n\t\t\t\t<a href='https:\/\/autofans.com.ar\/index.php\/2025\/08\/18\/dongfeng-aterriza-en-argentina\/van-312\/'><img loading=\"lazy\" width=\"1000\" height=\"667\" src=\"https:\/\/autofans.com.ar\/wp-content\/uploads\/2025\/08\/van-312.jpg\" class=\"attachment-full size-full\" alt=\"Dongfeng\" aria-describedby=\"gallery-1-13743\" srcset=\"https:\/\/autofans.com.ar\/wp-content\/uploads\/2025\/08\/van-312.jpg 1000w, https:\/\/autofans.com.ar\/wp-content\/uploads\/2025\/08\/van-312-300x200.jpg 300w, https:\/\/autofans.com.ar\/wp-content\/uploads\/2025\/08\/van-312-768x512.jpg 768w\" sizes=\"auto, (max-width: 1000px) 100vw, 1000px\" loading=\"lazy\" decoding=\"async\" \/><\/a>\n\t\t\t<\/div>\n\t\t\t\t<figcaption class='wp-caption-text gallery-caption' id='gallery-1-13743'>\n\t\t\t\tVan 312\n\t\t\t\t<\/figcaption><\/figure>\n\t\t<\/div>\n\n<p>&nbsp;<\/p>\n<ul>\n<li>\n<p class=\"ds-markdown-paragraph\">VAN 312\/312L Cargo: 5.6 m\u00b3 a 6.5 m\u00b3 de capacidad, motor 1.6L (120 hp).<\/p>\n<\/li>\n<li>\n<p class=\"ds-markdown-paragraph\">U-VAN 414 Cargo\/Bus: Motor Renault 2.3L (136 hp), hasta 11.7 m\u00b3 o 14 pasajeros.<\/p>\n<\/li>\n<\/ul>\n<p>&nbsp;<\/p>\n<blockquote>\n<p style=\"text-align: center;\">Nuestro objetivo es que cada cliente vea en Dongfeng Argentina un socio estrat\u00e9gico, capaz de brindar soluciones de transporte confiables, modernas y adaptadas a las necesidades espec\u00edficas de cada operaci\u00f3n. Contamos con un porfolio que integra potencia, robustez y adaptabilidad: atributos esenciales para afrontar los desaf\u00edos del transporte actual. Nuestra gama de productos ha sido dise\u00f1ada para dar respuesta a las distintas demandas del mercado, con foco en la eficiencia operativa y en una experiencia de servicio de alto est\u00e1ndar\u201d, afirm\u00f3 Marcelo Mauro, Country Manager de Dongfeng Argentina.<\/p>\n<\/blockquote>\n<p>&nbsp;<\/p>\n<p class=\"ds-markdown-paragraph\">Dongfeng ya se comercializa en Buenos Aires, C\u00f3rdoba, Santa Fe, Tucum\u00e1n, Mendoza y Neuqu\u00e9n. M\u00e1s info: <a href=\"http:\/\/www.dongfeng.ar\/\" target=\"_blank\" rel=\"noopener noreferrer\">www.dongfeng.ar<\/a>.<\/p>\n<p>&nbsp;<\/p>\n<p>&nbsp;<\/p>\n<p><i>Para enterarte de m\u00e1s novedades, no dejes de leer\u00a0<\/i><a href=\"https:\/\/autofans.thebrandsoup.com\/\"><i>nuestras notas<\/i><\/a><i>, de ver\u00a0<\/i><a href=\"https:\/\/www.youtube.com\/channel\/UCgAC8UGHZYbT6P7PpmVnP7g\"><i>AUTOFANS TV<\/i><\/a><i>\u00a0en nuestro\u00a0canal de Youtube. Adem\u00e1s seguinos en\u00a0<\/i><a href=\"https:\/\/www.instagram.com\/autofanstv\/\"><i>INSTAGRAM<\/i><\/a><i> y <\/i><a href=\"https:\/\/www.facebook.com\/autofansmas\/\"><i>FACEBOOK<\/i><\/a><i> para no perderte nada sobre las novedades del segmento automotor de Argentina y el mundo.<\/i><\/p>\n","protected":false},"excerpt":{"rendered":"<p>El fabricante chino de veh\u00edculos comerciales m\u00e1s grande del mundo inicia operaciones en el pa\u00eds&#8230;<\/p>\n","protected":false},"author":2,"featured_media":13749,"comment_status":"closed","ping_status":"closed","sticky":false,"template":"","format":"standard","meta":{"footnotes":""},"categories":[292,16],"tags":[7190,7193,7194,7192,7189,7195,7191,7196],"class_list":["post-13741","post","type-post","status-publish","format-standard","has-post-thumbnail","hentry","category-empresas","category-noticias","tag-camiones-comerciales","tag-captain-c","tag-captain-d","tag-captain-w","tag-dongfeng-argentina","tag-magma-automotive","tag-vans-de-carga","tag-vehiculos-ultima-milla"],"yoast_head":"<!-- This site is optimized with the Yoast SEO plugin v27.5 - https:\/\/yoast.com\/product\/yoast-seo-wordpress\/ -->\n<title>Dongfeng aterriza en Argentina -<\/title>\n<meta name=\"description\" content=\"El fabricante chino de veh\u00edculos comerciales m\u00e1s grande del mundo inicia operaciones en el pa\u00eds de la mano de Magma Automotive...\" \/>\n<meta name=\"robots\" content=\"index, follow, max-snippet:-1, max-image-preview:large, max-video-preview:-1\" \/>\n<link rel=\"canonical\" href=\"https:\/\/autofans.com.ar\/index.php\/2025\/08\/18\/dongfeng-aterriza-en-argentina\/\" \/>\n<meta property=\"og:locale\" content=\"es_ES\" \/>\n<meta property=\"og:type\" content=\"article\" \/>\n<meta property=\"og:title\" content=\"Dongfeng aterriza en Argentina -\" \/>\n<meta property=\"og:description\" content=\"El fabricante chino de veh\u00edculos comerciales m\u00e1s grande del mundo inicia operaciones en el pa\u00eds de la mano de Magma Automotive...\" \/>\n<meta property=\"og:url\" content=\"https:\/\/autofans.com.ar\/index.php\/2025\/08\/18\/dongfeng-aterriza-en-argentina\/\" \/>\n<meta property=\"article:published_time\" content=\"2025-08-18T19:24:46+00:00\" \/>\n<meta property=\"og:image\" content=\"https:\/\/autofans.com.ar\/wp-content\/uploads\/2025\/08\/foto-1.jpg\" \/>\n\t<meta property=\"og:image:width\" content=\"1000\" \/>\n\t<meta property=\"og:image:height\" content=\"667\" \/>\n\t<meta property=\"og:image:type\" content=\"image\/jpeg\" \/>\n<meta name=\"author\" content=\"Alejandro Gabriel Rosito\" \/>\n<meta name=\"twitter:card\" content=\"summary_large_image\" \/>\n<meta name=\"twitter:label1\" content=\"Escrito por\" \/>\n\t<meta name=\"twitter:data1\" content=\"Alejandro Gabriel Rosito\" \/>\n\t<meta name=\"twitter:label2\" content=\"Tiempo de lectura\" \/>\n\t<meta name=\"twitter:data2\" content=\"3 minutos\" \/>\n<script type=\"application\/ld+json\" class=\"yoast-schema-graph\">{\"@context\":\"https:\\\/\\\/schema.org\",\"@graph\":[{\"@type\":\"Article\",\"@id\":\"https:\\\/\\\/autofans.com.ar\\\/index.php\\\/2025\\\/08\\\/18\\\/dongfeng-aterriza-en-argentina\\\/#article\",\"isPartOf\":{\"@id\":\"https:\\\/\\\/autofans.com.ar\\\/index.php\\\/2025\\\/08\\\/18\\\/dongfeng-aterriza-en-argentina\\\/\"},\"author\":{\"name\":\"Alejandro Gabriel Rosito\",\"@id\":\"https:\\\/\\\/autofans.com.ar\\\/#\\\/schema\\\/person\\\/4a8dda0b6df83ac3d6723e921274c2aa\"},\"headline\":\"Dongfeng aterriza en Argentina\",\"datePublished\":\"2025-08-18T19:24:46+00:00\",\"mainEntityOfPage\":{\"@id\":\"https:\\\/\\\/autofans.com.ar\\\/index.php\\\/2025\\\/08\\\/18\\\/dongfeng-aterriza-en-argentina\\\/\"},\"wordCount\":659,\"image\":{\"@id\":\"https:\\\/\\\/autofans.com.ar\\\/index.php\\\/2025\\\/08\\\/18\\\/dongfeng-aterriza-en-argentina\\\/#primaryimage\"},\"thumbnailUrl\":\"https:\\\/\\\/autofans.com.ar\\\/wp-content\\\/uploads\\\/2025\\\/08\\\/foto-1.jpg\",\"keywords\":[\"camiones comerciales\",\"Captain C\",\"Captain D\",\"Captain W\",\"Dongfeng Argentina\",\"Magma Automotive\",\"vans de carga\",\"veh\u00edculos \u00faltima milla.\"],\"articleSection\":[\"EMPRESAS\",\"NOTICIAS\"],\"inLanguage\":\"es\"},{\"@type\":\"WebPage\",\"@id\":\"https:\\\/\\\/autofans.com.ar\\\/index.php\\\/2025\\\/08\\\/18\\\/dongfeng-aterriza-en-argentina\\\/\",\"url\":\"https:\\\/\\\/autofans.com.ar\\\/index.php\\\/2025\\\/08\\\/18\\\/dongfeng-aterriza-en-argentina\\\/\",\"name\":\"Dongfeng aterriza en Argentina -\",\"isPartOf\":{\"@id\":\"https:\\\/\\\/autofans.com.ar\\\/#website\"},\"primaryImageOfPage\":{\"@id\":\"https:\\\/\\\/autofans.com.ar\\\/index.php\\\/2025\\\/08\\\/18\\\/dongfeng-aterriza-en-argentina\\\/#primaryimage\"},\"image\":{\"@id\":\"https:\\\/\\\/autofans.com.ar\\\/index.php\\\/2025\\\/08\\\/18\\\/dongfeng-aterriza-en-argentina\\\/#primaryimage\"},\"thumbnailUrl\":\"https:\\\/\\\/autofans.com.ar\\\/wp-content\\\/uploads\\\/2025\\\/08\\\/foto-1.jpg\",\"datePublished\":\"2025-08-18T19:24:46+00:00\",\"author\":{\"@id\":\"https:\\\/\\\/autofans.com.ar\\\/#\\\/schema\\\/person\\\/4a8dda0b6df83ac3d6723e921274c2aa\"},\"description\":\"El fabricante chino de veh\u00edculos comerciales m\u00e1s grande del mundo inicia operaciones en el pa\u00eds de la mano de Magma Automotive...\",\"breadcrumb\":{\"@id\":\"https:\\\/\\\/autofans.com.ar\\\/index.php\\\/2025\\\/08\\\/18\\\/dongfeng-aterriza-en-argentina\\\/#breadcrumb\"},\"inLanguage\":\"es\",\"potentialAction\":[{\"@type\":\"ReadAction\",\"target\":[\"https:\\\/\\\/autofans.com.ar\\\/index.php\\\/2025\\\/08\\\/18\\\/dongfeng-aterriza-en-argentina\\\/\"]}]},{\"@type\":\"ImageObject\",\"inLanguage\":\"es\",\"@id\":\"https:\\\/\\\/autofans.com.ar\\\/index.php\\\/2025\\\/08\\\/18\\\/dongfeng-aterriza-en-argentina\\\/#primaryimage\",\"url\":\"https:\\\/\\\/autofans.com.ar\\\/wp-content\\\/uploads\\\/2025\\\/08\\\/foto-1.jpg\",\"contentUrl\":\"https:\\\/\\\/autofans.com.ar\\\/wp-content\\\/uploads\\\/2025\\\/08\\\/foto-1.jpg\",\"width\":1000,\"height\":667,\"caption\":\"Dongfeng\"},{\"@type\":\"BreadcrumbList\",\"@id\":\"https:\\\/\\\/autofans.com.ar\\\/index.php\\\/2025\\\/08\\\/18\\\/dongfeng-aterriza-en-argentina\\\/#breadcrumb\",\"itemListElement\":[{\"@type\":\"ListItem\",\"position\":1,\"name\":\"Inicio\",\"item\":\"https:\\\/\\\/autofans.com.ar\\\/\"},{\"@type\":\"ListItem\",\"position\":2,\"name\":\"Dongfeng aterriza en Argentina\"}]},{\"@type\":\"WebSite\",\"@id\":\"https:\\\/\\\/autofans.com.ar\\\/#website\",\"url\":\"https:\\\/\\\/autofans.com.ar\\\/\",\"name\":\"\",\"description\":\"El multimedio referente de la industria automotriz\",\"potentialAction\":[{\"@type\":\"SearchAction\",\"target\":{\"@type\":\"EntryPoint\",\"urlTemplate\":\"https:\\\/\\\/autofans.com.ar\\\/?s={search_term_string}\"},\"query-input\":{\"@type\":\"PropertyValueSpecification\",\"valueRequired\":true,\"valueName\":\"search_term_string\"}}],\"inLanguage\":\"es\"},{\"@type\":\"Person\",\"@id\":\"https:\\\/\\\/autofans.com.ar\\\/#\\\/schema\\\/person\\\/4a8dda0b6df83ac3d6723e921274c2aa\",\"name\":\"Alejandro Gabriel Rosito\",\"image\":{\"@type\":\"ImageObject\",\"inLanguage\":\"es\",\"@id\":\"https:\\\/\\\/secure.gravatar.com\\\/avatar\\\/16c5dda1489adfc62618084dcbb91cffd879c374b13fe5dd8e44ed6733852c88?s=96&d=mm&r=g\",\"url\":\"https:\\\/\\\/secure.gravatar.com\\\/avatar\\\/16c5dda1489adfc62618084dcbb91cffd879c374b13fe5dd8e44ed6733852c88?s=96&d=mm&r=g\",\"contentUrl\":\"https:\\\/\\\/secure.gravatar.com\\\/avatar\\\/16c5dda1489adfc62618084dcbb91cffd879c374b13fe5dd8e44ed6733852c88?s=96&d=mm&r=g\",\"caption\":\"Alejandro Gabriel Rosito\"},\"url\":\"https:\\\/\\\/autofans.com.ar\\\/index.php\\\/author\\\/gabrielr\\\/\"}]}<\/script>\n<!-- \/ Yoast SEO plugin. -->","yoast_head_json":{"title":"Dongfeng aterriza en Argentina -","description":"El fabricante chino de veh\u00edculos comerciales m\u00e1s grande del mundo inicia operaciones en el pa\u00eds de la mano de Magma Automotive...","robots":{"index":"index","follow":"follow","max-snippet":"max-snippet:-1","max-image-preview":"max-image-preview:large","max-video-preview":"max-video-preview:-1"},"canonical":"https:\/\/autofans.com.ar\/index.php\/2025\/08\/18\/dongfeng-aterriza-en-argentina\/","og_locale":"es_ES","og_type":"article","og_title":"Dongfeng aterriza en Argentina -","og_description":"El fabricante chino de veh\u00edculos comerciales m\u00e1s grande del mundo inicia operaciones en el pa\u00eds de la mano de Magma Automotive...","og_url":"https:\/\/autofans.com.ar\/index.php\/2025\/08\/18\/dongfeng-aterriza-en-argentina\/","article_published_time":"2025-08-18T19:24:46+00:00","og_image":[{"width":1000,"height":667,"url":"https:\/\/autofans.com.ar\/wp-content\/uploads\/2025\/08\/foto-1.jpg","type":"image\/jpeg"}],"author":"Alejandro Gabriel Rosito","twitter_card":"summary_large_image","twitter_misc":{"Escrito por":"Alejandro Gabriel Rosito","Tiempo de lectura":"3 minutos"},"schema":{"@context":"https:\/\/schema.org","@graph":[{"@type":"Article","@id":"https:\/\/autofans.com.ar\/index.php\/2025\/08\/18\/dongfeng-aterriza-en-argentina\/#article","isPartOf":{"@id":"https:\/\/autofans.com.ar\/index.php\/2025\/08\/18\/dongfeng-aterriza-en-argentina\/"},"author":{"name":"Alejandro Gabriel Rosito","@id":"https:\/\/autofans.com.ar\/#\/schema\/person\/4a8dda0b6df83ac3d6723e921274c2aa"},"headline":"Dongfeng aterriza en Argentina","datePublished":"2025-08-18T19:24:46+00:00","mainEntityOfPage":{"@id":"https:\/\/autofans.com.ar\/index.php\/2025\/08\/18\/dongfeng-aterriza-en-argentina\/"},"wordCount":659,"image":{"@id":"https:\/\/autofans.com.ar\/index.php\/2025\/08\/18\/dongfeng-aterriza-en-argentina\/#primaryimage"},"thumbnailUrl":"https:\/\/autofans.com.ar\/wp-content\/uploads\/2025\/08\/foto-1.jpg","keywords":["camiones comerciales","Captain C","Captain D","Captain W","Dongfeng Argentina","Magma Automotive","vans de carga","veh\u00edculos \u00faltima milla."],"articleSection":["EMPRESAS","NOTICIAS"],"inLanguage":"es"},{"@type":"WebPage","@id":"https:\/\/autofans.com.ar\/index.php\/2025\/08\/18\/dongfeng-aterriza-en-argentina\/","url":"https:\/\/autofans.com.ar\/index.php\/2025\/08\/18\/dongfeng-aterriza-en-argentina\/","name":"Dongfeng aterriza en Argentina -","isPartOf":{"@id":"https:\/\/autofans.com.ar\/#website"},"primaryImageOfPage":{"@id":"https:\/\/autofans.com.ar\/index.php\/2025\/08\/18\/dongfeng-aterriza-en-argentina\/#primaryimage"},"image":{"@id":"https:\/\/autofans.com.ar\/index.php\/2025\/08\/18\/dongfeng-aterriza-en-argentina\/#primaryimage"},"thumbnailUrl":"https:\/\/autofans.com.ar\/wp-content\/uploads\/2025\/08\/foto-1.jpg","datePublished":"2025-08-18T19:24:46+00:00","author":{"@id":"https:\/\/autofans.com.ar\/#\/schema\/person\/4a8dda0b6df83ac3d6723e921274c2aa"},"description":"El fabricante chino de veh\u00edculos comerciales m\u00e1s grande del mundo inicia operaciones en el pa\u00eds de la mano de Magma Automotive...","breadcrumb":{"@id":"https:\/\/autofans.com.ar\/index.php\/2025\/08\/18\/dongfeng-aterriza-en-argentina\/#breadcrumb"},"inLanguage":"es","potentialAction":[{"@type":"ReadAction","target":["https:\/\/autofans.com.ar\/index.php\/2025\/08\/18\/dongfeng-aterriza-en-argentina\/"]}]},{"@type":"ImageObject","inLanguage":"es","@id":"https:\/\/autofans.com.ar\/index.php\/2025\/08\/18\/dongfeng-aterriza-en-argentina\/#primaryimage","url":"https:\/\/autofans.com.ar\/wp-content\/uploads\/2025\/08\/foto-1.jpg","contentUrl":"https:\/\/autofans.com.ar\/wp-content\/uploads\/2025\/08\/foto-1.jpg","width":1000,"height":667,"caption":"Dongfeng"},{"@type":"BreadcrumbList","@id":"https:\/\/autofans.com.ar\/index.php\/2025\/08\/18\/dongfeng-aterriza-en-argentina\/#breadcrumb","itemListElement":[{"@type":"ListItem","position":1,"name":"Inicio","item":"https:\/\/autofans.com.ar\/"},{"@type":"ListItem","position":2,"name":"Dongfeng aterriza en Argentina"}]},{"@type":"WebSite","@id":"https:\/\/autofans.com.ar\/#website","url":"https:\/\/autofans.com.ar\/","name":"","description":"El multimedio referente de la industria automotriz","potentialAction":[{"@type":"SearchAction","target":{"@type":"EntryPoint","urlTemplate":"https:\/\/autofans.com.ar\/?s={search_term_string}"},"query-input":{"@type":"PropertyValueSpecification","valueRequired":true,"valueName":"search_term_string"}}],"inLanguage":"es"},{"@type":"Person","@id":"https:\/\/autofans.com.ar\/#\/schema\/person\/4a8dda0b6df83ac3d6723e921274c2aa","name":"Alejandro Gabriel Rosito","image":{"@type":"ImageObject","inLanguage":"es","@id":"https:\/\/secure.gravatar.com\/avatar\/16c5dda1489adfc62618084dcbb91cffd879c374b13fe5dd8e44ed6733852c88?s=96&d=mm&r=g","url":"https:\/\/secure.gravatar.com\/avatar\/16c5dda1489adfc62618084dcbb91cffd879c374b13fe5dd8e44ed6733852c88?s=96&d=mm&r=g","contentUrl":"https:\/\/secure.gravatar.com\/avatar\/16c5dda1489adfc62618084dcbb91cffd879c374b13fe5dd8e44ed6733852c88?s=96&d=mm&r=g","caption":"Alejandro Gabriel Rosito"},"url":"https:\/\/autofans.com.ar\/index.php\/author\/gabrielr\/"}]}},"featured_image_urls":{"full":["https:\/\/autofans.com.ar\/wp-content\/uploads\/2025\/08\/foto-1.jpg",1000,667,false],"thumbnail":["https:\/\/autofans.com.ar\/wp-content\/uploads\/2025\/08\/foto-1-150x150.jpg",150,150,true],"medium":["https:\/\/autofans.com.ar\/wp-content\/uploads\/2025\/08\/foto-1-300x200.jpg",300,200,true],"medium_large":["https:\/\/autofans.com.ar\/wp-content\/uploads\/2025\/08\/foto-1-768x512.jpg",640,427,true],"large":["https:\/\/autofans.com.ar\/wp-content\/uploads\/2025\/08\/foto-1.jpg",640,427,false],"1536x1536":["https:\/\/autofans.com.ar\/wp-content\/uploads\/2025\/08\/foto-1.jpg",1000,667,false],"2048x2048":["https:\/\/autofans.com.ar\/wp-content\/uploads\/2025\/08\/foto-1.jpg",1000,667,false],"covernews-featured":["https:\/\/autofans.com.ar\/wp-content\/uploads\/2025\/08\/foto-1.jpg",1000,667,false],"covernews-medium":["https:\/\/autofans.com.ar\/wp-content\/uploads\/2025\/08\/foto-1-540x340.jpg",540,340,true]},"author_info":{"display_name":"Alejandro Gabriel Rosito","author_link":"https:\/\/autofans.com.ar\/index.php\/author\/gabrielr\/"},"category_info":"<a href=\"https:\/\/autofans.com.ar\/index.php\/category\/noticias\/empresas\/\" rel=\"category tag\">EMPRESAS<\/a> <a href=\"https:\/\/autofans.com.ar\/index.php\/category\/noticias\/\" rel=\"category tag\">NOTICIAS<\/a>","tag_info":"NOTICIAS","comment_count":0,"_links":{"self":[{"href":"https:\/\/autofans.com.ar\/index.php\/wp-json\/wp\/v2\/posts\/13741","targetHints":{"allow":["GET"]}}],"collection":[{"href":"https:\/\/autofans.com.ar\/index.php\/wp-json\/wp\/v2\/posts"}],"about":[{"href":"https:\/\/autofans.com.ar\/index.php\/wp-json\/wp\/v2\/types\/post"}],"author":[{"embeddable":true,"href":"https:\/\/autofans.com.ar\/index.php\/wp-json\/wp\/v2\/users\/2"}],"replies":[{"embeddable":true,"href":"https:\/\/autofans.com.ar\/index.php\/wp-json\/wp\/v2\/comments?post=13741"}],"version-history":[{"count":4,"href":"https:\/\/autofans.com.ar\/index.php\/wp-json\/wp\/v2\/posts\/13741\/revisions"}],"predecessor-version":[{"id":13752,"href":"https:\/\/autofans.com.ar\/index.php\/wp-json\/wp\/v2\/posts\/13741\/revisions\/13752"}],"wp:featuredmedia":[{"embeddable":true,"href":"https:\/\/autofans.com.ar\/index.php\/wp-json\/wp\/v2\/media\/13749"}],"wp:attachment":[{"href":"https:\/\/autofans.com.ar\/index.php\/wp-json\/wp\/v2\/media?parent=13741"}],"wp:term":[{"taxonomy":"category","embeddable":true,"href":"https:\/\/autofans.com.ar\/index.php\/wp-json\/wp\/v2\/categories?post=13741"},{"taxonomy":"post_tag","embeddable":true,"href":"https:\/\/autofans.com.ar\/index.php\/wp-json\/wp\/v2\/tags?post=13741"}],"curies":[{"name":"wp","href":"https:\/\/api.w.org\/{rel}","templated":true}]}}