{"id":13775,"date":"2025-08-20T15:43:48","date_gmt":"2025-08-20T18:43:48","guid":{"rendered":"https:\/\/autofans.com.ar\/?p=13775"},"modified":"2025-08-20T17:55:27","modified_gmt":"2025-08-20T20:55:27","slug":"renault-kardian-llega-con-mas-equipamiento-y-financiacion-a-tasa-0","status":"publish","type":"post","link":"https:\/\/autofans.com.ar\/index.php\/2025\/08\/20\/renault-kardian-llega-con-mas-equipamiento-y-financiacion-a-tasa-0\/","title":{"rendered":"Renault Kardian llega con m\u00e1s equipamiento y financiaci\u00f3n a tasa 0%"},"content":{"rendered":"<p class=\"ds-markdown-paragraph\">El Renault Kardian, elegido como el Auto del A\u00f1o 2025, presenta su Model Year con mejoras que confirman su liderazgo. Este SUV, que ya super\u00f3 las 10.000 unidades vendidas en el pa\u00eds, refuerza su propuesta con un salto tecnol\u00f3gico, m\u00e1s seguridad y un interior premium.<\/p>\n<p>&nbsp;<\/p>\n<h2 class=\"ds-markdown-paragraph\">Un modelo que llega para quedarse<\/h2>\n<p class=\"ds-markdown-paragraph\">Desde su lanzamiento, el Kardian se consolid\u00f3 como un referente. Fue el primer modelo global de la estrategia Renaulution y el primero en fabricarse en Latinoam\u00e9rica con la nueva identidad de Renault. Su plataforma RGMP, el motor turbo 1.0 y la caja de doble embrague marcaron una nueva era para la marca en la regi\u00f3n.<\/p>\n<p>&nbsp;<\/p>\n<p><img fetchpriority=\"high\" decoding=\"async\" class=\"aligncenter wp-image-13781 size-full\" src=\"https:\/\/autofans.com.ar\/wp-content\/uploads\/2025\/08\/renault-4.jpg\" alt=\"Kardian\" width=\"1000\" height=\"667\" srcset=\"https:\/\/autofans.com.ar\/wp-content\/uploads\/2025\/08\/renault-4.jpg 1000w, https:\/\/autofans.com.ar\/wp-content\/uploads\/2025\/08\/renault-4-300x200.jpg 300w, https:\/\/autofans.com.ar\/wp-content\/uploads\/2025\/08\/renault-4-768x512.jpg 768w\" sizes=\"(max-width: 1000px) 100vw, 1000px\" \/><\/p>\n<p class=\"ds-markdown-paragraph\">La oferta se reorganiza con una nueva versi\u00f3n tope. La anterior Premiere Edition es reemplazada por la Iconic 200 EDC. La gama completa queda configurada de la siguiente manera:<\/p>\n<ul>\n<li>\n<p class=\"ds-markdown-paragraph\">Evolution 156 MT: Motor 1.6L y caja manual de 5 velocidades.<\/p>\n<\/li>\n<li>\n<p class=\"ds-markdown-paragraph\">Evolution 200 EDC: Motor turbo 1.0L y caja autom\u00e1tica EDC.<\/p>\n<\/li>\n<li>\n<p class=\"ds-markdown-paragraph\">Iconic 200 EDC (nueva): Suma equipamiento premium y servicios conectados.<\/p>\n<\/li>\n<\/ul>\n<p>&nbsp;<\/p>\n<h2>Pantalla m\u00e1s grande y cluster digital 10.2&#8243; en la nueva Iconic<\/h2>\n<p class=\"ds-markdown-paragraph\">Todas las versiones del Kardian 2025 incorporan una nueva pantalla multimedia de 10.1 pulgadas con el sistema OpenR Link, reemplazando a la anterior de 8\u201d. Este cambio ofrece una experiencia m\u00e1s intuitiva y mantiene la conectividad inal\u00e1mbrica con Android Auto y Apple CarPlay.<\/p>\n<p>&nbsp;<\/p>\n<p><img decoding=\"async\" class=\"aligncenter wp-image-13783 size-full\" src=\"https:\/\/autofans.com.ar\/wp-content\/uploads\/2025\/08\/renault-2.jpg\" alt=\"Kardian\" width=\"1000\" height=\"667\" srcset=\"https:\/\/autofans.com.ar\/wp-content\/uploads\/2025\/08\/renault-2.jpg 1000w, https:\/\/autofans.com.ar\/wp-content\/uploads\/2025\/08\/renault-2-300x200.jpg 300w, https:\/\/autofans.com.ar\/wp-content\/uploads\/2025\/08\/renault-2-768x512.jpg 768w\" sizes=\"(max-width: 1000px) 100vw, 1000px\" \/><\/p>\n<p>&nbsp;<\/p>\n<p class=\"ds-markdown-paragraph\">La apuesta fuerte est\u00e1 en la versi\u00f3n Iconic, que adem\u00e1s agrega:<\/p>\n<ul>\n<li>\n<p class=\"ds-markdown-paragraph\">Un cluster digital de 10.2 pulgadas (frente al de 7\u201d del resto de la gama).<\/p>\n<\/li>\n<li>\n<p class=\"ds-markdown-paragraph\">Dos puertos USB tipo C adicionales.<\/p>\n<\/li>\n<li>\n<p class=\"ds-markdown-paragraph\">Cargador inal\u00e1mbrico para smartphones.<\/p>\n<\/li>\n<\/ul>\n<p>&nbsp;<\/p>\n<blockquote>\n<p style=\"text-align: center;\">Pablo Sibilla, presidente y director general de Renault Argentina, afirm\u00f3: \u201cKardian es el s\u00edmbolo de una nueva etapa para Renault en Argentina y en la regi\u00f3n. En apenas un a\u00f1o logramos consolidarlo como un referente en su segmento, con m\u00e1s de 10.000 unidades vendidas, m\u00faltiples reconocimientos de la industria y una propuesta de valor que combina dise\u00f1o, seguridad y tecnolog\u00eda como pocos.<\/p>\n<p style=\"text-align: center;\">Haber sido distinguido como Auto del A\u00f1o 2025 y como el veh\u00edculo m\u00e1s seguro de su categor\u00eda por CESVI Argentina, con el premio Auto de Oro, es un reconocimiento enorme al trabajo de todo el equipo y lo que Kardian representa para la marca. Esta nueva versi\u00f3n MY2025 refleja nuestra ambici\u00f3n de seguir innovando y ofreciendo veh\u00edculos cada vez m\u00e1s conectados, eficientes y alineados con las necesidades de los clientes argentinos\u201d<\/p>\n<\/blockquote>\n<p>&nbsp;<\/p>\n<h2 class=\"ds-markdown-paragraph\">Seguridad &#8211; el pilar fuerte del Kardian<\/h2>\n<p class=\"ds-markdown-paragraph\">El modelo ya era reconocido por CESVI Argentina como el m\u00e1s seguro de su categor\u00eda. Para 2025, eleva el list\u00f3n con dos nuevas funciones en su paquete de 13 sistemas ADAS:<\/p>\n<ul>\n<li>\n<p class=\"ds-markdown-paragraph\">Luces autom\u00e1ticas altas\/bajas: Mejora la visibilidad nocturna sin deslumbrar a otros conductores (versi\u00f3n Iconic).<\/p>\n<\/li>\n<li>\n<p class=\"ds-markdown-paragraph\">Frenado aut\u00f3nomo de emergencia (AEBS): Ahora tambi\u00e9n detecta peatones y bicicletas, adem\u00e1s de veh\u00edculos.<\/p>\n<\/li>\n<\/ul>\n<p>&nbsp;<\/p>\n<p><img decoding=\"async\" class=\"aligncenter wp-image-13788 size-full\" src=\"https:\/\/autofans.com.ar\/wp-content\/uploads\/2025\/08\/renault-6.jpg\" alt=\"Kardian\" width=\"1000\" height=\"667\" srcset=\"https:\/\/autofans.com.ar\/wp-content\/uploads\/2025\/08\/renault-6.jpg 1000w, https:\/\/autofans.com.ar\/wp-content\/uploads\/2025\/08\/renault-6-300x200.jpg 300w, https:\/\/autofans.com.ar\/wp-content\/uploads\/2025\/08\/renault-6-768x512.jpg 768w\" sizes=\"(max-width: 1000px) 100vw, 1000px\" \/><\/p>\n<p>&nbsp;<\/p>\n<p class=\"ds-markdown-paragraph\">El interior de la versi\u00f3n Iconic da un salto cualitativo con un nuevo tapizado de cuero exclusivo. Este material se integra en la consola central, la plancha de a bordo y las manijas, creando un ambiente m\u00e1s sofisticado y de mayor percepci\u00f3n de calidad.<\/p>\n<p class=\"ds-markdown-paragraph\">Por primera vez, el Kardian ofrece servicios conectados a trav\u00e9s de la app My Renault (exclusivo para la versi\u00f3n Iconic). Incluye funciones sin costo los primeros 3 a\u00f1os:<\/p>\n<ul>\n<li>\n<p class=\"ds-markdown-paragraph\">Geolocalizaci\u00f3n del veh\u00edculo.<\/p>\n<\/li>\n<li>\n<p class=\"ds-markdown-paragraph\">Monitoreo del nivel de combustible y alertas de mantenimiento.<\/p>\n<\/li>\n<li>\n<p class=\"ds-markdown-paragraph\">Rastreo ante robo (en alianza con Ituran).<\/p>\n<\/li>\n<li>\n<p class=\"ds-markdown-paragraph\">Activaci\u00f3n remota de luces y bocina.<\/p>\n<\/li>\n<\/ul>\n<p>&nbsp;<\/p>\n<h2 class=\"ds-markdown-paragraph\">Precios y financiaci\u00f3n vigentes (Agosto 2025)<\/h2>\n<p>&nbsp;<\/p>\n<p><img loading=\"lazy\" decoding=\"async\" class=\"aligncenter wp-image-13782 size-full\" src=\"https:\/\/autofans.com.ar\/wp-content\/uploads\/2025\/08\/renault-3.jpg\" alt=\"Kardian\" width=\"1000\" height=\"667\" srcset=\"https:\/\/autofans.com.ar\/wp-content\/uploads\/2025\/08\/renault-3.jpg 1000w, https:\/\/autofans.com.ar\/wp-content\/uploads\/2025\/08\/renault-3-300x200.jpg 300w, https:\/\/autofans.com.ar\/wp-content\/uploads\/2025\/08\/renault-3-768x512.jpg 768w\" sizes=\"(max-width: 1000px) 100vw, 1000px\" \/><\/p>\n<p>&nbsp;<\/p>\n<ul>\n<li>\n<p class=\"ds-markdown-paragraph\">Evolution 156 MT: $30.400.000<\/p>\n<\/li>\n<li>\n<p class=\"ds-markdown-paragraph\">Evolution 200 EDC: $34.010.000<\/p>\n<\/li>\n<li>\n<p class=\"ds-markdown-paragraph\">Iconic 200 EDC: $37.290.000<\/p>\n<\/li>\n<\/ul>\n<p class=\"ds-markdown-paragraph\">Mobilize Financial Services ofrece un plan de financiaci\u00f3n exclusivo a tasa 0%: hasta $13.000.000 en 12 cuotas.<\/p>\n<p>&nbsp;<\/p>\n<p>&nbsp;<\/p>\n<p>&nbsp;<\/p>\n<p><i>Para enterarte de m\u00e1s novedades, no dejes de leer\u00a0<\/i><a href=\"https:\/\/autofans.thebrandsoup.com\/\"><i>nuestras notas<\/i><\/a><i>, de ver\u00a0<\/i><a href=\"https:\/\/www.youtube.com\/channel\/UCgAC8UGHZYbT6P7PpmVnP7g\"><i>AUTOFANS TV<\/i><\/a><i>\u00a0en nuestro\u00a0canal de Youtube. Adem\u00e1s seguinos en\u00a0<\/i><a href=\"https:\/\/www.instagram.com\/autofanstv\/\"><i>INSTAGRAM<\/i><\/a><i> y <\/i><a href=\"https:\/\/www.facebook.com\/autofansmas\/\"><i>FACEBOOK<\/i><\/a><i> para no perderte nada sobre las novedades del segmento automotor de Argentina y el mundo.<\/i><\/p>\n","protected":false},"excerpt":{"rendered":"<p>El Renault Kardian, elegido como el Auto del A\u00f1o 2025, presenta su Model Year con&#8230;<\/p>\n","protected":false},"author":2,"featured_media":13780,"comment_status":"closed","ping_status":"closed","sticky":false,"template":"","format":"standard","meta":{"footnotes":""},"categories":[3,1],"tags":[3383,7212,1243,6841,3706,7214,7217,4485,565,7211,1306,7213,6794,7216,7215],"class_list":["post-13775","post","type-post","status-publish","format-standard","has-post-thumbnail","hentry","category-autos","category-lanzamientos","tag-adas","tag-auto-del-ano","tag-cesvi","tag-financiacion-auto-0km","tag-mobilize-financial-services","tag-nuevo-kardian","tag-openr-link","tag-precio-renault-kardian","tag-renault-argentina","tag-renault-kardian-2025","tag-seguridad-vehicular","tag-servicios-conectados-auto","tag-suv-argentino","tag-tasas-0","tag-version-iconic"],"yoast_head":"<!-- This site is optimized with the Yoast SEO plugin v27.5 - https:\/\/yoast.com\/product\/yoast-seo-wordpress\/ -->\n<title>Renault Kardian llega con m\u00e1s equipamiento y financiaci\u00f3n a tasa 0% -<\/title>\n<meta name=\"description\" content=\"El Kardian fue el primer modelo global de la estrategia Renaulution y el primero en fabricarse en Latinoam\u00e9rica con la nueva identidad...\" \/>\n<meta name=\"robots\" content=\"index, follow, max-snippet:-1, max-image-preview:large, max-video-preview:-1\" \/>\n<link rel=\"canonical\" href=\"https:\/\/autofans.com.ar\/index.php\/2025\/08\/20\/renault-kardian-llega-con-mas-equipamiento-y-financiacion-a-tasa-0\/\" \/>\n<meta property=\"og:locale\" content=\"es_ES\" \/>\n<meta property=\"og:type\" content=\"article\" \/>\n<meta property=\"og:title\" content=\"Renault Kardian llega con m\u00e1s equipamiento y financiaci\u00f3n a tasa 0% -\" \/>\n<meta property=\"og:description\" content=\"El Kardian fue el primer modelo global de la estrategia Renaulution y el primero en fabricarse en Latinoam\u00e9rica con la nueva identidad...\" \/>\n<meta property=\"og:url\" content=\"https:\/\/autofans.com.ar\/index.php\/2025\/08\/20\/renault-kardian-llega-con-mas-equipamiento-y-financiacion-a-tasa-0\/\" \/>\n<meta property=\"article:published_time\" content=\"2025-08-20T18:43:48+00:00\" \/>\n<meta property=\"article:modified_time\" content=\"2025-08-20T20:55:27+00:00\" \/>\n<meta property=\"og:image\" content=\"https:\/\/autofans.com.ar\/wp-content\/uploads\/2025\/08\/renault-5.jpg\" \/>\n\t<meta property=\"og:image:width\" content=\"1000\" \/>\n\t<meta property=\"og:image:height\" content=\"667\" \/>\n\t<meta property=\"og:image:type\" content=\"image\/jpeg\" \/>\n<meta name=\"author\" content=\"Alejandro Gabriel Rosito\" \/>\n<meta name=\"twitter:card\" content=\"summary_large_image\" \/>\n<meta name=\"twitter:label1\" content=\"Escrito por\" \/>\n\t<meta name=\"twitter:data1\" content=\"Alejandro Gabriel Rosito\" \/>\n\t<meta name=\"twitter:label2\" content=\"Tiempo de lectura\" \/>\n\t<meta name=\"twitter:data2\" content=\"4 minutos\" \/>\n<script type=\"application\/ld+json\" class=\"yoast-schema-graph\">{\"@context\":\"https:\\\/\\\/schema.org\",\"@graph\":[{\"@type\":\"Article\",\"@id\":\"https:\\\/\\\/autofans.com.ar\\\/index.php\\\/2025\\\/08\\\/20\\\/renault-kardian-llega-con-mas-equipamiento-y-financiacion-a-tasa-0\\\/#article\",\"isPartOf\":{\"@id\":\"https:\\\/\\\/autofans.com.ar\\\/index.php\\\/2025\\\/08\\\/20\\\/renault-kardian-llega-con-mas-equipamiento-y-financiacion-a-tasa-0\\\/\"},\"author\":{\"name\":\"Alejandro Gabriel Rosito\",\"@id\":\"https:\\\/\\\/autofans.com.ar\\\/#\\\/schema\\\/person\\\/4a8dda0b6df83ac3d6723e921274c2aa\"},\"headline\":\"Renault Kardian llega con m\u00e1s equipamiento y financiaci\u00f3n a tasa 0%\",\"datePublished\":\"2025-08-20T18:43:48+00:00\",\"dateModified\":\"2025-08-20T20:55:27+00:00\",\"mainEntityOfPage\":{\"@id\":\"https:\\\/\\\/autofans.com.ar\\\/index.php\\\/2025\\\/08\\\/20\\\/renault-kardian-llega-con-mas-equipamiento-y-financiacion-a-tasa-0\\\/\"},\"wordCount\":678,\"image\":{\"@id\":\"https:\\\/\\\/autofans.com.ar\\\/index.php\\\/2025\\\/08\\\/20\\\/renault-kardian-llega-con-mas-equipamiento-y-financiacion-a-tasa-0\\\/#primaryimage\"},\"thumbnailUrl\":\"https:\\\/\\\/autofans.com.ar\\\/wp-content\\\/uploads\\\/2025\\\/08\\\/renault-5.jpg\",\"keywords\":[\"ADAS\",\"Auto del A\u00f1o\",\"cesvi\",\"financiaci\u00f3n auto 0Km\",\"Mobilize Financial Services\",\"nuevo Kardian\",\"OpenR Link\",\"precio Renault Kardian\",\"Renault Argentina\",\"Renault Kardian 2025\",\"seguridad vehicular\",\"servicios conectados auto\",\"SUV argentino\",\"tasas 0\",\"versi\u00f3n Iconic\"],\"articleSection\":[\"AUTOS y SUV\",\"LANZAMIENTOS\"],\"inLanguage\":\"es\"},{\"@type\":\"WebPage\",\"@id\":\"https:\\\/\\\/autofans.com.ar\\\/index.php\\\/2025\\\/08\\\/20\\\/renault-kardian-llega-con-mas-equipamiento-y-financiacion-a-tasa-0\\\/\",\"url\":\"https:\\\/\\\/autofans.com.ar\\\/index.php\\\/2025\\\/08\\\/20\\\/renault-kardian-llega-con-mas-equipamiento-y-financiacion-a-tasa-0\\\/\",\"name\":\"Renault Kardian llega con m\u00e1s equipamiento y financiaci\u00f3n a tasa 0% -\",\"isPartOf\":{\"@id\":\"https:\\\/\\\/autofans.com.ar\\\/#website\"},\"primaryImageOfPage\":{\"@id\":\"https:\\\/\\\/autofans.com.ar\\\/index.php\\\/2025\\\/08\\\/20\\\/renault-kardian-llega-con-mas-equipamiento-y-financiacion-a-tasa-0\\\/#primaryimage\"},\"image\":{\"@id\":\"https:\\\/\\\/autofans.com.ar\\\/index.php\\\/2025\\\/08\\\/20\\\/renault-kardian-llega-con-mas-equipamiento-y-financiacion-a-tasa-0\\\/#primaryimage\"},\"thumbnailUrl\":\"https:\\\/\\\/autofans.com.ar\\\/wp-content\\\/uploads\\\/2025\\\/08\\\/renault-5.jpg\",\"datePublished\":\"2025-08-20T18:43:48+00:00\",\"dateModified\":\"2025-08-20T20:55:27+00:00\",\"author\":{\"@id\":\"https:\\\/\\\/autofans.com.ar\\\/#\\\/schema\\\/person\\\/4a8dda0b6df83ac3d6723e921274c2aa\"},\"description\":\"El Kardian fue el primer modelo global de la estrategia Renaulution y el primero en fabricarse en Latinoam\u00e9rica con la nueva identidad...\",\"breadcrumb\":{\"@id\":\"https:\\\/\\\/autofans.com.ar\\\/index.php\\\/2025\\\/08\\\/20\\\/renault-kardian-llega-con-mas-equipamiento-y-financiacion-a-tasa-0\\\/#breadcrumb\"},\"inLanguage\":\"es\",\"potentialAction\":[{\"@type\":\"ReadAction\",\"target\":[\"https:\\\/\\\/autofans.com.ar\\\/index.php\\\/2025\\\/08\\\/20\\\/renault-kardian-llega-con-mas-equipamiento-y-financiacion-a-tasa-0\\\/\"]}]},{\"@type\":\"ImageObject\",\"inLanguage\":\"es\",\"@id\":\"https:\\\/\\\/autofans.com.ar\\\/index.php\\\/2025\\\/08\\\/20\\\/renault-kardian-llega-con-mas-equipamiento-y-financiacion-a-tasa-0\\\/#primaryimage\",\"url\":\"https:\\\/\\\/autofans.com.ar\\\/wp-content\\\/uploads\\\/2025\\\/08\\\/renault-5.jpg\",\"contentUrl\":\"https:\\\/\\\/autofans.com.ar\\\/wp-content\\\/uploads\\\/2025\\\/08\\\/renault-5.jpg\",\"width\":1000,\"height\":667,\"caption\":\"Kardian\"},{\"@type\":\"BreadcrumbList\",\"@id\":\"https:\\\/\\\/autofans.com.ar\\\/index.php\\\/2025\\\/08\\\/20\\\/renault-kardian-llega-con-mas-equipamiento-y-financiacion-a-tasa-0\\\/#breadcrumb\",\"itemListElement\":[{\"@type\":\"ListItem\",\"position\":1,\"name\":\"Inicio\",\"item\":\"https:\\\/\\\/autofans.com.ar\\\/\"},{\"@type\":\"ListItem\",\"position\":2,\"name\":\"Renault Kardian llega con m\u00e1s equipamiento y financiaci\u00f3n a tasa 0%\"}]},{\"@type\":\"WebSite\",\"@id\":\"https:\\\/\\\/autofans.com.ar\\\/#website\",\"url\":\"https:\\\/\\\/autofans.com.ar\\\/\",\"name\":\"\",\"description\":\"El multimedio referente de la industria automotriz\",\"potentialAction\":[{\"@type\":\"SearchAction\",\"target\":{\"@type\":\"EntryPoint\",\"urlTemplate\":\"https:\\\/\\\/autofans.com.ar\\\/?s={search_term_string}\"},\"query-input\":{\"@type\":\"PropertyValueSpecification\",\"valueRequired\":true,\"valueName\":\"search_term_string\"}}],\"inLanguage\":\"es\"},{\"@type\":\"Person\",\"@id\":\"https:\\\/\\\/autofans.com.ar\\\/#\\\/schema\\\/person\\\/4a8dda0b6df83ac3d6723e921274c2aa\",\"name\":\"Alejandro Gabriel Rosito\",\"image\":{\"@type\":\"ImageObject\",\"inLanguage\":\"es\",\"@id\":\"https:\\\/\\\/secure.gravatar.com\\\/avatar\\\/16c5dda1489adfc62618084dcbb91cffd879c374b13fe5dd8e44ed6733852c88?s=96&d=mm&r=g\",\"url\":\"https:\\\/\\\/secure.gravatar.com\\\/avatar\\\/16c5dda1489adfc62618084dcbb91cffd879c374b13fe5dd8e44ed6733852c88?s=96&d=mm&r=g\",\"contentUrl\":\"https:\\\/\\\/secure.gravatar.com\\\/avatar\\\/16c5dda1489adfc62618084dcbb91cffd879c374b13fe5dd8e44ed6733852c88?s=96&d=mm&r=g\",\"caption\":\"Alejandro Gabriel Rosito\"},\"url\":\"https:\\\/\\\/autofans.com.ar\\\/index.php\\\/author\\\/gabrielr\\\/\"}]}<\/script>\n<!-- \/ Yoast SEO plugin. -->","yoast_head_json":{"title":"Renault Kardian llega con m\u00e1s equipamiento y financiaci\u00f3n a tasa 0% -","description":"El Kardian fue el primer modelo global de la estrategia Renaulution y el primero en fabricarse en Latinoam\u00e9rica con la nueva identidad...","robots":{"index":"index","follow":"follow","max-snippet":"max-snippet:-1","max-image-preview":"max-image-preview:large","max-video-preview":"max-video-preview:-1"},"canonical":"https:\/\/autofans.com.ar\/index.php\/2025\/08\/20\/renault-kardian-llega-con-mas-equipamiento-y-financiacion-a-tasa-0\/","og_locale":"es_ES","og_type":"article","og_title":"Renault Kardian llega con m\u00e1s equipamiento y financiaci\u00f3n a tasa 0% -","og_description":"El Kardian fue el primer modelo global de la estrategia Renaulution y el primero en fabricarse en Latinoam\u00e9rica con la nueva identidad...","og_url":"https:\/\/autofans.com.ar\/index.php\/2025\/08\/20\/renault-kardian-llega-con-mas-equipamiento-y-financiacion-a-tasa-0\/","article_published_time":"2025-08-20T18:43:48+00:00","article_modified_time":"2025-08-20T20:55:27+00:00","og_image":[{"width":1000,"height":667,"url":"https:\/\/autofans.com.ar\/wp-content\/uploads\/2025\/08\/renault-5.jpg","type":"image\/jpeg"}],"author":"Alejandro Gabriel Rosito","twitter_card":"summary_large_image","twitter_misc":{"Escrito por":"Alejandro Gabriel Rosito","Tiempo de lectura":"4 minutos"},"schema":{"@context":"https:\/\/schema.org","@graph":[{"@type":"Article","@id":"https:\/\/autofans.com.ar\/index.php\/2025\/08\/20\/renault-kardian-llega-con-mas-equipamiento-y-financiacion-a-tasa-0\/#article","isPartOf":{"@id":"https:\/\/autofans.com.ar\/index.php\/2025\/08\/20\/renault-kardian-llega-con-mas-equipamiento-y-financiacion-a-tasa-0\/"},"author":{"name":"Alejandro Gabriel Rosito","@id":"https:\/\/autofans.com.ar\/#\/schema\/person\/4a8dda0b6df83ac3d6723e921274c2aa"},"headline":"Renault Kardian llega con m\u00e1s equipamiento y financiaci\u00f3n a tasa 0%","datePublished":"2025-08-20T18:43:48+00:00","dateModified":"2025-08-20T20:55:27+00:00","mainEntityOfPage":{"@id":"https:\/\/autofans.com.ar\/index.php\/2025\/08\/20\/renault-kardian-llega-con-mas-equipamiento-y-financiacion-a-tasa-0\/"},"wordCount":678,"image":{"@id":"https:\/\/autofans.com.ar\/index.php\/2025\/08\/20\/renault-kardian-llega-con-mas-equipamiento-y-financiacion-a-tasa-0\/#primaryimage"},"thumbnailUrl":"https:\/\/autofans.com.ar\/wp-content\/uploads\/2025\/08\/renault-5.jpg","keywords":["ADAS","Auto del A\u00f1o","cesvi","financiaci\u00f3n auto 0Km","Mobilize Financial Services","nuevo Kardian","OpenR Link","precio Renault Kardian","Renault Argentina","Renault Kardian 2025","seguridad vehicular","servicios conectados auto","SUV argentino","tasas 0","versi\u00f3n Iconic"],"articleSection":["AUTOS y SUV","LANZAMIENTOS"],"inLanguage":"es"},{"@type":"WebPage","@id":"https:\/\/autofans.com.ar\/index.php\/2025\/08\/20\/renault-kardian-llega-con-mas-equipamiento-y-financiacion-a-tasa-0\/","url":"https:\/\/autofans.com.ar\/index.php\/2025\/08\/20\/renault-kardian-llega-con-mas-equipamiento-y-financiacion-a-tasa-0\/","name":"Renault Kardian llega con m\u00e1s equipamiento y financiaci\u00f3n a tasa 0% -","isPartOf":{"@id":"https:\/\/autofans.com.ar\/#website"},"primaryImageOfPage":{"@id":"https:\/\/autofans.com.ar\/index.php\/2025\/08\/20\/renault-kardian-llega-con-mas-equipamiento-y-financiacion-a-tasa-0\/#primaryimage"},"image":{"@id":"https:\/\/autofans.com.ar\/index.php\/2025\/08\/20\/renault-kardian-llega-con-mas-equipamiento-y-financiacion-a-tasa-0\/#primaryimage"},"thumbnailUrl":"https:\/\/autofans.com.ar\/wp-content\/uploads\/2025\/08\/renault-5.jpg","datePublished":"2025-08-20T18:43:48+00:00","dateModified":"2025-08-20T20:55:27+00:00","author":{"@id":"https:\/\/autofans.com.ar\/#\/schema\/person\/4a8dda0b6df83ac3d6723e921274c2aa"},"description":"El Kardian fue el primer modelo global de la estrategia Renaulution y el primero en fabricarse en Latinoam\u00e9rica con la nueva identidad...","breadcrumb":{"@id":"https:\/\/autofans.com.ar\/index.php\/2025\/08\/20\/renault-kardian-llega-con-mas-equipamiento-y-financiacion-a-tasa-0\/#breadcrumb"},"inLanguage":"es","potentialAction":[{"@type":"ReadAction","target":["https:\/\/autofans.com.ar\/index.php\/2025\/08\/20\/renault-kardian-llega-con-mas-equipamiento-y-financiacion-a-tasa-0\/"]}]},{"@type":"ImageObject","inLanguage":"es","@id":"https:\/\/autofans.com.ar\/index.php\/2025\/08\/20\/renault-kardian-llega-con-mas-equipamiento-y-financiacion-a-tasa-0\/#primaryimage","url":"https:\/\/autofans.com.ar\/wp-content\/uploads\/2025\/08\/renault-5.jpg","contentUrl":"https:\/\/autofans.com.ar\/wp-content\/uploads\/2025\/08\/renault-5.jpg","width":1000,"height":667,"caption":"Kardian"},{"@type":"BreadcrumbList","@id":"https:\/\/autofans.com.ar\/index.php\/2025\/08\/20\/renault-kardian-llega-con-mas-equipamiento-y-financiacion-a-tasa-0\/#breadcrumb","itemListElement":[{"@type":"ListItem","position":1,"name":"Inicio","item":"https:\/\/autofans.com.ar\/"},{"@type":"ListItem","position":2,"name":"Renault Kardian llega con m\u00e1s equipamiento y financiaci\u00f3n a tasa 0%"}]},{"@type":"WebSite","@id":"https:\/\/autofans.com.ar\/#website","url":"https:\/\/autofans.com.ar\/","name":"","description":"El multimedio referente de la industria automotriz","potentialAction":[{"@type":"SearchAction","target":{"@type":"EntryPoint","urlTemplate":"https:\/\/autofans.com.ar\/?s={search_term_string}"},"query-input":{"@type":"PropertyValueSpecification","valueRequired":true,"valueName":"search_term_string"}}],"inLanguage":"es"},{"@type":"Person","@id":"https:\/\/autofans.com.ar\/#\/schema\/person\/4a8dda0b6df83ac3d6723e921274c2aa","name":"Alejandro Gabriel Rosito","image":{"@type":"ImageObject","inLanguage":"es","@id":"https:\/\/secure.gravatar.com\/avatar\/16c5dda1489adfc62618084dcbb91cffd879c374b13fe5dd8e44ed6733852c88?s=96&d=mm&r=g","url":"https:\/\/secure.gravatar.com\/avatar\/16c5dda1489adfc62618084dcbb91cffd879c374b13fe5dd8e44ed6733852c88?s=96&d=mm&r=g","contentUrl":"https:\/\/secure.gravatar.com\/avatar\/16c5dda1489adfc62618084dcbb91cffd879c374b13fe5dd8e44ed6733852c88?s=96&d=mm&r=g","caption":"Alejandro Gabriel Rosito"},"url":"https:\/\/autofans.com.ar\/index.php\/author\/gabrielr\/"}]}},"featured_image_urls":{"full":["https:\/\/autofans.com.ar\/wp-content\/uploads\/2025\/08\/renault-5.jpg",1000,667,false],"thumbnail":["https:\/\/autofans.com.ar\/wp-content\/uploads\/2025\/08\/renault-5-150x150.jpg",150,150,true],"medium":["https:\/\/autofans.com.ar\/wp-content\/uploads\/2025\/08\/renault-5-300x200.jpg",300,200,true],"medium_large":["https:\/\/autofans.com.ar\/wp-content\/uploads\/2025\/08\/renault-5-768x512.jpg",640,427,true],"large":["https:\/\/autofans.com.ar\/wp-content\/uploads\/2025\/08\/renault-5.jpg",640,427,false],"1536x1536":["https:\/\/autofans.com.ar\/wp-content\/uploads\/2025\/08\/renault-5.jpg",1000,667,false],"2048x2048":["https:\/\/autofans.com.ar\/wp-content\/uploads\/2025\/08\/renault-5.jpg",1000,667,false],"covernews-featured":["https:\/\/autofans.com.ar\/wp-content\/uploads\/2025\/08\/renault-5.jpg",1000,667,false],"covernews-medium":["https:\/\/autofans.com.ar\/wp-content\/uploads\/2025\/08\/renault-5-540x340.jpg",540,340,true]},"author_info":{"display_name":"Alejandro Gabriel Rosito","author_link":"https:\/\/autofans.com.ar\/index.php\/author\/gabrielr\/"},"category_info":"<a href=\"https:\/\/autofans.com.ar\/index.php\/category\/noticias\/autos\/\" rel=\"category tag\">AUTOS y SUV<\/a> <a href=\"https:\/\/autofans.com.ar\/index.php\/category\/lanzamientos\/\" rel=\"category tag\">LANZAMIENTOS<\/a>","tag_info":"LANZAMIENTOS","comment_count":0,"_links":{"self":[{"href":"https:\/\/autofans.com.ar\/index.php\/wp-json\/wp\/v2\/posts\/13775","targetHints":{"allow":["GET"]}}],"collection":[{"href":"https:\/\/autofans.com.ar\/index.php\/wp-json\/wp\/v2\/posts"}],"about":[{"href":"https:\/\/autofans.com.ar\/index.php\/wp-json\/wp\/v2\/types\/post"}],"author":[{"embeddable":true,"href":"https:\/\/autofans.com.ar\/index.php\/wp-json\/wp\/v2\/users\/2"}],"replies":[{"embeddable":true,"href":"https:\/\/autofans.com.ar\/index.php\/wp-json\/wp\/v2\/comments?post=13775"}],"version-history":[{"count":8,"href":"https:\/\/autofans.com.ar\/index.php\/wp-json\/wp\/v2\/posts\/13775\/revisions"}],"predecessor-version":[{"id":13790,"href":"https:\/\/autofans.com.ar\/index.php\/wp-json\/wp\/v2\/posts\/13775\/revisions\/13790"}],"wp:featuredmedia":[{"embeddable":true,"href":"https:\/\/autofans.com.ar\/index.php\/wp-json\/wp\/v2\/media\/13780"}],"wp:attachment":[{"href":"https:\/\/autofans.com.ar\/index.php\/wp-json\/wp\/v2\/media?parent=13775"}],"wp:term":[{"taxonomy":"category","embeddable":true,"href":"https:\/\/autofans.com.ar\/index.php\/wp-json\/wp\/v2\/categories?post=13775"},{"taxonomy":"post_tag","embeddable":true,"href":"https:\/\/autofans.com.ar\/index.php\/wp-json\/wp\/v2\/tags?post=13775"}],"curies":[{"name":"wp","href":"https:\/\/api.w.org\/{rel}","templated":true}]}}