{"id":13791,"date":"2025-08-20T18:32:07","date_gmt":"2025-08-20T21:32:07","guid":{"rendered":"https:\/\/autofans.com.ar\/?p=13791"},"modified":"2025-08-20T18:32:07","modified_gmt":"2025-08-20T21:32:07","slug":"por-que-el-blanco-lidera-en-nissan","status":"publish","type":"post","link":"https:\/\/autofans.com.ar\/index.php\/2025\/08\/20\/por-que-el-blanco-lidera-en-nissan\/","title":{"rendered":"Por qu\u00e9 el blanco lidera en Nissan"},"content":{"rendered":"<p class=\"ds-markdown-paragraph\">A la hora de comprar un auto, el color es mucho m\u00e1s que una cuesti\u00f3n de gusto. Habla de identidad, funcionalidad y hasta de c\u00f3mo queremos que nos vean. En Argentina, los conductores tienen una preferencia clara y contundente por el blanco en los modelos de Nissan.<\/p>\n<p class=\"ds-markdown-paragraph\">Las cifras lo confirman: en 2025, el 45,8% de los veh\u00edculos Nissan vendidos en el pa\u00eds fueron de este color. Esto marca un crecimiento con respecto al 42,7% registrado el a\u00f1o anterior, consolidando una tendencia al alza.<\/p>\n<p>&nbsp;<\/p>\n<h2 class=\"ds-markdown-paragraph\">Las ventajas de elegir un Nissan blanco<\/h2>\n<p class=\"ds-markdown-paragraph\">\u00bfA qu\u00e9 se debe esta elecci\u00f3n masiva? La respuesta combina est\u00e9tica y pragmatismo. El blanco no pasa de moda. Transmite modernidad, sofisticaci\u00f3n y est\u00e1 completamente alineado con la tecnolog\u00eda y el dise\u00f1o contempor\u00e1neo de la marca.<\/p>\n<p>&nbsp;<\/p>\n<div id='gallery-1' class='gallery galleryid-13791 gallery-columns-2 gallery-size-full'><figure class='gallery-item'>\n\t\t\t<div class='gallery-icon landscape'>\n\t\t\t\t<a href='https:\/\/autofans.com.ar\/index.php\/2025\/08\/20\/por-que-el-blanco-lidera-en-nissan\/nissan-3-55\/'><img loading=\"lazy\" width=\"1000\" height=\"667\" src=\"https:\/\/autofans.com.ar\/wp-content\/uploads\/2025\/08\/nissan-3-4.jpg\" class=\"attachment-full size-full\" alt=\"Nissan\" srcset=\"https:\/\/autofans.com.ar\/wp-content\/uploads\/2025\/08\/nissan-3-4.jpg 1000w, https:\/\/autofans.com.ar\/wp-content\/uploads\/2025\/08\/nissan-3-4-300x200.jpg 300w, https:\/\/autofans.com.ar\/wp-content\/uploads\/2025\/08\/nissan-3-4-768x512.jpg 768w\" sizes=\"auto, (max-width: 1000px) 100vw, 1000px\" loading=\"lazy\" decoding=\"async\" \/><\/a>\n\t\t\t<\/div><\/figure><figure class='gallery-item'>\n\t\t\t<div class='gallery-icon landscape'>\n\t\t\t\t<a href='https:\/\/autofans.com.ar\/index.php\/2025\/08\/20\/por-que-el-blanco-lidera-en-nissan\/nissan-2-64\/'><img loading=\"lazy\" width=\"1000\" height=\"667\" src=\"https:\/\/autofans.com.ar\/wp-content\/uploads\/2025\/08\/nissan-2-4.jpg\" class=\"attachment-full size-full\" alt=\"Nissan\" srcset=\"https:\/\/autofans.com.ar\/wp-content\/uploads\/2025\/08\/nissan-2-4.jpg 1000w, https:\/\/autofans.com.ar\/wp-content\/uploads\/2025\/08\/nissan-2-4-300x200.jpg 300w, https:\/\/autofans.com.ar\/wp-content\/uploads\/2025\/08\/nissan-2-4-768x512.jpg 768w\" sizes=\"auto, (max-width: 1000px) 100vw, 1000px\" loading=\"lazy\" decoding=\"async\" \/><\/a>\n\t\t\t<\/div><\/figure>\n\t\t<\/div>\n\n<p>&nbsp;<\/p>\n<p class=\"ds-markdown-paragraph\">Este color tiene un plus: resalta la silueta y los detalles de cada modelo, haciendo que las l\u00edneas de dise\u00f1o se aprecien con mayor claridad. Pero no todo es apariencia. Desde un punto de vista pr\u00e1ctico, el blanco ofrece una mayor visibilidad en la ruta, ayuda a reflejar el calor del sol manteniendo el interior algo m\u00e1s fresco y, adem\u00e1s, disimula mejor el polvo, dando una sensaci\u00f3n de prolijidad por m\u00e1s tiempo.<\/p>\n<p>&nbsp;<\/p>\n<blockquote>\n<p style=\"text-align: center;\">\u00abEn 2025, casi 1 de cada 2 veh\u00edculos Nissan vendidos en Argentina fue blanco. El 45,8% de nuestras entregas correspondieron a esta tonalidad, lo que representa un crecimiento de m\u00e1s de 3 puntos porcentuales frente al a\u00f1o anterior. Con este resultado, Argentina se posiciona entre los mercados de la regi\u00f3n con mayor preferencia por el blanco dentro del portfolio de Nissan\u00bb, se\u00f1al\u00f3 Gast\u00f3n Forbes, Gerente de Producto de Nissan Argentina.<\/p>\n<\/blockquote>\n<p>&nbsp;<\/p>\n<h2 class=\"ds-markdown-paragraph\">M\u00e1s que pintura &#8211; una conexi\u00f3n emocional<\/h2>\n<p>&nbsp;<\/p>\n<div id='gallery-2' class='gallery galleryid-13791 gallery-columns-2 gallery-size-full'><figure class='gallery-item'>\n\t\t\t<div class='gallery-icon landscape'>\n\t\t\t\t<a href='https:\/\/autofans.com.ar\/index.php\/2025\/08\/20\/por-que-el-blanco-lidera-en-nissan\/nissan-1-65\/'><img loading=\"lazy\" width=\"1000\" height=\"667\" src=\"https:\/\/autofans.com.ar\/wp-content\/uploads\/2025\/08\/nissan-1-4.jpg\" class=\"attachment-full size-full\" alt=\"Nissan\" srcset=\"https:\/\/autofans.com.ar\/wp-content\/uploads\/2025\/08\/nissan-1-4.jpg 1000w, https:\/\/autofans.com.ar\/wp-content\/uploads\/2025\/08\/nissan-1-4-300x200.jpg 300w, https:\/\/autofans.com.ar\/wp-content\/uploads\/2025\/08\/nissan-1-4-768x512.jpg 768w\" sizes=\"auto, (max-width: 1000px) 100vw, 1000px\" loading=\"lazy\" decoding=\"async\" \/><\/a>\n\t\t\t<\/div><\/figure><figure class='gallery-item'>\n\t\t\t<div class='gallery-icon landscape'>\n\t\t\t\t<a href='https:\/\/autofans.com.ar\/index.php\/2025\/08\/20\/por-que-el-blanco-lidera-en-nissan\/nissan-6-8\/'><img loading=\"lazy\" width=\"1000\" height=\"667\" src=\"https:\/\/autofans.com.ar\/wp-content\/uploads\/2025\/08\/nissan-6.jpg\" class=\"attachment-full size-full\" alt=\"Nissan\" srcset=\"https:\/\/autofans.com.ar\/wp-content\/uploads\/2025\/08\/nissan-6.jpg 1000w, https:\/\/autofans.com.ar\/wp-content\/uploads\/2025\/08\/nissan-6-300x200.jpg 300w, https:\/\/autofans.com.ar\/wp-content\/uploads\/2025\/08\/nissan-6-768x512.jpg 768w\" sizes=\"auto, (max-width: 1000px) 100vw, 1000px\" loading=\"lazy\" decoding=\"async\" \/><\/a>\n\t\t\t<\/div><\/figure>\n\t\t<\/div>\n\n<p>&nbsp;<\/p>\n<p class=\"ds-markdown-paragraph\">Para Nissan, la paleta de colores es un componente esencial en el v\u00ednculo que una persona genera con su veh\u00edculo. No es una decisi\u00f3n tomada a la ligera; se analiza desde el momento mismo del dise\u00f1o conceptual. El objetivo es que el tono elegido refuerce la experiencia de manejo, conectando la est\u00e9tica con la tecnolog\u00eda y el placer de conducir.<\/p>\n<p class=\"ds-markdown-paragraph\">La elecci\u00f3n del blanco no es casual. Es la prueba de que los argentinos buscan un equilibrio perfecto entre un estilo distintivo y las ventajas inteligentes que ofrece este color.<\/p>\n<p>&nbsp;<\/p>\n<p>&nbsp;<\/p>\n<p>&nbsp;<\/p>\n<p><i>Para enterarte de m\u00e1s novedades, no dejes de leer\u00a0<\/i><a href=\"https:\/\/autofans.thebrandsoup.com\/\"><i>nuestras notas<\/i><\/a><i>, de ver\u00a0<\/i><a href=\"https:\/\/www.youtube.com\/channel\/UCgAC8UGHZYbT6P7PpmVnP7g\"><i>AUTOFANS TV<\/i><\/a><i>\u00a0en nuestro\u00a0canal de Youtube. Adem\u00e1s seguinos en\u00a0<\/i><a href=\"https:\/\/www.instagram.com\/autofanstv\/\"><i>INSTAGRAM<\/i><\/a><i> y <\/i><a href=\"https:\/\/www.facebook.com\/autofansmas\/\"><i>FACEBOOK<\/i><\/a><i> para no perderte nada sobre las novedades del segmento automotor de Argentina y el mundo.<\/i><\/p>\n","protected":false},"excerpt":{"rendered":"<p>A la hora de comprar un auto, el color es mucho m\u00e1s que una cuesti\u00f3n&#8230;<\/p>\n","protected":false},"author":2,"featured_media":13793,"comment_status":"closed","ping_status":"closed","sticky":false,"template":"","format":"standard","meta":{"footnotes":""},"categories":[3,16],"tags":[7218,7219,6088,2309,1146,46,1826,3446,7220],"class_list":["post-13791","post","type-post","status-publish","format-standard","has-post-thumbnail","hentry","category-autos","category-noticias","tag-autos-nissan","tag-color-blanco","tag-compra-de-autos","tag-diseno-automotor","tag-mercado-argentino","tag-nissan-argentina","tag-nissan-sentra","tag-nissan-x-trail","tag-tendencias-automotor"],"yoast_head":"<!-- This site is optimized with the Yoast SEO plugin v27.5 - https:\/\/yoast.com\/product\/yoast-seo-wordpress\/ -->\n<title>Por qu\u00e9 el blanco lidera en Nissan -<\/title>\n<meta name=\"description\" content=\"Casi uno de cada dos veh\u00edculos de Nissan se elige en blanco. Te contamos las razones detr\u00e1s de esta tendencia que gana cada vez m\u00e1s adeptos.\" \/>\n<meta name=\"robots\" content=\"index, follow, max-snippet:-1, max-image-preview:large, max-video-preview:-1\" \/>\n<link rel=\"canonical\" href=\"https:\/\/autofans.com.ar\/index.php\/2025\/08\/20\/por-que-el-blanco-lidera-en-nissan\/\" \/>\n<meta property=\"og:locale\" content=\"es_ES\" \/>\n<meta property=\"og:type\" content=\"article\" \/>\n<meta property=\"og:title\" content=\"Por qu\u00e9 el blanco lidera en Nissan -\" \/>\n<meta property=\"og:description\" content=\"Casi uno de cada dos veh\u00edculos de Nissan se elige en blanco. Te contamos las razones detr\u00e1s de esta tendencia que gana cada vez m\u00e1s adeptos.\" \/>\n<meta property=\"og:url\" content=\"https:\/\/autofans.com.ar\/index.php\/2025\/08\/20\/por-que-el-blanco-lidera-en-nissan\/\" \/>\n<meta property=\"article:published_time\" content=\"2025-08-20T21:32:07+00:00\" \/>\n<meta property=\"og:image\" content=\"https:\/\/autofans.com.ar\/wp-content\/uploads\/2025\/08\/nissan-5-1.jpg\" \/>\n\t<meta property=\"og:image:width\" content=\"1000\" \/>\n\t<meta property=\"og:image:height\" content=\"667\" \/>\n\t<meta property=\"og:image:type\" content=\"image\/jpeg\" \/>\n<meta name=\"author\" content=\"Alejandro Gabriel Rosito\" \/>\n<meta name=\"twitter:card\" content=\"summary_large_image\" \/>\n<meta name=\"twitter:label1\" content=\"Escrito por\" \/>\n\t<meta name=\"twitter:data1\" content=\"Alejandro Gabriel Rosito\" \/>\n\t<meta name=\"twitter:label2\" content=\"Tiempo de lectura\" \/>\n\t<meta name=\"twitter:data2\" content=\"2 minutos\" \/>\n<script type=\"application\/ld+json\" class=\"yoast-schema-graph\">{\"@context\":\"https:\\\/\\\/schema.org\",\"@graph\":[{\"@type\":\"Article\",\"@id\":\"https:\\\/\\\/autofans.com.ar\\\/index.php\\\/2025\\\/08\\\/20\\\/por-que-el-blanco-lidera-en-nissan\\\/#article\",\"isPartOf\":{\"@id\":\"https:\\\/\\\/autofans.com.ar\\\/index.php\\\/2025\\\/08\\\/20\\\/por-que-el-blanco-lidera-en-nissan\\\/\"},\"author\":{\"name\":\"Alejandro Gabriel Rosito\",\"@id\":\"https:\\\/\\\/autofans.com.ar\\\/#\\\/schema\\\/person\\\/4a8dda0b6df83ac3d6723e921274c2aa\"},\"headline\":\"Por qu\u00e9 el blanco lidera en Nissan\",\"datePublished\":\"2025-08-20T21:32:07+00:00\",\"mainEntityOfPage\":{\"@id\":\"https:\\\/\\\/autofans.com.ar\\\/index.php\\\/2025\\\/08\\\/20\\\/por-que-el-blanco-lidera-en-nissan\\\/\"},\"wordCount\":462,\"image\":{\"@id\":\"https:\\\/\\\/autofans.com.ar\\\/index.php\\\/2025\\\/08\\\/20\\\/por-que-el-blanco-lidera-en-nissan\\\/#primaryimage\"},\"thumbnailUrl\":\"https:\\\/\\\/autofans.com.ar\\\/wp-content\\\/uploads\\\/2025\\\/08\\\/nissan-5-1.jpg\",\"keywords\":[\"autos Nissan\",\"color blanco\",\"compra de autos\",\"Dise\u00f1o automotor\",\"mercado argentino\",\"Nissan Argentina\",\"Nissan Sentra\",\"Nissan X-Trail\",\"tendencias automotor\"],\"articleSection\":[\"AUTOS y SUV\",\"NOTICIAS\"],\"inLanguage\":\"es\"},{\"@type\":\"WebPage\",\"@id\":\"https:\\\/\\\/autofans.com.ar\\\/index.php\\\/2025\\\/08\\\/20\\\/por-que-el-blanco-lidera-en-nissan\\\/\",\"url\":\"https:\\\/\\\/autofans.com.ar\\\/index.php\\\/2025\\\/08\\\/20\\\/por-que-el-blanco-lidera-en-nissan\\\/\",\"name\":\"Por qu\u00e9 el blanco lidera en Nissan -\",\"isPartOf\":{\"@id\":\"https:\\\/\\\/autofans.com.ar\\\/#website\"},\"primaryImageOfPage\":{\"@id\":\"https:\\\/\\\/autofans.com.ar\\\/index.php\\\/2025\\\/08\\\/20\\\/por-que-el-blanco-lidera-en-nissan\\\/#primaryimage\"},\"image\":{\"@id\":\"https:\\\/\\\/autofans.com.ar\\\/index.php\\\/2025\\\/08\\\/20\\\/por-que-el-blanco-lidera-en-nissan\\\/#primaryimage\"},\"thumbnailUrl\":\"https:\\\/\\\/autofans.com.ar\\\/wp-content\\\/uploads\\\/2025\\\/08\\\/nissan-5-1.jpg\",\"datePublished\":\"2025-08-20T21:32:07+00:00\",\"author\":{\"@id\":\"https:\\\/\\\/autofans.com.ar\\\/#\\\/schema\\\/person\\\/4a8dda0b6df83ac3d6723e921274c2aa\"},\"description\":\"Casi uno de cada dos veh\u00edculos de Nissan se elige en blanco. Te contamos las razones detr\u00e1s de esta tendencia que gana cada vez m\u00e1s adeptos.\",\"breadcrumb\":{\"@id\":\"https:\\\/\\\/autofans.com.ar\\\/index.php\\\/2025\\\/08\\\/20\\\/por-que-el-blanco-lidera-en-nissan\\\/#breadcrumb\"},\"inLanguage\":\"es\",\"potentialAction\":[{\"@type\":\"ReadAction\",\"target\":[\"https:\\\/\\\/autofans.com.ar\\\/index.php\\\/2025\\\/08\\\/20\\\/por-que-el-blanco-lidera-en-nissan\\\/\"]}]},{\"@type\":\"ImageObject\",\"inLanguage\":\"es\",\"@id\":\"https:\\\/\\\/autofans.com.ar\\\/index.php\\\/2025\\\/08\\\/20\\\/por-que-el-blanco-lidera-en-nissan\\\/#primaryimage\",\"url\":\"https:\\\/\\\/autofans.com.ar\\\/wp-content\\\/uploads\\\/2025\\\/08\\\/nissan-5-1.jpg\",\"contentUrl\":\"https:\\\/\\\/autofans.com.ar\\\/wp-content\\\/uploads\\\/2025\\\/08\\\/nissan-5-1.jpg\",\"width\":1000,\"height\":667,\"caption\":\"Nissan\"},{\"@type\":\"BreadcrumbList\",\"@id\":\"https:\\\/\\\/autofans.com.ar\\\/index.php\\\/2025\\\/08\\\/20\\\/por-que-el-blanco-lidera-en-nissan\\\/#breadcrumb\",\"itemListElement\":[{\"@type\":\"ListItem\",\"position\":1,\"name\":\"Inicio\",\"item\":\"https:\\\/\\\/autofans.com.ar\\\/\"},{\"@type\":\"ListItem\",\"position\":2,\"name\":\"Por qu\u00e9 el blanco lidera en Nissan\"}]},{\"@type\":\"WebSite\",\"@id\":\"https:\\\/\\\/autofans.com.ar\\\/#website\",\"url\":\"https:\\\/\\\/autofans.com.ar\\\/\",\"name\":\"\",\"description\":\"El multimedio referente de la industria automotriz\",\"potentialAction\":[{\"@type\":\"SearchAction\",\"target\":{\"@type\":\"EntryPoint\",\"urlTemplate\":\"https:\\\/\\\/autofans.com.ar\\\/?s={search_term_string}\"},\"query-input\":{\"@type\":\"PropertyValueSpecification\",\"valueRequired\":true,\"valueName\":\"search_term_string\"}}],\"inLanguage\":\"es\"},{\"@type\":\"Person\",\"@id\":\"https:\\\/\\\/autofans.com.ar\\\/#\\\/schema\\\/person\\\/4a8dda0b6df83ac3d6723e921274c2aa\",\"name\":\"Alejandro Gabriel Rosito\",\"image\":{\"@type\":\"ImageObject\",\"inLanguage\":\"es\",\"@id\":\"https:\\\/\\\/secure.gravatar.com\\\/avatar\\\/16c5dda1489adfc62618084dcbb91cffd879c374b13fe5dd8e44ed6733852c88?s=96&d=mm&r=g\",\"url\":\"https:\\\/\\\/secure.gravatar.com\\\/avatar\\\/16c5dda1489adfc62618084dcbb91cffd879c374b13fe5dd8e44ed6733852c88?s=96&d=mm&r=g\",\"contentUrl\":\"https:\\\/\\\/secure.gravatar.com\\\/avatar\\\/16c5dda1489adfc62618084dcbb91cffd879c374b13fe5dd8e44ed6733852c88?s=96&d=mm&r=g\",\"caption\":\"Alejandro Gabriel Rosito\"},\"url\":\"https:\\\/\\\/autofans.com.ar\\\/index.php\\\/author\\\/gabrielr\\\/\"}]}<\/script>\n<!-- \/ Yoast SEO plugin. -->","yoast_head_json":{"title":"Por qu\u00e9 el blanco lidera en Nissan -","description":"Casi uno de cada dos veh\u00edculos de Nissan se elige en blanco. Te contamos las razones detr\u00e1s de esta tendencia que gana cada vez m\u00e1s adeptos.","robots":{"index":"index","follow":"follow","max-snippet":"max-snippet:-1","max-image-preview":"max-image-preview:large","max-video-preview":"max-video-preview:-1"},"canonical":"https:\/\/autofans.com.ar\/index.php\/2025\/08\/20\/por-que-el-blanco-lidera-en-nissan\/","og_locale":"es_ES","og_type":"article","og_title":"Por qu\u00e9 el blanco lidera en Nissan -","og_description":"Casi uno de cada dos veh\u00edculos de Nissan se elige en blanco. Te contamos las razones detr\u00e1s de esta tendencia que gana cada vez m\u00e1s adeptos.","og_url":"https:\/\/autofans.com.ar\/index.php\/2025\/08\/20\/por-que-el-blanco-lidera-en-nissan\/","article_published_time":"2025-08-20T21:32:07+00:00","og_image":[{"width":1000,"height":667,"url":"https:\/\/autofans.com.ar\/wp-content\/uploads\/2025\/08\/nissan-5-1.jpg","type":"image\/jpeg"}],"author":"Alejandro Gabriel Rosito","twitter_card":"summary_large_image","twitter_misc":{"Escrito por":"Alejandro Gabriel Rosito","Tiempo de lectura":"2 minutos"},"schema":{"@context":"https:\/\/schema.org","@graph":[{"@type":"Article","@id":"https:\/\/autofans.com.ar\/index.php\/2025\/08\/20\/por-que-el-blanco-lidera-en-nissan\/#article","isPartOf":{"@id":"https:\/\/autofans.com.ar\/index.php\/2025\/08\/20\/por-que-el-blanco-lidera-en-nissan\/"},"author":{"name":"Alejandro Gabriel Rosito","@id":"https:\/\/autofans.com.ar\/#\/schema\/person\/4a8dda0b6df83ac3d6723e921274c2aa"},"headline":"Por qu\u00e9 el blanco lidera en Nissan","datePublished":"2025-08-20T21:32:07+00:00","mainEntityOfPage":{"@id":"https:\/\/autofans.com.ar\/index.php\/2025\/08\/20\/por-que-el-blanco-lidera-en-nissan\/"},"wordCount":462,"image":{"@id":"https:\/\/autofans.com.ar\/index.php\/2025\/08\/20\/por-que-el-blanco-lidera-en-nissan\/#primaryimage"},"thumbnailUrl":"https:\/\/autofans.com.ar\/wp-content\/uploads\/2025\/08\/nissan-5-1.jpg","keywords":["autos Nissan","color blanco","compra de autos","Dise\u00f1o automotor","mercado argentino","Nissan Argentina","Nissan Sentra","Nissan X-Trail","tendencias automotor"],"articleSection":["AUTOS y SUV","NOTICIAS"],"inLanguage":"es"},{"@type":"WebPage","@id":"https:\/\/autofans.com.ar\/index.php\/2025\/08\/20\/por-que-el-blanco-lidera-en-nissan\/","url":"https:\/\/autofans.com.ar\/index.php\/2025\/08\/20\/por-que-el-blanco-lidera-en-nissan\/","name":"Por qu\u00e9 el blanco lidera en Nissan -","isPartOf":{"@id":"https:\/\/autofans.com.ar\/#website"},"primaryImageOfPage":{"@id":"https:\/\/autofans.com.ar\/index.php\/2025\/08\/20\/por-que-el-blanco-lidera-en-nissan\/#primaryimage"},"image":{"@id":"https:\/\/autofans.com.ar\/index.php\/2025\/08\/20\/por-que-el-blanco-lidera-en-nissan\/#primaryimage"},"thumbnailUrl":"https:\/\/autofans.com.ar\/wp-content\/uploads\/2025\/08\/nissan-5-1.jpg","datePublished":"2025-08-20T21:32:07+00:00","author":{"@id":"https:\/\/autofans.com.ar\/#\/schema\/person\/4a8dda0b6df83ac3d6723e921274c2aa"},"description":"Casi uno de cada dos veh\u00edculos de Nissan se elige en blanco. Te contamos las razones detr\u00e1s de esta tendencia que gana cada vez m\u00e1s adeptos.","breadcrumb":{"@id":"https:\/\/autofans.com.ar\/index.php\/2025\/08\/20\/por-que-el-blanco-lidera-en-nissan\/#breadcrumb"},"inLanguage":"es","potentialAction":[{"@type":"ReadAction","target":["https:\/\/autofans.com.ar\/index.php\/2025\/08\/20\/por-que-el-blanco-lidera-en-nissan\/"]}]},{"@type":"ImageObject","inLanguage":"es","@id":"https:\/\/autofans.com.ar\/index.php\/2025\/08\/20\/por-que-el-blanco-lidera-en-nissan\/#primaryimage","url":"https:\/\/autofans.com.ar\/wp-content\/uploads\/2025\/08\/nissan-5-1.jpg","contentUrl":"https:\/\/autofans.com.ar\/wp-content\/uploads\/2025\/08\/nissan-5-1.jpg","width":1000,"height":667,"caption":"Nissan"},{"@type":"BreadcrumbList","@id":"https:\/\/autofans.com.ar\/index.php\/2025\/08\/20\/por-que-el-blanco-lidera-en-nissan\/#breadcrumb","itemListElement":[{"@type":"ListItem","position":1,"name":"Inicio","item":"https:\/\/autofans.com.ar\/"},{"@type":"ListItem","position":2,"name":"Por qu\u00e9 el blanco lidera en Nissan"}]},{"@type":"WebSite","@id":"https:\/\/autofans.com.ar\/#website","url":"https:\/\/autofans.com.ar\/","name":"","description":"El multimedio referente de la industria automotriz","potentialAction":[{"@type":"SearchAction","target":{"@type":"EntryPoint","urlTemplate":"https:\/\/autofans.com.ar\/?s={search_term_string}"},"query-input":{"@type":"PropertyValueSpecification","valueRequired":true,"valueName":"search_term_string"}}],"inLanguage":"es"},{"@type":"Person","@id":"https:\/\/autofans.com.ar\/#\/schema\/person\/4a8dda0b6df83ac3d6723e921274c2aa","name":"Alejandro Gabriel Rosito","image":{"@type":"ImageObject","inLanguage":"es","@id":"https:\/\/secure.gravatar.com\/avatar\/16c5dda1489adfc62618084dcbb91cffd879c374b13fe5dd8e44ed6733852c88?s=96&d=mm&r=g","url":"https:\/\/secure.gravatar.com\/avatar\/16c5dda1489adfc62618084dcbb91cffd879c374b13fe5dd8e44ed6733852c88?s=96&d=mm&r=g","contentUrl":"https:\/\/secure.gravatar.com\/avatar\/16c5dda1489adfc62618084dcbb91cffd879c374b13fe5dd8e44ed6733852c88?s=96&d=mm&r=g","caption":"Alejandro Gabriel Rosito"},"url":"https:\/\/autofans.com.ar\/index.php\/author\/gabrielr\/"}]}},"featured_image_urls":{"full":["https:\/\/autofans.com.ar\/wp-content\/uploads\/2025\/08\/nissan-5-1.jpg",1000,667,false],"thumbnail":["https:\/\/autofans.com.ar\/wp-content\/uploads\/2025\/08\/nissan-5-1-150x150.jpg",150,150,true],"medium":["https:\/\/autofans.com.ar\/wp-content\/uploads\/2025\/08\/nissan-5-1-300x200.jpg",300,200,true],"medium_large":["https:\/\/autofans.com.ar\/wp-content\/uploads\/2025\/08\/nissan-5-1-768x512.jpg",640,427,true],"large":["https:\/\/autofans.com.ar\/wp-content\/uploads\/2025\/08\/nissan-5-1.jpg",640,427,false],"1536x1536":["https:\/\/autofans.com.ar\/wp-content\/uploads\/2025\/08\/nissan-5-1.jpg",1000,667,false],"2048x2048":["https:\/\/autofans.com.ar\/wp-content\/uploads\/2025\/08\/nissan-5-1.jpg",1000,667,false],"covernews-featured":["https:\/\/autofans.com.ar\/wp-content\/uploads\/2025\/08\/nissan-5-1.jpg",1000,667,false],"covernews-medium":["https:\/\/autofans.com.ar\/wp-content\/uploads\/2025\/08\/nissan-5-1-540x340.jpg",540,340,true]},"author_info":{"display_name":"Alejandro Gabriel Rosito","author_link":"https:\/\/autofans.com.ar\/index.php\/author\/gabrielr\/"},"category_info":"<a href=\"https:\/\/autofans.com.ar\/index.php\/category\/noticias\/autos\/\" rel=\"category tag\">AUTOS y SUV<\/a> <a href=\"https:\/\/autofans.com.ar\/index.php\/category\/noticias\/\" rel=\"category tag\">NOTICIAS<\/a>","tag_info":"NOTICIAS","comment_count":0,"_links":{"self":[{"href":"https:\/\/autofans.com.ar\/index.php\/wp-json\/wp\/v2\/posts\/13791","targetHints":{"allow":["GET"]}}],"collection":[{"href":"https:\/\/autofans.com.ar\/index.php\/wp-json\/wp\/v2\/posts"}],"about":[{"href":"https:\/\/autofans.com.ar\/index.php\/wp-json\/wp\/v2\/types\/post"}],"author":[{"embeddable":true,"href":"https:\/\/autofans.com.ar\/index.php\/wp-json\/wp\/v2\/users\/2"}],"replies":[{"embeddable":true,"href":"https:\/\/autofans.com.ar\/index.php\/wp-json\/wp\/v2\/comments?post=13791"}],"version-history":[{"count":1,"href":"https:\/\/autofans.com.ar\/index.php\/wp-json\/wp\/v2\/posts\/13791\/revisions"}],"predecessor-version":[{"id":13798,"href":"https:\/\/autofans.com.ar\/index.php\/wp-json\/wp\/v2\/posts\/13791\/revisions\/13798"}],"wp:featuredmedia":[{"embeddable":true,"href":"https:\/\/autofans.com.ar\/index.php\/wp-json\/wp\/v2\/media\/13793"}],"wp:attachment":[{"href":"https:\/\/autofans.com.ar\/index.php\/wp-json\/wp\/v2\/media?parent=13791"}],"wp:term":[{"taxonomy":"category","embeddable":true,"href":"https:\/\/autofans.com.ar\/index.php\/wp-json\/wp\/v2\/categories?post=13791"},{"taxonomy":"post_tag","embeddable":true,"href":"https:\/\/autofans.com.ar\/index.php\/wp-json\/wp\/v2\/tags?post=13791"}],"curies":[{"name":"wp","href":"https:\/\/api.w.org\/{rel}","templated":true}]}}