{"id":13800,"date":"2025-08-21T15:14:52","date_gmt":"2025-08-21T18:14:52","guid":{"rendered":"https:\/\/autofans.com.ar\/?p=13800"},"modified":"2025-08-21T15:16:05","modified_gmt":"2025-08-21T18:16:05","slug":"como-honda-trabaja-por-la-seguridad-vial","status":"publish","type":"post","link":"https:\/\/autofans.com.ar\/index.php\/2025\/08\/21\/como-honda-trabaja-por-la-seguridad-vial\/","title":{"rendered":"C\u00f3mo Honda trabaja por la seguridad vial"},"content":{"rendered":"<p class=\"ds-markdown-paragraph\">Honda Motor de Argentina consolid\u00f3 su rol como aliado estrat\u00e9gico en seguridad vial al participar de la \u00faltima Asamblea Plenaria del Consejo Federal de Seguridad Vial (CFSV) en Posadas, Misiones. En el encuentro, que reuni\u00f3 a autoridades nacionales y provinciales, la compa\u00f1\u00eda fue la \u00fanica representante privada del sector en exponer sus iniciativas.<\/p>\n<p>&nbsp;<\/p>\n<h2 class=\"ds-markdown-paragraph\">Programas que marcan la diferencia en seguridad vial<\/h2>\n<p class=\"ds-markdown-paragraph\">Durante su presentaci\u00f3n, la automotriz comparti\u00f3 los ejes de trabajo que desarrolla a trav\u00e9s de su departamento de Safety. El programa bandera es \u00abConciencia en Movimiento\u00bb, una iniciativa \u00fanica que involucra a toda su red de concesionarios en el pa\u00eds.<\/p>\n<p>&nbsp;<\/p>\n<p><img fetchpriority=\"high\" decoding=\"async\" class=\"aligncenter wp-image-13802 size-full\" src=\"https:\/\/autofans.com.ar\/wp-content\/uploads\/2025\/08\/honda-3.jpg\" alt=\"Honda\" width=\"1000\" height=\"667\" srcset=\"https:\/\/autofans.com.ar\/wp-content\/uploads\/2025\/08\/honda-3.jpg 1000w, https:\/\/autofans.com.ar\/wp-content\/uploads\/2025\/08\/honda-3-300x200.jpg 300w, https:\/\/autofans.com.ar\/wp-content\/uploads\/2025\/08\/honda-3-768x512.jpg 768w\" sizes=\"(max-width: 1000px) 100vw, 1000px\" \/><\/p>\n<p>&nbsp;<\/p>\n<p class=\"ds-markdown-paragraph\">El proyecto certifica instructores para que cada entrega de una moto nueva incluya una charla de seguridad, ejercicios pr\u00e1cticos de manejo (slalom, equilibrio, frenado) y material de apoyo para el cliente. El objetivo es claro: asegurar que los nuevos usuarios reciban las herramientas necesarias para manejar de forma responsable desde el primer d\u00eda.<\/p>\n<p>&nbsp;<\/p>\n<h2 class=\"ds-markdown-paragraph\">Hacia el objetivo de cero colisiones fatales<\/h2>\n<p>&nbsp;<\/p>\n<p><img decoding=\"async\" class=\"aligncenter wp-image-13803 size-full\" src=\"https:\/\/autofans.com.ar\/wp-content\/uploads\/2025\/08\/honda-2.jpg\" alt=\"Honda\" width=\"1000\" height=\"667\" srcset=\"https:\/\/autofans.com.ar\/wp-content\/uploads\/2025\/08\/honda-2.jpg 1000w, https:\/\/autofans.com.ar\/wp-content\/uploads\/2025\/08\/honda-2-300x200.jpg 300w, https:\/\/autofans.com.ar\/wp-content\/uploads\/2025\/08\/honda-2-768x512.jpg 768w\" sizes=\"(max-width: 1000px) 100vw, 1000px\" \/><\/p>\n<p>&nbsp;<\/p>\n<p class=\"ds-markdown-paragraph\">Las acciones de Honda no se limitan a la entrega de unidades. La empresa tambi\u00e9n dicta cursos de manejo seguro, realiza capacitaciones en empresas y brinda charlas en escuelas y universidades. Todas estas iniciativas forman parte de un plan global de la compa\u00f1\u00eda, que tiene como meta ambiciosa alcanzar cero colisiones fatales para el a\u00f1o 2050.<\/p>\n<p>&nbsp;<\/p>\n<blockquote>\n<p style=\"text-align: center;\">\u201cPara Honda, la seguridad en el tr\u00e1nsito es una responsabilidad compartida. Estar presentes en la Asamblea Federal de Seguridad Vial nos permite reafirmar nuestro compromiso de trabajar junto a autoridades y comunidades para construir un futuro m\u00e1s seguro en la movilidad\u201d, se\u00f1al\u00f3 Mart\u00edn Montenegro, Instructor de manejo de la empresa.<span class=\"Apple-converted-space\">\u00a0<\/span><\/p>\n<\/blockquote>\n<p>&nbsp;<\/p>\n<h2 class=\"ds-markdown-paragraph\">Un pacto que articula el sector p\u00fablico y privado<\/h2>\n<p class=\"ds-markdown-paragraph\">La participaci\u00f3n de Honda en esta asamblea refuerza su adhesi\u00f3n al Pacto de Seguridad Vial de la Agencia Nacional de Seguridad Vial (ANSV). La marca fue la primera empresa en sumarse a esta iniciativa, que busca generar una alianza entre el Estado y el sector privado para promover un cambio cultural hacia una movilidad m\u00e1s segura para todos.<\/p>\n<p>&nbsp;<\/p>\n<p><img decoding=\"async\" class=\"aligncenter wp-image-13804 size-full\" src=\"https:\/\/autofans.com.ar\/wp-content\/uploads\/2025\/08\/honda-1.jpg\" alt=\"Honda\" width=\"1000\" height=\"667\" srcset=\"https:\/\/autofans.com.ar\/wp-content\/uploads\/2025\/08\/honda-1.jpg 1000w, https:\/\/autofans.com.ar\/wp-content\/uploads\/2025\/08\/honda-1-300x200.jpg 300w, https:\/\/autofans.com.ar\/wp-content\/uploads\/2025\/08\/honda-1-768x512.jpg 768w\" sizes=\"(max-width: 1000px) 100vw, 1000px\" \/><\/p>\n<p>&nbsp;<\/p>\n<p>&nbsp;<\/p>\n<p class=\"ds-markdown-paragraph\">Con un trabajo sostenido y programas de alcance nacional, Honda sigue expandiendo su red de instructores para generar conciencia y fomentar conductas responsables en la v\u00eda p\u00fablica.<\/p>\n<p>&nbsp;<\/p>\n<p>&nbsp;<\/p>\n<p>&nbsp;<\/p>\n<p><i>Para enterarte de m\u00e1s novedades, no dejes de leer\u00a0<\/i><a href=\"https:\/\/autofans.thebrandsoup.com\/\"><i>nuestras notas<\/i><\/a><i>, de ver\u00a0<\/i><a href=\"https:\/\/www.youtube.com\/channel\/UCgAC8UGHZYbT6P7PpmVnP7g\"><i>AUTOFANS TV<\/i><\/a><i>\u00a0en nuestro\u00a0canal de Youtube. Adem\u00e1s seguinos en\u00a0<\/i><a href=\"https:\/\/www.instagram.com\/autofanstv\/\"><i>INSTAGRAM<\/i><\/a><i> y <\/i><a href=\"https:\/\/www.facebook.com\/autofansmas\/\"><i>FACEBOOK<\/i><\/a><i> para no perderte nada sobre las novedades del segmento automotor de Argentina y el mundo.<\/i><\/p>\n","protected":false},"excerpt":{"rendered":"<p>Honda Motor de Argentina consolid\u00f3 su rol como aliado estrat\u00e9gico en seguridad vial al participar&#8230;<\/p>\n","protected":false},"author":2,"featured_media":13801,"comment_status":"closed","ping_status":"closed","sticky":false,"template":"","format":"standard","meta":{"footnotes":""},"categories":[4,16],"tags":[7226,7221,7222,2553,140,7223,60,7224,7225,698],"class_list":["post-13800","post","type-post","status-publish","format-standard","has-post-thumbnail","hentry","category-motos","category-noticias","tag-ansv","tag-conciencia-en-movimiento","tag-consejo-federal-seguridad-vial","tag-educacion-vial","tag-honda-argentina","tag-manejo-seguro","tag-motos","tag-objetivo-2050","tag-pacto-seguridad-vial","tag-seguridad-vial"],"yoast_head":"<!-- This site is optimized with the Yoast SEO plugin v27.5 - https:\/\/yoast.com\/product\/yoast-seo-wordpress\/ -->\n<title>C\u00f3mo Honda trabaja por la seguridad vial -<\/title>\n<meta name=\"description\" content=\"Honda Motor de Argentina consolid\u00f3 su rol como aliado en seguridad vial al participar en la \u00faltima Asamblea del Consejo Federal de Seguridad.\" \/>\n<meta name=\"robots\" content=\"index, follow, max-snippet:-1, max-image-preview:large, max-video-preview:-1\" \/>\n<link rel=\"canonical\" href=\"https:\/\/autofans.com.ar\/index.php\/2025\/08\/21\/como-honda-trabaja-por-la-seguridad-vial\/\" \/>\n<meta property=\"og:locale\" content=\"es_ES\" \/>\n<meta property=\"og:type\" content=\"article\" \/>\n<meta property=\"og:title\" content=\"C\u00f3mo Honda trabaja por la seguridad vial -\" \/>\n<meta property=\"og:description\" content=\"Honda Motor de Argentina consolid\u00f3 su rol como aliado en seguridad vial al participar en la \u00faltima Asamblea del Consejo Federal de Seguridad.\" \/>\n<meta property=\"og:url\" content=\"https:\/\/autofans.com.ar\/index.php\/2025\/08\/21\/como-honda-trabaja-por-la-seguridad-vial\/\" \/>\n<meta property=\"article:published_time\" content=\"2025-08-21T18:14:52+00:00\" \/>\n<meta property=\"article:modified_time\" content=\"2025-08-21T18:16:05+00:00\" \/>\n<meta property=\"og:image\" content=\"https:\/\/autofans.com.ar\/wp-content\/uploads\/2025\/08\/honda-4.jpg\" \/>\n\t<meta property=\"og:image:width\" content=\"1000\" \/>\n\t<meta property=\"og:image:height\" content=\"667\" \/>\n\t<meta property=\"og:image:type\" content=\"image\/jpeg\" \/>\n<meta name=\"author\" content=\"Alejandro Gabriel Rosito\" \/>\n<meta name=\"twitter:card\" content=\"summary_large_image\" \/>\n<meta name=\"twitter:label1\" content=\"Escrito por\" \/>\n\t<meta name=\"twitter:data1\" content=\"Alejandro Gabriel Rosito\" \/>\n\t<meta name=\"twitter:label2\" content=\"Tiempo de lectura\" \/>\n\t<meta name=\"twitter:data2\" content=\"3 minutos\" \/>\n<script type=\"application\/ld+json\" class=\"yoast-schema-graph\">{\"@context\":\"https:\\\/\\\/schema.org\",\"@graph\":[{\"@type\":\"Article\",\"@id\":\"https:\\\/\\\/autofans.com.ar\\\/index.php\\\/2025\\\/08\\\/21\\\/como-honda-trabaja-por-la-seguridad-vial\\\/#article\",\"isPartOf\":{\"@id\":\"https:\\\/\\\/autofans.com.ar\\\/index.php\\\/2025\\\/08\\\/21\\\/como-honda-trabaja-por-la-seguridad-vial\\\/\"},\"author\":{\"name\":\"Alejandro Gabriel Rosito\",\"@id\":\"https:\\\/\\\/autofans.com.ar\\\/#\\\/schema\\\/person\\\/4a8dda0b6df83ac3d6723e921274c2aa\"},\"headline\":\"C\u00f3mo Honda trabaja por la seguridad vial\",\"datePublished\":\"2025-08-21T18:14:52+00:00\",\"dateModified\":\"2025-08-21T18:16:05+00:00\",\"mainEntityOfPage\":{\"@id\":\"https:\\\/\\\/autofans.com.ar\\\/index.php\\\/2025\\\/08\\\/21\\\/como-honda-trabaja-por-la-seguridad-vial\\\/\"},\"wordCount\":445,\"image\":{\"@id\":\"https:\\\/\\\/autofans.com.ar\\\/index.php\\\/2025\\\/08\\\/21\\\/como-honda-trabaja-por-la-seguridad-vial\\\/#primaryimage\"},\"thumbnailUrl\":\"https:\\\/\\\/autofans.com.ar\\\/wp-content\\\/uploads\\\/2025\\\/08\\\/honda-4.jpg\",\"keywords\":[\"ANSV.\",\"Conciencia en Movimiento\",\"Consejo Federal Seguridad Vial\",\"educaci\u00f3n vial\",\"Honda Argentina\",\"manejo seguro\",\"Motos\",\"objetivo 2050\",\"Pacto Seguridad Vial\",\"Seguridad Vial\"],\"articleSection\":[\"MOTOS\",\"NOTICIAS\"],\"inLanguage\":\"es\"},{\"@type\":\"WebPage\",\"@id\":\"https:\\\/\\\/autofans.com.ar\\\/index.php\\\/2025\\\/08\\\/21\\\/como-honda-trabaja-por-la-seguridad-vial\\\/\",\"url\":\"https:\\\/\\\/autofans.com.ar\\\/index.php\\\/2025\\\/08\\\/21\\\/como-honda-trabaja-por-la-seguridad-vial\\\/\",\"name\":\"C\u00f3mo Honda trabaja por la seguridad vial -\",\"isPartOf\":{\"@id\":\"https:\\\/\\\/autofans.com.ar\\\/#website\"},\"primaryImageOfPage\":{\"@id\":\"https:\\\/\\\/autofans.com.ar\\\/index.php\\\/2025\\\/08\\\/21\\\/como-honda-trabaja-por-la-seguridad-vial\\\/#primaryimage\"},\"image\":{\"@id\":\"https:\\\/\\\/autofans.com.ar\\\/index.php\\\/2025\\\/08\\\/21\\\/como-honda-trabaja-por-la-seguridad-vial\\\/#primaryimage\"},\"thumbnailUrl\":\"https:\\\/\\\/autofans.com.ar\\\/wp-content\\\/uploads\\\/2025\\\/08\\\/honda-4.jpg\",\"datePublished\":\"2025-08-21T18:14:52+00:00\",\"dateModified\":\"2025-08-21T18:16:05+00:00\",\"author\":{\"@id\":\"https:\\\/\\\/autofans.com.ar\\\/#\\\/schema\\\/person\\\/4a8dda0b6df83ac3d6723e921274c2aa\"},\"description\":\"Honda Motor de Argentina consolid\u00f3 su rol como aliado en seguridad vial al participar en la \u00faltima Asamblea del Consejo Federal de Seguridad.\",\"breadcrumb\":{\"@id\":\"https:\\\/\\\/autofans.com.ar\\\/index.php\\\/2025\\\/08\\\/21\\\/como-honda-trabaja-por-la-seguridad-vial\\\/#breadcrumb\"},\"inLanguage\":\"es\",\"potentialAction\":[{\"@type\":\"ReadAction\",\"target\":[\"https:\\\/\\\/autofans.com.ar\\\/index.php\\\/2025\\\/08\\\/21\\\/como-honda-trabaja-por-la-seguridad-vial\\\/\"]}]},{\"@type\":\"ImageObject\",\"inLanguage\":\"es\",\"@id\":\"https:\\\/\\\/autofans.com.ar\\\/index.php\\\/2025\\\/08\\\/21\\\/como-honda-trabaja-por-la-seguridad-vial\\\/#primaryimage\",\"url\":\"https:\\\/\\\/autofans.com.ar\\\/wp-content\\\/uploads\\\/2025\\\/08\\\/honda-4.jpg\",\"contentUrl\":\"https:\\\/\\\/autofans.com.ar\\\/wp-content\\\/uploads\\\/2025\\\/08\\\/honda-4.jpg\",\"width\":1000,\"height\":667,\"caption\":\"Honda\"},{\"@type\":\"BreadcrumbList\",\"@id\":\"https:\\\/\\\/autofans.com.ar\\\/index.php\\\/2025\\\/08\\\/21\\\/como-honda-trabaja-por-la-seguridad-vial\\\/#breadcrumb\",\"itemListElement\":[{\"@type\":\"ListItem\",\"position\":1,\"name\":\"Inicio\",\"item\":\"https:\\\/\\\/autofans.com.ar\\\/\"},{\"@type\":\"ListItem\",\"position\":2,\"name\":\"C\u00f3mo Honda trabaja por la seguridad vial\"}]},{\"@type\":\"WebSite\",\"@id\":\"https:\\\/\\\/autofans.com.ar\\\/#website\",\"url\":\"https:\\\/\\\/autofans.com.ar\\\/\",\"name\":\"\",\"description\":\"El multimedio referente de la industria automotriz\",\"potentialAction\":[{\"@type\":\"SearchAction\",\"target\":{\"@type\":\"EntryPoint\",\"urlTemplate\":\"https:\\\/\\\/autofans.com.ar\\\/?s={search_term_string}\"},\"query-input\":{\"@type\":\"PropertyValueSpecification\",\"valueRequired\":true,\"valueName\":\"search_term_string\"}}],\"inLanguage\":\"es\"},{\"@type\":\"Person\",\"@id\":\"https:\\\/\\\/autofans.com.ar\\\/#\\\/schema\\\/person\\\/4a8dda0b6df83ac3d6723e921274c2aa\",\"name\":\"Alejandro Gabriel Rosito\",\"image\":{\"@type\":\"ImageObject\",\"inLanguage\":\"es\",\"@id\":\"https:\\\/\\\/secure.gravatar.com\\\/avatar\\\/16c5dda1489adfc62618084dcbb91cffd879c374b13fe5dd8e44ed6733852c88?s=96&d=mm&r=g\",\"url\":\"https:\\\/\\\/secure.gravatar.com\\\/avatar\\\/16c5dda1489adfc62618084dcbb91cffd879c374b13fe5dd8e44ed6733852c88?s=96&d=mm&r=g\",\"contentUrl\":\"https:\\\/\\\/secure.gravatar.com\\\/avatar\\\/16c5dda1489adfc62618084dcbb91cffd879c374b13fe5dd8e44ed6733852c88?s=96&d=mm&r=g\",\"caption\":\"Alejandro Gabriel Rosito\"},\"url\":\"https:\\\/\\\/autofans.com.ar\\\/index.php\\\/author\\\/gabrielr\\\/\"}]}<\/script>\n<!-- \/ Yoast SEO plugin. -->","yoast_head_json":{"title":"C\u00f3mo Honda trabaja por la seguridad vial -","description":"Honda Motor de Argentina consolid\u00f3 su rol como aliado en seguridad vial al participar en la \u00faltima Asamblea del Consejo Federal de Seguridad.","robots":{"index":"index","follow":"follow","max-snippet":"max-snippet:-1","max-image-preview":"max-image-preview:large","max-video-preview":"max-video-preview:-1"},"canonical":"https:\/\/autofans.com.ar\/index.php\/2025\/08\/21\/como-honda-trabaja-por-la-seguridad-vial\/","og_locale":"es_ES","og_type":"article","og_title":"C\u00f3mo Honda trabaja por la seguridad vial -","og_description":"Honda Motor de Argentina consolid\u00f3 su rol como aliado en seguridad vial al participar en la \u00faltima Asamblea del Consejo Federal de Seguridad.","og_url":"https:\/\/autofans.com.ar\/index.php\/2025\/08\/21\/como-honda-trabaja-por-la-seguridad-vial\/","article_published_time":"2025-08-21T18:14:52+00:00","article_modified_time":"2025-08-21T18:16:05+00:00","og_image":[{"width":1000,"height":667,"url":"https:\/\/autofans.com.ar\/wp-content\/uploads\/2025\/08\/honda-4.jpg","type":"image\/jpeg"}],"author":"Alejandro Gabriel Rosito","twitter_card":"summary_large_image","twitter_misc":{"Escrito por":"Alejandro Gabriel Rosito","Tiempo de lectura":"3 minutos"},"schema":{"@context":"https:\/\/schema.org","@graph":[{"@type":"Article","@id":"https:\/\/autofans.com.ar\/index.php\/2025\/08\/21\/como-honda-trabaja-por-la-seguridad-vial\/#article","isPartOf":{"@id":"https:\/\/autofans.com.ar\/index.php\/2025\/08\/21\/como-honda-trabaja-por-la-seguridad-vial\/"},"author":{"name":"Alejandro Gabriel Rosito","@id":"https:\/\/autofans.com.ar\/#\/schema\/person\/4a8dda0b6df83ac3d6723e921274c2aa"},"headline":"C\u00f3mo Honda trabaja por la seguridad vial","datePublished":"2025-08-21T18:14:52+00:00","dateModified":"2025-08-21T18:16:05+00:00","mainEntityOfPage":{"@id":"https:\/\/autofans.com.ar\/index.php\/2025\/08\/21\/como-honda-trabaja-por-la-seguridad-vial\/"},"wordCount":445,"image":{"@id":"https:\/\/autofans.com.ar\/index.php\/2025\/08\/21\/como-honda-trabaja-por-la-seguridad-vial\/#primaryimage"},"thumbnailUrl":"https:\/\/autofans.com.ar\/wp-content\/uploads\/2025\/08\/honda-4.jpg","keywords":["ANSV.","Conciencia en Movimiento","Consejo Federal Seguridad Vial","educaci\u00f3n vial","Honda Argentina","manejo seguro","Motos","objetivo 2050","Pacto Seguridad Vial","Seguridad Vial"],"articleSection":["MOTOS","NOTICIAS"],"inLanguage":"es"},{"@type":"WebPage","@id":"https:\/\/autofans.com.ar\/index.php\/2025\/08\/21\/como-honda-trabaja-por-la-seguridad-vial\/","url":"https:\/\/autofans.com.ar\/index.php\/2025\/08\/21\/como-honda-trabaja-por-la-seguridad-vial\/","name":"C\u00f3mo Honda trabaja por la seguridad vial -","isPartOf":{"@id":"https:\/\/autofans.com.ar\/#website"},"primaryImageOfPage":{"@id":"https:\/\/autofans.com.ar\/index.php\/2025\/08\/21\/como-honda-trabaja-por-la-seguridad-vial\/#primaryimage"},"image":{"@id":"https:\/\/autofans.com.ar\/index.php\/2025\/08\/21\/como-honda-trabaja-por-la-seguridad-vial\/#primaryimage"},"thumbnailUrl":"https:\/\/autofans.com.ar\/wp-content\/uploads\/2025\/08\/honda-4.jpg","datePublished":"2025-08-21T18:14:52+00:00","dateModified":"2025-08-21T18:16:05+00:00","author":{"@id":"https:\/\/autofans.com.ar\/#\/schema\/person\/4a8dda0b6df83ac3d6723e921274c2aa"},"description":"Honda Motor de Argentina consolid\u00f3 su rol como aliado en seguridad vial al participar en la \u00faltima Asamblea del Consejo Federal de Seguridad.","breadcrumb":{"@id":"https:\/\/autofans.com.ar\/index.php\/2025\/08\/21\/como-honda-trabaja-por-la-seguridad-vial\/#breadcrumb"},"inLanguage":"es","potentialAction":[{"@type":"ReadAction","target":["https:\/\/autofans.com.ar\/index.php\/2025\/08\/21\/como-honda-trabaja-por-la-seguridad-vial\/"]}]},{"@type":"ImageObject","inLanguage":"es","@id":"https:\/\/autofans.com.ar\/index.php\/2025\/08\/21\/como-honda-trabaja-por-la-seguridad-vial\/#primaryimage","url":"https:\/\/autofans.com.ar\/wp-content\/uploads\/2025\/08\/honda-4.jpg","contentUrl":"https:\/\/autofans.com.ar\/wp-content\/uploads\/2025\/08\/honda-4.jpg","width":1000,"height":667,"caption":"Honda"},{"@type":"BreadcrumbList","@id":"https:\/\/autofans.com.ar\/index.php\/2025\/08\/21\/como-honda-trabaja-por-la-seguridad-vial\/#breadcrumb","itemListElement":[{"@type":"ListItem","position":1,"name":"Inicio","item":"https:\/\/autofans.com.ar\/"},{"@type":"ListItem","position":2,"name":"C\u00f3mo Honda trabaja por la seguridad vial"}]},{"@type":"WebSite","@id":"https:\/\/autofans.com.ar\/#website","url":"https:\/\/autofans.com.ar\/","name":"","description":"El multimedio referente de la industria automotriz","potentialAction":[{"@type":"SearchAction","target":{"@type":"EntryPoint","urlTemplate":"https:\/\/autofans.com.ar\/?s={search_term_string}"},"query-input":{"@type":"PropertyValueSpecification","valueRequired":true,"valueName":"search_term_string"}}],"inLanguage":"es"},{"@type":"Person","@id":"https:\/\/autofans.com.ar\/#\/schema\/person\/4a8dda0b6df83ac3d6723e921274c2aa","name":"Alejandro Gabriel Rosito","image":{"@type":"ImageObject","inLanguage":"es","@id":"https:\/\/secure.gravatar.com\/avatar\/16c5dda1489adfc62618084dcbb91cffd879c374b13fe5dd8e44ed6733852c88?s=96&d=mm&r=g","url":"https:\/\/secure.gravatar.com\/avatar\/16c5dda1489adfc62618084dcbb91cffd879c374b13fe5dd8e44ed6733852c88?s=96&d=mm&r=g","contentUrl":"https:\/\/secure.gravatar.com\/avatar\/16c5dda1489adfc62618084dcbb91cffd879c374b13fe5dd8e44ed6733852c88?s=96&d=mm&r=g","caption":"Alejandro Gabriel Rosito"},"url":"https:\/\/autofans.com.ar\/index.php\/author\/gabrielr\/"}]}},"featured_image_urls":{"full":["https:\/\/autofans.com.ar\/wp-content\/uploads\/2025\/08\/honda-4.jpg",1000,667,false],"thumbnail":["https:\/\/autofans.com.ar\/wp-content\/uploads\/2025\/08\/honda-4-150x150.jpg",150,150,true],"medium":["https:\/\/autofans.com.ar\/wp-content\/uploads\/2025\/08\/honda-4-300x200.jpg",300,200,true],"medium_large":["https:\/\/autofans.com.ar\/wp-content\/uploads\/2025\/08\/honda-4-768x512.jpg",640,427,true],"large":["https:\/\/autofans.com.ar\/wp-content\/uploads\/2025\/08\/honda-4.jpg",640,427,false],"1536x1536":["https:\/\/autofans.com.ar\/wp-content\/uploads\/2025\/08\/honda-4.jpg",1000,667,false],"2048x2048":["https:\/\/autofans.com.ar\/wp-content\/uploads\/2025\/08\/honda-4.jpg",1000,667,false],"covernews-featured":["https:\/\/autofans.com.ar\/wp-content\/uploads\/2025\/08\/honda-4.jpg",1000,667,false],"covernews-medium":["https:\/\/autofans.com.ar\/wp-content\/uploads\/2025\/08\/honda-4-540x340.jpg",540,340,true]},"author_info":{"display_name":"Alejandro Gabriel Rosito","author_link":"https:\/\/autofans.com.ar\/index.php\/author\/gabrielr\/"},"category_info":"<a href=\"https:\/\/autofans.com.ar\/index.php\/category\/noticias\/motos\/\" rel=\"category tag\">MOTOS<\/a> <a href=\"https:\/\/autofans.com.ar\/index.php\/category\/noticias\/\" rel=\"category tag\">NOTICIAS<\/a>","tag_info":"NOTICIAS","comment_count":0,"_links":{"self":[{"href":"https:\/\/autofans.com.ar\/index.php\/wp-json\/wp\/v2\/posts\/13800","targetHints":{"allow":["GET"]}}],"collection":[{"href":"https:\/\/autofans.com.ar\/index.php\/wp-json\/wp\/v2\/posts"}],"about":[{"href":"https:\/\/autofans.com.ar\/index.php\/wp-json\/wp\/v2\/types\/post"}],"author":[{"embeddable":true,"href":"https:\/\/autofans.com.ar\/index.php\/wp-json\/wp\/v2\/users\/2"}],"replies":[{"embeddable":true,"href":"https:\/\/autofans.com.ar\/index.php\/wp-json\/wp\/v2\/comments?post=13800"}],"version-history":[{"count":6,"href":"https:\/\/autofans.com.ar\/index.php\/wp-json\/wp\/v2\/posts\/13800\/revisions"}],"predecessor-version":[{"id":13810,"href":"https:\/\/autofans.com.ar\/index.php\/wp-json\/wp\/v2\/posts\/13800\/revisions\/13810"}],"wp:featuredmedia":[{"embeddable":true,"href":"https:\/\/autofans.com.ar\/index.php\/wp-json\/wp\/v2\/media\/13801"}],"wp:attachment":[{"href":"https:\/\/autofans.com.ar\/index.php\/wp-json\/wp\/v2\/media?parent=13800"}],"wp:term":[{"taxonomy":"category","embeddable":true,"href":"https:\/\/autofans.com.ar\/index.php\/wp-json\/wp\/v2\/categories?post=13800"},{"taxonomy":"post_tag","embeddable":true,"href":"https:\/\/autofans.com.ar\/index.php\/wp-json\/wp\/v2\/tags?post=13800"}],"curies":[{"name":"wp","href":"https:\/\/api.w.org\/{rel}","templated":true}]}}