{"id":13811,"date":"2025-08-21T18:26:31","date_gmt":"2025-08-21T21:26:31","guid":{"rendered":"https:\/\/autofans.com.ar\/?p=13811"},"modified":"2025-08-21T18:26:31","modified_gmt":"2025-08-21T21:26:31","slug":"bmw-group-suma-cargadores-para-autos-electricos","status":"publish","type":"post","link":"https:\/\/autofans.com.ar\/index.php\/2025\/08\/21\/bmw-group-suma-cargadores-para-autos-electricos\/","title":{"rendered":"BMW Group suma cargadores para autos el\u00e9ctricos"},"content":{"rendered":"<p class=\"ds-markdown-paragraph\">BMW Group Argentina avanza en su plan de impulsar la movilidad el\u00e9ctrica en el pa\u00eds con la instalaci\u00f3n de seis nuevos cargadores. Estos equipos, desarrollados junto a Chargebox, se ubicaron en sitios estrat\u00e9gicos del Gran Buenos Aires y la Costa Atl\u00e1ntica.<\/p>\n<p class=\"ds-markdown-paragraph\">Esta red complementa el wallbox que la marca ya tiene en el Restaurant Selquet, en CABA. La clave es que est\u00e1n abiertos para todos los autos el\u00e9ctricos e h\u00edbridos enchufables, sin importar la marca.<\/p>\n<p>&nbsp;<\/p>\n<h2 class=\"ds-markdown-paragraph\">Ventajas exclusivas para clientes BMW y MINI<\/h2>\n<p>&nbsp;<\/p>\n<div id='gallery-1' class='gallery galleryid-13811 gallery-columns-2 gallery-size-full'><figure class='gallery-item'>\n\t\t\t<div class='gallery-icon landscape'>\n\t\t\t\t<a href='https:\/\/autofans.com.ar\/index.php\/2025\/08\/21\/bmw-group-suma-cargadores-para-autos-electricos\/bmw-4-25\/'><img loading=\"lazy\" width=\"1000\" height=\"667\" src=\"https:\/\/autofans.com.ar\/wp-content\/uploads\/2025\/08\/BMW-4.jpg\" class=\"attachment-full size-full\" alt=\"BMW-4\" srcset=\"https:\/\/autofans.com.ar\/wp-content\/uploads\/2025\/08\/BMW-4.jpg 1000w, https:\/\/autofans.com.ar\/wp-content\/uploads\/2025\/08\/BMW-4-300x200.jpg 300w, https:\/\/autofans.com.ar\/wp-content\/uploads\/2025\/08\/BMW-4-768x512.jpg 768w\" sizes=\"auto, (max-width: 1000px) 100vw, 1000px\" loading=\"lazy\" decoding=\"async\" \/><\/a>\n\t\t\t<\/div><\/figure><figure class='gallery-item'>\n\t\t\t<div class='gallery-icon landscape'>\n\t\t\t\t<a href='https:\/\/autofans.com.ar\/index.php\/2025\/08\/21\/bmw-group-suma-cargadores-para-autos-electricos\/bmw-6-10\/'><img loading=\"lazy\" width=\"1000\" height=\"667\" src=\"https:\/\/autofans.com.ar\/wp-content\/uploads\/2025\/08\/BMW-6.jpg\" class=\"attachment-full size-full\" alt=\"BMW\" srcset=\"https:\/\/autofans.com.ar\/wp-content\/uploads\/2025\/08\/BMW-6.jpg 1000w, https:\/\/autofans.com.ar\/wp-content\/uploads\/2025\/08\/BMW-6-300x200.jpg 300w, https:\/\/autofans.com.ar\/wp-content\/uploads\/2025\/08\/BMW-6-768x512.jpg 768w\" sizes=\"auto, (max-width: 1000px) 100vw, 1000px\" loading=\"lazy\" decoding=\"async\" \/><\/a>\n\t\t\t<\/div><\/figure>\n\t\t<\/div>\n\n<p>&nbsp;<\/p>\n<p class=\"ds-markdown-paragraph\">Si bien cualquier persona puede usarlos, los due\u00f1os de veh\u00edculos electrificados de BMW y MINI reciben beneficios extras. La marca les ofrece membres\u00edas gratuitas en la red Chargebox con hasta 220kW de carga. Adem\u00e1s, todos los propietarios de la marca, incluso de modelos a combusti\u00f3n, acceden a descuentos en la instalaci\u00f3n de equipos y productos de la empresa.<\/p>\n<p>&nbsp;<\/p>\n<blockquote>\n<p style=\"text-align: center;\">\u201cNos enorgullece colaborar con el proceso de electrificaci\u00f3n de nuestro mercado poniendo a disposici\u00f3n puntos de carga para nuestros veh\u00edculos BMW y MINI. Desarrollados en conjunto con Chargebox, cuya red de carga es las m\u00e1s extensa del pa\u00eds, nos permiten brindar cada vez mejores soluciones para los distintos tipos de propulsiones electrificadas\u201d, resalt\u00f3 Ivana Dip, CEO &amp; Managing Director de BMW Group Argentina.<\/p>\n<\/blockquote>\n<p>&nbsp;<\/p>\n<h2 class=\"ds-markdown-paragraph\">D\u00f3nde encontrar los cargadores<\/h2>\n<p>&nbsp;<\/p>\n<p><img fetchpriority=\"high\" decoding=\"async\" class=\"aligncenter wp-image-13817 size-full\" src=\"https:\/\/autofans.com.ar\/wp-content\/uploads\/2025\/08\/BMW-3.jpg\" alt=\"BMW\" width=\"1000\" height=\"667\" srcset=\"https:\/\/autofans.com.ar\/wp-content\/uploads\/2025\/08\/BMW-3.jpg 1000w, https:\/\/autofans.com.ar\/wp-content\/uploads\/2025\/08\/BMW-3-300x200.jpg 300w, https:\/\/autofans.com.ar\/wp-content\/uploads\/2025\/08\/BMW-3-768x512.jpg 768w\" sizes=\"(max-width: 1000px) 100vw, 1000px\" \/><\/p>\n<p>&nbsp;<\/p>\n<p class=\"ds-markdown-paragraph\">Los puntos ya est\u00e1n operativos en varios lugares conocidos. Algunos de ellos son distintas sucursales del restaurante Kansas Grill &amp; Bar, el campo de golf de Caril\u00f3, el centro comercial Remeros Plaza de Tigre y el nuevo desarrollo Thays Parque Leloir.<\/p>\n<p class=\"ds-markdown-paragraph\">Estos cargadores ofrecen una potencia de hasta 22kW y son compatibles con conectores Tipo 2, lo que permite recargar la bater\u00eda de manera eficiente.<\/p>\n<p>&nbsp;<\/p>\n<h2 class=\"ds-markdown-paragraph\">El camino hacia la electromovilidad<\/h2>\n<p class=\"ds-markdown-paragraph\">Esta iniciativa se enmarca en la estrategia de la marca de abrirse a diferentes tecnolog\u00edas. Su portfolio incluye veh\u00edculos 100% el\u00e9ctricos, h\u00edbridos enchufables, h\u00edbridos ligeros y a combusti\u00f3n.<\/p>\n<p>&nbsp;<\/p>\n<div id='gallery-2' class='gallery galleryid-13811 gallery-columns-2 gallery-size-full'><figure class='gallery-item'>\n\t\t\t<div class='gallery-icon landscape'>\n\t\t\t\t<a href='https:\/\/autofans.com.ar\/index.php\/2025\/08\/21\/bmw-group-suma-cargadores-para-autos-electricos\/bmw-1-29\/'><img loading=\"lazy\" width=\"1000\" height=\"667\" src=\"https:\/\/autofans.com.ar\/wp-content\/uploads\/2025\/08\/BMW-1.jpg\" class=\"attachment-full size-full\" alt=\"BMW\" srcset=\"https:\/\/autofans.com.ar\/wp-content\/uploads\/2025\/08\/BMW-1.jpg 1000w, https:\/\/autofans.com.ar\/wp-content\/uploads\/2025\/08\/BMW-1-300x200.jpg 300w, https:\/\/autofans.com.ar\/wp-content\/uploads\/2025\/08\/BMW-1-768x512.jpg 768w\" sizes=\"auto, (max-width: 1000px) 100vw, 1000px\" loading=\"lazy\" decoding=\"async\" \/><\/a>\n\t\t\t<\/div><\/figure><figure class='gallery-item'>\n\t\t\t<div class='gallery-icon landscape'>\n\t\t\t\t<a href='https:\/\/autofans.com.ar\/index.php\/2025\/08\/21\/bmw-group-suma-cargadores-para-autos-electricos\/bmw-2-29\/'><img loading=\"lazy\" width=\"1000\" height=\"667\" src=\"https:\/\/autofans.com.ar\/wp-content\/uploads\/2025\/08\/BMW-2.jpg\" class=\"attachment-full size-full\" alt=\"BMW\" srcset=\"https:\/\/autofans.com.ar\/wp-content\/uploads\/2025\/08\/BMW-2.jpg 1000w, https:\/\/autofans.com.ar\/wp-content\/uploads\/2025\/08\/BMW-2-300x200.jpg 300w, https:\/\/autofans.com.ar\/wp-content\/uploads\/2025\/08\/BMW-2-768x512.jpg 768w\" sizes=\"auto, (max-width: 1000px) 100vw, 1000px\" loading=\"lazy\" decoding=\"async\" \/><\/a>\n\t\t\t<\/div><\/figure>\n\t\t<\/div>\n\n<p>&nbsp;<\/p>\n<p class=\"ds-markdown-paragraph\">En Argentina, su gama electrificada cuenta con modelos como la BMW iX2 el\u00e9ctrica y los h\u00edbridos enchufables BMW 550e, BMW X1 xDrive25e y el reciente BMW M5. Estos se suman a opciones que ya estaban en el mercado, como el BMW 330e y el BMW X3 xDrive30e.<\/p>\n<p>&nbsp;<\/p>\n<p>La lista completa de cargadores se reproduce a continuaci\u00f3n:<\/p>\n<div class=\"table-container\">\n<table class=\"charging-table\">\n<thead>\n<tr>\n<th>Ubicaci\u00f3n<\/th>\n<th>Partido \/ Ciudad<\/th>\n<th>Localidad<\/th>\n<th>Direcci\u00f3n<\/th>\n<th>Potencia<\/th>\n<\/tr>\n<\/thead>\n<tbody>\n<tr>\n<td data-label=\"Ubicaci\u00f3n\">Kansas Pilar<\/td>\n<td data-label=\"Partido \/ Ciudad\">Gran Buenos Aires<\/td>\n<td data-label=\"Localidad\">Pilar<\/td>\n<td data-label=\"Direcci\u00f3n\">Ruta Panamericana Ramal Pilar Km 43.5<\/td>\n<td class=\"power\" data-label=\"Potencia\">22 KW<\/td>\n<\/tr>\n<tr>\n<td data-label=\"Ubicaci\u00f3n\">Kansas Acassuso<\/td>\n<td data-label=\"Partido \/ Ciudad\">Gran Buenos Aires<\/td>\n<td data-label=\"Localidad\">San Isidro<\/td>\n<td data-label=\"Direcci\u00f3n\">Av. del Libertador 15089<\/td>\n<td class=\"power\" data-label=\"Potencia\">22 KW<\/td>\n<\/tr>\n<tr>\n<td data-label=\"Ubicaci\u00f3n\">Remeros Plaza<\/td>\n<td data-label=\"Partido \/ Ciudad\">Gran Buenos Aires<\/td>\n<td data-label=\"Localidad\">Tigre<\/td>\n<td data-label=\"Direcci\u00f3n\">Av. Sta. Mar\u00eda de las Conchas 4711<\/td>\n<td class=\"power\" data-label=\"Potencia\">22 KW<\/td>\n<\/tr>\n<tr>\n<td data-label=\"Ubicaci\u00f3n\">Kansas Nordelta<\/td>\n<td data-label=\"Partido \/ Ciudad\">Gran Buenos Aires<\/td>\n<td data-label=\"Localidad\">Nordelta<\/td>\n<td data-label=\"Direcci\u00f3n\">Av. Agust\u00edn M. Garc\u00eda 6550<\/td>\n<td class=\"power\" data-label=\"Potencia\">22 KW<\/td>\n<\/tr>\n<tr>\n<td data-label=\"Ubicaci\u00f3n\">Caril\u00f3 Golf<\/td>\n<td data-label=\"Partido \/ Ciudad\">General Madariaga<\/td>\n<td data-label=\"Localidad\">Pinamar<\/td>\n<td data-label=\"Direcci\u00f3n\">\u00d1and\u00fa 964<\/td>\n<td class=\"power\" data-label=\"Potencia\">22 KW<\/td>\n<\/tr>\n<tr>\n<td data-label=\"Ubicaci\u00f3n\">Thays Parque Leloir<\/td>\n<td data-label=\"Partido \/ Ciudad\">Gran Buenos Aires<\/td>\n<td data-label=\"Localidad\">Parque Leloir<\/td>\n<td data-label=\"Direcci\u00f3n\">Av. Mart\u00edn Fierro 3361<\/td>\n<td class=\"power\" data-label=\"Potencia\">22 KW<\/td>\n<\/tr>\n<\/tbody>\n<\/table>\n<\/div>\n<p>&nbsp;<\/p>\n<p>&nbsp;<\/p>\n<p>&nbsp;<\/p>\n<p><i>Para enterarte de m\u00e1s novedades, no dejes de leer\u00a0<\/i><a href=\"https:\/\/autofans.thebrandsoup.com\/\"><i>nuestras notas<\/i><\/a><i>, de ver\u00a0<\/i><a href=\"https:\/\/www.youtube.com\/channel\/UCgAC8UGHZYbT6P7PpmVnP7g\"><i>AUTOFANS TV<\/i><\/a><i>\u00a0en nuestro\u00a0canal de Youtube. Adem\u00e1s seguinos en\u00a0<\/i><a href=\"https:\/\/www.instagram.com\/autofanstv\/\"><i>INSTAGRAM<\/i><\/a><i> y <\/i><a href=\"https:\/\/www.facebook.com\/autofansmas\/\"><i>FACEBOOK<\/i><\/a><i> para no perderte nada sobre las novedades del segmento automotor de Argentina y el mundo.<\/i><\/p>\n","protected":false},"excerpt":{"rendered":"<p>BMW Group Argentina avanza en su plan de impulsar la movilidad el\u00e9ctrica en el pa\u00eds&#8230;<\/p>\n","protected":false},"author":2,"featured_media":13815,"comment_status":"closed","ping_status":"closed","sticky":false,"template":"","format":"standard","meta":{"footnotes":""},"categories":[341,16],"tags":[50,464,2106,2764,7227,7229,3322,1625,1460,7228],"class_list":["post-13811","post","type-post","status-publish","format-standard","has-post-thumbnail","hentry","category-hibridos-y-electricos","category-noticias","tag-auto-hibrido","tag-beneficios","tag-bmw-argentina","tag-bmw-ix2","tag-carga-autos-electricos","tag-chargebox","tag-electromovilidad-argentina","tag-mini-electrico","tag-movilidad-sustentable","tag-puntos-de-carga"],"yoast_head":"<!-- This site is optimized with the Yoast SEO plugin v27.5 - https:\/\/yoast.com\/product\/yoast-seo-wordpress\/ -->\n<title>BMW Group suma cargadores para autos el\u00e9ctricos -<\/title>\n<meta name=\"description\" content=\"BMW Group Argentina avanza en su plan de impulsar la movilidad el\u00e9ctrica en el pa\u00eds con la instalaci\u00f3n de seis nuevos cargadores...\" \/>\n<meta name=\"robots\" content=\"index, follow, max-snippet:-1, max-image-preview:large, max-video-preview:-1\" \/>\n<link rel=\"canonical\" href=\"https:\/\/autofans.com.ar\/index.php\/2025\/08\/21\/bmw-group-suma-cargadores-para-autos-electricos\/\" \/>\n<meta property=\"og:locale\" content=\"es_ES\" \/>\n<meta property=\"og:type\" content=\"article\" \/>\n<meta property=\"og:title\" content=\"BMW Group suma cargadores para autos el\u00e9ctricos -\" \/>\n<meta property=\"og:description\" content=\"BMW Group Argentina avanza en su plan de impulsar la movilidad el\u00e9ctrica en el pa\u00eds con la instalaci\u00f3n de seis nuevos cargadores...\" \/>\n<meta property=\"og:url\" content=\"https:\/\/autofans.com.ar\/index.php\/2025\/08\/21\/bmw-group-suma-cargadores-para-autos-electricos\/\" \/>\n<meta property=\"article:published_time\" content=\"2025-08-21T21:26:31+00:00\" \/>\n<meta property=\"og:image\" content=\"https:\/\/autofans.com.ar\/wp-content\/uploads\/2025\/08\/BMW-5.jpg\" \/>\n\t<meta property=\"og:image:width\" content=\"1000\" \/>\n\t<meta property=\"og:image:height\" content=\"667\" \/>\n\t<meta property=\"og:image:type\" content=\"image\/jpeg\" \/>\n<meta name=\"author\" content=\"Alejandro Gabriel Rosito\" \/>\n<meta name=\"twitter:card\" content=\"summary_large_image\" \/>\n<meta name=\"twitter:label1\" content=\"Escrito por\" \/>\n\t<meta name=\"twitter:data1\" content=\"Alejandro Gabriel Rosito\" \/>\n\t<meta name=\"twitter:label2\" content=\"Tiempo de lectura\" \/>\n\t<meta name=\"twitter:data2\" content=\"3 minutos\" \/>\n<script type=\"application\/ld+json\" class=\"yoast-schema-graph\">{\"@context\":\"https:\\\/\\\/schema.org\",\"@graph\":[{\"@type\":\"Article\",\"@id\":\"https:\\\/\\\/autofans.com.ar\\\/index.php\\\/2025\\\/08\\\/21\\\/bmw-group-suma-cargadores-para-autos-electricos\\\/#article\",\"isPartOf\":{\"@id\":\"https:\\\/\\\/autofans.com.ar\\\/index.php\\\/2025\\\/08\\\/21\\\/bmw-group-suma-cargadores-para-autos-electricos\\\/\"},\"author\":{\"name\":\"Alejandro Gabriel Rosito\",\"@id\":\"https:\\\/\\\/autofans.com.ar\\\/#\\\/schema\\\/person\\\/4a8dda0b6df83ac3d6723e921274c2aa\"},\"headline\":\"BMW Group suma cargadores para autos el\u00e9ctricos\",\"datePublished\":\"2025-08-21T21:26:31+00:00\",\"mainEntityOfPage\":{\"@id\":\"https:\\\/\\\/autofans.com.ar\\\/index.php\\\/2025\\\/08\\\/21\\\/bmw-group-suma-cargadores-para-autos-electricos\\\/\"},\"wordCount\":545,\"image\":{\"@id\":\"https:\\\/\\\/autofans.com.ar\\\/index.php\\\/2025\\\/08\\\/21\\\/bmw-group-suma-cargadores-para-autos-electricos\\\/#primaryimage\"},\"thumbnailUrl\":\"https:\\\/\\\/autofans.com.ar\\\/wp-content\\\/uploads\\\/2025\\\/08\\\/BMW-5.jpg\",\"keywords\":[\"Auto Hibrido\",\"beneficios\",\"BMW Argentina\",\"BMW iX2\",\"carga autos el\u00e9ctricos\",\"Chargebox\",\"Electromovilidad Argentina\",\"MINI El\u00e9ctrico\",\"movilidad sustentable\",\"puntos de carga\"],\"articleSection\":[\"HIBRIDOS, ELECTRICOS y otros\",\"NOTICIAS\"],\"inLanguage\":\"es\"},{\"@type\":\"WebPage\",\"@id\":\"https:\\\/\\\/autofans.com.ar\\\/index.php\\\/2025\\\/08\\\/21\\\/bmw-group-suma-cargadores-para-autos-electricos\\\/\",\"url\":\"https:\\\/\\\/autofans.com.ar\\\/index.php\\\/2025\\\/08\\\/21\\\/bmw-group-suma-cargadores-para-autos-electricos\\\/\",\"name\":\"BMW Group suma cargadores para autos el\u00e9ctricos -\",\"isPartOf\":{\"@id\":\"https:\\\/\\\/autofans.com.ar\\\/#website\"},\"primaryImageOfPage\":{\"@id\":\"https:\\\/\\\/autofans.com.ar\\\/index.php\\\/2025\\\/08\\\/21\\\/bmw-group-suma-cargadores-para-autos-electricos\\\/#primaryimage\"},\"image\":{\"@id\":\"https:\\\/\\\/autofans.com.ar\\\/index.php\\\/2025\\\/08\\\/21\\\/bmw-group-suma-cargadores-para-autos-electricos\\\/#primaryimage\"},\"thumbnailUrl\":\"https:\\\/\\\/autofans.com.ar\\\/wp-content\\\/uploads\\\/2025\\\/08\\\/BMW-5.jpg\",\"datePublished\":\"2025-08-21T21:26:31+00:00\",\"author\":{\"@id\":\"https:\\\/\\\/autofans.com.ar\\\/#\\\/schema\\\/person\\\/4a8dda0b6df83ac3d6723e921274c2aa\"},\"description\":\"BMW Group Argentina avanza en su plan de impulsar la movilidad el\u00e9ctrica en el pa\u00eds con la instalaci\u00f3n de seis nuevos cargadores...\",\"breadcrumb\":{\"@id\":\"https:\\\/\\\/autofans.com.ar\\\/index.php\\\/2025\\\/08\\\/21\\\/bmw-group-suma-cargadores-para-autos-electricos\\\/#breadcrumb\"},\"inLanguage\":\"es\",\"potentialAction\":[{\"@type\":\"ReadAction\",\"target\":[\"https:\\\/\\\/autofans.com.ar\\\/index.php\\\/2025\\\/08\\\/21\\\/bmw-group-suma-cargadores-para-autos-electricos\\\/\"]}]},{\"@type\":\"ImageObject\",\"inLanguage\":\"es\",\"@id\":\"https:\\\/\\\/autofans.com.ar\\\/index.php\\\/2025\\\/08\\\/21\\\/bmw-group-suma-cargadores-para-autos-electricos\\\/#primaryimage\",\"url\":\"https:\\\/\\\/autofans.com.ar\\\/wp-content\\\/uploads\\\/2025\\\/08\\\/BMW-5.jpg\",\"contentUrl\":\"https:\\\/\\\/autofans.com.ar\\\/wp-content\\\/uploads\\\/2025\\\/08\\\/BMW-5.jpg\",\"width\":1000,\"height\":667,\"caption\":\"BMW\"},{\"@type\":\"BreadcrumbList\",\"@id\":\"https:\\\/\\\/autofans.com.ar\\\/index.php\\\/2025\\\/08\\\/21\\\/bmw-group-suma-cargadores-para-autos-electricos\\\/#breadcrumb\",\"itemListElement\":[{\"@type\":\"ListItem\",\"position\":1,\"name\":\"Inicio\",\"item\":\"https:\\\/\\\/autofans.com.ar\\\/\"},{\"@type\":\"ListItem\",\"position\":2,\"name\":\"BMW Group suma cargadores para autos el\u00e9ctricos\"}]},{\"@type\":\"WebSite\",\"@id\":\"https:\\\/\\\/autofans.com.ar\\\/#website\",\"url\":\"https:\\\/\\\/autofans.com.ar\\\/\",\"name\":\"\",\"description\":\"El multimedio referente de la industria automotriz\",\"potentialAction\":[{\"@type\":\"SearchAction\",\"target\":{\"@type\":\"EntryPoint\",\"urlTemplate\":\"https:\\\/\\\/autofans.com.ar\\\/?s={search_term_string}\"},\"query-input\":{\"@type\":\"PropertyValueSpecification\",\"valueRequired\":true,\"valueName\":\"search_term_string\"}}],\"inLanguage\":\"es\"},{\"@type\":\"Person\",\"@id\":\"https:\\\/\\\/autofans.com.ar\\\/#\\\/schema\\\/person\\\/4a8dda0b6df83ac3d6723e921274c2aa\",\"name\":\"Alejandro Gabriel Rosito\",\"image\":{\"@type\":\"ImageObject\",\"inLanguage\":\"es\",\"@id\":\"https:\\\/\\\/secure.gravatar.com\\\/avatar\\\/16c5dda1489adfc62618084dcbb91cffd879c374b13fe5dd8e44ed6733852c88?s=96&d=mm&r=g\",\"url\":\"https:\\\/\\\/secure.gravatar.com\\\/avatar\\\/16c5dda1489adfc62618084dcbb91cffd879c374b13fe5dd8e44ed6733852c88?s=96&d=mm&r=g\",\"contentUrl\":\"https:\\\/\\\/secure.gravatar.com\\\/avatar\\\/16c5dda1489adfc62618084dcbb91cffd879c374b13fe5dd8e44ed6733852c88?s=96&d=mm&r=g\",\"caption\":\"Alejandro Gabriel Rosito\"},\"url\":\"https:\\\/\\\/autofans.com.ar\\\/index.php\\\/author\\\/gabrielr\\\/\"}]}<\/script>\n<!-- \/ Yoast SEO plugin. -->","yoast_head_json":{"title":"BMW Group suma cargadores para autos el\u00e9ctricos -","description":"BMW Group Argentina avanza en su plan de impulsar la movilidad el\u00e9ctrica en el pa\u00eds con la instalaci\u00f3n de seis nuevos cargadores...","robots":{"index":"index","follow":"follow","max-snippet":"max-snippet:-1","max-image-preview":"max-image-preview:large","max-video-preview":"max-video-preview:-1"},"canonical":"https:\/\/autofans.com.ar\/index.php\/2025\/08\/21\/bmw-group-suma-cargadores-para-autos-electricos\/","og_locale":"es_ES","og_type":"article","og_title":"BMW Group suma cargadores para autos el\u00e9ctricos -","og_description":"BMW Group Argentina avanza en su plan de impulsar la movilidad el\u00e9ctrica en el pa\u00eds con la instalaci\u00f3n de seis nuevos cargadores...","og_url":"https:\/\/autofans.com.ar\/index.php\/2025\/08\/21\/bmw-group-suma-cargadores-para-autos-electricos\/","article_published_time":"2025-08-21T21:26:31+00:00","og_image":[{"width":1000,"height":667,"url":"https:\/\/autofans.com.ar\/wp-content\/uploads\/2025\/08\/BMW-5.jpg","type":"image\/jpeg"}],"author":"Alejandro Gabriel Rosito","twitter_card":"summary_large_image","twitter_misc":{"Escrito por":"Alejandro Gabriel Rosito","Tiempo de lectura":"3 minutos"},"schema":{"@context":"https:\/\/schema.org","@graph":[{"@type":"Article","@id":"https:\/\/autofans.com.ar\/index.php\/2025\/08\/21\/bmw-group-suma-cargadores-para-autos-electricos\/#article","isPartOf":{"@id":"https:\/\/autofans.com.ar\/index.php\/2025\/08\/21\/bmw-group-suma-cargadores-para-autos-electricos\/"},"author":{"name":"Alejandro Gabriel Rosito","@id":"https:\/\/autofans.com.ar\/#\/schema\/person\/4a8dda0b6df83ac3d6723e921274c2aa"},"headline":"BMW Group suma cargadores para autos el\u00e9ctricos","datePublished":"2025-08-21T21:26:31+00:00","mainEntityOfPage":{"@id":"https:\/\/autofans.com.ar\/index.php\/2025\/08\/21\/bmw-group-suma-cargadores-para-autos-electricos\/"},"wordCount":545,"image":{"@id":"https:\/\/autofans.com.ar\/index.php\/2025\/08\/21\/bmw-group-suma-cargadores-para-autos-electricos\/#primaryimage"},"thumbnailUrl":"https:\/\/autofans.com.ar\/wp-content\/uploads\/2025\/08\/BMW-5.jpg","keywords":["Auto Hibrido","beneficios","BMW Argentina","BMW iX2","carga autos el\u00e9ctricos","Chargebox","Electromovilidad Argentina","MINI El\u00e9ctrico","movilidad sustentable","puntos de carga"],"articleSection":["HIBRIDOS, ELECTRICOS y otros","NOTICIAS"],"inLanguage":"es"},{"@type":"WebPage","@id":"https:\/\/autofans.com.ar\/index.php\/2025\/08\/21\/bmw-group-suma-cargadores-para-autos-electricos\/","url":"https:\/\/autofans.com.ar\/index.php\/2025\/08\/21\/bmw-group-suma-cargadores-para-autos-electricos\/","name":"BMW Group suma cargadores para autos el\u00e9ctricos -","isPartOf":{"@id":"https:\/\/autofans.com.ar\/#website"},"primaryImageOfPage":{"@id":"https:\/\/autofans.com.ar\/index.php\/2025\/08\/21\/bmw-group-suma-cargadores-para-autos-electricos\/#primaryimage"},"image":{"@id":"https:\/\/autofans.com.ar\/index.php\/2025\/08\/21\/bmw-group-suma-cargadores-para-autos-electricos\/#primaryimage"},"thumbnailUrl":"https:\/\/autofans.com.ar\/wp-content\/uploads\/2025\/08\/BMW-5.jpg","datePublished":"2025-08-21T21:26:31+00:00","author":{"@id":"https:\/\/autofans.com.ar\/#\/schema\/person\/4a8dda0b6df83ac3d6723e921274c2aa"},"description":"BMW Group Argentina avanza en su plan de impulsar la movilidad el\u00e9ctrica en el pa\u00eds con la instalaci\u00f3n de seis nuevos cargadores...","breadcrumb":{"@id":"https:\/\/autofans.com.ar\/index.php\/2025\/08\/21\/bmw-group-suma-cargadores-para-autos-electricos\/#breadcrumb"},"inLanguage":"es","potentialAction":[{"@type":"ReadAction","target":["https:\/\/autofans.com.ar\/index.php\/2025\/08\/21\/bmw-group-suma-cargadores-para-autos-electricos\/"]}]},{"@type":"ImageObject","inLanguage":"es","@id":"https:\/\/autofans.com.ar\/index.php\/2025\/08\/21\/bmw-group-suma-cargadores-para-autos-electricos\/#primaryimage","url":"https:\/\/autofans.com.ar\/wp-content\/uploads\/2025\/08\/BMW-5.jpg","contentUrl":"https:\/\/autofans.com.ar\/wp-content\/uploads\/2025\/08\/BMW-5.jpg","width":1000,"height":667,"caption":"BMW"},{"@type":"BreadcrumbList","@id":"https:\/\/autofans.com.ar\/index.php\/2025\/08\/21\/bmw-group-suma-cargadores-para-autos-electricos\/#breadcrumb","itemListElement":[{"@type":"ListItem","position":1,"name":"Inicio","item":"https:\/\/autofans.com.ar\/"},{"@type":"ListItem","position":2,"name":"BMW Group suma cargadores para autos el\u00e9ctricos"}]},{"@type":"WebSite","@id":"https:\/\/autofans.com.ar\/#website","url":"https:\/\/autofans.com.ar\/","name":"","description":"El multimedio referente de la industria automotriz","potentialAction":[{"@type":"SearchAction","target":{"@type":"EntryPoint","urlTemplate":"https:\/\/autofans.com.ar\/?s={search_term_string}"},"query-input":{"@type":"PropertyValueSpecification","valueRequired":true,"valueName":"search_term_string"}}],"inLanguage":"es"},{"@type":"Person","@id":"https:\/\/autofans.com.ar\/#\/schema\/person\/4a8dda0b6df83ac3d6723e921274c2aa","name":"Alejandro Gabriel Rosito","image":{"@type":"ImageObject","inLanguage":"es","@id":"https:\/\/secure.gravatar.com\/avatar\/16c5dda1489adfc62618084dcbb91cffd879c374b13fe5dd8e44ed6733852c88?s=96&d=mm&r=g","url":"https:\/\/secure.gravatar.com\/avatar\/16c5dda1489adfc62618084dcbb91cffd879c374b13fe5dd8e44ed6733852c88?s=96&d=mm&r=g","contentUrl":"https:\/\/secure.gravatar.com\/avatar\/16c5dda1489adfc62618084dcbb91cffd879c374b13fe5dd8e44ed6733852c88?s=96&d=mm&r=g","caption":"Alejandro Gabriel Rosito"},"url":"https:\/\/autofans.com.ar\/index.php\/author\/gabrielr\/"}]}},"featured_image_urls":{"full":["https:\/\/autofans.com.ar\/wp-content\/uploads\/2025\/08\/BMW-5.jpg",1000,667,false],"thumbnail":["https:\/\/autofans.com.ar\/wp-content\/uploads\/2025\/08\/BMW-5-150x150.jpg",150,150,true],"medium":["https:\/\/autofans.com.ar\/wp-content\/uploads\/2025\/08\/BMW-5-300x200.jpg",300,200,true],"medium_large":["https:\/\/autofans.com.ar\/wp-content\/uploads\/2025\/08\/BMW-5-768x512.jpg",640,427,true],"large":["https:\/\/autofans.com.ar\/wp-content\/uploads\/2025\/08\/BMW-5.jpg",640,427,false],"1536x1536":["https:\/\/autofans.com.ar\/wp-content\/uploads\/2025\/08\/BMW-5.jpg",1000,667,false],"2048x2048":["https:\/\/autofans.com.ar\/wp-content\/uploads\/2025\/08\/BMW-5.jpg",1000,667,false],"covernews-featured":["https:\/\/autofans.com.ar\/wp-content\/uploads\/2025\/08\/BMW-5.jpg",1000,667,false],"covernews-medium":["https:\/\/autofans.com.ar\/wp-content\/uploads\/2025\/08\/BMW-5-540x340.jpg",540,340,true]},"author_info":{"display_name":"Alejandro Gabriel Rosito","author_link":"https:\/\/autofans.com.ar\/index.php\/author\/gabrielr\/"},"category_info":"<a href=\"https:\/\/autofans.com.ar\/index.php\/category\/noticias\/hibridos-y-electricos\/\" rel=\"category tag\">HIBRIDOS, ELECTRICOS y otros<\/a> <a href=\"https:\/\/autofans.com.ar\/index.php\/category\/noticias\/\" rel=\"category tag\">NOTICIAS<\/a>","tag_info":"NOTICIAS","comment_count":0,"_links":{"self":[{"href":"https:\/\/autofans.com.ar\/index.php\/wp-json\/wp\/v2\/posts\/13811","targetHints":{"allow":["GET"]}}],"collection":[{"href":"https:\/\/autofans.com.ar\/index.php\/wp-json\/wp\/v2\/posts"}],"about":[{"href":"https:\/\/autofans.com.ar\/index.php\/wp-json\/wp\/v2\/types\/post"}],"author":[{"embeddable":true,"href":"https:\/\/autofans.com.ar\/index.php\/wp-json\/wp\/v2\/users\/2"}],"replies":[{"embeddable":true,"href":"https:\/\/autofans.com.ar\/index.php\/wp-json\/wp\/v2\/comments?post=13811"}],"version-history":[{"count":5,"href":"https:\/\/autofans.com.ar\/index.php\/wp-json\/wp\/v2\/posts\/13811\/revisions"}],"predecessor-version":[{"id":13822,"href":"https:\/\/autofans.com.ar\/index.php\/wp-json\/wp\/v2\/posts\/13811\/revisions\/13822"}],"wp:featuredmedia":[{"embeddable":true,"href":"https:\/\/autofans.com.ar\/index.php\/wp-json\/wp\/v2\/media\/13815"}],"wp:attachment":[{"href":"https:\/\/autofans.com.ar\/index.php\/wp-json\/wp\/v2\/media?parent=13811"}],"wp:term":[{"taxonomy":"category","embeddable":true,"href":"https:\/\/autofans.com.ar\/index.php\/wp-json\/wp\/v2\/categories?post=13811"},{"taxonomy":"post_tag","embeddable":true,"href":"https:\/\/autofans.com.ar\/index.php\/wp-json\/wp\/v2\/tags?post=13811"}],"curies":[{"name":"wp","href":"https:\/\/api.w.org\/{rel}","templated":true}]}}