{"id":1382,"date":"2023-04-10T11:44:02","date_gmt":"2023-04-10T14:44:02","guid":{"rendered":"https:\/\/autofans.com.ar\/?p=1382"},"modified":"2023-04-10T11:44:02","modified_gmt":"2023-04-10T14:44:02","slug":"citroen-c3-gana-el-premio-al-best-urban-car-en-los-world-car-awards-2023","status":"publish","type":"post","link":"https:\/\/autofans.com.ar\/index.php\/2023\/04\/10\/citroen-c3-gana-el-premio-al-best-urban-car-en-los-world-car-awards-2023\/","title":{"rendered":"Citro\u00ebn C3 gana el premio al \u201cBest Urban Car\u201d en los World Car Awards 2023"},"content":{"rendered":"<p>El Citro\u00ebn C3, un hatch con actitud SUV, se alz\u00f3 con el t\u00edtulo de \u00ab2023 World Urban Car\u00bb en la 19\u00aa edici\u00f3n de los World Car Awards, que se llev\u00f3 a cabo en el marco del New York International Auto Show. Un jurado compuesto por m\u00e1s de 100 periodistas internacionales de 32 pa\u00edses vot\u00f3 por el nuevo modelo de la marca francesa como el mejor en la categor\u00eda \u00abUrban Car\u00bb. La cual incluye modelos vendidos en distintos mercados y en al menos dos continentes diferentes.<\/p>\n<p><img fetchpriority=\"high\" decoding=\"async\" class=\"aligncenter wp-image-1383 size-full\" src=\"https:\/\/autofans.com.ar\/wp-content\/uploads\/2023\/04\/foto-5-5-jpg.webp\" alt=\"\" width=\"1000\" height=\"667\" srcset=\"https:\/\/autofans.com.ar\/wp-content\/uploads\/2023\/04\/foto-5-5-jpg.webp 1000w, https:\/\/autofans.com.ar\/wp-content\/uploads\/2023\/04\/foto-5-5-300x200.webp 300w, https:\/\/autofans.com.ar\/wp-content\/uploads\/2023\/04\/foto-5-5-768x512.webp 768w\" sizes=\"(max-width: 1000px) 100vw, 1000px\" \/><\/p>\n<p>Este reconocimiento es un logro significativo para <a href=\"https:\/\/www.citroen.com.ar\/?utm_source=google-search&amp;utm_medium=search&amp;utm_campaign=AC_AR_CITROEN-AON_MOB_C4CACTUS_C4CactusE3_Retargeting_SOC-RRE_A_lead&amp;ds_rl=1297969&amp;ds_rl=1297969&amp;gclid=Cj0KCQjwocShBhCOARIsAFVYq0i510FuviU7KVy7GGntfx1SA5SSXSTBvGUi699phYsx6ScLBVUYSw8aAudfEALw_wcB&amp;gclsrc=aw.ds\" target=\"_blank\" rel=\"noopener\">Citro\u00ebn<\/a>, que ha experimentado un crecimiento destacado en mercados internacionales como Am\u00e9rica del Sur y Asia. Desde su lanzamiento en septiembre de 2022, el modelo ha tenido una gran acogida en Sudam\u00e9rica, con m\u00e1s de 17.000 unidades vendidas. Mientras que en Asia, el modelo ha sido igualmente popular, con casi 7.000 unidades vendidas desde su lanzamiento. El aumento en las ventas es del 880% en comparaci\u00f3n con el a\u00f1o anterior.<\/p>\n<p>No obstante el nuevo C3 es el primer modelo de una familia de tres autom\u00f3viles. La combinaci\u00f3n de un estilo moderno y fuerte con un alto nivel de comodidad y conectividad. De esta forma el modelo se ha destacado por ser personalizable y por contar con uno de los ba\u00fales m\u00e1s amplios de su segmento. Su generosa distancia con el suelo y su exclusiva central multimedia Citro\u00ebn Connect Touchscreen 10\u201d con Android Auto y Apple CarPlay inal\u00e1mbrico hacen a este autom\u00f3vil el mejor de su linea.<\/p>\n<blockquote>\n<p style=\"text-align: center;\">Thierry Koskas, CEO Global de Citro\u00ebn, afirm\u00f3 que \u00abnos sentimos particularmente honrados de recibir este premio para el Nuevo Citro\u00ebn C3. Adem\u00e1s del \u00e9xito comercial de este veh\u00edculo, reconoce la relevancia de nuestra estrategia de crecimiento en Am\u00e9rica del Sur y Asia.\u00bb<\/p>\n<\/blockquote>\n<p>&nbsp;<\/p>\n<div id='gallery-1' class='gallery galleryid-1382 gallery-columns-2 gallery-size-full'><figure class='gallery-item'>\n\t\t\t<div class='gallery-icon landscape'>\n\t\t\t\t<a href='https:\/\/autofans.com.ar\/index.php\/2023\/04\/10\/citroen-c3-gana-el-premio-al-best-urban-car-en-los-world-car-awards-2023\/foto-3-23\/'><img loading=\"lazy\" width=\"1000\" height=\"667\" src=\"https:\/\/autofans.com.ar\/wp-content\/uploads\/2023\/04\/foto-3-9-jpg.webp\" class=\"attachment-full size-full\" alt=\"c3\" srcset=\"https:\/\/autofans.com.ar\/wp-content\/uploads\/2023\/04\/foto-3-9-jpg.webp 1000w, https:\/\/autofans.com.ar\/wp-content\/uploads\/2023\/04\/foto-3-9-300x200.webp 300w, https:\/\/autofans.com.ar\/wp-content\/uploads\/2023\/04\/foto-3-9-768x512.webp 768w\" sizes=\"auto, (max-width: 1000px) 100vw, 1000px\" loading=\"lazy\" decoding=\"async\" \/><\/a>\n\t\t\t<\/div><\/figure><figure class='gallery-item'>\n\t\t\t<div class='gallery-icon landscape'>\n\t\t\t\t<a href='https:\/\/autofans.com.ar\/index.php\/2023\/04\/10\/citroen-c3-gana-el-premio-al-best-urban-car-en-los-world-car-awards-2023\/foto-2-25\/'><img loading=\"lazy\" width=\"1000\" height=\"667\" src=\"https:\/\/autofans.com.ar\/wp-content\/uploads\/2023\/04\/foto-2-10-jpg.webp\" class=\"attachment-full size-full\" alt=\"c3\" srcset=\"https:\/\/autofans.com.ar\/wp-content\/uploads\/2023\/04\/foto-2-10-jpg.webp 1000w, https:\/\/autofans.com.ar\/wp-content\/uploads\/2023\/04\/foto-2-10-300x200.webp 300w, https:\/\/autofans.com.ar\/wp-content\/uploads\/2023\/04\/foto-2-10-768x512.webp 768w\" sizes=\"auto, (max-width: 1000px) 100vw, 1000px\" loading=\"lazy\" decoding=\"async\" \/><\/a>\n\t\t\t<\/div><\/figure>\n\t\t<\/div>\n\n<p>La estrategia de Citro\u00ebn de crear modelos fieles al esp\u00edritu de la marca y desarrollados por equipos locales para atender a las necesidades espec\u00edficas de cada mercado ha dado sus frutos en el caso del Nuevo C3. Este ha sido dise\u00f1ado, desarrollado y producido para Asia y Sudam\u00e9rica. Este \u00e9xito ha impulsado el crecimiento internacional de la marca y ha consolidado su posici\u00f3n en el mercado global.<\/p>\n<p>&nbsp;<\/p>\n<p><i>Para enterarte de m\u00e1s novedades, no dejes de leer\u00a0<\/i><a href=\"https:\/\/autofans.thebrandsoup.com\/\"><i>nuestras notas<\/i><\/a><i>, de ver<\/i><b><i>\u00a0<\/i><\/b><a href=\"https:\/\/www.youtube.com\/channel\/UCgAC8UGHZYbT6P7PpmVnP7g\"><b><i>AUTOFANS TV<\/i><\/b><\/a><b><i>\u00a0<\/i><\/b><i>en nuestro\u00a0canal de Youtube. Adem\u00e1s seguinos en\u00a0<\/i><a href=\"https:\/\/www.instagram.com\/autofanstv\/\"><i>INSTAGRAM<\/i><\/a><i> y <\/i><a href=\"https:\/\/www.facebook.com\/autofansmas\/\"><i>FACEBOOK<\/i><\/a><i> para no perderte nada sobre las novedades del segmento automotor de Argentina y el mundo.<\/i><\/p>\n","protected":false},"excerpt":{"rendered":"<p>El Citro\u00ebn C3, un hatch con actitud SUV, se alz\u00f3 con el t\u00edtulo de \u00ab2023&#8230;<\/p>\n","protected":false},"author":2,"featured_media":1386,"comment_status":"closed","ping_status":"closed","sticky":false,"template":"","format":"standard","meta":{"footnotes":""},"categories":[3,16],"tags":[613,36,620,548,619,621,616,618,617,615,614],"class_list":["post-1382","post","type-post","status-publish","format-standard","has-post-thumbnail","hentry","category-autos","category-noticias","tag-c3","tag-citroen","tag-crecimiento","tag-estrategia","tag-exito","tag-mercados-internacionales","tag-new-york-auto-show","tag-premio","tag-suv-hatch","tag-urban-car","tag-world-car-awards"],"yoast_head":"<!-- This site is optimized with the Yoast SEO plugin v27.5 - https:\/\/yoast.com\/product\/yoast-seo-wordpress\/ -->\n<title>Citro\u00ebn C3 gana el premio al \u201cBest Urban Car\u201d en los World Car Awards 2023 -<\/title>\n<meta name=\"description\" content=\"El Citro\u00ebn C3, un hatch con actitud SUV, se alz\u00f3 con el t\u00edtulo de &quot;2023 World Urban Car&quot; en la 19\u00aa edici\u00f3n de los World Car Awards...\" \/>\n<meta name=\"robots\" content=\"index, follow, max-snippet:-1, max-image-preview:large, max-video-preview:-1\" \/>\n<link rel=\"canonical\" href=\"https:\/\/autofans.com.ar\/index.php\/2023\/04\/10\/citroen-c3-gana-el-premio-al-best-urban-car-en-los-world-car-awards-2023\/\" \/>\n<meta property=\"og:locale\" content=\"es_ES\" \/>\n<meta property=\"og:type\" content=\"article\" \/>\n<meta property=\"og:title\" content=\"Citro\u00ebn C3 gana el premio al \u201cBest Urban Car\u201d en los World Car Awards 2023 -\" \/>\n<meta property=\"og:description\" content=\"El Citro\u00ebn C3, un hatch con actitud SUV, se alz\u00f3 con el t\u00edtulo de &quot;2023 World Urban Car&quot; en la 19\u00aa edici\u00f3n de los World Car Awards...\" \/>\n<meta property=\"og:url\" content=\"https:\/\/autofans.com.ar\/index.php\/2023\/04\/10\/citroen-c3-gana-el-premio-al-best-urban-car-en-los-world-car-awards-2023\/\" \/>\n<meta property=\"article:published_time\" content=\"2023-04-10T14:44:02+00:00\" \/>\n<meta property=\"og:image\" content=\"https:\/\/autofans.com.ar\/wp-content\/uploads\/2023\/04\/foto-1-10-jpg.webp\" \/>\n\t<meta property=\"og:image:width\" content=\"1000\" \/>\n\t<meta property=\"og:image:height\" content=\"667\" \/>\n\t<meta property=\"og:image:type\" content=\"image\/jpeg\" \/>\n<meta name=\"author\" content=\"Alejandro Gabriel Rosito\" \/>\n<meta name=\"twitter:card\" content=\"summary_large_image\" \/>\n<meta name=\"twitter:label1\" content=\"Escrito por\" \/>\n\t<meta name=\"twitter:data1\" content=\"Alejandro Gabriel Rosito\" \/>\n\t<meta name=\"twitter:label2\" content=\"Tiempo de lectura\" \/>\n\t<meta name=\"twitter:data2\" content=\"3 minutos\" \/>\n<script type=\"application\/ld+json\" class=\"yoast-schema-graph\">{\"@context\":\"https:\\\/\\\/schema.org\",\"@graph\":[{\"@type\":\"Article\",\"@id\":\"https:\\\/\\\/autofans.com.ar\\\/index.php\\\/2023\\\/04\\\/10\\\/citroen-c3-gana-el-premio-al-best-urban-car-en-los-world-car-awards-2023\\\/#article\",\"isPartOf\":{\"@id\":\"https:\\\/\\\/autofans.com.ar\\\/index.php\\\/2023\\\/04\\\/10\\\/citroen-c3-gana-el-premio-al-best-urban-car-en-los-world-car-awards-2023\\\/\"},\"author\":{\"name\":\"Alejandro Gabriel Rosito\",\"@id\":\"https:\\\/\\\/autofans.com.ar\\\/#\\\/schema\\\/person\\\/4a8dda0b6df83ac3d6723e921274c2aa\"},\"headline\":\"Citro\u00ebn C3 gana el premio al \u201cBest Urban Car\u201d en los World Car Awards 2023\",\"datePublished\":\"2023-04-10T14:44:02+00:00\",\"mainEntityOfPage\":{\"@id\":\"https:\\\/\\\/autofans.com.ar\\\/index.php\\\/2023\\\/04\\\/10\\\/citroen-c3-gana-el-premio-al-best-urban-car-en-los-world-car-awards-2023\\\/\"},\"wordCount\":443,\"image\":{\"@id\":\"https:\\\/\\\/autofans.com.ar\\\/index.php\\\/2023\\\/04\\\/10\\\/citroen-c3-gana-el-premio-al-best-urban-car-en-los-world-car-awards-2023\\\/#primaryimage\"},\"thumbnailUrl\":\"https:\\\/\\\/autofans.com.ar\\\/wp-content\\\/uploads\\\/2023\\\/04\\\/foto-1-10-jpg.webp\",\"keywords\":[\"C3\",\"Citroen\",\"crecimiento\",\"estrategia\",\"\u00e9xito\",\"mercados internacionales\",\"New York Auto Show\",\"premio\",\"SUV hatch\",\"urban car\",\"World Car Awards\"],\"articleSection\":[\"AUTOS y SUV\",\"NOTICIAS\"],\"inLanguage\":\"es\"},{\"@type\":\"WebPage\",\"@id\":\"https:\\\/\\\/autofans.com.ar\\\/index.php\\\/2023\\\/04\\\/10\\\/citroen-c3-gana-el-premio-al-best-urban-car-en-los-world-car-awards-2023\\\/\",\"url\":\"https:\\\/\\\/autofans.com.ar\\\/index.php\\\/2023\\\/04\\\/10\\\/citroen-c3-gana-el-premio-al-best-urban-car-en-los-world-car-awards-2023\\\/\",\"name\":\"Citro\u00ebn C3 gana el premio al \u201cBest Urban Car\u201d en los World Car Awards 2023 -\",\"isPartOf\":{\"@id\":\"https:\\\/\\\/autofans.com.ar\\\/#website\"},\"primaryImageOfPage\":{\"@id\":\"https:\\\/\\\/autofans.com.ar\\\/index.php\\\/2023\\\/04\\\/10\\\/citroen-c3-gana-el-premio-al-best-urban-car-en-los-world-car-awards-2023\\\/#primaryimage\"},\"image\":{\"@id\":\"https:\\\/\\\/autofans.com.ar\\\/index.php\\\/2023\\\/04\\\/10\\\/citroen-c3-gana-el-premio-al-best-urban-car-en-los-world-car-awards-2023\\\/#primaryimage\"},\"thumbnailUrl\":\"https:\\\/\\\/autofans.com.ar\\\/wp-content\\\/uploads\\\/2023\\\/04\\\/foto-1-10-jpg.webp\",\"datePublished\":\"2023-04-10T14:44:02+00:00\",\"author\":{\"@id\":\"https:\\\/\\\/autofans.com.ar\\\/#\\\/schema\\\/person\\\/4a8dda0b6df83ac3d6723e921274c2aa\"},\"description\":\"El Citro\u00ebn C3, un hatch con actitud SUV, se alz\u00f3 con el t\u00edtulo de \\\"2023 World Urban Car\\\" en la 19\u00aa edici\u00f3n de los World Car Awards...\",\"breadcrumb\":{\"@id\":\"https:\\\/\\\/autofans.com.ar\\\/index.php\\\/2023\\\/04\\\/10\\\/citroen-c3-gana-el-premio-al-best-urban-car-en-los-world-car-awards-2023\\\/#breadcrumb\"},\"inLanguage\":\"es\",\"potentialAction\":[{\"@type\":\"ReadAction\",\"target\":[\"https:\\\/\\\/autofans.com.ar\\\/index.php\\\/2023\\\/04\\\/10\\\/citroen-c3-gana-el-premio-al-best-urban-car-en-los-world-car-awards-2023\\\/\"]}]},{\"@type\":\"ImageObject\",\"inLanguage\":\"es\",\"@id\":\"https:\\\/\\\/autofans.com.ar\\\/index.php\\\/2023\\\/04\\\/10\\\/citroen-c3-gana-el-premio-al-best-urban-car-en-los-world-car-awards-2023\\\/#primaryimage\",\"url\":\"https:\\\/\\\/autofans.com.ar\\\/wp-content\\\/uploads\\\/2023\\\/04\\\/foto-1-10-jpg.webp\",\"contentUrl\":\"https:\\\/\\\/autofans.com.ar\\\/wp-content\\\/uploads\\\/2023\\\/04\\\/foto-1-10-jpg.webp\",\"width\":1000,\"height\":667,\"caption\":\"c3\"},{\"@type\":\"BreadcrumbList\",\"@id\":\"https:\\\/\\\/autofans.com.ar\\\/index.php\\\/2023\\\/04\\\/10\\\/citroen-c3-gana-el-premio-al-best-urban-car-en-los-world-car-awards-2023\\\/#breadcrumb\",\"itemListElement\":[{\"@type\":\"ListItem\",\"position\":1,\"name\":\"Inicio\",\"item\":\"https:\\\/\\\/autofans.com.ar\\\/\"},{\"@type\":\"ListItem\",\"position\":2,\"name\":\"Citro\u00ebn C3 gana el premio al \u201cBest Urban Car\u201d en los World Car Awards 2023\"}]},{\"@type\":\"WebSite\",\"@id\":\"https:\\\/\\\/autofans.com.ar\\\/#website\",\"url\":\"https:\\\/\\\/autofans.com.ar\\\/\",\"name\":\"\",\"description\":\"El multimedio referente de la industria automotriz\",\"potentialAction\":[{\"@type\":\"SearchAction\",\"target\":{\"@type\":\"EntryPoint\",\"urlTemplate\":\"https:\\\/\\\/autofans.com.ar\\\/?s={search_term_string}\"},\"query-input\":{\"@type\":\"PropertyValueSpecification\",\"valueRequired\":true,\"valueName\":\"search_term_string\"}}],\"inLanguage\":\"es\"},{\"@type\":\"Person\",\"@id\":\"https:\\\/\\\/autofans.com.ar\\\/#\\\/schema\\\/person\\\/4a8dda0b6df83ac3d6723e921274c2aa\",\"name\":\"Alejandro Gabriel Rosito\",\"image\":{\"@type\":\"ImageObject\",\"inLanguage\":\"es\",\"@id\":\"https:\\\/\\\/secure.gravatar.com\\\/avatar\\\/16c5dda1489adfc62618084dcbb91cffd879c374b13fe5dd8e44ed6733852c88?s=96&d=mm&r=g\",\"url\":\"https:\\\/\\\/secure.gravatar.com\\\/avatar\\\/16c5dda1489adfc62618084dcbb91cffd879c374b13fe5dd8e44ed6733852c88?s=96&d=mm&r=g\",\"contentUrl\":\"https:\\\/\\\/secure.gravatar.com\\\/avatar\\\/16c5dda1489adfc62618084dcbb91cffd879c374b13fe5dd8e44ed6733852c88?s=96&d=mm&r=g\",\"caption\":\"Alejandro Gabriel Rosito\"},\"url\":\"https:\\\/\\\/autofans.com.ar\\\/index.php\\\/author\\\/gabrielr\\\/\"}]}<\/script>\n<!-- \/ Yoast SEO plugin. -->","yoast_head_json":{"title":"Citro\u00ebn C3 gana el premio al \u201cBest Urban Car\u201d en los World Car Awards 2023 -","description":"El Citro\u00ebn C3, un hatch con actitud SUV, se alz\u00f3 con el t\u00edtulo de \"2023 World Urban Car\" en la 19\u00aa edici\u00f3n de los World Car Awards...","robots":{"index":"index","follow":"follow","max-snippet":"max-snippet:-1","max-image-preview":"max-image-preview:large","max-video-preview":"max-video-preview:-1"},"canonical":"https:\/\/autofans.com.ar\/index.php\/2023\/04\/10\/citroen-c3-gana-el-premio-al-best-urban-car-en-los-world-car-awards-2023\/","og_locale":"es_ES","og_type":"article","og_title":"Citro\u00ebn C3 gana el premio al \u201cBest Urban Car\u201d en los World Car Awards 2023 -","og_description":"El Citro\u00ebn C3, un hatch con actitud SUV, se alz\u00f3 con el t\u00edtulo de \"2023 World Urban Car\" en la 19\u00aa edici\u00f3n de los World Car Awards...","og_url":"https:\/\/autofans.com.ar\/index.php\/2023\/04\/10\/citroen-c3-gana-el-premio-al-best-urban-car-en-los-world-car-awards-2023\/","article_published_time":"2023-04-10T14:44:02+00:00","og_image":[{"width":1000,"height":667,"url":"https:\/\/autofans.com.ar\/wp-content\/uploads\/2023\/04\/foto-1-10-jpg.webp","type":"image\/jpeg"}],"author":"Alejandro Gabriel Rosito","twitter_card":"summary_large_image","twitter_misc":{"Escrito por":"Alejandro Gabriel Rosito","Tiempo de lectura":"3 minutos"},"schema":{"@context":"https:\/\/schema.org","@graph":[{"@type":"Article","@id":"https:\/\/autofans.com.ar\/index.php\/2023\/04\/10\/citroen-c3-gana-el-premio-al-best-urban-car-en-los-world-car-awards-2023\/#article","isPartOf":{"@id":"https:\/\/autofans.com.ar\/index.php\/2023\/04\/10\/citroen-c3-gana-el-premio-al-best-urban-car-en-los-world-car-awards-2023\/"},"author":{"name":"Alejandro Gabriel Rosito","@id":"https:\/\/autofans.com.ar\/#\/schema\/person\/4a8dda0b6df83ac3d6723e921274c2aa"},"headline":"Citro\u00ebn C3 gana el premio al \u201cBest Urban Car\u201d en los World Car Awards 2023","datePublished":"2023-04-10T14:44:02+00:00","mainEntityOfPage":{"@id":"https:\/\/autofans.com.ar\/index.php\/2023\/04\/10\/citroen-c3-gana-el-premio-al-best-urban-car-en-los-world-car-awards-2023\/"},"wordCount":443,"image":{"@id":"https:\/\/autofans.com.ar\/index.php\/2023\/04\/10\/citroen-c3-gana-el-premio-al-best-urban-car-en-los-world-car-awards-2023\/#primaryimage"},"thumbnailUrl":"https:\/\/autofans.com.ar\/wp-content\/uploads\/2023\/04\/foto-1-10-jpg.webp","keywords":["C3","Citroen","crecimiento","estrategia","\u00e9xito","mercados internacionales","New York Auto Show","premio","SUV hatch","urban car","World Car Awards"],"articleSection":["AUTOS y SUV","NOTICIAS"],"inLanguage":"es"},{"@type":"WebPage","@id":"https:\/\/autofans.com.ar\/index.php\/2023\/04\/10\/citroen-c3-gana-el-premio-al-best-urban-car-en-los-world-car-awards-2023\/","url":"https:\/\/autofans.com.ar\/index.php\/2023\/04\/10\/citroen-c3-gana-el-premio-al-best-urban-car-en-los-world-car-awards-2023\/","name":"Citro\u00ebn C3 gana el premio al \u201cBest Urban Car\u201d en los World Car Awards 2023 -","isPartOf":{"@id":"https:\/\/autofans.com.ar\/#website"},"primaryImageOfPage":{"@id":"https:\/\/autofans.com.ar\/index.php\/2023\/04\/10\/citroen-c3-gana-el-premio-al-best-urban-car-en-los-world-car-awards-2023\/#primaryimage"},"image":{"@id":"https:\/\/autofans.com.ar\/index.php\/2023\/04\/10\/citroen-c3-gana-el-premio-al-best-urban-car-en-los-world-car-awards-2023\/#primaryimage"},"thumbnailUrl":"https:\/\/autofans.com.ar\/wp-content\/uploads\/2023\/04\/foto-1-10-jpg.webp","datePublished":"2023-04-10T14:44:02+00:00","author":{"@id":"https:\/\/autofans.com.ar\/#\/schema\/person\/4a8dda0b6df83ac3d6723e921274c2aa"},"description":"El Citro\u00ebn C3, un hatch con actitud SUV, se alz\u00f3 con el t\u00edtulo de \"2023 World Urban Car\" en la 19\u00aa edici\u00f3n de los World Car Awards...","breadcrumb":{"@id":"https:\/\/autofans.com.ar\/index.php\/2023\/04\/10\/citroen-c3-gana-el-premio-al-best-urban-car-en-los-world-car-awards-2023\/#breadcrumb"},"inLanguage":"es","potentialAction":[{"@type":"ReadAction","target":["https:\/\/autofans.com.ar\/index.php\/2023\/04\/10\/citroen-c3-gana-el-premio-al-best-urban-car-en-los-world-car-awards-2023\/"]}]},{"@type":"ImageObject","inLanguage":"es","@id":"https:\/\/autofans.com.ar\/index.php\/2023\/04\/10\/citroen-c3-gana-el-premio-al-best-urban-car-en-los-world-car-awards-2023\/#primaryimage","url":"https:\/\/autofans.com.ar\/wp-content\/uploads\/2023\/04\/foto-1-10-jpg.webp","contentUrl":"https:\/\/autofans.com.ar\/wp-content\/uploads\/2023\/04\/foto-1-10-jpg.webp","width":1000,"height":667,"caption":"c3"},{"@type":"BreadcrumbList","@id":"https:\/\/autofans.com.ar\/index.php\/2023\/04\/10\/citroen-c3-gana-el-premio-al-best-urban-car-en-los-world-car-awards-2023\/#breadcrumb","itemListElement":[{"@type":"ListItem","position":1,"name":"Inicio","item":"https:\/\/autofans.com.ar\/"},{"@type":"ListItem","position":2,"name":"Citro\u00ebn C3 gana el premio al \u201cBest Urban Car\u201d en los World Car Awards 2023"}]},{"@type":"WebSite","@id":"https:\/\/autofans.com.ar\/#website","url":"https:\/\/autofans.com.ar\/","name":"","description":"El multimedio referente de la industria automotriz","potentialAction":[{"@type":"SearchAction","target":{"@type":"EntryPoint","urlTemplate":"https:\/\/autofans.com.ar\/?s={search_term_string}"},"query-input":{"@type":"PropertyValueSpecification","valueRequired":true,"valueName":"search_term_string"}}],"inLanguage":"es"},{"@type":"Person","@id":"https:\/\/autofans.com.ar\/#\/schema\/person\/4a8dda0b6df83ac3d6723e921274c2aa","name":"Alejandro Gabriel Rosito","image":{"@type":"ImageObject","inLanguage":"es","@id":"https:\/\/secure.gravatar.com\/avatar\/16c5dda1489adfc62618084dcbb91cffd879c374b13fe5dd8e44ed6733852c88?s=96&d=mm&r=g","url":"https:\/\/secure.gravatar.com\/avatar\/16c5dda1489adfc62618084dcbb91cffd879c374b13fe5dd8e44ed6733852c88?s=96&d=mm&r=g","contentUrl":"https:\/\/secure.gravatar.com\/avatar\/16c5dda1489adfc62618084dcbb91cffd879c374b13fe5dd8e44ed6733852c88?s=96&d=mm&r=g","caption":"Alejandro Gabriel Rosito"},"url":"https:\/\/autofans.com.ar\/index.php\/author\/gabrielr\/"}]}},"featured_image_urls":{"full":["https:\/\/autofans.com.ar\/wp-content\/uploads\/2023\/04\/foto-1-10-jpg.webp",1000,667,false],"thumbnail":["https:\/\/autofans.com.ar\/wp-content\/uploads\/2023\/04\/foto-1-10-150x150.webp",150,150,true],"medium":["https:\/\/autofans.com.ar\/wp-content\/uploads\/2023\/04\/foto-1-10-300x200.webp",300,200,true],"medium_large":["https:\/\/autofans.com.ar\/wp-content\/uploads\/2023\/04\/foto-1-10-768x512.webp",640,427,true],"large":["https:\/\/autofans.com.ar\/wp-content\/uploads\/2023\/04\/foto-1-10-jpg.webp",640,427,false],"1536x1536":["https:\/\/autofans.com.ar\/wp-content\/uploads\/2023\/04\/foto-1-10-jpg.webp",1000,667,false],"2048x2048":["https:\/\/autofans.com.ar\/wp-content\/uploads\/2023\/04\/foto-1-10-jpg.webp",1000,667,false],"covernews-featured":["https:\/\/autofans.com.ar\/wp-content\/uploads\/2023\/04\/foto-1-10-jpg.webp",1000,667,false],"covernews-medium":["https:\/\/autofans.com.ar\/wp-content\/uploads\/2023\/04\/foto-1-10-540x340.webp",540,340,true]},"author_info":{"display_name":"Alejandro Gabriel Rosito","author_link":"https:\/\/autofans.com.ar\/index.php\/author\/gabrielr\/"},"category_info":"<a href=\"https:\/\/autofans.com.ar\/index.php\/category\/noticias\/autos\/\" rel=\"category tag\">AUTOS y SUV<\/a> <a href=\"https:\/\/autofans.com.ar\/index.php\/category\/noticias\/\" rel=\"category tag\">NOTICIAS<\/a>","tag_info":"NOTICIAS","comment_count":0,"_links":{"self":[{"href":"https:\/\/autofans.com.ar\/index.php\/wp-json\/wp\/v2\/posts\/1382","targetHints":{"allow":["GET"]}}],"collection":[{"href":"https:\/\/autofans.com.ar\/index.php\/wp-json\/wp\/v2\/posts"}],"about":[{"href":"https:\/\/autofans.com.ar\/index.php\/wp-json\/wp\/v2\/types\/post"}],"author":[{"embeddable":true,"href":"https:\/\/autofans.com.ar\/index.php\/wp-json\/wp\/v2\/users\/2"}],"replies":[{"embeddable":true,"href":"https:\/\/autofans.com.ar\/index.php\/wp-json\/wp\/v2\/comments?post=1382"}],"version-history":[{"count":7,"href":"https:\/\/autofans.com.ar\/index.php\/wp-json\/wp\/v2\/posts\/1382\/revisions"}],"predecessor-version":[{"id":1422,"href":"https:\/\/autofans.com.ar\/index.php\/wp-json\/wp\/v2\/posts\/1382\/revisions\/1422"}],"wp:featuredmedia":[{"embeddable":true,"href":"https:\/\/autofans.com.ar\/index.php\/wp-json\/wp\/v2\/media\/1386"}],"wp:attachment":[{"href":"https:\/\/autofans.com.ar\/index.php\/wp-json\/wp\/v2\/media?parent=1382"}],"wp:term":[{"taxonomy":"category","embeddable":true,"href":"https:\/\/autofans.com.ar\/index.php\/wp-json\/wp\/v2\/categories?post=1382"},{"taxonomy":"post_tag","embeddable":true,"href":"https:\/\/autofans.com.ar\/index.php\/wp-json\/wp\/v2\/tags?post=1382"}],"curies":[{"name":"wp","href":"https:\/\/api.w.org\/{rel}","templated":true}]}}