{"id":13861,"date":"2025-08-26T17:16:12","date_gmt":"2025-08-26T20:16:12","guid":{"rendered":"https:\/\/autofans.com.ar\/?p=13861"},"modified":"2025-08-26T17:16:12","modified_gmt":"2025-08-26T20:16:12","slug":"prestige-auto-se-suma-al-turismo-carretera","status":"publish","type":"post","link":"https:\/\/autofans.com.ar\/index.php\/2025\/08\/26\/prestige-auto-se-suma-al-turismo-carretera\/","title":{"rendered":"Prestige Auto se suma al Turismo Carretera"},"content":{"rendered":"<p class=\"ds-markdown-paragraph\">Prestige Auto, la compa\u00f1\u00eda que representa a Mercedes-Benz en Argentina, confirm\u00f3 su ingreso al Turismo Carretera a partir de la temporada 2026. La presentaci\u00f3n oficial se realiz\u00f3 en el Aut\u00f3dromo Oscar y Juan G\u00e1lvez, durante la d\u00e9cima fecha del campeonato.<\/p>\n<p>&nbsp;<\/p>\n<h2 class=\"ds-markdown-paragraph\">Prestige Auto el regreso de la estrella al TC<\/h2>\n<p>&nbsp;<\/p>\n<figure id=\"attachment_13865\" aria-describedby=\"caption-attachment-13865\" style=\"width: 1000px\" class=\"wp-caption aligncenter\"><img fetchpriority=\"high\" decoding=\"async\" class=\"wp-image-13865 size-full\" src=\"https:\/\/autofans.com.ar\/wp-content\/uploads\/2025\/08\/turismo-3.jpg\" alt=\"Prestige Auto\" width=\"1000\" height=\"667\" srcset=\"https:\/\/autofans.com.ar\/wp-content\/uploads\/2025\/08\/turismo-3.jpg 1000w, https:\/\/autofans.com.ar\/wp-content\/uploads\/2025\/08\/turismo-3-300x200.jpg 300w, https:\/\/autofans.com.ar\/wp-content\/uploads\/2025\/08\/turismo-3-768x512.jpg 768w\" sizes=\"(max-width: 1000px) 100vw, 1000px\" \/><figcaption id=\"caption-attachment-13865\" class=\"wp-caption-text\">Diego Azar, Daniel Herero, Horacio Soljan (director del equiop Maquin Parts Racing) y Otto Fritzler.<\/figcaption><\/figure>\n<p>&nbsp;<\/p>\n<p class=\"ds-markdown-paragraph\">La \u00faltima vez que un Mercedes-Benz compiti\u00f3 en el Turismo Carretera fue en 1937, en la temporada inaugural, cuando Luis Brosutti result\u00f3 subcampe\u00f3n. Casi nueve d\u00e9cadas despu\u00e9s, la marca alemana retorna a la categor\u00eda m\u00e1s popular del automovilismo argentino de la mano de su nuevo representante oficial.<\/p>\n<p>&nbsp;<\/p>\n<blockquote>\n<p style=\"text-align: center;\">Daniel Herrero, CEO de Prestige Auto, afirm\u00f3: \u201cEste regreso al Turismo Carretera es un hecho hist\u00f3rico que combina lo mejor de nuestra tradici\u00f3n con la pasi\u00f3n que despierta esta categor\u00eda en los argentinos. Para Prestige Auto es un orgullo ser parte de este desaf\u00edo junto a Maquin Parts Racing, Diego Azar y Otto Fritzler. Estamos convencidos de que este proyecto marcar\u00e1 un nuevo cap\u00edtulo en la historia del automovilismo nacional\u201d.<\/p>\n<\/blockquote>\n<p>&nbsp;<\/p>\n<h2 class=\"ds-markdown-paragraph\">La herencia de Fangio en la nueva era<\/h2>\n<p class=\"ds-markdown-paragraph\">Este movimiento tiene un fuerte simbolismo. Juan Manuel Fangio, m\u00e1ximo \u00eddolo del automovilismo nacional, comenz\u00f3 su carrera en el TC y luego gan\u00f3 dos de sus cinco t\u00edtulos mundiales de F\u00f3rmula 1 con Mercedes-Benz. Fangio tambi\u00e9n fue presidente de la filial argentina de la marca durante veinte a\u00f1os. Prestige Auto busca emular ese esp\u00edritu competitivo.<\/p>\n<p>&nbsp;<\/p>\n<p><img decoding=\"async\" class=\"aligncenter wp-image-13867 size-full\" src=\"https:\/\/autofans.com.ar\/wp-content\/uploads\/2025\/08\/turismo-1.jpg\" alt=\"Prestige Auto\" width=\"1000\" height=\"667\" srcset=\"https:\/\/autofans.com.ar\/wp-content\/uploads\/2025\/08\/turismo-1.jpg 1000w, https:\/\/autofans.com.ar\/wp-content\/uploads\/2025\/08\/turismo-1-300x200.jpg 300w, https:\/\/autofans.com.ar\/wp-content\/uploads\/2025\/08\/turismo-1-768x512.jpg 768w\" sizes=\"(max-width: 1000px) 100vw, 1000px\" \/><\/p>\n<p class=\"ds-markdown-paragraph\">La operaci\u00f3n se realizar\u00e1 con el soporte de Maquin Parts Racing, una estructura con base en Venado Tuerto, Santa Fe. El equipo, fundado en 2003, es reconocido en el ambiente por su solidez t\u00e9cnica, infraestructura moderna y por impulsar talento joven. Ser\u00e1n los responsables de gestionar y preparar el veh\u00edculo para competir.<\/p>\n<p>&nbsp;<\/p>\n<blockquote>\n<p style=\"text-align: center;\">En palabras de su sobrino, Juan Manuel Fangio II (\u201cJuan Manuelito\u201d): \u201cCorrer en circuitos legendarios me ense\u00f1\u00f3 que lo m\u00e1s importante son los valores: disciplina, humildad y trabajo en equipo. A Otto y Diego les dir\u00eda que disfruten esta oportunidad y que representen al Prestige Auto Racing Team con la pasi\u00f3n que siempre caracteriz\u00f3 a Fangio\u201d.<\/p>\n<\/blockquote>\n<p>&nbsp;<\/p>\n<h2 class=\"ds-markdown-paragraph\">Los pilotos del proyecto Mercedes-Benz<\/h2>\n<p>&nbsp;<\/p>\n<figure id=\"attachment_13862\" aria-describedby=\"caption-attachment-13862\" style=\"width: 1000px\" class=\"wp-caption aligncenter\"><img decoding=\"async\" class=\"wp-image-13862 size-full\" src=\"https:\/\/autofans.com.ar\/wp-content\/uploads\/2025\/08\/turismo-6.jpg\" alt=\"Prestige Auto\" width=\"1000\" height=\"667\" srcset=\"https:\/\/autofans.com.ar\/wp-content\/uploads\/2025\/08\/turismo-6.jpg 1000w, https:\/\/autofans.com.ar\/wp-content\/uploads\/2025\/08\/turismo-6-300x200.jpg 300w, https:\/\/autofans.com.ar\/wp-content\/uploads\/2025\/08\/turismo-6-768x512.jpg 768w\" sizes=\"(max-width: 1000px) 100vw, 1000px\" \/><figcaption id=\"caption-attachment-13862\" class=\"wp-caption-text\">Iv\u00e1n De Pineda, Daniel Herrero (CEO de Prestige Auto) junto a los pilotos Diego Azar y Otto Fritzler, durante la presentaci\u00f3n del equipo Prestige Auto Racing Team en el Aut\u00f3dromo Oscar y Juan G\u00e1lvez de la Ciudad de Buenos Aires, en el marco de la d\u00e9cima fecha del TC.<\/figcaption><\/figure>\n<p>&nbsp;<\/p>\n<p class=\"ds-markdown-paragraph\">El Prestige Auto Racing Team contar\u00e1 con dos pilotos:<\/p>\n<ul>\n<li>\n<p class=\"ds-markdown-paragraph\">Otto Fritzler (22 a\u00f1os): Campe\u00f3n de TC Pista, ya tiene 39 carreras en TC, con 2 victorias y 2 pole positions.<\/p>\n<\/li>\n<li>\n<p class=\"ds-markdown-paragraph\">Diego Azar (30 a\u00f1os): Bicampe\u00f3n de Top Race (2021 y 2022), se suma al TC con toda su experiencia.<\/p>\n<\/li>\n<\/ul>\n<p>&nbsp;<\/p>\n<h2 class=\"ds-markdown-paragraph\">El auto, un Mercedes-AMG CLE 53 para el TC<\/h2>\n<p>&nbsp;<\/p>\n<figure id=\"attachment_13866\" aria-describedby=\"caption-attachment-13866\" style=\"width: 1000px\" class=\"wp-caption aligncenter\"><img loading=\"lazy\" decoding=\"async\" class=\"wp-image-13866 size-full\" src=\"https:\/\/autofans.com.ar\/wp-content\/uploads\/2025\/08\/turismo-2.jpg\" alt=\"Prestige Auto\" width=\"1000\" height=\"667\" srcset=\"https:\/\/autofans.com.ar\/wp-content\/uploads\/2025\/08\/turismo-2.jpg 1000w, https:\/\/autofans.com.ar\/wp-content\/uploads\/2025\/08\/turismo-2-300x200.jpg 300w, https:\/\/autofans.com.ar\/wp-content\/uploads\/2025\/08\/turismo-2-768x512.jpg 768w\" sizes=\"(max-width: 1000px) 100vw, 1000px\" \/><figcaption id=\"caption-attachment-13866\" class=\"wp-caption-text\">Juan Manuel Fangio II junto al Mercedes-AMG CLE 53 del Prestige Auto Racing Team.<\/figcaption><\/figure>\n<p>&nbsp;<\/p>\n<p class=\"ds-markdown-paragraph\">El modelo elegido para competir es el Mercedes-AMG CLE 53. El veh\u00edculo ser\u00e1 adaptado bajo la normativa t\u00e9cnica de la categor\u00eda, marcando una configuraci\u00f3n in\u00e9dita que fusiona el ADN deportivo de la marca con la tradici\u00f3n del TC.<\/p>\n<p class=\"ds-markdown-paragraph\">Prestige Auto lidera la comercializaci\u00f3n de Mercedes-Benz en Argentina desde 2025. Opera desde el Centro Industrial Juan Manuel Fangio, en Virrey del Pino, donde produce la Sprinter para el mercado local y para la exportaci\u00f3n. Su estrategia integra la innovaci\u00f3n, la electrificaci\u00f3n y un firme apoyo a la industria nacional, un compromiso que ahora se extiende al plano deportivo.<\/p>\n<p>&nbsp;<\/p>\n<p>&nbsp;<\/p>\n<p>&nbsp;<\/p>\n<p><i>Para enterarte de m\u00e1s novedades, no dejes de leer\u00a0<\/i><a href=\"https:\/\/autofans.thebrandsoup.com\/\"><i>nuestras notas<\/i><\/a><i>, de ver\u00a0<\/i><a href=\"https:\/\/www.youtube.com\/channel\/UCgAC8UGHZYbT6P7PpmVnP7g\"><i>AUTOFANS TV<\/i><\/a><i>\u00a0en nuestro\u00a0canal de Youtube. Adem\u00e1s seguinos en\u00a0<\/i><a href=\"https:\/\/www.instagram.com\/autofanstv\/\"><i>INSTAGRAM<\/i><\/a><i> y <\/i><a href=\"https:\/\/www.facebook.com\/autofansmas\/\"><i>FACEBOOK<\/i><\/a><i> para no perderte nada sobre las novedades del segmento automotor de Argentina y el mundo.<\/i><\/p>\n","protected":false},"excerpt":{"rendered":"<p>Prestige Auto, la compa\u00f1\u00eda que representa a Mercedes-Benz en Argentina, confirm\u00f3 su ingreso al Turismo&#8230;<\/p>\n","protected":false},"author":2,"featured_media":13863,"comment_status":"closed","ping_status":"closed","sticky":false,"template":"","format":"standard","meta":{"footnotes":""},"categories":[127,16],"tags":[1334,7256,7257,1336,7254,7253,7255,6132,767],"class_list":["post-13861","post","type-post","status-publish","format-standard","has-post-thumbnail","hentry","category-deporte","category-noticias","tag-automovilismo-argentino","tag-diego-azar","tag-fangio","tag-maquin-parts-racing","tag-mercedes-amg-cle-53","tag-mercedes-benz-tc","tag-otto-fritzler","tag-prestige-auto","tag-turismo-carretera"],"yoast_head":"<!-- This site is optimized with the Yoast SEO plugin v27.5 - https:\/\/yoast.com\/product\/yoast-seo-wordpress\/ -->\n<title>Prestige Auto se suma al Turismo Carretera -<\/title>\n<meta name=\"description\" content=\"Prestige Auto, la compa\u00f1\u00eda que representa a Mercedes-Benz en Argentina confirm\u00f3 su ingreso al Turismo Carretera a partir de la temporada 2026\" \/>\n<meta name=\"robots\" content=\"index, follow, max-snippet:-1, max-image-preview:large, max-video-preview:-1\" \/>\n<link rel=\"canonical\" href=\"https:\/\/autofans.com.ar\/index.php\/2025\/08\/26\/prestige-auto-se-suma-al-turismo-carretera\/\" \/>\n<meta property=\"og:locale\" content=\"es_ES\" \/>\n<meta property=\"og:type\" content=\"article\" \/>\n<meta property=\"og:title\" content=\"Prestige Auto se suma al Turismo Carretera -\" \/>\n<meta property=\"og:description\" content=\"Prestige Auto, la compa\u00f1\u00eda que representa a Mercedes-Benz en Argentina confirm\u00f3 su ingreso al Turismo Carretera a partir de la temporada 2026\" \/>\n<meta property=\"og:url\" content=\"https:\/\/autofans.com.ar\/index.php\/2025\/08\/26\/prestige-auto-se-suma-al-turismo-carretera\/\" \/>\n<meta property=\"article:published_time\" content=\"2025-08-26T20:16:12+00:00\" \/>\n<meta property=\"og:image\" content=\"https:\/\/autofans.com.ar\/wp-content\/uploads\/2025\/08\/turismo-5.jpg\" \/>\n\t<meta property=\"og:image:width\" content=\"1000\" \/>\n\t<meta property=\"og:image:height\" content=\"667\" \/>\n\t<meta property=\"og:image:type\" content=\"image\/jpeg\" \/>\n<meta name=\"author\" content=\"Alejandro Gabriel Rosito\" \/>\n<meta name=\"twitter:card\" content=\"summary_large_image\" \/>\n<meta name=\"twitter:label1\" content=\"Escrito por\" \/>\n\t<meta name=\"twitter:data1\" content=\"Alejandro Gabriel Rosito\" \/>\n\t<meta name=\"twitter:label2\" content=\"Tiempo de lectura\" \/>\n\t<meta name=\"twitter:data2\" content=\"4 minutos\" \/>\n<script type=\"application\/ld+json\" class=\"yoast-schema-graph\">{\"@context\":\"https:\\\/\\\/schema.org\",\"@graph\":[{\"@type\":\"Article\",\"@id\":\"https:\\\/\\\/autofans.com.ar\\\/index.php\\\/2025\\\/08\\\/26\\\/prestige-auto-se-suma-al-turismo-carretera\\\/#article\",\"isPartOf\":{\"@id\":\"https:\\\/\\\/autofans.com.ar\\\/index.php\\\/2025\\\/08\\\/26\\\/prestige-auto-se-suma-al-turismo-carretera\\\/\"},\"author\":{\"name\":\"Alejandro Gabriel Rosito\",\"@id\":\"https:\\\/\\\/autofans.com.ar\\\/#\\\/schema\\\/person\\\/4a8dda0b6df83ac3d6723e921274c2aa\"},\"headline\":\"Prestige Auto se suma al Turismo Carretera\",\"datePublished\":\"2025-08-26T20:16:12+00:00\",\"mainEntityOfPage\":{\"@id\":\"https:\\\/\\\/autofans.com.ar\\\/index.php\\\/2025\\\/08\\\/26\\\/prestige-auto-se-suma-al-turismo-carretera\\\/\"},\"wordCount\":695,\"image\":{\"@id\":\"https:\\\/\\\/autofans.com.ar\\\/index.php\\\/2025\\\/08\\\/26\\\/prestige-auto-se-suma-al-turismo-carretera\\\/#primaryimage\"},\"thumbnailUrl\":\"https:\\\/\\\/autofans.com.ar\\\/wp-content\\\/uploads\\\/2025\\\/08\\\/turismo-5.jpg\",\"keywords\":[\"Automovilismo argentino\",\"Diego Azar\",\"Fangio.\",\"Maquin Parts Racing\",\"Mercedes-AMG CLE 53\",\"Mercedes-Benz TC\",\"Otto Fritzler\",\"Prestige Auto\",\"turismo Carretera\"],\"articleSection\":[\"DEPORTE MOTOR\",\"NOTICIAS\"],\"inLanguage\":\"es\"},{\"@type\":\"WebPage\",\"@id\":\"https:\\\/\\\/autofans.com.ar\\\/index.php\\\/2025\\\/08\\\/26\\\/prestige-auto-se-suma-al-turismo-carretera\\\/\",\"url\":\"https:\\\/\\\/autofans.com.ar\\\/index.php\\\/2025\\\/08\\\/26\\\/prestige-auto-se-suma-al-turismo-carretera\\\/\",\"name\":\"Prestige Auto se suma al Turismo Carretera -\",\"isPartOf\":{\"@id\":\"https:\\\/\\\/autofans.com.ar\\\/#website\"},\"primaryImageOfPage\":{\"@id\":\"https:\\\/\\\/autofans.com.ar\\\/index.php\\\/2025\\\/08\\\/26\\\/prestige-auto-se-suma-al-turismo-carretera\\\/#primaryimage\"},\"image\":{\"@id\":\"https:\\\/\\\/autofans.com.ar\\\/index.php\\\/2025\\\/08\\\/26\\\/prestige-auto-se-suma-al-turismo-carretera\\\/#primaryimage\"},\"thumbnailUrl\":\"https:\\\/\\\/autofans.com.ar\\\/wp-content\\\/uploads\\\/2025\\\/08\\\/turismo-5.jpg\",\"datePublished\":\"2025-08-26T20:16:12+00:00\",\"author\":{\"@id\":\"https:\\\/\\\/autofans.com.ar\\\/#\\\/schema\\\/person\\\/4a8dda0b6df83ac3d6723e921274c2aa\"},\"description\":\"Prestige Auto, la compa\u00f1\u00eda que representa a Mercedes-Benz en Argentina confirm\u00f3 su ingreso al Turismo Carretera a partir de la temporada 2026\",\"breadcrumb\":{\"@id\":\"https:\\\/\\\/autofans.com.ar\\\/index.php\\\/2025\\\/08\\\/26\\\/prestige-auto-se-suma-al-turismo-carretera\\\/#breadcrumb\"},\"inLanguage\":\"es\",\"potentialAction\":[{\"@type\":\"ReadAction\",\"target\":[\"https:\\\/\\\/autofans.com.ar\\\/index.php\\\/2025\\\/08\\\/26\\\/prestige-auto-se-suma-al-turismo-carretera\\\/\"]}]},{\"@type\":\"ImageObject\",\"inLanguage\":\"es\",\"@id\":\"https:\\\/\\\/autofans.com.ar\\\/index.php\\\/2025\\\/08\\\/26\\\/prestige-auto-se-suma-al-turismo-carretera\\\/#primaryimage\",\"url\":\"https:\\\/\\\/autofans.com.ar\\\/wp-content\\\/uploads\\\/2025\\\/08\\\/turismo-5.jpg\",\"contentUrl\":\"https:\\\/\\\/autofans.com.ar\\\/wp-content\\\/uploads\\\/2025\\\/08\\\/turismo-5.jpg\",\"width\":1000,\"height\":667,\"caption\":\"Prestige Auto\"},{\"@type\":\"BreadcrumbList\",\"@id\":\"https:\\\/\\\/autofans.com.ar\\\/index.php\\\/2025\\\/08\\\/26\\\/prestige-auto-se-suma-al-turismo-carretera\\\/#breadcrumb\",\"itemListElement\":[{\"@type\":\"ListItem\",\"position\":1,\"name\":\"Inicio\",\"item\":\"https:\\\/\\\/autofans.com.ar\\\/\"},{\"@type\":\"ListItem\",\"position\":2,\"name\":\"Prestige Auto se suma al Turismo Carretera\"}]},{\"@type\":\"WebSite\",\"@id\":\"https:\\\/\\\/autofans.com.ar\\\/#website\",\"url\":\"https:\\\/\\\/autofans.com.ar\\\/\",\"name\":\"\",\"description\":\"El multimedio referente de la industria automotriz\",\"potentialAction\":[{\"@type\":\"SearchAction\",\"target\":{\"@type\":\"EntryPoint\",\"urlTemplate\":\"https:\\\/\\\/autofans.com.ar\\\/?s={search_term_string}\"},\"query-input\":{\"@type\":\"PropertyValueSpecification\",\"valueRequired\":true,\"valueName\":\"search_term_string\"}}],\"inLanguage\":\"es\"},{\"@type\":\"Person\",\"@id\":\"https:\\\/\\\/autofans.com.ar\\\/#\\\/schema\\\/person\\\/4a8dda0b6df83ac3d6723e921274c2aa\",\"name\":\"Alejandro Gabriel Rosito\",\"image\":{\"@type\":\"ImageObject\",\"inLanguage\":\"es\",\"@id\":\"https:\\\/\\\/secure.gravatar.com\\\/avatar\\\/16c5dda1489adfc62618084dcbb91cffd879c374b13fe5dd8e44ed6733852c88?s=96&d=mm&r=g\",\"url\":\"https:\\\/\\\/secure.gravatar.com\\\/avatar\\\/16c5dda1489adfc62618084dcbb91cffd879c374b13fe5dd8e44ed6733852c88?s=96&d=mm&r=g\",\"contentUrl\":\"https:\\\/\\\/secure.gravatar.com\\\/avatar\\\/16c5dda1489adfc62618084dcbb91cffd879c374b13fe5dd8e44ed6733852c88?s=96&d=mm&r=g\",\"caption\":\"Alejandro Gabriel Rosito\"},\"url\":\"https:\\\/\\\/autofans.com.ar\\\/index.php\\\/author\\\/gabrielr\\\/\"}]}<\/script>\n<!-- \/ Yoast SEO plugin. -->","yoast_head_json":{"title":"Prestige Auto se suma al Turismo Carretera -","description":"Prestige Auto, la compa\u00f1\u00eda que representa a Mercedes-Benz en Argentina confirm\u00f3 su ingreso al Turismo Carretera a partir de la temporada 2026","robots":{"index":"index","follow":"follow","max-snippet":"max-snippet:-1","max-image-preview":"max-image-preview:large","max-video-preview":"max-video-preview:-1"},"canonical":"https:\/\/autofans.com.ar\/index.php\/2025\/08\/26\/prestige-auto-se-suma-al-turismo-carretera\/","og_locale":"es_ES","og_type":"article","og_title":"Prestige Auto se suma al Turismo Carretera -","og_description":"Prestige Auto, la compa\u00f1\u00eda que representa a Mercedes-Benz en Argentina confirm\u00f3 su ingreso al Turismo Carretera a partir de la temporada 2026","og_url":"https:\/\/autofans.com.ar\/index.php\/2025\/08\/26\/prestige-auto-se-suma-al-turismo-carretera\/","article_published_time":"2025-08-26T20:16:12+00:00","og_image":[{"width":1000,"height":667,"url":"https:\/\/autofans.com.ar\/wp-content\/uploads\/2025\/08\/turismo-5.jpg","type":"image\/jpeg"}],"author":"Alejandro Gabriel Rosito","twitter_card":"summary_large_image","twitter_misc":{"Escrito por":"Alejandro Gabriel Rosito","Tiempo de lectura":"4 minutos"},"schema":{"@context":"https:\/\/schema.org","@graph":[{"@type":"Article","@id":"https:\/\/autofans.com.ar\/index.php\/2025\/08\/26\/prestige-auto-se-suma-al-turismo-carretera\/#article","isPartOf":{"@id":"https:\/\/autofans.com.ar\/index.php\/2025\/08\/26\/prestige-auto-se-suma-al-turismo-carretera\/"},"author":{"name":"Alejandro Gabriel Rosito","@id":"https:\/\/autofans.com.ar\/#\/schema\/person\/4a8dda0b6df83ac3d6723e921274c2aa"},"headline":"Prestige Auto se suma al Turismo Carretera","datePublished":"2025-08-26T20:16:12+00:00","mainEntityOfPage":{"@id":"https:\/\/autofans.com.ar\/index.php\/2025\/08\/26\/prestige-auto-se-suma-al-turismo-carretera\/"},"wordCount":695,"image":{"@id":"https:\/\/autofans.com.ar\/index.php\/2025\/08\/26\/prestige-auto-se-suma-al-turismo-carretera\/#primaryimage"},"thumbnailUrl":"https:\/\/autofans.com.ar\/wp-content\/uploads\/2025\/08\/turismo-5.jpg","keywords":["Automovilismo argentino","Diego Azar","Fangio.","Maquin Parts Racing","Mercedes-AMG CLE 53","Mercedes-Benz TC","Otto Fritzler","Prestige Auto","turismo Carretera"],"articleSection":["DEPORTE MOTOR","NOTICIAS"],"inLanguage":"es"},{"@type":"WebPage","@id":"https:\/\/autofans.com.ar\/index.php\/2025\/08\/26\/prestige-auto-se-suma-al-turismo-carretera\/","url":"https:\/\/autofans.com.ar\/index.php\/2025\/08\/26\/prestige-auto-se-suma-al-turismo-carretera\/","name":"Prestige Auto se suma al Turismo Carretera -","isPartOf":{"@id":"https:\/\/autofans.com.ar\/#website"},"primaryImageOfPage":{"@id":"https:\/\/autofans.com.ar\/index.php\/2025\/08\/26\/prestige-auto-se-suma-al-turismo-carretera\/#primaryimage"},"image":{"@id":"https:\/\/autofans.com.ar\/index.php\/2025\/08\/26\/prestige-auto-se-suma-al-turismo-carretera\/#primaryimage"},"thumbnailUrl":"https:\/\/autofans.com.ar\/wp-content\/uploads\/2025\/08\/turismo-5.jpg","datePublished":"2025-08-26T20:16:12+00:00","author":{"@id":"https:\/\/autofans.com.ar\/#\/schema\/person\/4a8dda0b6df83ac3d6723e921274c2aa"},"description":"Prestige Auto, la compa\u00f1\u00eda que representa a Mercedes-Benz en Argentina confirm\u00f3 su ingreso al Turismo Carretera a partir de la temporada 2026","breadcrumb":{"@id":"https:\/\/autofans.com.ar\/index.php\/2025\/08\/26\/prestige-auto-se-suma-al-turismo-carretera\/#breadcrumb"},"inLanguage":"es","potentialAction":[{"@type":"ReadAction","target":["https:\/\/autofans.com.ar\/index.php\/2025\/08\/26\/prestige-auto-se-suma-al-turismo-carretera\/"]}]},{"@type":"ImageObject","inLanguage":"es","@id":"https:\/\/autofans.com.ar\/index.php\/2025\/08\/26\/prestige-auto-se-suma-al-turismo-carretera\/#primaryimage","url":"https:\/\/autofans.com.ar\/wp-content\/uploads\/2025\/08\/turismo-5.jpg","contentUrl":"https:\/\/autofans.com.ar\/wp-content\/uploads\/2025\/08\/turismo-5.jpg","width":1000,"height":667,"caption":"Prestige Auto"},{"@type":"BreadcrumbList","@id":"https:\/\/autofans.com.ar\/index.php\/2025\/08\/26\/prestige-auto-se-suma-al-turismo-carretera\/#breadcrumb","itemListElement":[{"@type":"ListItem","position":1,"name":"Inicio","item":"https:\/\/autofans.com.ar\/"},{"@type":"ListItem","position":2,"name":"Prestige Auto se suma al Turismo Carretera"}]},{"@type":"WebSite","@id":"https:\/\/autofans.com.ar\/#website","url":"https:\/\/autofans.com.ar\/","name":"","description":"El multimedio referente de la industria automotriz","potentialAction":[{"@type":"SearchAction","target":{"@type":"EntryPoint","urlTemplate":"https:\/\/autofans.com.ar\/?s={search_term_string}"},"query-input":{"@type":"PropertyValueSpecification","valueRequired":true,"valueName":"search_term_string"}}],"inLanguage":"es"},{"@type":"Person","@id":"https:\/\/autofans.com.ar\/#\/schema\/person\/4a8dda0b6df83ac3d6723e921274c2aa","name":"Alejandro Gabriel Rosito","image":{"@type":"ImageObject","inLanguage":"es","@id":"https:\/\/secure.gravatar.com\/avatar\/16c5dda1489adfc62618084dcbb91cffd879c374b13fe5dd8e44ed6733852c88?s=96&d=mm&r=g","url":"https:\/\/secure.gravatar.com\/avatar\/16c5dda1489adfc62618084dcbb91cffd879c374b13fe5dd8e44ed6733852c88?s=96&d=mm&r=g","contentUrl":"https:\/\/secure.gravatar.com\/avatar\/16c5dda1489adfc62618084dcbb91cffd879c374b13fe5dd8e44ed6733852c88?s=96&d=mm&r=g","caption":"Alejandro Gabriel Rosito"},"url":"https:\/\/autofans.com.ar\/index.php\/author\/gabrielr\/"}]}},"featured_image_urls":{"full":["https:\/\/autofans.com.ar\/wp-content\/uploads\/2025\/08\/turismo-5.jpg",1000,667,false],"thumbnail":["https:\/\/autofans.com.ar\/wp-content\/uploads\/2025\/08\/turismo-5-150x150.jpg",150,150,true],"medium":["https:\/\/autofans.com.ar\/wp-content\/uploads\/2025\/08\/turismo-5-300x200.jpg",300,200,true],"medium_large":["https:\/\/autofans.com.ar\/wp-content\/uploads\/2025\/08\/turismo-5-768x512.jpg",640,427,true],"large":["https:\/\/autofans.com.ar\/wp-content\/uploads\/2025\/08\/turismo-5.jpg",640,427,false],"1536x1536":["https:\/\/autofans.com.ar\/wp-content\/uploads\/2025\/08\/turismo-5.jpg",1000,667,false],"2048x2048":["https:\/\/autofans.com.ar\/wp-content\/uploads\/2025\/08\/turismo-5.jpg",1000,667,false],"covernews-featured":["https:\/\/autofans.com.ar\/wp-content\/uploads\/2025\/08\/turismo-5.jpg",1000,667,false],"covernews-medium":["https:\/\/autofans.com.ar\/wp-content\/uploads\/2025\/08\/turismo-5-540x340.jpg",540,340,true]},"author_info":{"display_name":"Alejandro Gabriel Rosito","author_link":"https:\/\/autofans.com.ar\/index.php\/author\/gabrielr\/"},"category_info":"<a href=\"https:\/\/autofans.com.ar\/index.php\/category\/noticias\/deporte\/\" rel=\"category tag\">DEPORTE MOTOR<\/a> <a href=\"https:\/\/autofans.com.ar\/index.php\/category\/noticias\/\" rel=\"category tag\">NOTICIAS<\/a>","tag_info":"NOTICIAS","comment_count":0,"_links":{"self":[{"href":"https:\/\/autofans.com.ar\/index.php\/wp-json\/wp\/v2\/posts\/13861","targetHints":{"allow":["GET"]}}],"collection":[{"href":"https:\/\/autofans.com.ar\/index.php\/wp-json\/wp\/v2\/posts"}],"about":[{"href":"https:\/\/autofans.com.ar\/index.php\/wp-json\/wp\/v2\/types\/post"}],"author":[{"embeddable":true,"href":"https:\/\/autofans.com.ar\/index.php\/wp-json\/wp\/v2\/users\/2"}],"replies":[{"embeddable":true,"href":"https:\/\/autofans.com.ar\/index.php\/wp-json\/wp\/v2\/comments?post=13861"}],"version-history":[{"count":2,"href":"https:\/\/autofans.com.ar\/index.php\/wp-json\/wp\/v2\/posts\/13861\/revisions"}],"predecessor-version":[{"id":13869,"href":"https:\/\/autofans.com.ar\/index.php\/wp-json\/wp\/v2\/posts\/13861\/revisions\/13869"}],"wp:featuredmedia":[{"embeddable":true,"href":"https:\/\/autofans.com.ar\/index.php\/wp-json\/wp\/v2\/media\/13863"}],"wp:attachment":[{"href":"https:\/\/autofans.com.ar\/index.php\/wp-json\/wp\/v2\/media?parent=13861"}],"wp:term":[{"taxonomy":"category","embeddable":true,"href":"https:\/\/autofans.com.ar\/index.php\/wp-json\/wp\/v2\/categories?post=13861"},{"taxonomy":"post_tag","embeddable":true,"href":"https:\/\/autofans.com.ar\/index.php\/wp-json\/wp\/v2\/tags?post=13861"}],"curies":[{"name":"wp","href":"https:\/\/api.w.org\/{rel}","templated":true}]}}