{"id":13871,"date":"2025-08-26T20:27:24","date_gmt":"2025-08-26T23:27:24","guid":{"rendered":"https:\/\/autofans.com.ar\/?p=13871"},"modified":"2025-08-26T20:27:24","modified_gmt":"2025-08-26T23:27:24","slug":"el-plan-de-nissan-para-una-movilidad-con-impacto-social-y-ambiental","status":"publish","type":"post","link":"https:\/\/autofans.com.ar\/index.php\/2025\/08\/26\/el-plan-de-nissan-para-una-movilidad-con-impacto-social-y-ambiental\/","title":{"rendered":"El plan de Nissan para una movilidad con impacto social y ambiental"},"content":{"rendered":"<p class=\"ds-markdown-paragraph\">En el D\u00eda Nacional de la Solidaridad, las empresas tienen la oportunidad de mostrar c\u00f3mo sus acciones impactan realmente en la comunidad. Nissan lo hace con iniciativas que convierten su visi\u00f3n de movilidad en hechos tangibles en todo el pa\u00eds.<\/p>\n<p>&nbsp;<\/p>\n<h2 class=\"ds-markdown-paragraph\">Conectividad e innovaci\u00f3n en escuelas rurales<\/h2>\n<p class=\"ds-markdown-paragraph\">Junto a la Fundaci\u00f3n Aprendiendo Bajo la Cruz del Sur, Nissan lleva adelante un programa clave desde 2023. El objetivo es claro: reducir la brecha digital. Para eso, provee conectividad satelital a escuelas en zonas alejadas.<\/p>\n<p>&nbsp;<\/p>\n<p><img fetchpriority=\"high\" decoding=\"async\" class=\"aligncenter wp-image-13872 size-full\" src=\"https:\/\/autofans.com.ar\/wp-content\/uploads\/2025\/08\/foto-5.jpg\" alt=\"Nissan\" width=\"1000\" height=\"667\" srcset=\"https:\/\/autofans.com.ar\/wp-content\/uploads\/2025\/08\/foto-5.jpg 1000w, https:\/\/autofans.com.ar\/wp-content\/uploads\/2025\/08\/foto-5-300x200.jpg 300w, https:\/\/autofans.com.ar\/wp-content\/uploads\/2025\/08\/foto-5-768x512.jpg 768w\" sizes=\"(max-width: 1000px) 100vw, 1000px\" \/><\/p>\n<p>&nbsp;<\/p>\n<p class=\"ds-markdown-paragraph\">Sobre esa base de conectividad, en 2024 naci\u00f3 RIDER (Red de Innovaci\u00f3n y Desarrollo en Escuelas Rurales). Esta iniciativa lleva las cosas un paso m\u00e1s all\u00e1. Los estudiantes dise\u00f1an sus propios proyectos productivos para resolver problemas locales, como el manejo del agua o la creaci\u00f3n de huertas. Lo hacen usando kits de rob\u00f3tica, computadoras e internet, transformando las aulas en centros de innovaci\u00f3n.<\/p>\n<p>&nbsp;<\/p>\n<h2 class=\"ds-markdown-paragraph\">Veh\u00edculos al servicio de las ONG<\/h2>\n<p class=\"ds-markdown-paragraph\">La movilidad es el core del negocio, pero tambi\u00e9n puede serlo para el tercer sector. Nissan pone su flota de veh\u00edculos a disposici\u00f3n de organizaciones sociales y ambientales. Este apoyo log\u00edstico es vital para que estas entidades lleguen a comunidades remotas y ampl\u00eden su alcance.<\/p>\n<p class=\"ds-markdown-paragraph\">Fundaciones como Planeta Vivo, los Bancos de Alimentos de Buenos Aires y C\u00f3rdoba, y Eco House, entre otras, ya utilizan estas unidades para multiplicar su impacto en el terreno.<\/p>\n<p>&nbsp;<\/p>\n<p class=\"ds-markdown-paragraph\"><img decoding=\"async\" class=\"aligncenter wp-image-13876 size-full\" src=\"https:\/\/autofans.com.ar\/wp-content\/uploads\/2025\/08\/foto-1-2.jpg\" alt=\"\" width=\"1000\" height=\"667\" srcset=\"https:\/\/autofans.com.ar\/wp-content\/uploads\/2025\/08\/foto-1-2.jpg 1000w, https:\/\/autofans.com.ar\/wp-content\/uploads\/2025\/08\/foto-1-2-300x200.jpg 300w, https:\/\/autofans.com.ar\/wp-content\/uploads\/2025\/08\/foto-1-2-768x512.jpg 768w\" sizes=\"(max-width: 1000px) 100vw, 1000px\" \/><\/p>\n<p>&nbsp;<\/p>\n<p class=\"ds-markdown-paragraph\">El cuidado del medioambiente es otro pilar. En alianza con la Asociaci\u00f3n Amigos de la Patagonia, la marca colabor\u00f3 en la restauraci\u00f3n del bosque de Araucaria araucana en el Parque Nacional Lan\u00edn. All\u00ed, se plantaron m\u00e1s de 2700 \u00e1rboles nativos.<\/p>\n<p class=\"ds-markdown-paragraph\">Adem\u00e1s, trabajan con Carb\u00f3n Neutral+ para medir, reducir y compensar su huella de carbono. Esto se logra a trav\u00e9s de iniciativas respaldadas por energ\u00edas renovables y m\u00e1s proyectos de reforestaci\u00f3n.<\/p>\n<p>&nbsp;<\/p>\n<h2 class=\"ds-markdown-paragraph\">El equipo Nissan pone el cuerpo<\/h2>\n<p class=\"ds-markdown-paragraph\">En 2024, m\u00e1s de 160 colaboradores de la empresa participaron en el programa de voluntariado corporativo. Las acciones fueron concretas: recuperaron 3000 kg de alimentos y repartieron 9000 raciones con los Bancos de Alimentos. Tambi\u00e9n limpiaron costas en San Fernando, recuperando m\u00e1s de una tonelada de residuos, y realizaron tareas de reforestaci\u00f3n en la Reserva San Mart\u00edn.<\/p>\n<p>&nbsp;<\/p>\n<p><img decoding=\"async\" class=\"aligncenter wp-image-13875 size-full\" src=\"https:\/\/autofans.com.ar\/wp-content\/uploads\/2025\/08\/foto-2-2.jpg\" alt=\"Nissan\" width=\"1000\" height=\"667\" srcset=\"https:\/\/autofans.com.ar\/wp-content\/uploads\/2025\/08\/foto-2-2.jpg 1000w, https:\/\/autofans.com.ar\/wp-content\/uploads\/2025\/08\/foto-2-2-300x200.jpg 300w, https:\/\/autofans.com.ar\/wp-content\/uploads\/2025\/08\/foto-2-2-768x512.jpg 768w\" sizes=\"(max-width: 1000px) 100vw, 1000px\" \/><\/p>\n<p>&nbsp;<\/p>\n<p class=\"ds-markdown-paragraph\">Para cerrar, Nissan lider\u00f3 la Sustainability Week Latam en febrero de 2025. Este evento reuni\u00f3 a empresas y expertos para debatir el rol del sector privado en la transformaci\u00f3n sustentable. La marca se posiciona as\u00ed como un actor clave que promueve alianzas e ideas para una regi\u00f3n m\u00e1s sostenible.<\/p>\n<p>&nbsp;<\/p>\n<p>&nbsp;<\/p>\n<p>&nbsp;<\/p>\n<p>&nbsp;<\/p>\n<p><i>Para enterarte de m\u00e1s novedades, no dejes de leer\u00a0<\/i><a href=\"https:\/\/autofans.thebrandsoup.com\/\"><i>nuestras notas<\/i><\/a><i>, de ver\u00a0<\/i><a href=\"https:\/\/www.youtube.com\/channel\/UCgAC8UGHZYbT6P7PpmVnP7g\"><i>AUTOFANS TV<\/i><\/a><i>\u00a0en nuestro\u00a0canal de Youtube. Adem\u00e1s seguinos en\u00a0<\/i><a href=\"https:\/\/www.instagram.com\/autofanstv\/\"><i>INSTAGRAM<\/i><\/a><i> y <\/i><a href=\"https:\/\/www.facebook.com\/autofansmas\/\"><i>FACEBOOK<\/i><\/a><i> para no perderte nada sobre las novedades del segmento automotor de Argentina y el mundo.<\/i><\/p>\n","protected":false},"excerpt":{"rendered":"<p>En el D\u00eda Nacional de la Solidaridad, las empresas tienen la oportunidad de mostrar c\u00f3mo&#8230;<\/p>\n","protected":false},"author":2,"featured_media":13874,"comment_status":"closed","ping_status":"closed","sticky":false,"template":"","format":"standard","meta":{"footnotes":""},"categories":[6,16],"tags":[213,216,6918,7264,7259,7262,6109,2445,7258,46,7261,7263,264,7260,7265,5678],"class_list":["post-13871","post","type-post","status-publish","format-standard","has-post-thumbnail","hentry","category-bizstyle","category-noticias","tag-innovacion","tag-sostenibilidad","tag-carbono-neutral","tag-conectividad-rural","tag-educacion-rural","tag-fundaciones","tag-impacto-social","tag-medioambiente","tag-movilidad-con-proposito","tag-nissan-argentina","tag-nissan-en-accion","tag-ong","tag-responsabilidad-social","tag-rider","tag-sustainability-week-latam","tag-voluntariado-corporativo"],"yoast_head":"<!-- This site is optimized with the Yoast SEO plugin v27.5 - https:\/\/yoast.com\/product\/yoast-seo-wordpress\/ -->\n<title>El plan de Nissan para una movilidad con impacto social y ambiental -<\/title>\n<meta name=\"description\" content=\"En el D\u00eda Nacional de la Solidaridad las empresas tienen la oportunidad de mostrar que sus acciones impactan en la comunidad y Nissan lo hace\" \/>\n<meta name=\"robots\" content=\"index, follow, max-snippet:-1, max-image-preview:large, max-video-preview:-1\" \/>\n<link rel=\"canonical\" href=\"https:\/\/autofans.com.ar\/index.php\/2025\/08\/26\/el-plan-de-nissan-para-una-movilidad-con-impacto-social-y-ambiental\/\" \/>\n<meta property=\"og:locale\" content=\"es_ES\" \/>\n<meta property=\"og:type\" content=\"article\" \/>\n<meta property=\"og:title\" content=\"El plan de Nissan para una movilidad con impacto social y ambiental -\" \/>\n<meta property=\"og:description\" content=\"En el D\u00eda Nacional de la Solidaridad las empresas tienen la oportunidad de mostrar que sus acciones impactan en la comunidad y Nissan lo hace\" \/>\n<meta property=\"og:url\" content=\"https:\/\/autofans.com.ar\/index.php\/2025\/08\/26\/el-plan-de-nissan-para-una-movilidad-con-impacto-social-y-ambiental\/\" \/>\n<meta property=\"article:published_time\" content=\"2025-08-26T23:27:24+00:00\" \/>\n<meta property=\"og:image\" content=\"https:\/\/autofans.com.ar\/wp-content\/uploads\/2025\/08\/foto-3-1.jpg\" \/>\n\t<meta property=\"og:image:width\" content=\"1000\" \/>\n\t<meta property=\"og:image:height\" content=\"667\" \/>\n\t<meta property=\"og:image:type\" content=\"image\/jpeg\" \/>\n<meta name=\"author\" content=\"Alejandro Gabriel Rosito\" \/>\n<meta name=\"twitter:card\" content=\"summary_large_image\" \/>\n<meta name=\"twitter:label1\" content=\"Escrito por\" \/>\n\t<meta name=\"twitter:data1\" content=\"Alejandro Gabriel Rosito\" \/>\n\t<meta name=\"twitter:label2\" content=\"Tiempo de lectura\" \/>\n\t<meta name=\"twitter:data2\" content=\"3 minutos\" \/>\n<script type=\"application\/ld+json\" class=\"yoast-schema-graph\">{\"@context\":\"https:\\\/\\\/schema.org\",\"@graph\":[{\"@type\":\"Article\",\"@id\":\"https:\\\/\\\/autofans.com.ar\\\/index.php\\\/2025\\\/08\\\/26\\\/el-plan-de-nissan-para-una-movilidad-con-impacto-social-y-ambiental\\\/#article\",\"isPartOf\":{\"@id\":\"https:\\\/\\\/autofans.com.ar\\\/index.php\\\/2025\\\/08\\\/26\\\/el-plan-de-nissan-para-una-movilidad-con-impacto-social-y-ambiental\\\/\"},\"author\":{\"name\":\"Alejandro Gabriel Rosito\",\"@id\":\"https:\\\/\\\/autofans.com.ar\\\/#\\\/schema\\\/person\\\/4a8dda0b6df83ac3d6723e921274c2aa\"},\"headline\":\"El plan de Nissan para una movilidad con impacto social y ambiental\",\"datePublished\":\"2025-08-26T23:27:24+00:00\",\"mainEntityOfPage\":{\"@id\":\"https:\\\/\\\/autofans.com.ar\\\/index.php\\\/2025\\\/08\\\/26\\\/el-plan-de-nissan-para-una-movilidad-con-impacto-social-y-ambiental\\\/\"},\"wordCount\":504,\"image\":{\"@id\":\"https:\\\/\\\/autofans.com.ar\\\/index.php\\\/2025\\\/08\\\/26\\\/el-plan-de-nissan-para-una-movilidad-con-impacto-social-y-ambiental\\\/#primaryimage\"},\"thumbnailUrl\":\"https:\\\/\\\/autofans.com.ar\\\/wp-content\\\/uploads\\\/2025\\\/08\\\/foto-3-1.jpg\",\"keywords\":[\"#innovaci\u00f3n\",\"#sostenibilidad\",\"carbono neutral\",\"conectividad rural\",\"educaci\u00f3n rural\",\"fundaciones\",\"impacto social\",\"MedioAmbiente\",\"movilidad con prop\u00f3sito\",\"Nissan Argentina\",\"Nissan en Acci\u00f3n\",\"ONG\",\"responsabilidad social\",\"RIDER\",\"Sustainability Week Latam\",\"voluntariado corporativo\"],\"articleSection\":[\"BIZSTYLE\",\"NOTICIAS\"],\"inLanguage\":\"es\"},{\"@type\":\"WebPage\",\"@id\":\"https:\\\/\\\/autofans.com.ar\\\/index.php\\\/2025\\\/08\\\/26\\\/el-plan-de-nissan-para-una-movilidad-con-impacto-social-y-ambiental\\\/\",\"url\":\"https:\\\/\\\/autofans.com.ar\\\/index.php\\\/2025\\\/08\\\/26\\\/el-plan-de-nissan-para-una-movilidad-con-impacto-social-y-ambiental\\\/\",\"name\":\"El plan de Nissan para una movilidad con impacto social y ambiental -\",\"isPartOf\":{\"@id\":\"https:\\\/\\\/autofans.com.ar\\\/#website\"},\"primaryImageOfPage\":{\"@id\":\"https:\\\/\\\/autofans.com.ar\\\/index.php\\\/2025\\\/08\\\/26\\\/el-plan-de-nissan-para-una-movilidad-con-impacto-social-y-ambiental\\\/#primaryimage\"},\"image\":{\"@id\":\"https:\\\/\\\/autofans.com.ar\\\/index.php\\\/2025\\\/08\\\/26\\\/el-plan-de-nissan-para-una-movilidad-con-impacto-social-y-ambiental\\\/#primaryimage\"},\"thumbnailUrl\":\"https:\\\/\\\/autofans.com.ar\\\/wp-content\\\/uploads\\\/2025\\\/08\\\/foto-3-1.jpg\",\"datePublished\":\"2025-08-26T23:27:24+00:00\",\"author\":{\"@id\":\"https:\\\/\\\/autofans.com.ar\\\/#\\\/schema\\\/person\\\/4a8dda0b6df83ac3d6723e921274c2aa\"},\"description\":\"En el D\u00eda Nacional de la Solidaridad las empresas tienen la oportunidad de mostrar que sus acciones impactan en la comunidad y Nissan lo hace\",\"breadcrumb\":{\"@id\":\"https:\\\/\\\/autofans.com.ar\\\/index.php\\\/2025\\\/08\\\/26\\\/el-plan-de-nissan-para-una-movilidad-con-impacto-social-y-ambiental\\\/#breadcrumb\"},\"inLanguage\":\"es\",\"potentialAction\":[{\"@type\":\"ReadAction\",\"target\":[\"https:\\\/\\\/autofans.com.ar\\\/index.php\\\/2025\\\/08\\\/26\\\/el-plan-de-nissan-para-una-movilidad-con-impacto-social-y-ambiental\\\/\"]}]},{\"@type\":\"ImageObject\",\"inLanguage\":\"es\",\"@id\":\"https:\\\/\\\/autofans.com.ar\\\/index.php\\\/2025\\\/08\\\/26\\\/el-plan-de-nissan-para-una-movilidad-con-impacto-social-y-ambiental\\\/#primaryimage\",\"url\":\"https:\\\/\\\/autofans.com.ar\\\/wp-content\\\/uploads\\\/2025\\\/08\\\/foto-3-1.jpg\",\"contentUrl\":\"https:\\\/\\\/autofans.com.ar\\\/wp-content\\\/uploads\\\/2025\\\/08\\\/foto-3-1.jpg\",\"width\":1000,\"height\":667,\"caption\":\"Nissan\"},{\"@type\":\"BreadcrumbList\",\"@id\":\"https:\\\/\\\/autofans.com.ar\\\/index.php\\\/2025\\\/08\\\/26\\\/el-plan-de-nissan-para-una-movilidad-con-impacto-social-y-ambiental\\\/#breadcrumb\",\"itemListElement\":[{\"@type\":\"ListItem\",\"position\":1,\"name\":\"Inicio\",\"item\":\"https:\\\/\\\/autofans.com.ar\\\/\"},{\"@type\":\"ListItem\",\"position\":2,\"name\":\"El plan de Nissan para una movilidad con impacto social y ambiental\"}]},{\"@type\":\"WebSite\",\"@id\":\"https:\\\/\\\/autofans.com.ar\\\/#website\",\"url\":\"https:\\\/\\\/autofans.com.ar\\\/\",\"name\":\"\",\"description\":\"El multimedio referente de la industria automotriz\",\"potentialAction\":[{\"@type\":\"SearchAction\",\"target\":{\"@type\":\"EntryPoint\",\"urlTemplate\":\"https:\\\/\\\/autofans.com.ar\\\/?s={search_term_string}\"},\"query-input\":{\"@type\":\"PropertyValueSpecification\",\"valueRequired\":true,\"valueName\":\"search_term_string\"}}],\"inLanguage\":\"es\"},{\"@type\":\"Person\",\"@id\":\"https:\\\/\\\/autofans.com.ar\\\/#\\\/schema\\\/person\\\/4a8dda0b6df83ac3d6723e921274c2aa\",\"name\":\"Alejandro Gabriel Rosito\",\"image\":{\"@type\":\"ImageObject\",\"inLanguage\":\"es\",\"@id\":\"https:\\\/\\\/secure.gravatar.com\\\/avatar\\\/16c5dda1489adfc62618084dcbb91cffd879c374b13fe5dd8e44ed6733852c88?s=96&d=mm&r=g\",\"url\":\"https:\\\/\\\/secure.gravatar.com\\\/avatar\\\/16c5dda1489adfc62618084dcbb91cffd879c374b13fe5dd8e44ed6733852c88?s=96&d=mm&r=g\",\"contentUrl\":\"https:\\\/\\\/secure.gravatar.com\\\/avatar\\\/16c5dda1489adfc62618084dcbb91cffd879c374b13fe5dd8e44ed6733852c88?s=96&d=mm&r=g\",\"caption\":\"Alejandro Gabriel Rosito\"},\"url\":\"https:\\\/\\\/autofans.com.ar\\\/index.php\\\/author\\\/gabrielr\\\/\"}]}<\/script>\n<!-- \/ Yoast SEO plugin. -->","yoast_head_json":{"title":"El plan de Nissan para una movilidad con impacto social y ambiental -","description":"En el D\u00eda Nacional de la Solidaridad las empresas tienen la oportunidad de mostrar que sus acciones impactan en la comunidad y Nissan lo hace","robots":{"index":"index","follow":"follow","max-snippet":"max-snippet:-1","max-image-preview":"max-image-preview:large","max-video-preview":"max-video-preview:-1"},"canonical":"https:\/\/autofans.com.ar\/index.php\/2025\/08\/26\/el-plan-de-nissan-para-una-movilidad-con-impacto-social-y-ambiental\/","og_locale":"es_ES","og_type":"article","og_title":"El plan de Nissan para una movilidad con impacto social y ambiental -","og_description":"En el D\u00eda Nacional de la Solidaridad las empresas tienen la oportunidad de mostrar que sus acciones impactan en la comunidad y Nissan lo hace","og_url":"https:\/\/autofans.com.ar\/index.php\/2025\/08\/26\/el-plan-de-nissan-para-una-movilidad-con-impacto-social-y-ambiental\/","article_published_time":"2025-08-26T23:27:24+00:00","og_image":[{"width":1000,"height":667,"url":"https:\/\/autofans.com.ar\/wp-content\/uploads\/2025\/08\/foto-3-1.jpg","type":"image\/jpeg"}],"author":"Alejandro Gabriel Rosito","twitter_card":"summary_large_image","twitter_misc":{"Escrito por":"Alejandro Gabriel Rosito","Tiempo de lectura":"3 minutos"},"schema":{"@context":"https:\/\/schema.org","@graph":[{"@type":"Article","@id":"https:\/\/autofans.com.ar\/index.php\/2025\/08\/26\/el-plan-de-nissan-para-una-movilidad-con-impacto-social-y-ambiental\/#article","isPartOf":{"@id":"https:\/\/autofans.com.ar\/index.php\/2025\/08\/26\/el-plan-de-nissan-para-una-movilidad-con-impacto-social-y-ambiental\/"},"author":{"name":"Alejandro Gabriel Rosito","@id":"https:\/\/autofans.com.ar\/#\/schema\/person\/4a8dda0b6df83ac3d6723e921274c2aa"},"headline":"El plan de Nissan para una movilidad con impacto social y ambiental","datePublished":"2025-08-26T23:27:24+00:00","mainEntityOfPage":{"@id":"https:\/\/autofans.com.ar\/index.php\/2025\/08\/26\/el-plan-de-nissan-para-una-movilidad-con-impacto-social-y-ambiental\/"},"wordCount":504,"image":{"@id":"https:\/\/autofans.com.ar\/index.php\/2025\/08\/26\/el-plan-de-nissan-para-una-movilidad-con-impacto-social-y-ambiental\/#primaryimage"},"thumbnailUrl":"https:\/\/autofans.com.ar\/wp-content\/uploads\/2025\/08\/foto-3-1.jpg","keywords":["#innovaci\u00f3n","#sostenibilidad","carbono neutral","conectividad rural","educaci\u00f3n rural","fundaciones","impacto social","MedioAmbiente","movilidad con prop\u00f3sito","Nissan Argentina","Nissan en Acci\u00f3n","ONG","responsabilidad social","RIDER","Sustainability Week Latam","voluntariado corporativo"],"articleSection":["BIZSTYLE","NOTICIAS"],"inLanguage":"es"},{"@type":"WebPage","@id":"https:\/\/autofans.com.ar\/index.php\/2025\/08\/26\/el-plan-de-nissan-para-una-movilidad-con-impacto-social-y-ambiental\/","url":"https:\/\/autofans.com.ar\/index.php\/2025\/08\/26\/el-plan-de-nissan-para-una-movilidad-con-impacto-social-y-ambiental\/","name":"El plan de Nissan para una movilidad con impacto social y ambiental -","isPartOf":{"@id":"https:\/\/autofans.com.ar\/#website"},"primaryImageOfPage":{"@id":"https:\/\/autofans.com.ar\/index.php\/2025\/08\/26\/el-plan-de-nissan-para-una-movilidad-con-impacto-social-y-ambiental\/#primaryimage"},"image":{"@id":"https:\/\/autofans.com.ar\/index.php\/2025\/08\/26\/el-plan-de-nissan-para-una-movilidad-con-impacto-social-y-ambiental\/#primaryimage"},"thumbnailUrl":"https:\/\/autofans.com.ar\/wp-content\/uploads\/2025\/08\/foto-3-1.jpg","datePublished":"2025-08-26T23:27:24+00:00","author":{"@id":"https:\/\/autofans.com.ar\/#\/schema\/person\/4a8dda0b6df83ac3d6723e921274c2aa"},"description":"En el D\u00eda Nacional de la Solidaridad las empresas tienen la oportunidad de mostrar que sus acciones impactan en la comunidad y Nissan lo hace","breadcrumb":{"@id":"https:\/\/autofans.com.ar\/index.php\/2025\/08\/26\/el-plan-de-nissan-para-una-movilidad-con-impacto-social-y-ambiental\/#breadcrumb"},"inLanguage":"es","potentialAction":[{"@type":"ReadAction","target":["https:\/\/autofans.com.ar\/index.php\/2025\/08\/26\/el-plan-de-nissan-para-una-movilidad-con-impacto-social-y-ambiental\/"]}]},{"@type":"ImageObject","inLanguage":"es","@id":"https:\/\/autofans.com.ar\/index.php\/2025\/08\/26\/el-plan-de-nissan-para-una-movilidad-con-impacto-social-y-ambiental\/#primaryimage","url":"https:\/\/autofans.com.ar\/wp-content\/uploads\/2025\/08\/foto-3-1.jpg","contentUrl":"https:\/\/autofans.com.ar\/wp-content\/uploads\/2025\/08\/foto-3-1.jpg","width":1000,"height":667,"caption":"Nissan"},{"@type":"BreadcrumbList","@id":"https:\/\/autofans.com.ar\/index.php\/2025\/08\/26\/el-plan-de-nissan-para-una-movilidad-con-impacto-social-y-ambiental\/#breadcrumb","itemListElement":[{"@type":"ListItem","position":1,"name":"Inicio","item":"https:\/\/autofans.com.ar\/"},{"@type":"ListItem","position":2,"name":"El plan de Nissan para una movilidad con impacto social y ambiental"}]},{"@type":"WebSite","@id":"https:\/\/autofans.com.ar\/#website","url":"https:\/\/autofans.com.ar\/","name":"","description":"El multimedio referente de la industria automotriz","potentialAction":[{"@type":"SearchAction","target":{"@type":"EntryPoint","urlTemplate":"https:\/\/autofans.com.ar\/?s={search_term_string}"},"query-input":{"@type":"PropertyValueSpecification","valueRequired":true,"valueName":"search_term_string"}}],"inLanguage":"es"},{"@type":"Person","@id":"https:\/\/autofans.com.ar\/#\/schema\/person\/4a8dda0b6df83ac3d6723e921274c2aa","name":"Alejandro Gabriel Rosito","image":{"@type":"ImageObject","inLanguage":"es","@id":"https:\/\/secure.gravatar.com\/avatar\/16c5dda1489adfc62618084dcbb91cffd879c374b13fe5dd8e44ed6733852c88?s=96&d=mm&r=g","url":"https:\/\/secure.gravatar.com\/avatar\/16c5dda1489adfc62618084dcbb91cffd879c374b13fe5dd8e44ed6733852c88?s=96&d=mm&r=g","contentUrl":"https:\/\/secure.gravatar.com\/avatar\/16c5dda1489adfc62618084dcbb91cffd879c374b13fe5dd8e44ed6733852c88?s=96&d=mm&r=g","caption":"Alejandro Gabriel Rosito"},"url":"https:\/\/autofans.com.ar\/index.php\/author\/gabrielr\/"}]}},"featured_image_urls":{"full":["https:\/\/autofans.com.ar\/wp-content\/uploads\/2025\/08\/foto-3-1.jpg",1000,667,false],"thumbnail":["https:\/\/autofans.com.ar\/wp-content\/uploads\/2025\/08\/foto-3-1-150x150.jpg",150,150,true],"medium":["https:\/\/autofans.com.ar\/wp-content\/uploads\/2025\/08\/foto-3-1-300x200.jpg",300,200,true],"medium_large":["https:\/\/autofans.com.ar\/wp-content\/uploads\/2025\/08\/foto-3-1-768x512.jpg",640,427,true],"large":["https:\/\/autofans.com.ar\/wp-content\/uploads\/2025\/08\/foto-3-1.jpg",640,427,false],"1536x1536":["https:\/\/autofans.com.ar\/wp-content\/uploads\/2025\/08\/foto-3-1.jpg",1000,667,false],"2048x2048":["https:\/\/autofans.com.ar\/wp-content\/uploads\/2025\/08\/foto-3-1.jpg",1000,667,false],"covernews-featured":["https:\/\/autofans.com.ar\/wp-content\/uploads\/2025\/08\/foto-3-1.jpg",1000,667,false],"covernews-medium":["https:\/\/autofans.com.ar\/wp-content\/uploads\/2025\/08\/foto-3-1-540x340.jpg",540,340,true]},"author_info":{"display_name":"Alejandro Gabriel Rosito","author_link":"https:\/\/autofans.com.ar\/index.php\/author\/gabrielr\/"},"category_info":"<a href=\"https:\/\/autofans.com.ar\/index.php\/category\/noticias\/bizstyle\/\" rel=\"category tag\">BIZSTYLE<\/a> <a href=\"https:\/\/autofans.com.ar\/index.php\/category\/noticias\/\" rel=\"category tag\">NOTICIAS<\/a>","tag_info":"NOTICIAS","comment_count":0,"_links":{"self":[{"href":"https:\/\/autofans.com.ar\/index.php\/wp-json\/wp\/v2\/posts\/13871","targetHints":{"allow":["GET"]}}],"collection":[{"href":"https:\/\/autofans.com.ar\/index.php\/wp-json\/wp\/v2\/posts"}],"about":[{"href":"https:\/\/autofans.com.ar\/index.php\/wp-json\/wp\/v2\/types\/post"}],"author":[{"embeddable":true,"href":"https:\/\/autofans.com.ar\/index.php\/wp-json\/wp\/v2\/users\/2"}],"replies":[{"embeddable":true,"href":"https:\/\/autofans.com.ar\/index.php\/wp-json\/wp\/v2\/comments?post=13871"}],"version-history":[{"count":2,"href":"https:\/\/autofans.com.ar\/index.php\/wp-json\/wp\/v2\/posts\/13871\/revisions"}],"predecessor-version":[{"id":13878,"href":"https:\/\/autofans.com.ar\/index.php\/wp-json\/wp\/v2\/posts\/13871\/revisions\/13878"}],"wp:featuredmedia":[{"embeddable":true,"href":"https:\/\/autofans.com.ar\/index.php\/wp-json\/wp\/v2\/media\/13874"}],"wp:attachment":[{"href":"https:\/\/autofans.com.ar\/index.php\/wp-json\/wp\/v2\/media?parent=13871"}],"wp:term":[{"taxonomy":"category","embeddable":true,"href":"https:\/\/autofans.com.ar\/index.php\/wp-json\/wp\/v2\/categories?post=13871"},{"taxonomy":"post_tag","embeddable":true,"href":"https:\/\/autofans.com.ar\/index.php\/wp-json\/wp\/v2\/tags?post=13871"}],"curies":[{"name":"wp","href":"https:\/\/api.w.org\/{rel}","templated":true}]}}