{"id":13879,"date":"2025-08-27T17:37:29","date_gmt":"2025-08-27T20:37:29","guid":{"rendered":"https:\/\/autofans.com.ar\/?p=13879"},"modified":"2025-08-27T17:37:59","modified_gmt":"2025-08-27T20:37:59","slug":"moto-morini-lanza-la-x-cape-700-e-inaugura-su-decimo-concesionario","status":"publish","type":"post","link":"https:\/\/autofans.com.ar\/index.php\/2025\/08\/27\/moto-morini-lanza-la-x-cape-700-e-inaugura-su-decimo-concesionario\/","title":{"rendered":"Moto Morini lanza la X-Cape 700 e inaugura su d\u00e9cimo concesionario"},"content":{"rendered":"<p class=\"ds-markdown-paragraph\">Moto Morini Argentina, de la mano de Grupo Simpa S.A., lanz\u00f3 oficialmente la nueva X-Cape 700. Este trail de producci\u00f3n nacional se present\u00f3 de forma simult\u00e1nea en todos los concesionarios oficiales del pa\u00eds.<\/p>\n<p class=\"ds-markdown-paragraph\">El evento de lanzamiento incluy\u00f3 puntos clave como Puerto Madero, San Isidro, Parque Leloir, Rosario, C\u00f3rdoba, Mendoza y Salta. En paralelo, la marca celebr\u00f3 la apertura de su nuevo local en Quilmes, un punto estrat\u00e9gico para el sur del Gran Buenos Aires. Esta inauguraci\u00f3n eleva a diez la cantidad de locales oficiales de la marca en Argentina.<\/p>\n<p>&nbsp;<\/p>\n<h2 class=\"ds-markdown-paragraph\">Moto Morini X-Cape 700 &#8211; Tecnolog\u00eda y Potencia sobre Dos Ruedas<\/h2>\n<p class=\"ds-markdown-paragraph\">El coraz\u00f3n de la X-Cape 700 es un motor bicil\u00edndrico de 693 cc que desarrolla 70 CV. Cumple con la normativa Euro 5+ y est\u00e1 asociado a una caja de seis velocidades. Su chasis de acero y basculante de aluminio buscan garantizar estabilidad en todo tipo de terrenos.<\/p>\n<p>&nbsp;<\/p>\n<div id='gallery-1' class='gallery galleryid-13879 gallery-columns-2 gallery-size-full'><figure class='gallery-item'>\n\t\t\t<div class='gallery-icon landscape'>\n\t\t\t\t<a href='https:\/\/autofans.com.ar\/index.php\/2025\/08\/27\/moto-morini-lanza-la-x-cape-700-e-inaugura-su-decimo-concesionario\/moto-1-14\/'><img loading=\"lazy\" width=\"1000\" height=\"667\" src=\"https:\/\/autofans.com.ar\/wp-content\/uploads\/2025\/08\/moto-1.jpg\" class=\"attachment-full size-full\" alt=\"Moto Morini\" srcset=\"https:\/\/autofans.com.ar\/wp-content\/uploads\/2025\/08\/moto-1.jpg 1000w, https:\/\/autofans.com.ar\/wp-content\/uploads\/2025\/08\/moto-1-300x200.jpg 300w, https:\/\/autofans.com.ar\/wp-content\/uploads\/2025\/08\/moto-1-768x512.jpg 768w\" sizes=\"auto, (max-width: 1000px) 100vw, 1000px\" loading=\"lazy\" decoding=\"async\" \/><\/a>\n\t\t\t<\/div><\/figure><figure class='gallery-item'>\n\t\t\t<div class='gallery-icon landscape'>\n\t\t\t\t<a href='https:\/\/autofans.com.ar\/index.php\/2025\/08\/27\/moto-morini-lanza-la-x-cape-700-e-inaugura-su-decimo-concesionario\/moto-2-12\/'><img loading=\"lazy\" width=\"1000\" height=\"667\" src=\"https:\/\/autofans.com.ar\/wp-content\/uploads\/2025\/08\/moto-2.jpg\" class=\"attachment-full size-full\" alt=\"Moto Morini\" srcset=\"https:\/\/autofans.com.ar\/wp-content\/uploads\/2025\/08\/moto-2.jpg 1000w, https:\/\/autofans.com.ar\/wp-content\/uploads\/2025\/08\/moto-2-300x200.jpg 300w, https:\/\/autofans.com.ar\/wp-content\/uploads\/2025\/08\/moto-2-768x512.jpg 768w\" sizes=\"auto, (max-width: 1000px) 100vw, 1000px\" loading=\"lazy\" decoding=\"async\" \/><\/a>\n\t\t\t<\/div><\/figure>\n\t\t<\/div>\n\n<p>&nbsp;<\/p>\n<p class=\"ds-markdown-paragraph\">El modelo incluye un amplio paquete tecnol\u00f3gico. Destaca una horquilla Marzocchi invertida y un amortiguador KYB, ambos ajustables. El sistema de frenos es de Brembo con ABS Bosch desconectable. Adem\u00e1s, incorpora una pantalla TFT a color de 7 pulgadas, control de tracci\u00f3n, iluminaci\u00f3n LED, doble puerto USB y un sistema \u00fanico: una c\u00e1mara frontal integrada que graba los recorridos y los env\u00eda directamente al smartphone.<\/p>\n<p>&nbsp;<\/p>\n<blockquote>\n<p style=\"text-align: center;\">\u201c<span lang=\"ES-AR\">La X-CAPE 700 encarna el verdadero esp\u00edritu adventure: es potente, robusta y c\u00f3moda, equipada con la tecnolog\u00eda y el dise\u00f1o necesarios para disfrutar de cada kil\u00f3metro, tanto en ruta como fuera de ella. Se trata de una moto con una propuesta moderna y vers\u00e1til, pensada especialmente para los caminos y desaf\u00edos de nuestra regi\u00f3n. Producida localmente en la planta de Pilar, este nuevo modelo de Moto Morini refuerza la estrategia de crecimiento de Grupo Simpa S.A en el segmento trail de media cilindrada\u201d, <\/span><span lang=\"ES-AR\">destac\u00f3 Matias Michaylyszyn, Business Manager Grupo Simpa S.A<\/span><\/p>\n<\/blockquote>\n<p>&nbsp;<\/p>\n<h2 class=\"ds-markdown-paragraph\">Prestaciones y oferta comercial<\/h2>\n<p>&nbsp;<\/p>\n<div id='gallery-2' class='gallery galleryid-13879 gallery-columns-2 gallery-size-full'><figure class='gallery-item'>\n\t\t\t<div class='gallery-icon landscape'>\n\t\t\t\t<a href='https:\/\/autofans.com.ar\/index.php\/2025\/08\/27\/moto-morini-lanza-la-x-cape-700-e-inaugura-su-decimo-concesionario\/moto-5-5\/'><img loading=\"lazy\" width=\"1000\" height=\"667\" src=\"https:\/\/autofans.com.ar\/wp-content\/uploads\/2025\/08\/moto-5.jpg\" class=\"attachment-full size-full\" alt=\"Moto Morini\" aria-describedby=\"gallery-2-13882\" srcset=\"https:\/\/autofans.com.ar\/wp-content\/uploads\/2025\/08\/moto-5.jpg 1000w, https:\/\/autofans.com.ar\/wp-content\/uploads\/2025\/08\/moto-5-300x200.jpg 300w, https:\/\/autofans.com.ar\/wp-content\/uploads\/2025\/08\/moto-5-768x512.jpg 768w\" sizes=\"auto, (max-width: 1000px) 100vw, 1000px\" loading=\"lazy\" decoding=\"async\" \/><\/a>\n\t\t\t<\/div>\n\t\t\t\t<figcaption class='wp-caption-text gallery-caption' id='gallery-2-13882'>\n\t\t\t\tMatias Michaylyszyn de Grupo Simpa y Juli\u00e1n Gar\u00f3falo de 999 Motos presentando al nueva Moto Morini X-CAPE 700\n\t\t\t\t<\/figcaption><\/figure><figure class='gallery-item'>\n\t\t\t<div class='gallery-icon landscape'>\n\t\t\t\t<a href='https:\/\/autofans.com.ar\/index.php\/2025\/08\/27\/moto-morini-lanza-la-x-cape-700-e-inaugura-su-decimo-concesionario\/moto-4-8\/'><img loading=\"lazy\" width=\"1000\" height=\"667\" src=\"https:\/\/autofans.com.ar\/wp-content\/uploads\/2025\/08\/moto-4.jpg\" class=\"attachment-full size-full\" alt=\"Moto Morini\" aria-describedby=\"gallery-2-13883\" srcset=\"https:\/\/autofans.com.ar\/wp-content\/uploads\/2025\/08\/moto-4.jpg 1000w, https:\/\/autofans.com.ar\/wp-content\/uploads\/2025\/08\/moto-4-300x200.jpg 300w, https:\/\/autofans.com.ar\/wp-content\/uploads\/2025\/08\/moto-4-768x512.jpg 768w\" sizes=\"auto, (max-width: 1000px) 100vw, 1000px\" loading=\"lazy\" decoding=\"async\" \/><\/a>\n\t\t\t<\/div>\n\t\t\t\t<figcaption class='wp-caption-text gallery-caption' id='gallery-2-13883'>\n\t\t\t\tIntegrantes del Grupo Simpa y de 999 Motos en el nuevo concesionario Moto Morini en Quilmes\n\t\t\t\t<\/figcaption><\/figure>\n\t\t<\/div>\n\n<p>&nbsp;<\/p>\n<p class=\"ds-markdown-paragraph\">La moto ofrece un asiento regulable en altura, un tanque de combustible de 18 litros y un peso en seco de 213 kg. Se comercializa en tres colores: Red Passion, Carrara White y Black Ebony.<\/p>\n<p class=\"ds-markdown-paragraph\">El precio sugerido para agosto es de $16.200.000. Incluye planes de financiaci\u00f3n con 50% de anticipo y 12 cuotas sin inter\u00e9s, o 65% de anticipo y 18 cuotas fijas.<\/p>\n<p>&nbsp;<\/p>\n<hr \/>\n<div style=\"display: flex; justify-content: center; width: 100%;\">\n<div style=\"display: flex; align-items: center; justify-content: space-between; background: #f0f2f5; padding: 3px 92px; border-radius: 0px; box-shadow: 0 4px 10px rgba(0, 0, 0, 0.08); margin: 24px 0; max-width: 700px;\">\n<div style=\"flex: 1;\"><a style=\"font-size: 18px; color: #921414; font-weight: bold; text-decoration: underline;\" href=\"https:\/\/autofans.com.ar\/wp-content\/uploads\/2025\/08\/MM-FT-X-CAPE-700-WEB.pdf\" target=\"_blank\" rel=\"noopener\"><br \/>\n\u2192 Ficha T\u00e9cnica X-Cape 700<br \/>\n<\/a><a style=\"font-size: 18px; color: #007bff; font-weight: 1200; text-decoration: underline;\" href=\"https:\/\/autofans.com.ar\/wp-content\/uploads\/2025\/05\/ftmy26argo-681166d8eb8a6.pdf\" target=\"_blank\" rel=\"noopener\"><br \/>\n<\/a><\/div>\n<div style=\"margin-left: 46px;\"><img fetchpriority=\"high\" decoding=\"async\" class=\"alignright\" style=\"height: 20px; width: auto;\" src=\"https:\/\/autofans.com.ar\/wp-content\/uploads\/2023\/02\/Autofans_600x102_150px5.png\" alt=\"Logo Autofans\" width=\"1200\" height=\"137\" \/><\/div>\n<\/div>\n<\/div>\n<hr \/>\n<p>&nbsp;<\/p>\n<h2 class=\"ds-markdown-paragraph\">Expansi\u00f3n de la Red<\/h2>\n<p>&nbsp;<\/p>\n<p><img decoding=\"async\" class=\"aligncenter wp-image-13881 size-full\" src=\"https:\/\/autofans.com.ar\/wp-content\/uploads\/2025\/08\/moto-6.jpg\" alt=\"Moto Morini\" width=\"1000\" height=\"667\" srcset=\"https:\/\/autofans.com.ar\/wp-content\/uploads\/2025\/08\/moto-6.jpg 1000w, https:\/\/autofans.com.ar\/wp-content\/uploads\/2025\/08\/moto-6-300x200.jpg 300w, https:\/\/autofans.com.ar\/wp-content\/uploads\/2025\/08\/moto-6-768x512.jpg 768w\" sizes=\"(max-width: 1000px) 100vw, 1000px\" \/><\/p>\n<p>&nbsp;<\/p>\n<p class=\"ds-markdown-paragraph\">El nuevo concesionario en Avenida 12 de octubre 1600, Quilmes, cuenta con un showroom moderno, venta de unidades, repuestos y servicio t\u00e9cnico. Atiende de lunes a viernes de 9 a 18 y s\u00e1bados de 9 a 14.<\/p>\n<p class=\"ds-markdown-paragraph\">Grupo Simpa S.A. produce localmente los modelos X-Cape, Seiemmezzo y Calibro en su planta de Pilar. Esta es la primera vez que Moto Morini fabrica fuera de Italia, adaptando sus modelos a las necesidades del mercado local con una inversi\u00f3n que apuesta por la industria nacional.<\/p>\n<p>&nbsp;<\/p>\n<p>&nbsp;<\/p>\n<p>&nbsp;<\/p>\n<p>&nbsp;<\/p>\n<p><i>Para enterarte de m\u00e1s novedades, no dejes de leer\u00a0<\/i><a href=\"https:\/\/autofans.thebrandsoup.com\/\"><i>nuestras notas<\/i><\/a><i>, de ver\u00a0<\/i><a href=\"https:\/\/www.youtube.com\/channel\/UCgAC8UGHZYbT6P7PpmVnP7g\"><i>AUTOFANS TV<\/i><\/a><i>\u00a0en nuestro\u00a0canal de Youtube. Adem\u00e1s seguinos en\u00a0<\/i><a href=\"https:\/\/www.instagram.com\/autofanstv\/\"><i>INSTAGRAM<\/i><\/a><i> y <\/i><a href=\"https:\/\/www.facebook.com\/autofansmas\/\"><i>FACEBOOK<\/i><\/a><i> para no perderte nada sobre las novedades del segmento automotor de Argentina y el mundo.<\/i><\/p>\n","protected":false},"excerpt":{"rendered":"<p>Moto Morini Argentina, de la mano de Grupo Simpa S.A., lanz\u00f3 oficialmente la nueva X-Cape&#8230;<\/p>\n","protected":false},"author":2,"featured_media":13880,"comment_status":"closed","ping_status":"closed","sticky":false,"template":"","format":"standard","meta":{"footnotes":""},"categories":[1,9],"tags":[7271,7269,6426,7270,7266,7267,7268],"class_list":["post-13879","post","type-post","status-publish","format-standard","has-post-thumbnail","hentry","category-lanzamientos","category-motos-lanzamientos","tag-concesionario-moto-morini","tag-cuotas-sin-interes-moto","tag-moto-adventure","tag-moto-morini-quilmes","tag-moto-morini-x-cape-700","tag-moto-trail-argentina","tag-precio-moto-700cc"],"yoast_head":"<!-- This site is optimized with the Yoast SEO plugin v27.5 - https:\/\/yoast.com\/product\/yoast-seo-wordpress\/ -->\n<title>Moto Morini lanza la X-Cape 700 e inaugura su d\u00e9cimo concesionario -<\/title>\n<meta name=\"description\" content=\"Moto Morini Argentina, de la mano de Grupo Simpa S.A., lanz\u00f3 oficialmente la nueva X-Cape 700. Este trail de producci\u00f3n nacional se present\u00f3\" \/>\n<meta name=\"robots\" content=\"index, follow, max-snippet:-1, max-image-preview:large, max-video-preview:-1\" \/>\n<link rel=\"canonical\" href=\"https:\/\/autofans.com.ar\/index.php\/2025\/08\/27\/moto-morini-lanza-la-x-cape-700-e-inaugura-su-decimo-concesionario\/\" \/>\n<meta property=\"og:locale\" content=\"es_ES\" \/>\n<meta property=\"og:type\" content=\"article\" \/>\n<meta property=\"og:title\" content=\"Moto Morini lanza la X-Cape 700 e inaugura su d\u00e9cimo concesionario -\" \/>\n<meta property=\"og:description\" content=\"Moto Morini Argentina, de la mano de Grupo Simpa S.A., lanz\u00f3 oficialmente la nueva X-Cape 700. Este trail de producci\u00f3n nacional se present\u00f3\" \/>\n<meta property=\"og:url\" content=\"https:\/\/autofans.com.ar\/index.php\/2025\/08\/27\/moto-morini-lanza-la-x-cape-700-e-inaugura-su-decimo-concesionario\/\" \/>\n<meta property=\"article:published_time\" content=\"2025-08-27T20:37:29+00:00\" \/>\n<meta property=\"article:modified_time\" content=\"2025-08-27T20:37:59+00:00\" \/>\n<meta property=\"og:image\" content=\"https:\/\/autofans.com.ar\/wp-content\/uploads\/2025\/08\/moto-7.jpg\" \/>\n\t<meta property=\"og:image:width\" content=\"1000\" \/>\n\t<meta property=\"og:image:height\" content=\"667\" \/>\n\t<meta property=\"og:image:type\" content=\"image\/jpeg\" \/>\n<meta name=\"author\" content=\"Alejandro Gabriel Rosito\" \/>\n<meta name=\"twitter:card\" content=\"summary_large_image\" \/>\n<meta name=\"twitter:label1\" content=\"Escrito por\" \/>\n\t<meta name=\"twitter:data1\" content=\"Alejandro Gabriel Rosito\" \/>\n\t<meta name=\"twitter:label2\" content=\"Tiempo de lectura\" \/>\n\t<meta name=\"twitter:data2\" content=\"3 minutos\" \/>\n<script type=\"application\/ld+json\" class=\"yoast-schema-graph\">{\"@context\":\"https:\\\/\\\/schema.org\",\"@graph\":[{\"@type\":\"Article\",\"@id\":\"https:\\\/\\\/autofans.com.ar\\\/index.php\\\/2025\\\/08\\\/27\\\/moto-morini-lanza-la-x-cape-700-e-inaugura-su-decimo-concesionario\\\/#article\",\"isPartOf\":{\"@id\":\"https:\\\/\\\/autofans.com.ar\\\/index.php\\\/2025\\\/08\\\/27\\\/moto-morini-lanza-la-x-cape-700-e-inaugura-su-decimo-concesionario\\\/\"},\"author\":{\"name\":\"Alejandro Gabriel Rosito\",\"@id\":\"https:\\\/\\\/autofans.com.ar\\\/#\\\/schema\\\/person\\\/4a8dda0b6df83ac3d6723e921274c2aa\"},\"headline\":\"Moto Morini lanza la X-Cape 700 e inaugura su d\u00e9cimo concesionario\",\"datePublished\":\"2025-08-27T20:37:29+00:00\",\"dateModified\":\"2025-08-27T20:37:59+00:00\",\"mainEntityOfPage\":{\"@id\":\"https:\\\/\\\/autofans.com.ar\\\/index.php\\\/2025\\\/08\\\/27\\\/moto-morini-lanza-la-x-cape-700-e-inaugura-su-decimo-concesionario\\\/\"},\"wordCount\":555,\"image\":{\"@id\":\"https:\\\/\\\/autofans.com.ar\\\/index.php\\\/2025\\\/08\\\/27\\\/moto-morini-lanza-la-x-cape-700-e-inaugura-su-decimo-concesionario\\\/#primaryimage\"},\"thumbnailUrl\":\"https:\\\/\\\/autofans.com.ar\\\/wp-content\\\/uploads\\\/2025\\\/08\\\/moto-7.jpg\",\"keywords\":[\"concesionario Moto Morini\",\"cuotas sin inter\u00e9s moto\",\"moto adventure\",\"Moto Morini Quilmes\",\"Moto Morini X-Cape 700\",\"moto trail Argentina\",\"precio moto 700cc\"],\"articleSection\":[\"LANZAMIENTOS\",\"Motos\"],\"inLanguage\":\"es\"},{\"@type\":\"WebPage\",\"@id\":\"https:\\\/\\\/autofans.com.ar\\\/index.php\\\/2025\\\/08\\\/27\\\/moto-morini-lanza-la-x-cape-700-e-inaugura-su-decimo-concesionario\\\/\",\"url\":\"https:\\\/\\\/autofans.com.ar\\\/index.php\\\/2025\\\/08\\\/27\\\/moto-morini-lanza-la-x-cape-700-e-inaugura-su-decimo-concesionario\\\/\",\"name\":\"Moto Morini lanza la X-Cape 700 e inaugura su d\u00e9cimo concesionario -\",\"isPartOf\":{\"@id\":\"https:\\\/\\\/autofans.com.ar\\\/#website\"},\"primaryImageOfPage\":{\"@id\":\"https:\\\/\\\/autofans.com.ar\\\/index.php\\\/2025\\\/08\\\/27\\\/moto-morini-lanza-la-x-cape-700-e-inaugura-su-decimo-concesionario\\\/#primaryimage\"},\"image\":{\"@id\":\"https:\\\/\\\/autofans.com.ar\\\/index.php\\\/2025\\\/08\\\/27\\\/moto-morini-lanza-la-x-cape-700-e-inaugura-su-decimo-concesionario\\\/#primaryimage\"},\"thumbnailUrl\":\"https:\\\/\\\/autofans.com.ar\\\/wp-content\\\/uploads\\\/2025\\\/08\\\/moto-7.jpg\",\"datePublished\":\"2025-08-27T20:37:29+00:00\",\"dateModified\":\"2025-08-27T20:37:59+00:00\",\"author\":{\"@id\":\"https:\\\/\\\/autofans.com.ar\\\/#\\\/schema\\\/person\\\/4a8dda0b6df83ac3d6723e921274c2aa\"},\"description\":\"Moto Morini Argentina, de la mano de Grupo Simpa S.A., lanz\u00f3 oficialmente la nueva X-Cape 700. Este trail de producci\u00f3n nacional se present\u00f3\",\"breadcrumb\":{\"@id\":\"https:\\\/\\\/autofans.com.ar\\\/index.php\\\/2025\\\/08\\\/27\\\/moto-morini-lanza-la-x-cape-700-e-inaugura-su-decimo-concesionario\\\/#breadcrumb\"},\"inLanguage\":\"es\",\"potentialAction\":[{\"@type\":\"ReadAction\",\"target\":[\"https:\\\/\\\/autofans.com.ar\\\/index.php\\\/2025\\\/08\\\/27\\\/moto-morini-lanza-la-x-cape-700-e-inaugura-su-decimo-concesionario\\\/\"]}]},{\"@type\":\"ImageObject\",\"inLanguage\":\"es\",\"@id\":\"https:\\\/\\\/autofans.com.ar\\\/index.php\\\/2025\\\/08\\\/27\\\/moto-morini-lanza-la-x-cape-700-e-inaugura-su-decimo-concesionario\\\/#primaryimage\",\"url\":\"https:\\\/\\\/autofans.com.ar\\\/wp-content\\\/uploads\\\/2025\\\/08\\\/moto-7.jpg\",\"contentUrl\":\"https:\\\/\\\/autofans.com.ar\\\/wp-content\\\/uploads\\\/2025\\\/08\\\/moto-7.jpg\",\"width\":1000,\"height\":667,\"caption\":\"Moto Morini\"},{\"@type\":\"BreadcrumbList\",\"@id\":\"https:\\\/\\\/autofans.com.ar\\\/index.php\\\/2025\\\/08\\\/27\\\/moto-morini-lanza-la-x-cape-700-e-inaugura-su-decimo-concesionario\\\/#breadcrumb\",\"itemListElement\":[{\"@type\":\"ListItem\",\"position\":1,\"name\":\"Inicio\",\"item\":\"https:\\\/\\\/autofans.com.ar\\\/\"},{\"@type\":\"ListItem\",\"position\":2,\"name\":\"Moto Morini lanza la X-Cape 700 e inaugura su d\u00e9cimo concesionario\"}]},{\"@type\":\"WebSite\",\"@id\":\"https:\\\/\\\/autofans.com.ar\\\/#website\",\"url\":\"https:\\\/\\\/autofans.com.ar\\\/\",\"name\":\"\",\"description\":\"El multimedio referente de la industria automotriz\",\"potentialAction\":[{\"@type\":\"SearchAction\",\"target\":{\"@type\":\"EntryPoint\",\"urlTemplate\":\"https:\\\/\\\/autofans.com.ar\\\/?s={search_term_string}\"},\"query-input\":{\"@type\":\"PropertyValueSpecification\",\"valueRequired\":true,\"valueName\":\"search_term_string\"}}],\"inLanguage\":\"es\"},{\"@type\":\"Person\",\"@id\":\"https:\\\/\\\/autofans.com.ar\\\/#\\\/schema\\\/person\\\/4a8dda0b6df83ac3d6723e921274c2aa\",\"name\":\"Alejandro Gabriel Rosito\",\"image\":{\"@type\":\"ImageObject\",\"inLanguage\":\"es\",\"@id\":\"https:\\\/\\\/secure.gravatar.com\\\/avatar\\\/16c5dda1489adfc62618084dcbb91cffd879c374b13fe5dd8e44ed6733852c88?s=96&d=mm&r=g\",\"url\":\"https:\\\/\\\/secure.gravatar.com\\\/avatar\\\/16c5dda1489adfc62618084dcbb91cffd879c374b13fe5dd8e44ed6733852c88?s=96&d=mm&r=g\",\"contentUrl\":\"https:\\\/\\\/secure.gravatar.com\\\/avatar\\\/16c5dda1489adfc62618084dcbb91cffd879c374b13fe5dd8e44ed6733852c88?s=96&d=mm&r=g\",\"caption\":\"Alejandro Gabriel Rosito\"},\"url\":\"https:\\\/\\\/autofans.com.ar\\\/index.php\\\/author\\\/gabrielr\\\/\"}]}<\/script>\n<!-- \/ Yoast SEO plugin. -->","yoast_head_json":{"title":"Moto Morini lanza la X-Cape 700 e inaugura su d\u00e9cimo concesionario -","description":"Moto Morini Argentina, de la mano de Grupo Simpa S.A., lanz\u00f3 oficialmente la nueva X-Cape 700. Este trail de producci\u00f3n nacional se present\u00f3","robots":{"index":"index","follow":"follow","max-snippet":"max-snippet:-1","max-image-preview":"max-image-preview:large","max-video-preview":"max-video-preview:-1"},"canonical":"https:\/\/autofans.com.ar\/index.php\/2025\/08\/27\/moto-morini-lanza-la-x-cape-700-e-inaugura-su-decimo-concesionario\/","og_locale":"es_ES","og_type":"article","og_title":"Moto Morini lanza la X-Cape 700 e inaugura su d\u00e9cimo concesionario -","og_description":"Moto Morini Argentina, de la mano de Grupo Simpa S.A., lanz\u00f3 oficialmente la nueva X-Cape 700. Este trail de producci\u00f3n nacional se present\u00f3","og_url":"https:\/\/autofans.com.ar\/index.php\/2025\/08\/27\/moto-morini-lanza-la-x-cape-700-e-inaugura-su-decimo-concesionario\/","article_published_time":"2025-08-27T20:37:29+00:00","article_modified_time":"2025-08-27T20:37:59+00:00","og_image":[{"width":1000,"height":667,"url":"https:\/\/autofans.com.ar\/wp-content\/uploads\/2025\/08\/moto-7.jpg","type":"image\/jpeg"}],"author":"Alejandro Gabriel Rosito","twitter_card":"summary_large_image","twitter_misc":{"Escrito por":"Alejandro Gabriel Rosito","Tiempo de lectura":"3 minutos"},"schema":{"@context":"https:\/\/schema.org","@graph":[{"@type":"Article","@id":"https:\/\/autofans.com.ar\/index.php\/2025\/08\/27\/moto-morini-lanza-la-x-cape-700-e-inaugura-su-decimo-concesionario\/#article","isPartOf":{"@id":"https:\/\/autofans.com.ar\/index.php\/2025\/08\/27\/moto-morini-lanza-la-x-cape-700-e-inaugura-su-decimo-concesionario\/"},"author":{"name":"Alejandro Gabriel Rosito","@id":"https:\/\/autofans.com.ar\/#\/schema\/person\/4a8dda0b6df83ac3d6723e921274c2aa"},"headline":"Moto Morini lanza la X-Cape 700 e inaugura su d\u00e9cimo concesionario","datePublished":"2025-08-27T20:37:29+00:00","dateModified":"2025-08-27T20:37:59+00:00","mainEntityOfPage":{"@id":"https:\/\/autofans.com.ar\/index.php\/2025\/08\/27\/moto-morini-lanza-la-x-cape-700-e-inaugura-su-decimo-concesionario\/"},"wordCount":555,"image":{"@id":"https:\/\/autofans.com.ar\/index.php\/2025\/08\/27\/moto-morini-lanza-la-x-cape-700-e-inaugura-su-decimo-concesionario\/#primaryimage"},"thumbnailUrl":"https:\/\/autofans.com.ar\/wp-content\/uploads\/2025\/08\/moto-7.jpg","keywords":["concesionario Moto Morini","cuotas sin inter\u00e9s moto","moto adventure","Moto Morini Quilmes","Moto Morini X-Cape 700","moto trail Argentina","precio moto 700cc"],"articleSection":["LANZAMIENTOS","Motos"],"inLanguage":"es"},{"@type":"WebPage","@id":"https:\/\/autofans.com.ar\/index.php\/2025\/08\/27\/moto-morini-lanza-la-x-cape-700-e-inaugura-su-decimo-concesionario\/","url":"https:\/\/autofans.com.ar\/index.php\/2025\/08\/27\/moto-morini-lanza-la-x-cape-700-e-inaugura-su-decimo-concesionario\/","name":"Moto Morini lanza la X-Cape 700 e inaugura su d\u00e9cimo concesionario -","isPartOf":{"@id":"https:\/\/autofans.com.ar\/#website"},"primaryImageOfPage":{"@id":"https:\/\/autofans.com.ar\/index.php\/2025\/08\/27\/moto-morini-lanza-la-x-cape-700-e-inaugura-su-decimo-concesionario\/#primaryimage"},"image":{"@id":"https:\/\/autofans.com.ar\/index.php\/2025\/08\/27\/moto-morini-lanza-la-x-cape-700-e-inaugura-su-decimo-concesionario\/#primaryimage"},"thumbnailUrl":"https:\/\/autofans.com.ar\/wp-content\/uploads\/2025\/08\/moto-7.jpg","datePublished":"2025-08-27T20:37:29+00:00","dateModified":"2025-08-27T20:37:59+00:00","author":{"@id":"https:\/\/autofans.com.ar\/#\/schema\/person\/4a8dda0b6df83ac3d6723e921274c2aa"},"description":"Moto Morini Argentina, de la mano de Grupo Simpa S.A., lanz\u00f3 oficialmente la nueva X-Cape 700. Este trail de producci\u00f3n nacional se present\u00f3","breadcrumb":{"@id":"https:\/\/autofans.com.ar\/index.php\/2025\/08\/27\/moto-morini-lanza-la-x-cape-700-e-inaugura-su-decimo-concesionario\/#breadcrumb"},"inLanguage":"es","potentialAction":[{"@type":"ReadAction","target":["https:\/\/autofans.com.ar\/index.php\/2025\/08\/27\/moto-morini-lanza-la-x-cape-700-e-inaugura-su-decimo-concesionario\/"]}]},{"@type":"ImageObject","inLanguage":"es","@id":"https:\/\/autofans.com.ar\/index.php\/2025\/08\/27\/moto-morini-lanza-la-x-cape-700-e-inaugura-su-decimo-concesionario\/#primaryimage","url":"https:\/\/autofans.com.ar\/wp-content\/uploads\/2025\/08\/moto-7.jpg","contentUrl":"https:\/\/autofans.com.ar\/wp-content\/uploads\/2025\/08\/moto-7.jpg","width":1000,"height":667,"caption":"Moto Morini"},{"@type":"BreadcrumbList","@id":"https:\/\/autofans.com.ar\/index.php\/2025\/08\/27\/moto-morini-lanza-la-x-cape-700-e-inaugura-su-decimo-concesionario\/#breadcrumb","itemListElement":[{"@type":"ListItem","position":1,"name":"Inicio","item":"https:\/\/autofans.com.ar\/"},{"@type":"ListItem","position":2,"name":"Moto Morini lanza la X-Cape 700 e inaugura su d\u00e9cimo concesionario"}]},{"@type":"WebSite","@id":"https:\/\/autofans.com.ar\/#website","url":"https:\/\/autofans.com.ar\/","name":"","description":"El multimedio referente de la industria automotriz","potentialAction":[{"@type":"SearchAction","target":{"@type":"EntryPoint","urlTemplate":"https:\/\/autofans.com.ar\/?s={search_term_string}"},"query-input":{"@type":"PropertyValueSpecification","valueRequired":true,"valueName":"search_term_string"}}],"inLanguage":"es"},{"@type":"Person","@id":"https:\/\/autofans.com.ar\/#\/schema\/person\/4a8dda0b6df83ac3d6723e921274c2aa","name":"Alejandro Gabriel Rosito","image":{"@type":"ImageObject","inLanguage":"es","@id":"https:\/\/secure.gravatar.com\/avatar\/16c5dda1489adfc62618084dcbb91cffd879c374b13fe5dd8e44ed6733852c88?s=96&d=mm&r=g","url":"https:\/\/secure.gravatar.com\/avatar\/16c5dda1489adfc62618084dcbb91cffd879c374b13fe5dd8e44ed6733852c88?s=96&d=mm&r=g","contentUrl":"https:\/\/secure.gravatar.com\/avatar\/16c5dda1489adfc62618084dcbb91cffd879c374b13fe5dd8e44ed6733852c88?s=96&d=mm&r=g","caption":"Alejandro Gabriel Rosito"},"url":"https:\/\/autofans.com.ar\/index.php\/author\/gabrielr\/"}]}},"featured_image_urls":{"full":["https:\/\/autofans.com.ar\/wp-content\/uploads\/2025\/08\/moto-7.jpg",1000,667,false],"thumbnail":["https:\/\/autofans.com.ar\/wp-content\/uploads\/2025\/08\/moto-7-150x150.jpg",150,150,true],"medium":["https:\/\/autofans.com.ar\/wp-content\/uploads\/2025\/08\/moto-7-300x200.jpg",300,200,true],"medium_large":["https:\/\/autofans.com.ar\/wp-content\/uploads\/2025\/08\/moto-7-768x512.jpg",640,427,true],"large":["https:\/\/autofans.com.ar\/wp-content\/uploads\/2025\/08\/moto-7.jpg",640,427,false],"1536x1536":["https:\/\/autofans.com.ar\/wp-content\/uploads\/2025\/08\/moto-7.jpg",1000,667,false],"2048x2048":["https:\/\/autofans.com.ar\/wp-content\/uploads\/2025\/08\/moto-7.jpg",1000,667,false],"covernews-featured":["https:\/\/autofans.com.ar\/wp-content\/uploads\/2025\/08\/moto-7.jpg",1000,667,false],"covernews-medium":["https:\/\/autofans.com.ar\/wp-content\/uploads\/2025\/08\/moto-7-540x340.jpg",540,340,true]},"author_info":{"display_name":"Alejandro Gabriel Rosito","author_link":"https:\/\/autofans.com.ar\/index.php\/author\/gabrielr\/"},"category_info":"<a href=\"https:\/\/autofans.com.ar\/index.php\/category\/lanzamientos\/\" rel=\"category tag\">LANZAMIENTOS<\/a> <a href=\"https:\/\/autofans.com.ar\/index.php\/category\/lanzamientos\/motos-lanzamientos\/\" rel=\"category tag\">Motos<\/a>","tag_info":"Motos","comment_count":0,"_links":{"self":[{"href":"https:\/\/autofans.com.ar\/index.php\/wp-json\/wp\/v2\/posts\/13879","targetHints":{"allow":["GET"]}}],"collection":[{"href":"https:\/\/autofans.com.ar\/index.php\/wp-json\/wp\/v2\/posts"}],"about":[{"href":"https:\/\/autofans.com.ar\/index.php\/wp-json\/wp\/v2\/types\/post"}],"author":[{"embeddable":true,"href":"https:\/\/autofans.com.ar\/index.php\/wp-json\/wp\/v2\/users\/2"}],"replies":[{"embeddable":true,"href":"https:\/\/autofans.com.ar\/index.php\/wp-json\/wp\/v2\/comments?post=13879"}],"version-history":[{"count":3,"href":"https:\/\/autofans.com.ar\/index.php\/wp-json\/wp\/v2\/posts\/13879\/revisions"}],"predecessor-version":[{"id":13890,"href":"https:\/\/autofans.com.ar\/index.php\/wp-json\/wp\/v2\/posts\/13879\/revisions\/13890"}],"wp:featuredmedia":[{"embeddable":true,"href":"https:\/\/autofans.com.ar\/index.php\/wp-json\/wp\/v2\/media\/13880"}],"wp:attachment":[{"href":"https:\/\/autofans.com.ar\/index.php\/wp-json\/wp\/v2\/media?parent=13879"}],"wp:term":[{"taxonomy":"category","embeddable":true,"href":"https:\/\/autofans.com.ar\/index.php\/wp-json\/wp\/v2\/categories?post=13879"},{"taxonomy":"post_tag","embeddable":true,"href":"https:\/\/autofans.com.ar\/index.php\/wp-json\/wp\/v2\/tags?post=13879"}],"curies":[{"name":"wp","href":"https:\/\/api.w.org\/{rel}","templated":true}]}}