{"id":13891,"date":"2025-08-28T15:48:27","date_gmt":"2025-08-28T18:48:27","guid":{"rendered":"https:\/\/autofans.com.ar\/?p=13891"},"modified":"2025-08-28T15:48:27","modified_gmt":"2025-08-28T18:48:27","slug":"el-renault-koleos-renovado-ya-esta-en-argentina-con-version-hibrida","status":"publish","type":"post","link":"https:\/\/autofans.com.ar\/index.php\/2025\/08\/28\/el-renault-koleos-renovado-ya-esta-en-argentina-con-version-hibrida\/","title":{"rendered":"El Renault Koleos renovado ya est\u00e1 en Argentina con versi\u00f3n h\u00edbrida"},"content":{"rendered":"<p class=\"ds-markdown-paragraph\">Renault Argentina anunci\u00f3 el lanzamiento de la nueva generaci\u00f3n del Koleos, un SUV que representa un salto cualitativo para la marca. Con m\u00e1s de 8.000 unidades vendidas desde su debut en 2009, este modelo llega con un redise\u00f1o completo y una novedad clave: la primera motorizaci\u00f3n full hybrid de Renault en el pa\u00eds.<\/p>\n<p>&nbsp;<\/p>\n<h2>Renault elige al pa\u00eds para el lanzamiento del nuevo Koleos<\/h2>\n<p>&nbsp;<\/p>\n<p><img fetchpriority=\"high\" decoding=\"async\" class=\"aligncenter wp-image-13895 size-full\" src=\"https:\/\/autofans.com.ar\/wp-content\/uploads\/2025\/08\/koleos-6.jpg\" alt=\"Koleos\" width=\"1000\" height=\"667\" srcset=\"https:\/\/autofans.com.ar\/wp-content\/uploads\/2025\/08\/koleos-6.jpg 1000w, https:\/\/autofans.com.ar\/wp-content\/uploads\/2025\/08\/koleos-6-300x200.jpg 300w, https:\/\/autofans.com.ar\/wp-content\/uploads\/2025\/08\/koleos-6-768x512.jpg 768w\" sizes=\"(max-width: 1000px) 100vw, 1000px\" \/><\/p>\n<p>&nbsp;<\/p>\n<p class=\"ds-markdown-paragraph\">La preventa arranca el 28 de agosto de forma exclusiva a trav\u00e9s de Renault Store, con unidades limitadas de dos versiones:<\/p>\n<ul>\n<li>\n<p class=\"ds-markdown-paragraph\">esprit Alpine full hybrid E-Tech: desde $79.000.000.<\/p>\n<\/li>\n<li>\n<p class=\"ds-markdown-paragraph\">Techno 4WD (motor 2.0 turbo): desde $74.000.000.<\/p>\n<\/li>\n<\/ul>\n<p class=\"ds-markdown-paragraph\">Este lanzamiento posiciona a Argentina como el tercer pa\u00eds de la regi\u00f3n en recibir el modelo, en el marco del plan global Renault International 2027.<\/p>\n<p>&nbsp;<\/p>\n<blockquote>\n<p style=\"text-align: center;\">Pablo Sibilla, presidente y director general de Renault Argentina, afirm\u00f3: \u00abKoleos forma parte de la historia reciente de Renault en Argentina. Con m\u00e1s de 16 a\u00f1os de presencia y m\u00e1s de 8.000 unidades comercializadas en el pa\u00eds, esta nueva generaci\u00f3n llega para renovar nuestra propuesta en el segmento D SUV con una mirada moderna, tecnol\u00f3gica y cada vez m\u00e1s alineada a las expectativas de nuestros clientes. Adem\u00e1s, se trata del primer modelo de la marca en incorporar una versi\u00f3n full h\u00edbrida en el mercado local, lo que representa un nuevo paso firme en el proceso de transformaci\u00f3n que venimos llevando adelante en los \u00faltimos a\u00f1os, con foco en la innovaci\u00f3n, la sostenibilidad y la evoluci\u00f3n de nuestra gama de productos.\u00bb<\/p>\n<\/blockquote>\n<p>&nbsp;<\/p>\n<h2 class=\"ds-markdown-paragraph\">Dos versiones, dos propuestas claras<\/h2>\n<p class=\"ds-markdown-paragraph\">El nuevo Koleos apunta a dos p\u00fablicos bien definidos. La versi\u00f3n esprit Alpine full hybrid E-Tech introduce la tecnolog\u00eda h\u00edbrida auto-recargable. Combina un motor naftero 1.5L con dos motores el\u00e9ctricos, entregando 245 CV. Su gesti\u00f3n inteligente le permite circular hasta un 75% en modo el\u00e9ctrico en ciudad, sin necesidad de enchufarse. Incluye detalles de dise\u00f1o exclusivos de Alpine y un sistema de sonido Bose con cancelaci\u00f3n activa de ruido.<\/p>\n<p class=\"ds-markdown-paragraph\">Para quienes buscan mayor performance y aventura, la versi\u00f3n Techno cuenta con un motor 2.0 turbo de 235 CV, tracci\u00f3n integral 4WD y una caja autom\u00e1tica de 8 velocidades. Est\u00e1 preparada para dominar todo tipo de terrenos.<\/p>\n<p>&nbsp;<\/p>\n<div id='gallery-1' class='gallery galleryid-13891 gallery-columns-2 gallery-size-full'><figure class='gallery-item'>\n\t\t\t<div class='gallery-icon landscape'>\n\t\t\t\t<a href='https:\/\/autofans.com.ar\/index.php\/2025\/08\/28\/el-renault-koleos-renovado-ya-esta-en-argentina-con-version-hibrida\/koleos-2\/'><img loading=\"lazy\" width=\"1000\" height=\"667\" src=\"https:\/\/autofans.com.ar\/wp-content\/uploads\/2025\/08\/koleos-2.jpg\" class=\"attachment-full size-full\" alt=\"Koleos\" srcset=\"https:\/\/autofans.com.ar\/wp-content\/uploads\/2025\/08\/koleos-2.jpg 1000w, https:\/\/autofans.com.ar\/wp-content\/uploads\/2025\/08\/koleos-2-300x200.jpg 300w, https:\/\/autofans.com.ar\/wp-content\/uploads\/2025\/08\/koleos-2-768x512.jpg 768w\" sizes=\"auto, (max-width: 1000px) 100vw, 1000px\" loading=\"lazy\" decoding=\"async\" \/><\/a>\n\t\t\t<\/div><\/figure><figure class='gallery-item'>\n\t\t\t<div class='gallery-icon landscape'>\n\t\t\t\t<a href='https:\/\/autofans.com.ar\/index.php\/2025\/08\/28\/el-renault-koleos-renovado-ya-esta-en-argentina-con-version-hibrida\/koleos-3\/'><img loading=\"lazy\" width=\"1000\" height=\"667\" src=\"https:\/\/autofans.com.ar\/wp-content\/uploads\/2025\/08\/koleos-3.jpg\" class=\"attachment-full size-full\" alt=\"Koleos\" srcset=\"https:\/\/autofans.com.ar\/wp-content\/uploads\/2025\/08\/koleos-3.jpg 1000w, https:\/\/autofans.com.ar\/wp-content\/uploads\/2025\/08\/koleos-3-300x200.jpg 300w, https:\/\/autofans.com.ar\/wp-content\/uploads\/2025\/08\/koleos-3-768x512.jpg 768w\" sizes=\"auto, (max-width: 1000px) 100vw, 1000px\" loading=\"lazy\" decoding=\"async\" \/><\/a>\n\t\t\t<\/div><\/figure>\n\t\t<\/div>\n\n<p>&nbsp;<\/p>\n<h2 class=\"ds-markdown-paragraph\">Koleos &#8211; tecnolog\u00eda y conectividad a bordo<\/h2>\n<p class=\"ds-markdown-paragraph\">Ambas versiones comparten el sistema Open\u2019R, un conjunto de tres pantallas de 12.3 pulgadas que integran instrumental, entretenimiento e informaci\u00f3n para el pasajero. El sistema es compatible con Apple CarPlay y Android Auto, e incluye funciones como control por gestos y actualizaciones over-the-air (FOTA).<\/p>\n<p class=\"ds-markdown-paragraph\">El Koleos se destaca por incorporar 29 sistemas ADAS. Ofrece estacionamiento aut\u00f3nomo, conducci\u00f3n aut\u00f3noma de nivel 2 en autopistas, frenado aut\u00f3nomo de emergencia y una c\u00e1mara de visi\u00f3n 540\u00b0 con funci\u00f3n de chasis transparente. Un chasis de alta resistencia y siete airbags completan el paquete de seguridad.<\/p>\n<p>&nbsp;<\/p>\n<blockquote>\n<p style=\"text-align: center;\">Valentina Solari, Directora Comercial de Renault Argentina, agreg\u00f3:\u00a0\u00abLa llegada del nuevo Renault Koleos es otra demostraci\u00f3n de la ejecuci\u00f3n de nuestra estrategia en uno de los segmentos m\u00e1s exclusivos de la industria, donde las marcas exhiben su m\u00e1ximo saber hacer. En este sentido, el nuevo Renault Koleos ostenta una combinaci\u00f3n superadora de sofisticaci\u00f3n, conectividad, tecnolog\u00eda avanzada y experiencia de manejo. Su destacado avance en dise\u00f1o, tecnolog\u00eda y confort refuerza nuestra ambici\u00f3n de seguir creciendo en el universo SUV con la esta m\u00e1xima expresi\u00f3n de la marca, que potencia nuestra presencia en este segmento. La preventa se enmarca en una etapa clave para Renault en la Regi\u00f3n, impulsada por el Renault International Game Plan 2027, que adem\u00e1s de los recientes lanzamientos y revelaciones como Renault Kardian, Boreal y el nuevo Renault Koleos, sigue mostrando la ejecuci\u00f3n del plan que contin\u00faa con el desarrollo local de la futura pick-up de media tonelada, que se fabricar\u00e1 en nuestra planta de Santa Isabel a partir del 2026.\u201d<\/p>\n<\/blockquote>\n<p>&nbsp;<\/p>\n<h2 class=\"ds-markdown-paragraph\">Confort y espacio interior<\/h2>\n<p class=\"ds-markdown-paragraph\">Con una carrocer\u00eda de 4,78 metros, el habit\u00e1culo ofrece uno de los espacios m\u00e1s amplios de su segmento. Incluye climatizador trizona, asientos delanteros ventilados y calefaccionados, calefacci\u00f3n en plazas traseras y un ba\u00fal de 574 litros de capacidad.<\/p>\n<p>&nbsp;<\/p>\n<div id='gallery-2' class='gallery galleryid-13891 gallery-columns-3 gallery-size-full'><figure class='gallery-item'>\n\t\t\t<div class='gallery-icon landscape'>\n\t\t\t\t<a href='https:\/\/autofans.com.ar\/index.php\/2025\/08\/28\/el-renault-koleos-renovado-ya-esta-en-argentina-con-version-hibrida\/koleos-5\/'><img loading=\"lazy\" width=\"1000\" height=\"667\" src=\"https:\/\/autofans.com.ar\/wp-content\/uploads\/2025\/08\/koleos-5.jpg\" class=\"attachment-full size-full\" alt=\"Koleos\" srcset=\"https:\/\/autofans.com.ar\/wp-content\/uploads\/2025\/08\/koleos-5.jpg 1000w, https:\/\/autofans.com.ar\/wp-content\/uploads\/2025\/08\/koleos-5-300x200.jpg 300w, https:\/\/autofans.com.ar\/wp-content\/uploads\/2025\/08\/koleos-5-768x512.jpg 768w\" sizes=\"auto, (max-width: 1000px) 100vw, 1000px\" loading=\"lazy\" decoding=\"async\" \/><\/a>\n\t\t\t<\/div><\/figure><figure class='gallery-item'>\n\t\t\t<div class='gallery-icon landscape'>\n\t\t\t\t<a href='https:\/\/autofans.com.ar\/index.php\/2025\/08\/28\/el-renault-koleos-renovado-ya-esta-en-argentina-con-version-hibrida\/koleos-4\/'><img loading=\"lazy\" width=\"1000\" height=\"667\" src=\"https:\/\/autofans.com.ar\/wp-content\/uploads\/2025\/08\/koleos-4.jpg\" class=\"attachment-full size-full\" alt=\"Koleos\" srcset=\"https:\/\/autofans.com.ar\/wp-content\/uploads\/2025\/08\/koleos-4.jpg 1000w, https:\/\/autofans.com.ar\/wp-content\/uploads\/2025\/08\/koleos-4-300x200.jpg 300w, https:\/\/autofans.com.ar\/wp-content\/uploads\/2025\/08\/koleos-4-768x512.jpg 768w\" sizes=\"auto, (max-width: 1000px) 100vw, 1000px\" loading=\"lazy\" decoding=\"async\" \/><\/a>\n\t\t\t<\/div><\/figure><figure class='gallery-item'>\n\t\t\t<div class='gallery-icon landscape'>\n\t\t\t\t<a href='https:\/\/autofans.com.ar\/index.php\/2025\/08\/28\/el-renault-koleos-renovado-ya-esta-en-argentina-con-version-hibrida\/koleos-2\/'><img loading=\"lazy\" width=\"1000\" height=\"667\" src=\"https:\/\/autofans.com.ar\/wp-content\/uploads\/2025\/08\/koleos-2.jpg\" class=\"attachment-full size-full\" alt=\"Koleos\" srcset=\"https:\/\/autofans.com.ar\/wp-content\/uploads\/2025\/08\/koleos-2.jpg 1000w, https:\/\/autofans.com.ar\/wp-content\/uploads\/2025\/08\/koleos-2-300x200.jpg 300w, https:\/\/autofans.com.ar\/wp-content\/uploads\/2025\/08\/koleos-2-768x512.jpg 768w\" sizes=\"auto, (max-width: 1000px) 100vw, 1000px\" loading=\"lazy\" decoding=\"async\" \/><\/a>\n\t\t\t<\/div><\/figure>\n\t\t<\/div>\n\n<p>&nbsp;<\/p>\n<p class=\"ds-markdown-paragraph\">La experiencia se complementa con la app My Koleos, que permite funciones como llave digital, encendido remoto, climatizaci\u00f3n anticipada y localizaci\u00f3n del veh\u00edculo.<\/p>\n<p class=\"ds-markdown-paragraph\">La preventa exclusiva ya est\u00e1 abierta en la web oficial de <a href=\"https:\/\/store.renault.com.ar\" target=\"_blank\" rel=\"noopener\">Renault Store<\/a>.<\/p>\n<p>&nbsp;<\/p>\n<p>&nbsp;<\/p>\n<p><i>Para enterarte de m\u00e1s novedades, no dejes de leer\u00a0<\/i><a href=\"https:\/\/autofans.thebrandsoup.com\/\"><i>nuestras notas<\/i><\/a><i>, de ver\u00a0<\/i><a href=\"https:\/\/www.youtube.com\/channel\/UCgAC8UGHZYbT6P7PpmVnP7g\"><i>AUTOFANS TV<\/i><\/a><i>\u00a0en nuestro\u00a0canal de Youtube. Adem\u00e1s seguinos en\u00a0<\/i><a href=\"https:\/\/www.instagram.com\/autofanstv\/\"><i>INSTAGRAM<\/i><\/a><i> y <\/i><a href=\"https:\/\/www.facebook.com\/autofansmas\/\"><i>FACEBOOK<\/i><\/a><i> para no perderte nada sobre las novedades del segmento automotor de Argentina y el mundo.<\/i><\/p>\n","protected":false},"excerpt":{"rendered":"<p>Renault Argentina anunci\u00f3 el lanzamiento de la nueva generaci\u00f3n del Koleos, un SUV que representa&#8230;<\/p>\n","protected":false},"author":2,"featured_media":13894,"comment_status":"closed","ping_status":"closed","sticky":false,"template":"","format":"standard","meta":{"footnotes":""},"categories":[3,1],"tags":[5772,7277,7273,7278,3004,7275,565,7272,3707,6264,7274,7276],"class_list":["post-13891","post","type-post","status-publish","format-standard","has-post-thumbnail","hentry","category-autos","category-lanzamientos","tag-esprit-alpine","tag-ficha-tecnica","tag-koleos-hybrid","tag-lanzamiento-2024","tag-precios","tag-preventa-koleos","tag-renault-argentina","tag-renault-koleos","tag-renault-store","tag-suv-4x4","tag-suv-hibrido","tag-techno-4wd"],"yoast_head":"<!-- This site is optimized with the Yoast SEO plugin v27.5 - https:\/\/yoast.com\/product\/yoast-seo-wordpress\/ -->\n<title>El Renault Koleos renovado ya est\u00e1 en Argentina con versi\u00f3n h\u00edbrida -<\/title>\n<meta name=\"description\" content=\"Renault Argentina anunci\u00f3 el lanzamiento de la nueva generaci\u00f3n del Koleos, un SUV que representa un salto cualitativo para la marca...\" \/>\n<meta name=\"robots\" content=\"index, follow, max-snippet:-1, max-image-preview:large, max-video-preview:-1\" \/>\n<link rel=\"canonical\" href=\"https:\/\/autofans.com.ar\/index.php\/2025\/08\/28\/el-renault-koleos-renovado-ya-esta-en-argentina-con-version-hibrida\/\" \/>\n<meta property=\"og:locale\" content=\"es_ES\" \/>\n<meta property=\"og:type\" content=\"article\" \/>\n<meta property=\"og:title\" content=\"El Renault Koleos renovado ya est\u00e1 en Argentina con versi\u00f3n h\u00edbrida -\" \/>\n<meta property=\"og:description\" content=\"Renault Argentina anunci\u00f3 el lanzamiento de la nueva generaci\u00f3n del Koleos, un SUV que representa un salto cualitativo para la marca...\" \/>\n<meta property=\"og:url\" content=\"https:\/\/autofans.com.ar\/index.php\/2025\/08\/28\/el-renault-koleos-renovado-ya-esta-en-argentina-con-version-hibrida\/\" \/>\n<meta property=\"article:published_time\" content=\"2025-08-28T18:48:27+00:00\" \/>\n<meta property=\"og:image\" content=\"https:\/\/autofans.com.ar\/wp-content\/uploads\/2025\/08\/koleos-7.jpg\" \/>\n\t<meta property=\"og:image:width\" content=\"1000\" \/>\n\t<meta property=\"og:image:height\" content=\"667\" \/>\n\t<meta property=\"og:image:type\" content=\"image\/jpeg\" \/>\n<meta name=\"author\" content=\"Alejandro Gabriel Rosito\" \/>\n<meta name=\"twitter:card\" content=\"summary_large_image\" \/>\n<meta name=\"twitter:label1\" content=\"Escrito por\" \/>\n\t<meta name=\"twitter:data1\" content=\"Alejandro Gabriel Rosito\" \/>\n\t<meta name=\"twitter:label2\" content=\"Tiempo de lectura\" \/>\n\t<meta name=\"twitter:data2\" content=\"3 minutos\" \/>\n<script type=\"application\/ld+json\" class=\"yoast-schema-graph\">{\"@context\":\"https:\\\/\\\/schema.org\",\"@graph\":[{\"@type\":\"Article\",\"@id\":\"https:\\\/\\\/autofans.com.ar\\\/index.php\\\/2025\\\/08\\\/28\\\/el-renault-koleos-renovado-ya-esta-en-argentina-con-version-hibrida\\\/#article\",\"isPartOf\":{\"@id\":\"https:\\\/\\\/autofans.com.ar\\\/index.php\\\/2025\\\/08\\\/28\\\/el-renault-koleos-renovado-ya-esta-en-argentina-con-version-hibrida\\\/\"},\"author\":{\"name\":\"Alejandro Gabriel Rosito\",\"@id\":\"https:\\\/\\\/autofans.com.ar\\\/#\\\/schema\\\/person\\\/4a8dda0b6df83ac3d6723e921274c2aa\"},\"headline\":\"El Renault Koleos renovado ya est\u00e1 en Argentina con versi\u00f3n h\u00edbrida\",\"datePublished\":\"2025-08-28T18:48:27+00:00\",\"mainEntityOfPage\":{\"@id\":\"https:\\\/\\\/autofans.com.ar\\\/index.php\\\/2025\\\/08\\\/28\\\/el-renault-koleos-renovado-ya-esta-en-argentina-con-version-hibrida\\\/\"},\"wordCount\":819,\"image\":{\"@id\":\"https:\\\/\\\/autofans.com.ar\\\/index.php\\\/2025\\\/08\\\/28\\\/el-renault-koleos-renovado-ya-esta-en-argentina-con-version-hibrida\\\/#primaryimage\"},\"thumbnailUrl\":\"https:\\\/\\\/autofans.com.ar\\\/wp-content\\\/uploads\\\/2025\\\/08\\\/koleos-7.jpg\",\"keywords\":[\"Esprit Alpine\",\"ficha t\u00e9cnica\",\"Koleos hybrid\",\"lanzamiento 2024\",\"Precios\",\"preventa Koleos\",\"Renault Argentina\",\"Renault Koleos\",\"Renault Store\",\"SUV 4x4\",\"SUV h\u00edbrido\",\"Techno 4WD\"],\"articleSection\":[\"AUTOS y SUV\",\"LANZAMIENTOS\"],\"inLanguage\":\"es\"},{\"@type\":\"WebPage\",\"@id\":\"https:\\\/\\\/autofans.com.ar\\\/index.php\\\/2025\\\/08\\\/28\\\/el-renault-koleos-renovado-ya-esta-en-argentina-con-version-hibrida\\\/\",\"url\":\"https:\\\/\\\/autofans.com.ar\\\/index.php\\\/2025\\\/08\\\/28\\\/el-renault-koleos-renovado-ya-esta-en-argentina-con-version-hibrida\\\/\",\"name\":\"El Renault Koleos renovado ya est\u00e1 en Argentina con versi\u00f3n h\u00edbrida -\",\"isPartOf\":{\"@id\":\"https:\\\/\\\/autofans.com.ar\\\/#website\"},\"primaryImageOfPage\":{\"@id\":\"https:\\\/\\\/autofans.com.ar\\\/index.php\\\/2025\\\/08\\\/28\\\/el-renault-koleos-renovado-ya-esta-en-argentina-con-version-hibrida\\\/#primaryimage\"},\"image\":{\"@id\":\"https:\\\/\\\/autofans.com.ar\\\/index.php\\\/2025\\\/08\\\/28\\\/el-renault-koleos-renovado-ya-esta-en-argentina-con-version-hibrida\\\/#primaryimage\"},\"thumbnailUrl\":\"https:\\\/\\\/autofans.com.ar\\\/wp-content\\\/uploads\\\/2025\\\/08\\\/koleos-7.jpg\",\"datePublished\":\"2025-08-28T18:48:27+00:00\",\"author\":{\"@id\":\"https:\\\/\\\/autofans.com.ar\\\/#\\\/schema\\\/person\\\/4a8dda0b6df83ac3d6723e921274c2aa\"},\"description\":\"Renault Argentina anunci\u00f3 el lanzamiento de la nueva generaci\u00f3n del Koleos, un SUV que representa un salto cualitativo para la marca...\",\"breadcrumb\":{\"@id\":\"https:\\\/\\\/autofans.com.ar\\\/index.php\\\/2025\\\/08\\\/28\\\/el-renault-koleos-renovado-ya-esta-en-argentina-con-version-hibrida\\\/#breadcrumb\"},\"inLanguage\":\"es\",\"potentialAction\":[{\"@type\":\"ReadAction\",\"target\":[\"https:\\\/\\\/autofans.com.ar\\\/index.php\\\/2025\\\/08\\\/28\\\/el-renault-koleos-renovado-ya-esta-en-argentina-con-version-hibrida\\\/\"]}]},{\"@type\":\"ImageObject\",\"inLanguage\":\"es\",\"@id\":\"https:\\\/\\\/autofans.com.ar\\\/index.php\\\/2025\\\/08\\\/28\\\/el-renault-koleos-renovado-ya-esta-en-argentina-con-version-hibrida\\\/#primaryimage\",\"url\":\"https:\\\/\\\/autofans.com.ar\\\/wp-content\\\/uploads\\\/2025\\\/08\\\/koleos-7.jpg\",\"contentUrl\":\"https:\\\/\\\/autofans.com.ar\\\/wp-content\\\/uploads\\\/2025\\\/08\\\/koleos-7.jpg\",\"width\":1000,\"height\":667,\"caption\":\"Koleos\"},{\"@type\":\"BreadcrumbList\",\"@id\":\"https:\\\/\\\/autofans.com.ar\\\/index.php\\\/2025\\\/08\\\/28\\\/el-renault-koleos-renovado-ya-esta-en-argentina-con-version-hibrida\\\/#breadcrumb\",\"itemListElement\":[{\"@type\":\"ListItem\",\"position\":1,\"name\":\"Inicio\",\"item\":\"https:\\\/\\\/autofans.com.ar\\\/\"},{\"@type\":\"ListItem\",\"position\":2,\"name\":\"El Renault Koleos renovado ya est\u00e1 en Argentina con versi\u00f3n h\u00edbrida\"}]},{\"@type\":\"WebSite\",\"@id\":\"https:\\\/\\\/autofans.com.ar\\\/#website\",\"url\":\"https:\\\/\\\/autofans.com.ar\\\/\",\"name\":\"\",\"description\":\"El multimedio referente de la industria automotriz\",\"potentialAction\":[{\"@type\":\"SearchAction\",\"target\":{\"@type\":\"EntryPoint\",\"urlTemplate\":\"https:\\\/\\\/autofans.com.ar\\\/?s={search_term_string}\"},\"query-input\":{\"@type\":\"PropertyValueSpecification\",\"valueRequired\":true,\"valueName\":\"search_term_string\"}}],\"inLanguage\":\"es\"},{\"@type\":\"Person\",\"@id\":\"https:\\\/\\\/autofans.com.ar\\\/#\\\/schema\\\/person\\\/4a8dda0b6df83ac3d6723e921274c2aa\",\"name\":\"Alejandro Gabriel Rosito\",\"image\":{\"@type\":\"ImageObject\",\"inLanguage\":\"es\",\"@id\":\"https:\\\/\\\/secure.gravatar.com\\\/avatar\\\/16c5dda1489adfc62618084dcbb91cffd879c374b13fe5dd8e44ed6733852c88?s=96&d=mm&r=g\",\"url\":\"https:\\\/\\\/secure.gravatar.com\\\/avatar\\\/16c5dda1489adfc62618084dcbb91cffd879c374b13fe5dd8e44ed6733852c88?s=96&d=mm&r=g\",\"contentUrl\":\"https:\\\/\\\/secure.gravatar.com\\\/avatar\\\/16c5dda1489adfc62618084dcbb91cffd879c374b13fe5dd8e44ed6733852c88?s=96&d=mm&r=g\",\"caption\":\"Alejandro Gabriel Rosito\"},\"url\":\"https:\\\/\\\/autofans.com.ar\\\/index.php\\\/author\\\/gabrielr\\\/\"}]}<\/script>\n<!-- \/ Yoast SEO plugin. -->","yoast_head_json":{"title":"El Renault Koleos renovado ya est\u00e1 en Argentina con versi\u00f3n h\u00edbrida -","description":"Renault Argentina anunci\u00f3 el lanzamiento de la nueva generaci\u00f3n del Koleos, un SUV que representa un salto cualitativo para la marca...","robots":{"index":"index","follow":"follow","max-snippet":"max-snippet:-1","max-image-preview":"max-image-preview:large","max-video-preview":"max-video-preview:-1"},"canonical":"https:\/\/autofans.com.ar\/index.php\/2025\/08\/28\/el-renault-koleos-renovado-ya-esta-en-argentina-con-version-hibrida\/","og_locale":"es_ES","og_type":"article","og_title":"El Renault Koleos renovado ya est\u00e1 en Argentina con versi\u00f3n h\u00edbrida -","og_description":"Renault Argentina anunci\u00f3 el lanzamiento de la nueva generaci\u00f3n del Koleos, un SUV que representa un salto cualitativo para la marca...","og_url":"https:\/\/autofans.com.ar\/index.php\/2025\/08\/28\/el-renault-koleos-renovado-ya-esta-en-argentina-con-version-hibrida\/","article_published_time":"2025-08-28T18:48:27+00:00","og_image":[{"width":1000,"height":667,"url":"https:\/\/autofans.com.ar\/wp-content\/uploads\/2025\/08\/koleos-7.jpg","type":"image\/jpeg"}],"author":"Alejandro Gabriel Rosito","twitter_card":"summary_large_image","twitter_misc":{"Escrito por":"Alejandro Gabriel Rosito","Tiempo de lectura":"3 minutos"},"schema":{"@context":"https:\/\/schema.org","@graph":[{"@type":"Article","@id":"https:\/\/autofans.com.ar\/index.php\/2025\/08\/28\/el-renault-koleos-renovado-ya-esta-en-argentina-con-version-hibrida\/#article","isPartOf":{"@id":"https:\/\/autofans.com.ar\/index.php\/2025\/08\/28\/el-renault-koleos-renovado-ya-esta-en-argentina-con-version-hibrida\/"},"author":{"name":"Alejandro Gabriel Rosito","@id":"https:\/\/autofans.com.ar\/#\/schema\/person\/4a8dda0b6df83ac3d6723e921274c2aa"},"headline":"El Renault Koleos renovado ya est\u00e1 en Argentina con versi\u00f3n h\u00edbrida","datePublished":"2025-08-28T18:48:27+00:00","mainEntityOfPage":{"@id":"https:\/\/autofans.com.ar\/index.php\/2025\/08\/28\/el-renault-koleos-renovado-ya-esta-en-argentina-con-version-hibrida\/"},"wordCount":819,"image":{"@id":"https:\/\/autofans.com.ar\/index.php\/2025\/08\/28\/el-renault-koleos-renovado-ya-esta-en-argentina-con-version-hibrida\/#primaryimage"},"thumbnailUrl":"https:\/\/autofans.com.ar\/wp-content\/uploads\/2025\/08\/koleos-7.jpg","keywords":["Esprit Alpine","ficha t\u00e9cnica","Koleos hybrid","lanzamiento 2024","Precios","preventa Koleos","Renault Argentina","Renault Koleos","Renault Store","SUV 4x4","SUV h\u00edbrido","Techno 4WD"],"articleSection":["AUTOS y SUV","LANZAMIENTOS"],"inLanguage":"es"},{"@type":"WebPage","@id":"https:\/\/autofans.com.ar\/index.php\/2025\/08\/28\/el-renault-koleos-renovado-ya-esta-en-argentina-con-version-hibrida\/","url":"https:\/\/autofans.com.ar\/index.php\/2025\/08\/28\/el-renault-koleos-renovado-ya-esta-en-argentina-con-version-hibrida\/","name":"El Renault Koleos renovado ya est\u00e1 en Argentina con versi\u00f3n h\u00edbrida -","isPartOf":{"@id":"https:\/\/autofans.com.ar\/#website"},"primaryImageOfPage":{"@id":"https:\/\/autofans.com.ar\/index.php\/2025\/08\/28\/el-renault-koleos-renovado-ya-esta-en-argentina-con-version-hibrida\/#primaryimage"},"image":{"@id":"https:\/\/autofans.com.ar\/index.php\/2025\/08\/28\/el-renault-koleos-renovado-ya-esta-en-argentina-con-version-hibrida\/#primaryimage"},"thumbnailUrl":"https:\/\/autofans.com.ar\/wp-content\/uploads\/2025\/08\/koleos-7.jpg","datePublished":"2025-08-28T18:48:27+00:00","author":{"@id":"https:\/\/autofans.com.ar\/#\/schema\/person\/4a8dda0b6df83ac3d6723e921274c2aa"},"description":"Renault Argentina anunci\u00f3 el lanzamiento de la nueva generaci\u00f3n del Koleos, un SUV que representa un salto cualitativo para la marca...","breadcrumb":{"@id":"https:\/\/autofans.com.ar\/index.php\/2025\/08\/28\/el-renault-koleos-renovado-ya-esta-en-argentina-con-version-hibrida\/#breadcrumb"},"inLanguage":"es","potentialAction":[{"@type":"ReadAction","target":["https:\/\/autofans.com.ar\/index.php\/2025\/08\/28\/el-renault-koleos-renovado-ya-esta-en-argentina-con-version-hibrida\/"]}]},{"@type":"ImageObject","inLanguage":"es","@id":"https:\/\/autofans.com.ar\/index.php\/2025\/08\/28\/el-renault-koleos-renovado-ya-esta-en-argentina-con-version-hibrida\/#primaryimage","url":"https:\/\/autofans.com.ar\/wp-content\/uploads\/2025\/08\/koleos-7.jpg","contentUrl":"https:\/\/autofans.com.ar\/wp-content\/uploads\/2025\/08\/koleos-7.jpg","width":1000,"height":667,"caption":"Koleos"},{"@type":"BreadcrumbList","@id":"https:\/\/autofans.com.ar\/index.php\/2025\/08\/28\/el-renault-koleos-renovado-ya-esta-en-argentina-con-version-hibrida\/#breadcrumb","itemListElement":[{"@type":"ListItem","position":1,"name":"Inicio","item":"https:\/\/autofans.com.ar\/"},{"@type":"ListItem","position":2,"name":"El Renault Koleos renovado ya est\u00e1 en Argentina con versi\u00f3n h\u00edbrida"}]},{"@type":"WebSite","@id":"https:\/\/autofans.com.ar\/#website","url":"https:\/\/autofans.com.ar\/","name":"","description":"El multimedio referente de la industria automotriz","potentialAction":[{"@type":"SearchAction","target":{"@type":"EntryPoint","urlTemplate":"https:\/\/autofans.com.ar\/?s={search_term_string}"},"query-input":{"@type":"PropertyValueSpecification","valueRequired":true,"valueName":"search_term_string"}}],"inLanguage":"es"},{"@type":"Person","@id":"https:\/\/autofans.com.ar\/#\/schema\/person\/4a8dda0b6df83ac3d6723e921274c2aa","name":"Alejandro Gabriel Rosito","image":{"@type":"ImageObject","inLanguage":"es","@id":"https:\/\/secure.gravatar.com\/avatar\/16c5dda1489adfc62618084dcbb91cffd879c374b13fe5dd8e44ed6733852c88?s=96&d=mm&r=g","url":"https:\/\/secure.gravatar.com\/avatar\/16c5dda1489adfc62618084dcbb91cffd879c374b13fe5dd8e44ed6733852c88?s=96&d=mm&r=g","contentUrl":"https:\/\/secure.gravatar.com\/avatar\/16c5dda1489adfc62618084dcbb91cffd879c374b13fe5dd8e44ed6733852c88?s=96&d=mm&r=g","caption":"Alejandro Gabriel Rosito"},"url":"https:\/\/autofans.com.ar\/index.php\/author\/gabrielr\/"}]}},"featured_image_urls":{"full":["https:\/\/autofans.com.ar\/wp-content\/uploads\/2025\/08\/koleos-7.jpg",1000,667,false],"thumbnail":["https:\/\/autofans.com.ar\/wp-content\/uploads\/2025\/08\/koleos-7-150x150.jpg",150,150,true],"medium":["https:\/\/autofans.com.ar\/wp-content\/uploads\/2025\/08\/koleos-7-300x200.jpg",300,200,true],"medium_large":["https:\/\/autofans.com.ar\/wp-content\/uploads\/2025\/08\/koleos-7-768x512.jpg",640,427,true],"large":["https:\/\/autofans.com.ar\/wp-content\/uploads\/2025\/08\/koleos-7.jpg",640,427,false],"1536x1536":["https:\/\/autofans.com.ar\/wp-content\/uploads\/2025\/08\/koleos-7.jpg",1000,667,false],"2048x2048":["https:\/\/autofans.com.ar\/wp-content\/uploads\/2025\/08\/koleos-7.jpg",1000,667,false],"covernews-featured":["https:\/\/autofans.com.ar\/wp-content\/uploads\/2025\/08\/koleos-7.jpg",1000,667,false],"covernews-medium":["https:\/\/autofans.com.ar\/wp-content\/uploads\/2025\/08\/koleos-7-540x340.jpg",540,340,true]},"author_info":{"display_name":"Alejandro Gabriel Rosito","author_link":"https:\/\/autofans.com.ar\/index.php\/author\/gabrielr\/"},"category_info":"<a href=\"https:\/\/autofans.com.ar\/index.php\/category\/noticias\/autos\/\" rel=\"category tag\">AUTOS y SUV<\/a> <a href=\"https:\/\/autofans.com.ar\/index.php\/category\/lanzamientos\/\" rel=\"category tag\">LANZAMIENTOS<\/a>","tag_info":"LANZAMIENTOS","comment_count":0,"_links":{"self":[{"href":"https:\/\/autofans.com.ar\/index.php\/wp-json\/wp\/v2\/posts\/13891","targetHints":{"allow":["GET"]}}],"collection":[{"href":"https:\/\/autofans.com.ar\/index.php\/wp-json\/wp\/v2\/posts"}],"about":[{"href":"https:\/\/autofans.com.ar\/index.php\/wp-json\/wp\/v2\/types\/post"}],"author":[{"embeddable":true,"href":"https:\/\/autofans.com.ar\/index.php\/wp-json\/wp\/v2\/users\/2"}],"replies":[{"embeddable":true,"href":"https:\/\/autofans.com.ar\/index.php\/wp-json\/wp\/v2\/comments?post=13891"}],"version-history":[{"count":4,"href":"https:\/\/autofans.com.ar\/index.php\/wp-json\/wp\/v2\/posts\/13891\/revisions"}],"predecessor-version":[{"id":13901,"href":"https:\/\/autofans.com.ar\/index.php\/wp-json\/wp\/v2\/posts\/13891\/revisions\/13901"}],"wp:featuredmedia":[{"embeddable":true,"href":"https:\/\/autofans.com.ar\/index.php\/wp-json\/wp\/v2\/media\/13894"}],"wp:attachment":[{"href":"https:\/\/autofans.com.ar\/index.php\/wp-json\/wp\/v2\/media?parent=13891"}],"wp:term":[{"taxonomy":"category","embeddable":true,"href":"https:\/\/autofans.com.ar\/index.php\/wp-json\/wp\/v2\/categories?post=13891"},{"taxonomy":"post_tag","embeddable":true,"href":"https:\/\/autofans.com.ar\/index.php\/wp-json\/wp\/v2\/tags?post=13891"}],"curies":[{"name":"wp","href":"https:\/\/api.w.org\/{rel}","templated":true}]}}