{"id":13902,"date":"2025-08-28T18:28:20","date_gmt":"2025-08-28T21:28:20","guid":{"rendered":"https:\/\/autofans.com.ar\/?p=13902"},"modified":"2025-08-28T18:28:20","modified_gmt":"2025-08-28T21:28:20","slug":"bridgestone-nombra-a-andres-gabrielli-como-nuevo-lider-para-la-region","status":"publish","type":"post","link":"https:\/\/autofans.com.ar\/index.php\/2025\/08\/28\/bridgestone-nombra-a-andres-gabrielli-como-nuevo-lider-para-la-region\/","title":{"rendered":"Bridgestone nombra a Andr\u00e9s Gabrielli como nuevo l\u00edder para la regi\u00f3n"},"content":{"rendered":"<p class=\"ds-markdown-paragraph\">Bridgestone anunci\u00f3 el nombramiento de Andr\u00e9s Gabrielli como su nuevo Country Manager para Argentina, Chile, Per\u00fa, Uruguay, Paraguay y Bolivia.<\/p>\n<p class=\"ds-markdown-paragraph\">El ejecutivo asume el liderazgo con el desaf\u00edo de consolidar la posici\u00f3n de la compa\u00f1\u00eda en el mercado local y reforzar su presencia en la regi\u00f3n. Su plan de gesti\u00f3n estar\u00e1 enfocado en impulsar oportunidades de negocio, fortalecer la estructura interna y profundizar la relaci\u00f3n con clientes y aliados estrat\u00e9gicos.<\/p>\n<p>&nbsp;<\/p>\n<blockquote>\n<p style=\"text-align: center;\">\u201cComenc\u00e9 mi carrera en Bridgestone como cadete y, casi tres d\u00e9cadas despu\u00e9s, asumir la responsabilidad de liderar la operaci\u00f3n en Argentina y la regi\u00f3n es un orgullo inmenso. Este recorrido me permiti\u00f3 conocer a fondo nuestra industria y la fuerza de una compa\u00f1\u00eda que, con innovaci\u00f3n y compromiso, sigue marcando el camino. Mi objetivo es consolidar este liderazgo y abrir nuevas oportunidades que fortalezcan nuestra presencia en cada mercado donde operamos.\u201d, expres\u00f3 Gabrielli.<\/p>\n<\/blockquote>\n<p>&nbsp;<\/p>\n<h2 class=\"ds-markdown-paragraph\">Una carrera de tres d\u00e9cadas dentro de la compa\u00f1\u00eda<\/h2>\n<p class=\"ds-markdown-paragraph\">Gabrielli cuenta con casi 30 a\u00f1os de trayectoria dentro de Bridgestone. Ocup\u00f3 posiciones estrat\u00e9gicas en \u00e1reas de ventas, desarrollo de negocios y direcci\u00f3n regional. Previamente, se desempe\u00f1\u00f3 como Director Comercial para Equipo Original en Latinoam\u00e9rica Sur. En ese rol, su trabajo fue clave para que la empresa ganara participaci\u00f3n en segmentos estrat\u00e9gicos en Brasil y alcanzara el liderazgo en Argentina.<\/p>\n<p>&nbsp;<\/p>\n<figure id=\"attachment_13904\" aria-describedby=\"caption-attachment-13904\" style=\"width: 1000px\" class=\"wp-caption aligncenter\"><img fetchpriority=\"high\" decoding=\"async\" class=\"wp-image-13904 size-full\" src=\"https:\/\/autofans.com.ar\/wp-content\/uploads\/2025\/08\/brid-1.jpg\" alt=\"Bridgestone\" width=\"1000\" height=\"667\" srcset=\"https:\/\/autofans.com.ar\/wp-content\/uploads\/2025\/08\/brid-1.jpg 1000w, https:\/\/autofans.com.ar\/wp-content\/uploads\/2025\/08\/brid-1-300x200.jpg 300w, https:\/\/autofans.com.ar\/wp-content\/uploads\/2025\/08\/brid-1-768x512.jpg 768w\" sizes=\"(max-width: 1000px) 100vw, 1000px\" \/><figcaption id=\"caption-attachment-13904\" class=\"wp-caption-text\">Andr\u00e9s Gabrielli<\/figcaption><\/figure>\n<p>&nbsp;<\/p>\n<h2 class=\"ds-markdown-paragraph\">Los objetivos del nuevo Country Manager<\/h2>\n<p class=\"ds-markdown-paragraph\">Entre las prioridades de su gesti\u00f3n se encuentra consolidar el liderazgo de Bridgestone en el segmento de equipo original. Tambi\u00e9n se propone seguir expandiendo la red de centros de servicio, que es la m\u00e1s federal del mercado.<\/p>\n<p class=\"ds-markdown-paragraph\">Con este nombramiento, la compa\u00f1\u00eda reafirma su compromiso con el crecimiento sostenible en el pa\u00eds y la regi\u00f3n. El plan apunta a impulsar la innovaci\u00f3n, la excelencia en el servicio y la construcci\u00f3n de relaciones s\u00f3lidas con todos sus p\u00fablicos.<\/p>\n<p>&nbsp;<\/p>\n<p>&nbsp;<\/p>\n<p>&nbsp;<\/p>\n<p><i>Para enterarte de m\u00e1s novedades, no dejes de leer\u00a0<\/i><a href=\"https:\/\/autofans.thebrandsoup.com\/\"><i>nuestras notas<\/i><\/a><i>, de ver\u00a0<\/i><a href=\"https:\/\/www.youtube.com\/channel\/UCgAC8UGHZYbT6P7PpmVnP7g\"><i>AUTOFANS TV<\/i><\/a><i>\u00a0en nuestro\u00a0canal de Youtube. Adem\u00e1s seguinos en\u00a0<\/i><a href=\"https:\/\/www.instagram.com\/autofanstv\/\"><i>INSTAGRAM<\/i><\/a><i> y <\/i><a href=\"https:\/\/www.facebook.com\/autofansmas\/\"><i>FACEBOOK<\/i><\/a><i> para no perderte nada sobre las novedades del segmento automotor de Argentina y el mundo.<\/i><\/p>\n","protected":false},"excerpt":{"rendered":"<p>Bridgestone anunci\u00f3 el nombramiento de Andr\u00e9s Gabrielli como su nuevo Country Manager para Argentina, Chile,&#8230;<\/p>\n","protected":false},"author":2,"featured_media":13903,"comment_status":"closed","ping_status":"closed","sticky":false,"template":"","format":"standard","meta":{"footnotes":""},"categories":[292,16],"tags":[7280,7281,1288,3940,7279,7282,86,2332,482],"class_list":["post-13902","post","type-post","status-publish","format-standard","has-post-thumbnail","hentry","category-empresas","category-noticias","tag-andres-gabrielli","tag-automotive","tag-bridgestone-argentina","tag-centros-de-servicio","tag-country-manager","tag-equipo-original","tag-industria-automotriz","tag-liderazgo","tag-neumaticos"],"yoast_head":"<!-- This site is optimized with the Yoast SEO plugin v27.5 - https:\/\/yoast.com\/product\/yoast-seo-wordpress\/ -->\n<title>Bridgestone nombra a Andr\u00e9s Gabrielli como nuevo l\u00edder para la regi\u00f3n -<\/title>\n<meta name=\"description\" content=\"Bridgestone anunci\u00f3 el nombramiento de Andr\u00e9s Gabrielli como su nuevo Country Manager para Argentina Chile, Per\u00fa, Uruguay, Paraguay y BoliviA\" \/>\n<meta name=\"robots\" content=\"index, follow, max-snippet:-1, max-image-preview:large, max-video-preview:-1\" \/>\n<link rel=\"canonical\" href=\"https:\/\/autofans.com.ar\/index.php\/2025\/08\/28\/bridgestone-nombra-a-andres-gabrielli-como-nuevo-lider-para-la-region\/\" \/>\n<meta property=\"og:locale\" content=\"es_ES\" \/>\n<meta property=\"og:type\" content=\"article\" \/>\n<meta property=\"og:title\" content=\"Bridgestone nombra a Andr\u00e9s Gabrielli como nuevo l\u00edder para la regi\u00f3n -\" \/>\n<meta property=\"og:description\" content=\"Bridgestone anunci\u00f3 el nombramiento de Andr\u00e9s Gabrielli como su nuevo Country Manager para Argentina Chile, Per\u00fa, Uruguay, Paraguay y BoliviA\" \/>\n<meta property=\"og:url\" content=\"https:\/\/autofans.com.ar\/index.php\/2025\/08\/28\/bridgestone-nombra-a-andres-gabrielli-como-nuevo-lider-para-la-region\/\" \/>\n<meta property=\"article:published_time\" content=\"2025-08-28T21:28:20+00:00\" \/>\n<meta property=\"og:image\" content=\"https:\/\/autofans.com.ar\/wp-content\/uploads\/2025\/08\/brid-2.jpg\" \/>\n\t<meta property=\"og:image:width\" content=\"1000\" \/>\n\t<meta property=\"og:image:height\" content=\"667\" \/>\n\t<meta property=\"og:image:type\" content=\"image\/jpeg\" \/>\n<meta name=\"author\" content=\"Alejandro Gabriel Rosito\" \/>\n<meta name=\"twitter:card\" content=\"summary_large_image\" \/>\n<meta name=\"twitter:label1\" content=\"Escrito por\" \/>\n\t<meta name=\"twitter:data1\" content=\"Alejandro Gabriel Rosito\" \/>\n\t<meta name=\"twitter:label2\" content=\"Tiempo de lectura\" \/>\n\t<meta name=\"twitter:data2\" content=\"2 minutos\" \/>\n<script type=\"application\/ld+json\" class=\"yoast-schema-graph\">{\"@context\":\"https:\\\/\\\/schema.org\",\"@graph\":[{\"@type\":\"Article\",\"@id\":\"https:\\\/\\\/autofans.com.ar\\\/index.php\\\/2025\\\/08\\\/28\\\/bridgestone-nombra-a-andres-gabrielli-como-nuevo-lider-para-la-region\\\/#article\",\"isPartOf\":{\"@id\":\"https:\\\/\\\/autofans.com.ar\\\/index.php\\\/2025\\\/08\\\/28\\\/bridgestone-nombra-a-andres-gabrielli-como-nuevo-lider-para-la-region\\\/\"},\"author\":{\"name\":\"Alejandro Gabriel Rosito\",\"@id\":\"https:\\\/\\\/autofans.com.ar\\\/#\\\/schema\\\/person\\\/4a8dda0b6df83ac3d6723e921274c2aa\"},\"headline\":\"Bridgestone nombra a Andr\u00e9s Gabrielli como nuevo l\u00edder para la regi\u00f3n\",\"datePublished\":\"2025-08-28T21:28:20+00:00\",\"mainEntityOfPage\":{\"@id\":\"https:\\\/\\\/autofans.com.ar\\\/index.php\\\/2025\\\/08\\\/28\\\/bridgestone-nombra-a-andres-gabrielli-como-nuevo-lider-para-la-region\\\/\"},\"wordCount\":400,\"image\":{\"@id\":\"https:\\\/\\\/autofans.com.ar\\\/index.php\\\/2025\\\/08\\\/28\\\/bridgestone-nombra-a-andres-gabrielli-como-nuevo-lider-para-la-region\\\/#primaryimage\"},\"thumbnailUrl\":\"https:\\\/\\\/autofans.com.ar\\\/wp-content\\\/uploads\\\/2025\\\/08\\\/brid-2.jpg\",\"keywords\":[\"Andr\u00e9s Gabrielli\",\"automotive\",\"Bridgestone Argentina\",\"centros de servicio\",\"Country Manager\",\"equipo original\",\"Industria Automotriz\",\"liderazgo\",\"neum\u00e1ticos\"],\"articleSection\":[\"EMPRESAS\",\"NOTICIAS\"],\"inLanguage\":\"es\"},{\"@type\":\"WebPage\",\"@id\":\"https:\\\/\\\/autofans.com.ar\\\/index.php\\\/2025\\\/08\\\/28\\\/bridgestone-nombra-a-andres-gabrielli-como-nuevo-lider-para-la-region\\\/\",\"url\":\"https:\\\/\\\/autofans.com.ar\\\/index.php\\\/2025\\\/08\\\/28\\\/bridgestone-nombra-a-andres-gabrielli-como-nuevo-lider-para-la-region\\\/\",\"name\":\"Bridgestone nombra a Andr\u00e9s Gabrielli como nuevo l\u00edder para la regi\u00f3n -\",\"isPartOf\":{\"@id\":\"https:\\\/\\\/autofans.com.ar\\\/#website\"},\"primaryImageOfPage\":{\"@id\":\"https:\\\/\\\/autofans.com.ar\\\/index.php\\\/2025\\\/08\\\/28\\\/bridgestone-nombra-a-andres-gabrielli-como-nuevo-lider-para-la-region\\\/#primaryimage\"},\"image\":{\"@id\":\"https:\\\/\\\/autofans.com.ar\\\/index.php\\\/2025\\\/08\\\/28\\\/bridgestone-nombra-a-andres-gabrielli-como-nuevo-lider-para-la-region\\\/#primaryimage\"},\"thumbnailUrl\":\"https:\\\/\\\/autofans.com.ar\\\/wp-content\\\/uploads\\\/2025\\\/08\\\/brid-2.jpg\",\"datePublished\":\"2025-08-28T21:28:20+00:00\",\"author\":{\"@id\":\"https:\\\/\\\/autofans.com.ar\\\/#\\\/schema\\\/person\\\/4a8dda0b6df83ac3d6723e921274c2aa\"},\"description\":\"Bridgestone anunci\u00f3 el nombramiento de Andr\u00e9s Gabrielli como su nuevo Country Manager para Argentina Chile, Per\u00fa, Uruguay, Paraguay y BoliviA\",\"breadcrumb\":{\"@id\":\"https:\\\/\\\/autofans.com.ar\\\/index.php\\\/2025\\\/08\\\/28\\\/bridgestone-nombra-a-andres-gabrielli-como-nuevo-lider-para-la-region\\\/#breadcrumb\"},\"inLanguage\":\"es\",\"potentialAction\":[{\"@type\":\"ReadAction\",\"target\":[\"https:\\\/\\\/autofans.com.ar\\\/index.php\\\/2025\\\/08\\\/28\\\/bridgestone-nombra-a-andres-gabrielli-como-nuevo-lider-para-la-region\\\/\"]}]},{\"@type\":\"ImageObject\",\"inLanguage\":\"es\",\"@id\":\"https:\\\/\\\/autofans.com.ar\\\/index.php\\\/2025\\\/08\\\/28\\\/bridgestone-nombra-a-andres-gabrielli-como-nuevo-lider-para-la-region\\\/#primaryimage\",\"url\":\"https:\\\/\\\/autofans.com.ar\\\/wp-content\\\/uploads\\\/2025\\\/08\\\/brid-2.jpg\",\"contentUrl\":\"https:\\\/\\\/autofans.com.ar\\\/wp-content\\\/uploads\\\/2025\\\/08\\\/brid-2.jpg\",\"width\":1000,\"height\":667,\"caption\":\"Bridgestone\"},{\"@type\":\"BreadcrumbList\",\"@id\":\"https:\\\/\\\/autofans.com.ar\\\/index.php\\\/2025\\\/08\\\/28\\\/bridgestone-nombra-a-andres-gabrielli-como-nuevo-lider-para-la-region\\\/#breadcrumb\",\"itemListElement\":[{\"@type\":\"ListItem\",\"position\":1,\"name\":\"Inicio\",\"item\":\"https:\\\/\\\/autofans.com.ar\\\/\"},{\"@type\":\"ListItem\",\"position\":2,\"name\":\"Bridgestone nombra a Andr\u00e9s Gabrielli como nuevo l\u00edder para la regi\u00f3n\"}]},{\"@type\":\"WebSite\",\"@id\":\"https:\\\/\\\/autofans.com.ar\\\/#website\",\"url\":\"https:\\\/\\\/autofans.com.ar\\\/\",\"name\":\"\",\"description\":\"El multimedio referente de la industria automotriz\",\"potentialAction\":[{\"@type\":\"SearchAction\",\"target\":{\"@type\":\"EntryPoint\",\"urlTemplate\":\"https:\\\/\\\/autofans.com.ar\\\/?s={search_term_string}\"},\"query-input\":{\"@type\":\"PropertyValueSpecification\",\"valueRequired\":true,\"valueName\":\"search_term_string\"}}],\"inLanguage\":\"es\"},{\"@type\":\"Person\",\"@id\":\"https:\\\/\\\/autofans.com.ar\\\/#\\\/schema\\\/person\\\/4a8dda0b6df83ac3d6723e921274c2aa\",\"name\":\"Alejandro Gabriel Rosito\",\"image\":{\"@type\":\"ImageObject\",\"inLanguage\":\"es\",\"@id\":\"https:\\\/\\\/secure.gravatar.com\\\/avatar\\\/16c5dda1489adfc62618084dcbb91cffd879c374b13fe5dd8e44ed6733852c88?s=96&d=mm&r=g\",\"url\":\"https:\\\/\\\/secure.gravatar.com\\\/avatar\\\/16c5dda1489adfc62618084dcbb91cffd879c374b13fe5dd8e44ed6733852c88?s=96&d=mm&r=g\",\"contentUrl\":\"https:\\\/\\\/secure.gravatar.com\\\/avatar\\\/16c5dda1489adfc62618084dcbb91cffd879c374b13fe5dd8e44ed6733852c88?s=96&d=mm&r=g\",\"caption\":\"Alejandro Gabriel Rosito\"},\"url\":\"https:\\\/\\\/autofans.com.ar\\\/index.php\\\/author\\\/gabrielr\\\/\"}]}<\/script>\n<!-- \/ Yoast SEO plugin. -->","yoast_head_json":{"title":"Bridgestone nombra a Andr\u00e9s Gabrielli como nuevo l\u00edder para la regi\u00f3n -","description":"Bridgestone anunci\u00f3 el nombramiento de Andr\u00e9s Gabrielli como su nuevo Country Manager para Argentina Chile, Per\u00fa, Uruguay, Paraguay y BoliviA","robots":{"index":"index","follow":"follow","max-snippet":"max-snippet:-1","max-image-preview":"max-image-preview:large","max-video-preview":"max-video-preview:-1"},"canonical":"https:\/\/autofans.com.ar\/index.php\/2025\/08\/28\/bridgestone-nombra-a-andres-gabrielli-como-nuevo-lider-para-la-region\/","og_locale":"es_ES","og_type":"article","og_title":"Bridgestone nombra a Andr\u00e9s Gabrielli como nuevo l\u00edder para la regi\u00f3n -","og_description":"Bridgestone anunci\u00f3 el nombramiento de Andr\u00e9s Gabrielli como su nuevo Country Manager para Argentina Chile, Per\u00fa, Uruguay, Paraguay y BoliviA","og_url":"https:\/\/autofans.com.ar\/index.php\/2025\/08\/28\/bridgestone-nombra-a-andres-gabrielli-como-nuevo-lider-para-la-region\/","article_published_time":"2025-08-28T21:28:20+00:00","og_image":[{"width":1000,"height":667,"url":"https:\/\/autofans.com.ar\/wp-content\/uploads\/2025\/08\/brid-2.jpg","type":"image\/jpeg"}],"author":"Alejandro Gabriel Rosito","twitter_card":"summary_large_image","twitter_misc":{"Escrito por":"Alejandro Gabriel Rosito","Tiempo de lectura":"2 minutos"},"schema":{"@context":"https:\/\/schema.org","@graph":[{"@type":"Article","@id":"https:\/\/autofans.com.ar\/index.php\/2025\/08\/28\/bridgestone-nombra-a-andres-gabrielli-como-nuevo-lider-para-la-region\/#article","isPartOf":{"@id":"https:\/\/autofans.com.ar\/index.php\/2025\/08\/28\/bridgestone-nombra-a-andres-gabrielli-como-nuevo-lider-para-la-region\/"},"author":{"name":"Alejandro Gabriel Rosito","@id":"https:\/\/autofans.com.ar\/#\/schema\/person\/4a8dda0b6df83ac3d6723e921274c2aa"},"headline":"Bridgestone nombra a Andr\u00e9s Gabrielli como nuevo l\u00edder para la regi\u00f3n","datePublished":"2025-08-28T21:28:20+00:00","mainEntityOfPage":{"@id":"https:\/\/autofans.com.ar\/index.php\/2025\/08\/28\/bridgestone-nombra-a-andres-gabrielli-como-nuevo-lider-para-la-region\/"},"wordCount":400,"image":{"@id":"https:\/\/autofans.com.ar\/index.php\/2025\/08\/28\/bridgestone-nombra-a-andres-gabrielli-como-nuevo-lider-para-la-region\/#primaryimage"},"thumbnailUrl":"https:\/\/autofans.com.ar\/wp-content\/uploads\/2025\/08\/brid-2.jpg","keywords":["Andr\u00e9s Gabrielli","automotive","Bridgestone Argentina","centros de servicio","Country Manager","equipo original","Industria Automotriz","liderazgo","neum\u00e1ticos"],"articleSection":["EMPRESAS","NOTICIAS"],"inLanguage":"es"},{"@type":"WebPage","@id":"https:\/\/autofans.com.ar\/index.php\/2025\/08\/28\/bridgestone-nombra-a-andres-gabrielli-como-nuevo-lider-para-la-region\/","url":"https:\/\/autofans.com.ar\/index.php\/2025\/08\/28\/bridgestone-nombra-a-andres-gabrielli-como-nuevo-lider-para-la-region\/","name":"Bridgestone nombra a Andr\u00e9s Gabrielli como nuevo l\u00edder para la regi\u00f3n -","isPartOf":{"@id":"https:\/\/autofans.com.ar\/#website"},"primaryImageOfPage":{"@id":"https:\/\/autofans.com.ar\/index.php\/2025\/08\/28\/bridgestone-nombra-a-andres-gabrielli-como-nuevo-lider-para-la-region\/#primaryimage"},"image":{"@id":"https:\/\/autofans.com.ar\/index.php\/2025\/08\/28\/bridgestone-nombra-a-andres-gabrielli-como-nuevo-lider-para-la-region\/#primaryimage"},"thumbnailUrl":"https:\/\/autofans.com.ar\/wp-content\/uploads\/2025\/08\/brid-2.jpg","datePublished":"2025-08-28T21:28:20+00:00","author":{"@id":"https:\/\/autofans.com.ar\/#\/schema\/person\/4a8dda0b6df83ac3d6723e921274c2aa"},"description":"Bridgestone anunci\u00f3 el nombramiento de Andr\u00e9s Gabrielli como su nuevo Country Manager para Argentina Chile, Per\u00fa, Uruguay, Paraguay y BoliviA","breadcrumb":{"@id":"https:\/\/autofans.com.ar\/index.php\/2025\/08\/28\/bridgestone-nombra-a-andres-gabrielli-como-nuevo-lider-para-la-region\/#breadcrumb"},"inLanguage":"es","potentialAction":[{"@type":"ReadAction","target":["https:\/\/autofans.com.ar\/index.php\/2025\/08\/28\/bridgestone-nombra-a-andres-gabrielli-como-nuevo-lider-para-la-region\/"]}]},{"@type":"ImageObject","inLanguage":"es","@id":"https:\/\/autofans.com.ar\/index.php\/2025\/08\/28\/bridgestone-nombra-a-andres-gabrielli-como-nuevo-lider-para-la-region\/#primaryimage","url":"https:\/\/autofans.com.ar\/wp-content\/uploads\/2025\/08\/brid-2.jpg","contentUrl":"https:\/\/autofans.com.ar\/wp-content\/uploads\/2025\/08\/brid-2.jpg","width":1000,"height":667,"caption":"Bridgestone"},{"@type":"BreadcrumbList","@id":"https:\/\/autofans.com.ar\/index.php\/2025\/08\/28\/bridgestone-nombra-a-andres-gabrielli-como-nuevo-lider-para-la-region\/#breadcrumb","itemListElement":[{"@type":"ListItem","position":1,"name":"Inicio","item":"https:\/\/autofans.com.ar\/"},{"@type":"ListItem","position":2,"name":"Bridgestone nombra a Andr\u00e9s Gabrielli como nuevo l\u00edder para la regi\u00f3n"}]},{"@type":"WebSite","@id":"https:\/\/autofans.com.ar\/#website","url":"https:\/\/autofans.com.ar\/","name":"","description":"El multimedio referente de la industria automotriz","potentialAction":[{"@type":"SearchAction","target":{"@type":"EntryPoint","urlTemplate":"https:\/\/autofans.com.ar\/?s={search_term_string}"},"query-input":{"@type":"PropertyValueSpecification","valueRequired":true,"valueName":"search_term_string"}}],"inLanguage":"es"},{"@type":"Person","@id":"https:\/\/autofans.com.ar\/#\/schema\/person\/4a8dda0b6df83ac3d6723e921274c2aa","name":"Alejandro Gabriel Rosito","image":{"@type":"ImageObject","inLanguage":"es","@id":"https:\/\/secure.gravatar.com\/avatar\/16c5dda1489adfc62618084dcbb91cffd879c374b13fe5dd8e44ed6733852c88?s=96&d=mm&r=g","url":"https:\/\/secure.gravatar.com\/avatar\/16c5dda1489adfc62618084dcbb91cffd879c374b13fe5dd8e44ed6733852c88?s=96&d=mm&r=g","contentUrl":"https:\/\/secure.gravatar.com\/avatar\/16c5dda1489adfc62618084dcbb91cffd879c374b13fe5dd8e44ed6733852c88?s=96&d=mm&r=g","caption":"Alejandro Gabriel Rosito"},"url":"https:\/\/autofans.com.ar\/index.php\/author\/gabrielr\/"}]}},"featured_image_urls":{"full":["https:\/\/autofans.com.ar\/wp-content\/uploads\/2025\/08\/brid-2.jpg",1000,667,false],"thumbnail":["https:\/\/autofans.com.ar\/wp-content\/uploads\/2025\/08\/brid-2-150x150.jpg",150,150,true],"medium":["https:\/\/autofans.com.ar\/wp-content\/uploads\/2025\/08\/brid-2-300x200.jpg",300,200,true],"medium_large":["https:\/\/autofans.com.ar\/wp-content\/uploads\/2025\/08\/brid-2-768x512.jpg",640,427,true],"large":["https:\/\/autofans.com.ar\/wp-content\/uploads\/2025\/08\/brid-2.jpg",640,427,false],"1536x1536":["https:\/\/autofans.com.ar\/wp-content\/uploads\/2025\/08\/brid-2.jpg",1000,667,false],"2048x2048":["https:\/\/autofans.com.ar\/wp-content\/uploads\/2025\/08\/brid-2.jpg",1000,667,false],"covernews-featured":["https:\/\/autofans.com.ar\/wp-content\/uploads\/2025\/08\/brid-2.jpg",1000,667,false],"covernews-medium":["https:\/\/autofans.com.ar\/wp-content\/uploads\/2025\/08\/brid-2-540x340.jpg",540,340,true]},"author_info":{"display_name":"Alejandro Gabriel Rosito","author_link":"https:\/\/autofans.com.ar\/index.php\/author\/gabrielr\/"},"category_info":"<a href=\"https:\/\/autofans.com.ar\/index.php\/category\/noticias\/empresas\/\" rel=\"category tag\">EMPRESAS<\/a> <a href=\"https:\/\/autofans.com.ar\/index.php\/category\/noticias\/\" rel=\"category tag\">NOTICIAS<\/a>","tag_info":"NOTICIAS","comment_count":0,"_links":{"self":[{"href":"https:\/\/autofans.com.ar\/index.php\/wp-json\/wp\/v2\/posts\/13902","targetHints":{"allow":["GET"]}}],"collection":[{"href":"https:\/\/autofans.com.ar\/index.php\/wp-json\/wp\/v2\/posts"}],"about":[{"href":"https:\/\/autofans.com.ar\/index.php\/wp-json\/wp\/v2\/types\/post"}],"author":[{"embeddable":true,"href":"https:\/\/autofans.com.ar\/index.php\/wp-json\/wp\/v2\/users\/2"}],"replies":[{"embeddable":true,"href":"https:\/\/autofans.com.ar\/index.php\/wp-json\/wp\/v2\/comments?post=13902"}],"version-history":[{"count":2,"href":"https:\/\/autofans.com.ar\/index.php\/wp-json\/wp\/v2\/posts\/13902\/revisions"}],"predecessor-version":[{"id":13906,"href":"https:\/\/autofans.com.ar\/index.php\/wp-json\/wp\/v2\/posts\/13902\/revisions\/13906"}],"wp:featuredmedia":[{"embeddable":true,"href":"https:\/\/autofans.com.ar\/index.php\/wp-json\/wp\/v2\/media\/13903"}],"wp:attachment":[{"href":"https:\/\/autofans.com.ar\/index.php\/wp-json\/wp\/v2\/media?parent=13902"}],"wp:term":[{"taxonomy":"category","embeddable":true,"href":"https:\/\/autofans.com.ar\/index.php\/wp-json\/wp\/v2\/categories?post=13902"},{"taxonomy":"post_tag","embeddable":true,"href":"https:\/\/autofans.com.ar\/index.php\/wp-json\/wp\/v2\/tags?post=13902"}],"curies":[{"name":"wp","href":"https:\/\/api.w.org\/{rel}","templated":true}]}}