{"id":13907,"date":"2025-08-29T16:39:20","date_gmt":"2025-08-29T19:39:20","guid":{"rendered":"https:\/\/autofans.com.ar\/?p=13907"},"modified":"2025-08-29T16:39:20","modified_gmt":"2025-08-29T19:39:20","slug":"ktm-reactiva-produccion-llegan-nuevos-modelos-al-pais","status":"publish","type":"post","link":"https:\/\/autofans.com.ar\/index.php\/2025\/08\/29\/ktm-reactiva-produccion-llegan-nuevos-modelos-al-pais\/","title":{"rendered":"KTM reactiva producci\u00f3n, llegan nuevos modelos al pa\u00eds"},"content":{"rendered":"<p class=\"ds-markdown-paragraph\">La incertidumbre global que rodeaba a KTM AG lleg\u00f3 a su fin. La casa matriz en Austria anunci\u00f3 la reapertura total de su planta industrial en Mattighofen, retomando la producci\u00f3n completa de cinco d\u00edas a la semana.<\/p>\n<p class=\"ds-markdown-paragraph\">Este movimiento no es una noticia aislada para Europa. La reactivaci\u00f3n de la f\u00e1brica austriaca tiene un efecto directo y positivo en la operaci\u00f3n local de KTM en Argentina, asegurando el flujo de componentes y el arribo de nuevos modelos.<\/p>\n<p>&nbsp;<\/p>\n<blockquote>\n<p class=\"paragraph\" style=\"text-align: center;\"><span lang=\"ES-AR\">Gottfried Neumeister, el CEO de KTM AG, comparti\u00f3 su agradecimiento con toda la familia KTM: <\/span><span lang=\"ES-AR\">\u201cQuiero hacer un reconocimiento muy especial a nuestros empleados, quienes han hecho posible esta reanudaci\u00f3n gracias a su incre\u00edble dedicaci\u00f3n, flexibilidad y trabajo en equipo durante los \u00faltimos meses. Su compromiso en una de las etapas m\u00e1s desafiantes ha sido \u2014y sigue siendo\u2014 clave para el \u00e9xito futuro de la empresa\u201d<\/span><span lang=\"ES-AR\">. Y agreg\u00f3 \u201cReiniciar la producci\u00f3n nos proporciona la estabilidad que necesitamos para centrarnos plenamente en la calidad, la cercan\u00eda con el cliente y el desarrollo continuo\u201d.<\/span><\/p>\n<\/blockquote>\n<p>&nbsp;<\/p>\n<h2 class=\"ds-markdown-paragraph\">La reactivaci\u00f3n de KTM en Austria<\/h2>\n<p>&nbsp;<\/p>\n<figure id=\"attachment_13911\" aria-describedby=\"caption-attachment-13911\" style=\"width: 1000px\" class=\"wp-caption aligncenter\"><img fetchpriority=\"high\" decoding=\"async\" class=\"wp-image-13911 size-full\" src=\"https:\/\/autofans.com.ar\/wp-content\/uploads\/2025\/08\/ktm-3.jpg\" alt=\"KTM\" width=\"1000\" height=\"667\" srcset=\"https:\/\/autofans.com.ar\/wp-content\/uploads\/2025\/08\/ktm-3.jpg 1000w, https:\/\/autofans.com.ar\/wp-content\/uploads\/2025\/08\/ktm-3-300x200.jpg 300w, https:\/\/autofans.com.ar\/wp-content\/uploads\/2025\/08\/ktm-3-768x512.jpg 768w\" sizes=\"(max-width: 1000px) 100vw, 1000px\" \/><figcaption id=\"caption-attachment-13911\" class=\"wp-caption-text\">Juan Carlos Mas, Director Comercial de la divisi\u00f3n rodados del Grupo Simpa S.A.<\/figcaption><\/figure>\n<p>&nbsp;<\/p>\n<p class=\"ds-markdown-paragraph\">El proceso de normalizaci\u00f3n en la planta europea comenz\u00f3 el pasado 28 de julio. La producci\u00f3n arranc\u00f3 con la l\u00ednea Offroad y se expandir\u00e1 progresivamente. Junto a estas unidades, KTM tambi\u00e9n reanudar\u00e1 la fabricaci\u00f3n de los modelos de la plataforma LC4, que incluyen la 690 ENDURO R y la 690 SMC R.<\/p>\n<p>&nbsp;<\/p>\n<blockquote>\n<p style=\"text-align: center;\">\u201cEstamos atravesando una nueva etapa en la que luego de algunos meses desafiantes, KTM comienza a regularizar su situaci\u00f3n en el mercado local reafirmando aquello que siempre la diferenci\u00f3: la innovaci\u00f3n, la performance y la pasi\u00f3n por el offroad. La decisi\u00f3n de producir en la Argentina la nueva l\u00ednea 390 Adventure, en sus distintas versiones, es una muestra concreta de confianza en el mercado local y en el potencial de nuestros usuarios\u201d, se\u00f1al\u00f3 Juan Carlos M\u00e1s, gerente comercial de la divisi\u00f3n de rodados de Grupo Simpa S.A.<\/p>\n<\/blockquote>\n<p>&nbsp;<\/p>\n<h2 class=\"ds-markdown-paragraph\">El impacto de KTM en el mercado argentino<\/h2>\n<p class=\"ds-markdown-paragraph\">Para el mercado local, esta decisi\u00f3n significa la normalizaci\u00f3n en la llegada de todo el portfolio de la marca. Incluye, adem\u00e1s, el lanzamiento de modelos muy esperados, como la nueva l\u00ednea 390 en sus versiones Adventure y Enduro. Estas motos estar\u00e1n disponibles para preventa durante septiembre.<\/p>\n<p>&nbsp;<\/p>\n<figure id=\"attachment_13910\" aria-describedby=\"caption-attachment-13910\" style=\"width: 1000px\" class=\"wp-caption aligncenter\"><img decoding=\"async\" class=\"wp-image-13910 size-full\" src=\"https:\/\/autofans.com.ar\/wp-content\/uploads\/2025\/08\/ktm-4.jpg\" alt=\"KTM\" width=\"1000\" height=\"667\" srcset=\"https:\/\/autofans.com.ar\/wp-content\/uploads\/2025\/08\/ktm-4.jpg 1000w, https:\/\/autofans.com.ar\/wp-content\/uploads\/2025\/08\/ktm-4-300x200.jpg 300w, https:\/\/autofans.com.ar\/wp-content\/uploads\/2025\/08\/ktm-4-768x512.jpg 768w\" sizes=\"(max-width: 1000px) 100vw, 1000px\" \/><figcaption id=\"caption-attachment-13910\" class=\"wp-caption-text\">Gottfried_Neumeister &#8211; CEO KTM AG<\/figcaption><\/figure>\n<p>&nbsp;<\/p>\n<p class=\"ds-markdown-paragraph\">La representaci\u00f3n de KTM en el pa\u00eds est\u00e1 a cargo del Grupo Simpa S.A. desde 2013. En este per\u00edodo, la marca pas\u00f3 de patentar 400 unidades anuales a superar las 5.000, un n\u00famero que refleja la excelente aceptaci\u00f3n de los usuarios. El objetivo oficial es recuperar estos vol\u00famenes de venta para 2026.<\/p>\n<p>&nbsp;<\/p>\n<blockquote>\n<p style=\"text-align: center;\">\u201cEl segmento de las motos de media cilindrada crece de manera sostenida y hoy concentra la mayor demanda de los consumidores. Con los lanzamientos, que se anunciar\u00e1n en breve, no solo ampliamos la oferta con productos de calidad premium, sino que lo hacemos con condiciones comerciales muy competitivas, que facilitar\u00e1n el acceso a m\u00e1s clientes, que consolidar\u00e1 el liderazgo de la marca en el pa\u00eds\u201d,agreg\u00f3 M\u00e1s.<\/p>\n<\/blockquote>\n<p>&nbsp;<\/p>\n<h2 class=\"ds-markdown-paragraph\">Producci\u00f3n nacional de KTM<\/h2>\n<p>&nbsp;<\/p>\n<div id='gallery-1' class='gallery galleryid-13907 gallery-columns-2 gallery-size-full'><figure class='gallery-item'>\n\t\t\t<div class='gallery-icon landscape'>\n\t\t\t\t<a href='https:\/\/autofans.com.ar\/index.php\/2025\/08\/29\/ktm-reactiva-produccion-llegan-nuevos-modelos-al-pais\/ktm-2-7\/'><img loading=\"lazy\" width=\"1000\" height=\"667\" src=\"https:\/\/autofans.com.ar\/wp-content\/uploads\/2025\/08\/ktm-2-1.jpg\" class=\"attachment-full size-full\" alt=\"KTM\" srcset=\"https:\/\/autofans.com.ar\/wp-content\/uploads\/2025\/08\/ktm-2-1.jpg 1000w, https:\/\/autofans.com.ar\/wp-content\/uploads\/2025\/08\/ktm-2-1-300x200.jpg 300w, https:\/\/autofans.com.ar\/wp-content\/uploads\/2025\/08\/ktm-2-1-768x512.jpg 768w\" sizes=\"auto, (max-width: 1000px) 100vw, 1000px\" loading=\"lazy\" decoding=\"async\" \/><\/a>\n\t\t\t<\/div><\/figure><figure class='gallery-item'>\n\t\t\t<div class='gallery-icon landscape'>\n\t\t\t\t<a href='https:\/\/autofans.com.ar\/index.php\/2025\/08\/29\/ktm-reactiva-produccion-llegan-nuevos-modelos-al-pais\/ktm-5-2\/'><img loading=\"lazy\" width=\"1000\" height=\"667\" src=\"https:\/\/autofans.com.ar\/wp-content\/uploads\/2025\/08\/ktm-5.jpg\" class=\"attachment-full size-full\" alt=\"KTM\" srcset=\"https:\/\/autofans.com.ar\/wp-content\/uploads\/2025\/08\/ktm-5.jpg 1000w, https:\/\/autofans.com.ar\/wp-content\/uploads\/2025\/08\/ktm-5-300x200.jpg 300w, https:\/\/autofans.com.ar\/wp-content\/uploads\/2025\/08\/ktm-5-768x512.jpg 768w\" sizes=\"auto, (max-width: 1000px) 100vw, 1000px\" loading=\"lazy\" decoding=\"async\" \/><\/a>\n\t\t\t<\/div><\/figure>\n\t\t<\/div>\n\n<p>&nbsp;<\/p>\n<p class=\"ds-markdown-paragraph\">En Argentina, los modelos de KTM se ensamblan en la planta industrial de 10.000 m\u00b2 que Grupo Simpa S.A. posee en Campana, Buenos Aires. Se trata de una empresa de capitales nacionales con m\u00e1s de cuatro d\u00e9cadas de trayectoria en el pa\u00eds.<\/p>\n<p>&nbsp;<\/p>\n<p>&nbsp;<\/p>\n<p>&nbsp;<\/p>\n<p><i>Para enterarte de m\u00e1s novedades, no dejes de leer\u00a0<\/i><a href=\"https:\/\/autofans.thebrandsoup.com\/\"><i>nuestras notas<\/i><\/a><i>, de ver\u00a0<\/i><a href=\"https:\/\/www.youtube.com\/channel\/UCgAC8UGHZYbT6P7PpmVnP7g\"><i>AUTOFANS TV<\/i><\/a><i>\u00a0en nuestro\u00a0canal de Youtube. Adem\u00e1s seguinos en\u00a0<\/i><a href=\"https:\/\/www.instagram.com\/autofanstv\/\"><i>INSTAGRAM<\/i><\/a><i> y <\/i><a href=\"https:\/\/www.facebook.com\/autofansmas\/\"><i>FACEBOOK<\/i><\/a><i> para no perderte nada sobre las novedades del segmento automotor de Argentina y el mundo.<\/i><\/p>\n","protected":false},"excerpt":{"rendered":"<p>La incertidumbre global que rodeaba a KTM AG lleg\u00f3 a su fin. La casa matriz&#8230;<\/p>\n","protected":false},"author":2,"featured_media":13913,"comment_status":"closed","ping_status":"closed","sticky":false,"template":"","format":"standard","meta":{"footnotes":""},"categories":[1,4],"tags":[246,7285,7286,1941,7284,5890,7288,4673,7287,7289,7283],"class_list":["post-13907","post","type-post","status-publish","format-standard","has-post-thumbnail","hentry","category-lanzamientos","category-motos","tag-grupo-simpa","tag-ktm-390-argentina","tag-ktm-690","tag-ktm-argentina","tag-ktm-mattighofen","tag-motos-adventure","tag-motos-enduro","tag-planta-campana","tag-preventa-ktm","tag-produccion-ktm","tag-reactivacion-ktm"],"yoast_head":"<!-- This site is optimized with the Yoast SEO plugin v27.5 - https:\/\/yoast.com\/product\/yoast-seo-wordpress\/ -->\n<title>KTM reactiva producci\u00f3n, llegan nuevos modelos al pa\u00eds -<\/title>\n<meta name=\"description\" content=\"La incertidumbre global que rodeaba a KTM AG lleg\u00f3 a su fin. La casa matriz en Austria anunci\u00f3 la reapertura total de su planta industrial...\" \/>\n<meta name=\"robots\" content=\"index, follow, max-snippet:-1, max-image-preview:large, max-video-preview:-1\" \/>\n<link rel=\"canonical\" href=\"https:\/\/autofans.com.ar\/index.php\/2025\/08\/29\/ktm-reactiva-produccion-llegan-nuevos-modelos-al-pais\/\" \/>\n<meta property=\"og:locale\" content=\"es_ES\" \/>\n<meta property=\"og:type\" content=\"article\" \/>\n<meta property=\"og:title\" content=\"KTM reactiva producci\u00f3n, llegan nuevos modelos al pa\u00eds -\" \/>\n<meta property=\"og:description\" content=\"La incertidumbre global que rodeaba a KTM AG lleg\u00f3 a su fin. La casa matriz en Austria anunci\u00f3 la reapertura total de su planta industrial...\" \/>\n<meta property=\"og:url\" content=\"https:\/\/autofans.com.ar\/index.php\/2025\/08\/29\/ktm-reactiva-produccion-llegan-nuevos-modelos-al-pais\/\" \/>\n<meta property=\"article:published_time\" content=\"2025-08-29T19:39:20+00:00\" \/>\n<meta property=\"og:image\" content=\"https:\/\/autofans.com.ar\/wp-content\/uploads\/2025\/08\/ktm-1-1.jpg\" \/>\n\t<meta property=\"og:image:width\" content=\"1000\" \/>\n\t<meta property=\"og:image:height\" content=\"667\" \/>\n\t<meta property=\"og:image:type\" content=\"image\/jpeg\" \/>\n<meta name=\"author\" content=\"Alejandro Gabriel Rosito\" \/>\n<meta name=\"twitter:card\" content=\"summary_large_image\" \/>\n<meta name=\"twitter:label1\" content=\"Escrito por\" \/>\n\t<meta name=\"twitter:data1\" content=\"Alejandro Gabriel Rosito\" \/>\n\t<meta name=\"twitter:label2\" content=\"Tiempo de lectura\" \/>\n\t<meta name=\"twitter:data2\" content=\"3 minutos\" \/>\n<script type=\"application\/ld+json\" class=\"yoast-schema-graph\">{\"@context\":\"https:\\\/\\\/schema.org\",\"@graph\":[{\"@type\":\"Article\",\"@id\":\"https:\\\/\\\/autofans.com.ar\\\/index.php\\\/2025\\\/08\\\/29\\\/ktm-reactiva-produccion-llegan-nuevos-modelos-al-pais\\\/#article\",\"isPartOf\":{\"@id\":\"https:\\\/\\\/autofans.com.ar\\\/index.php\\\/2025\\\/08\\\/29\\\/ktm-reactiva-produccion-llegan-nuevos-modelos-al-pais\\\/\"},\"author\":{\"name\":\"Alejandro Gabriel Rosito\",\"@id\":\"https:\\\/\\\/autofans.com.ar\\\/#\\\/schema\\\/person\\\/4a8dda0b6df83ac3d6723e921274c2aa\"},\"headline\":\"KTM reactiva producci\u00f3n, llegan nuevos modelos al pa\u00eds\",\"datePublished\":\"2025-08-29T19:39:20+00:00\",\"mainEntityOfPage\":{\"@id\":\"https:\\\/\\\/autofans.com.ar\\\/index.php\\\/2025\\\/08\\\/29\\\/ktm-reactiva-produccion-llegan-nuevos-modelos-al-pais\\\/\"},\"wordCount\":679,\"image\":{\"@id\":\"https:\\\/\\\/autofans.com.ar\\\/index.php\\\/2025\\\/08\\\/29\\\/ktm-reactiva-produccion-llegan-nuevos-modelos-al-pais\\\/#primaryimage\"},\"thumbnailUrl\":\"https:\\\/\\\/autofans.com.ar\\\/wp-content\\\/uploads\\\/2025\\\/08\\\/ktm-1-1.jpg\",\"keywords\":[\"Grupo Simpa\",\"KTM 390 Argentina\",\"KTM 690\",\"KTM Argentina\",\"KTM Mattighofen\",\"motos adventure\",\"motos enduro\",\"planta Campana\",\"preventa KTM\",\"producci\u00f3n KTM\",\"reactivaci\u00f3n KTM\"],\"articleSection\":[\"LANZAMIENTOS\",\"MOTOS\"],\"inLanguage\":\"es\"},{\"@type\":\"WebPage\",\"@id\":\"https:\\\/\\\/autofans.com.ar\\\/index.php\\\/2025\\\/08\\\/29\\\/ktm-reactiva-produccion-llegan-nuevos-modelos-al-pais\\\/\",\"url\":\"https:\\\/\\\/autofans.com.ar\\\/index.php\\\/2025\\\/08\\\/29\\\/ktm-reactiva-produccion-llegan-nuevos-modelos-al-pais\\\/\",\"name\":\"KTM reactiva producci\u00f3n, llegan nuevos modelos al pa\u00eds -\",\"isPartOf\":{\"@id\":\"https:\\\/\\\/autofans.com.ar\\\/#website\"},\"primaryImageOfPage\":{\"@id\":\"https:\\\/\\\/autofans.com.ar\\\/index.php\\\/2025\\\/08\\\/29\\\/ktm-reactiva-produccion-llegan-nuevos-modelos-al-pais\\\/#primaryimage\"},\"image\":{\"@id\":\"https:\\\/\\\/autofans.com.ar\\\/index.php\\\/2025\\\/08\\\/29\\\/ktm-reactiva-produccion-llegan-nuevos-modelos-al-pais\\\/#primaryimage\"},\"thumbnailUrl\":\"https:\\\/\\\/autofans.com.ar\\\/wp-content\\\/uploads\\\/2025\\\/08\\\/ktm-1-1.jpg\",\"datePublished\":\"2025-08-29T19:39:20+00:00\",\"author\":{\"@id\":\"https:\\\/\\\/autofans.com.ar\\\/#\\\/schema\\\/person\\\/4a8dda0b6df83ac3d6723e921274c2aa\"},\"description\":\"La incertidumbre global que rodeaba a KTM AG lleg\u00f3 a su fin. La casa matriz en Austria anunci\u00f3 la reapertura total de su planta industrial...\",\"breadcrumb\":{\"@id\":\"https:\\\/\\\/autofans.com.ar\\\/index.php\\\/2025\\\/08\\\/29\\\/ktm-reactiva-produccion-llegan-nuevos-modelos-al-pais\\\/#breadcrumb\"},\"inLanguage\":\"es\",\"potentialAction\":[{\"@type\":\"ReadAction\",\"target\":[\"https:\\\/\\\/autofans.com.ar\\\/index.php\\\/2025\\\/08\\\/29\\\/ktm-reactiva-produccion-llegan-nuevos-modelos-al-pais\\\/\"]}]},{\"@type\":\"ImageObject\",\"inLanguage\":\"es\",\"@id\":\"https:\\\/\\\/autofans.com.ar\\\/index.php\\\/2025\\\/08\\\/29\\\/ktm-reactiva-produccion-llegan-nuevos-modelos-al-pais\\\/#primaryimage\",\"url\":\"https:\\\/\\\/autofans.com.ar\\\/wp-content\\\/uploads\\\/2025\\\/08\\\/ktm-1-1.jpg\",\"contentUrl\":\"https:\\\/\\\/autofans.com.ar\\\/wp-content\\\/uploads\\\/2025\\\/08\\\/ktm-1-1.jpg\",\"width\":1000,\"height\":667,\"caption\":\"KTM\"},{\"@type\":\"BreadcrumbList\",\"@id\":\"https:\\\/\\\/autofans.com.ar\\\/index.php\\\/2025\\\/08\\\/29\\\/ktm-reactiva-produccion-llegan-nuevos-modelos-al-pais\\\/#breadcrumb\",\"itemListElement\":[{\"@type\":\"ListItem\",\"position\":1,\"name\":\"Inicio\",\"item\":\"https:\\\/\\\/autofans.com.ar\\\/\"},{\"@type\":\"ListItem\",\"position\":2,\"name\":\"KTM reactiva producci\u00f3n, llegan nuevos modelos al pa\u00eds\"}]},{\"@type\":\"WebSite\",\"@id\":\"https:\\\/\\\/autofans.com.ar\\\/#website\",\"url\":\"https:\\\/\\\/autofans.com.ar\\\/\",\"name\":\"\",\"description\":\"El multimedio referente de la industria automotriz\",\"potentialAction\":[{\"@type\":\"SearchAction\",\"target\":{\"@type\":\"EntryPoint\",\"urlTemplate\":\"https:\\\/\\\/autofans.com.ar\\\/?s={search_term_string}\"},\"query-input\":{\"@type\":\"PropertyValueSpecification\",\"valueRequired\":true,\"valueName\":\"search_term_string\"}}],\"inLanguage\":\"es\"},{\"@type\":\"Person\",\"@id\":\"https:\\\/\\\/autofans.com.ar\\\/#\\\/schema\\\/person\\\/4a8dda0b6df83ac3d6723e921274c2aa\",\"name\":\"Alejandro Gabriel Rosito\",\"image\":{\"@type\":\"ImageObject\",\"inLanguage\":\"es\",\"@id\":\"https:\\\/\\\/secure.gravatar.com\\\/avatar\\\/16c5dda1489adfc62618084dcbb91cffd879c374b13fe5dd8e44ed6733852c88?s=96&d=mm&r=g\",\"url\":\"https:\\\/\\\/secure.gravatar.com\\\/avatar\\\/16c5dda1489adfc62618084dcbb91cffd879c374b13fe5dd8e44ed6733852c88?s=96&d=mm&r=g\",\"contentUrl\":\"https:\\\/\\\/secure.gravatar.com\\\/avatar\\\/16c5dda1489adfc62618084dcbb91cffd879c374b13fe5dd8e44ed6733852c88?s=96&d=mm&r=g\",\"caption\":\"Alejandro Gabriel Rosito\"},\"url\":\"https:\\\/\\\/autofans.com.ar\\\/index.php\\\/author\\\/gabrielr\\\/\"}]}<\/script>\n<!-- \/ Yoast SEO plugin. -->","yoast_head_json":{"title":"KTM reactiva producci\u00f3n, llegan nuevos modelos al pa\u00eds -","description":"La incertidumbre global que rodeaba a KTM AG lleg\u00f3 a su fin. La casa matriz en Austria anunci\u00f3 la reapertura total de su planta industrial...","robots":{"index":"index","follow":"follow","max-snippet":"max-snippet:-1","max-image-preview":"max-image-preview:large","max-video-preview":"max-video-preview:-1"},"canonical":"https:\/\/autofans.com.ar\/index.php\/2025\/08\/29\/ktm-reactiva-produccion-llegan-nuevos-modelos-al-pais\/","og_locale":"es_ES","og_type":"article","og_title":"KTM reactiva producci\u00f3n, llegan nuevos modelos al pa\u00eds -","og_description":"La incertidumbre global que rodeaba a KTM AG lleg\u00f3 a su fin. La casa matriz en Austria anunci\u00f3 la reapertura total de su planta industrial...","og_url":"https:\/\/autofans.com.ar\/index.php\/2025\/08\/29\/ktm-reactiva-produccion-llegan-nuevos-modelos-al-pais\/","article_published_time":"2025-08-29T19:39:20+00:00","og_image":[{"width":1000,"height":667,"url":"https:\/\/autofans.com.ar\/wp-content\/uploads\/2025\/08\/ktm-1-1.jpg","type":"image\/jpeg"}],"author":"Alejandro Gabriel Rosito","twitter_card":"summary_large_image","twitter_misc":{"Escrito por":"Alejandro Gabriel Rosito","Tiempo de lectura":"3 minutos"},"schema":{"@context":"https:\/\/schema.org","@graph":[{"@type":"Article","@id":"https:\/\/autofans.com.ar\/index.php\/2025\/08\/29\/ktm-reactiva-produccion-llegan-nuevos-modelos-al-pais\/#article","isPartOf":{"@id":"https:\/\/autofans.com.ar\/index.php\/2025\/08\/29\/ktm-reactiva-produccion-llegan-nuevos-modelos-al-pais\/"},"author":{"name":"Alejandro Gabriel Rosito","@id":"https:\/\/autofans.com.ar\/#\/schema\/person\/4a8dda0b6df83ac3d6723e921274c2aa"},"headline":"KTM reactiva producci\u00f3n, llegan nuevos modelos al pa\u00eds","datePublished":"2025-08-29T19:39:20+00:00","mainEntityOfPage":{"@id":"https:\/\/autofans.com.ar\/index.php\/2025\/08\/29\/ktm-reactiva-produccion-llegan-nuevos-modelos-al-pais\/"},"wordCount":679,"image":{"@id":"https:\/\/autofans.com.ar\/index.php\/2025\/08\/29\/ktm-reactiva-produccion-llegan-nuevos-modelos-al-pais\/#primaryimage"},"thumbnailUrl":"https:\/\/autofans.com.ar\/wp-content\/uploads\/2025\/08\/ktm-1-1.jpg","keywords":["Grupo Simpa","KTM 390 Argentina","KTM 690","KTM Argentina","KTM Mattighofen","motos adventure","motos enduro","planta Campana","preventa KTM","producci\u00f3n KTM","reactivaci\u00f3n KTM"],"articleSection":["LANZAMIENTOS","MOTOS"],"inLanguage":"es"},{"@type":"WebPage","@id":"https:\/\/autofans.com.ar\/index.php\/2025\/08\/29\/ktm-reactiva-produccion-llegan-nuevos-modelos-al-pais\/","url":"https:\/\/autofans.com.ar\/index.php\/2025\/08\/29\/ktm-reactiva-produccion-llegan-nuevos-modelos-al-pais\/","name":"KTM reactiva producci\u00f3n, llegan nuevos modelos al pa\u00eds -","isPartOf":{"@id":"https:\/\/autofans.com.ar\/#website"},"primaryImageOfPage":{"@id":"https:\/\/autofans.com.ar\/index.php\/2025\/08\/29\/ktm-reactiva-produccion-llegan-nuevos-modelos-al-pais\/#primaryimage"},"image":{"@id":"https:\/\/autofans.com.ar\/index.php\/2025\/08\/29\/ktm-reactiva-produccion-llegan-nuevos-modelos-al-pais\/#primaryimage"},"thumbnailUrl":"https:\/\/autofans.com.ar\/wp-content\/uploads\/2025\/08\/ktm-1-1.jpg","datePublished":"2025-08-29T19:39:20+00:00","author":{"@id":"https:\/\/autofans.com.ar\/#\/schema\/person\/4a8dda0b6df83ac3d6723e921274c2aa"},"description":"La incertidumbre global que rodeaba a KTM AG lleg\u00f3 a su fin. La casa matriz en Austria anunci\u00f3 la reapertura total de su planta industrial...","breadcrumb":{"@id":"https:\/\/autofans.com.ar\/index.php\/2025\/08\/29\/ktm-reactiva-produccion-llegan-nuevos-modelos-al-pais\/#breadcrumb"},"inLanguage":"es","potentialAction":[{"@type":"ReadAction","target":["https:\/\/autofans.com.ar\/index.php\/2025\/08\/29\/ktm-reactiva-produccion-llegan-nuevos-modelos-al-pais\/"]}]},{"@type":"ImageObject","inLanguage":"es","@id":"https:\/\/autofans.com.ar\/index.php\/2025\/08\/29\/ktm-reactiva-produccion-llegan-nuevos-modelos-al-pais\/#primaryimage","url":"https:\/\/autofans.com.ar\/wp-content\/uploads\/2025\/08\/ktm-1-1.jpg","contentUrl":"https:\/\/autofans.com.ar\/wp-content\/uploads\/2025\/08\/ktm-1-1.jpg","width":1000,"height":667,"caption":"KTM"},{"@type":"BreadcrumbList","@id":"https:\/\/autofans.com.ar\/index.php\/2025\/08\/29\/ktm-reactiva-produccion-llegan-nuevos-modelos-al-pais\/#breadcrumb","itemListElement":[{"@type":"ListItem","position":1,"name":"Inicio","item":"https:\/\/autofans.com.ar\/"},{"@type":"ListItem","position":2,"name":"KTM reactiva producci\u00f3n, llegan nuevos modelos al pa\u00eds"}]},{"@type":"WebSite","@id":"https:\/\/autofans.com.ar\/#website","url":"https:\/\/autofans.com.ar\/","name":"","description":"El multimedio referente de la industria automotriz","potentialAction":[{"@type":"SearchAction","target":{"@type":"EntryPoint","urlTemplate":"https:\/\/autofans.com.ar\/?s={search_term_string}"},"query-input":{"@type":"PropertyValueSpecification","valueRequired":true,"valueName":"search_term_string"}}],"inLanguage":"es"},{"@type":"Person","@id":"https:\/\/autofans.com.ar\/#\/schema\/person\/4a8dda0b6df83ac3d6723e921274c2aa","name":"Alejandro Gabriel Rosito","image":{"@type":"ImageObject","inLanguage":"es","@id":"https:\/\/secure.gravatar.com\/avatar\/16c5dda1489adfc62618084dcbb91cffd879c374b13fe5dd8e44ed6733852c88?s=96&d=mm&r=g","url":"https:\/\/secure.gravatar.com\/avatar\/16c5dda1489adfc62618084dcbb91cffd879c374b13fe5dd8e44ed6733852c88?s=96&d=mm&r=g","contentUrl":"https:\/\/secure.gravatar.com\/avatar\/16c5dda1489adfc62618084dcbb91cffd879c374b13fe5dd8e44ed6733852c88?s=96&d=mm&r=g","caption":"Alejandro Gabriel Rosito"},"url":"https:\/\/autofans.com.ar\/index.php\/author\/gabrielr\/"}]}},"featured_image_urls":{"full":["https:\/\/autofans.com.ar\/wp-content\/uploads\/2025\/08\/ktm-1-1.jpg",1000,667,false],"thumbnail":["https:\/\/autofans.com.ar\/wp-content\/uploads\/2025\/08\/ktm-1-1-150x150.jpg",150,150,true],"medium":["https:\/\/autofans.com.ar\/wp-content\/uploads\/2025\/08\/ktm-1-1-300x200.jpg",300,200,true],"medium_large":["https:\/\/autofans.com.ar\/wp-content\/uploads\/2025\/08\/ktm-1-1-768x512.jpg",640,427,true],"large":["https:\/\/autofans.com.ar\/wp-content\/uploads\/2025\/08\/ktm-1-1.jpg",640,427,false],"1536x1536":["https:\/\/autofans.com.ar\/wp-content\/uploads\/2025\/08\/ktm-1-1.jpg",1000,667,false],"2048x2048":["https:\/\/autofans.com.ar\/wp-content\/uploads\/2025\/08\/ktm-1-1.jpg",1000,667,false],"covernews-featured":["https:\/\/autofans.com.ar\/wp-content\/uploads\/2025\/08\/ktm-1-1.jpg",1000,667,false],"covernews-medium":["https:\/\/autofans.com.ar\/wp-content\/uploads\/2025\/08\/ktm-1-1-540x340.jpg",540,340,true]},"author_info":{"display_name":"Alejandro Gabriel Rosito","author_link":"https:\/\/autofans.com.ar\/index.php\/author\/gabrielr\/"},"category_info":"<a href=\"https:\/\/autofans.com.ar\/index.php\/category\/lanzamientos\/\" rel=\"category tag\">LANZAMIENTOS<\/a> <a href=\"https:\/\/autofans.com.ar\/index.php\/category\/noticias\/motos\/\" rel=\"category tag\">MOTOS<\/a>","tag_info":"MOTOS","comment_count":0,"_links":{"self":[{"href":"https:\/\/autofans.com.ar\/index.php\/wp-json\/wp\/v2\/posts\/13907","targetHints":{"allow":["GET"]}}],"collection":[{"href":"https:\/\/autofans.com.ar\/index.php\/wp-json\/wp\/v2\/posts"}],"about":[{"href":"https:\/\/autofans.com.ar\/index.php\/wp-json\/wp\/v2\/types\/post"}],"author":[{"embeddable":true,"href":"https:\/\/autofans.com.ar\/index.php\/wp-json\/wp\/v2\/users\/2"}],"replies":[{"embeddable":true,"href":"https:\/\/autofans.com.ar\/index.php\/wp-json\/wp\/v2\/comments?post=13907"}],"version-history":[{"count":1,"href":"https:\/\/autofans.com.ar\/index.php\/wp-json\/wp\/v2\/posts\/13907\/revisions"}],"predecessor-version":[{"id":13914,"href":"https:\/\/autofans.com.ar\/index.php\/wp-json\/wp\/v2\/posts\/13907\/revisions\/13914"}],"wp:featuredmedia":[{"embeddable":true,"href":"https:\/\/autofans.com.ar\/index.php\/wp-json\/wp\/v2\/media\/13913"}],"wp:attachment":[{"href":"https:\/\/autofans.com.ar\/index.php\/wp-json\/wp\/v2\/media?parent=13907"}],"wp:term":[{"taxonomy":"category","embeddable":true,"href":"https:\/\/autofans.com.ar\/index.php\/wp-json\/wp\/v2\/categories?post=13907"},{"taxonomy":"post_tag","embeddable":true,"href":"https:\/\/autofans.com.ar\/index.php\/wp-json\/wp\/v2\/tags?post=13907"}],"curies":[{"name":"wp","href":"https:\/\/api.w.org\/{rel}","templated":true}]}}